{"id":9175,"date":"2023-03-29T09:19:32","date_gmt":"2023-03-29T09:19:32","guid":{"rendered":"https:\/\/clinicacemeq.es\/estetica\/?p=9175"},"modified":"2024-06-25T15:15:35","modified_gmt":"2024-06-25T15:15:35","slug":"ejercicio-tras-el-balon-gastrico","status":"publish","type":"post","link":"https:\/\/clinicacemeq.es\/estetica\/2023\/03\/29\/ejercicio-tras-el-balon-gastrico\/","title":{"rendered":"Ejercicio tras el bal\u00f3n g\u00e1strico"},"content":{"rendered":"\n\n<div class=\"kk-star-ratings kksr-auto kksr-align-left kksr-valign-top\"\n    data-payload='{&quot;align&quot;:&quot;left&quot;,&quot;id&quot;:&quot;9175&quot;,&quot;slug&quot;:&quot;default&quot;,&quot;valign&quot;:&quot;top&quot;,&quot;ignore&quot;:&quot;&quot;,&quot;reference&quot;:&quot;auto&quot;,&quot;class&quot;:&quot;&quot;,&quot;count&quot;:&quot;0&quot;,&quot;legendonly&quot;:&quot;&quot;,&quot;readonly&quot;:&quot;&quot;,&quot;score&quot;:&quot;0&quot;,&quot;starsonly&quot;:&quot;&quot;,&quot;best&quot;:&quot;5&quot;,&quot;gap&quot;:&quot;5&quot;,&quot;greet&quot;:&quot;Valora esta publicaci\u00f3n \ud83d\ude09&quot;,&quot;legend&quot;:&quot;0\\\/5 - (0 votos)&quot;,&quot;size&quot;:&quot;24&quot;,&quot;title&quot;:&quot;Ejercicio tras el bal\u00f3n g\u00e1strico&quot;,&quot;width&quot;:&quot;0&quot;,&quot;_legend&quot;:&quot;{score}\\\/{best} - ({count} {votes})&quot;,&quot;font_factor&quot;:&quot;1.25&quot;}'>\n            \n<div class=\"kksr-stars\">\n    \n<div class=\"kksr-stars-inactive\">\n            <div class=\"kksr-star\" data-star=\"1\" style=\"padding-right: 5px\">\n            \n\n<div class=\"kksr-icon\" style=\"width: 24px; height: 24px;\"><\/div>\n        <\/div>\n            <div class=\"kksr-star\" data-star=\"2\" style=\"padding-right: 5px\">\n            \n\n<div class=\"kksr-icon\" style=\"width: 24px; height: 24px;\"><\/div>\n        <\/div>\n            <div class=\"kksr-star\" data-star=\"3\" style=\"padding-right: 5px\">\n            \n\n<div class=\"kksr-icon\" style=\"width: 24px; height: 24px;\"><\/div>\n        <\/div>\n            <div class=\"kksr-star\" data-star=\"4\" style=\"padding-right: 5px\">\n            \n\n<div class=\"kksr-icon\" style=\"width: 24px; height: 24px;\"><\/div>\n        <\/div>\n            <div class=\"kksr-star\" data-star=\"5\" style=\"padding-right: 5px\">\n            \n\n<div class=\"kksr-icon\" style=\"width: 24px; height: 24px;\"><\/div>\n        <\/div>\n    <\/div>\n    \n<div class=\"kksr-stars-active\" style=\"width: 0px;\">\n            <div class=\"kksr-star\" style=\"padding-right: 5px\">\n            \n\n<div class=\"kksr-icon\" style=\"width: 24px; height: 24px;\"><\/div>\n        <\/div>\n            <div class=\"kksr-star\" style=\"padding-right: 5px\">\n            \n\n<div class=\"kksr-icon\" style=\"width: 24px; height: 24px;\"><\/div>\n        <\/div>\n            <div class=\"kksr-star\" style=\"padding-right: 5px\">\n            \n\n<div class=\"kksr-icon\" style=\"width: 24px; height: 24px;\"><\/div>\n        <\/div>\n            <div class=\"kksr-star\" style=\"padding-right: 5px\">\n            \n\n<div class=\"kksr-icon\" style=\"width: 24px; height: 24px;\"><\/div>\n        <\/div>\n            <div class=\"kksr-star\" style=\"padding-right: 5px\">\n            \n\n<div class=\"kksr-icon\" style=\"width: 24px; height: 24px;\"><\/div>\n        <\/div>\n    <\/div>\n<\/div>\n                \n\n<div class=\"kksr-legend\" style=\"font-size: 19.2px;\">\n            <span class=\"kksr-muted\">Valora esta publicaci\u00f3n \ud83d\ude09<\/span>\n    <\/div>\n    <\/div>\n<p>El<strong> bal\u00f3n g\u00e1strico<\/strong> es un tratamiento de p\u00e9rdida de peso temporal, por lo que es importante que adoptes h\u00e1bitos saludables de alimentaci\u00f3n y ejercicio durante el tratamiento y durante los pr\u00f3ximos meses.<br \/>\nRecordemos que no es un tratamiento de perdida de peso definitivo, por lo que de ti depender\u00e1 trabajar hacia tu peso ideal, sean cuatro meses de tratamiento, como un <strong>bal\u00f3n g\u00e1strico ingerible<\/strong> o un<strong> bal\u00f3n intrag\u00e1strico<\/strong> de seis meses o doce meses.<br \/>\nMantener una dieta saludable, mientras incorporas ejercicio f\u00edsico te mantendr\u00e1 activo y lograr\u00e1s una p\u00e9rdida de peso m\u00e1s definida.<\/p>\n<h2>\u00bfC\u00f3mo funciona el bal\u00f3n g\u00e1strico para perder peso?<\/h2>\n<p>El<a href=\"https:\/\/clinicacemeq.es\/estetica\/2023\/02\/02\/balon-gastrico-que-es-tipos-y-precio\/\"><strong> bal\u00f3n g\u00e1strico<\/strong><\/a> es un tratamiento de perdida de peso que puede ayudar a los pacientes a conseguir sus objetivos de forma temporal. Junto con un equipo m\u00e9dico y nutricional deber\u00e1 seguir unas pautas de alimentaci\u00f3n y ejercicio para mantener un peso ideal.<\/p>\n<p>El<strong> bal\u00f3n intrag\u00e1strico<\/strong> de 6 o 12 meses es un dispositivo de silicona flexible que se inserta endosc\u00f3picamente en el est\u00f3mago y se llena con soluci\u00f3n salina.\u00a0 Este tipo de bal\u00f3n es ideal en pacientes con sobrepeso que <strong>quieren adelgazar y no quieren someterse a una cirug\u00eda complicada.<\/strong><\/p>\n<p>Si se trata del<a href=\"https:\/\/clinicacemeq.es\/estetica\/2023\/02\/02\/balon-gastrico-que-es-tipos-y-precio\/\"><strong> bal\u00f3n g\u00e1strico ingerible<\/strong><\/a> <strong>no requiere cirug\u00eda, endoscopia o anestesia para su colocaci\u00f3n y extracci\u00f3n.<\/strong> La duraci\u00f3n de todo el procedimiento es de 20-30 minutos, durante los cuales el paciente ingiere una peque\u00f1a c\u00e1psula que contiene un globo desinflado que, una vez en el est\u00f3mago, se llena de l\u00edquido que ocupa la mayor parte del volumen del est\u00f3mago. Despu\u00e9s de 4 meses, la bolsa g\u00e1strica se vaciar\u00e1 por s\u00ed sola y saldr\u00e1 del cuerpo de forma natural.<\/p>\n<p>&nbsp;<\/p>\n<h2>\u00bfCu\u00e1ndo puedo empezar a hacer ejercicio con el bal\u00f3n g\u00e1strico?<\/h2>\n<p>Despu\u00e9s de la colocaci\u00f3n del<strong> bal\u00f3n g\u00e1strico,<\/strong> debes esperar al menos una semana antes de comenzar su rutina diaria de ejercicios. Es posible que su est\u00f3mago tarde un tiempo en adaptarse, as\u00ed que recomendamos<strong> comenzar con ejercicios de baja intensidad<\/strong> cuando se sienta en forma.<\/p>\n<h2>\u00bfCu\u00e1nto ejercicio es recomendable?<\/h2>\n<p>Si antes de la colocaci\u00f3n del<a href=\"https:\/\/clinicacemeq.es\/estetica\/2023\/02\/02\/balon-gastrico-que-es-tipos-y-precio\/\"><strong> bal\u00f3n g\u00e1strico<\/strong><\/a> no segu\u00edas ninguna rutina de ejercicios, debes comenzar con ejercicios ligeros y aumentar la intensidad con el tiempo. Si comienza intensamente desde el principio, puede perjudicarse retrasando la p\u00e9rdida de peso.<\/p>\n<p>La clave es<strong> encontrar ejercicios que te motiven.<\/strong> Puedes empezar por caminar o andar en bicicleta, que puedes incorporar a tu vida sin gran esfuerzo, pero que disfrutas y te dan satisfacciones. Trascurridas las primeras 4 semanas se recomienda incluir a la rutina ejercicios de musculaci\u00f3n.<\/p>\n<p>Se aumentar\u00e1 la intensidad hasta que puedas hacer ejercicio aer\u00f3bico cinco d\u00edas a la semana durante media hora a una hora.<br \/>\nLa intensidad aumentar\u00e1 con el tiempo, as\u00ed que no olvides que quemar\u00e1s m\u00e1s calor\u00edas y perder\u00e1s m\u00e1s agua. Por eso no puedes olvidarte de mantenerte hidratado antes, durante y despu\u00e9s de cada entrenamiento.<\/p>\n<h2>Beneficios del ejercicio con el bal\u00f3n g\u00e1strico<\/h2>\n<p>Adem\u00e1s de ayudar a<strong> recuperar la agilidad, perder peso m\u00e1s f\u00e1cilmente y mejorar la capacidad cardiovascular y respiratoria,<\/strong> la actividad f\u00edsica continua durante y despu\u00e9s de la extracci\u00f3n del bal\u00f3n g\u00e1strico puede brindar <strong>una mejor salud mental, controlar la presi\u00f3n arterial alta y reducir los niveles de colesterol.<\/strong><br \/>\nLa movilidad, el ejercicio y, finalmente, algo de actividad f\u00edsica regular son fundamentales para la p\u00e9rdida de peso y la salud a largo plazo en pacientes con el bal\u00f3n g\u00e1strico.<\/p>\n<h2>CEMEQ: Especialistas en bal\u00f3n g\u00e1strico en Alicante y Valencia<\/h2>\n<p>En nuestra <a href=\"https:\/\/clinicacemeq.es\/estetica\/clinica-estetica-valencia\/\"><strong>cl\u00ednica est\u00e9tica<\/strong> <\/a>contamos con el mejor<a href=\"https:\/\/clinicacemeq.es\/estetica\/2023\/02\/02\/balon-gastrico-que-es-tipos-y-precio\/\"><strong> precio del bal\u00f3n g\u00e1strico<\/strong> <\/a>y con especialistas en tratamientos de perdida de peso. Si tienes alguna duda sobre el procedimiento, puedes contactar con nosotros. Recupera tu peso con CEMEQ.<\/p>\n","protected":false},"excerpt":{"rendered":"<p>El bal\u00f3n g\u00e1strico es un tratamiento de p\u00e9rdida de peso temporal, por lo que es importante que adoptes h\u00e1bitos saludables de alimentaci\u00f3n y ejercicio durante el tratamiento y durante los pr\u00f3ximos meses. Recordemos que no es un tratamiento de perdida de peso definitivo, por lo que de ti depender\u00e1 trabajar hacia tu peso ideal, sean [&#8230;]\n","protected":false},"author":2,"featured_media":9177,"comment_status":"closed","ping_status":"closed","sticky":false,"template":"","format":"standard","meta":{"footnotes":""},"categories":[1],"tags":[],"yoast_head":"<!-- This site is optimized with the Yoast SEO Premium plugin v18.3 (Yoast SEO v24.5) - https:\/\/yoast.com\/wordpress\/plugins\/seo\/ -->\n<title>Ejercicio tras el bal\u00f3n g\u00e1strico - Cl\u00ednica Est\u00e9tica CEMEQ<\/title>\n<meta name=\"description\" content=\"La movilidad y el ejercicio son fundamentales para la p\u00e9rdida de peso y la salud a largo plazo en pacientes con bal\u00f3n g\u00e1strico\" \/>\n<meta name=\"robots\" content=\"index, follow, max-snippet:-1, max-image-preview:large, max-video-preview:-1\" \/>\n<link rel=\"canonical\" href=\"https:\/\/clinicacemeq.es\/estetica\/2023\/03\/29\/ejercicio-tras-el-balon-gastrico\/\" \/>\n<meta property=\"og:locale\" content=\"es_ES\" \/>\n<meta property=\"og:type\" content=\"article\" \/>\n<meta property=\"og:title\" content=\"Ejercicio tras el bal\u00f3n g\u00e1strico\" \/>\n<meta property=\"og:description\" content=\"La movilidad y el ejercicio son fundamentales para la p\u00e9rdida de peso y la salud a largo plazo en pacientes con bal\u00f3n g\u00e1strico\" \/>\n<meta property=\"og:url\" content=\"https:\/\/clinicacemeq.es\/estetica\/2023\/03\/29\/ejercicio-tras-el-balon-gastrico\/\" \/>\n<meta property=\"og:site_name\" content=\"Cl\u00ednica Est\u00e9tica CEMEQ\" \/>\n<meta property=\"article:published_time\" content=\"2023-03-29T09:19:32+00:00\" \/>\n<meta property=\"article:modified_time\" content=\"2024-06-25T15:15:35+00:00\" \/>\n<meta property=\"og:image\" content=\"https:\/\/clinicacemeq.es\/estetica\/wp-content\/uploads\/2023\/03\/EJERCICIO-TRAS-EL-BALON-GASTRICO.jpg\" \/>\n\t<meta property=\"og:image:width\" content=\"600\" \/>\n\t<meta property=\"og:image:height\" content=\"400\" \/>\n\t<meta property=\"og:image:type\" content=\"image\/jpeg\" \/>\n<meta name=\"author\" content=\"Federico Mahiques\" \/>\n<meta name=\"twitter:card\" content=\"summary_large_image\" \/>\n<meta name=\"twitter:label1\" content=\"Escrito por\" \/>\n\t<meta name=\"twitter:data1\" content=\"Federico Mahiques\" \/>\n\t<meta name=\"twitter:label2\" content=\"Tiempo de lectura\" \/>\n\t<meta name=\"twitter:data2\" content=\"3 minutos\" \/>\n<script type=\"application\/ld+json\" class=\"yoast-schema-graph\">{\"@context\":\"https:\/\/schema.org\",\"@graph\":[{\"@type\":[\"WebPage\",\"ItemPage\"],\"@id\":\"https:\/\/clinicacemeq.es\/estetica\/2023\/03\/29\/ejercicio-tras-el-balon-gastrico\/\",\"url\":\"https:\/\/clinicacemeq.es\/estetica\/2023\/03\/29\/ejercicio-tras-el-balon-gastrico\/\",\"name\":\"Ejercicio tras el bal\u00f3n g\u00e1strico - Cl\u00ednica Est\u00e9tica CEMEQ\",\"isPartOf\":{\"@id\":\"https:\/\/clinicacemeq.es\/estetica\/#website\"},\"primaryImageOfPage\":{\"@id\":\"https:\/\/clinicacemeq.es\/estetica\/2023\/03\/29\/ejercicio-tras-el-balon-gastrico\/#primaryimage\"},\"image\":{\"@id\":\"https:\/\/clinicacemeq.es\/estetica\/2023\/03\/29\/ejercicio-tras-el-balon-gastrico\/#primaryimage\"},\"thumbnailUrl\":\"https:\/\/clinicacemeq.es\/estetica\/wp-content\/uploads\/2023\/03\/EJERCICIO-TRAS-EL-BALON-GASTRICO.jpg\",\"datePublished\":\"2023-03-29T09:19:32+00:00\",\"dateModified\":\"2024-06-25T15:15:35+00:00\",\"author\":{\"@id\":\"https:\/\/clinicacemeq.es\/estetica\/#\/schema\/person\/970b971cfb22127a85928078e5d97fcf\"},\"description\":\"La movilidad y el ejercicio son fundamentales para la p\u00e9rdida de peso y la salud a largo plazo en pacientes con bal\u00f3n g\u00e1strico\",\"breadcrumb\":{\"@id\":\"https:\/\/clinicacemeq.es\/estetica\/2023\/03\/29\/ejercicio-tras-el-balon-gastrico\/#breadcrumb\"},\"inLanguage\":\"es\",\"potentialAction\":[{\"@type\":\"ReadAction\",\"target\":[\"https:\/\/clinicacemeq.es\/estetica\/2023\/03\/29\/ejercicio-tras-el-balon-gastrico\/\"]}]},{\"@type\":\"ImageObject\",\"inLanguage\":\"es\",\"@id\":\"https:\/\/clinicacemeq.es\/estetica\/2023\/03\/29\/ejercicio-tras-el-balon-gastrico\/#primaryimage\",\"url\":\"https:\/\/clinicacemeq.es\/estetica\/wp-content\/uploads\/2023\/03\/EJERCICIO-TRAS-EL-BALON-GASTRICO.jpg\",\"contentUrl\":\"https:\/\/clinicacemeq.es\/estetica\/wp-content\/uploads\/2023\/03\/EJERCICIO-TRAS-EL-BALON-GASTRICO.jpg\",\"width\":600,\"height\":400,\"caption\":\"ejercicio tras el bal\u00f3n g\u00e1strico\"},{\"@type\":\"BreadcrumbList\",\"@id\":\"https:\/\/clinicacemeq.es\/estetica\/2023\/03\/29\/ejercicio-tras-el-balon-gastrico\/#breadcrumb\",\"itemListElement\":[{\"@type\":\"ListItem\",\"position\":1,\"name\":\"Portada\",\"item\":\"https:\/\/clinicacemeq.es\/estetica\/\"},{\"@type\":\"ListItem\",\"position\":2,\"name\":\"Ejercicio tras el bal\u00f3n g\u00e1strico\"}]},{\"@type\":\"WebSite\",\"@id\":\"https:\/\/clinicacemeq.es\/estetica\/#website\",\"url\":\"https:\/\/clinicacemeq.es\/estetica\/\",\"name\":\"Cl\u00ednica Est\u00e9tica CEMEQ\",\"description\":\"Medicina est\u00e9tica \u0131 Cirug\u00eda Est\u00e9tica \u0131 Cl\u00ednica Dental \u0131 Unidad Capilar \u0131 Unidad de Obesidad\",\"potentialAction\":[{\"@type\":\"SearchAction\",\"target\":{\"@type\":\"EntryPoint\",\"urlTemplate\":\"https:\/\/clinicacemeq.es\/estetica\/?s={search_term_string}\"},\"query-input\":{\"@type\":\"PropertyValueSpecification\",\"valueRequired\":true,\"valueName\":\"search_term_string\"}}],\"inLanguage\":\"es\"},{\"@type\":\"Person\",\"@id\":\"https:\/\/clinicacemeq.es\/estetica\/#\/schema\/person\/970b971cfb22127a85928078e5d97fcf\",\"name\":\"Federico Mahiques\",\"image\":{\"@type\":\"ImageObject\",\"inLanguage\":\"es\",\"@id\":\"https:\/\/clinicacemeq.es\/estetica\/#\/schema\/person\/image\/\",\"url\":\"https:\/\/secure.gravatar.com\/avatar\/2eb8af16608046630259421df61b19a9?s=96&d=mm&r=g\",\"contentUrl\":\"https:\/\/secure.gravatar.com\/avatar\/2eb8af16608046630259421df61b19a9?s=96&d=mm&r=g\",\"caption\":\"Federico Mahiques\"},\"url\":\"https:\/\/clinicacemeq.es\/estetica\/author\/clinica-cemeq\/\"}]}<\/script>\n<!-- \/ Yoast SEO Premium plugin. -->","yoast_head_json":{"title":"Ejercicio tras el bal\u00f3n g\u00e1strico - Cl\u00ednica Est\u00e9tica CEMEQ","description":"La movilidad y el ejercicio son fundamentales para la p\u00e9rdida de peso y la salud a largo plazo en pacientes con bal\u00f3n g\u00e1strico","robots":{"index":"index","follow":"follow","max-snippet":"max-snippet:-1","max-image-preview":"max-image-preview:large","max-video-preview":"max-video-preview:-1"},"canonical":"https:\/\/clinicacemeq.es\/estetica\/2023\/03\/29\/ejercicio-tras-el-balon-gastrico\/","og_locale":"es_ES","og_type":"article","og_title":"Ejercicio tras el bal\u00f3n g\u00e1strico","og_description":"La movilidad y el ejercicio son fundamentales para la p\u00e9rdida de peso y la salud a largo plazo en pacientes con bal\u00f3n g\u00e1strico","og_url":"https:\/\/clinicacemeq.es\/estetica\/2023\/03\/29\/ejercicio-tras-el-balon-gastrico\/","og_site_name":"Cl\u00ednica Est\u00e9tica CEMEQ","article_published_time":"2023-03-29T09:19:32+00:00","article_modified_time":"2024-06-25T15:15:35+00:00","og_image":[{"width":600,"height":400,"url":"https:\/\/clinicacemeq.es\/estetica\/wp-content\/uploads\/2023\/03\/EJERCICIO-TRAS-EL-BALON-GASTRICO.jpg","type":"image\/jpeg"}],"author":"Federico Mahiques","twitter_card":"summary_large_image","twitter_misc":{"Escrito por":"Federico Mahiques","Tiempo de lectura":"3 minutos"},"schema":{"@context":"https:\/\/schema.org","@graph":[{"@type":["WebPage","ItemPage"],"@id":"https:\/\/clinicacemeq.es\/estetica\/2023\/03\/29\/ejercicio-tras-el-balon-gastrico\/","url":"https:\/\/clinicacemeq.es\/estetica\/2023\/03\/29\/ejercicio-tras-el-balon-gastrico\/","name":"Ejercicio tras el bal\u00f3n g\u00e1strico - Cl\u00ednica Est\u00e9tica CEMEQ","isPartOf":{"@id":"https:\/\/clinicacemeq.es\/estetica\/#website"},"primaryImageOfPage":{"@id":"https:\/\/clinicacemeq.es\/estetica\/2023\/03\/29\/ejercicio-tras-el-balon-gastrico\/#primaryimage"},"image":{"@id":"https:\/\/clinicacemeq.es\/estetica\/2023\/03\/29\/ejercicio-tras-el-balon-gastrico\/#primaryimage"},"thumbnailUrl":"https:\/\/clinicacemeq.es\/estetica\/wp-content\/uploads\/2023\/03\/EJERCICIO-TRAS-EL-BALON-GASTRICO.jpg","datePublished":"2023-03-29T09:19:32+00:00","dateModified":"2024-06-25T15:15:35+00:00","author":{"@id":"https:\/\/clinicacemeq.es\/estetica\/#\/schema\/person\/970b971cfb22127a85928078e5d97fcf"},"description":"La movilidad y el ejercicio son fundamentales para la p\u00e9rdida de peso y la salud a largo plazo en pacientes con bal\u00f3n g\u00e1strico","breadcrumb":{"@id":"https:\/\/clinicacemeq.es\/estetica\/2023\/03\/29\/ejercicio-tras-el-balon-gastrico\/#breadcrumb"},"inLanguage":"es","potentialAction":[{"@type":"ReadAction","target":["https:\/\/clinicacemeq.es\/estetica\/2023\/03\/29\/ejercicio-tras-el-balon-gastrico\/"]}]},{"@type":"ImageObject","inLanguage":"es","@id":"https:\/\/clinicacemeq.es\/estetica\/2023\/03\/29\/ejercicio-tras-el-balon-gastrico\/#primaryimage","url":"https:\/\/clinicacemeq.es\/estetica\/wp-content\/uploads\/2023\/03\/EJERCICIO-TRAS-EL-BALON-GASTRICO.jpg","contentUrl":"https:\/\/clinicacemeq.es\/estetica\/wp-content\/uploads\/2023\/03\/EJERCICIO-TRAS-EL-BALON-GASTRICO.jpg","width":600,"height":400,"caption":"ejercicio tras el bal\u00f3n g\u00e1strico"},{"@type":"BreadcrumbList","@id":"https:\/\/clinicacemeq.es\/estetica\/2023\/03\/29\/ejercicio-tras-el-balon-gastrico\/#breadcrumb","itemListElement":[{"@type":"ListItem","position":1,"name":"Portada","item":"https:\/\/clinicacemeq.es\/estetica\/"},{"@type":"ListItem","position":2,"name":"Ejercicio tras el bal\u00f3n g\u00e1strico"}]},{"@type":"WebSite","@id":"https:\/\/clinicacemeq.es\/estetica\/#website","url":"https:\/\/clinicacemeq.es\/estetica\/","name":"Cl\u00ednica Est\u00e9tica CEMEQ","description":"Medicina est\u00e9tica \u0131 Cirug\u00eda Est\u00e9tica \u0131 Cl\u00ednica Dental \u0131 Unidad Capilar \u0131 Unidad de Obesidad","potentialAction":[{"@type":"SearchAction","target":{"@type":"EntryPoint","urlTemplate":"https:\/\/clinicacemeq.es\/estetica\/?s={search_term_string}"},"query-input":{"@type":"PropertyValueSpecification","valueRequired":true,"valueName":"search_term_string"}}],"inLanguage":"es"},{"@type":"Person","@id":"https:\/\/clinicacemeq.es\/estetica\/#\/schema\/person\/970b971cfb22127a85928078e5d97fcf","name":"Federico Mahiques","image":{"@type":"ImageObject","inLanguage":"es","@id":"https:\/\/clinicacemeq.es\/estetica\/#\/schema\/person\/image\/","url":"https:\/\/secure.gravatar.com\/avatar\/2eb8af16608046630259421df61b19a9?s=96&d=mm&r=g","contentUrl":"https:\/\/secure.gravatar.com\/avatar\/2eb8af16608046630259421df61b19a9?s=96&d=mm&r=g","caption":"Federico Mahiques"},"url":"https:\/\/clinicacemeq.es\/estetica\/author\/clinica-cemeq\/"}]}},"_links":{"self":[{"href":"https:\/\/clinicacemeq.es\/estetica\/wp-json\/wp\/v2\/posts\/9175"}],"collection":[{"href":"https:\/\/clinicacemeq.es\/estetica\/wp-json\/wp\/v2\/posts"}],"about":[{"href":"https:\/\/clinicacemeq.es\/estetica\/wp-json\/wp\/v2\/types\/post"}],"author":[{"embeddable":true,"href":"https:\/\/clinicacemeq.es\/estetica\/wp-json\/wp\/v2\/users\/2"}],"replies":[{"embeddable":true,"href":"https:\/\/clinicacemeq.es\/estetica\/wp-json\/wp\/v2\/comments?post=9175"}],"version-history":[{"count":2,"href":"https:\/\/clinicacemeq.es\/estetica\/wp-json\/wp\/v2\/posts\/9175\/revisions"}],"predecessor-version":[{"id":9179,"href":"https:\/\/clinicacemeq.es\/estetica\/wp-json\/wp\/v2\/posts\/9175\/revisions\/9179"}],"wp:featuredmedia":[{"embeddable":true,"href":"https:\/\/clinicacemeq.es\/estetica\/wp-json\/wp\/v2\/media\/9177"}],"wp:attachment":[{"href":"https:\/\/clinicacemeq.es\/estetica\/wp-json\/wp\/v2\/media?parent=9175"}],"wp:term":[{"taxonomy":"category","embeddable":true,"href":"https:\/\/clinicacemeq.es\/estetica\/wp-json\/wp\/v2\/categories?post=9175"},{"taxonomy":"post_tag","embeddable":true,"href":"https:\/\/clinicacemeq.es\/estetica\/wp-json\/wp\/v2\/tags?post=9175"}],"curies":[{"name":"wp","href":"https:\/\/api.w.org\/{rel}","templated":true}]}}