{"id":9121,"date":"2023-03-28T11:00:35","date_gmt":"2023-03-28T11:00:35","guid":{"rendered":"https:\/\/clinicacemeq.es\/estetica\/?p=9121"},"modified":"2024-06-25T15:15:35","modified_gmt":"2024-06-25T15:15:35","slug":"cual-es-el-precio-de-una-reduccion-de-pecho","status":"publish","type":"post","link":"https:\/\/clinicacemeq.es\/estetica\/2023\/03\/28\/cual-es-el-precio-de-una-reduccion-de-pecho\/","title":{"rendered":"\u00bfCu\u00e1l es el precio de una reducci\u00f3n de pecho?"},"content":{"rendered":"\n\n<div class=\"kk-star-ratings kksr-auto kksr-align-left kksr-valign-top\"\n    data-payload='{&quot;align&quot;:&quot;left&quot;,&quot;id&quot;:&quot;9121&quot;,&quot;slug&quot;:&quot;default&quot;,&quot;valign&quot;:&quot;top&quot;,&quot;ignore&quot;:&quot;&quot;,&quot;reference&quot;:&quot;auto&quot;,&quot;class&quot;:&quot;&quot;,&quot;count&quot;:&quot;0&quot;,&quot;legendonly&quot;:&quot;&quot;,&quot;readonly&quot;:&quot;&quot;,&quot;score&quot;:&quot;0&quot;,&quot;starsonly&quot;:&quot;&quot;,&quot;best&quot;:&quot;5&quot;,&quot;gap&quot;:&quot;5&quot;,&quot;greet&quot;:&quot;Valora esta publicaci\u00f3n \ud83d\ude09&quot;,&quot;legend&quot;:&quot;0\\\/5 - (0 votos)&quot;,&quot;size&quot;:&quot;24&quot;,&quot;title&quot;:&quot;\u00bfCu\u00e1l es el precio de una reducci\u00f3n de pecho?&quot;,&quot;width&quot;:&quot;0&quot;,&quot;_legend&quot;:&quot;{score}\\\/{best} - ({count} {votes})&quot;,&quot;font_factor&quot;:&quot;1.25&quot;}'>\n            \n<div class=\"kksr-stars\">\n    \n<div class=\"kksr-stars-inactive\">\n            <div class=\"kksr-star\" data-star=\"1\" style=\"padding-right: 5px\">\n            \n\n<div class=\"kksr-icon\" style=\"width: 24px; height: 24px;\"><\/div>\n        <\/div>\n            <div class=\"kksr-star\" data-star=\"2\" style=\"padding-right: 5px\">\n            \n\n<div class=\"kksr-icon\" style=\"width: 24px; height: 24px;\"><\/div>\n        <\/div>\n            <div class=\"kksr-star\" data-star=\"3\" style=\"padding-right: 5px\">\n            \n\n<div class=\"kksr-icon\" style=\"width: 24px; height: 24px;\"><\/div>\n        <\/div>\n            <div class=\"kksr-star\" data-star=\"4\" style=\"padding-right: 5px\">\n            \n\n<div class=\"kksr-icon\" style=\"width: 24px; height: 24px;\"><\/div>\n        <\/div>\n            <div class=\"kksr-star\" data-star=\"5\" style=\"padding-right: 5px\">\n            \n\n<div class=\"kksr-icon\" style=\"width: 24px; height: 24px;\"><\/div>\n        <\/div>\n    <\/div>\n    \n<div class=\"kksr-stars-active\" style=\"width: 0px;\">\n            <div class=\"kksr-star\" style=\"padding-right: 5px\">\n            \n\n<div class=\"kksr-icon\" style=\"width: 24px; height: 24px;\"><\/div>\n        <\/div>\n            <div class=\"kksr-star\" style=\"padding-right: 5px\">\n            \n\n<div class=\"kksr-icon\" style=\"width: 24px; height: 24px;\"><\/div>\n        <\/div>\n            <div class=\"kksr-star\" style=\"padding-right: 5px\">\n            \n\n<div class=\"kksr-icon\" style=\"width: 24px; height: 24px;\"><\/div>\n        <\/div>\n            <div class=\"kksr-star\" style=\"padding-right: 5px\">\n            \n\n<div class=\"kksr-icon\" style=\"width: 24px; height: 24px;\"><\/div>\n        <\/div>\n            <div class=\"kksr-star\" style=\"padding-right: 5px\">\n            \n\n<div class=\"kksr-icon\" style=\"width: 24px; height: 24px;\"><\/div>\n        <\/div>\n    <\/div>\n<\/div>\n                \n\n<div class=\"kksr-legend\" style=\"font-size: 19.2px;\">\n            <span class=\"kksr-muted\">Valora esta publicaci\u00f3n \ud83d\ude09<\/span>\n    <\/div>\n    <\/div>\n<p>La <strong>reducci\u00f3n de pecho <\/strong>es un procedimiento quir\u00fargico cuyo fin es reducir el tama\u00f1o de las mamas. \u00bfC\u00f3mo se consigue? Mediante la eliminaci\u00f3n de tejido mamario, grasa y piel. Con esta cirug\u00eda los senos se vuelven<strong> m\u00e1s peque\u00f1os, m\u00e1s ligeros y m\u00e1s firmes.<\/strong> A la hora de realizar una operaci\u00f3n de reducci\u00f3n de pecho, las dudas de muchas pacientes est\u00e1n relacionadas con una cuesti\u00f3n fundamental: el <strong><a href=\"https:\/\/clinicacemeq.es\/estetica\/2023\/02\/06\/que-es-la-reduccion-de-pecho\/\">precio de reducci\u00f3n de pecho<\/a><\/strong>. A continuaci\u00f3n te contamos todo lo que tienes que saber sobre su precio.<\/p>\n<h2>Mejora tu calidad de vida con la operaci\u00f3n de reducci\u00f3n de pecho<\/h2>\n<p>\u00bfQuieres unos pechos m\u00e1s peque\u00f1os, y mejor formados? Este es el objetivo de la <strong>reducci\u00f3n de pecho.<\/strong> Con la operaci\u00f3n de reducci\u00f3n de pecho, puedes remodelar y moldear con \u00e9xito tus pechos para hacerlos m\u00e1s peque\u00f1os, m\u00e1s altos y m\u00e1s proporcionados a tu cuerpo.<\/p>\n<h2>\u00bfCu\u00e1l es el precio de una reducci\u00f3n de pecho?<\/h2>\n<p>El <a href=\"https:\/\/clinicacemeq.es\/estetica\/2023\/02\/06\/que-es-la-reduccion-de-pecho\/\"><strong>precio de reducci\u00f3n de pecho<\/strong><\/a> var\u00eda entre los 4.500 y los 5.500 euros, dependiendo de la cl\u00ednica donde se realice la operaci\u00f3n, las caracter\u00edsticas de la intervenci\u00f3n y otros factores como el equipo m\u00e9dico y la t\u00e9cnica empleada. No debemos olvidar que este es un procedimiento quir\u00fargico personalizado y depender\u00e1 en gran medida de los deseos de la paciente y lo que desea conseguir.<\/p>\n<h2>El precio de la reducci\u00f3n de pecho: \u00a1Cuidado con las falsas promesas!<\/h2>\n<p>Por desgracia, hoy en d\u00eda existen muchos impostores que ofrecen una <strong>operaci\u00f3n de pecho <\/strong>a un precio muy bajo, sin contar con las medidas de seguridad e higiene necesarias, ni los conocimientos m\u00e9dicos adecuados, dando lugar a resultados nefastos que, en ocasiones, acaban en desgracia. Entre los factores que se incluyen en el precio de la reducci\u00f3n de pecho se encuentran:<\/p>\n<ul>\n<li><strong>Cl\u00ednica o centro hospitalario:<\/strong> por lo general la operaci\u00f3n de reducci\u00f3n de pecho no requiere hospitalizaci\u00f3n. Sin embargo, hay casos en los que s\u00ed se necesita que la paciente est\u00e9 ingresada durante un d\u00eda con el fin de poder vigilar su evoluci\u00f3n.<br \/>\nGastos del preoperatorio: antes de realizarte la operaci\u00f3n de reducci\u00f3n de pecho es necesario que te sometas a pruebas m\u00e9dicas y anal\u00edticas.<\/li>\n<li><strong>Equipo m\u00e9dico:<\/strong> dentro del precio\u00a0 tambi\u00e9n hay que tener en cuenta cuestiones como la experiencia y prestigio del cirujano y equipo m\u00e9dico. Adem\u00e1s, se debe incluir el coste que supone las revisiones y curas.<\/li>\n<li><strong>Anestesia:<\/strong> a la hora de realizar una operaci\u00f3n de reducci\u00f3n de pecho, el cirujano puede recurrir a la anestesia general o local, ambas con precios diferentes.<\/li>\n<li><strong>Otros gastos de la operaci\u00f3n de reducci\u00f3n de pecho:<\/strong> con el precio de la reducci\u00f3n de pecho se incluye la compra de un sujetador especial, la banda postoperatoria y otros materiales necesarios.<\/li>\n<\/ul>\n<h2>CEMEQ: Tu cl\u00ednica est\u00e9tica<\/h2>\n<p>\u00bfEst\u00e1s pensando en realizarte una<a href=\"https:\/\/clinicacemeq.es\/estetica\/2023\/02\/06\/que-es-la-reduccion-de-pecho\/\"><strong> operaci\u00f3n de reducci\u00f3n de pecho,<\/strong> <\/a>pero te da miedo su precio? Ponte en contacto con nosotros. Nuestros especialistas en cirug\u00eda pl\u00e1stica te ofrecer\u00e1n un tratamiento personalizado y acorde a tus necesidades. Nuestro precio de reducci\u00f3n de pecho incluye:<\/p>\n<ul>\n<li>Intervenci\u00f3n<\/li>\n<li>Anestesia<\/li>\n<li>Postoperatorio<\/li>\n<li>Cirujano con gran experiencia<\/li>\n<li>Citas y revisiones<\/li>\n<li>Tel\u00e9fono de urgencia 24\u202fh<\/li>\n<li>Resultados duraderos e inmediatos<\/li>\n<li>Facilidades de pago<\/li>\n<\/ul>\n<p>Adem\u00e1s, para que el <strong><a href=\"https:\/\/clinicacemeq.es\/estetica\/2023\/02\/06\/que-es-la-reduccion-de-pecho\/\">precio de la reducci\u00f3n de pecho<\/a><\/strong> no sea un problema, ofrecemos planes de financiaci\u00f3n adaptados. Pide tu cita. No te arrepentir\u00e1s.<\/p>\n","protected":false},"excerpt":{"rendered":"<p>La reducci\u00f3n de pecho es un procedimiento quir\u00fargico cuyo fin es reducir el tama\u00f1o de las mamas. \u00bfC\u00f3mo se consigue? Mediante la eliminaci\u00f3n de tejido mamario, grasa y piel. Con esta cirug\u00eda los senos se vuelven m\u00e1s peque\u00f1os, m\u00e1s ligeros y m\u00e1s firmes. A la hora de realizar una operaci\u00f3n de reducci\u00f3n de pecho, las [&#8230;]\n","protected":false},"author":2,"featured_media":9125,"comment_status":"closed","ping_status":"closed","sticky":false,"template":"","format":"standard","meta":{"footnotes":""},"categories":[1],"tags":[],"yoast_head":"<!-- This site is optimized with the Yoast SEO Premium plugin v18.3 (Yoast SEO v24.5) - https:\/\/yoast.com\/wordpress\/plugins\/seo\/ -->\n<title>\u00bfCu\u00e1l es el precio de una reducci\u00f3n de pecho? - Cl\u00ednica Est\u00e9tica CEMEQ<\/title>\n<meta name=\"description\" content=\"Te contamos todo sobre el precio de la reducci\u00f3n de pecho. Los factores que se incluyen y nuestro precio. Inf\u00f3rmate.\" \/>\n<meta name=\"robots\" content=\"index, follow, max-snippet:-1, max-image-preview:large, max-video-preview:-1\" \/>\n<link rel=\"canonical\" href=\"https:\/\/clinicacemeq.es\/estetica\/2023\/03\/28\/cual-es-el-precio-de-una-reduccion-de-pecho\/\" \/>\n<meta property=\"og:locale\" content=\"es_ES\" \/>\n<meta property=\"og:type\" content=\"article\" \/>\n<meta property=\"og:title\" content=\"\u00bfCu\u00e1l es el precio de una reducci\u00f3n de pecho?\" \/>\n<meta property=\"og:description\" content=\"Te contamos todo sobre el precio de la reducci\u00f3n de pecho. Los factores que se incluyen y nuestro precio. Inf\u00f3rmate.\" \/>\n<meta property=\"og:url\" content=\"https:\/\/clinicacemeq.es\/estetica\/2023\/03\/28\/cual-es-el-precio-de-una-reduccion-de-pecho\/\" \/>\n<meta property=\"og:site_name\" content=\"Cl\u00ednica Est\u00e9tica CEMEQ\" \/>\n<meta property=\"article:published_time\" content=\"2023-03-28T11:00:35+00:00\" \/>\n<meta property=\"article:modified_time\" content=\"2024-06-25T15:15:35+00:00\" \/>\n<meta property=\"og:image\" content=\"https:\/\/clinicacemeq.es\/estetica\/wp-content\/uploads\/2023\/03\/PRECIO-REDUCCION-DE-PECHO.-cemeq.jpg\" \/>\n\t<meta property=\"og:image:width\" content=\"600\" \/>\n\t<meta property=\"og:image:height\" content=\"400\" \/>\n\t<meta property=\"og:image:type\" content=\"image\/jpeg\" \/>\n<meta name=\"author\" content=\"Federico Mahiques\" \/>\n<meta name=\"twitter:card\" content=\"summary_large_image\" \/>\n<meta name=\"twitter:label1\" content=\"Escrito por\" \/>\n\t<meta name=\"twitter:data1\" content=\"Federico Mahiques\" \/>\n\t<meta name=\"twitter:label2\" content=\"Tiempo de lectura\" \/>\n\t<meta name=\"twitter:data2\" content=\"3 minutos\" \/>\n<script type=\"application\/ld+json\" class=\"yoast-schema-graph\">{\"@context\":\"https:\/\/schema.org\",\"@graph\":[{\"@type\":[\"WebPage\",\"ItemPage\"],\"@id\":\"https:\/\/clinicacemeq.es\/estetica\/2023\/03\/28\/cual-es-el-precio-de-una-reduccion-de-pecho\/\",\"url\":\"https:\/\/clinicacemeq.es\/estetica\/2023\/03\/28\/cual-es-el-precio-de-una-reduccion-de-pecho\/\",\"name\":\"\u00bfCu\u00e1l es el precio de una reducci\u00f3n de pecho? - Cl\u00ednica Est\u00e9tica CEMEQ\",\"isPartOf\":{\"@id\":\"https:\/\/clinicacemeq.es\/estetica\/#website\"},\"primaryImageOfPage\":{\"@id\":\"https:\/\/clinicacemeq.es\/estetica\/2023\/03\/28\/cual-es-el-precio-de-una-reduccion-de-pecho\/#primaryimage\"},\"image\":{\"@id\":\"https:\/\/clinicacemeq.es\/estetica\/2023\/03\/28\/cual-es-el-precio-de-una-reduccion-de-pecho\/#primaryimage\"},\"thumbnailUrl\":\"https:\/\/clinicacemeq.es\/estetica\/wp-content\/uploads\/2023\/03\/PRECIO-REDUCCION-DE-PECHO.-cemeq.jpg\",\"datePublished\":\"2023-03-28T11:00:35+00:00\",\"dateModified\":\"2024-06-25T15:15:35+00:00\",\"author\":{\"@id\":\"https:\/\/clinicacemeq.es\/estetica\/#\/schema\/person\/970b971cfb22127a85928078e5d97fcf\"},\"description\":\"Te contamos todo sobre el precio de la reducci\u00f3n de pecho. Los factores que se incluyen y nuestro precio. Inf\u00f3rmate.\",\"breadcrumb\":{\"@id\":\"https:\/\/clinicacemeq.es\/estetica\/2023\/03\/28\/cual-es-el-precio-de-una-reduccion-de-pecho\/#breadcrumb\"},\"inLanguage\":\"es\",\"potentialAction\":[{\"@type\":\"ReadAction\",\"target\":[\"https:\/\/clinicacemeq.es\/estetica\/2023\/03\/28\/cual-es-el-precio-de-una-reduccion-de-pecho\/\"]}]},{\"@type\":\"ImageObject\",\"inLanguage\":\"es\",\"@id\":\"https:\/\/clinicacemeq.es\/estetica\/2023\/03\/28\/cual-es-el-precio-de-una-reduccion-de-pecho\/#primaryimage\",\"url\":\"https:\/\/clinicacemeq.es\/estetica\/wp-content\/uploads\/2023\/03\/PRECIO-REDUCCION-DE-PECHO.-cemeq.jpg\",\"contentUrl\":\"https:\/\/clinicacemeq.es\/estetica\/wp-content\/uploads\/2023\/03\/PRECIO-REDUCCION-DE-PECHO.-cemeq.jpg\",\"width\":600,\"height\":400,\"caption\":\"Precio de una reducci\u00f3n de pecho\"},{\"@type\":\"BreadcrumbList\",\"@id\":\"https:\/\/clinicacemeq.es\/estetica\/2023\/03\/28\/cual-es-el-precio-de-una-reduccion-de-pecho\/#breadcrumb\",\"itemListElement\":[{\"@type\":\"ListItem\",\"position\":1,\"name\":\"Portada\",\"item\":\"https:\/\/clinicacemeq.es\/estetica\/\"},{\"@type\":\"ListItem\",\"position\":2,\"name\":\"\u00bfCu\u00e1l es el precio de una reducci\u00f3n de pecho?\"}]},{\"@type\":\"WebSite\",\"@id\":\"https:\/\/clinicacemeq.es\/estetica\/#website\",\"url\":\"https:\/\/clinicacemeq.es\/estetica\/\",\"name\":\"Cl\u00ednica Est\u00e9tica CEMEQ\",\"description\":\"Medicina est\u00e9tica \u0131 Cirug\u00eda Est\u00e9tica \u0131 Cl\u00ednica Dental \u0131 Unidad Capilar \u0131 Unidad de Obesidad\",\"potentialAction\":[{\"@type\":\"SearchAction\",\"target\":{\"@type\":\"EntryPoint\",\"urlTemplate\":\"https:\/\/clinicacemeq.es\/estetica\/?s={search_term_string}\"},\"query-input\":{\"@type\":\"PropertyValueSpecification\",\"valueRequired\":true,\"valueName\":\"search_term_string\"}}],\"inLanguage\":\"es\"},{\"@type\":\"Person\",\"@id\":\"https:\/\/clinicacemeq.es\/estetica\/#\/schema\/person\/970b971cfb22127a85928078e5d97fcf\",\"name\":\"Federico Mahiques\",\"image\":{\"@type\":\"ImageObject\",\"inLanguage\":\"es\",\"@id\":\"https:\/\/clinicacemeq.es\/estetica\/#\/schema\/person\/image\/\",\"url\":\"https:\/\/secure.gravatar.com\/avatar\/2eb8af16608046630259421df61b19a9?s=96&d=mm&r=g\",\"contentUrl\":\"https:\/\/secure.gravatar.com\/avatar\/2eb8af16608046630259421df61b19a9?s=96&d=mm&r=g\",\"caption\":\"Federico Mahiques\"},\"url\":\"https:\/\/clinicacemeq.es\/estetica\/author\/clinica-cemeq\/\"}]}<\/script>\n<!-- \/ Yoast SEO Premium plugin. -->","yoast_head_json":{"title":"\u00bfCu\u00e1l es el precio de una reducci\u00f3n de pecho? - Cl\u00ednica Est\u00e9tica CEMEQ","description":"Te contamos todo sobre el precio de la reducci\u00f3n de pecho. Los factores que se incluyen y nuestro precio. Inf\u00f3rmate.","robots":{"index":"index","follow":"follow","max-snippet":"max-snippet:-1","max-image-preview":"max-image-preview:large","max-video-preview":"max-video-preview:-1"},"canonical":"https:\/\/clinicacemeq.es\/estetica\/2023\/03\/28\/cual-es-el-precio-de-una-reduccion-de-pecho\/","og_locale":"es_ES","og_type":"article","og_title":"\u00bfCu\u00e1l es el precio de una reducci\u00f3n de pecho?","og_description":"Te contamos todo sobre el precio de la reducci\u00f3n de pecho. Los factores que se incluyen y nuestro precio. Inf\u00f3rmate.","og_url":"https:\/\/clinicacemeq.es\/estetica\/2023\/03\/28\/cual-es-el-precio-de-una-reduccion-de-pecho\/","og_site_name":"Cl\u00ednica Est\u00e9tica CEMEQ","article_published_time":"2023-03-28T11:00:35+00:00","article_modified_time":"2024-06-25T15:15:35+00:00","og_image":[{"width":600,"height":400,"url":"https:\/\/clinicacemeq.es\/estetica\/wp-content\/uploads\/2023\/03\/PRECIO-REDUCCION-DE-PECHO.-cemeq.jpg","type":"image\/jpeg"}],"author":"Federico Mahiques","twitter_card":"summary_large_image","twitter_misc":{"Escrito por":"Federico Mahiques","Tiempo de lectura":"3 minutos"},"schema":{"@context":"https:\/\/schema.org","@graph":[{"@type":["WebPage","ItemPage"],"@id":"https:\/\/clinicacemeq.es\/estetica\/2023\/03\/28\/cual-es-el-precio-de-una-reduccion-de-pecho\/","url":"https:\/\/clinicacemeq.es\/estetica\/2023\/03\/28\/cual-es-el-precio-de-una-reduccion-de-pecho\/","name":"\u00bfCu\u00e1l es el precio de una reducci\u00f3n de pecho? - Cl\u00ednica Est\u00e9tica CEMEQ","isPartOf":{"@id":"https:\/\/clinicacemeq.es\/estetica\/#website"},"primaryImageOfPage":{"@id":"https:\/\/clinicacemeq.es\/estetica\/2023\/03\/28\/cual-es-el-precio-de-una-reduccion-de-pecho\/#primaryimage"},"image":{"@id":"https:\/\/clinicacemeq.es\/estetica\/2023\/03\/28\/cual-es-el-precio-de-una-reduccion-de-pecho\/#primaryimage"},"thumbnailUrl":"https:\/\/clinicacemeq.es\/estetica\/wp-content\/uploads\/2023\/03\/PRECIO-REDUCCION-DE-PECHO.-cemeq.jpg","datePublished":"2023-03-28T11:00:35+00:00","dateModified":"2024-06-25T15:15:35+00:00","author":{"@id":"https:\/\/clinicacemeq.es\/estetica\/#\/schema\/person\/970b971cfb22127a85928078e5d97fcf"},"description":"Te contamos todo sobre el precio de la reducci\u00f3n de pecho. Los factores que se incluyen y nuestro precio. Inf\u00f3rmate.","breadcrumb":{"@id":"https:\/\/clinicacemeq.es\/estetica\/2023\/03\/28\/cual-es-el-precio-de-una-reduccion-de-pecho\/#breadcrumb"},"inLanguage":"es","potentialAction":[{"@type":"ReadAction","target":["https:\/\/clinicacemeq.es\/estetica\/2023\/03\/28\/cual-es-el-precio-de-una-reduccion-de-pecho\/"]}]},{"@type":"ImageObject","inLanguage":"es","@id":"https:\/\/clinicacemeq.es\/estetica\/2023\/03\/28\/cual-es-el-precio-de-una-reduccion-de-pecho\/#primaryimage","url":"https:\/\/clinicacemeq.es\/estetica\/wp-content\/uploads\/2023\/03\/PRECIO-REDUCCION-DE-PECHO.-cemeq.jpg","contentUrl":"https:\/\/clinicacemeq.es\/estetica\/wp-content\/uploads\/2023\/03\/PRECIO-REDUCCION-DE-PECHO.-cemeq.jpg","width":600,"height":400,"caption":"Precio de una reducci\u00f3n de pecho"},{"@type":"BreadcrumbList","@id":"https:\/\/clinicacemeq.es\/estetica\/2023\/03\/28\/cual-es-el-precio-de-una-reduccion-de-pecho\/#breadcrumb","itemListElement":[{"@type":"ListItem","position":1,"name":"Portada","item":"https:\/\/clinicacemeq.es\/estetica\/"},{"@type":"ListItem","position":2,"name":"\u00bfCu\u00e1l es el precio de una reducci\u00f3n de pecho?"}]},{"@type":"WebSite","@id":"https:\/\/clinicacemeq.es\/estetica\/#website","url":"https:\/\/clinicacemeq.es\/estetica\/","name":"Cl\u00ednica Est\u00e9tica CEMEQ","description":"Medicina est\u00e9tica \u0131 Cirug\u00eda Est\u00e9tica \u0131 Cl\u00ednica Dental \u0131 Unidad Capilar \u0131 Unidad de Obesidad","potentialAction":[{"@type":"SearchAction","target":{"@type":"EntryPoint","urlTemplate":"https:\/\/clinicacemeq.es\/estetica\/?s={search_term_string}"},"query-input":{"@type":"PropertyValueSpecification","valueRequired":true,"valueName":"search_term_string"}}],"inLanguage":"es"},{"@type":"Person","@id":"https:\/\/clinicacemeq.es\/estetica\/#\/schema\/person\/970b971cfb22127a85928078e5d97fcf","name":"Federico Mahiques","image":{"@type":"ImageObject","inLanguage":"es","@id":"https:\/\/clinicacemeq.es\/estetica\/#\/schema\/person\/image\/","url":"https:\/\/secure.gravatar.com\/avatar\/2eb8af16608046630259421df61b19a9?s=96&d=mm&r=g","contentUrl":"https:\/\/secure.gravatar.com\/avatar\/2eb8af16608046630259421df61b19a9?s=96&d=mm&r=g","caption":"Federico Mahiques"},"url":"https:\/\/clinicacemeq.es\/estetica\/author\/clinica-cemeq\/"}]}},"_links":{"self":[{"href":"https:\/\/clinicacemeq.es\/estetica\/wp-json\/wp\/v2\/posts\/9121"}],"collection":[{"href":"https:\/\/clinicacemeq.es\/estetica\/wp-json\/wp\/v2\/posts"}],"about":[{"href":"https:\/\/clinicacemeq.es\/estetica\/wp-json\/wp\/v2\/types\/post"}],"author":[{"embeddable":true,"href":"https:\/\/clinicacemeq.es\/estetica\/wp-json\/wp\/v2\/users\/2"}],"replies":[{"embeddable":true,"href":"https:\/\/clinicacemeq.es\/estetica\/wp-json\/wp\/v2\/comments?post=9121"}],"version-history":[{"count":2,"href":"https:\/\/clinicacemeq.es\/estetica\/wp-json\/wp\/v2\/posts\/9121\/revisions"}],"predecessor-version":[{"id":9127,"href":"https:\/\/clinicacemeq.es\/estetica\/wp-json\/wp\/v2\/posts\/9121\/revisions\/9127"}],"wp:featuredmedia":[{"embeddable":true,"href":"https:\/\/clinicacemeq.es\/estetica\/wp-json\/wp\/v2\/media\/9125"}],"wp:attachment":[{"href":"https:\/\/clinicacemeq.es\/estetica\/wp-json\/wp\/v2\/media?parent=9121"}],"wp:term":[{"taxonomy":"category","embeddable":true,"href":"https:\/\/clinicacemeq.es\/estetica\/wp-json\/wp\/v2\/categories?post=9121"},{"taxonomy":"post_tag","embeddable":true,"href":"https:\/\/clinicacemeq.es\/estetica\/wp-json\/wp\/v2\/tags?post=9121"}],"curies":[{"name":"wp","href":"https:\/\/api.w.org\/{rel}","templated":true}]}}