{"id":8766,"date":"2023-03-23T13:03:45","date_gmt":"2023-03-23T13:03:45","guid":{"rendered":"https:\/\/clinicacemeq.es\/estetica\/?p=8766"},"modified":"2024-06-25T15:15:36","modified_gmt":"2024-06-25T15:15:36","slug":"precio-de-un-aumento-de-pecho-en-valencia","status":"publish","type":"post","link":"https:\/\/clinicacemeq.es\/estetica\/2023\/03\/23\/precio-de-un-aumento-de-pecho-en-valencia\/","title":{"rendered":"Precio de un aumento de pecho en Valencia"},"content":{"rendered":"\n\n<div class=\"kk-star-ratings kksr-auto kksr-align-left kksr-valign-top\"\n    data-payload='{&quot;align&quot;:&quot;left&quot;,&quot;id&quot;:&quot;8766&quot;,&quot;slug&quot;:&quot;default&quot;,&quot;valign&quot;:&quot;top&quot;,&quot;ignore&quot;:&quot;&quot;,&quot;reference&quot;:&quot;auto&quot;,&quot;class&quot;:&quot;&quot;,&quot;count&quot;:&quot;0&quot;,&quot;legendonly&quot;:&quot;&quot;,&quot;readonly&quot;:&quot;&quot;,&quot;score&quot;:&quot;0&quot;,&quot;starsonly&quot;:&quot;&quot;,&quot;best&quot;:&quot;5&quot;,&quot;gap&quot;:&quot;5&quot;,&quot;greet&quot;:&quot;Valora esta publicaci\u00f3n \ud83d\ude09&quot;,&quot;legend&quot;:&quot;0\\\/5 - (0 votos)&quot;,&quot;size&quot;:&quot;24&quot;,&quot;title&quot;:&quot;Precio de un aumento de pecho en Valencia&quot;,&quot;width&quot;:&quot;0&quot;,&quot;_legend&quot;:&quot;{score}\\\/{best} - ({count} {votes})&quot;,&quot;font_factor&quot;:&quot;1.25&quot;}'>\n            \n<div class=\"kksr-stars\">\n    \n<div class=\"kksr-stars-inactive\">\n            <div class=\"kksr-star\" data-star=\"1\" style=\"padding-right: 5px\">\n            \n\n<div class=\"kksr-icon\" style=\"width: 24px; height: 24px;\"><\/div>\n        <\/div>\n            <div class=\"kksr-star\" data-star=\"2\" style=\"padding-right: 5px\">\n            \n\n<div class=\"kksr-icon\" style=\"width: 24px; height: 24px;\"><\/div>\n        <\/div>\n            <div class=\"kksr-star\" data-star=\"3\" style=\"padding-right: 5px\">\n            \n\n<div class=\"kksr-icon\" style=\"width: 24px; height: 24px;\"><\/div>\n        <\/div>\n            <div class=\"kksr-star\" data-star=\"4\" style=\"padding-right: 5px\">\n            \n\n<div class=\"kksr-icon\" style=\"width: 24px; height: 24px;\"><\/div>\n        <\/div>\n            <div class=\"kksr-star\" data-star=\"5\" style=\"padding-right: 5px\">\n            \n\n<div class=\"kksr-icon\" style=\"width: 24px; height: 24px;\"><\/div>\n        <\/div>\n    <\/div>\n    \n<div class=\"kksr-stars-active\" style=\"width: 0px;\">\n            <div class=\"kksr-star\" style=\"padding-right: 5px\">\n            \n\n<div class=\"kksr-icon\" style=\"width: 24px; height: 24px;\"><\/div>\n        <\/div>\n            <div class=\"kksr-star\" style=\"padding-right: 5px\">\n            \n\n<div class=\"kksr-icon\" style=\"width: 24px; height: 24px;\"><\/div>\n        <\/div>\n            <div class=\"kksr-star\" style=\"padding-right: 5px\">\n            \n\n<div class=\"kksr-icon\" style=\"width: 24px; height: 24px;\"><\/div>\n        <\/div>\n            <div class=\"kksr-star\" style=\"padding-right: 5px\">\n            \n\n<div class=\"kksr-icon\" style=\"width: 24px; height: 24px;\"><\/div>\n        <\/div>\n            <div class=\"kksr-star\" style=\"padding-right: 5px\">\n            \n\n<div class=\"kksr-icon\" style=\"width: 24px; height: 24px;\"><\/div>\n        <\/div>\n    <\/div>\n<\/div>\n                \n\n<div class=\"kksr-legend\" style=\"font-size: 19.2px;\">\n            <span class=\"kksr-muted\">Valora esta publicaci\u00f3n \ud83d\ude09<\/span>\n    <\/div>\n    <\/div>\n<p>\u00bfEst\u00e1s pensando someterte a un <strong>aumento de pecho en Valencia<\/strong>, pero te preocupa el precio? La mamoplastia u operaci\u00f3n de pecho es un procedimiento quir\u00fargico que implica alterar el tama\u00f1o, la forma o la posici\u00f3n de los senos mediante la utilizaci\u00f3n de implantes mamarios o grasa propia. Miles de mujeres optan por la mamoplastia cada a\u00f1o por sus excelentes resultados, lo que lo convierte en uno de los procedimientos est\u00e9ticos pl\u00e1sticos <strong>m\u00e1s populares de Valencia.<\/strong> Sin embargo, una de las preguntas que m\u00e1s hacen en consulta es cual es el <strong>precio de un aumento de pecho.<\/strong><\/p>\n<h2>\u00bfCu\u00e1l es el precio de una operaci\u00f3n de pecho?<\/h2>\n<p>Los precios de la <strong>mamoplastia de aumento<\/strong> con implantes parten de los 3.200\u202f\u20ac y suben a m\u00e1s de 4.500\u202f\u20ac, con un coste medio de 3.700\u202f\u20ac, aunque los precios pueden variar seg\u00fan el tipo de implante utilizado.<\/p>\n<p>El <strong>precio del aumento de pecho<\/strong> con tu propia grasa oscila entre 5.500\u202f\u20ac y 7.900\u202f\u20ac aproximadamente.<\/p>\n<p>Como hemos dicho en anteriores ocasiones, el precio depende de muchos factores, incluyendo el tama\u00f1o, tipo y marca de implantes que desea, el cirujano pl\u00e1stico, si es su primer aumento de pechos o un reemplazo prot\u00e9sico por contractura capsular u otras razones.<\/p>\n<h2>\u00bfQu\u00e9 incluye el precio del aumento de pecho en Valencia?<\/h2>\n<p>Todo depende de la cl\u00ednica est\u00e9tica y\/o cirujano pl\u00e1stico que elijas, y siempre vale la pena preguntar si hay alg\u00fan costo adicional.<\/p>\n<p>Por lo general, el <strong><a href=\"https:\/\/clinicacemeq.es\/estetica\/2023\/02\/02\/que-es-la-operacion-de-pecho\/\">precio del aumento de pecho<\/a> <\/strong>incluye:<\/p>\n<ul>\n<li><strong>El coste del cirujano y su equipo m\u00e9dico:<\/strong> cada cirujano pl\u00e1stico tiene su propio precio, y los cirujanos experimentados o famosos obviamente pueden obtener precios m\u00e1s altos.<\/li>\n<li><strong>El tipo de operaci\u00f3n de pecho a realizar<\/strong>: con implantes de gel viscoso, h\u00edbridos o de grasa.<\/li>\n<li><strong>Honorarios del anestesista<\/strong>: esto nuevamente depende de si se usa anestesia local y sedaci\u00f3n o anestesia general.<\/li>\n<li><strong>Elecci\u00f3n de implantes de soluci\u00f3n salina o de silicona:<\/strong> el precio del aumento de pecho puede variar seg\u00fan el tipo, el tama\u00f1o y la marca del implante.Los implantes anat\u00f3micos o en forma de l\u00e1grima cuestan m\u00e1s que los redondos.<\/li>\n<li><strong>Costes hospitalarios<\/strong>: la gran mayor\u00eda de los cirujanos recomiendan una estad\u00eda en el hospital de una noche, pero esto puede acumularse debido a diferentes factores. Sin embargo, hay otros cirujanos que recomiendan enviar al paciente a casa el mismo d\u00eda de la intervenci\u00f3n.<\/li>\n<li><strong>Comidas en el hospital despu\u00e9s de la cirug\u00eda.<\/strong><\/li>\n<li><strong>Analg\u00e9sicos para aliviar el dolor.<\/strong><\/li>\n<\/ul>\n<h2>Nuestro precio de aumento de pecho<\/h2>\n<p>A la hora de buscar<strong><a href=\"https:\/\/clinicacemeq.es\/estetica\/2023\/02\/02\/que-es-la-operacion-de-pecho\/\"> precio de la operaci\u00f3n de pecho<\/a><\/strong> seguro que te aparecen cl\u00ednicas que ofrecen un <strong>aumento de pecho en Valencia<\/strong> a un precio muy econ\u00f3mico u ofertas explosivas; sin embargo, no debes dejarte guiar solo por el precio, pues en muchas ocasiones acaban siendo tratamientos inacabados o un presupuesto superior. En nuestra<strong> cl\u00ednica est\u00e9tica<\/strong> antes de ofrecerte un presupuesto, recomendamos acudir a una primera valoraci\u00f3n con nuestro cirujano donde escucharemos tus deseos y necesidades. Dentro de nuestro <strong><a href=\"https:\/\/clinicacemeq.es\/estetica\/2023\/02\/02\/que-es-la-operacion-de-pecho\/\">precio de aumento de pecho<\/a><\/strong> incluimos:<\/p>\n<ul>\n<li>Intervenci\u00f3n<\/li>\n<li>Postoperatorio<\/li>\n<li>Anestesia<\/li>\n<li>Citas y revisiones<\/li>\n<li>Tel\u00e9fono de urgencia de 24 h<\/li>\n<li>Cirujano con gran experiencia<\/li>\n<li>Facilidades de pago<\/li>\n<li>Resultados inmediatos y duraderos<\/li>\n<\/ul>\n<p>\u00bfEst\u00e1s buscando informaci\u00f3n sobre el<strong><a href=\"https:\/\/clinicacemeq.es\/estetica\/2023\/02\/02\/que-es-la-operacion-de-pecho\/\"> aumento de pecho en Valencia<\/a><\/strong>?<a href=\"https:\/\/clinicacemeq.es\/estetica\/contacto\/\"><strong> Cons\u00faltanos o pide tu cita gratuita.<\/strong><\/a> Nuestros especialistas en <strong>operaci\u00f3n de pecho<\/strong> valorar\u00e1n tu caso y te ofrecer\u00e1 toda la informaci\u00f3n que necesites.<\/p>\n","protected":false},"excerpt":{"rendered":"<p>\u00bfEst\u00e1s pensando someterte a un aumento de pecho en Valencia, pero te preocupa el precio? La mamoplastia u operaci\u00f3n de pecho es un procedimiento quir\u00fargico que implica alterar el tama\u00f1o, la forma o la posici\u00f3n de los senos mediante la utilizaci\u00f3n de implantes mamarios o grasa propia. Miles de mujeres optan por la mamoplastia cada [&#8230;]\n","protected":false},"author":2,"featured_media":8769,"comment_status":"closed","ping_status":"closed","sticky":false,"template":"","format":"standard","meta":{"footnotes":""},"categories":[1,147],"tags":[],"yoast_head":"<!-- This site is optimized with the Yoast SEO Premium plugin v18.3 (Yoast SEO v24.5) - https:\/\/yoast.com\/wordpress\/plugins\/seo\/ -->\n<title>Precio de un aumento de pecho en Valencia - Cl\u00ednica Est\u00e9tica CEMEQ<\/title>\n<meta name=\"description\" content=\"Te contamos todo sobre el precio de un aumento de pecho en Valencia. Nuestra intervenci\u00f3n m\u00e1s solicitada. Inf\u00f3rmate.\" \/>\n<meta name=\"robots\" content=\"index, follow, max-snippet:-1, max-image-preview:large, max-video-preview:-1\" \/>\n<link rel=\"canonical\" href=\"https:\/\/clinicacemeq.es\/estetica\/2023\/03\/23\/precio-de-un-aumento-de-pecho-en-valencia\/\" \/>\n<meta property=\"og:locale\" content=\"es_ES\" \/>\n<meta property=\"og:type\" content=\"article\" \/>\n<meta property=\"og:title\" content=\"Precio de un aumento de pecho en Valencia\" \/>\n<meta property=\"og:description\" content=\"Te contamos todo sobre el precio de un aumento de pecho en Valencia. Nuestra intervenci\u00f3n m\u00e1s solicitada. Inf\u00f3rmate.\" \/>\n<meta property=\"og:url\" content=\"https:\/\/clinicacemeq.es\/estetica\/2023\/03\/23\/precio-de-un-aumento-de-pecho-en-valencia\/\" \/>\n<meta property=\"og:site_name\" content=\"Cl\u00ednica Est\u00e9tica CEMEQ\" \/>\n<meta property=\"article:published_time\" content=\"2023-03-23T13:03:45+00:00\" \/>\n<meta property=\"article:modified_time\" content=\"2024-06-25T15:15:36+00:00\" \/>\n<meta property=\"og:image\" content=\"https:\/\/clinicacemeq.es\/estetica\/wp-content\/uploads\/2023\/03\/aumento-de-pecho-precio-definitivo.jpg\" \/>\n\t<meta property=\"og:image:width\" content=\"600\" \/>\n\t<meta property=\"og:image:height\" content=\"400\" \/>\n\t<meta property=\"og:image:type\" content=\"image\/jpeg\" \/>\n<meta name=\"author\" content=\"Federico Mahiques\" \/>\n<meta name=\"twitter:card\" content=\"summary_large_image\" \/>\n<meta name=\"twitter:label1\" content=\"Escrito por\" \/>\n\t<meta name=\"twitter:data1\" content=\"Federico Mahiques\" \/>\n\t<meta name=\"twitter:label2\" content=\"Tiempo de lectura\" \/>\n\t<meta name=\"twitter:data2\" content=\"3 minutos\" \/>\n<script type=\"application\/ld+json\" class=\"yoast-schema-graph\">{\"@context\":\"https:\/\/schema.org\",\"@graph\":[{\"@type\":[\"WebPage\",\"ItemPage\"],\"@id\":\"https:\/\/clinicacemeq.es\/estetica\/2023\/03\/23\/precio-de-un-aumento-de-pecho-en-valencia\/\",\"url\":\"https:\/\/clinicacemeq.es\/estetica\/2023\/03\/23\/precio-de-un-aumento-de-pecho-en-valencia\/\",\"name\":\"Precio de un aumento de pecho en Valencia - Cl\u00ednica Est\u00e9tica CEMEQ\",\"isPartOf\":{\"@id\":\"https:\/\/clinicacemeq.es\/estetica\/#website\"},\"primaryImageOfPage\":{\"@id\":\"https:\/\/clinicacemeq.es\/estetica\/2023\/03\/23\/precio-de-un-aumento-de-pecho-en-valencia\/#primaryimage\"},\"image\":{\"@id\":\"https:\/\/clinicacemeq.es\/estetica\/2023\/03\/23\/precio-de-un-aumento-de-pecho-en-valencia\/#primaryimage\"},\"thumbnailUrl\":\"https:\/\/clinicacemeq.es\/estetica\/wp-content\/uploads\/2023\/03\/aumento-de-pecho-precio-definitivo.jpg\",\"datePublished\":\"2023-03-23T13:03:45+00:00\",\"dateModified\":\"2024-06-25T15:15:36+00:00\",\"author\":{\"@id\":\"https:\/\/clinicacemeq.es\/estetica\/#\/schema\/person\/970b971cfb22127a85928078e5d97fcf\"},\"description\":\"Te contamos todo sobre el precio de un aumento de pecho en Valencia. Nuestra intervenci\u00f3n m\u00e1s solicitada. Inf\u00f3rmate.\",\"breadcrumb\":{\"@id\":\"https:\/\/clinicacemeq.es\/estetica\/2023\/03\/23\/precio-de-un-aumento-de-pecho-en-valencia\/#breadcrumb\"},\"inLanguage\":\"es\",\"potentialAction\":[{\"@type\":\"ReadAction\",\"target\":[\"https:\/\/clinicacemeq.es\/estetica\/2023\/03\/23\/precio-de-un-aumento-de-pecho-en-valencia\/\"]}]},{\"@type\":\"ImageObject\",\"inLanguage\":\"es\",\"@id\":\"https:\/\/clinicacemeq.es\/estetica\/2023\/03\/23\/precio-de-un-aumento-de-pecho-en-valencia\/#primaryimage\",\"url\":\"https:\/\/clinicacemeq.es\/estetica\/wp-content\/uploads\/2023\/03\/aumento-de-pecho-precio-definitivo.jpg\",\"contentUrl\":\"https:\/\/clinicacemeq.es\/estetica\/wp-content\/uploads\/2023\/03\/aumento-de-pecho-precio-definitivo.jpg\",\"width\":600,\"height\":400,\"caption\":\"aumento de pecho precio definitivo\"},{\"@type\":\"BreadcrumbList\",\"@id\":\"https:\/\/clinicacemeq.es\/estetica\/2023\/03\/23\/precio-de-un-aumento-de-pecho-en-valencia\/#breadcrumb\",\"itemListElement\":[{\"@type\":\"ListItem\",\"position\":1,\"name\":\"Portada\",\"item\":\"https:\/\/clinicacemeq.es\/estetica\/\"},{\"@type\":\"ListItem\",\"position\":2,\"name\":\"Precio de un aumento de pecho en Valencia\"}]},{\"@type\":\"WebSite\",\"@id\":\"https:\/\/clinicacemeq.es\/estetica\/#website\",\"url\":\"https:\/\/clinicacemeq.es\/estetica\/\",\"name\":\"Cl\u00ednica Est\u00e9tica CEMEQ\",\"description\":\"Medicina est\u00e9tica \u0131 Cirug\u00eda Est\u00e9tica \u0131 Cl\u00ednica Dental \u0131 Unidad Capilar \u0131 Unidad de Obesidad\",\"potentialAction\":[{\"@type\":\"SearchAction\",\"target\":{\"@type\":\"EntryPoint\",\"urlTemplate\":\"https:\/\/clinicacemeq.es\/estetica\/?s={search_term_string}\"},\"query-input\":{\"@type\":\"PropertyValueSpecification\",\"valueRequired\":true,\"valueName\":\"search_term_string\"}}],\"inLanguage\":\"es\"},{\"@type\":\"Person\",\"@id\":\"https:\/\/clinicacemeq.es\/estetica\/#\/schema\/person\/970b971cfb22127a85928078e5d97fcf\",\"name\":\"Federico Mahiques\",\"image\":{\"@type\":\"ImageObject\",\"inLanguage\":\"es\",\"@id\":\"https:\/\/clinicacemeq.es\/estetica\/#\/schema\/person\/image\/\",\"url\":\"https:\/\/secure.gravatar.com\/avatar\/2eb8af16608046630259421df61b19a9?s=96&d=mm&r=g\",\"contentUrl\":\"https:\/\/secure.gravatar.com\/avatar\/2eb8af16608046630259421df61b19a9?s=96&d=mm&r=g\",\"caption\":\"Federico Mahiques\"},\"url\":\"https:\/\/clinicacemeq.es\/estetica\/author\/clinica-cemeq\/\"}]}<\/script>\n<!-- \/ Yoast SEO Premium plugin. -->","yoast_head_json":{"title":"Precio de un aumento de pecho en Valencia - Cl\u00ednica Est\u00e9tica CEMEQ","description":"Te contamos todo sobre el precio de un aumento de pecho en Valencia. Nuestra intervenci\u00f3n m\u00e1s solicitada. Inf\u00f3rmate.","robots":{"index":"index","follow":"follow","max-snippet":"max-snippet:-1","max-image-preview":"max-image-preview:large","max-video-preview":"max-video-preview:-1"},"canonical":"https:\/\/clinicacemeq.es\/estetica\/2023\/03\/23\/precio-de-un-aumento-de-pecho-en-valencia\/","og_locale":"es_ES","og_type":"article","og_title":"Precio de un aumento de pecho en Valencia","og_description":"Te contamos todo sobre el precio de un aumento de pecho en Valencia. Nuestra intervenci\u00f3n m\u00e1s solicitada. Inf\u00f3rmate.","og_url":"https:\/\/clinicacemeq.es\/estetica\/2023\/03\/23\/precio-de-un-aumento-de-pecho-en-valencia\/","og_site_name":"Cl\u00ednica Est\u00e9tica CEMEQ","article_published_time":"2023-03-23T13:03:45+00:00","article_modified_time":"2024-06-25T15:15:36+00:00","og_image":[{"width":600,"height":400,"url":"https:\/\/clinicacemeq.es\/estetica\/wp-content\/uploads\/2023\/03\/aumento-de-pecho-precio-definitivo.jpg","type":"image\/jpeg"}],"author":"Federico Mahiques","twitter_card":"summary_large_image","twitter_misc":{"Escrito por":"Federico Mahiques","Tiempo de lectura":"3 minutos"},"schema":{"@context":"https:\/\/schema.org","@graph":[{"@type":["WebPage","ItemPage"],"@id":"https:\/\/clinicacemeq.es\/estetica\/2023\/03\/23\/precio-de-un-aumento-de-pecho-en-valencia\/","url":"https:\/\/clinicacemeq.es\/estetica\/2023\/03\/23\/precio-de-un-aumento-de-pecho-en-valencia\/","name":"Precio de un aumento de pecho en Valencia - Cl\u00ednica Est\u00e9tica CEMEQ","isPartOf":{"@id":"https:\/\/clinicacemeq.es\/estetica\/#website"},"primaryImageOfPage":{"@id":"https:\/\/clinicacemeq.es\/estetica\/2023\/03\/23\/precio-de-un-aumento-de-pecho-en-valencia\/#primaryimage"},"image":{"@id":"https:\/\/clinicacemeq.es\/estetica\/2023\/03\/23\/precio-de-un-aumento-de-pecho-en-valencia\/#primaryimage"},"thumbnailUrl":"https:\/\/clinicacemeq.es\/estetica\/wp-content\/uploads\/2023\/03\/aumento-de-pecho-precio-definitivo.jpg","datePublished":"2023-03-23T13:03:45+00:00","dateModified":"2024-06-25T15:15:36+00:00","author":{"@id":"https:\/\/clinicacemeq.es\/estetica\/#\/schema\/person\/970b971cfb22127a85928078e5d97fcf"},"description":"Te contamos todo sobre el precio de un aumento de pecho en Valencia. Nuestra intervenci\u00f3n m\u00e1s solicitada. Inf\u00f3rmate.","breadcrumb":{"@id":"https:\/\/clinicacemeq.es\/estetica\/2023\/03\/23\/precio-de-un-aumento-de-pecho-en-valencia\/#breadcrumb"},"inLanguage":"es","potentialAction":[{"@type":"ReadAction","target":["https:\/\/clinicacemeq.es\/estetica\/2023\/03\/23\/precio-de-un-aumento-de-pecho-en-valencia\/"]}]},{"@type":"ImageObject","inLanguage":"es","@id":"https:\/\/clinicacemeq.es\/estetica\/2023\/03\/23\/precio-de-un-aumento-de-pecho-en-valencia\/#primaryimage","url":"https:\/\/clinicacemeq.es\/estetica\/wp-content\/uploads\/2023\/03\/aumento-de-pecho-precio-definitivo.jpg","contentUrl":"https:\/\/clinicacemeq.es\/estetica\/wp-content\/uploads\/2023\/03\/aumento-de-pecho-precio-definitivo.jpg","width":600,"height":400,"caption":"aumento de pecho precio definitivo"},{"@type":"BreadcrumbList","@id":"https:\/\/clinicacemeq.es\/estetica\/2023\/03\/23\/precio-de-un-aumento-de-pecho-en-valencia\/#breadcrumb","itemListElement":[{"@type":"ListItem","position":1,"name":"Portada","item":"https:\/\/clinicacemeq.es\/estetica\/"},{"@type":"ListItem","position":2,"name":"Precio de un aumento de pecho en Valencia"}]},{"@type":"WebSite","@id":"https:\/\/clinicacemeq.es\/estetica\/#website","url":"https:\/\/clinicacemeq.es\/estetica\/","name":"Cl\u00ednica Est\u00e9tica CEMEQ","description":"Medicina est\u00e9tica \u0131 Cirug\u00eda Est\u00e9tica \u0131 Cl\u00ednica Dental \u0131 Unidad Capilar \u0131 Unidad de Obesidad","potentialAction":[{"@type":"SearchAction","target":{"@type":"EntryPoint","urlTemplate":"https:\/\/clinicacemeq.es\/estetica\/?s={search_term_string}"},"query-input":{"@type":"PropertyValueSpecification","valueRequired":true,"valueName":"search_term_string"}}],"inLanguage":"es"},{"@type":"Person","@id":"https:\/\/clinicacemeq.es\/estetica\/#\/schema\/person\/970b971cfb22127a85928078e5d97fcf","name":"Federico Mahiques","image":{"@type":"ImageObject","inLanguage":"es","@id":"https:\/\/clinicacemeq.es\/estetica\/#\/schema\/person\/image\/","url":"https:\/\/secure.gravatar.com\/avatar\/2eb8af16608046630259421df61b19a9?s=96&d=mm&r=g","contentUrl":"https:\/\/secure.gravatar.com\/avatar\/2eb8af16608046630259421df61b19a9?s=96&d=mm&r=g","caption":"Federico Mahiques"},"url":"https:\/\/clinicacemeq.es\/estetica\/author\/clinica-cemeq\/"}]}},"_links":{"self":[{"href":"https:\/\/clinicacemeq.es\/estetica\/wp-json\/wp\/v2\/posts\/8766"}],"collection":[{"href":"https:\/\/clinicacemeq.es\/estetica\/wp-json\/wp\/v2\/posts"}],"about":[{"href":"https:\/\/clinicacemeq.es\/estetica\/wp-json\/wp\/v2\/types\/post"}],"author":[{"embeddable":true,"href":"https:\/\/clinicacemeq.es\/estetica\/wp-json\/wp\/v2\/users\/2"}],"replies":[{"embeddable":true,"href":"https:\/\/clinicacemeq.es\/estetica\/wp-json\/wp\/v2\/comments?post=8766"}],"version-history":[{"count":4,"href":"https:\/\/clinicacemeq.es\/estetica\/wp-json\/wp\/v2\/posts\/8766\/revisions"}],"predecessor-version":[{"id":8825,"href":"https:\/\/clinicacemeq.es\/estetica\/wp-json\/wp\/v2\/posts\/8766\/revisions\/8825"}],"wp:featuredmedia":[{"embeddable":true,"href":"https:\/\/clinicacemeq.es\/estetica\/wp-json\/wp\/v2\/media\/8769"}],"wp:attachment":[{"href":"https:\/\/clinicacemeq.es\/estetica\/wp-json\/wp\/v2\/media?parent=8766"}],"wp:term":[{"taxonomy":"category","embeddable":true,"href":"https:\/\/clinicacemeq.es\/estetica\/wp-json\/wp\/v2\/categories?post=8766"},{"taxonomy":"post_tag","embeddable":true,"href":"https:\/\/clinicacemeq.es\/estetica\/wp-json\/wp\/v2\/tags?post=8766"}],"curies":[{"name":"wp","href":"https:\/\/api.w.org\/{rel}","templated":true}]}}