{"id":8094,"date":"2023-02-15T11:01:00","date_gmt":"2023-02-15T11:01:00","guid":{"rendered":"https:\/\/clinicacemeq.es\/estetica\/?p=8094"},"modified":"2024-06-25T15:24:07","modified_gmt":"2024-06-25T15:24:07","slug":"pechos-separados-tras-la-operacion-de-pecho","status":"publish","type":"post","link":"https:\/\/clinicacemeq.es\/estetica\/2023\/02\/15\/pechos-separados-tras-la-operacion-de-pecho\/","title":{"rendered":"\u00bfPechos separados tras la operaci\u00f3n de pecho?"},"content":{"rendered":"\n\n<div class=\"kk-star-ratings kksr-auto kksr-align-left kksr-valign-top\"\n    data-payload='{&quot;align&quot;:&quot;left&quot;,&quot;id&quot;:&quot;8094&quot;,&quot;slug&quot;:&quot;default&quot;,&quot;valign&quot;:&quot;top&quot;,&quot;ignore&quot;:&quot;&quot;,&quot;reference&quot;:&quot;auto&quot;,&quot;class&quot;:&quot;&quot;,&quot;count&quot;:&quot;0&quot;,&quot;legendonly&quot;:&quot;&quot;,&quot;readonly&quot;:&quot;&quot;,&quot;score&quot;:&quot;0&quot;,&quot;starsonly&quot;:&quot;&quot;,&quot;best&quot;:&quot;5&quot;,&quot;gap&quot;:&quot;5&quot;,&quot;greet&quot;:&quot;Valora esta publicaci\u00f3n \ud83d\ude09&quot;,&quot;legend&quot;:&quot;0\\\/5 - (0 votos)&quot;,&quot;size&quot;:&quot;24&quot;,&quot;title&quot;:&quot;\u00bfPechos separados tras la operaci\u00f3n de pecho?&quot;,&quot;width&quot;:&quot;0&quot;,&quot;_legend&quot;:&quot;{score}\\\/{best} - ({count} {votes})&quot;,&quot;font_factor&quot;:&quot;1.25&quot;}'>\n            \n<div class=\"kksr-stars\">\n    \n<div class=\"kksr-stars-inactive\">\n            <div class=\"kksr-star\" data-star=\"1\" style=\"padding-right: 5px\">\n            \n\n<div class=\"kksr-icon\" style=\"width: 24px; height: 24px;\"><\/div>\n        <\/div>\n            <div class=\"kksr-star\" data-star=\"2\" style=\"padding-right: 5px\">\n            \n\n<div class=\"kksr-icon\" style=\"width: 24px; height: 24px;\"><\/div>\n        <\/div>\n            <div class=\"kksr-star\" data-star=\"3\" style=\"padding-right: 5px\">\n            \n\n<div class=\"kksr-icon\" style=\"width: 24px; height: 24px;\"><\/div>\n        <\/div>\n            <div class=\"kksr-star\" data-star=\"4\" style=\"padding-right: 5px\">\n            \n\n<div class=\"kksr-icon\" style=\"width: 24px; height: 24px;\"><\/div>\n        <\/div>\n            <div class=\"kksr-star\" data-star=\"5\" style=\"padding-right: 5px\">\n            \n\n<div class=\"kksr-icon\" style=\"width: 24px; height: 24px;\"><\/div>\n        <\/div>\n    <\/div>\n    \n<div class=\"kksr-stars-active\" style=\"width: 0px;\">\n            <div class=\"kksr-star\" style=\"padding-right: 5px\">\n            \n\n<div class=\"kksr-icon\" style=\"width: 24px; height: 24px;\"><\/div>\n        <\/div>\n            <div class=\"kksr-star\" style=\"padding-right: 5px\">\n            \n\n<div class=\"kksr-icon\" style=\"width: 24px; height: 24px;\"><\/div>\n        <\/div>\n            <div class=\"kksr-star\" style=\"padding-right: 5px\">\n            \n\n<div class=\"kksr-icon\" style=\"width: 24px; height: 24px;\"><\/div>\n        <\/div>\n            <div class=\"kksr-star\" style=\"padding-right: 5px\">\n            \n\n<div class=\"kksr-icon\" style=\"width: 24px; height: 24px;\"><\/div>\n        <\/div>\n            <div class=\"kksr-star\" style=\"padding-right: 5px\">\n            \n\n<div class=\"kksr-icon\" style=\"width: 24px; height: 24px;\"><\/div>\n        <\/div>\n    <\/div>\n<\/div>\n                \n\n<div class=\"kksr-legend\" style=\"font-size: 19.2px;\">\n            <span class=\"kksr-muted\">Valora esta publicaci\u00f3n \ud83d\ude09<\/span>\n    <\/div>\n    <\/div>\n<p>La<strong> operaci\u00f3n de pecho<\/strong> es una intervenci\u00f3n muy popular entre las mujeres de 20 a 55 a\u00f1os en Espa\u00f1a Sin embargo, Existen casos de mujeres que una mala ejecuci\u00f3n de la operaci\u00f3n de pecho les ha provocado mamas separadas. Afortunadamente, este es poco frecuente y existen soluciones para este problema. El equipo de nuestra<a href=\"https:\/\/clinicacemeq.es\/estetica\/home\/\"> <strong>cl\u00ednica est\u00e9tica<\/strong> <\/a>especializado en operaci\u00f3n de pecho te da algunos consejos para solucionarlo.<\/p>\n<h2>Causas de pechos separados tras la operaci\u00f3n de pecho<\/h2>\n<p>Hay varias razones por las que tus mamas pueden haberse separado tras una <a href=\"https:\/\/clinicacemeq.es\/estetica\/2023\/02\/02\/que-es-la-operacion-de-pecho\/\"><strong>operaci\u00f3n de pecho<\/strong>:<\/a><br \/>\nLa a<strong>natom\u00eda previa es el factor m\u00e1s importante,<\/strong> es decir, que tus pechos sean separados por naturaleza. En este caso, el resultado ser\u00e1 un pecho m\u00e1s separado del deseado.<\/p>\n<p>Dependiendo de la distancia entre tus areolas, puedes esperar resultados distintos de los aumentos de pecho. Si est\u00e1n separadas 17 cm o menos, prep\u00e1rate para unos pechos \u00abjuntos\u00bb con un sutil escote; de 18 a 20 cm significa que parecer\u00e1n naturales y no demasiado separadas; mientras que si est\u00e1n separadas m\u00e1s de 20 cm, hay que tomar precauciones adicionales para crear una separaci\u00f3n m\u00e1s deseable.<\/p>\n<p>Que los implantes se colocaran descentrados durante la intervenci\u00f3n es otra posibilidad. Por lo general ocurre en una mala ejecuci\u00f3n de la operaci\u00f3n aumento de pecho precio sospechosamente econ\u00f3mico, lo que puede esconder un mal profesional, poco experimentado, entre otras cosas.<\/p>\n<p>Otra posibilidad es que los m\u00fasculos de tu pecho se hayan tensado demasiado, adem\u00e1s es posible que tu piel se haya vuelto poco firme.<\/p>\n<h3>Prevenci\u00f3n del problema<\/h3>\n<p>Para evitar que tus senos luzcan separados despu\u00e9s de la <strong><a href=\"https:\/\/clinicacemeq.es\/estetica\/2023\/02\/02\/que-es-la-operacion-de-pecho\/\">operaci\u00f3n de pecho<\/a><\/strong>, debes elegir un cirujano experimentado y cualificado que eval\u00fae tu anatom\u00eda y elija una <strong>operaci\u00f3n de pecho<\/strong> acorde a tu anatom\u00eda. Entre otros factores, el m\u00e1s importante es colocar el implante centrado al pez\u00f3n para que no se vean apuntando hacia afuera o hacia adentro.<\/p>\n<h2>Opciones de tratamiento tras la mamoplastia<\/h2>\n<p>Si tus mamas se han separado despu\u00e9s de una<strong> mamoplastia,<\/strong> existen varias opciones de tratamiento. Una opci\u00f3n es simplemente esperar 6 meses a un a\u00f1o tras la intervenci\u00f3n (cuando ya se ha bajado completamente la inflamaci\u00f3n), y ver si el problema se corrigi\u00f3 solo con el tiempo. A veces, los implantes se asientan en su sitio por s\u00ed solos y la separaci\u00f3n se resuelve por s\u00ed sola. Otra opci\u00f3n es someterse a una operaci\u00f3n de revisi\u00f3n, durante la cual el cirujano puede ajustar la posici\u00f3n de los implantes o liberar los m\u00fasculos pectorales para aliviar la separaci\u00f3n.<\/p>\n<h2>\u00bfC\u00f3mo Arreglar los pechos asim\u00e9tricos tras la operaci\u00f3n de pecho?<\/h2>\n<p>La soluci\u00f3n, en t\u00e9rminos generales, ser\u00e1 una intervenci\u00f3n para corregir la posici\u00f3n de las pr\u00f3tesis. Esto puede incluir cambiar la posici\u00f3n de los implantes, reducirlos o agrandarlos, o sustituirlos por otros nuevos m\u00e1s anchos. En cualquier caso, es importante que acudas a un profesional de confianza que sepa utilizar <strong>todas estas t\u00e9cnicas para que obtengas los mejores resultados.<\/strong><\/p>\n<p>Si descubres que tus pezones no est\u00e1n correctamente alineados tras la <a href=\"https:\/\/clinicacemeq.es\/estetica\/2023\/02\/02\/que-es-la-operacion-de-pecho\/\"><strong>mamoplastia,<\/strong><\/a> existen algunas opciones de correcci\u00f3n. Una opci\u00f3n es un procedimiento de liberaci\u00f3n de la contractura capsular, que consiste en eliminar el tejido cicatricial que rodea al implante y que hace que se vuelva demasiado firme y apretado dentro de su c\u00e1psula. Esto puede ayudar a crear una mejor simetr\u00eda y equilibrio entre ambos pechos.<\/p>\n<p>Tambi\u00e9n es esencial que tengas en cuenta que cada pecho es diferente y requiere una evaluaci\u00f3n personalizada. Por ello, en nuestra <strong>cl\u00ednica est\u00e9tica<\/strong> recomendamos acudir a un m\u00e9dico especializado en mamoplastia que pueda estudiar tu caso particular y darte un plan de acci\u00f3n individualizado es muy recomendable.<\/p>\n<p><!--HubSpot Call-to-Action Code --><span id=\"hs-cta-wrapper-b458f849-1176-4b72-b5ff-e15169211f16\" class=\"hs-cta-wrapper\"><span id=\"hs-cta-b458f849-1176-4b72-b5ff-e15169211f16\" class=\"hs-cta-node hs-cta-b458f849-1176-4b72-b5ff-e15169211f16\"><!-- [if lte IE 8]>\n\n\n<div id=\"hs-cta-ie-element\"><\/div>\n\n\n<![endif]--><a href=\"https:\/\/hubspot-cta-redirect-eu1-prod.s3.amazonaws.com\/cta\/redirect\/25939375\/b458f849-1176-4b72-b5ff-e15169211f16\" target=\"_blank\" rel=\"noopener\"><img loading=\"lazy\" decoding=\"async\" id=\"hs-cta-img-b458f849-1176-4b72-b5ff-e15169211f16\" class=\"hs-cta-img aligncenter\" style=\"border-width: 0px;\" src=\"https:\/\/hubspot-no-cache-eu1-prod.s3.amazonaws.com\/cta\/default\/25939375\/b458f849-1176-4b72-b5ff-e15169211f16.png\" alt=\"Resultados definitivos y naturales\" width=\"663\" height=\"199\" \/><\/a><\/span><\/span><\/p>\n<h2>Precio de la operaci\u00f3n de pecho<\/h2>\n<p>Nadie quiere someterse a un<a href=\"https:\/\/clinicacemeq.es\/estetica\/2023\/02\/02\/que-es-la-operacion-de-pecho\/\"><strong> precio de operaci\u00f3n de pecho <\/strong><\/a>\u201cen oferta\u201d solo para acabar despu\u00e9s con unos pechos separados debido a una mala ejecuci\u00f3n de la operaci\u00f3n o al desplazamiento de los implantes. Desgraciadamente, existen cl\u00ednicas de \u00abdudosa reputaci\u00f3n\u00bb que ofrecen tratamientos de cirug\u00eda pl\u00e1stica a precios muy econ\u00f3micos sin ning\u00fan tipo de seguimiento posterior y las condiciones no son las m\u00e1s \u00f3ptimas. Afortunadamente, existen soluciones para este problema y en nuestra <a href=\"https:\/\/clinicacemeq.es\/estetica\/home\/\"><strong>cl\u00ednica est\u00e9tica<\/strong> <\/a>estamos especializados en ayudar a nuestras pacientes a volver a encaminarse hacia los resultados est\u00e9ticos deseados de forma segura y eficaz. Si experimentas asimetr\u00eda tras la <strong><a href=\"https:\/\/clinicacemeq.es\/estetica\/2023\/02\/02\/que-es-la-operacion-de-pecho\/\">operaci\u00f3n de pecho,<\/a><\/strong> ponte en contacto con nosotros hoy mismo para recibir asesoramiento personalizado adaptado espec\u00edficamente a ti.<\/p>\n<h2>CEMEQ: Especialistas en aumento de pecho en Valencia<\/h2>\n<p>En CEMEQ<strong><a href=\"https:\/\/clinicacemeq.es\/estetica\/home\/\"> cl\u00ednica est\u00e9tica<\/a><\/strong> comprendemos lo desagradable que puede ser esta experiencia para nuestras pacientes y nos esforzamos por ofrecerles una atenci\u00f3n personalizada y planes de tratamiento basados en sus necesidades individuales. Tenemos amplia experiencia en cirug\u00eda de<a href=\"https:\/\/clinicacemeq.es\/estetica\/2023\/02\/02\/que-es-la-operacion-de-pecho\/\"><strong> aumento de pecho en Valencia<\/strong><\/a> podemos proporcionar a nuestras pacientes informaci\u00f3n fiable sobre sus opciones para corregir los pechos asim\u00e9tricos tras la<strong> mamoplastia<\/strong>.<a href=\"https:\/\/clinicacemeq.es\/estetica\/contacto\/\"><strong> Pide tu valoraci\u00f3n gratuita<\/strong><\/a>. No te arrepentir\u00e1s.<\/p>\n","protected":false},"excerpt":{"rendered":"<p>La operaci\u00f3n de pecho es una intervenci\u00f3n muy popular entre las mujeres de 20 a 55 a\u00f1os en Espa\u00f1a Sin embargo, Existen casos de mujeres que una mala ejecuci\u00f3n de la operaci\u00f3n de pecho les ha provocado mamas separadas. Afortunadamente, este es poco frecuente y existen soluciones para este problema. El equipo de nuestra cl\u00ednica [&#8230;]\n","protected":false},"author":2,"featured_media":8096,"comment_status":"closed","ping_status":"closed","sticky":false,"template":"","format":"standard","meta":{"footnotes":""},"categories":[1,147,140],"tags":[],"yoast_head":"<!-- This site is optimized with the Yoast SEO Premium plugin v18.3 (Yoast SEO v24.5) - https:\/\/yoast.com\/wordpress\/plugins\/seo\/ -->\n<title>\u00bfPechos separados tras la operaci\u00f3n de pecho? - Cl\u00ednica Est\u00e9tica CEMEQ<\/title>\n<meta name=\"description\" content=\"Te contamos como solucionar uno de los problemas que pueden surgir tras la operaci\u00f3n de pecho. Pide tu valoraci\u00f3n gratuita.\" \/>\n<meta name=\"robots\" content=\"index, follow, max-snippet:-1, max-image-preview:large, max-video-preview:-1\" \/>\n<link rel=\"canonical\" href=\"https:\/\/clinicacemeq.es\/estetica\/2023\/02\/15\/pechos-separados-tras-la-operacion-de-pecho\/\" \/>\n<meta property=\"og:locale\" content=\"es_ES\" \/>\n<meta property=\"og:type\" content=\"article\" \/>\n<meta property=\"og:title\" content=\"\u00bfPechos separados tras la operaci\u00f3n de pecho?\" \/>\n<meta property=\"og:description\" content=\"Te contamos como solucionar uno de los problemas que pueden surgir tras la operaci\u00f3n de pecho. Pide tu valoraci\u00f3n gratuita.\" \/>\n<meta property=\"og:url\" content=\"https:\/\/clinicacemeq.es\/estetica\/2023\/02\/15\/pechos-separados-tras-la-operacion-de-pecho\/\" \/>\n<meta property=\"og:site_name\" content=\"Cl\u00ednica Est\u00e9tica CEMEQ\" \/>\n<meta property=\"article:published_time\" content=\"2023-02-15T11:01:00+00:00\" \/>\n<meta property=\"article:modified_time\" content=\"2024-06-25T15:24:07+00:00\" \/>\n<meta property=\"og:image\" content=\"https:\/\/clinicacemeq.es\/estetica\/wp-content\/uploads\/2023\/02\/operacion-de-pecho-en-Espana-e1676458960895.jpeg\" \/>\n\t<meta property=\"og:image:width\" content=\"600\" \/>\n\t<meta property=\"og:image:height\" content=\"600\" \/>\n\t<meta property=\"og:image:type\" content=\"image\/jpeg\" \/>\n<meta name=\"author\" content=\"Federico Mahiques\" \/>\n<meta name=\"twitter:card\" content=\"summary_large_image\" \/>\n<meta name=\"twitter:label1\" content=\"Escrito por\" \/>\n\t<meta name=\"twitter:data1\" content=\"Federico Mahiques\" \/>\n\t<meta name=\"twitter:label2\" content=\"Tiempo de lectura\" \/>\n\t<meta name=\"twitter:data2\" content=\"4 minutos\" \/>\n<script type=\"application\/ld+json\" class=\"yoast-schema-graph\">{\"@context\":\"https:\/\/schema.org\",\"@graph\":[{\"@type\":[\"WebPage\",\"ItemPage\"],\"@id\":\"https:\/\/clinicacemeq.es\/estetica\/2023\/02\/15\/pechos-separados-tras-la-operacion-de-pecho\/\",\"url\":\"https:\/\/clinicacemeq.es\/estetica\/2023\/02\/15\/pechos-separados-tras-la-operacion-de-pecho\/\",\"name\":\"\u00bfPechos separados tras la operaci\u00f3n de pecho? - Cl\u00ednica Est\u00e9tica CEMEQ\",\"isPartOf\":{\"@id\":\"https:\/\/clinicacemeq.es\/estetica\/#website\"},\"primaryImageOfPage\":{\"@id\":\"https:\/\/clinicacemeq.es\/estetica\/2023\/02\/15\/pechos-separados-tras-la-operacion-de-pecho\/#primaryimage\"},\"image\":{\"@id\":\"https:\/\/clinicacemeq.es\/estetica\/2023\/02\/15\/pechos-separados-tras-la-operacion-de-pecho\/#primaryimage\"},\"thumbnailUrl\":\"https:\/\/clinicacemeq.es\/estetica\/wp-content\/uploads\/2023\/02\/operacion-de-pecho-en-Espana-e1676458960895.jpeg\",\"datePublished\":\"2023-02-15T11:01:00+00:00\",\"dateModified\":\"2024-06-25T15:24:07+00:00\",\"author\":{\"@id\":\"https:\/\/clinicacemeq.es\/estetica\/#\/schema\/person\/970b971cfb22127a85928078e5d97fcf\"},\"description\":\"Te contamos como solucionar uno de los problemas que pueden surgir tras la operaci\u00f3n de pecho. Pide tu valoraci\u00f3n gratuita.\",\"breadcrumb\":{\"@id\":\"https:\/\/clinicacemeq.es\/estetica\/2023\/02\/15\/pechos-separados-tras-la-operacion-de-pecho\/#breadcrumb\"},\"inLanguage\":\"es\",\"potentialAction\":[{\"@type\":\"ReadAction\",\"target\":[\"https:\/\/clinicacemeq.es\/estetica\/2023\/02\/15\/pechos-separados-tras-la-operacion-de-pecho\/\"]}]},{\"@type\":\"ImageObject\",\"inLanguage\":\"es\",\"@id\":\"https:\/\/clinicacemeq.es\/estetica\/2023\/02\/15\/pechos-separados-tras-la-operacion-de-pecho\/#primaryimage\",\"url\":\"https:\/\/clinicacemeq.es\/estetica\/wp-content\/uploads\/2023\/02\/operacion-de-pecho-en-Espana-e1676458960895.jpeg\",\"contentUrl\":\"https:\/\/clinicacemeq.es\/estetica\/wp-content\/uploads\/2023\/02\/operacion-de-pecho-en-Espana-e1676458960895.jpeg\",\"width\":600,\"height\":600,\"caption\":\"Operaci\u00f3n de pecho en Espa\u00f1a\"},{\"@type\":\"BreadcrumbList\",\"@id\":\"https:\/\/clinicacemeq.es\/estetica\/2023\/02\/15\/pechos-separados-tras-la-operacion-de-pecho\/#breadcrumb\",\"itemListElement\":[{\"@type\":\"ListItem\",\"position\":1,\"name\":\"Portada\",\"item\":\"https:\/\/clinicacemeq.es\/estetica\/\"},{\"@type\":\"ListItem\",\"position\":2,\"name\":\"\u00bfPechos separados tras la operaci\u00f3n de pecho?\"}]},{\"@type\":\"WebSite\",\"@id\":\"https:\/\/clinicacemeq.es\/estetica\/#website\",\"url\":\"https:\/\/clinicacemeq.es\/estetica\/\",\"name\":\"Cl\u00ednica Est\u00e9tica CEMEQ\",\"description\":\"Medicina est\u00e9tica \u0131 Cirug\u00eda Est\u00e9tica \u0131 Cl\u00ednica Dental \u0131 Unidad Capilar \u0131 Unidad de Obesidad\",\"potentialAction\":[{\"@type\":\"SearchAction\",\"target\":{\"@type\":\"EntryPoint\",\"urlTemplate\":\"https:\/\/clinicacemeq.es\/estetica\/?s={search_term_string}\"},\"query-input\":{\"@type\":\"PropertyValueSpecification\",\"valueRequired\":true,\"valueName\":\"search_term_string\"}}],\"inLanguage\":\"es\"},{\"@type\":\"Person\",\"@id\":\"https:\/\/clinicacemeq.es\/estetica\/#\/schema\/person\/970b971cfb22127a85928078e5d97fcf\",\"name\":\"Federico Mahiques\",\"image\":{\"@type\":\"ImageObject\",\"inLanguage\":\"es\",\"@id\":\"https:\/\/clinicacemeq.es\/estetica\/#\/schema\/person\/image\/\",\"url\":\"https:\/\/secure.gravatar.com\/avatar\/2eb8af16608046630259421df61b19a9?s=96&d=mm&r=g\",\"contentUrl\":\"https:\/\/secure.gravatar.com\/avatar\/2eb8af16608046630259421df61b19a9?s=96&d=mm&r=g\",\"caption\":\"Federico Mahiques\"},\"url\":\"https:\/\/clinicacemeq.es\/estetica\/author\/clinica-cemeq\/\"}]}<\/script>\n<!-- \/ Yoast SEO Premium plugin. -->","yoast_head_json":{"title":"\u00bfPechos separados tras la operaci\u00f3n de pecho? - Cl\u00ednica Est\u00e9tica CEMEQ","description":"Te contamos como solucionar uno de los problemas que pueden surgir tras la operaci\u00f3n de pecho. Pide tu valoraci\u00f3n gratuita.","robots":{"index":"index","follow":"follow","max-snippet":"max-snippet:-1","max-image-preview":"max-image-preview:large","max-video-preview":"max-video-preview:-1"},"canonical":"https:\/\/clinicacemeq.es\/estetica\/2023\/02\/15\/pechos-separados-tras-la-operacion-de-pecho\/","og_locale":"es_ES","og_type":"article","og_title":"\u00bfPechos separados tras la operaci\u00f3n de pecho?","og_description":"Te contamos como solucionar uno de los problemas que pueden surgir tras la operaci\u00f3n de pecho. Pide tu valoraci\u00f3n gratuita.","og_url":"https:\/\/clinicacemeq.es\/estetica\/2023\/02\/15\/pechos-separados-tras-la-operacion-de-pecho\/","og_site_name":"Cl\u00ednica Est\u00e9tica CEMEQ","article_published_time":"2023-02-15T11:01:00+00:00","article_modified_time":"2024-06-25T15:24:07+00:00","og_image":[{"width":600,"height":600,"url":"https:\/\/clinicacemeq.es\/estetica\/wp-content\/uploads\/2023\/02\/operacion-de-pecho-en-Espana-e1676458960895.jpeg","type":"image\/jpeg"}],"author":"Federico Mahiques","twitter_card":"summary_large_image","twitter_misc":{"Escrito por":"Federico Mahiques","Tiempo de lectura":"4 minutos"},"schema":{"@context":"https:\/\/schema.org","@graph":[{"@type":["WebPage","ItemPage"],"@id":"https:\/\/clinicacemeq.es\/estetica\/2023\/02\/15\/pechos-separados-tras-la-operacion-de-pecho\/","url":"https:\/\/clinicacemeq.es\/estetica\/2023\/02\/15\/pechos-separados-tras-la-operacion-de-pecho\/","name":"\u00bfPechos separados tras la operaci\u00f3n de pecho? - Cl\u00ednica Est\u00e9tica CEMEQ","isPartOf":{"@id":"https:\/\/clinicacemeq.es\/estetica\/#website"},"primaryImageOfPage":{"@id":"https:\/\/clinicacemeq.es\/estetica\/2023\/02\/15\/pechos-separados-tras-la-operacion-de-pecho\/#primaryimage"},"image":{"@id":"https:\/\/clinicacemeq.es\/estetica\/2023\/02\/15\/pechos-separados-tras-la-operacion-de-pecho\/#primaryimage"},"thumbnailUrl":"https:\/\/clinicacemeq.es\/estetica\/wp-content\/uploads\/2023\/02\/operacion-de-pecho-en-Espana-e1676458960895.jpeg","datePublished":"2023-02-15T11:01:00+00:00","dateModified":"2024-06-25T15:24:07+00:00","author":{"@id":"https:\/\/clinicacemeq.es\/estetica\/#\/schema\/person\/970b971cfb22127a85928078e5d97fcf"},"description":"Te contamos como solucionar uno de los problemas que pueden surgir tras la operaci\u00f3n de pecho. Pide tu valoraci\u00f3n gratuita.","breadcrumb":{"@id":"https:\/\/clinicacemeq.es\/estetica\/2023\/02\/15\/pechos-separados-tras-la-operacion-de-pecho\/#breadcrumb"},"inLanguage":"es","potentialAction":[{"@type":"ReadAction","target":["https:\/\/clinicacemeq.es\/estetica\/2023\/02\/15\/pechos-separados-tras-la-operacion-de-pecho\/"]}]},{"@type":"ImageObject","inLanguage":"es","@id":"https:\/\/clinicacemeq.es\/estetica\/2023\/02\/15\/pechos-separados-tras-la-operacion-de-pecho\/#primaryimage","url":"https:\/\/clinicacemeq.es\/estetica\/wp-content\/uploads\/2023\/02\/operacion-de-pecho-en-Espana-e1676458960895.jpeg","contentUrl":"https:\/\/clinicacemeq.es\/estetica\/wp-content\/uploads\/2023\/02\/operacion-de-pecho-en-Espana-e1676458960895.jpeg","width":600,"height":600,"caption":"Operaci\u00f3n de pecho en Espa\u00f1a"},{"@type":"BreadcrumbList","@id":"https:\/\/clinicacemeq.es\/estetica\/2023\/02\/15\/pechos-separados-tras-la-operacion-de-pecho\/#breadcrumb","itemListElement":[{"@type":"ListItem","position":1,"name":"Portada","item":"https:\/\/clinicacemeq.es\/estetica\/"},{"@type":"ListItem","position":2,"name":"\u00bfPechos separados tras la operaci\u00f3n de pecho?"}]},{"@type":"WebSite","@id":"https:\/\/clinicacemeq.es\/estetica\/#website","url":"https:\/\/clinicacemeq.es\/estetica\/","name":"Cl\u00ednica Est\u00e9tica CEMEQ","description":"Medicina est\u00e9tica \u0131 Cirug\u00eda Est\u00e9tica \u0131 Cl\u00ednica Dental \u0131 Unidad Capilar \u0131 Unidad de Obesidad","potentialAction":[{"@type":"SearchAction","target":{"@type":"EntryPoint","urlTemplate":"https:\/\/clinicacemeq.es\/estetica\/?s={search_term_string}"},"query-input":{"@type":"PropertyValueSpecification","valueRequired":true,"valueName":"search_term_string"}}],"inLanguage":"es"},{"@type":"Person","@id":"https:\/\/clinicacemeq.es\/estetica\/#\/schema\/person\/970b971cfb22127a85928078e5d97fcf","name":"Federico Mahiques","image":{"@type":"ImageObject","inLanguage":"es","@id":"https:\/\/clinicacemeq.es\/estetica\/#\/schema\/person\/image\/","url":"https:\/\/secure.gravatar.com\/avatar\/2eb8af16608046630259421df61b19a9?s=96&d=mm&r=g","contentUrl":"https:\/\/secure.gravatar.com\/avatar\/2eb8af16608046630259421df61b19a9?s=96&d=mm&r=g","caption":"Federico Mahiques"},"url":"https:\/\/clinicacemeq.es\/estetica\/author\/clinica-cemeq\/"}]}},"_links":{"self":[{"href":"https:\/\/clinicacemeq.es\/estetica\/wp-json\/wp\/v2\/posts\/8094"}],"collection":[{"href":"https:\/\/clinicacemeq.es\/estetica\/wp-json\/wp\/v2\/posts"}],"about":[{"href":"https:\/\/clinicacemeq.es\/estetica\/wp-json\/wp\/v2\/types\/post"}],"author":[{"embeddable":true,"href":"https:\/\/clinicacemeq.es\/estetica\/wp-json\/wp\/v2\/users\/2"}],"replies":[{"embeddable":true,"href":"https:\/\/clinicacemeq.es\/estetica\/wp-json\/wp\/v2\/comments?post=8094"}],"version-history":[{"count":4,"href":"https:\/\/clinicacemeq.es\/estetica\/wp-json\/wp\/v2\/posts\/8094\/revisions"}],"predecessor-version":[{"id":8847,"href":"https:\/\/clinicacemeq.es\/estetica\/wp-json\/wp\/v2\/posts\/8094\/revisions\/8847"}],"wp:featuredmedia":[{"embeddable":true,"href":"https:\/\/clinicacemeq.es\/estetica\/wp-json\/wp\/v2\/media\/8096"}],"wp:attachment":[{"href":"https:\/\/clinicacemeq.es\/estetica\/wp-json\/wp\/v2\/media?parent=8094"}],"wp:term":[{"taxonomy":"category","embeddable":true,"href":"https:\/\/clinicacemeq.es\/estetica\/wp-json\/wp\/v2\/categories?post=8094"},{"taxonomy":"post_tag","embeddable":true,"href":"https:\/\/clinicacemeq.es\/estetica\/wp-json\/wp\/v2\/tags?post=8094"}],"curies":[{"name":"wp","href":"https:\/\/api.w.org\/{rel}","templated":true}]}}