{"id":7619,"date":"2023-02-06T19:07:08","date_gmt":"2023-02-06T19:07:08","guid":{"rendered":"https:\/\/clinicacemeq.es\/estetica\/?p=7619"},"modified":"2024-06-25T15:24:30","modified_gmt":"2024-06-25T15:24:30","slug":"que-es-la-reduccion-de-pecho","status":"publish","type":"post","link":"https:\/\/clinicacemeq.es\/estetica\/2023\/02\/06\/que-es-la-reduccion-de-pecho\/","title":{"rendered":"\u00bfQu\u00e9 es la reducci\u00f3n de pecho?"},"content":{"rendered":"\n\n<div class=\"kk-star-ratings kksr-auto kksr-align-left kksr-valign-top\"\n    data-payload='{&quot;align&quot;:&quot;left&quot;,&quot;id&quot;:&quot;7619&quot;,&quot;slug&quot;:&quot;default&quot;,&quot;valign&quot;:&quot;top&quot;,&quot;ignore&quot;:&quot;&quot;,&quot;reference&quot;:&quot;auto&quot;,&quot;class&quot;:&quot;&quot;,&quot;count&quot;:&quot;0&quot;,&quot;legendonly&quot;:&quot;&quot;,&quot;readonly&quot;:&quot;&quot;,&quot;score&quot;:&quot;0&quot;,&quot;starsonly&quot;:&quot;&quot;,&quot;best&quot;:&quot;5&quot;,&quot;gap&quot;:&quot;5&quot;,&quot;greet&quot;:&quot;Valora esta publicaci\u00f3n \ud83d\ude09&quot;,&quot;legend&quot;:&quot;0\\\/5 - (0 votos)&quot;,&quot;size&quot;:&quot;24&quot;,&quot;title&quot;:&quot;\u00bfQu\u00e9 es la reducci\u00f3n de pecho?&quot;,&quot;width&quot;:&quot;0&quot;,&quot;_legend&quot;:&quot;{score}\\\/{best} - ({count} {votes})&quot;,&quot;font_factor&quot;:&quot;1.25&quot;}'>\n            \n<div class=\"kksr-stars\">\n    \n<div class=\"kksr-stars-inactive\">\n            <div class=\"kksr-star\" data-star=\"1\" style=\"padding-right: 5px\">\n            \n\n<div class=\"kksr-icon\" style=\"width: 24px; height: 24px;\"><\/div>\n        <\/div>\n            <div class=\"kksr-star\" data-star=\"2\" style=\"padding-right: 5px\">\n            \n\n<div class=\"kksr-icon\" style=\"width: 24px; height: 24px;\"><\/div>\n        <\/div>\n            <div class=\"kksr-star\" data-star=\"3\" style=\"padding-right: 5px\">\n            \n\n<div class=\"kksr-icon\" style=\"width: 24px; height: 24px;\"><\/div>\n        <\/div>\n            <div class=\"kksr-star\" data-star=\"4\" style=\"padding-right: 5px\">\n            \n\n<div class=\"kksr-icon\" style=\"width: 24px; height: 24px;\"><\/div>\n        <\/div>\n            <div class=\"kksr-star\" data-star=\"5\" style=\"padding-right: 5px\">\n            \n\n<div class=\"kksr-icon\" style=\"width: 24px; height: 24px;\"><\/div>\n        <\/div>\n    <\/div>\n    \n<div class=\"kksr-stars-active\" style=\"width: 0px;\">\n            <div class=\"kksr-star\" style=\"padding-right: 5px\">\n            \n\n<div class=\"kksr-icon\" style=\"width: 24px; height: 24px;\"><\/div>\n        <\/div>\n            <div class=\"kksr-star\" style=\"padding-right: 5px\">\n            \n\n<div class=\"kksr-icon\" style=\"width: 24px; height: 24px;\"><\/div>\n        <\/div>\n            <div class=\"kksr-star\" style=\"padding-right: 5px\">\n            \n\n<div class=\"kksr-icon\" style=\"width: 24px; height: 24px;\"><\/div>\n        <\/div>\n            <div class=\"kksr-star\" style=\"padding-right: 5px\">\n            \n\n<div class=\"kksr-icon\" style=\"width: 24px; height: 24px;\"><\/div>\n        <\/div>\n            <div class=\"kksr-star\" style=\"padding-right: 5px\">\n            \n\n<div class=\"kksr-icon\" style=\"width: 24px; height: 24px;\"><\/div>\n        <\/div>\n    <\/div>\n<\/div>\n                \n\n<div class=\"kksr-legend\" style=\"font-size: 19.2px;\">\n            <span class=\"kksr-muted\">Valora esta publicaci\u00f3n \ud83d\ude09<\/span>\n    <\/div>\n    <\/div>\n<p>\u00bfQuieres conseguir el tama\u00f1o ideal de tus pechos? Con la reducci\u00f3n de pecho podr\u00e1s conseguirlo. La mejora en la calidad de vida y los grandes resultados que genera en los pacientes, hacen que la<strong> reducci\u00f3n de pecho<\/strong> sea un a de las intervenciones con mayor tasa de satisfacci\u00f3n en nuestra<strong> cl\u00ednica est\u00e9tica<\/strong>. En el siguiente post te contamos las principales ventajas que tiene someterse a esta operaci\u00f3n. Sigue leyendo.<\/p>\n<h2>\u00bfEn qu\u00e9 consiste la reducci\u00f3n de pecho?<\/h2>\n<p>La<strong><a href=\"https:\/\/clinicacemeq.es\/estetica\/reduccion-de-pecho\/\"> reducci\u00f3n de pecho<\/a> <\/strong>es una cirug\u00eda cuyo objetivo es lograr que las mamas sean m\u00e1s peque\u00f1as y proporcionadas al resto del cuerpo, mediante la extirpaci\u00f3n de grasa, piel y tejido mamario.Adem\u00e1s, tambi\u00e9n se puede llegar a reducir el tama\u00f1o de la areola.<\/p>\n<p>La intervenci\u00f3n se realiza en quir\u00f3fano, se aplica anestesia general y su duraci\u00f3n es entre dos y cuatro horas.<\/p>\n<h2>\u00bfPor qu\u00e9 optar por la reducci\u00f3n de pecho?<\/h2>\n<p>La <strong>reducci\u00f3n de mamas<\/strong> est\u00e1 dirigida a personas que tienen el pecho grande y sufren las siguientes complicaciones:<\/p>\n<ul>\n<li>Dolor cr\u00f3nico de cuello, espalda y hombros.<\/li>\n<li>Limitar sus actividades diarias y f\u00edsicas<\/li>\n<li>Autoestima baja por el gran tama\u00f1o de sus pechos<\/li>\n<li>Problemas para encontrar ropa o sostenes de su tama\u00f1o<\/li>\n<\/ul>\n<h2>\u00bfC\u00f3mo prepararse ante una reducci\u00f3n de pecho?<\/h2>\n<p>A continuaci\u00f3n te mostramos los pasos a seguir en nuestra<strong><a href=\"https:\/\/clinicacemeq.es\/estetica\/home\/\"> cl\u00ednica est\u00e9tica:<\/a><\/strong><\/p>\n<ul>\n<li>En una primera consulta, nuestro cirujano evaluar\u00e1 tus antecedentes m\u00e9dicos y salud general.\u00a0 Adem\u00e1s, hablar\u00e1 contigo sobre el tama\u00f1o que deseas de tus pechos.<\/li>\n<li>Tras ello, te informar\u00e1 sobre la operaci\u00f3n, sus riesgos y beneficios, as\u00ed como las cicatrices.<\/li>\n<li>Por \u00faltimo examinar y medir\u00e1 las mamas y tomar\u00e1 fotograf\u00edas para tu expediente m\u00e9dico.<\/li>\n<\/ul>\n<p>La planificaci\u00f3n de la reducci\u00f3n de mamas puede requiere lo siguiente:<\/p>\n<ul>\n<li>Una mamograf\u00eda<\/li>\n<li>no fumar al menos las seis semanas previas y posteriores a la intervenci\u00f3n.<\/li>\n<li>No tomar medicamentos antiinflamatorios, aspirina ni suplementos, para controlar el sangrado tras la intervenci\u00f3n.<\/li>\n<\/ul>\n<h2>Durante la operaci\u00f3n reducci\u00f3n de pecho<\/h2>\n<p>Existen diferentes t\u00e9cnicas de<strong> operaci\u00f3n reducci\u00f3n de pecho,<\/strong> por lo general se lleva a cabo practicando una incisi\u00f3n que se inicia en la parte baja de la areola y finaliza en el surco que define la uni\u00f3n inferior de la mama con el t\u00f3rax, y una segunda horizontal en este pliegue de la piel.<br \/>\nPosteriormente, se extrae el exceso de grasa y tejido mamario y se elimina la piel sobrante, antes de proceder a la sutura de la herida se recoloca la areola y el pez\u00f3n en su nueva ubicaci\u00f3n. Al finalizar la intervenci\u00f3n se colocan unos tubos de drenaje y se vendan los pechos. El drenaje se retira a los pocos d\u00edas y se sustituye por un sujetador especial.<\/p>\n<h2>\u00bfC\u00f3mo es el postoperatorio de la operaci\u00f3n reducci\u00f3n de pecho?<\/h2>\n<p>Una de las preguntas m\u00e1s frecuentes de los pacientes sobre la<strong> reducci\u00f3n de pecho<\/strong> cuando acuden a consulta es sobre el postoperatorio. A continuaci\u00f3n os mostramos los pasos a seguir:<\/p>\n<h3>Tras la reducci\u00f3n de pecho:<\/h3>\n<ul>\n<li>Las mamas se cubren con un vendaje y se coloca un sost\u00e9n de compresi\u00f3n para mantenerlas en su lugar<\/li>\n<li>Es posible que recibas medicamentos para el dolor y para disminuir el riesgo de infecci\u00f3n.<\/li>\n<li>Durante los primeros d\u00edas o la primera semana despu\u00e9s de la cirug\u00eda es probable que sientas sensibilidad en las mamas<br \/>\nPuede que las mam\u00e1s presenten moratones y se inflamen.<\/li>\n<li>Las molestias a causa de la\u00a0 se controlan f\u00e1cilmente con antiinflamatorios. Asimismo, es normal sentir sensaci\u00f3n de ardor en los pezones los primeros d\u00edas.<\/li>\n<\/ul>\n<h3>Despu\u00e9s de la operaci\u00f3n:<\/h3>\n<ul>\n<li>Recomendamos limitar la actividad f\u00edsica de 4 a 6 semanas mientras cicatricen las mamas.<\/li>\n<li>Usa todo el tiempo un sost\u00e9n de compresi\u00f3n aprobado para permitir que las mam\u00e1s cicatricen y reduzcan la hinchaz\u00f3n.<\/li>\n<\/ul>\n<p>Una de las mayores preocupaciones de los pacientes que se realizan la <strong>reducci\u00f3n de pecho<\/strong> son las cicatrices. Las cicatrices pueden resultar aparatosas si el pecho es grande, no obstante, si se trata de manera adecuada poco a poco van desapareciendo.<br \/>\nEn CEMEQ contamos con<strong> cirujanos con gran experiencia<\/strong> en este tipo de intervenciones, capaces de realizar una<strong> operaci\u00f3n reducci\u00f3n de pecho lo menos invasiva y segura posible<\/strong>. Es por eso que, aconsejamos acudir a nuestras citas de revisi\u00f3n con el cirujano para vigilar la recuperaci\u00f3n y que los resultados sean los deseados.<\/p>\n<p><img loading=\"lazy\" decoding=\"async\" class=\"aligncenter wp-image-7622 size-thumbnail\" src=\"https:\/\/clinicacemeq.es\/estetica\/wp-content\/uploads\/2023\/02\/PRECIO-REDUCCION-DE-PECHO-280x280.jpeg\" alt=\"PRECIO REDUCCI\u00d3N DE PECHO\" width=\"280\" height=\"280\" srcset=\"https:\/\/clinicacemeq.es\/estetica\/wp-content\/uploads\/2023\/02\/PRECIO-REDUCCION-DE-PECHO-280x280.jpeg 280w, https:\/\/clinicacemeq.es\/estetica\/wp-content\/uploads\/2023\/02\/PRECIO-REDUCCION-DE-PECHO-400x400.jpeg 400w, https:\/\/clinicacemeq.es\/estetica\/wp-content\/uploads\/2023\/02\/PRECIO-REDUCCION-DE-PECHO-800x800.jpeg 800w, https:\/\/clinicacemeq.es\/estetica\/wp-content\/uploads\/2023\/02\/PRECIO-REDUCCION-DE-PECHO-768x768.jpeg 768w, https:\/\/clinicacemeq.es\/estetica\/wp-content\/uploads\/2023\/02\/PRECIO-REDUCCION-DE-PECHO.jpeg 1080w\" sizes=\"(max-width: 280px) 100vw, 280px\" \/><\/p>\n<h3>\u00bfC\u00f3mo ser\u00e1n tus resultados?<\/h3>\n<p>Los pacientes que se someten a una<strong><a href=\"https:\/\/clinicacemeq.es\/estetica\/reduccion-de-pecho\/\"> reducci\u00f3n de pecho<\/a> <\/strong>refuerzan su confianza en s\u00ed mismos y elimina complejos f\u00edsicos.Con la intervenci\u00f3n conseguir\u00e1s aliviar el dolor en la parte superior de la espalda, cuello y hombros Tambi\u00e9n conseguir\u00e1s un f\u00edsico m\u00e1s proporcional al resto del cuerpo. En muchos casos se mejora la eficiencia pulmonar corrigiendo problemas respiratorios de la paciente.<\/p>\n<h2>\u00bfCu\u00e1l es el precio reducci\u00f3n de pecho?<\/h2>\n<p>La<strong> reducci\u00f3n de pecho<\/strong> oscila entre los 4.500-5.500 euros, dependiendo de la cl\u00ednica donde se realice, caracter\u00edsticas de la intervenci\u00f3n, tipo de t\u00e9cnica y de otros factores.<br \/>\nEn la actualidad, existen numerosas cl\u00ednicas de \u201cdudosa reputaci\u00f3n\u201d que ofrecen la<strong> operaci\u00f3n reducci\u00f3n de pecho<\/strong> a un precio muy bajo sin contar con las medidas de seguridad necesarias, ni conocimientos suficientes, dando lugar a resultados nefastos y el descontento de las pacientes.En caso de que quieras someterse a una cirug\u00eda est\u00e9tica, no dudes en contactar con un equipo profesional capaz de realizar un seguimiento previo y posterior a la intervenci\u00f3n. En nuestra<a href=\"https:\/\/clinicacemeq.es\/estetica\/home\/\"><strong> cl\u00ednica est\u00e9tica<\/strong> <\/a>contamos con un equipo m\u00e9dico con gran experiencia en el sector, y concretamente en<strong> operaci\u00f3n reducci\u00f3n de pecho a un precio razonable.<\/strong> Nuestras operaciones se realizan siempre bajo los protocolos de m\u00e1xima seguridad y calidad teniendo los conocimientos necesarios para dar cada paso.<\/p>\n<h2>Precio reducci\u00f3n de pecho en CEMEQ<\/h2>\n<p>Al tratarse de un tratamiento d<strong>e reducci\u00f3n de mamas<\/strong> personalizado para conocer el precio es necesario acudir a una primera valoraci\u00f3n con nuestro cirujano para que determine que tipo de t\u00e9cnica es la que mejor se adapta a tus necesidades. Tras la revisi\u00f3n, nuestro equipo comercial te ofrece un <strong>precio reducci\u00f3n de pecho<\/strong> cerrado y con todo incluido:<\/p>\n<ul>\n<li>Primera valoraci\u00f3n gratuita<\/li>\n<li>Intervenci\u00f3n<\/li>\n<li>Postoperatorio<\/li>\n<li>Citas y revisiones<\/li>\n<li>Cirujano con experiencia<\/li>\n<li>Financiaci\u00f3n a medida<\/li>\n<li>Tel\u00e9fono de urgencia 24\u202fh<\/li>\n<\/ul>\n<p>Para que el <strong>precio reducci\u00f3n de pecho<\/strong> no sea un obst\u00e1culo, en CEMEQ contamos con planes de financiaci\u00f3n y facilidades de pago.<br \/>\nSi est\u00e1s pensando en realizarte una <strong><a href=\"https:\/\/clinicacemeq.es\/estetica\/reduccion-de-pecho\/\">reducci\u00f3n de pecho,<\/a><\/strong> acude a nuestra<a href=\"https:\/\/clinicacemeq.es\/estetica\/home\/\"><strong> cl\u00ednica est\u00e9tica<\/strong><\/a>.\u00a0 En ella encontrar\u00e1s los mejores especialistas en cirug\u00eda est\u00e9tica. Tratamiento 100% personalizado al mejor precio. <a href=\"https:\/\/clinicacemeq.es\/estetica\/contacto\/\"><strong>Pide tu valoraci\u00f3n gratuita.<\/strong><\/a> No te arrepentir\u00e1s.<\/p>\n","protected":false},"excerpt":{"rendered":"<p>\u00bfQuieres conseguir el tama\u00f1o ideal de tus pechos? Con la reducci\u00f3n de pecho podr\u00e1s conseguirlo. La mejora en la calidad de vida y los grandes resultados que genera en los pacientes, hacen que la reducci\u00f3n de pecho sea un a de las intervenciones con mayor tasa de satisfacci\u00f3n en nuestra cl\u00ednica est\u00e9tica. En el siguiente [&#8230;]\n","protected":false},"author":2,"featured_media":7621,"comment_status":"closed","ping_status":"closed","sticky":false,"template":"","format":"standard","meta":{"footnotes":""},"categories":[1,147],"tags":[],"yoast_head":"<!-- This site is optimized with the Yoast SEO Premium plugin v18.3 (Yoast SEO v24.5) - https:\/\/yoast.com\/wordpress\/plugins\/seo\/ -->\n<title>\u00bfQu\u00e9 es la reducci\u00f3n de pecho? - Cl\u00ednica Est\u00e9tica CEMEQ<\/title>\n<meta name=\"description\" content=\"A continuaci\u00f3n os contamos en que consiste la reducci\u00f3n de pecho y sus beneficios. Pide tu primera valoraci\u00f3n gratuita en CEMEQ.\" \/>\n<meta name=\"robots\" content=\"index, follow, max-snippet:-1, max-image-preview:large, max-video-preview:-1\" \/>\n<link rel=\"canonical\" href=\"https:\/\/clinicacemeq.es\/estetica\/2023\/02\/06\/que-es-la-reduccion-de-pecho\/\" \/>\n<meta property=\"og:locale\" content=\"es_ES\" \/>\n<meta property=\"og:type\" content=\"article\" \/>\n<meta property=\"og:title\" content=\"\u00bfQu\u00e9 es la reducci\u00f3n de pecho?\" \/>\n<meta property=\"og:description\" content=\"A continuaci\u00f3n os contamos en que consiste la reducci\u00f3n de pecho y sus beneficios. Pide tu primera valoraci\u00f3n gratuita en CEMEQ.\" \/>\n<meta property=\"og:url\" content=\"https:\/\/clinicacemeq.es\/estetica\/2023\/02\/06\/que-es-la-reduccion-de-pecho\/\" \/>\n<meta property=\"og:site_name\" content=\"Cl\u00ednica Est\u00e9tica CEMEQ\" \/>\n<meta property=\"article:published_time\" content=\"2023-02-06T19:07:08+00:00\" \/>\n<meta property=\"article:modified_time\" content=\"2024-06-25T15:24:30+00:00\" \/>\n<meta property=\"og:image\" content=\"https:\/\/clinicacemeq.es\/estetica\/wp-content\/uploads\/2023\/02\/reduccion-de-pecho-CEMEQ-e1675795848131.jpeg\" \/>\n\t<meta property=\"og:image:width\" content=\"600\" \/>\n\t<meta property=\"og:image:height\" content=\"600\" \/>\n\t<meta property=\"og:image:type\" content=\"image\/jpeg\" \/>\n<meta name=\"author\" content=\"Federico Mahiques\" \/>\n<meta name=\"twitter:card\" content=\"summary_large_image\" \/>\n<meta name=\"twitter:label1\" content=\"Escrito por\" \/>\n\t<meta name=\"twitter:data1\" content=\"Federico Mahiques\" \/>\n\t<meta name=\"twitter:label2\" content=\"Tiempo de lectura\" \/>\n\t<meta name=\"twitter:data2\" content=\"6 minutos\" \/>\n<script type=\"application\/ld+json\" class=\"yoast-schema-graph\">{\"@context\":\"https:\/\/schema.org\",\"@graph\":[{\"@type\":[\"WebPage\",\"ItemPage\"],\"@id\":\"https:\/\/clinicacemeq.es\/estetica\/2023\/02\/06\/que-es-la-reduccion-de-pecho\/\",\"url\":\"https:\/\/clinicacemeq.es\/estetica\/2023\/02\/06\/que-es-la-reduccion-de-pecho\/\",\"name\":\"\u00bfQu\u00e9 es la reducci\u00f3n de pecho? - Cl\u00ednica Est\u00e9tica CEMEQ\",\"isPartOf\":{\"@id\":\"https:\/\/clinicacemeq.es\/estetica\/#website\"},\"primaryImageOfPage\":{\"@id\":\"https:\/\/clinicacemeq.es\/estetica\/2023\/02\/06\/que-es-la-reduccion-de-pecho\/#primaryimage\"},\"image\":{\"@id\":\"https:\/\/clinicacemeq.es\/estetica\/2023\/02\/06\/que-es-la-reduccion-de-pecho\/#primaryimage\"},\"thumbnailUrl\":\"https:\/\/clinicacemeq.es\/estetica\/wp-content\/uploads\/2023\/02\/reduccion-de-pecho-CEMEQ-e1675795848131.jpeg\",\"datePublished\":\"2023-02-06T19:07:08+00:00\",\"dateModified\":\"2024-06-25T15:24:30+00:00\",\"author\":{\"@id\":\"https:\/\/clinicacemeq.es\/estetica\/#\/schema\/person\/970b971cfb22127a85928078e5d97fcf\"},\"description\":\"A continuaci\u00f3n os contamos en que consiste la reducci\u00f3n de pecho y sus beneficios. Pide tu primera valoraci\u00f3n gratuita en CEMEQ.\",\"breadcrumb\":{\"@id\":\"https:\/\/clinicacemeq.es\/estetica\/2023\/02\/06\/que-es-la-reduccion-de-pecho\/#breadcrumb\"},\"inLanguage\":\"es\",\"potentialAction\":[{\"@type\":\"ReadAction\",\"target\":[\"https:\/\/clinicacemeq.es\/estetica\/2023\/02\/06\/que-es-la-reduccion-de-pecho\/\"]}]},{\"@type\":\"ImageObject\",\"inLanguage\":\"es\",\"@id\":\"https:\/\/clinicacemeq.es\/estetica\/2023\/02\/06\/que-es-la-reduccion-de-pecho\/#primaryimage\",\"url\":\"https:\/\/clinicacemeq.es\/estetica\/wp-content\/uploads\/2023\/02\/reduccion-de-pecho-CEMEQ-e1675795848131.jpeg\",\"contentUrl\":\"https:\/\/clinicacemeq.es\/estetica\/wp-content\/uploads\/2023\/02\/reduccion-de-pecho-CEMEQ-e1675795848131.jpeg\",\"width\":600,\"height\":600,\"caption\":\"REDUCCI\u00d3N DE PECHO CEMEQ\"},{\"@type\":\"BreadcrumbList\",\"@id\":\"https:\/\/clinicacemeq.es\/estetica\/2023\/02\/06\/que-es-la-reduccion-de-pecho\/#breadcrumb\",\"itemListElement\":[{\"@type\":\"ListItem\",\"position\":1,\"name\":\"Portada\",\"item\":\"https:\/\/clinicacemeq.es\/estetica\/\"},{\"@type\":\"ListItem\",\"position\":2,\"name\":\"\u00bfQu\u00e9 es la reducci\u00f3n de pecho?\"}]},{\"@type\":\"WebSite\",\"@id\":\"https:\/\/clinicacemeq.es\/estetica\/#website\",\"url\":\"https:\/\/clinicacemeq.es\/estetica\/\",\"name\":\"Cl\u00ednica Est\u00e9tica CEMEQ\",\"description\":\"Medicina est\u00e9tica \u0131 Cirug\u00eda Est\u00e9tica \u0131 Cl\u00ednica Dental \u0131 Unidad Capilar \u0131 Unidad de Obesidad\",\"potentialAction\":[{\"@type\":\"SearchAction\",\"target\":{\"@type\":\"EntryPoint\",\"urlTemplate\":\"https:\/\/clinicacemeq.es\/estetica\/?s={search_term_string}\"},\"query-input\":{\"@type\":\"PropertyValueSpecification\",\"valueRequired\":true,\"valueName\":\"search_term_string\"}}],\"inLanguage\":\"es\"},{\"@type\":\"Person\",\"@id\":\"https:\/\/clinicacemeq.es\/estetica\/#\/schema\/person\/970b971cfb22127a85928078e5d97fcf\",\"name\":\"Federico Mahiques\",\"image\":{\"@type\":\"ImageObject\",\"inLanguage\":\"es\",\"@id\":\"https:\/\/clinicacemeq.es\/estetica\/#\/schema\/person\/image\/\",\"url\":\"https:\/\/secure.gravatar.com\/avatar\/2eb8af16608046630259421df61b19a9?s=96&d=mm&r=g\",\"contentUrl\":\"https:\/\/secure.gravatar.com\/avatar\/2eb8af16608046630259421df61b19a9?s=96&d=mm&r=g\",\"caption\":\"Federico Mahiques\"},\"url\":\"https:\/\/clinicacemeq.es\/estetica\/author\/clinica-cemeq\/\"}]}<\/script>\n<!-- \/ Yoast SEO Premium plugin. -->","yoast_head_json":{"title":"\u00bfQu\u00e9 es la reducci\u00f3n de pecho? - Cl\u00ednica Est\u00e9tica CEMEQ","description":"A continuaci\u00f3n os contamos en que consiste la reducci\u00f3n de pecho y sus beneficios. Pide tu primera valoraci\u00f3n gratuita en CEMEQ.","robots":{"index":"index","follow":"follow","max-snippet":"max-snippet:-1","max-image-preview":"max-image-preview:large","max-video-preview":"max-video-preview:-1"},"canonical":"https:\/\/clinicacemeq.es\/estetica\/2023\/02\/06\/que-es-la-reduccion-de-pecho\/","og_locale":"es_ES","og_type":"article","og_title":"\u00bfQu\u00e9 es la reducci\u00f3n de pecho?","og_description":"A continuaci\u00f3n os contamos en que consiste la reducci\u00f3n de pecho y sus beneficios. Pide tu primera valoraci\u00f3n gratuita en CEMEQ.","og_url":"https:\/\/clinicacemeq.es\/estetica\/2023\/02\/06\/que-es-la-reduccion-de-pecho\/","og_site_name":"Cl\u00ednica Est\u00e9tica CEMEQ","article_published_time":"2023-02-06T19:07:08+00:00","article_modified_time":"2024-06-25T15:24:30+00:00","og_image":[{"width":600,"height":600,"url":"https:\/\/clinicacemeq.es\/estetica\/wp-content\/uploads\/2023\/02\/reduccion-de-pecho-CEMEQ-e1675795848131.jpeg","type":"image\/jpeg"}],"author":"Federico Mahiques","twitter_card":"summary_large_image","twitter_misc":{"Escrito por":"Federico Mahiques","Tiempo de lectura":"6 minutos"},"schema":{"@context":"https:\/\/schema.org","@graph":[{"@type":["WebPage","ItemPage"],"@id":"https:\/\/clinicacemeq.es\/estetica\/2023\/02\/06\/que-es-la-reduccion-de-pecho\/","url":"https:\/\/clinicacemeq.es\/estetica\/2023\/02\/06\/que-es-la-reduccion-de-pecho\/","name":"\u00bfQu\u00e9 es la reducci\u00f3n de pecho? - Cl\u00ednica Est\u00e9tica CEMEQ","isPartOf":{"@id":"https:\/\/clinicacemeq.es\/estetica\/#website"},"primaryImageOfPage":{"@id":"https:\/\/clinicacemeq.es\/estetica\/2023\/02\/06\/que-es-la-reduccion-de-pecho\/#primaryimage"},"image":{"@id":"https:\/\/clinicacemeq.es\/estetica\/2023\/02\/06\/que-es-la-reduccion-de-pecho\/#primaryimage"},"thumbnailUrl":"https:\/\/clinicacemeq.es\/estetica\/wp-content\/uploads\/2023\/02\/reduccion-de-pecho-CEMEQ-e1675795848131.jpeg","datePublished":"2023-02-06T19:07:08+00:00","dateModified":"2024-06-25T15:24:30+00:00","author":{"@id":"https:\/\/clinicacemeq.es\/estetica\/#\/schema\/person\/970b971cfb22127a85928078e5d97fcf"},"description":"A continuaci\u00f3n os contamos en que consiste la reducci\u00f3n de pecho y sus beneficios. Pide tu primera valoraci\u00f3n gratuita en CEMEQ.","breadcrumb":{"@id":"https:\/\/clinicacemeq.es\/estetica\/2023\/02\/06\/que-es-la-reduccion-de-pecho\/#breadcrumb"},"inLanguage":"es","potentialAction":[{"@type":"ReadAction","target":["https:\/\/clinicacemeq.es\/estetica\/2023\/02\/06\/que-es-la-reduccion-de-pecho\/"]}]},{"@type":"ImageObject","inLanguage":"es","@id":"https:\/\/clinicacemeq.es\/estetica\/2023\/02\/06\/que-es-la-reduccion-de-pecho\/#primaryimage","url":"https:\/\/clinicacemeq.es\/estetica\/wp-content\/uploads\/2023\/02\/reduccion-de-pecho-CEMEQ-e1675795848131.jpeg","contentUrl":"https:\/\/clinicacemeq.es\/estetica\/wp-content\/uploads\/2023\/02\/reduccion-de-pecho-CEMEQ-e1675795848131.jpeg","width":600,"height":600,"caption":"REDUCCI\u00d3N DE PECHO CEMEQ"},{"@type":"BreadcrumbList","@id":"https:\/\/clinicacemeq.es\/estetica\/2023\/02\/06\/que-es-la-reduccion-de-pecho\/#breadcrumb","itemListElement":[{"@type":"ListItem","position":1,"name":"Portada","item":"https:\/\/clinicacemeq.es\/estetica\/"},{"@type":"ListItem","position":2,"name":"\u00bfQu\u00e9 es la reducci\u00f3n de pecho?"}]},{"@type":"WebSite","@id":"https:\/\/clinicacemeq.es\/estetica\/#website","url":"https:\/\/clinicacemeq.es\/estetica\/","name":"Cl\u00ednica Est\u00e9tica CEMEQ","description":"Medicina est\u00e9tica \u0131 Cirug\u00eda Est\u00e9tica \u0131 Cl\u00ednica Dental \u0131 Unidad Capilar \u0131 Unidad de Obesidad","potentialAction":[{"@type":"SearchAction","target":{"@type":"EntryPoint","urlTemplate":"https:\/\/clinicacemeq.es\/estetica\/?s={search_term_string}"},"query-input":{"@type":"PropertyValueSpecification","valueRequired":true,"valueName":"search_term_string"}}],"inLanguage":"es"},{"@type":"Person","@id":"https:\/\/clinicacemeq.es\/estetica\/#\/schema\/person\/970b971cfb22127a85928078e5d97fcf","name":"Federico Mahiques","image":{"@type":"ImageObject","inLanguage":"es","@id":"https:\/\/clinicacemeq.es\/estetica\/#\/schema\/person\/image\/","url":"https:\/\/secure.gravatar.com\/avatar\/2eb8af16608046630259421df61b19a9?s=96&d=mm&r=g","contentUrl":"https:\/\/secure.gravatar.com\/avatar\/2eb8af16608046630259421df61b19a9?s=96&d=mm&r=g","caption":"Federico Mahiques"},"url":"https:\/\/clinicacemeq.es\/estetica\/author\/clinica-cemeq\/"}]}},"_links":{"self":[{"href":"https:\/\/clinicacemeq.es\/estetica\/wp-json\/wp\/v2\/posts\/7619"}],"collection":[{"href":"https:\/\/clinicacemeq.es\/estetica\/wp-json\/wp\/v2\/posts"}],"about":[{"href":"https:\/\/clinicacemeq.es\/estetica\/wp-json\/wp\/v2\/types\/post"}],"author":[{"embeddable":true,"href":"https:\/\/clinicacemeq.es\/estetica\/wp-json\/wp\/v2\/users\/2"}],"replies":[{"embeddable":true,"href":"https:\/\/clinicacemeq.es\/estetica\/wp-json\/wp\/v2\/comments?post=7619"}],"version-history":[{"count":5,"href":"https:\/\/clinicacemeq.es\/estetica\/wp-json\/wp\/v2\/posts\/7619\/revisions"}],"predecessor-version":[{"id":8853,"href":"https:\/\/clinicacemeq.es\/estetica\/wp-json\/wp\/v2\/posts\/7619\/revisions\/8853"}],"wp:featuredmedia":[{"embeddable":true,"href":"https:\/\/clinicacemeq.es\/estetica\/wp-json\/wp\/v2\/media\/7621"}],"wp:attachment":[{"href":"https:\/\/clinicacemeq.es\/estetica\/wp-json\/wp\/v2\/media?parent=7619"}],"wp:term":[{"taxonomy":"category","embeddable":true,"href":"https:\/\/clinicacemeq.es\/estetica\/wp-json\/wp\/v2\/categories?post=7619"},{"taxonomy":"post_tag","embeddable":true,"href":"https:\/\/clinicacemeq.es\/estetica\/wp-json\/wp\/v2\/tags?post=7619"}],"curies":[{"name":"wp","href":"https:\/\/api.w.org\/{rel}","templated":true}]}}