{"id":7440,"date":"2023-02-02T14:57:48","date_gmt":"2023-02-02T14:57:48","guid":{"rendered":"https:\/\/clinicacemeq.es\/estetica\/?p=7440"},"modified":"2024-06-25T15:24:31","modified_gmt":"2024-06-25T15:24:31","slug":"que-es-la-operacion-de-pecho","status":"publish","type":"post","link":"https:\/\/clinicacemeq.es\/estetica\/2023\/02\/02\/que-es-la-operacion-de-pecho\/","title":{"rendered":"\u00bfQu\u00e9 es la operaci\u00f3n de pecho?"},"content":{"rendered":"\n\n<div class=\"kk-star-ratings kksr-auto kksr-align-left kksr-valign-top\"\n    data-payload='{&quot;align&quot;:&quot;left&quot;,&quot;id&quot;:&quot;7440&quot;,&quot;slug&quot;:&quot;default&quot;,&quot;valign&quot;:&quot;top&quot;,&quot;ignore&quot;:&quot;&quot;,&quot;reference&quot;:&quot;auto&quot;,&quot;class&quot;:&quot;&quot;,&quot;count&quot;:&quot;0&quot;,&quot;legendonly&quot;:&quot;&quot;,&quot;readonly&quot;:&quot;&quot;,&quot;score&quot;:&quot;0&quot;,&quot;starsonly&quot;:&quot;&quot;,&quot;best&quot;:&quot;5&quot;,&quot;gap&quot;:&quot;5&quot;,&quot;greet&quot;:&quot;Valora esta publicaci\u00f3n \ud83d\ude09&quot;,&quot;legend&quot;:&quot;0\\\/5 - (0 votos)&quot;,&quot;size&quot;:&quot;24&quot;,&quot;title&quot;:&quot;\u00bfQu\u00e9 es la operaci\u00f3n de pecho?&quot;,&quot;width&quot;:&quot;0&quot;,&quot;_legend&quot;:&quot;{score}\\\/{best} - ({count} {votes})&quot;,&quot;font_factor&quot;:&quot;1.25&quot;}'>\n            \n<div class=\"kksr-stars\">\n    \n<div class=\"kksr-stars-inactive\">\n            <div class=\"kksr-star\" data-star=\"1\" style=\"padding-right: 5px\">\n            \n\n<div class=\"kksr-icon\" style=\"width: 24px; height: 24px;\"><\/div>\n        <\/div>\n            <div class=\"kksr-star\" data-star=\"2\" style=\"padding-right: 5px\">\n            \n\n<div class=\"kksr-icon\" style=\"width: 24px; height: 24px;\"><\/div>\n        <\/div>\n            <div class=\"kksr-star\" data-star=\"3\" style=\"padding-right: 5px\">\n            \n\n<div class=\"kksr-icon\" style=\"width: 24px; height: 24px;\"><\/div>\n        <\/div>\n            <div class=\"kksr-star\" data-star=\"4\" style=\"padding-right: 5px\">\n            \n\n<div class=\"kksr-icon\" style=\"width: 24px; height: 24px;\"><\/div>\n        <\/div>\n            <div class=\"kksr-star\" data-star=\"5\" style=\"padding-right: 5px\">\n            \n\n<div class=\"kksr-icon\" style=\"width: 24px; height: 24px;\"><\/div>\n        <\/div>\n    <\/div>\n    \n<div class=\"kksr-stars-active\" style=\"width: 0px;\">\n            <div class=\"kksr-star\" style=\"padding-right: 5px\">\n            \n\n<div class=\"kksr-icon\" style=\"width: 24px; height: 24px;\"><\/div>\n        <\/div>\n            <div class=\"kksr-star\" style=\"padding-right: 5px\">\n            \n\n<div class=\"kksr-icon\" style=\"width: 24px; height: 24px;\"><\/div>\n        <\/div>\n            <div class=\"kksr-star\" style=\"padding-right: 5px\">\n            \n\n<div class=\"kksr-icon\" style=\"width: 24px; height: 24px;\"><\/div>\n        <\/div>\n            <div class=\"kksr-star\" style=\"padding-right: 5px\">\n            \n\n<div class=\"kksr-icon\" style=\"width: 24px; height: 24px;\"><\/div>\n        <\/div>\n            <div class=\"kksr-star\" style=\"padding-right: 5px\">\n            \n\n<div class=\"kksr-icon\" style=\"width: 24px; height: 24px;\"><\/div>\n        <\/div>\n    <\/div>\n<\/div>\n                \n\n<div class=\"kksr-legend\" style=\"font-size: 19.2px;\">\n            <span class=\"kksr-muted\">Valora esta publicaci\u00f3n \ud83d\ude09<\/span>\n    <\/div>\n    <\/div>\n<p>\u00bfSue\u00f1as con conseguir un pecho perfecto? \u00bfQuieres mejora el aspecto y volumen de tus pechos? Con la <strong>operaci\u00f3n de pecho<\/strong> podr\u00e1s conseguirlo. La cirug\u00eda m\u00e1s solicitada en nuestra <strong>cl\u00ednica est\u00e9tica Valencia.<\/strong> Se trata de una intervenci\u00f3n quir\u00fargica indolora, no invasiva y con resultados duraderos e inmediatos. A continuaci\u00f3n te contamos todo lo que tienes que saber sobre la mamoplastia.<\/p>\n<h2>\u00bfEn qu\u00e9 consiste la operaci\u00f3n de pecho?<\/h2>\n<p>La <strong>operaci\u00f3n de pecho<\/strong> o <strong>mamoplastia<\/strong> es un procedimiento quir\u00fargico para aumentar de forma definitiva el tama\u00f1o del pecho mediante la colocaci\u00f3n de pr\u00f3tesis.<\/p>\n<h3>\u00bfQui\u00e9n es candidato a la mamoplastia?<\/h3>\n<p>En nuestra<strong><a href=\"https:\/\/clinicacemeq.es\/estetica\/home\/\"> cl\u00ednica est\u00e9tica<\/a><\/strong> consideramos candidatas a la operaci\u00f3n:<\/p>\n<ul>\n<li>Mujeres con pecho peque\u00f1o o plano<\/li>\n<li>Mujeres cuyas mamas han perdido su turgencia tras periodos de embarazo o p\u00e9rdida de peso.<\/li>\n<li>Aquellas mujeres que deseen equilibrar el tama\u00f1o de sus pechos<\/li>\n<li>Cabe recordar que las candidatas a la <strong>mamoplastia de aumento<\/strong> deben contar con un buen estado de salud y emocionalmente estables, con expectativas realistas de la intervenci\u00f3n.<\/li>\n<\/ul>\n<h3>\u00bfC\u00f3mo ser\u00e1 la primera consulta con nuestro cirujano?<\/h3>\n<p>Lo primero que realizamos en nuestra <strong>cl\u00ednica est\u00e9tica<\/strong> es una valoraci\u00f3n anat\u00f3mica. Esto permitir\u00e1 al cirujano decidir el tipo de intervenci\u00f3n dependiendo del tipo de piel, elasticidad, volumen inicial de la mama etc. En esta primera consulta, el cirujano eval\u00faa la <strong>forma de las mamas, elasticidad y estado general de salud.<\/strong> Se le informar\u00e1 sobre las distintas t\u00e9cnicas quir\u00fargicas y diferentes tipos de pr\u00f3tesis, con los riesgos y complicaciones de cada una. Adem\u00e1s, se le informar\u00e1 sobre el tipo de anestesia y el <strong>precio operaci\u00f3n pecho.<\/strong><\/p>\n<h3>Tipos de pr\u00f3tesis<\/h3>\n<p>A la hora de realizar una<a href=\"https:\/\/clinicacemeq.es\/estetica\/operacion-de-pecho-mamoplastia\/\"><strong> operaci\u00f3n de pecho<\/strong> <\/a>es importante tener en cuenta que existen diferentes tipos de pr\u00f3tesis. Las pr\u00f3tesis mamarias pueden ser redondas o en forma de l\u00e1grima; lisas o rugosas, y de bajo, medio alto perfil<\/p>\n<p>Las pr\u00f3tesis no son definitivas. Si aparecen complicaciones, o si cambian de tama\u00f1o o forma, ser\u00e1 necesario reemplazarlas.<\/p>\n<p>En nuestra <strong>cl\u00ednica est\u00e9tica CEMEQ<\/strong> contamos con las mejores marcas de pr\u00f3tesis m\u00e1s prestigiosas del mercado que proporcionaran a la paciente seguridad confianza.<\/p>\n<h2>\u00bfC\u00f3mo es la preparaci\u00f3n de la operaci\u00f3n de pecho?<\/h2>\n<p>Tras una primera valoraci\u00f3n en nuestra <strong>cl\u00ednica est\u00e9tica<\/strong>, nuestro cirujano determinar\u00e1 qu\u00e9 tipo de t\u00e9cnica es la que mejor se adapta al paciente. Se le informar\u00e1 respecto al consumo de alimentos y l\u00edquidos, medicamentos y actividad previa a la cirug\u00eda.<br \/>\nSe recomienda dejar de fumar con bastante antelaci\u00f3n y evitar toda medicaci\u00f3n que afecte al sangrado o coagulaci\u00f3n (aspirinas, anticoagulantes etc.<br \/>\nEs importante que antes de someterse una <strong>mamoplastia <\/strong>hacerse una mamograf\u00eda b\u00e1sica, puesto que los implantes pueden suponer un problema a la hora de detectar posteriormente la existencia de c\u00e1ncer de mama.<\/p>\n<h2>\u00bfC\u00f3mo es la operaci\u00f3n de pecho?<\/h2>\n<p>La <strong><a href=\"https:\/\/clinicacemeq.es\/estetica\/operacion-de-pecho-mamoplastia\/\">operaci\u00f3n de pecho<\/a><\/strong> es una intervenci\u00f3n r\u00e1pida, segura e indolora. Se realiza en quir\u00f3fano y tiene una duraci\u00f3n de 1 a 2 horas. Los implantes se pueden colocar bajo la gl\u00e1ndula mamaria, por delante o por detr\u00e1s del m\u00fasculo pectoral, dependiendo de cada caso particular.<br \/>\nDurante la <strong>operaci\u00f3n de pecho<\/strong>, el cirujano realizar\u00e1 una incisi\u00f3n de 3-5 cm de longitud donde se implanta la pr\u00f3tesis. Esta incisi\u00f3n se realizar\u00e1 en la areola, axila o en el pliegue bajo la mama, seg\u00fan el tipo de implante, el grado de grandaria que se desee la paciente, sus caracter\u00edsticas anat\u00f3micas, preferencias de la paciente y del cirujano. La incisi\u00f3n se realiza de manera que las cicatrices resultan m\u00ednimamente visibles.<br \/>\nTras la intervenci\u00f3n el paciente lleva un vendaje sobre las mamas durante uno o dos d\u00edas. Tras ello, ser\u00e1 sustituido por un sujetador especial.<\/p>\n<h2>\u00bfC\u00f3mo es el postoperatorio de la mamoplastia?<\/h2>\n<p>Como toda intervenci\u00f3n, el paciente puede que note peque\u00f1as molestias las primeras semanas de la <strong>operaci\u00f3n de pecho.<\/strong> En algunas ocasiones se suele prescribir antibi\u00f3ticos, analg\u00e9sicos o alg\u00fan antiinflamatorio para reducir el dolor de los pechos.<br \/>\nEl <strong>vendaje se retira a los dos d\u00edas y es sustituido por un sujetador especial<\/strong> que debe llevar durante un mes las 14 horas del d\u00eda y que solo se puede retirar para ducharse. La vuelta a la rutina habitual se har\u00e1 paulatinamente. <strong>No se recomienda realizar actividades ni ejercicio f\u00edsico intenso al menos el primer mes.<\/strong><\/p>\n<p>El cirujano retirar\u00e1 los puntos transcurridos los 7-10 d\u00edas de la intervenci\u00f3n. La inflamaci\u00f3n suele desaparecer entre 3 y 6 semanas.<br \/>\nEn cuanto a cicatrices, al principio estar\u00e1n ros\u00e1ceas y mejorar\u00e1n paulatinamente a partir de las seis semanas.<\/p>\n<h2>Ventajas de la operaci\u00f3n de pecho<\/h2>\n<ul>\n<li><strong>Mejora del aspecto del pecho:<\/strong> la operaci\u00f3n de pecho ayudar\u00e1 a resolver cualquier problema est\u00e9tico( desequilibrios, pecho peque\u00f1o, p\u00e9rdida de volumen tras periodos de embarazo o p\u00e9rdida de peso) todo esto har\u00e1 que la paciente luzca una figura m\u00e1s atractiva.<\/li>\n<li><strong>Mejora del aspecto del cuerpo en general:<\/strong> con la operaci\u00f3n de pecho, la mujer consigue una mejor armon\u00eda de su cuerpo, con una apariencia proporcionada.<\/li>\n<li><strong>Mayor confianza en s\u00ed misma:<\/strong> tras la mamoplastia, la mujer ver\u00e1 reforzada su confianza y su calidad de vida influyendo en sus relaciones sociales.<\/li>\n<li><strong>Mayor autoestima:<\/strong> gracias a la<strong> mamoplastia de aumento<\/strong>, la paciente podr\u00e1 sentirse m\u00e1s joven y atractiva, pudiendo lucir escote y la ropa que mejor se ajuste a su figura.<\/li>\n<li>Intervenci\u00f3n segura y con resultados inmediatos: el resultado de la operaci\u00f3n de pecho es inmediato, la paciente podr\u00e1 reincorporarse a su rutina habita a los pocos d\u00edas<\/li>\n<li><strong>Pr\u00f3tesis garantizadas en caso de rotura:<\/strong> en nuestra <strong><a href=\"https:\/\/clinicacemeq.es\/estetica\/home\/\">cl\u00ednica est\u00e9tica Valencia<\/a><\/strong> empleamos pr\u00f3tesis que ofrecen una garant\u00eda de recambio de por vida en caso de rotura, contractura o rechazo.<\/li>\n<\/ul>\n<p>&nbsp;<\/p>\n<p><!--HubSpot Call-to-Action Code --><span id=\"hs-cta-wrapper-b458f849-1176-4b72-b5ff-e15169211f16\" class=\"hs-cta-wrapper\"><span id=\"hs-cta-b458f849-1176-4b72-b5ff-e15169211f16\" class=\"hs-cta-node hs-cta-b458f849-1176-4b72-b5ff-e15169211f16\"><!-- [if lte IE 8]>\n\n\n<div id=\"hs-cta-ie-element\"><\/div>\n\n\n<![endif]--><a href=\"https:\/\/hubspot-cta-redirect-eu1-prod.s3.amazonaws.com\/cta\/redirect\/25939375\/b458f849-1176-4b72-b5ff-e15169211f16\" target=\"_blank\" rel=\"noopener\"><img loading=\"lazy\" decoding=\"async\" id=\"hs-cta-img-b458f849-1176-4b72-b5ff-e15169211f16\" class=\"hs-cta-img aligncenter\" style=\"border-width: 0px;\" src=\"https:\/\/hubspot-no-cache-eu1-prod.s3.amazonaws.com\/cta\/default\/25939375\/b458f849-1176-4b72-b5ff-e15169211f16.png\" alt=\"Resultados definitivos y naturales\" width=\"663\" height=\"199\" \/><\/a><\/span><\/span><\/p>\n<h2>Precio de la operaci\u00f3n de pecho<\/h2>\n<p>El <strong>precio de operaci\u00f3n de pecho<\/strong> en Espa\u00f1a depender\u00e1 de cada centro o cl\u00ednica donde se realice la<strong> mamoplastia de aumento<\/strong>. En general su precio suele oscilar los 4.000\u202f\u20ac-5.000\u202f\u20ac. Entre los factores que influyen en el precio operaci\u00f3n pecho destacamos:<\/p>\n<ul>\n<li><strong>Gastos hospitalarios<\/strong>: dado que es una cirug\u00eda que se realiza en quir\u00f3fano, los materiales y espacio empleados vendr\u00e1n incluidos en el presupuesto.<\/li>\n<li><strong>Anestesia:<\/strong> normalmente en la operaci\u00f3n de pecho se emplea anestesia general, siendo m\u00e1s costosa que la aplicaci\u00f3n de anestesia local.<\/li>\n<li><strong>Tipo de implante:<\/strong> en la actualidad existen distintos tipos de marca cuya reputaci\u00f3n y duraci\u00f3n es diferente. El precio operaci\u00f3n pecho variar\u00e1 en funci\u00f3n del tipo de pr\u00f3tesis que se elija.<\/li>\n<li><strong>Gastos preoperatorios:<\/strong> dentro del precio operaci\u00f3n pecho se suelen incluir anal\u00edtica, electrocardiograma y diagn\u00f3stico previo, quir\u00f3fano etc.<\/li>\n<li><strong>Equipo m\u00e9dico<\/strong>: dentro del precio operaci\u00f3n pecho se debe contar el honorario del m\u00e9dico o cirujano est\u00e9tico, as\u00ed como todo el equipo m\u00e9dico.<\/li>\n<li><strong>Gastos extra:<\/strong> en la operaci\u00f3n de pecho se suelen incluir gastos extra como revisiones y el sujetador postoperatorio.<\/li>\n<\/ul>\n<h2>Precio operaci\u00f3n pecho en CEMEQ<\/h2>\n<p>Para que podamos ofrecerte un precio operaci\u00f3n pecho cerrado es necesario acudir a una <strong>primera consulta gratuita<\/strong> en nuestra cl\u00ednica est\u00e9tica. En ella, se determinar\u00e1 la t\u00e9cnica que mejor se adapta a los deseos de la paciente seg\u00fan sus caracter\u00edsticas. Tras ello, nuestro equipo comercial le ofrecer\u00e1 un<strong> precio de operaci\u00f3n de pecho<\/strong> cerrado y con todo incluido:<\/p>\n<ul>\n<li>Intervenci\u00f3n<\/li>\n<li>Anestesia<\/li>\n<li>Preoperatorio<\/li>\n<li>Postoperatorio<\/li>\n<li>Cirujano pl\u00e1stico<\/li>\n<li>Citas y revisiones<\/li>\n<li>Tel\u00e9fono de urgencia 24\u202fh<\/li>\n<li>Resultados r\u00e1pidos y duraderos<\/li>\n<li>Facilidades de pago<\/li>\n<\/ul>\n<p>Para que el <strong>precio operaci\u00f3n pecho<\/strong> no resulte un problema a la hora de tomar la decisi\u00f3n, en nuestra <strong><a href=\"https:\/\/clinicacemeq.es\/estetica\/home\/\">cl\u00ednica est\u00e9tica Valencia<\/a><\/strong> contamos con planes de financiaci\u00f3n adaptados a cada paciente.<\/p>\n<h2>CEMEQ: Cl\u00ednica est\u00e9tica Valencia<\/h2>\n<p>Ahora que ya conoces todo sobre la <strong><a href=\"https:\/\/clinicacemeq.es\/estetica\/operacion-de-pecho-mamoplastia\/\">operaci\u00f3n de pecho<\/a><\/strong> o <strong>mamoplastia<\/strong>, no esperes m\u00e1s y acude a nuestra <strong><a href=\"https:\/\/clinicacemeq.es\/estetica\/home\/\">cl\u00ednica est\u00e9tica.<\/a><\/strong> Te ayudamos a conseguir los resultados que siempre has deseado<a href=\"https:\/\/clinicacemeq.es\/estetica\/contacto\/\"><strong>. Pide tu valoraci\u00f3n gratuita.<\/strong><\/a> No te arrepentir\u00e1s.<\/p>\n","protected":false},"excerpt":{"rendered":"<p>\u00bfSue\u00f1as con conseguir un pecho perfecto? \u00bfQuieres mejora el aspecto y volumen de tus pechos? Con la operaci\u00f3n de pecho podr\u00e1s conseguirlo. La cirug\u00eda m\u00e1s solicitada en nuestra cl\u00ednica est\u00e9tica Valencia. Se trata de una intervenci\u00f3n quir\u00fargica indolora, no invasiva y con resultados duraderos e inmediatos. A continuaci\u00f3n te contamos todo lo que tienes que [&#8230;]\n","protected":false},"author":2,"featured_media":7443,"comment_status":"closed","ping_status":"closed","sticky":false,"template":"","format":"standard","meta":{"footnotes":""},"categories":[1,147,140],"tags":[],"yoast_head":"<!-- This site is optimized with the Yoast SEO Premium plugin v18.3 (Yoast SEO v24.5) - https:\/\/yoast.com\/wordpress\/plugins\/seo\/ -->\n<title>\u00bfQu\u00e9 es la operaci\u00f3n de pecho? - Cl\u00ednica Est\u00e9tica CEMEQ<\/title>\n<meta name=\"description\" content=\"Te contamos todo lo que tienes que saber sobre la operaci\u00f3n de pecho. La cirug\u00eda m\u00e1s solicitada en nuestra cl\u00ednica est\u00e9tica Valencia.\" \/>\n<meta name=\"robots\" content=\"index, follow, max-snippet:-1, max-image-preview:large, max-video-preview:-1\" \/>\n<link rel=\"canonical\" href=\"https:\/\/clinicacemeq.es\/estetica\/2023\/02\/02\/que-es-la-operacion-de-pecho\/\" \/>\n<meta property=\"og:locale\" content=\"es_ES\" \/>\n<meta property=\"og:type\" content=\"article\" \/>\n<meta property=\"og:title\" content=\"\u00bfQu\u00e9 es la operaci\u00f3n de pecho?\" \/>\n<meta property=\"og:description\" content=\"Te contamos todo lo que tienes que saber sobre la operaci\u00f3n de pecho. La cirug\u00eda m\u00e1s solicitada en nuestra cl\u00ednica est\u00e9tica Valencia.\" \/>\n<meta property=\"og:url\" content=\"https:\/\/clinicacemeq.es\/estetica\/2023\/02\/02\/que-es-la-operacion-de-pecho\/\" \/>\n<meta property=\"og:site_name\" content=\"Cl\u00ednica Est\u00e9tica CEMEQ\" \/>\n<meta property=\"article:published_time\" content=\"2023-02-02T14:57:48+00:00\" \/>\n<meta property=\"article:modified_time\" content=\"2024-06-25T15:24:31+00:00\" \/>\n<meta property=\"og:image\" content=\"https:\/\/clinicacemeq.es\/estetica\/wp-content\/uploads\/2023\/02\/operacion-de-pecho-cemeq-scaled.jpg\" \/>\n\t<meta property=\"og:image:width\" content=\"2560\" \/>\n\t<meta property=\"og:image:height\" content=\"1440\" \/>\n\t<meta property=\"og:image:type\" content=\"image\/jpeg\" \/>\n<meta name=\"author\" content=\"Federico Mahiques\" \/>\n<meta name=\"twitter:card\" content=\"summary_large_image\" \/>\n<meta name=\"twitter:label1\" content=\"Escrito por\" \/>\n\t<meta name=\"twitter:data1\" content=\"Federico Mahiques\" \/>\n\t<meta name=\"twitter:label2\" content=\"Tiempo de lectura\" \/>\n\t<meta name=\"twitter:data2\" content=\"6 minutos\" \/>\n<script type=\"application\/ld+json\" class=\"yoast-schema-graph\">{\"@context\":\"https:\/\/schema.org\",\"@graph\":[{\"@type\":[\"WebPage\",\"ItemPage\"],\"@id\":\"https:\/\/clinicacemeq.es\/estetica\/2023\/02\/02\/que-es-la-operacion-de-pecho\/\",\"url\":\"https:\/\/clinicacemeq.es\/estetica\/2023\/02\/02\/que-es-la-operacion-de-pecho\/\",\"name\":\"\u00bfQu\u00e9 es la operaci\u00f3n de pecho? - Cl\u00ednica Est\u00e9tica CEMEQ\",\"isPartOf\":{\"@id\":\"https:\/\/clinicacemeq.es\/estetica\/#website\"},\"primaryImageOfPage\":{\"@id\":\"https:\/\/clinicacemeq.es\/estetica\/2023\/02\/02\/que-es-la-operacion-de-pecho\/#primaryimage\"},\"image\":{\"@id\":\"https:\/\/clinicacemeq.es\/estetica\/2023\/02\/02\/que-es-la-operacion-de-pecho\/#primaryimage\"},\"thumbnailUrl\":\"https:\/\/clinicacemeq.es\/estetica\/wp-content\/uploads\/2023\/02\/operacion-de-pecho-cemeq-scaled.jpg\",\"datePublished\":\"2023-02-02T14:57:48+00:00\",\"dateModified\":\"2024-06-25T15:24:31+00:00\",\"author\":{\"@id\":\"https:\/\/clinicacemeq.es\/estetica\/#\/schema\/person\/970b971cfb22127a85928078e5d97fcf\"},\"description\":\"Te contamos todo lo que tienes que saber sobre la operaci\u00f3n de pecho. La cirug\u00eda m\u00e1s solicitada en nuestra cl\u00ednica est\u00e9tica Valencia.\",\"breadcrumb\":{\"@id\":\"https:\/\/clinicacemeq.es\/estetica\/2023\/02\/02\/que-es-la-operacion-de-pecho\/#breadcrumb\"},\"inLanguage\":\"es\",\"potentialAction\":[{\"@type\":\"ReadAction\",\"target\":[\"https:\/\/clinicacemeq.es\/estetica\/2023\/02\/02\/que-es-la-operacion-de-pecho\/\"]}]},{\"@type\":\"ImageObject\",\"inLanguage\":\"es\",\"@id\":\"https:\/\/clinicacemeq.es\/estetica\/2023\/02\/02\/que-es-la-operacion-de-pecho\/#primaryimage\",\"url\":\"https:\/\/clinicacemeq.es\/estetica\/wp-content\/uploads\/2023\/02\/operacion-de-pecho-cemeq-scaled.jpg\",\"contentUrl\":\"https:\/\/clinicacemeq.es\/estetica\/wp-content\/uploads\/2023\/02\/operacion-de-pecho-cemeq-scaled.jpg\",\"width\":2560,\"height\":1440,\"caption\":\"Operaci\u00f3n de pecho cemeq\"},{\"@type\":\"BreadcrumbList\",\"@id\":\"https:\/\/clinicacemeq.es\/estetica\/2023\/02\/02\/que-es-la-operacion-de-pecho\/#breadcrumb\",\"itemListElement\":[{\"@type\":\"ListItem\",\"position\":1,\"name\":\"Portada\",\"item\":\"https:\/\/clinicacemeq.es\/estetica\/\"},{\"@type\":\"ListItem\",\"position\":2,\"name\":\"\u00bfQu\u00e9 es la operaci\u00f3n de pecho?\"}]},{\"@type\":\"WebSite\",\"@id\":\"https:\/\/clinicacemeq.es\/estetica\/#website\",\"url\":\"https:\/\/clinicacemeq.es\/estetica\/\",\"name\":\"Cl\u00ednica Est\u00e9tica CEMEQ\",\"description\":\"Medicina est\u00e9tica \u0131 Cirug\u00eda Est\u00e9tica \u0131 Cl\u00ednica Dental \u0131 Unidad Capilar \u0131 Unidad de Obesidad\",\"potentialAction\":[{\"@type\":\"SearchAction\",\"target\":{\"@type\":\"EntryPoint\",\"urlTemplate\":\"https:\/\/clinicacemeq.es\/estetica\/?s={search_term_string}\"},\"query-input\":{\"@type\":\"PropertyValueSpecification\",\"valueRequired\":true,\"valueName\":\"search_term_string\"}}],\"inLanguage\":\"es\"},{\"@type\":\"Person\",\"@id\":\"https:\/\/clinicacemeq.es\/estetica\/#\/schema\/person\/970b971cfb22127a85928078e5d97fcf\",\"name\":\"Federico Mahiques\",\"image\":{\"@type\":\"ImageObject\",\"inLanguage\":\"es\",\"@id\":\"https:\/\/clinicacemeq.es\/estetica\/#\/schema\/person\/image\/\",\"url\":\"https:\/\/secure.gravatar.com\/avatar\/2eb8af16608046630259421df61b19a9?s=96&d=mm&r=g\",\"contentUrl\":\"https:\/\/secure.gravatar.com\/avatar\/2eb8af16608046630259421df61b19a9?s=96&d=mm&r=g\",\"caption\":\"Federico Mahiques\"},\"url\":\"https:\/\/clinicacemeq.es\/estetica\/author\/clinica-cemeq\/\"}]}<\/script>\n<!-- \/ Yoast SEO Premium plugin. -->","yoast_head_json":{"title":"\u00bfQu\u00e9 es la operaci\u00f3n de pecho? - Cl\u00ednica Est\u00e9tica CEMEQ","description":"Te contamos todo lo que tienes que saber sobre la operaci\u00f3n de pecho. La cirug\u00eda m\u00e1s solicitada en nuestra cl\u00ednica est\u00e9tica Valencia.","robots":{"index":"index","follow":"follow","max-snippet":"max-snippet:-1","max-image-preview":"max-image-preview:large","max-video-preview":"max-video-preview:-1"},"canonical":"https:\/\/clinicacemeq.es\/estetica\/2023\/02\/02\/que-es-la-operacion-de-pecho\/","og_locale":"es_ES","og_type":"article","og_title":"\u00bfQu\u00e9 es la operaci\u00f3n de pecho?","og_description":"Te contamos todo lo que tienes que saber sobre la operaci\u00f3n de pecho. La cirug\u00eda m\u00e1s solicitada en nuestra cl\u00ednica est\u00e9tica Valencia.","og_url":"https:\/\/clinicacemeq.es\/estetica\/2023\/02\/02\/que-es-la-operacion-de-pecho\/","og_site_name":"Cl\u00ednica Est\u00e9tica CEMEQ","article_published_time":"2023-02-02T14:57:48+00:00","article_modified_time":"2024-06-25T15:24:31+00:00","og_image":[{"width":2560,"height":1440,"url":"https:\/\/clinicacemeq.es\/estetica\/wp-content\/uploads\/2023\/02\/operacion-de-pecho-cemeq-scaled.jpg","type":"image\/jpeg"}],"author":"Federico Mahiques","twitter_card":"summary_large_image","twitter_misc":{"Escrito por":"Federico Mahiques","Tiempo de lectura":"6 minutos"},"schema":{"@context":"https:\/\/schema.org","@graph":[{"@type":["WebPage","ItemPage"],"@id":"https:\/\/clinicacemeq.es\/estetica\/2023\/02\/02\/que-es-la-operacion-de-pecho\/","url":"https:\/\/clinicacemeq.es\/estetica\/2023\/02\/02\/que-es-la-operacion-de-pecho\/","name":"\u00bfQu\u00e9 es la operaci\u00f3n de pecho? - Cl\u00ednica Est\u00e9tica CEMEQ","isPartOf":{"@id":"https:\/\/clinicacemeq.es\/estetica\/#website"},"primaryImageOfPage":{"@id":"https:\/\/clinicacemeq.es\/estetica\/2023\/02\/02\/que-es-la-operacion-de-pecho\/#primaryimage"},"image":{"@id":"https:\/\/clinicacemeq.es\/estetica\/2023\/02\/02\/que-es-la-operacion-de-pecho\/#primaryimage"},"thumbnailUrl":"https:\/\/clinicacemeq.es\/estetica\/wp-content\/uploads\/2023\/02\/operacion-de-pecho-cemeq-scaled.jpg","datePublished":"2023-02-02T14:57:48+00:00","dateModified":"2024-06-25T15:24:31+00:00","author":{"@id":"https:\/\/clinicacemeq.es\/estetica\/#\/schema\/person\/970b971cfb22127a85928078e5d97fcf"},"description":"Te contamos todo lo que tienes que saber sobre la operaci\u00f3n de pecho. La cirug\u00eda m\u00e1s solicitada en nuestra cl\u00ednica est\u00e9tica Valencia.","breadcrumb":{"@id":"https:\/\/clinicacemeq.es\/estetica\/2023\/02\/02\/que-es-la-operacion-de-pecho\/#breadcrumb"},"inLanguage":"es","potentialAction":[{"@type":"ReadAction","target":["https:\/\/clinicacemeq.es\/estetica\/2023\/02\/02\/que-es-la-operacion-de-pecho\/"]}]},{"@type":"ImageObject","inLanguage":"es","@id":"https:\/\/clinicacemeq.es\/estetica\/2023\/02\/02\/que-es-la-operacion-de-pecho\/#primaryimage","url":"https:\/\/clinicacemeq.es\/estetica\/wp-content\/uploads\/2023\/02\/operacion-de-pecho-cemeq-scaled.jpg","contentUrl":"https:\/\/clinicacemeq.es\/estetica\/wp-content\/uploads\/2023\/02\/operacion-de-pecho-cemeq-scaled.jpg","width":2560,"height":1440,"caption":"Operaci\u00f3n de pecho cemeq"},{"@type":"BreadcrumbList","@id":"https:\/\/clinicacemeq.es\/estetica\/2023\/02\/02\/que-es-la-operacion-de-pecho\/#breadcrumb","itemListElement":[{"@type":"ListItem","position":1,"name":"Portada","item":"https:\/\/clinicacemeq.es\/estetica\/"},{"@type":"ListItem","position":2,"name":"\u00bfQu\u00e9 es la operaci\u00f3n de pecho?"}]},{"@type":"WebSite","@id":"https:\/\/clinicacemeq.es\/estetica\/#website","url":"https:\/\/clinicacemeq.es\/estetica\/","name":"Cl\u00ednica Est\u00e9tica CEMEQ","description":"Medicina est\u00e9tica \u0131 Cirug\u00eda Est\u00e9tica \u0131 Cl\u00ednica Dental \u0131 Unidad Capilar \u0131 Unidad de Obesidad","potentialAction":[{"@type":"SearchAction","target":{"@type":"EntryPoint","urlTemplate":"https:\/\/clinicacemeq.es\/estetica\/?s={search_term_string}"},"query-input":{"@type":"PropertyValueSpecification","valueRequired":true,"valueName":"search_term_string"}}],"inLanguage":"es"},{"@type":"Person","@id":"https:\/\/clinicacemeq.es\/estetica\/#\/schema\/person\/970b971cfb22127a85928078e5d97fcf","name":"Federico Mahiques","image":{"@type":"ImageObject","inLanguage":"es","@id":"https:\/\/clinicacemeq.es\/estetica\/#\/schema\/person\/image\/","url":"https:\/\/secure.gravatar.com\/avatar\/2eb8af16608046630259421df61b19a9?s=96&d=mm&r=g","contentUrl":"https:\/\/secure.gravatar.com\/avatar\/2eb8af16608046630259421df61b19a9?s=96&d=mm&r=g","caption":"Federico Mahiques"},"url":"https:\/\/clinicacemeq.es\/estetica\/author\/clinica-cemeq\/"}]}},"_links":{"self":[{"href":"https:\/\/clinicacemeq.es\/estetica\/wp-json\/wp\/v2\/posts\/7440"}],"collection":[{"href":"https:\/\/clinicacemeq.es\/estetica\/wp-json\/wp\/v2\/posts"}],"about":[{"href":"https:\/\/clinicacemeq.es\/estetica\/wp-json\/wp\/v2\/types\/post"}],"author":[{"embeddable":true,"href":"https:\/\/clinicacemeq.es\/estetica\/wp-json\/wp\/v2\/users\/2"}],"replies":[{"embeddable":true,"href":"https:\/\/clinicacemeq.es\/estetica\/wp-json\/wp\/v2\/comments?post=7440"}],"version-history":[{"count":7,"href":"https:\/\/clinicacemeq.es\/estetica\/wp-json\/wp\/v2\/posts\/7440\/revisions"}],"predecessor-version":[{"id":8861,"href":"https:\/\/clinicacemeq.es\/estetica\/wp-json\/wp\/v2\/posts\/7440\/revisions\/8861"}],"wp:featuredmedia":[{"embeddable":true,"href":"https:\/\/clinicacemeq.es\/estetica\/wp-json\/wp\/v2\/media\/7443"}],"wp:attachment":[{"href":"https:\/\/clinicacemeq.es\/estetica\/wp-json\/wp\/v2\/media?parent=7440"}],"wp:term":[{"taxonomy":"category","embeddable":true,"href":"https:\/\/clinicacemeq.es\/estetica\/wp-json\/wp\/v2\/categories?post=7440"},{"taxonomy":"post_tag","embeddable":true,"href":"https:\/\/clinicacemeq.es\/estetica\/wp-json\/wp\/v2\/tags?post=7440"}],"curies":[{"name":"wp","href":"https:\/\/api.w.org\/{rel}","templated":true}]}}