{"id":7309,"date":"2023-01-27T10:21:08","date_gmt":"2023-01-27T10:21:08","guid":{"rendered":"https:\/\/clinicacemeq.es\/estetica\/?p=7309"},"modified":"2024-08-22T13:12:58","modified_gmt":"2024-08-22T13:12:58","slug":"asimetria-mamaria-y-aumento-de-pecho-natural","status":"publish","type":"post","link":"https:\/\/clinicacemeq.es\/estetica\/2023\/01\/27\/asimetria-mamaria-y-aumento-de-pecho-natural\/","title":{"rendered":"Asimetr\u00eda mamaria y  operaci\u00f3n de pecho"},"content":{"rendered":"\n\n<div class=\"kk-star-ratings kksr-auto kksr-align-left kksr-valign-top\"\n    data-payload='{&quot;align&quot;:&quot;left&quot;,&quot;id&quot;:&quot;7309&quot;,&quot;slug&quot;:&quot;default&quot;,&quot;valign&quot;:&quot;top&quot;,&quot;ignore&quot;:&quot;&quot;,&quot;reference&quot;:&quot;auto&quot;,&quot;class&quot;:&quot;&quot;,&quot;count&quot;:&quot;0&quot;,&quot;legendonly&quot;:&quot;&quot;,&quot;readonly&quot;:&quot;&quot;,&quot;score&quot;:&quot;0&quot;,&quot;starsonly&quot;:&quot;&quot;,&quot;best&quot;:&quot;5&quot;,&quot;gap&quot;:&quot;5&quot;,&quot;greet&quot;:&quot;Valora esta publicaci\u00f3n \ud83d\ude09&quot;,&quot;legend&quot;:&quot;0\\\/5 - (0 votos)&quot;,&quot;size&quot;:&quot;24&quot;,&quot;title&quot;:&quot;Asimetr\u00eda mamaria y  operaci\u00f3n de pecho&quot;,&quot;width&quot;:&quot;0&quot;,&quot;_legend&quot;:&quot;{score}\\\/{best} - ({count} {votes})&quot;,&quot;font_factor&quot;:&quot;1.25&quot;}'>\n            \n<div class=\"kksr-stars\">\n    \n<div class=\"kksr-stars-inactive\">\n            <div class=\"kksr-star\" data-star=\"1\" style=\"padding-right: 5px\">\n            \n\n<div class=\"kksr-icon\" style=\"width: 24px; height: 24px;\"><\/div>\n        <\/div>\n            <div class=\"kksr-star\" data-star=\"2\" style=\"padding-right: 5px\">\n            \n\n<div class=\"kksr-icon\" style=\"width: 24px; height: 24px;\"><\/div>\n        <\/div>\n            <div class=\"kksr-star\" data-star=\"3\" style=\"padding-right: 5px\">\n            \n\n<div class=\"kksr-icon\" style=\"width: 24px; height: 24px;\"><\/div>\n        <\/div>\n            <div class=\"kksr-star\" data-star=\"4\" style=\"padding-right: 5px\">\n            \n\n<div class=\"kksr-icon\" style=\"width: 24px; height: 24px;\"><\/div>\n        <\/div>\n            <div class=\"kksr-star\" data-star=\"5\" style=\"padding-right: 5px\">\n            \n\n<div class=\"kksr-icon\" style=\"width: 24px; height: 24px;\"><\/div>\n        <\/div>\n    <\/div>\n    \n<div class=\"kksr-stars-active\" style=\"width: 0px;\">\n            <div class=\"kksr-star\" style=\"padding-right: 5px\">\n            \n\n<div class=\"kksr-icon\" style=\"width: 24px; height: 24px;\"><\/div>\n        <\/div>\n            <div class=\"kksr-star\" style=\"padding-right: 5px\">\n            \n\n<div class=\"kksr-icon\" style=\"width: 24px; height: 24px;\"><\/div>\n        <\/div>\n            <div class=\"kksr-star\" style=\"padding-right: 5px\">\n            \n\n<div class=\"kksr-icon\" style=\"width: 24px; height: 24px;\"><\/div>\n        <\/div>\n            <div class=\"kksr-star\" style=\"padding-right: 5px\">\n            \n\n<div class=\"kksr-icon\" style=\"width: 24px; height: 24px;\"><\/div>\n        <\/div>\n            <div class=\"kksr-star\" style=\"padding-right: 5px\">\n            \n\n<div class=\"kksr-icon\" style=\"width: 24px; height: 24px;\"><\/div>\n        <\/div>\n    <\/div>\n<\/div>\n                \n\n<div class=\"kksr-legend\" style=\"font-size: 19.2px;\">\n            <span class=\"kksr-muted\">Valora esta publicaci\u00f3n \ud83d\ude09<\/span>\n    <\/div>\n    <\/div>\n<p>Si tus pechos se ven diferentes en tama\u00f1o o forma, te encuentras entre el 95% de mujeres que experimentan asimetr\u00eda mamaria. Esta afecci\u00f3n puede llegar a ser problem\u00e1tica cuando es muy evidente, porque provoca una gran falta de autoestima y confianza, lo que afecta a tu vida diaria. Afortunadamente, existe una soluci\u00f3n para este problema: realizar una<b> operaci\u00f3n de pecho.<\/b><\/p>\n<p>Esta t\u00e9cnica quir\u00fargica consiste en realizar una mamoplastia que proporciona <strong>simetr\u00eda y equilibrio a las mam\u00e1s<\/strong> manteniendo su aspecto natural. El resultado es un <strong>aspecto est\u00e9ticamente m\u00e1s agradable y con una proporcionalidad \u00f3ptima<\/strong> que hace que te sientas m\u00e1s segura de ti misma y de tu imagen corporal.<\/p>\n<h2>\u00bfQu\u00e9 es la asimetr\u00eda mamaria?<\/h2>\n<p>La <strong>asimetr\u00eda mamaria<\/strong> ocurre cuando las<strong> mamas no se han desarrollado de forma normal,<\/strong> en la que un pecho tiene un aspecto diferente del otro, ya sea en<strong> tama\u00f1o, posici\u00f3n o forma.<\/strong> Suele ser muy sutil y puede pasar desapercibida incluso a los m\u00e9dicos. Sin embargo, cuando la discrepancia entre los pechos es m\u00e1s evidente (por ejemplo, un pecho m\u00e1s grande que el otro), se convierte en una fuente de incomodidad est\u00e9tica para muchas mujeres, lo que provoca sentimientos de inseguridad sobre su aspecto f\u00edsico.<\/p>\n<h3>Existen 3 tipos de asimetr\u00eda mamaria:<\/h3>\n<ul>\n<li><strong>Anisomastia:<\/strong> Presencia de un pecho m\u00e1s grande que el otro. Es la m\u00e1s evidente<\/li>\n<li><strong>Anisotelia<\/strong>: Cuando existe una desigualdad de los pezones y areolas entre las mam\u00e1s<\/li>\n<li><strong>Combinada<\/strong>: Cuando ocurren ambas asimetr\u00edas a la vez.<\/li>\n<\/ul>\n<h2>\u00bfC\u00f3mo solucionarlo con la operaci\u00f3n de pecho?<\/h2>\n<p>Conseguir un aspecto uniforme y sim\u00e9trico del busto puede lograrse mediante el <strong>aumento de pecho natural<\/strong>. Dependiendo de las necesidades y caracter\u00edsticas \u00fanicas de cada persona, as\u00ed como de la experiencia de su cirujano, una cuidadosa combinaci\u00f3n de aumento o reducci\u00f3n de mamas puede proporcionar los resultados deseados. Tambi\u00e9n debes tener en cuenta muchos otros factores a la hora de tomar esta decisi\u00f3n, creando un enfoque a medida para conseguir una bella simetr\u00eda:<\/p>\n<p>Cuando un pecho tiene un volumen mayor que el otro, existen m\u00faltiples soluciones para igualarlo. Las opciones van desde\u00a0 la <strong><a href=\"https:\/\/clinicacemeq.es\/estetica\/2023\/02\/02\/que-es-la-operacion-de-pecho\/\">mamoplastia<\/a> <\/strong>con pr\u00f3tesis de distintos tama\u00f1os.<br \/>\nCuando la disparidad es de forma y tama\u00f1o, estos procedimientos pueden no ser suficientes, en cuyo caso la <strong>elevaci\u00f3n de pecho<\/strong> o la cirug\u00eda de reconstrucci\u00f3n pueden ser lo mejor para conseguir la simetr\u00eda entre ambos pechos.<\/p>\n<p>\u00a0<\/p>\n<h2>Ventajas de la mamoplastia<\/h2>\n<p>La <strong><a href=\"https:\/\/clinicacemeq.es\/estetica\/2023\/02\/02\/que-es-la-operacion-de-pecho\/\">mamoplastia<\/a><\/strong> ofrece una amplia gama de beneficios:<\/p>\n<p>&#8211; El procedimiento es seguro, con riesgos y complicaciones m\u00ednimos.<br \/>\n&#8211; Los resultados son naturales, est\u00e9ticos y proporcionados a tu tipo de cuerpo.<br \/>\n&#8211; Puede mejorar la forma, el tama\u00f1o, la firmeza y la posici\u00f3n de ambos senos.<br \/>\n&#8211; El tiempo de recuperaci\u00f3n es corto en comparaci\u00f3n con otros tipos de cirug\u00eda de aumento mamario.<br \/>\n&#8211; Mejora la confianza en ti misma: Al restaurar la simetr\u00eda y el equilibrio de tus pechos, te sentir\u00e1s mucho mejor contigo misma y con tu imagen corporal.<br \/>\n&#8211; El procedimiento y los materiales usados en CEMEQ <strong><a href=\"\/\">cl\u00ednica Valencia <\/a><\/strong>proporcionan resultados permanentes que duran toda la vida.<\/p>\n<p>El <a href=\"https:\/\/clinicacemeq.es\/estetica\/2023\/02\/02\/que-es-la-operacion-de-pecho\/\"><strong>aumento de pecho Valencia<\/strong> <\/a>es una opci\u00f3n ideal para las mujeres que desean conseguir un aspecto m\u00e1s equilibrado sin sacrificar su aspecto natural ni su salud. Con esta t\u00e9cnica, puede conseguir los bellos pechos que siempre ha deseado con un riesgo y un tiempo de recuperaci\u00f3n m\u00ednimo. Ponte en contacto con tu cirujano hoy mismo para averiguar si es la opci\u00f3n adecuada para ti.<\/p>\n<h2><span data-sheets-value=\"{&quot;1&quot;:2,&quot;2&quot;:&quot;precio operacion pecho&quot;}\" data-sheets-userformat=\"{&quot;2&quot;:14975,&quot;3&quot;:{&quot;1&quot;:0},&quot;4&quot;:{&quot;1&quot;:2,&quot;2&quot;:16573901},&quot;5&quot;:{&quot;1&quot;:[{&quot;1&quot;:2,&quot;2&quot;:0,&quot;5&quot;:{&quot;1&quot;:2,&quot;2&quot;:0}},{&quot;1&quot;:0,&quot;2&quot;:0,&quot;3&quot;:3},{&quot;1&quot;:1,&quot;2&quot;:0,&quot;4&quot;:1}]},&quot;6&quot;:{&quot;1&quot;:[{&quot;1&quot;:2,&quot;2&quot;:0,&quot;5&quot;:{&quot;1&quot;:2,&quot;2&quot;:0}},{&quot;1&quot;:0,&quot;2&quot;:0,&quot;3&quot;:3},{&quot;1&quot;:1,&quot;2&quot;:0,&quot;4&quot;:1}]},&quot;7&quot;:{&quot;1&quot;:[{&quot;1&quot;:2,&quot;2&quot;:0,&quot;5&quot;:{&quot;1&quot;:2,&quot;2&quot;:0}},{&quot;1&quot;:0,&quot;2&quot;:0,&quot;3&quot;:3},{&quot;1&quot;:1,&quot;2&quot;:0,&quot;4&quot;:1}]},&quot;8&quot;:{&quot;1&quot;:[{&quot;1&quot;:2,&quot;2&quot;:0,&quot;5&quot;:{&quot;1&quot;:2,&quot;2&quot;:0}},{&quot;1&quot;:0,&quot;2&quot;:0,&quot;3&quot;:3},{&quot;1&quot;:1,&quot;2&quot;:0,&quot;4&quot;:1}]},&quot;9&quot;:0,&quot;12&quot;:0,&quot;14&quot;:{&quot;1&quot;:2,&quot;2&quot;:0},&quot;15&quot;:&quot;Arial&quot;,&quot;16&quot;:10}\">Precio operaci\u00f3n pecho<\/span> en Espa\u00f1a<\/h2>\n<p>El <b><a href=\"https:\/\/clinicacemeq.es\/estetica\/2023\/02\/02\/que-es-la-operacion-de-pecho\/\">precio operaci\u00f3n pecho<\/a> <\/b>en Espa\u00f1a oscila los 4.000\u202f\u20ac &#8211; 6.000\u202f\u20ac. En Espa\u00f1a existen cl\u00ednicas de dudosa reputaci\u00f3n que ofrecen este tipo de operaciones a precios muy reducidos y con ofertas explosivas. Recordemos que el\u00a0<b> precio operaci\u00f3n pecho <\/b>no debe ser el \u00fanico factor a tener en cuenta a la hora de decidir. En CEMEQ recomendamos guiarse por un equipo m\u00e9dico especializado y una <strong><a href=\"https:\/\/clinicacemeq.es\/estetica\/\">cl\u00ednica est\u00e9tica<\/a><\/strong> que te asegure un seguimiento tras la intervenci\u00f3n.<\/p>\n<p>Entre los factores que influyen en el precio<strong><a href=\"\/estetica\/operacion-de-pecho-mamoplastia\/\">\u00a0<\/a><\/strong>son:<\/p>\n<ul>\n<li>Tipo de t\u00e9cnica<\/li>\n<li>Caracter\u00edsticas del paciente<\/li>\n<li>Servicios de la cl\u00ednica<\/li>\n<li>Reputaci\u00f3n del equipo m\u00e9dico<\/li>\n<\/ul>\n<h2><span data-sheets-value=\"{&quot;1&quot;:2,&quot;2&quot;:&quot;precio operacion pecho&quot;}\" data-sheets-userformat=\"{&quot;2&quot;:14975,&quot;3&quot;:{&quot;1&quot;:0},&quot;4&quot;:{&quot;1&quot;:2,&quot;2&quot;:16573901},&quot;5&quot;:{&quot;1&quot;:[{&quot;1&quot;:2,&quot;2&quot;:0,&quot;5&quot;:{&quot;1&quot;:2,&quot;2&quot;:0}},{&quot;1&quot;:0,&quot;2&quot;:0,&quot;3&quot;:3},{&quot;1&quot;:1,&quot;2&quot;:0,&quot;4&quot;:1}]},&quot;6&quot;:{&quot;1&quot;:[{&quot;1&quot;:2,&quot;2&quot;:0,&quot;5&quot;:{&quot;1&quot;:2,&quot;2&quot;:0}},{&quot;1&quot;:0,&quot;2&quot;:0,&quot;3&quot;:3},{&quot;1&quot;:1,&quot;2&quot;:0,&quot;4&quot;:1}]},&quot;7&quot;:{&quot;1&quot;:[{&quot;1&quot;:2,&quot;2&quot;:0,&quot;5&quot;:{&quot;1&quot;:2,&quot;2&quot;:0}},{&quot;1&quot;:0,&quot;2&quot;:0,&quot;3&quot;:3},{&quot;1&quot;:1,&quot;2&quot;:0,&quot;4&quot;:1}]},&quot;8&quot;:{&quot;1&quot;:[{&quot;1&quot;:2,&quot;2&quot;:0,&quot;5&quot;:{&quot;1&quot;:2,&quot;2&quot;:0}},{&quot;1&quot;:0,&quot;2&quot;:0,&quot;3&quot;:3},{&quot;1&quot;:1,&quot;2&quot;:0,&quot;4&quot;:1}]},&quot;9&quot;:0,&quot;12&quot;:0,&quot;14&quot;:{&quot;1&quot;:2,&quot;2&quot;:0},&quot;15&quot;:&quot;Arial&quot;,&quot;16&quot;:10}\">Precio operaci\u00f3n pecho<\/span>\u00a0en CEMEQ<\/h2>\n<p>Para que podamos ofrecerte un <strong>aumento de pecho precio<\/strong> cerrado es importante acudir a nuestra primera cita de valoraci\u00f3n con nuestro cirujano especialista en cirug\u00eda pl\u00e1stica. En ella, realizar\u00e1 una valoraci\u00f3n completa y determinar\u00e1 qu\u00e9 tratamiento es el que mejor se adapta a tus necesidades. Tras ello, nuestro equipo comercial le ofrece un<a href=\"https:\/\/clinicacemeq.es\/estetica\/2023\/02\/02\/que-es-la-operacion-de-pecho\/\"> <b>precio operaci\u00f3n pecho <\/b><\/a>definitivo.<\/p>\n<p>Dentro de nuestro <strong>aumento de pecho precio<\/strong> incluimos:<\/p>\n<ul>\n<li>Intervenci\u00f3n<\/li>\n<li>Anestesia<\/li>\n<li>Preoperatorio y postoperatorio<\/li>\n<li>Cirujano especializado<\/li>\n<li>Facilidades de pago<\/li>\n<\/ul>\n<p>\u00bfQuieres m\u00e1s informaci\u00f3n sobre nuestro <strong>aumento de pecho precio<\/strong>? <a href=\"https:\/\/clinicacemeq.es\/estetica\/contacto\/\"><strong>Cont\u00e1ctanos.<\/strong><\/a><\/p>\n<h2>Especialistas en operaci\u00f3n de pecho<\/h2>\n<p>En CEMEQ <a href=\"https:\/\/clinicacemeq.es\/estetica\/home\/\"><b>cl\u00ednica est\u00e9tica Valencia<\/b><\/a>\u00a0estamos especializados en <strong><a href=\"\/estetica\/operacion-de-pecho-mamoplastia\/\">aumento de pecho precio <\/a><\/strong>preferente para pacientes con mamas desiguales. Ofrecemos un servicio de calidad con profesionales experimentados que te ayudar\u00e1n a disfrutar de los mejores resultados y conseguir una forma de pecho que refleje tu belleza de forma natural. No esperes m\u00e1s, acude a tu <a href=\"https:\/\/clinicacemeq.es\/estetica\/contacto\/\"><strong>cita gratuita<\/strong> <\/a>con nuestro cirujano especializado en<a href=\"https:\/\/clinicacemeq.es\/estetica\/2023\/02\/02\/que-es-la-operacion-de-pecho\/\"> <strong>aumento de pecho Valencia.<\/strong> <\/a>No te arrepentir\u00e1s.<\/p>\n","protected":false},"excerpt":{"rendered":"<p>Si tus pechos se ven diferentes en tama\u00f1o o forma, te encuentras entre el 95% de mujeres que experimentan asimetr\u00eda mamaria. Esta afecci\u00f3n puede llegar a ser problem\u00e1tica cuando es muy evidente, porque provoca una gran falta de autoestima y confianza, lo que afecta a tu vida diaria. Afortunadamente, existe una soluci\u00f3n para este problema: [&#8230;]\n","protected":false},"author":2,"featured_media":7311,"comment_status":"open","ping_status":"open","sticky":false,"template":"","format":"standard","meta":{"footnotes":""},"categories":[1,147],"tags":[],"yoast_head":"<!-- This site is optimized with the Yoast SEO Premium plugin v18.3 (Yoast SEO v24.5) - https:\/\/yoast.com\/wordpress\/plugins\/seo\/ -->\n<title>Asimetr\u00eda mamaria y operaci\u00f3n de pecho - Cl\u00ednica Est\u00e9tica CEMEQ<\/title>\n<meta name=\"description\" content=\"Descubre como la operaci\u00f3n de pecho puede solucionar la asimetr\u00eda mamaria. Pide tu valoraci\u00f3n gratuita. No te arrepentir\u00e1s.\" \/>\n<meta name=\"robots\" content=\"index, follow, max-snippet:-1, max-image-preview:large, max-video-preview:-1\" \/>\n<link rel=\"canonical\" href=\"https:\/\/clinicacemeq.es\/estetica\/2023\/01\/27\/asimetria-mamaria-y-aumento-de-pecho-natural\/\" \/>\n<meta property=\"og:locale\" content=\"es_ES\" \/>\n<meta property=\"og:type\" content=\"article\" \/>\n<meta property=\"og:title\" content=\"Asimetr\u00eda mamaria y operaci\u00f3n de pecho\" \/>\n<meta property=\"og:description\" content=\"Descubre como la operaci\u00f3n de pecho puede solucionar la asimetr\u00eda mamaria. Pide tu valoraci\u00f3n gratuita. No te arrepentir\u00e1s.\" \/>\n<meta property=\"og:url\" content=\"https:\/\/clinicacemeq.es\/estetica\/2023\/01\/27\/asimetria-mamaria-y-aumento-de-pecho-natural\/\" \/>\n<meta property=\"og:site_name\" content=\"Cl\u00ednica Est\u00e9tica CEMEQ\" \/>\n<meta property=\"article:published_time\" content=\"2023-01-27T10:21:08+00:00\" \/>\n<meta property=\"article:modified_time\" content=\"2024-08-22T13:12:58+00:00\" \/>\n<meta property=\"og:image\" content=\"https:\/\/clinicacemeq.es\/estetica\/wp-content\/uploads\/2023\/01\/aumento-de-pecho-natural-y-asimetria-mamaria-scaled.jpg\" \/>\n\t<meta property=\"og:image:width\" content=\"2560\" \/>\n\t<meta property=\"og:image:height\" content=\"1707\" \/>\n\t<meta property=\"og:image:type\" content=\"image\/jpeg\" \/>\n<meta name=\"author\" content=\"Federico Mahiques\" \/>\n<meta name=\"twitter:card\" content=\"summary_large_image\" \/>\n<meta name=\"twitter:label1\" content=\"Escrito por\" \/>\n\t<meta name=\"twitter:data1\" content=\"Federico Mahiques\" \/>\n\t<meta name=\"twitter:label2\" content=\"Tiempo de lectura\" \/>\n\t<meta name=\"twitter:data2\" content=\"4 minutos\" \/>\n<script type=\"application\/ld+json\" class=\"yoast-schema-graph\">{\"@context\":\"https:\/\/schema.org\",\"@graph\":[{\"@type\":[\"WebPage\",\"ItemPage\"],\"@id\":\"https:\/\/clinicacemeq.es\/estetica\/2023\/01\/27\/asimetria-mamaria-y-aumento-de-pecho-natural\/\",\"url\":\"https:\/\/clinicacemeq.es\/estetica\/2023\/01\/27\/asimetria-mamaria-y-aumento-de-pecho-natural\/\",\"name\":\"Asimetr\u00eda mamaria y operaci\u00f3n de pecho - Cl\u00ednica Est\u00e9tica CEMEQ\",\"isPartOf\":{\"@id\":\"https:\/\/clinicacemeq.es\/estetica\/#website\"},\"primaryImageOfPage\":{\"@id\":\"https:\/\/clinicacemeq.es\/estetica\/2023\/01\/27\/asimetria-mamaria-y-aumento-de-pecho-natural\/#primaryimage\"},\"image\":{\"@id\":\"https:\/\/clinicacemeq.es\/estetica\/2023\/01\/27\/asimetria-mamaria-y-aumento-de-pecho-natural\/#primaryimage\"},\"thumbnailUrl\":\"https:\/\/clinicacemeq.es\/estetica\/wp-content\/uploads\/2023\/01\/aumento-de-pecho-natural-y-asimetria-mamaria-scaled.jpg\",\"datePublished\":\"2023-01-27T10:21:08+00:00\",\"dateModified\":\"2024-08-22T13:12:58+00:00\",\"author\":{\"@id\":\"https:\/\/clinicacemeq.es\/estetica\/#\/schema\/person\/970b971cfb22127a85928078e5d97fcf\"},\"description\":\"Descubre como la operaci\u00f3n de pecho puede solucionar la asimetr\u00eda mamaria. Pide tu valoraci\u00f3n gratuita. No te arrepentir\u00e1s.\",\"breadcrumb\":{\"@id\":\"https:\/\/clinicacemeq.es\/estetica\/2023\/01\/27\/asimetria-mamaria-y-aumento-de-pecho-natural\/#breadcrumb\"},\"inLanguage\":\"es\",\"potentialAction\":[{\"@type\":\"ReadAction\",\"target\":[\"https:\/\/clinicacemeq.es\/estetica\/2023\/01\/27\/asimetria-mamaria-y-aumento-de-pecho-natural\/\"]}]},{\"@type\":\"ImageObject\",\"inLanguage\":\"es\",\"@id\":\"https:\/\/clinicacemeq.es\/estetica\/2023\/01\/27\/asimetria-mamaria-y-aumento-de-pecho-natural\/#primaryimage\",\"url\":\"https:\/\/clinicacemeq.es\/estetica\/wp-content\/uploads\/2023\/01\/aumento-de-pecho-natural-y-asimetria-mamaria-scaled.jpg\",\"contentUrl\":\"https:\/\/clinicacemeq.es\/estetica\/wp-content\/uploads\/2023\/01\/aumento-de-pecho-natural-y-asimetria-mamaria-scaled.jpg\",\"width\":2560,\"height\":1707,\"caption\":\"Operaci\u00f3n de pecho y asimetria mamaria\"},{\"@type\":\"BreadcrumbList\",\"@id\":\"https:\/\/clinicacemeq.es\/estetica\/2023\/01\/27\/asimetria-mamaria-y-aumento-de-pecho-natural\/#breadcrumb\",\"itemListElement\":[{\"@type\":\"ListItem\",\"position\":1,\"name\":\"Portada\",\"item\":\"https:\/\/clinicacemeq.es\/estetica\/\"},{\"@type\":\"ListItem\",\"position\":2,\"name\":\"Asimetr\u00eda mamaria y operaci\u00f3n de pecho\"}]},{\"@type\":\"WebSite\",\"@id\":\"https:\/\/clinicacemeq.es\/estetica\/#website\",\"url\":\"https:\/\/clinicacemeq.es\/estetica\/\",\"name\":\"Cl\u00ednica Est\u00e9tica CEMEQ\",\"description\":\"Medicina est\u00e9tica \u0131 Cirug\u00eda Est\u00e9tica \u0131 Cl\u00ednica Dental \u0131 Unidad Capilar \u0131 Unidad de Obesidad\",\"potentialAction\":[{\"@type\":\"SearchAction\",\"target\":{\"@type\":\"EntryPoint\",\"urlTemplate\":\"https:\/\/clinicacemeq.es\/estetica\/?s={search_term_string}\"},\"query-input\":{\"@type\":\"PropertyValueSpecification\",\"valueRequired\":true,\"valueName\":\"search_term_string\"}}],\"inLanguage\":\"es\"},{\"@type\":\"Person\",\"@id\":\"https:\/\/clinicacemeq.es\/estetica\/#\/schema\/person\/970b971cfb22127a85928078e5d97fcf\",\"name\":\"Federico Mahiques\",\"image\":{\"@type\":\"ImageObject\",\"inLanguage\":\"es\",\"@id\":\"https:\/\/clinicacemeq.es\/estetica\/#\/schema\/person\/image\/\",\"url\":\"https:\/\/secure.gravatar.com\/avatar\/2eb8af16608046630259421df61b19a9?s=96&d=mm&r=g\",\"contentUrl\":\"https:\/\/secure.gravatar.com\/avatar\/2eb8af16608046630259421df61b19a9?s=96&d=mm&r=g\",\"caption\":\"Federico Mahiques\"},\"url\":\"https:\/\/clinicacemeq.es\/estetica\/author\/clinica-cemeq\/\"}]}<\/script>\n<!-- \/ Yoast SEO Premium plugin. -->","yoast_head_json":{"title":"Asimetr\u00eda mamaria y operaci\u00f3n de pecho - Cl\u00ednica Est\u00e9tica CEMEQ","description":"Descubre como la operaci\u00f3n de pecho puede solucionar la asimetr\u00eda mamaria. Pide tu valoraci\u00f3n gratuita. No te arrepentir\u00e1s.","robots":{"index":"index","follow":"follow","max-snippet":"max-snippet:-1","max-image-preview":"max-image-preview:large","max-video-preview":"max-video-preview:-1"},"canonical":"https:\/\/clinicacemeq.es\/estetica\/2023\/01\/27\/asimetria-mamaria-y-aumento-de-pecho-natural\/","og_locale":"es_ES","og_type":"article","og_title":"Asimetr\u00eda mamaria y operaci\u00f3n de pecho","og_description":"Descubre como la operaci\u00f3n de pecho puede solucionar la asimetr\u00eda mamaria. Pide tu valoraci\u00f3n gratuita. No te arrepentir\u00e1s.","og_url":"https:\/\/clinicacemeq.es\/estetica\/2023\/01\/27\/asimetria-mamaria-y-aumento-de-pecho-natural\/","og_site_name":"Cl\u00ednica Est\u00e9tica CEMEQ","article_published_time":"2023-01-27T10:21:08+00:00","article_modified_time":"2024-08-22T13:12:58+00:00","og_image":[{"width":2560,"height":1707,"url":"https:\/\/clinicacemeq.es\/estetica\/wp-content\/uploads\/2023\/01\/aumento-de-pecho-natural-y-asimetria-mamaria-scaled.jpg","type":"image\/jpeg"}],"author":"Federico Mahiques","twitter_card":"summary_large_image","twitter_misc":{"Escrito por":"Federico Mahiques","Tiempo de lectura":"4 minutos"},"schema":{"@context":"https:\/\/schema.org","@graph":[{"@type":["WebPage","ItemPage"],"@id":"https:\/\/clinicacemeq.es\/estetica\/2023\/01\/27\/asimetria-mamaria-y-aumento-de-pecho-natural\/","url":"https:\/\/clinicacemeq.es\/estetica\/2023\/01\/27\/asimetria-mamaria-y-aumento-de-pecho-natural\/","name":"Asimetr\u00eda mamaria y operaci\u00f3n de pecho - Cl\u00ednica Est\u00e9tica CEMEQ","isPartOf":{"@id":"https:\/\/clinicacemeq.es\/estetica\/#website"},"primaryImageOfPage":{"@id":"https:\/\/clinicacemeq.es\/estetica\/2023\/01\/27\/asimetria-mamaria-y-aumento-de-pecho-natural\/#primaryimage"},"image":{"@id":"https:\/\/clinicacemeq.es\/estetica\/2023\/01\/27\/asimetria-mamaria-y-aumento-de-pecho-natural\/#primaryimage"},"thumbnailUrl":"https:\/\/clinicacemeq.es\/estetica\/wp-content\/uploads\/2023\/01\/aumento-de-pecho-natural-y-asimetria-mamaria-scaled.jpg","datePublished":"2023-01-27T10:21:08+00:00","dateModified":"2024-08-22T13:12:58+00:00","author":{"@id":"https:\/\/clinicacemeq.es\/estetica\/#\/schema\/person\/970b971cfb22127a85928078e5d97fcf"},"description":"Descubre como la operaci\u00f3n de pecho puede solucionar la asimetr\u00eda mamaria. Pide tu valoraci\u00f3n gratuita. No te arrepentir\u00e1s.","breadcrumb":{"@id":"https:\/\/clinicacemeq.es\/estetica\/2023\/01\/27\/asimetria-mamaria-y-aumento-de-pecho-natural\/#breadcrumb"},"inLanguage":"es","potentialAction":[{"@type":"ReadAction","target":["https:\/\/clinicacemeq.es\/estetica\/2023\/01\/27\/asimetria-mamaria-y-aumento-de-pecho-natural\/"]}]},{"@type":"ImageObject","inLanguage":"es","@id":"https:\/\/clinicacemeq.es\/estetica\/2023\/01\/27\/asimetria-mamaria-y-aumento-de-pecho-natural\/#primaryimage","url":"https:\/\/clinicacemeq.es\/estetica\/wp-content\/uploads\/2023\/01\/aumento-de-pecho-natural-y-asimetria-mamaria-scaled.jpg","contentUrl":"https:\/\/clinicacemeq.es\/estetica\/wp-content\/uploads\/2023\/01\/aumento-de-pecho-natural-y-asimetria-mamaria-scaled.jpg","width":2560,"height":1707,"caption":"Operaci\u00f3n de pecho y asimetria mamaria"},{"@type":"BreadcrumbList","@id":"https:\/\/clinicacemeq.es\/estetica\/2023\/01\/27\/asimetria-mamaria-y-aumento-de-pecho-natural\/#breadcrumb","itemListElement":[{"@type":"ListItem","position":1,"name":"Portada","item":"https:\/\/clinicacemeq.es\/estetica\/"},{"@type":"ListItem","position":2,"name":"Asimetr\u00eda mamaria y operaci\u00f3n de pecho"}]},{"@type":"WebSite","@id":"https:\/\/clinicacemeq.es\/estetica\/#website","url":"https:\/\/clinicacemeq.es\/estetica\/","name":"Cl\u00ednica Est\u00e9tica CEMEQ","description":"Medicina est\u00e9tica \u0131 Cirug\u00eda Est\u00e9tica \u0131 Cl\u00ednica Dental \u0131 Unidad Capilar \u0131 Unidad de Obesidad","potentialAction":[{"@type":"SearchAction","target":{"@type":"EntryPoint","urlTemplate":"https:\/\/clinicacemeq.es\/estetica\/?s={search_term_string}"},"query-input":{"@type":"PropertyValueSpecification","valueRequired":true,"valueName":"search_term_string"}}],"inLanguage":"es"},{"@type":"Person","@id":"https:\/\/clinicacemeq.es\/estetica\/#\/schema\/person\/970b971cfb22127a85928078e5d97fcf","name":"Federico Mahiques","image":{"@type":"ImageObject","inLanguage":"es","@id":"https:\/\/clinicacemeq.es\/estetica\/#\/schema\/person\/image\/","url":"https:\/\/secure.gravatar.com\/avatar\/2eb8af16608046630259421df61b19a9?s=96&d=mm&r=g","contentUrl":"https:\/\/secure.gravatar.com\/avatar\/2eb8af16608046630259421df61b19a9?s=96&d=mm&r=g","caption":"Federico Mahiques"},"url":"https:\/\/clinicacemeq.es\/estetica\/author\/clinica-cemeq\/"}]}},"_links":{"self":[{"href":"https:\/\/clinicacemeq.es\/estetica\/wp-json\/wp\/v2\/posts\/7309"}],"collection":[{"href":"https:\/\/clinicacemeq.es\/estetica\/wp-json\/wp\/v2\/posts"}],"about":[{"href":"https:\/\/clinicacemeq.es\/estetica\/wp-json\/wp\/v2\/types\/post"}],"author":[{"embeddable":true,"href":"https:\/\/clinicacemeq.es\/estetica\/wp-json\/wp\/v2\/users\/2"}],"replies":[{"embeddable":true,"href":"https:\/\/clinicacemeq.es\/estetica\/wp-json\/wp\/v2\/comments?post=7309"}],"version-history":[{"count":8,"href":"https:\/\/clinicacemeq.es\/estetica\/wp-json\/wp\/v2\/posts\/7309\/revisions"}],"predecessor-version":[{"id":9474,"href":"https:\/\/clinicacemeq.es\/estetica\/wp-json\/wp\/v2\/posts\/7309\/revisions\/9474"}],"wp:featuredmedia":[{"embeddable":true,"href":"https:\/\/clinicacemeq.es\/estetica\/wp-json\/wp\/v2\/media\/7311"}],"wp:attachment":[{"href":"https:\/\/clinicacemeq.es\/estetica\/wp-json\/wp\/v2\/media?parent=7309"}],"wp:term":[{"taxonomy":"category","embeddable":true,"href":"https:\/\/clinicacemeq.es\/estetica\/wp-json\/wp\/v2\/categories?post=7309"},{"taxonomy":"post_tag","embeddable":true,"href":"https:\/\/clinicacemeq.es\/estetica\/wp-json\/wp\/v2\/tags?post=7309"}],"curies":[{"name":"wp","href":"https:\/\/api.w.org\/{rel}","templated":true}]}}