{"id":7249,"date":"2023-01-24T11:48:22","date_gmt":"2023-01-24T11:48:22","guid":{"rendered":"https:\/\/clinicacemeq.es\/estetica\/?p=7249"},"modified":"2024-06-25T15:25:17","modified_gmt":"2024-06-25T15:25:17","slug":"eficacia-del-microinjerto-capilar","status":"publish","type":"post","link":"https:\/\/clinicacemeq.es\/estetica\/2023\/01\/24\/eficacia-del-microinjerto-capilar\/","title":{"rendered":"Eficacia del microinjerto capilar"},"content":{"rendered":"\n\n<div class=\"kk-star-ratings kksr-auto kksr-align-left kksr-valign-top\"\n    data-payload='{&quot;align&quot;:&quot;left&quot;,&quot;id&quot;:&quot;7249&quot;,&quot;slug&quot;:&quot;default&quot;,&quot;valign&quot;:&quot;top&quot;,&quot;ignore&quot;:&quot;&quot;,&quot;reference&quot;:&quot;auto&quot;,&quot;class&quot;:&quot;&quot;,&quot;count&quot;:&quot;0&quot;,&quot;legendonly&quot;:&quot;&quot;,&quot;readonly&quot;:&quot;&quot;,&quot;score&quot;:&quot;0&quot;,&quot;starsonly&quot;:&quot;&quot;,&quot;best&quot;:&quot;5&quot;,&quot;gap&quot;:&quot;5&quot;,&quot;greet&quot;:&quot;Valora esta publicaci\u00f3n \ud83d\ude09&quot;,&quot;legend&quot;:&quot;0\\\/5 - (0 votos)&quot;,&quot;size&quot;:&quot;24&quot;,&quot;title&quot;:&quot;Eficacia del microinjerto capilar&quot;,&quot;width&quot;:&quot;0&quot;,&quot;_legend&quot;:&quot;{score}\\\/{best} - ({count} {votes})&quot;,&quot;font_factor&quot;:&quot;1.25&quot;}'>\n            \n<div class=\"kksr-stars\">\n    \n<div class=\"kksr-stars-inactive\">\n            <div class=\"kksr-star\" data-star=\"1\" style=\"padding-right: 5px\">\n            \n\n<div class=\"kksr-icon\" style=\"width: 24px; height: 24px;\"><\/div>\n        <\/div>\n            <div class=\"kksr-star\" data-star=\"2\" style=\"padding-right: 5px\">\n            \n\n<div class=\"kksr-icon\" style=\"width: 24px; height: 24px;\"><\/div>\n        <\/div>\n            <div class=\"kksr-star\" data-star=\"3\" style=\"padding-right: 5px\">\n            \n\n<div class=\"kksr-icon\" style=\"width: 24px; height: 24px;\"><\/div>\n        <\/div>\n            <div class=\"kksr-star\" data-star=\"4\" style=\"padding-right: 5px\">\n            \n\n<div class=\"kksr-icon\" style=\"width: 24px; height: 24px;\"><\/div>\n        <\/div>\n            <div class=\"kksr-star\" data-star=\"5\" style=\"padding-right: 5px\">\n            \n\n<div class=\"kksr-icon\" style=\"width: 24px; height: 24px;\"><\/div>\n        <\/div>\n    <\/div>\n    \n<div class=\"kksr-stars-active\" style=\"width: 0px;\">\n            <div class=\"kksr-star\" style=\"padding-right: 5px\">\n            \n\n<div class=\"kksr-icon\" style=\"width: 24px; height: 24px;\"><\/div>\n        <\/div>\n            <div class=\"kksr-star\" style=\"padding-right: 5px\">\n            \n\n<div class=\"kksr-icon\" style=\"width: 24px; height: 24px;\"><\/div>\n        <\/div>\n            <div class=\"kksr-star\" style=\"padding-right: 5px\">\n            \n\n<div class=\"kksr-icon\" style=\"width: 24px; height: 24px;\"><\/div>\n        <\/div>\n            <div class=\"kksr-star\" style=\"padding-right: 5px\">\n            \n\n<div class=\"kksr-icon\" style=\"width: 24px; height: 24px;\"><\/div>\n        <\/div>\n            <div class=\"kksr-star\" style=\"padding-right: 5px\">\n            \n\n<div class=\"kksr-icon\" style=\"width: 24px; height: 24px;\"><\/div>\n        <\/div>\n    <\/div>\n<\/div>\n                \n\n<div class=\"kksr-legend\" style=\"font-size: 19.2px;\">\n            <span class=\"kksr-muted\">Valora esta publicaci\u00f3n \ud83d\ude09<\/span>\n    <\/div>\n    <\/div>\n<p>\u00bfSufres de alopecia o p\u00e9rdida de cabello? El microinjerto capilar con la t\u00e9cnica Fue se ha convertido en uno de los tratamientos m\u00e1s solicitados en nuestra <strong>cl\u00ednica capilar Valencia<\/strong>. A continuaci\u00f3n os contamos a que se debe su repercusi\u00f3n y como son sus resultados.Informate.<\/p>\n<h2>Eficacia del microinjerto capilar<\/h2>\n<p>Uno de los problemas est\u00e9ticos que m\u00e1s influye en la calidad de vida y autoestima de las personas es la alopecia o perdida de cabello. La calvicie tiene gran repercusi\u00f3n en la vida y bienestar de las personas que lo sufren potenciando el aislamiento y depresi\u00f3n.<\/p>\n<p>Ante los problemas de alopecia, en nuestra <strong><a>cl\u00ednica capilar <\/a><\/strong>recomendamos nuestro tratamiento de microinjerto capilar con la t\u00e9cnica FUE. Esta t\u00e9cnica extrae los fol\u00edculos de las \u00e1reas donantes que generalmente son la parte superior y lateral de la cabeza. Tras aplicar anestesia, se realizan incisiones en el \u00e1rea receptora. Finalmente, durante la fase del <strong>injerto de pelo<\/strong>, el\u00a0\u00e1rea trasplantada se limpia y humedece para promover la inserci\u00f3n de los fol\u00edculos. La duraci\u00f3n del<strong> microinjerto capilar<\/strong> es de 6 y 8 horas.<\/p>\n<h2>\u00bfEn qu\u00e9 consiste nuestro injerto de pelo?<\/h2>\n<p>El <strong>injerto de pelo <\/strong>consiste en trasladar las unidades foliculares de la zona donante a las zonas donde se sufre alopecia. De esta forma el pelo volver\u00e1 a crecer y sin riesgo de rechazo para el paciente. El objetivo del <strong><a>microinjerto capilar <\/a><\/strong>es recuperar el cabello perdido, y conseguir que el crecimiento sea duradero y resultados naturales.<\/p>\n<p>La intervenci\u00f3n se realiza bajo anestesia local y su duraci\u00f3n es de 6 y 8 horas. Esta duraci\u00f3n se debe a que con la t\u00e9cnica fue se extraen los fol\u00edculos de uno a uno para asegurar<strong> resultados 100% naturales.<\/strong><\/p>\n<h2>\u00bfC\u00f3mo es la recuperaci\u00f3n del microinjerto capilar?<\/h2>\n<p>Una de las preocupaciones m\u00e1s comunes de los pacientes que acuden a la primera consulta de nuestra <strong><a>cl\u00ednica capilar<\/a><\/strong><br \/>\nes si la recuperaci\u00f3n es compleja y dolorosa.En pocos meses el paciente habr\u00e1 recuperado <strong>densidad capilar perdida<\/strong>. A continuaci\u00f3n te mostramos el proceso de recuperaci\u00f3n del injerto de pelo:<\/p>\n<p>24\u202fh despu\u00e9s del injerto de pelo, tanto la zona donante como la receptora ir\u00e1n perdiendo los efectos de la anestesia. La sensibilidad vuelve tras unas horas. Las primeras 24 h el paciente notar\u00e1 peque\u00f1as molestias y picores que mediante el uso de medicamentos previamente recetados ir\u00e1n remitiendo.<\/p>\n<p>A la semana, el pelo empieza a crecer y las cicatrices habr\u00e1n desaparecido. En la parte receptora tambi\u00e9n habr\u00e1 crecido el pelo de las unidades trasplantadas aunque m\u00e1s despacio.<\/p>\n<p>A los siguientes meses se puede dar por curada la zona donante, se recomienda al paciente acudir a las revisiones y seguimientos en nuestra <strong><a>cl\u00ednica capilar <\/a><\/strong>donde nuestra especialista en <strong>trasplante capilar Valencia <\/strong>realizar\u00e1 una valoraci\u00f3n de los resultados.<\/p>\n<h2>Resultados del microinjerto capilar con la t\u00e9cnica FUE<\/h2>\n<p>En nuestra cl\u00ednica capilar contamos con la t\u00e9cnica m\u00e1s avanzada del <strong><a>microinjerto capilar <\/a><\/strong>del momento, la t\u00e9cnica Fue. T\u00e9cnica de <strong>injerto de pelo <\/strong>m\u00ednimamente invasiva realizada bajo anestesia local para tratar alopecias en hombres y mujeres con resultados 100% naturales y r\u00e1pidos de<strong> forma duradera y sin dejar cicatrices visibles.<\/strong><\/p>\n<p>Entre las <strong>primeras 48 y 72 horas ir\u00e1n desapareciendo las cicatrices<\/strong> y en un plazo de diez d\u00edas el paciente estar\u00e1 totalmente recuperado y podr\u00e1 volver hacer vida normal.<\/p>\n<p>Alrededor del 80% de los pelos trasplantados se caer\u00e1n entre la tercera y sexta semana despu\u00e9s del injerto de pelo, dejando sus ra\u00edces en el cabello. A partir de esas ra\u00edces crecer\u00e1n nuevos cabellos. El <strong>crecimiento capilar se reinicia a los 3-4 meses<\/strong> despu\u00e9s de la intervenci\u00f3n, de manera lenta y progresiva. A los seis meses los resultados se considerar\u00e1n relevantes y los resultados definitivos se pueden apreciar a partir del noveno mes.<\/p>\n<p><!--HubSpot Call-to-Action Code --><span id=\"hs-cta-wrapper-9ce05511-1cdc-41bc-ba36-9d40d82336bd\" class=\"hs-cta-wrapper\"><span id=\"hs-cta-9ce05511-1cdc-41bc-ba36-9d40d82336bd\" class=\"hs-cta-node hs-cta-9ce05511-1cdc-41bc-ba36-9d40d82336bd\"><!-- [if lte IE 8]>\n\n\n\n\n\n\n\n\n\n\n\n\n\n\n\n\n\n\n\n\n\n\n<div id=\"hs-cta-ie-element\"><\/div>\n\n\n\n\n\n\n\n\n\n\n\n\n\n\n\n\n\n\n\n\n\n\n<![endif]--><a href=\"https:\/\/hubspot-cta-redirect-eu1-prod.s3.amazonaws.com\/cta\/redirect\/25939375\/9ce05511-1cdc-41bc-ba36-9d40d82336bd\" target=\"_blank\" rel=\"noopener\"><img loading=\"lazy\" decoding=\"async\" id=\"hs-cta-img-9ce05511-1cdc-41bc-ba36-9d40d82336bd\" class=\"hs-cta-img aligncenter\" style=\"border-width: 0px;\" src=\"https:\/\/hubspot-no-cache-eu1-prod.s3.amazonaws.com\/cta\/default\/25939375\/9ce05511-1cdc-41bc-ba36-9d40d82336bd.png\" alt=\"Resultado permanente y natural\" width=\"663\" height=\"199\" \/><\/a><\/span><br \/>\n<\/span><\/p>\n<h2>Cuidados tras el microinjerto capilar<\/h2>\n<p>A continuaci\u00f3n os mostramos los principales cuidados a llevar a cabo tras el microinjerto capilar:<\/p>\n<ul>\n<li><strong>Evitar tocar la cabeza el mismo d\u00eda de la intervenci\u00f3n:<\/strong> el paciente deber\u00e1 dormir con la cabeza levemente inclinada<\/li>\n<li><strong>No realizar ejercicio f\u00edsico:<\/strong> en nuestra cl\u00ednica capilar recomendamos guardar reposo y no realizar ejercicio f\u00edsico intenso durante las dos primeras semanas del injerto de pelo, debido a que aumenta el riesgo de infecciones por el exceso de sudoraci\u00f3n<\/li>\n<li><strong>Evitar la exposici\u00f3n solar del cuero cabelludo<\/strong>: tras someterse al injerto de pelo, la zona trasplantada necesidad curarse y cicatrizar<\/li>\n<li><strong>Mantener la higiene del cabello:<\/strong> trascurridos los 3 primeros d\u00edas del injerto de pelo, recomendamos lavar la zona intervenida con agua templada y emplear jab\u00f3n neutro y sin apenas frotar el cuero cabelludo<\/li>\n<li><strong>No utilizar cascos<\/strong>: durante el primer mes no se recomienda llevar cascos ni elementos que puedan afectar al crecimiento del cabello.<\/li>\n<\/ul>\n<p><img loading=\"lazy\" decoding=\"async\" class=\"size-medium wp-image-7252 aligncenter\" src=\"https:\/\/clinicacemeq.es\/estetica\/wp-content\/uploads\/2023\/01\/microinjerto-capilar-cemeq-valencia-400x400.jpg\" alt=\"MICROINJERTO CAPILAR E INJERTO DE PELO\" width=\"400\" height=\"400\" srcset=\"https:\/\/clinicacemeq.es\/estetica\/wp-content\/uploads\/2023\/01\/microinjerto-capilar-cemeq-valencia-400x400.jpg 400w, https:\/\/clinicacemeq.es\/estetica\/wp-content\/uploads\/2023\/01\/microinjerto-capilar-cemeq-valencia-800x800.jpg 800w, https:\/\/clinicacemeq.es\/estetica\/wp-content\/uploads\/2023\/01\/microinjerto-capilar-cemeq-valencia-280x280.jpg 280w, https:\/\/clinicacemeq.es\/estetica\/wp-content\/uploads\/2023\/01\/microinjerto-capilar-cemeq-valencia-768x768.jpg 768w, https:\/\/clinicacemeq.es\/estetica\/wp-content\/uploads\/2023\/01\/microinjerto-capilar-cemeq-valencia-1536x1536.jpg 1536w, https:\/\/clinicacemeq.es\/estetica\/wp-content\/uploads\/2023\/01\/microinjerto-capilar-cemeq-valencia-2048x2048.jpg 2048w\" sizes=\"(max-width: 400px) 100vw, 400px\" \/><\/p>\n<h2>Beneficios del microinjerto capilar<\/h2>\n<p>Son muchos los beneficios de realizarte el <strong><a>microinjerto capilar <\/a><\/strong>con la t\u00e9cnica Fue. Destacamos los siguientes:<\/p>\n<ul>\n<li><strong>Ambulatorio:<\/strong> tras el injerto de pelo, el paciente podr\u00e1 volver a casa el mismo d\u00eda de la intervenci\u00f3n, siempre siguiente los consejos y cuidados recomendamos por nuestra especialista en <strong>trasplante capilar Valencia.<\/strong><\/li>\n<li><strong>Duradero<\/strong>: los resultados tras someterse a un microinjerto capilar con la t\u00e9cnica FUE son duraderos. Al tratarse del propio pelo del paciente, no se produce ning\u00fan tipo de rechazo.<\/li>\n<li><strong>Indoloro y r\u00e1pido<\/strong>: el injerto de pelo es considerado uno de los tratamientos m\u00e1s efectivos y definitivos para lugar contra la alopecia. Es un tratamiento indoloro y sus resultados son visibles al poco tiempo.<\/li>\n<li><strong>V\u00e1lido para hombres y mujeres<\/strong>: aunque la mayor\u00eda de pacientes que acuden a nuestra cl\u00ednica capilar interesada por el microinjerto capilar son hombres, el tratamiento es igual de efectivo para mujeres que hayan sufrido perdida de densidad de cabello o sufren alopecia<\/li>\n<li><strong>Tratamiento personalizado:<\/strong> cada paciente es \u00fanico y tiene necesidades distintas, es por eso que, en nuestra <a href=\"https:\/\/clinicacemeq.es\/estetica\/micro-injerto-capilar\/\"><strong>cl\u00ednica capilar Valencia<\/strong><\/a> realizamos un tratamiento de microinjerto capilar es un tratamiento personalizado.<\/li>\n<li><strong>Precio<\/strong>: a pesar de que son muchos los pacientes que acude a nuestra cl\u00ednica capilar preocupados por el precio del injerto de pelo, no obstante, en nuestra<a href=\"https:\/\/clinicacemeq.es\/estetica\/micro-injerto-capilar\/\"> <strong>cl\u00ednica capilar Valencia<\/strong><\/a> ofrecemos un tratamiento calidad\u2014 precio con resultados 100% naturales y duraderos.<\/li>\n<\/ul>\n<p>En CEMEQ recomendamos no guiarse solo por el precio de<strong>l trasplante capilar Valencia<\/strong> como \u00fanico factor a tener en cuenta. Contar con un equipo especializado en <strong>injerto capilar Valencia <\/strong>capaz de realizarte un seguimiento personalizado para asegurar que los resultados definitivos del injerto de pelo sean los deseados. Adem\u00e1s, para que el precio del injerto de pelo no sea un problema, en nuestra cl\u00ednica capilar ofreceos planes de financiaci\u00f3n y facilidades de pago.<\/p>\n<h2>CEMEQ:Tu cl\u00ednica capilar Valencia<\/h2>\n<p>Si est\u00e1s pensando en realizarte un <strong>microinjerto capilar<\/strong>, pero\u00a0no sabes como empezar acude a nuestra cl\u00ednica capilar. Nuestra especialista en <strong>injerto capilar Valencia<\/strong> valorar\u00e1 tu caso y te ofrecer\u00e1 un tratamiento de injerto de pelo 100% personalizado acorde a tus necesidades. No lo dudes m\u00e1s.<a href=\"https:\/\/clinicacemeq.es\/estetica\/contacto\/\"><strong> Pide tu primera cita gratuita.<\/strong><\/a> No te arrepentir\u00e1s.<\/p>\n","protected":false},"excerpt":{"rendered":"<p>\u00bfSufres de alopecia o p\u00e9rdida de cabello? El microinjerto capilar con la t\u00e9cnica Fue se ha convertido en uno de los tratamientos m\u00e1s solicitados en nuestra cl\u00ednica capilar Valencia. A continuaci\u00f3n os contamos a que se debe su repercusi\u00f3n y como son sus resultados.Informate. Eficacia del microinjerto capilar Uno de los problemas est\u00e9ticos que m\u00e1s [&#8230;]\n","protected":false},"author":2,"featured_media":7251,"comment_status":"open","ping_status":"open","sticky":false,"template":"","format":"standard","meta":{"footnotes":""},"categories":[138,1],"tags":[],"yoast_head":"<!-- This site is optimized with the Yoast SEO Premium plugin v18.3 (Yoast SEO v24.5) - https:\/\/yoast.com\/wordpress\/plugins\/seo\/ -->\n<title>Eficacia del microinjerto capilar - Cl\u00ednica Est\u00e9tica CEMEQ<\/title>\n<meta name=\"description\" content=\"Si est\u00e1s interesado en realizarte un microinjerto capilar, en nuestra cl\u00ednica capilar ofrecemos un tratamiento personalizado. Pide cita.\" \/>\n<meta name=\"robots\" content=\"index, follow, max-snippet:-1, max-image-preview:large, max-video-preview:-1\" \/>\n<link rel=\"canonical\" href=\"https:\/\/clinicacemeq.es\/estetica\/2023\/01\/24\/eficacia-del-microinjerto-capilar\/\" \/>\n<meta property=\"og:locale\" content=\"es_ES\" \/>\n<meta property=\"og:type\" content=\"article\" \/>\n<meta property=\"og:title\" content=\"Eficacia del microinjerto capilar\" \/>\n<meta property=\"og:description\" content=\"Si est\u00e1s interesado en realizarte un microinjerto capilar, en nuestra cl\u00ednica capilar ofrecemos un tratamiento personalizado. Pide cita.\" \/>\n<meta property=\"og:url\" content=\"https:\/\/clinicacemeq.es\/estetica\/2023\/01\/24\/eficacia-del-microinjerto-capilar\/\" \/>\n<meta property=\"og:site_name\" content=\"Cl\u00ednica Est\u00e9tica CEMEQ\" \/>\n<meta property=\"article:published_time\" content=\"2023-01-24T11:48:22+00:00\" \/>\n<meta property=\"article:modified_time\" content=\"2024-06-25T15:25:17+00:00\" \/>\n<meta property=\"og:image\" content=\"https:\/\/clinicacemeq.es\/estetica\/wp-content\/uploads\/2023\/01\/man-going-through-follicular-unit-extraction-process-3-1-scaled.jpg\" \/>\n\t<meta property=\"og:image:width\" content=\"2560\" \/>\n\t<meta property=\"og:image:height\" content=\"1707\" \/>\n\t<meta property=\"og:image:type\" content=\"image\/jpeg\" \/>\n<meta name=\"author\" content=\"Federico Mahiques\" \/>\n<meta name=\"twitter:card\" content=\"summary_large_image\" \/>\n<meta name=\"twitter:label1\" content=\"Escrito por\" \/>\n\t<meta name=\"twitter:data1\" content=\"Federico Mahiques\" \/>\n\t<meta name=\"twitter:label2\" content=\"Tiempo de lectura\" \/>\n\t<meta name=\"twitter:data2\" content=\"6 minutos\" \/>\n<script type=\"application\/ld+json\" class=\"yoast-schema-graph\">{\"@context\":\"https:\/\/schema.org\",\"@graph\":[{\"@type\":[\"WebPage\",\"ItemPage\"],\"@id\":\"https:\/\/clinicacemeq.es\/estetica\/2023\/01\/24\/eficacia-del-microinjerto-capilar\/\",\"url\":\"https:\/\/clinicacemeq.es\/estetica\/2023\/01\/24\/eficacia-del-microinjerto-capilar\/\",\"name\":\"Eficacia del microinjerto capilar - Cl\u00ednica Est\u00e9tica CEMEQ\",\"isPartOf\":{\"@id\":\"https:\/\/clinicacemeq.es\/estetica\/#website\"},\"primaryImageOfPage\":{\"@id\":\"https:\/\/clinicacemeq.es\/estetica\/2023\/01\/24\/eficacia-del-microinjerto-capilar\/#primaryimage\"},\"image\":{\"@id\":\"https:\/\/clinicacemeq.es\/estetica\/2023\/01\/24\/eficacia-del-microinjerto-capilar\/#primaryimage\"},\"thumbnailUrl\":\"https:\/\/clinicacemeq.es\/estetica\/wp-content\/uploads\/2023\/01\/man-going-through-follicular-unit-extraction-process-3-1-scaled.jpg\",\"datePublished\":\"2023-01-24T11:48:22+00:00\",\"dateModified\":\"2024-06-25T15:25:17+00:00\",\"author\":{\"@id\":\"https:\/\/clinicacemeq.es\/estetica\/#\/schema\/person\/970b971cfb22127a85928078e5d97fcf\"},\"description\":\"Si est\u00e1s interesado en realizarte un microinjerto capilar, en nuestra cl\u00ednica capilar ofrecemos un tratamiento personalizado. Pide cita.\",\"breadcrumb\":{\"@id\":\"https:\/\/clinicacemeq.es\/estetica\/2023\/01\/24\/eficacia-del-microinjerto-capilar\/#breadcrumb\"},\"inLanguage\":\"es\",\"potentialAction\":[{\"@type\":\"ReadAction\",\"target\":[\"https:\/\/clinicacemeq.es\/estetica\/2023\/01\/24\/eficacia-del-microinjerto-capilar\/\"]}]},{\"@type\":\"ImageObject\",\"inLanguage\":\"es\",\"@id\":\"https:\/\/clinicacemeq.es\/estetica\/2023\/01\/24\/eficacia-del-microinjerto-capilar\/#primaryimage\",\"url\":\"https:\/\/clinicacemeq.es\/estetica\/wp-content\/uploads\/2023\/01\/man-going-through-follicular-unit-extraction-process-3-1-scaled.jpg\",\"contentUrl\":\"https:\/\/clinicacemeq.es\/estetica\/wp-content\/uploads\/2023\/01\/man-going-through-follicular-unit-extraction-process-3-1-scaled.jpg\",\"width\":2560,\"height\":1707,\"caption\":\"MICROINJERTO CAPILAR BENEFICIOS Y PRECIO\"},{\"@type\":\"BreadcrumbList\",\"@id\":\"https:\/\/clinicacemeq.es\/estetica\/2023\/01\/24\/eficacia-del-microinjerto-capilar\/#breadcrumb\",\"itemListElement\":[{\"@type\":\"ListItem\",\"position\":1,\"name\":\"Portada\",\"item\":\"https:\/\/clinicacemeq.es\/estetica\/\"},{\"@type\":\"ListItem\",\"position\":2,\"name\":\"Eficacia del microinjerto capilar\"}]},{\"@type\":\"WebSite\",\"@id\":\"https:\/\/clinicacemeq.es\/estetica\/#website\",\"url\":\"https:\/\/clinicacemeq.es\/estetica\/\",\"name\":\"Cl\u00ednica Est\u00e9tica CEMEQ\",\"description\":\"Medicina est\u00e9tica \u0131 Cirug\u00eda Est\u00e9tica \u0131 Cl\u00ednica Dental \u0131 Unidad Capilar \u0131 Unidad de Obesidad\",\"potentialAction\":[{\"@type\":\"SearchAction\",\"target\":{\"@type\":\"EntryPoint\",\"urlTemplate\":\"https:\/\/clinicacemeq.es\/estetica\/?s={search_term_string}\"},\"query-input\":{\"@type\":\"PropertyValueSpecification\",\"valueRequired\":true,\"valueName\":\"search_term_string\"}}],\"inLanguage\":\"es\"},{\"@type\":\"Person\",\"@id\":\"https:\/\/clinicacemeq.es\/estetica\/#\/schema\/person\/970b971cfb22127a85928078e5d97fcf\",\"name\":\"Federico Mahiques\",\"image\":{\"@type\":\"ImageObject\",\"inLanguage\":\"es\",\"@id\":\"https:\/\/clinicacemeq.es\/estetica\/#\/schema\/person\/image\/\",\"url\":\"https:\/\/secure.gravatar.com\/avatar\/2eb8af16608046630259421df61b19a9?s=96&d=mm&r=g\",\"contentUrl\":\"https:\/\/secure.gravatar.com\/avatar\/2eb8af16608046630259421df61b19a9?s=96&d=mm&r=g\",\"caption\":\"Federico Mahiques\"},\"url\":\"https:\/\/clinicacemeq.es\/estetica\/author\/clinica-cemeq\/\"}]}<\/script>\n<!-- \/ Yoast SEO Premium plugin. -->","yoast_head_json":{"title":"Eficacia del microinjerto capilar - Cl\u00ednica Est\u00e9tica CEMEQ","description":"Si est\u00e1s interesado en realizarte un microinjerto capilar, en nuestra cl\u00ednica capilar ofrecemos un tratamiento personalizado. Pide cita.","robots":{"index":"index","follow":"follow","max-snippet":"max-snippet:-1","max-image-preview":"max-image-preview:large","max-video-preview":"max-video-preview:-1"},"canonical":"https:\/\/clinicacemeq.es\/estetica\/2023\/01\/24\/eficacia-del-microinjerto-capilar\/","og_locale":"es_ES","og_type":"article","og_title":"Eficacia del microinjerto capilar","og_description":"Si est\u00e1s interesado en realizarte un microinjerto capilar, en nuestra cl\u00ednica capilar ofrecemos un tratamiento personalizado. Pide cita.","og_url":"https:\/\/clinicacemeq.es\/estetica\/2023\/01\/24\/eficacia-del-microinjerto-capilar\/","og_site_name":"Cl\u00ednica Est\u00e9tica CEMEQ","article_published_time":"2023-01-24T11:48:22+00:00","article_modified_time":"2024-06-25T15:25:17+00:00","og_image":[{"width":2560,"height":1707,"url":"https:\/\/clinicacemeq.es\/estetica\/wp-content\/uploads\/2023\/01\/man-going-through-follicular-unit-extraction-process-3-1-scaled.jpg","type":"image\/jpeg"}],"author":"Federico Mahiques","twitter_card":"summary_large_image","twitter_misc":{"Escrito por":"Federico Mahiques","Tiempo de lectura":"6 minutos"},"schema":{"@context":"https:\/\/schema.org","@graph":[{"@type":["WebPage","ItemPage"],"@id":"https:\/\/clinicacemeq.es\/estetica\/2023\/01\/24\/eficacia-del-microinjerto-capilar\/","url":"https:\/\/clinicacemeq.es\/estetica\/2023\/01\/24\/eficacia-del-microinjerto-capilar\/","name":"Eficacia del microinjerto capilar - Cl\u00ednica Est\u00e9tica CEMEQ","isPartOf":{"@id":"https:\/\/clinicacemeq.es\/estetica\/#website"},"primaryImageOfPage":{"@id":"https:\/\/clinicacemeq.es\/estetica\/2023\/01\/24\/eficacia-del-microinjerto-capilar\/#primaryimage"},"image":{"@id":"https:\/\/clinicacemeq.es\/estetica\/2023\/01\/24\/eficacia-del-microinjerto-capilar\/#primaryimage"},"thumbnailUrl":"https:\/\/clinicacemeq.es\/estetica\/wp-content\/uploads\/2023\/01\/man-going-through-follicular-unit-extraction-process-3-1-scaled.jpg","datePublished":"2023-01-24T11:48:22+00:00","dateModified":"2024-06-25T15:25:17+00:00","author":{"@id":"https:\/\/clinicacemeq.es\/estetica\/#\/schema\/person\/970b971cfb22127a85928078e5d97fcf"},"description":"Si est\u00e1s interesado en realizarte un microinjerto capilar, en nuestra cl\u00ednica capilar ofrecemos un tratamiento personalizado. Pide cita.","breadcrumb":{"@id":"https:\/\/clinicacemeq.es\/estetica\/2023\/01\/24\/eficacia-del-microinjerto-capilar\/#breadcrumb"},"inLanguage":"es","potentialAction":[{"@type":"ReadAction","target":["https:\/\/clinicacemeq.es\/estetica\/2023\/01\/24\/eficacia-del-microinjerto-capilar\/"]}]},{"@type":"ImageObject","inLanguage":"es","@id":"https:\/\/clinicacemeq.es\/estetica\/2023\/01\/24\/eficacia-del-microinjerto-capilar\/#primaryimage","url":"https:\/\/clinicacemeq.es\/estetica\/wp-content\/uploads\/2023\/01\/man-going-through-follicular-unit-extraction-process-3-1-scaled.jpg","contentUrl":"https:\/\/clinicacemeq.es\/estetica\/wp-content\/uploads\/2023\/01\/man-going-through-follicular-unit-extraction-process-3-1-scaled.jpg","width":2560,"height":1707,"caption":"MICROINJERTO CAPILAR BENEFICIOS Y PRECIO"},{"@type":"BreadcrumbList","@id":"https:\/\/clinicacemeq.es\/estetica\/2023\/01\/24\/eficacia-del-microinjerto-capilar\/#breadcrumb","itemListElement":[{"@type":"ListItem","position":1,"name":"Portada","item":"https:\/\/clinicacemeq.es\/estetica\/"},{"@type":"ListItem","position":2,"name":"Eficacia del microinjerto capilar"}]},{"@type":"WebSite","@id":"https:\/\/clinicacemeq.es\/estetica\/#website","url":"https:\/\/clinicacemeq.es\/estetica\/","name":"Cl\u00ednica Est\u00e9tica CEMEQ","description":"Medicina est\u00e9tica \u0131 Cirug\u00eda Est\u00e9tica \u0131 Cl\u00ednica Dental \u0131 Unidad Capilar \u0131 Unidad de Obesidad","potentialAction":[{"@type":"SearchAction","target":{"@type":"EntryPoint","urlTemplate":"https:\/\/clinicacemeq.es\/estetica\/?s={search_term_string}"},"query-input":{"@type":"PropertyValueSpecification","valueRequired":true,"valueName":"search_term_string"}}],"inLanguage":"es"},{"@type":"Person","@id":"https:\/\/clinicacemeq.es\/estetica\/#\/schema\/person\/970b971cfb22127a85928078e5d97fcf","name":"Federico Mahiques","image":{"@type":"ImageObject","inLanguage":"es","@id":"https:\/\/clinicacemeq.es\/estetica\/#\/schema\/person\/image\/","url":"https:\/\/secure.gravatar.com\/avatar\/2eb8af16608046630259421df61b19a9?s=96&d=mm&r=g","contentUrl":"https:\/\/secure.gravatar.com\/avatar\/2eb8af16608046630259421df61b19a9?s=96&d=mm&r=g","caption":"Federico Mahiques"},"url":"https:\/\/clinicacemeq.es\/estetica\/author\/clinica-cemeq\/"}]}},"_links":{"self":[{"href":"https:\/\/clinicacemeq.es\/estetica\/wp-json\/wp\/v2\/posts\/7249"}],"collection":[{"href":"https:\/\/clinicacemeq.es\/estetica\/wp-json\/wp\/v2\/posts"}],"about":[{"href":"https:\/\/clinicacemeq.es\/estetica\/wp-json\/wp\/v2\/types\/post"}],"author":[{"embeddable":true,"href":"https:\/\/clinicacemeq.es\/estetica\/wp-json\/wp\/v2\/users\/2"}],"replies":[{"embeddable":true,"href":"https:\/\/clinicacemeq.es\/estetica\/wp-json\/wp\/v2\/comments?post=7249"}],"version-history":[{"count":8,"href":"https:\/\/clinicacemeq.es\/estetica\/wp-json\/wp\/v2\/posts\/7249\/revisions"}],"predecessor-version":[{"id":9372,"href":"https:\/\/clinicacemeq.es\/estetica\/wp-json\/wp\/v2\/posts\/7249\/revisions\/9372"}],"wp:featuredmedia":[{"embeddable":true,"href":"https:\/\/clinicacemeq.es\/estetica\/wp-json\/wp\/v2\/media\/7251"}],"wp:attachment":[{"href":"https:\/\/clinicacemeq.es\/estetica\/wp-json\/wp\/v2\/media?parent=7249"}],"wp:term":[{"taxonomy":"category","embeddable":true,"href":"https:\/\/clinicacemeq.es\/estetica\/wp-json\/wp\/v2\/categories?post=7249"},{"taxonomy":"post_tag","embeddable":true,"href":"https:\/\/clinicacemeq.es\/estetica\/wp-json\/wp\/v2\/tags?post=7249"}],"curies":[{"name":"wp","href":"https:\/\/api.w.org\/{rel}","templated":true}]}}