{"id":5321,"date":"2022-10-26T14:15:18","date_gmt":"2022-10-26T14:15:18","guid":{"rendered":"https:\/\/clinicacemeq.es\/estetica\/?p=5321"},"modified":"2024-06-25T15:32:35","modified_gmt":"2024-06-25T15:32:35","slug":"cuidados-a-seguir-tras-el-microinjerto-capilar","status":"publish","type":"post","link":"https:\/\/clinicacemeq.es\/estetica\/2022\/10\/26\/cuidados-a-seguir-tras-el-microinjerto-capilar\/","title":{"rendered":"Cuidados tras el microinjerto capilar"},"content":{"rendered":"\n\n<div class=\"kk-star-ratings kksr-auto kksr-align-left kksr-valign-top\"\n    data-payload='{&quot;align&quot;:&quot;left&quot;,&quot;id&quot;:&quot;5321&quot;,&quot;slug&quot;:&quot;default&quot;,&quot;valign&quot;:&quot;top&quot;,&quot;ignore&quot;:&quot;&quot;,&quot;reference&quot;:&quot;auto&quot;,&quot;class&quot;:&quot;&quot;,&quot;count&quot;:&quot;0&quot;,&quot;legendonly&quot;:&quot;&quot;,&quot;readonly&quot;:&quot;&quot;,&quot;score&quot;:&quot;0&quot;,&quot;starsonly&quot;:&quot;&quot;,&quot;best&quot;:&quot;5&quot;,&quot;gap&quot;:&quot;5&quot;,&quot;greet&quot;:&quot;Valora esta publicaci\u00f3n \ud83d\ude09&quot;,&quot;legend&quot;:&quot;0\\\/5 - (0 votos)&quot;,&quot;size&quot;:&quot;24&quot;,&quot;title&quot;:&quot;Cuidados tras el microinjerto capilar&quot;,&quot;width&quot;:&quot;0&quot;,&quot;_legend&quot;:&quot;{score}\\\/{best} - ({count} {votes})&quot;,&quot;font_factor&quot;:&quot;1.25&quot;}'>\n            \n<div class=\"kksr-stars\">\n    \n<div class=\"kksr-stars-inactive\">\n            <div class=\"kksr-star\" data-star=\"1\" style=\"padding-right: 5px\">\n            \n\n<div class=\"kksr-icon\" style=\"width: 24px; height: 24px;\"><\/div>\n        <\/div>\n            <div class=\"kksr-star\" data-star=\"2\" style=\"padding-right: 5px\">\n            \n\n<div class=\"kksr-icon\" style=\"width: 24px; height: 24px;\"><\/div>\n        <\/div>\n            <div class=\"kksr-star\" data-star=\"3\" style=\"padding-right: 5px\">\n            \n\n<div class=\"kksr-icon\" style=\"width: 24px; height: 24px;\"><\/div>\n        <\/div>\n            <div class=\"kksr-star\" data-star=\"4\" style=\"padding-right: 5px\">\n            \n\n<div class=\"kksr-icon\" style=\"width: 24px; height: 24px;\"><\/div>\n        <\/div>\n            <div class=\"kksr-star\" data-star=\"5\" style=\"padding-right: 5px\">\n            \n\n<div class=\"kksr-icon\" style=\"width: 24px; height: 24px;\"><\/div>\n        <\/div>\n    <\/div>\n    \n<div class=\"kksr-stars-active\" style=\"width: 0px;\">\n            <div class=\"kksr-star\" style=\"padding-right: 5px\">\n            \n\n<div class=\"kksr-icon\" style=\"width: 24px; height: 24px;\"><\/div>\n        <\/div>\n            <div class=\"kksr-star\" style=\"padding-right: 5px\">\n            \n\n<div class=\"kksr-icon\" style=\"width: 24px; height: 24px;\"><\/div>\n        <\/div>\n            <div class=\"kksr-star\" style=\"padding-right: 5px\">\n            \n\n<div class=\"kksr-icon\" style=\"width: 24px; height: 24px;\"><\/div>\n        <\/div>\n            <div class=\"kksr-star\" style=\"padding-right: 5px\">\n            \n\n<div class=\"kksr-icon\" style=\"width: 24px; height: 24px;\"><\/div>\n        <\/div>\n            <div class=\"kksr-star\" style=\"padding-right: 5px\">\n            \n\n<div class=\"kksr-icon\" style=\"width: 24px; height: 24px;\"><\/div>\n        <\/div>\n    <\/div>\n<\/div>\n                \n\n<div class=\"kksr-legend\" style=\"font-size: 19.2px;\">\n            <span class=\"kksr-muted\">Valora esta publicaci\u00f3n \ud83d\ude09<\/span>\n    <\/div>\n    <\/div>\n<p>\u00bfEst\u00e1s pensando en realizarte un microinjerto capilar? \u00bfSufres de alopecia y te da miedo el injerto de pelo?En nuestra cl\u00ednica capilar contamos con especialistas en tratamientos para frenar la alopecia y ca\u00edda del cabello.\u00a0 En el siguiente post te contamos los mejores consejos sobre los cuidados que debes seguir antes y despu\u00e9s del microinjerto capilar. Inf\u00f3rmate.<\/p>\n<h2>\u00bfQu\u00e9 es el microinjerto capilar?<\/h2>\n<p>El <a href=\"https:\/\/clinicacemeq.es\/estetica\/2023\/01\/24\/eficacia-del-microinjerto-capilar\/\"><strong>microinjerto capilar<\/strong><\/a> es una t\u00e9cnica capilar que se utiliza para<strong> frenar la ca\u00edda del cabello y combatir la alopecia.<\/strong> Con esta t\u00e9cnica se extraen los fol\u00edculos de las zonas m\u00e1s pobladas del paciente para trasplantarlas en las zonas donde se sufre la alopecia.\u00a0 Una ventaja del microinjerto capilar es que, al tratarse del mismo pelo del paciente, los resultados que ofrece son \u00f3ptimos: el pelo crece fuerte y sano y no se produce ning\u00fan tipo de rechazo.<br \/>\nEl <strong>injerto capilar en Valencia<\/strong> es una cirug\u00eda m\u00ednimamente invasiva y dura entre 6 y 8 horas, en los que el paciente apenas nota ninguna molestia y puede volver a casa tras la cirug\u00eda.<\/p>\n<h2>Injerto capilar Valencia con la t\u00e9cnica FUE<\/h2>\n<p>En CEMEQ empleamos la t\u00e9cnica FUE, se trata de la t\u00e9cnica m\u00e1s avanzada y que mejores resultados ofrece en los pacientes que sufren alopecia. El<a href=\"https:\/\/clinicacemeq.es\/estetica\/2023\/01\/24\/eficacia-del-microinjerto-capilar\/\"> <b>injerto de pelo<\/b>\u00a0<\/a>con la t\u00e9cnica FUE consiste en extraer una a una las unidades foliculares de la zona donante e implantarlas en la zona receptora. Con esta t\u00e9cnica de injerto de pelo se consiguen unos resultados m\u00e1s r\u00e1pidos y duraderos. Adem\u00e1s, el procedimiento es indoloro y se requiere de anestesia local.<\/p>\n<p>Son muchos los pacientes que acuden a nuestra <strong>cl\u00ednica capilar<\/strong> buscando respuestas sobre el injerto capilar Valencia. A continuaci\u00f3n te ofrecemos los mejores consejos antes de realizarte el <strong>injerto de pelo.<\/strong><\/p>\n<h2>Consejos para cuidarse antes del microinjerto capilar<\/h2>\n<h4><strong>1. No raparse el cabello antes del injerto de pe<\/strong>lo<\/h4>\n<p>Se recomienda tener una longitud m\u00ednima antes de someterse al <strong><a href=\"https:\/\/clinicacemeq.es\/estetica\/2023\/01\/24\/eficacia-del-microinjerto-capilar\/\">microinjerto capilar.<\/a><\/strong> De esta forma, nuestra especialista podr\u00e1 valorar mejor la zona donante.<\/p>\n<h4><strong>2. Evitar consumo de medicamentos<\/strong><\/h4>\n<p>D\u00edas antes de la intervenci\u00f3n, el paciente debe evitar el consumo de medicamentos que puedan diluir la sangre como puede ser la aspirina.<\/p>\n<h4><strong>3. Evitar el consumo de alcohol<\/strong><\/h4>\n<p>La consumici\u00f3n de alcohol d\u00edas antes del <strong><a href=\"https:\/\/clinicacemeq.es\/estetica\/2023\/01\/24\/eficacia-del-microinjerto-capilar\/\">injerto capilar\u00a0 en Valencia<\/a><\/strong> puede afectar la eficiencia de los analg\u00e9sicos.<\/p>\n<h4><strong>4. No fumar antes el microinjerto capilar<\/strong><\/h4>\n<p>Se recomienda que, un d\u00eda antes de realizar el injerto de pelo y la semana despu\u00e9s de la intervenci\u00f3n, evitar el consumo de tabaco.<br \/>\nAhora que ya conoces los consejos m\u00e1s importantes a la hora de realizar el microinjerto capilar seguro que te est\u00e1s preguntando \u00bfQu\u00e9 precauciones seguir tras el injerto de pelo? Te lo contamos:<\/p>\n<h2>Cuidados tras el microinjerto capilar<\/h2>\n<h4><strong>5. No realizar ejercicio intenso<\/strong><\/h4>\n<p>Uno de los principales consejos a seguir tras la intervenci\u00f3n del injerto de pelo y que aconsejamos a nuestros pacientes es evitar el ejercicio f\u00edsico. Se desaconseja la realizaci\u00f3n de ejercicio f\u00edsico durante los primeros 15 d\u00edas del <strong><a href=\"https:\/\/clinicacemeq.es\/estetica\/2023\/01\/24\/eficacia-del-microinjerto-capilar\/\">microinjerto capilar<\/a><\/strong> debido al riesgo de infecciones a causa del sudor.<\/p>\n<h4><strong>6. Evitar la exposici\u00f3n solar tras el microinjerto capilar<\/strong><\/h4>\n<p>Una de las zonas m\u00e1s sensibles de nuestro cuerpo es el cuero cabelludo. Tras el<strong> injerto de pelo<\/strong> la zona intervenida necesita curarse y cicatrizar de manera adecuada, es por eso que se recomienda evitar la exposici\u00f3n solar.<\/p>\n<h4><strong>7. No tocar la cabeza el mismo d\u00eda de la intervenci\u00f3n<\/strong><\/h4>\n<p>Se recomienda que el mismo d\u00eda de la intervenci\u00f3n el paciente evite tocarse la cabeza, por lo que los primeros consejos que damos es dormir semi- sentado y boca arriba.<\/p>\n<h4><strong>8. El lavado despu\u00e9s del injerto de pelo<\/strong><\/h4>\n<p>El lavado tras el <a href=\"https:\/\/clinicacemeq.es\/estetica\/2023\/01\/24\/eficacia-del-microinjerto-capilar\/\"><strong>injerto de pelo<\/strong> <\/a>debe hacerse de forma cuidadosa, nuestra especialista en trasplante capilar Valencia recomienda que,\u00a0 los primeros d\u00edas tras la intervenci\u00f3n te laves el pelo con una esponja y champ\u00fa neutro. Es importante lavar la zona donante y receptora\u00a0 con agua tibia.<br \/>\nLa primera semana es recomendable masajear suavemente la zona donante, ejerciendo una leve presi\u00f3n y con movimientos circulares, luego se debe enjuagar con agua tibia y dejar el cuero cabelludo limpio.<\/p>\n<p><!--HubSpot Call-to-Action Code --><span id=\"hs-cta-wrapper-9ce05511-1cdc-41bc-ba36-9d40d82336bd\" class=\"hs-cta-wrapper\"><span id=\"hs-cta-9ce05511-1cdc-41bc-ba36-9d40d82336bd\" class=\"hs-cta-node hs-cta-9ce05511-1cdc-41bc-ba36-9d40d82336bd\"><!-- [if lte IE 8]>\n\n\n<div id=\"hs-cta-ie-element\"><\/div>\n\n\n<![endif]--><a href=\"https:\/\/hubspot-cta-redirect-eu1-prod.s3.amazonaws.com\/cta\/redirect\/25939375\/9ce05511-1cdc-41bc-ba36-9d40d82336bd\" target=\"_blank\" rel=\"noopener\"><img loading=\"lazy\" decoding=\"async\" id=\"hs-cta-img-9ce05511-1cdc-41bc-ba36-9d40d82336bd\" class=\"hs-cta-img aligncenter\" style=\"border-width: 0px;\" src=\"https:\/\/hubspot-no-cache-eu1-prod.s3.amazonaws.com\/cta\/default\/25939375\/9ce05511-1cdc-41bc-ba36-9d40d82336bd.png\" alt=\"Resultado permanente y natural\" width=\"663\" height=\"199\" \/><\/a><\/span><\/span><\/p>\n<h3>Mesoterapia capilar: Consigue un cabello fuerte<\/h3>\n<p>En nuestra <a href=\"https:\/\/clinicacemeq.es\/estetica\/micro-injerto-capilar\/\"><strong>cl\u00ednica capilar<\/strong><\/a> son muchos los pacientes que antes de realizar i<strong>njerto capilar en Valencia<\/strong> deciden empezar por sesiones de mesoterapia capilar. La <strong>mesoterapia capilar<\/strong> es una t\u00e9cnica r\u00e1pida y sencilla que mediante la aplicaci\u00f3n directa de micro inyecciones\u00a0 en el cuero cabelludo de la zona afectada se consigue revitalizar el fol\u00edculo piloso y activar\u00a0 m\u00e1s r\u00e1pido el crecimiento capilar. Es un tratamiento indoloro con grandes resultados en los pacientes.<br \/>\nTambi\u00e9n existe la posibilidad que el paciente tras el injerto de pelo decida realizarse mesoterapia capilar para impulsar m\u00e1s r\u00e1pido el crecimiento del cabello.<\/p>\n<h2>Especialistas en injerto capilar en Valencia<\/h2>\n<p>En CEMEQ contamos con los \u00faltimos tratamientos capilares para<strong> frenar la alopecia y ca\u00edda del cabello.<\/strong>En una primera consulta gratuita, nuestra especialista en <strong>microinjerto capilar<\/strong> realizar\u00e1 una valoraci\u00f3n completa del paciente con el objetivo de determinar qu\u00e9 tratamiento es el que mejor se adapta a sus necesidades.<br \/>\nSi est\u00e1s pensando en hacerte un<strong><a href=\"https:\/\/clinicacemeq.es\/estetica\/2023\/01\/24\/eficacia-del-microinjerto-capilar\/\"> injerto capilar en Valencia<\/a>,<\/strong> en nuestra <a href=\"https:\/\/clinicacemeq.es\/estetica\/micro-injerto-capilar\/\"><strong>cl\u00ednica capilar<\/strong><\/a> te ofrecemos una primera valoraci\u00f3n gratuita. \u00a1Os esperamos!<\/p>\n<p>&nbsp;<\/p>\n","protected":false},"excerpt":{"rendered":"<p>\u00bfEst\u00e1s pensando en realizarte un microinjerto capilar? \u00bfSufres de alopecia y te da miedo el injerto de pelo?En nuestra cl\u00ednica capilar contamos con especialistas en tratamientos para frenar la alopecia y ca\u00edda del cabello.\u00a0 En el siguiente post te contamos los mejores consejos sobre los cuidados que debes seguir antes y despu\u00e9s del microinjerto capilar. [&#8230;]\n","protected":false},"author":2,"featured_media":5322,"comment_status":"open","ping_status":"open","sticky":false,"template":"","format":"standard","meta":{"footnotes":""},"categories":[138,1],"tags":[],"yoast_head":"<!-- This site is optimized with the Yoast SEO Premium plugin v18.3 (Yoast SEO v24.5) - https:\/\/yoast.com\/wordpress\/plugins\/seo\/ -->\n<title>Cuidados tras el microinjerto capilar - Cl\u00ednica Est\u00e9tica CEMEQ<\/title>\n<meta name=\"description\" content=\"Te ofrecemos los mejores consejos sobre el microinjerto capilar. Nuestro tratamiento mas solicitados en nuestra cl\u00ednica capilar. Pide cita.\" \/>\n<meta name=\"robots\" content=\"index, follow, max-snippet:-1, max-image-preview:large, max-video-preview:-1\" \/>\n<link rel=\"canonical\" href=\"https:\/\/clinicacemeq.es\/estetica\/2022\/10\/26\/cuidados-a-seguir-tras-el-microinjerto-capilar\/\" \/>\n<meta property=\"og:locale\" content=\"es_ES\" \/>\n<meta property=\"og:type\" content=\"article\" \/>\n<meta property=\"og:title\" content=\"Cuidados tras el microinjerto capilar\" \/>\n<meta property=\"og:description\" content=\"Te ofrecemos los mejores consejos sobre el microinjerto capilar. Nuestro tratamiento mas solicitados en nuestra cl\u00ednica capilar. Pide cita.\" \/>\n<meta property=\"og:url\" content=\"https:\/\/clinicacemeq.es\/estetica\/2022\/10\/26\/cuidados-a-seguir-tras-el-microinjerto-capilar\/\" \/>\n<meta property=\"og:site_name\" content=\"Cl\u00ednica Est\u00e9tica CEMEQ\" \/>\n<meta property=\"article:published_time\" content=\"2022-10-26T14:15:18+00:00\" \/>\n<meta property=\"article:modified_time\" content=\"2024-06-25T15:32:35+00:00\" \/>\n<meta property=\"og:image\" content=\"https:\/\/clinicacemeq.es\/estetica\/wp-content\/uploads\/2022\/10\/Consejos-del-microinjerto-capilar-1024x683.png\" \/>\n\t<meta property=\"og:image:width\" content=\"1024\" \/>\n\t<meta property=\"og:image:height\" content=\"683\" \/>\n\t<meta property=\"og:image:type\" content=\"image\/png\" \/>\n<meta name=\"author\" content=\"Federico Mahiques\" \/>\n<meta name=\"twitter:card\" content=\"summary_large_image\" \/>\n<meta name=\"twitter:label1\" content=\"Escrito por\" \/>\n\t<meta name=\"twitter:data1\" content=\"Federico Mahiques\" \/>\n\t<meta name=\"twitter:label2\" content=\"Tiempo de lectura\" \/>\n\t<meta name=\"twitter:data2\" content=\"5 minutos\" \/>\n<script type=\"application\/ld+json\" class=\"yoast-schema-graph\">{\"@context\":\"https:\/\/schema.org\",\"@graph\":[{\"@type\":[\"WebPage\",\"ItemPage\"],\"@id\":\"https:\/\/clinicacemeq.es\/estetica\/2022\/10\/26\/cuidados-a-seguir-tras-el-microinjerto-capilar\/\",\"url\":\"https:\/\/clinicacemeq.es\/estetica\/2022\/10\/26\/cuidados-a-seguir-tras-el-microinjerto-capilar\/\",\"name\":\"Cuidados tras el microinjerto capilar - Cl\u00ednica Est\u00e9tica CEMEQ\",\"isPartOf\":{\"@id\":\"https:\/\/clinicacemeq.es\/estetica\/#website\"},\"primaryImageOfPage\":{\"@id\":\"https:\/\/clinicacemeq.es\/estetica\/2022\/10\/26\/cuidados-a-seguir-tras-el-microinjerto-capilar\/#primaryimage\"},\"image\":{\"@id\":\"https:\/\/clinicacemeq.es\/estetica\/2022\/10\/26\/cuidados-a-seguir-tras-el-microinjerto-capilar\/#primaryimage\"},\"thumbnailUrl\":\"https:\/\/clinicacemeq.es\/estetica\/wp-content\/uploads\/2022\/10\/Consejos-del-microinjerto-capilar.png\",\"datePublished\":\"2022-10-26T14:15:18+00:00\",\"dateModified\":\"2024-06-25T15:32:35+00:00\",\"author\":{\"@id\":\"https:\/\/clinicacemeq.es\/estetica\/#\/schema\/person\/970b971cfb22127a85928078e5d97fcf\"},\"description\":\"Te ofrecemos los mejores consejos sobre el microinjerto capilar. Nuestro tratamiento mas solicitados en nuestra cl\u00ednica capilar. Pide cita.\",\"breadcrumb\":{\"@id\":\"https:\/\/clinicacemeq.es\/estetica\/2022\/10\/26\/cuidados-a-seguir-tras-el-microinjerto-capilar\/#breadcrumb\"},\"inLanguage\":\"es\",\"potentialAction\":[{\"@type\":\"ReadAction\",\"target\":[\"https:\/\/clinicacemeq.es\/estetica\/2022\/10\/26\/cuidados-a-seguir-tras-el-microinjerto-capilar\/\"]}]},{\"@type\":\"ImageObject\",\"inLanguage\":\"es\",\"@id\":\"https:\/\/clinicacemeq.es\/estetica\/2022\/10\/26\/cuidados-a-seguir-tras-el-microinjerto-capilar\/#primaryimage\",\"url\":\"https:\/\/clinicacemeq.es\/estetica\/wp-content\/uploads\/2022\/10\/Consejos-del-microinjerto-capilar.png\",\"contentUrl\":\"https:\/\/clinicacemeq.es\/estetica\/wp-content\/uploads\/2022\/10\/Consejos-del-microinjerto-capilar.png\",\"width\":7000,\"height\":4667,\"caption\":\"mejores consejos tras el microinjerto capilar\"},{\"@type\":\"BreadcrumbList\",\"@id\":\"https:\/\/clinicacemeq.es\/estetica\/2022\/10\/26\/cuidados-a-seguir-tras-el-microinjerto-capilar\/#breadcrumb\",\"itemListElement\":[{\"@type\":\"ListItem\",\"position\":1,\"name\":\"Portada\",\"item\":\"https:\/\/clinicacemeq.es\/estetica\/\"},{\"@type\":\"ListItem\",\"position\":2,\"name\":\"Cuidados tras el microinjerto capilar\"}]},{\"@type\":\"WebSite\",\"@id\":\"https:\/\/clinicacemeq.es\/estetica\/#website\",\"url\":\"https:\/\/clinicacemeq.es\/estetica\/\",\"name\":\"Cl\u00ednica Est\u00e9tica CEMEQ\",\"description\":\"Medicina est\u00e9tica \u0131 Cirug\u00eda Est\u00e9tica \u0131 Cl\u00ednica Dental \u0131 Unidad Capilar \u0131 Unidad de Obesidad\",\"potentialAction\":[{\"@type\":\"SearchAction\",\"target\":{\"@type\":\"EntryPoint\",\"urlTemplate\":\"https:\/\/clinicacemeq.es\/estetica\/?s={search_term_string}\"},\"query-input\":{\"@type\":\"PropertyValueSpecification\",\"valueRequired\":true,\"valueName\":\"search_term_string\"}}],\"inLanguage\":\"es\"},{\"@type\":\"Person\",\"@id\":\"https:\/\/clinicacemeq.es\/estetica\/#\/schema\/person\/970b971cfb22127a85928078e5d97fcf\",\"name\":\"Federico Mahiques\",\"image\":{\"@type\":\"ImageObject\",\"inLanguage\":\"es\",\"@id\":\"https:\/\/clinicacemeq.es\/estetica\/#\/schema\/person\/image\/\",\"url\":\"https:\/\/secure.gravatar.com\/avatar\/2eb8af16608046630259421df61b19a9?s=96&d=mm&r=g\",\"contentUrl\":\"https:\/\/secure.gravatar.com\/avatar\/2eb8af16608046630259421df61b19a9?s=96&d=mm&r=g\",\"caption\":\"Federico Mahiques\"},\"url\":\"https:\/\/clinicacemeq.es\/estetica\/author\/clinica-cemeq\/\"}]}<\/script>\n<!-- \/ Yoast SEO Premium plugin. -->","yoast_head_json":{"title":"Cuidados tras el microinjerto capilar - Cl\u00ednica Est\u00e9tica CEMEQ","description":"Te ofrecemos los mejores consejos sobre el microinjerto capilar. Nuestro tratamiento mas solicitados en nuestra cl\u00ednica capilar. Pide cita.","robots":{"index":"index","follow":"follow","max-snippet":"max-snippet:-1","max-image-preview":"max-image-preview:large","max-video-preview":"max-video-preview:-1"},"canonical":"https:\/\/clinicacemeq.es\/estetica\/2022\/10\/26\/cuidados-a-seguir-tras-el-microinjerto-capilar\/","og_locale":"es_ES","og_type":"article","og_title":"Cuidados tras el microinjerto capilar","og_description":"Te ofrecemos los mejores consejos sobre el microinjerto capilar. Nuestro tratamiento mas solicitados en nuestra cl\u00ednica capilar. Pide cita.","og_url":"https:\/\/clinicacemeq.es\/estetica\/2022\/10\/26\/cuidados-a-seguir-tras-el-microinjerto-capilar\/","og_site_name":"Cl\u00ednica Est\u00e9tica CEMEQ","article_published_time":"2022-10-26T14:15:18+00:00","article_modified_time":"2024-06-25T15:32:35+00:00","og_image":[{"width":1024,"height":683,"url":"https:\/\/clinicacemeq.es\/estetica\/wp-content\/uploads\/2022\/10\/Consejos-del-microinjerto-capilar-1024x683.png","type":"image\/png"}],"author":"Federico Mahiques","twitter_card":"summary_large_image","twitter_misc":{"Escrito por":"Federico Mahiques","Tiempo de lectura":"5 minutos"},"schema":{"@context":"https:\/\/schema.org","@graph":[{"@type":["WebPage","ItemPage"],"@id":"https:\/\/clinicacemeq.es\/estetica\/2022\/10\/26\/cuidados-a-seguir-tras-el-microinjerto-capilar\/","url":"https:\/\/clinicacemeq.es\/estetica\/2022\/10\/26\/cuidados-a-seguir-tras-el-microinjerto-capilar\/","name":"Cuidados tras el microinjerto capilar - Cl\u00ednica Est\u00e9tica CEMEQ","isPartOf":{"@id":"https:\/\/clinicacemeq.es\/estetica\/#website"},"primaryImageOfPage":{"@id":"https:\/\/clinicacemeq.es\/estetica\/2022\/10\/26\/cuidados-a-seguir-tras-el-microinjerto-capilar\/#primaryimage"},"image":{"@id":"https:\/\/clinicacemeq.es\/estetica\/2022\/10\/26\/cuidados-a-seguir-tras-el-microinjerto-capilar\/#primaryimage"},"thumbnailUrl":"https:\/\/clinicacemeq.es\/estetica\/wp-content\/uploads\/2022\/10\/Consejos-del-microinjerto-capilar.png","datePublished":"2022-10-26T14:15:18+00:00","dateModified":"2024-06-25T15:32:35+00:00","author":{"@id":"https:\/\/clinicacemeq.es\/estetica\/#\/schema\/person\/970b971cfb22127a85928078e5d97fcf"},"description":"Te ofrecemos los mejores consejos sobre el microinjerto capilar. Nuestro tratamiento mas solicitados en nuestra cl\u00ednica capilar. Pide cita.","breadcrumb":{"@id":"https:\/\/clinicacemeq.es\/estetica\/2022\/10\/26\/cuidados-a-seguir-tras-el-microinjerto-capilar\/#breadcrumb"},"inLanguage":"es","potentialAction":[{"@type":"ReadAction","target":["https:\/\/clinicacemeq.es\/estetica\/2022\/10\/26\/cuidados-a-seguir-tras-el-microinjerto-capilar\/"]}]},{"@type":"ImageObject","inLanguage":"es","@id":"https:\/\/clinicacemeq.es\/estetica\/2022\/10\/26\/cuidados-a-seguir-tras-el-microinjerto-capilar\/#primaryimage","url":"https:\/\/clinicacemeq.es\/estetica\/wp-content\/uploads\/2022\/10\/Consejos-del-microinjerto-capilar.png","contentUrl":"https:\/\/clinicacemeq.es\/estetica\/wp-content\/uploads\/2022\/10\/Consejos-del-microinjerto-capilar.png","width":7000,"height":4667,"caption":"mejores consejos tras el microinjerto capilar"},{"@type":"BreadcrumbList","@id":"https:\/\/clinicacemeq.es\/estetica\/2022\/10\/26\/cuidados-a-seguir-tras-el-microinjerto-capilar\/#breadcrumb","itemListElement":[{"@type":"ListItem","position":1,"name":"Portada","item":"https:\/\/clinicacemeq.es\/estetica\/"},{"@type":"ListItem","position":2,"name":"Cuidados tras el microinjerto capilar"}]},{"@type":"WebSite","@id":"https:\/\/clinicacemeq.es\/estetica\/#website","url":"https:\/\/clinicacemeq.es\/estetica\/","name":"Cl\u00ednica Est\u00e9tica CEMEQ","description":"Medicina est\u00e9tica \u0131 Cirug\u00eda Est\u00e9tica \u0131 Cl\u00ednica Dental \u0131 Unidad Capilar \u0131 Unidad de Obesidad","potentialAction":[{"@type":"SearchAction","target":{"@type":"EntryPoint","urlTemplate":"https:\/\/clinicacemeq.es\/estetica\/?s={search_term_string}"},"query-input":{"@type":"PropertyValueSpecification","valueRequired":true,"valueName":"search_term_string"}}],"inLanguage":"es"},{"@type":"Person","@id":"https:\/\/clinicacemeq.es\/estetica\/#\/schema\/person\/970b971cfb22127a85928078e5d97fcf","name":"Federico Mahiques","image":{"@type":"ImageObject","inLanguage":"es","@id":"https:\/\/clinicacemeq.es\/estetica\/#\/schema\/person\/image\/","url":"https:\/\/secure.gravatar.com\/avatar\/2eb8af16608046630259421df61b19a9?s=96&d=mm&r=g","contentUrl":"https:\/\/secure.gravatar.com\/avatar\/2eb8af16608046630259421df61b19a9?s=96&d=mm&r=g","caption":"Federico Mahiques"},"url":"https:\/\/clinicacemeq.es\/estetica\/author\/clinica-cemeq\/"}]}},"_links":{"self":[{"href":"https:\/\/clinicacemeq.es\/estetica\/wp-json\/wp\/v2\/posts\/5321"}],"collection":[{"href":"https:\/\/clinicacemeq.es\/estetica\/wp-json\/wp\/v2\/posts"}],"about":[{"href":"https:\/\/clinicacemeq.es\/estetica\/wp-json\/wp\/v2\/types\/post"}],"author":[{"embeddable":true,"href":"https:\/\/clinicacemeq.es\/estetica\/wp-json\/wp\/v2\/users\/2"}],"replies":[{"embeddable":true,"href":"https:\/\/clinicacemeq.es\/estetica\/wp-json\/wp\/v2\/comments?post=5321"}],"version-history":[{"count":7,"href":"https:\/\/clinicacemeq.es\/estetica\/wp-json\/wp\/v2\/posts\/5321\/revisions"}],"predecessor-version":[{"id":9158,"href":"https:\/\/clinicacemeq.es\/estetica\/wp-json\/wp\/v2\/posts\/5321\/revisions\/9158"}],"wp:featuredmedia":[{"embeddable":true,"href":"https:\/\/clinicacemeq.es\/estetica\/wp-json\/wp\/v2\/media\/5322"}],"wp:attachment":[{"href":"https:\/\/clinicacemeq.es\/estetica\/wp-json\/wp\/v2\/media?parent=5321"}],"wp:term":[{"taxonomy":"category","embeddable":true,"href":"https:\/\/clinicacemeq.es\/estetica\/wp-json\/wp\/v2\/categories?post=5321"},{"taxonomy":"post_tag","embeddable":true,"href":"https:\/\/clinicacemeq.es\/estetica\/wp-json\/wp\/v2\/tags?post=5321"}],"curies":[{"name":"wp","href":"https:\/\/api.w.org\/{rel}","templated":true}]}}