{"id":5290,"date":"2022-10-25T13:06:33","date_gmt":"2022-10-25T13:06:33","guid":{"rendered":"https:\/\/clinicacemeq.es\/estetica\/?p=5290"},"modified":"2024-06-25T15:32:36","modified_gmt":"2024-06-25T15:32:36","slug":"preguntas-frecuentes-sobre-el-injerto-de-pelo","status":"publish","type":"post","link":"https:\/\/clinicacemeq.es\/estetica\/2022\/10\/25\/preguntas-frecuentes-sobre-el-injerto-de-pelo\/","title":{"rendered":"Preguntas sobre el injerto de pelo"},"content":{"rendered":"\n\n<div class=\"kk-star-ratings kksr-auto kksr-align-left kksr-valign-top\"\n    data-payload='{&quot;align&quot;:&quot;left&quot;,&quot;id&quot;:&quot;5290&quot;,&quot;slug&quot;:&quot;default&quot;,&quot;valign&quot;:&quot;top&quot;,&quot;ignore&quot;:&quot;&quot;,&quot;reference&quot;:&quot;auto&quot;,&quot;class&quot;:&quot;&quot;,&quot;count&quot;:&quot;0&quot;,&quot;legendonly&quot;:&quot;&quot;,&quot;readonly&quot;:&quot;&quot;,&quot;score&quot;:&quot;0&quot;,&quot;starsonly&quot;:&quot;&quot;,&quot;best&quot;:&quot;5&quot;,&quot;gap&quot;:&quot;5&quot;,&quot;greet&quot;:&quot;Valora esta publicaci\u00f3n \ud83d\ude09&quot;,&quot;legend&quot;:&quot;0\\\/5 - (0 votos)&quot;,&quot;size&quot;:&quot;24&quot;,&quot;title&quot;:&quot;Preguntas sobre el injerto de pelo&quot;,&quot;width&quot;:&quot;0&quot;,&quot;_legend&quot;:&quot;{score}\\\/{best} - ({count} {votes})&quot;,&quot;font_factor&quot;:&quot;1.25&quot;}'>\n            \n<div class=\"kksr-stars\">\n    \n<div class=\"kksr-stars-inactive\">\n            <div class=\"kksr-star\" data-star=\"1\" style=\"padding-right: 5px\">\n            \n\n<div class=\"kksr-icon\" style=\"width: 24px; height: 24px;\"><\/div>\n        <\/div>\n            <div class=\"kksr-star\" data-star=\"2\" style=\"padding-right: 5px\">\n            \n\n<div class=\"kksr-icon\" style=\"width: 24px; height: 24px;\"><\/div>\n        <\/div>\n            <div class=\"kksr-star\" data-star=\"3\" style=\"padding-right: 5px\">\n            \n\n<div class=\"kksr-icon\" style=\"width: 24px; height: 24px;\"><\/div>\n        <\/div>\n            <div class=\"kksr-star\" data-star=\"4\" style=\"padding-right: 5px\">\n            \n\n<div class=\"kksr-icon\" style=\"width: 24px; height: 24px;\"><\/div>\n        <\/div>\n            <div class=\"kksr-star\" data-star=\"5\" style=\"padding-right: 5px\">\n            \n\n<div class=\"kksr-icon\" style=\"width: 24px; height: 24px;\"><\/div>\n        <\/div>\n    <\/div>\n    \n<div class=\"kksr-stars-active\" style=\"width: 0px;\">\n            <div class=\"kksr-star\" style=\"padding-right: 5px\">\n            \n\n<div class=\"kksr-icon\" style=\"width: 24px; height: 24px;\"><\/div>\n        <\/div>\n            <div class=\"kksr-star\" style=\"padding-right: 5px\">\n            \n\n<div class=\"kksr-icon\" style=\"width: 24px; height: 24px;\"><\/div>\n        <\/div>\n            <div class=\"kksr-star\" style=\"padding-right: 5px\">\n            \n\n<div class=\"kksr-icon\" style=\"width: 24px; height: 24px;\"><\/div>\n        <\/div>\n            <div class=\"kksr-star\" style=\"padding-right: 5px\">\n            \n\n<div class=\"kksr-icon\" style=\"width: 24px; height: 24px;\"><\/div>\n        <\/div>\n            <div class=\"kksr-star\" style=\"padding-right: 5px\">\n            \n\n<div class=\"kksr-icon\" style=\"width: 24px; height: 24px;\"><\/div>\n        <\/div>\n    <\/div>\n<\/div>\n                \n\n<div class=\"kksr-legend\" style=\"font-size: 19.2px;\">\n            <span class=\"kksr-muted\">Valora esta publicaci\u00f3n \ud83d\ude09<\/span>\n    <\/div>\n    <\/div>\n<p><span style=\"font-weight: 400;\">Uno de nuestros tratamientos que generan m\u00e1s dudas entre los pacientes es el<strong> injerto de pelo.<\/strong> El deseo de recuperar el pelo y el miedo a que los resultados no sean los deseados, hace que a los pacientes les surjan dudas.\u00a0 En el siguiente post respondemos las preguntas m\u00e1s frecuentes sobre el <strong>microinjerto capilar.<\/strong> Inf\u00f3rmate.<\/span><\/p>\n<h2><span style=\"font-weight: 400;\">\u00bfEn qu\u00e9 consiste el injerto de pelo?\u00a0<\/span><\/h2>\n<p><span style=\"font-weight: 400;\">El<a href=\"https:\/\/clinicacemeq.es\/estetica\/2023\/01\/24\/eficacia-del-microinjerto-capilar\/\"> <strong>microinjerto capilar<\/strong> <\/a>es un procedimiento quir\u00fargico basado en trasplantar fol\u00edculos de las zonas del cuero cabelludo que son gen\u00e9ticamente inmunes a la alopecia, a aquellas donde se ha ca\u00eddo el pelo. En la actualidad, existen diferentes t\u00e9cnicas de<strong> microinjerto capilar<\/strong> como la t\u00e9cnica FUE, una de las t\u00e9cnicas con mejores resultados y que genera grandes beneficios en los pacientes.<\/span><\/p>\n<h3><span style=\"font-weight: 400;\">Injerto de pelo con la t\u00e9cnica FUE<\/span><\/h3>\n<p><span style=\"font-weight: 400;\">La t\u00e9cnica FUE permite extraer una a una las unidades foliculares de la zona donante, conservarlas e injertarlas de nuevo en la zona receptora a trav\u00e9s de microincisiones.\u00a0 Con esta t\u00e9cnica de<a href=\"https:\/\/clinicacemeq.es\/estetica\/2023\/01\/24\/eficacia-del-microinjerto-capilar\/\"> <strong>injerto de pelo<\/strong> <\/a>se reduce el tiempo de recuperaci\u00f3n y se obtienen resultados naturales y definitivos.<\/span><\/p>\n<h2><span style=\"font-weight: 400;\">Preguntas y respuestas sobre el injerto de pelo<\/span><\/h2>\n<p><span style=\"font-weight: 400;\">A continuaci\u00f3n respondemos a las preguntas m\u00e1s frecuentes de nuestros pacientes cuando acuden a nuestra<a href=\"https:\/\/clinicacemeq.es\/estetica\/micro-injerto-capilar\/\"> <strong>cl\u00ednica capilar<\/strong><\/a>:<\/span><\/p>\n<h3><span style=\"font-weight: 400;\">\u00bfDe d\u00f3nde se extraen los fol\u00edculos?\u00a0<\/span><\/h3>\n<p><span style=\"font-weight: 400;\">La zona donante abarca toda la regi\u00f3n ubicada entre la coronilla y la nuca, as\u00ed como los laterales de la cabeza. Los fol\u00edculos de esas zonas son inmunes es decir, son inmunes a los efectos negativos de los andr\u00f3genos.<\/span><\/p>\n<h3><span style=\"font-weight: 400;\">\u00bfQu\u00e9 tipos de t\u00e9cnicas de microinjerto capilar existen?<\/span><\/h3>\n<p><span style=\"font-weight: 400;\">En la actualidad existen diferentes procedimientos para llevar a cabo un <strong>injerto de pelo:<\/strong><\/span><\/p>\n<ul>\n<li style=\"font-weight: 400;\" aria-level=\"1\"><span style=\"font-weight: 400;\">T\u00e9cnica FUE: t\u00e9cnica que se basa en peque\u00f1as incisiones en la parte donde no\u00a0 hay pelo para colocar\u00a0 en ellas uno a uno los fol\u00edculos extra\u00eddos.\u00a0<\/span><\/li>\n<li style=\"font-weight: 400;\" aria-level=\"1\"><span style=\"font-weight: 400;\">T\u00e9cnica FUSS: T\u00e9cnica en la cual\u00a0 se trasplanta pelo a zonas despobladas mediante la extracci\u00f3n de una tira de cabello de una zona donante con densidad capilar suficiente. Se trata de una t\u00e9cnica m\u00e1s invasiva y con un procedimiento m\u00e1s largo y costoso que la t\u00e9cnica FUE.<\/span><\/li>\n<\/ul>\n<p><span style=\"font-weight: 400;\">En<\/span><span style=\"font-weight: 400;\"> nuestra<a href=\"https:\/\/clinicacemeq.es\/estetica\/micro-injerto-capilar\/\"><strong> cl\u00ednica capilar<\/strong>,<\/a> nuestra especialista en <a href=\"https:\/\/clinicacemeq.es\/estetica\/2023\/01\/24\/eficacia-del-microinjerto-capilar\/\"><strong>injerto capilar en Valencia<\/strong> <\/a>utiliza la t\u00e9cnica FUE que como hemos dicho anteriormente, es la <strong>t\u00e9cnica m\u00e1s avanzada y que mejor resultados ofrece al paciente.<\/strong><\/span><\/p>\n<h3><span style=\"font-weight: 400;\">\u00bfCu\u00e1ntas unidades foliculares se necesitan en un injerto de pelo?\u00a0<\/span><\/h3>\n<p><span style=\"font-weight: 400;\">El n\u00famero de unidades foliculares necesarias para el<a href=\"https:\/\/clinicacemeq.es\/estetica\/2023\/01\/24\/eficacia-del-microinjerto-capilar\/\"> <strong>microinjerto capilar<\/strong><\/a> depende de varios factores:<\/span><\/p>\n<ul>\n<li style=\"font-weight: 400;\" aria-level=\"1\"><span style=\"font-weight: 400;\">Densidad de la zona donante<\/span><\/li>\n<li style=\"font-weight: 400;\" aria-level=\"1\"><span style=\"font-weight: 400;\">Grado inicial de alopecia o ca\u00edda de pelo<\/span><\/li>\n<li style=\"font-weight: 400;\" aria-level=\"1\"><span style=\"font-weight: 400;\">Grosor y textura<\/span><\/li>\n<li style=\"font-weight: 400;\" aria-level=\"1\"><span style=\"font-weight: 400;\">N\u00famero de cabellos por unidad folicular<\/span><\/li>\n<\/ul>\n<h3><span style=\"font-weight: 400;\">\u00bfC\u00f3mo es el proceso del microinjerto capilar?<\/span><\/h3>\n<p><span style=\"font-weight: 400;\">A continuaci\u00f3n te contamos los pasos que seguimos en nuestra cl\u00ednica capilar a la hora realizarse un injerto de pelo:<\/span><\/p>\n<ol>\n<li style=\"font-weight: 400;\" aria-level=\"1\"><span style=\"font-weight: 400;\">Primera valoraci\u00f3n personalizada: nuestro especialista en injerto capilar Valencia realizar\u00e1 un estudio detallado de cada aceite, grado de alopecia y las caracter\u00edsticas de su pelo.<\/span><\/li>\n<li style=\"font-weight: 400;\" aria-level=\"1\"><span style=\"font-weight: 400;\">Rapado de la cabeza: rapado completo de la cabeza para poder realizar el injerto de pelo.<\/span><\/li>\n<li style=\"font-weight: 400;\" aria-level=\"1\"><span style=\"font-weight: 400;\">Preparaci\u00f3n y dise\u00f1o del trasplante: c\u00e1lculo de la densidad y dise\u00f1o est\u00e9tico de la l\u00ednea de pelo, delimitaci\u00f3n de las zonas donantes.<\/span><\/li>\n<li style=\"font-weight: 400;\" aria-level=\"1\"><span style=\"font-weight: 400;\">Aplicaci\u00f3n de la anestesia<\/span><\/li>\n<li style=\"font-weight: 400;\" aria-level=\"1\"><span style=\"font-weight: 400;\">Extracci\u00f3n y selecci\u00f3n de las unidades foliculares: mediante la t\u00e9cnica FUE se extraen los fol\u00edculos uno a uno. Tras ello, los fol\u00edculos se conservan refrigerados para ser injertados posteriormente.<\/span><\/li>\n<li style=\"font-weight: 400;\" aria-level=\"1\"><span style=\"font-weight: 400;\">Inserci\u00f3n de los fol\u00edculos: se realizan micro incisiones, respetando el \u00e1ngulo y profundidad natural del pelo.<\/span><\/li>\n<\/ol>\n<h3><span style=\"font-weight: 400;\">\u00bfQu\u00e9 precauciones debo seguir antes del injerto de pelo?<\/span><\/h3>\n<p><span style=\"font-weight: 400;\">Los cuidados previos del <a href=\"https:\/\/clinicacemeq.es\/estetica\/\"><strong>microinjerto capilar<\/strong> <\/a>son muy sencillos. Durante las dos semanas previas se recomienda evitar consumir alcohol, tabaco y bebidas con cafe\u00edna.\u00a0 Adem\u00e1s, se debe evitar el consumo de medicamentos que puedan diluir la sangre.<\/span><\/p>\n<h3><span style=\"font-weight: 400;\">\u00bfC\u00f3mo es la recuperaci\u00f3n del injerto capilar en Valencia?\u00a0<\/span><\/h3>\n<p><span style=\"font-weight: 400;\">El <strong>microinjerto capilar<\/strong> es un proceso <strong>m\u00ednimamente invasivo, no genera grandes complicaciones.<\/strong> Eso s\u00ed, es importante que el paciente siga las indicaciones de cuidados postoperatorios para conseguir el mejor resultado posible.\u00a0<\/span><\/p>\n<p><span style=\"font-weight: 400;\">Tras las primeras 48 horas del <strong>trasplante capilar en Valencia<\/strong>, el paciente debe guardar reposo, hacer comidas ligeras y dormir boca arriba y reclinados. Los siguientes 10 d\u00edas hay que tener en cuenta las recomendaciones del especialista en injerto de pelo como el lavado, cuidados y mantenimiento.<\/span><\/p>\n<h3><span style=\"font-weight: 400;\"><img loading=\"lazy\" decoding=\"async\" class=\" wp-image-5291 aligncenter\" src=\"https:\/\/clinicacemeq.es\/estetica\/wp-content\/uploads\/2022\/10\/INJERTO-DE-PELO-DUDAS-300x200.png\" alt=\"dudas sobre el injerto de pelo\" width=\"413\" height=\"275\" srcset=\"https:\/\/clinicacemeq.es\/estetica\/wp-content\/uploads\/2022\/10\/INJERTO-DE-PELO-DUDAS-300x200.png 300w, https:\/\/clinicacemeq.es\/estetica\/wp-content\/uploads\/2022\/10\/INJERTO-DE-PELO-DUDAS-1024x683.png 1024w, https:\/\/clinicacemeq.es\/estetica\/wp-content\/uploads\/2022\/10\/INJERTO-DE-PELO-DUDAS-768x512.png 768w, https:\/\/clinicacemeq.es\/estetica\/wp-content\/uploads\/2022\/10\/INJERTO-DE-PELO-DUDAS-1536x1024.png 1536w, https:\/\/clinicacemeq.es\/estetica\/wp-content\/uploads\/2022\/10\/INJERTO-DE-PELO-DUDAS-2048x1365.png 2048w, https:\/\/clinicacemeq.es\/estetica\/wp-content\/uploads\/2022\/10\/INJERTO-DE-PELO-DUDAS-900x600.png 900w\" sizes=\"(max-width: 413px) 100vw, 413px\" \/><\/span><\/h3>\n<h3><span style=\"font-weight: 400;\">\u00bfCu\u00e1nto tarda el pelo en volver a crecer?<\/span><\/h3>\n<p><span style=\"font-weight: 400;\">\u00a0Los resultados definitivos del<a href=\"https:\/\/clinicacemeq.es\/estetica\/\"> <strong>injerto de pelo<\/strong><\/a>\u00a0se podr\u00e1n apreciar tras los 12 meses. Despu\u00e9s del\u00a0 primer mes el pelo injertado se caer\u00e1.\u00a0<\/span><\/p>\n<p><span style=\"font-weight: 400;\">A los tres meses empieza a crecer de forma progresiva. A partir de ese momento, el pelo ir\u00e1 saliendo m\u00e1s fuerte y grueso.<\/span><\/p>\n<h3><span style=\"font-weight: 400;\">\u00bfCu\u00e1l es el precio del injerto de pelo?<\/span><\/h3>\n<p><span style=\"font-weight: 400;\">En Espa\u00f1a el precio del injerto de pelo\u00a0 oscila entre los 2.000\u202f\u20ac<\/span><span style=\"font-weight: 400;\"> &#8211; 6.000\u202f\u20ac<\/span><span style=\"font-weight: 400;\">.\u00a0<\/span><span style=\"font-weight: 400;\"> En la actualidad existen pa\u00edses como Turqu\u00eda\u00a0 que ofrecen tratamientos capilares a precios muy baratos, Sin embargo, realizar un microinjerto capilar fuera de Espa\u00f1a puede suponer peligros para la salud o resultados inacabados.\u00a0<\/span><\/p>\n<h2><span style=\"font-weight: 400;\">Nuestro precio del injerto capilar Valencia<\/span><\/h2>\n<p><span style=\"font-weight: 400;\">En nuestra cl\u00ednica capilar encontrar\u00e1s los mejores tratamientos capilares como el<strong><a href=\"https:\/\/clinicacemeq.es\/estetica\/2023\/01\/24\/eficacia-del-microinjerto-capilar\/\"> injerto de pelo<\/a> o la mesoterapia capilar<\/strong>.\u00a0 Nuestra especialista te acompa\u00f1ar\u00e1 en todo el proceso y te asesorar\u00e1 sobre el tratamiento que mejor se adapta a tus necesidades. Recupera tu pelo en nuestra cl\u00ednica Valencia al mejor precio. \u00a1No te arrepentir\u00e1s!<\/span><\/p>\n<p><span style=\"font-weight: 400;\">\u00bfQuieres conocer nuestro precio del injerto de pelo? <a href=\"https:\/\/clinicacemeq.es\/estetica\/contacto\/\"><strong>Cont\u00e1ctanos AQU\u00cd.<\/strong><\/a><\/span><\/p>\n<p><span style=\"font-weight: 400;\">Con nuestro microinjerto capilar conseguir\u00e1s:<\/span><\/p>\n<ul>\n<li style=\"font-weight: 400;\" aria-level=\"1\"><span style=\"font-weight: 400;\">Tratamiento 100%personalizado<\/span><\/li>\n<li style=\"font-weight: 400;\" aria-level=\"1\"><span style=\"font-weight: 400;\">Resultados naturales y definitivos<\/span><\/li>\n<li style=\"font-weight: 400;\" aria-level=\"1\"><span style=\"font-weight: 400;\">T\u00e9cnica indolora<\/span><\/li>\n<li style=\"font-weight: 400;\" aria-level=\"1\"><span style=\"font-weight: 400;\">Especialistas con gran experiencia<\/span><\/li>\n<li style=\"font-weight: 400;\" aria-level=\"1\"><span style=\"font-weight: 400;\">Mayor autoestima y mejor calidad de vida<\/span><\/li>\n<li style=\"font-weight: 400;\" aria-level=\"1\"><span style=\"font-weight: 400;\">Financiaci\u00f3n a medida<\/span><\/li>\n<\/ul>\n<h2><span style=\"font-weight: 400;\">Especialistas en trasplante capilar en Valencia<\/span><\/h2>\n<p><span style=\"font-weight: 400;\">El <strong>trasplante<\/strong> <strong>capilar Valencia<\/strong> es uno de los tratamientos m\u00e1s solicitados en nuestra cl\u00ednica capilar. A lo largo del post, has podido conocer las dudas m\u00e1s frecuentes de nuestros pacientes antes de realizarse el<strong> injerto de pelo<\/strong>.Una vez resueltas las dudas \u00bfQuieres realizarte un injerto de pelo? No esperes m\u00e1s. En nuestra<strong> cl\u00ednica capilar<\/strong> contamos especialistas en injerto de pelo cuyo objetivo es reparar tu pelo y mejorar tu autoestima mediante un\u00a0 tratamiento <strong>m\u00ednimamente invasivo <\/strong>y con\u00a0<strong> resultados naturales<a href=\"https:\/\/clinicacemeq.es\/estetica\/contacto\/\">. Pide cita ya. Primera consulta gratuita.<\/a><\/strong><\/span><\/p>\n","protected":false},"excerpt":{"rendered":"<p>Uno de nuestros tratamientos que generan m\u00e1s dudas entre los pacientes es el injerto de pelo. El deseo de recuperar el pelo y el miedo a que los resultados no sean los deseados, hace que a los pacientes les surjan dudas.\u00a0 En el siguiente post respondemos las preguntas m\u00e1s frecuentes sobre el microinjerto capilar. Inf\u00f3rmate. [&#8230;]\n","protected":false},"author":2,"featured_media":5294,"comment_status":"open","ping_status":"open","sticky":false,"template":"","format":"standard","meta":{"footnotes":""},"categories":[138,1],"tags":[],"yoast_head":"<!-- This site is optimized with the Yoast SEO Premium plugin v18.3 (Yoast SEO v24.5) - https:\/\/yoast.com\/wordpress\/plugins\/seo\/ -->\n<title>Preguntas sobre el injerto de pelo - Cl\u00ednica Est\u00e9tica CEMEQ<\/title>\n<meta name=\"description\" content=\"Respondemos a las preguntas m\u00e1s frecuentes de nuestros pacientes sobre el injerto de pelo. Recupera tu pelo con CEMEQ. Pide cita ya.\" \/>\n<meta name=\"robots\" content=\"index, follow, max-snippet:-1, max-image-preview:large, max-video-preview:-1\" \/>\n<link rel=\"canonical\" href=\"https:\/\/clinicacemeq.es\/estetica\/2022\/10\/25\/preguntas-frecuentes-sobre-el-injerto-de-pelo\/\" \/>\n<meta property=\"og:locale\" content=\"es_ES\" \/>\n<meta property=\"og:type\" content=\"article\" \/>\n<meta property=\"og:title\" content=\"Preguntas sobre el injerto de pelo\" \/>\n<meta property=\"og:description\" content=\"Respondemos a las preguntas m\u00e1s frecuentes de nuestros pacientes sobre el injerto de pelo. Recupera tu pelo con CEMEQ. Pide cita ya.\" \/>\n<meta property=\"og:url\" content=\"https:\/\/clinicacemeq.es\/estetica\/2022\/10\/25\/preguntas-frecuentes-sobre-el-injerto-de-pelo\/\" \/>\n<meta property=\"og:site_name\" content=\"Cl\u00ednica Est\u00e9tica CEMEQ\" \/>\n<meta property=\"article:published_time\" content=\"2022-10-25T13:06:33+00:00\" \/>\n<meta property=\"article:modified_time\" content=\"2024-06-25T15:32:36+00:00\" \/>\n<meta property=\"og:image\" content=\"https:\/\/clinicacemeq.es\/estetica\/wp-content\/uploads\/2022\/10\/INJERTO-DE-PELO-CEMEQ-1024x683.png\" \/>\n\t<meta property=\"og:image:width\" content=\"1024\" \/>\n\t<meta property=\"og:image:height\" content=\"683\" \/>\n\t<meta property=\"og:image:type\" content=\"image\/png\" \/>\n<meta name=\"author\" content=\"Federico Mahiques\" \/>\n<meta name=\"twitter:card\" content=\"summary_large_image\" \/>\n<meta name=\"twitter:label1\" content=\"Escrito por\" \/>\n\t<meta name=\"twitter:data1\" content=\"Federico Mahiques\" \/>\n\t<meta name=\"twitter:label2\" content=\"Tiempo de lectura\" \/>\n\t<meta name=\"twitter:data2\" content=\"5 minutos\" \/>\n<script type=\"application\/ld+json\" class=\"yoast-schema-graph\">{\"@context\":\"https:\/\/schema.org\",\"@graph\":[{\"@type\":[\"WebPage\",\"ItemPage\"],\"@id\":\"https:\/\/clinicacemeq.es\/estetica\/2022\/10\/25\/preguntas-frecuentes-sobre-el-injerto-de-pelo\/\",\"url\":\"https:\/\/clinicacemeq.es\/estetica\/2022\/10\/25\/preguntas-frecuentes-sobre-el-injerto-de-pelo\/\",\"name\":\"Preguntas sobre el injerto de pelo - Cl\u00ednica Est\u00e9tica CEMEQ\",\"isPartOf\":{\"@id\":\"https:\/\/clinicacemeq.es\/estetica\/#website\"},\"primaryImageOfPage\":{\"@id\":\"https:\/\/clinicacemeq.es\/estetica\/2022\/10\/25\/preguntas-frecuentes-sobre-el-injerto-de-pelo\/#primaryimage\"},\"image\":{\"@id\":\"https:\/\/clinicacemeq.es\/estetica\/2022\/10\/25\/preguntas-frecuentes-sobre-el-injerto-de-pelo\/#primaryimage\"},\"thumbnailUrl\":\"https:\/\/clinicacemeq.es\/estetica\/wp-content\/uploads\/2022\/10\/INJERTO-DE-PELO-CEMEQ.png\",\"datePublished\":\"2022-10-25T13:06:33+00:00\",\"dateModified\":\"2024-06-25T15:32:36+00:00\",\"author\":{\"@id\":\"https:\/\/clinicacemeq.es\/estetica\/#\/schema\/person\/970b971cfb22127a85928078e5d97fcf\"},\"description\":\"Respondemos a las preguntas m\u00e1s frecuentes de nuestros pacientes sobre el injerto de pelo. Recupera tu pelo con CEMEQ. Pide cita ya.\",\"breadcrumb\":{\"@id\":\"https:\/\/clinicacemeq.es\/estetica\/2022\/10\/25\/preguntas-frecuentes-sobre-el-injerto-de-pelo\/#breadcrumb\"},\"inLanguage\":\"es\",\"potentialAction\":[{\"@type\":\"ReadAction\",\"target\":[\"https:\/\/clinicacemeq.es\/estetica\/2022\/10\/25\/preguntas-frecuentes-sobre-el-injerto-de-pelo\/\"]}]},{\"@type\":\"ImageObject\",\"inLanguage\":\"es\",\"@id\":\"https:\/\/clinicacemeq.es\/estetica\/2022\/10\/25\/preguntas-frecuentes-sobre-el-injerto-de-pelo\/#primaryimage\",\"url\":\"https:\/\/clinicacemeq.es\/estetica\/wp-content\/uploads\/2022\/10\/INJERTO-DE-PELO-CEMEQ.png\",\"contentUrl\":\"https:\/\/clinicacemeq.es\/estetica\/wp-content\/uploads\/2022\/10\/INJERTO-DE-PELO-CEMEQ.png\",\"width\":7900,\"height\":5269,\"caption\":\"injerto de pelo dudas\"},{\"@type\":\"BreadcrumbList\",\"@id\":\"https:\/\/clinicacemeq.es\/estetica\/2022\/10\/25\/preguntas-frecuentes-sobre-el-injerto-de-pelo\/#breadcrumb\",\"itemListElement\":[{\"@type\":\"ListItem\",\"position\":1,\"name\":\"Portada\",\"item\":\"https:\/\/clinicacemeq.es\/estetica\/\"},{\"@type\":\"ListItem\",\"position\":2,\"name\":\"Preguntas sobre el injerto de pelo\"}]},{\"@type\":\"WebSite\",\"@id\":\"https:\/\/clinicacemeq.es\/estetica\/#website\",\"url\":\"https:\/\/clinicacemeq.es\/estetica\/\",\"name\":\"Cl\u00ednica Est\u00e9tica CEMEQ\",\"description\":\"Medicina est\u00e9tica \u0131 Cirug\u00eda Est\u00e9tica \u0131 Cl\u00ednica Dental \u0131 Unidad Capilar \u0131 Unidad de Obesidad\",\"potentialAction\":[{\"@type\":\"SearchAction\",\"target\":{\"@type\":\"EntryPoint\",\"urlTemplate\":\"https:\/\/clinicacemeq.es\/estetica\/?s={search_term_string}\"},\"query-input\":{\"@type\":\"PropertyValueSpecification\",\"valueRequired\":true,\"valueName\":\"search_term_string\"}}],\"inLanguage\":\"es\"},{\"@type\":\"Person\",\"@id\":\"https:\/\/clinicacemeq.es\/estetica\/#\/schema\/person\/970b971cfb22127a85928078e5d97fcf\",\"name\":\"Federico Mahiques\",\"image\":{\"@type\":\"ImageObject\",\"inLanguage\":\"es\",\"@id\":\"https:\/\/clinicacemeq.es\/estetica\/#\/schema\/person\/image\/\",\"url\":\"https:\/\/secure.gravatar.com\/avatar\/2eb8af16608046630259421df61b19a9?s=96&d=mm&r=g\",\"contentUrl\":\"https:\/\/secure.gravatar.com\/avatar\/2eb8af16608046630259421df61b19a9?s=96&d=mm&r=g\",\"caption\":\"Federico Mahiques\"},\"url\":\"https:\/\/clinicacemeq.es\/estetica\/author\/clinica-cemeq\/\"}]}<\/script>\n<!-- \/ Yoast SEO Premium plugin. -->","yoast_head_json":{"title":"Preguntas sobre el injerto de pelo - Cl\u00ednica Est\u00e9tica CEMEQ","description":"Respondemos a las preguntas m\u00e1s frecuentes de nuestros pacientes sobre el injerto de pelo. Recupera tu pelo con CEMEQ. Pide cita ya.","robots":{"index":"index","follow":"follow","max-snippet":"max-snippet:-1","max-image-preview":"max-image-preview:large","max-video-preview":"max-video-preview:-1"},"canonical":"https:\/\/clinicacemeq.es\/estetica\/2022\/10\/25\/preguntas-frecuentes-sobre-el-injerto-de-pelo\/","og_locale":"es_ES","og_type":"article","og_title":"Preguntas sobre el injerto de pelo","og_description":"Respondemos a las preguntas m\u00e1s frecuentes de nuestros pacientes sobre el injerto de pelo. Recupera tu pelo con CEMEQ. Pide cita ya.","og_url":"https:\/\/clinicacemeq.es\/estetica\/2022\/10\/25\/preguntas-frecuentes-sobre-el-injerto-de-pelo\/","og_site_name":"Cl\u00ednica Est\u00e9tica CEMEQ","article_published_time":"2022-10-25T13:06:33+00:00","article_modified_time":"2024-06-25T15:32:36+00:00","og_image":[{"width":1024,"height":683,"url":"https:\/\/clinicacemeq.es\/estetica\/wp-content\/uploads\/2022\/10\/INJERTO-DE-PELO-CEMEQ-1024x683.png","type":"image\/png"}],"author":"Federico Mahiques","twitter_card":"summary_large_image","twitter_misc":{"Escrito por":"Federico Mahiques","Tiempo de lectura":"5 minutos"},"schema":{"@context":"https:\/\/schema.org","@graph":[{"@type":["WebPage","ItemPage"],"@id":"https:\/\/clinicacemeq.es\/estetica\/2022\/10\/25\/preguntas-frecuentes-sobre-el-injerto-de-pelo\/","url":"https:\/\/clinicacemeq.es\/estetica\/2022\/10\/25\/preguntas-frecuentes-sobre-el-injerto-de-pelo\/","name":"Preguntas sobre el injerto de pelo - Cl\u00ednica Est\u00e9tica CEMEQ","isPartOf":{"@id":"https:\/\/clinicacemeq.es\/estetica\/#website"},"primaryImageOfPage":{"@id":"https:\/\/clinicacemeq.es\/estetica\/2022\/10\/25\/preguntas-frecuentes-sobre-el-injerto-de-pelo\/#primaryimage"},"image":{"@id":"https:\/\/clinicacemeq.es\/estetica\/2022\/10\/25\/preguntas-frecuentes-sobre-el-injerto-de-pelo\/#primaryimage"},"thumbnailUrl":"https:\/\/clinicacemeq.es\/estetica\/wp-content\/uploads\/2022\/10\/INJERTO-DE-PELO-CEMEQ.png","datePublished":"2022-10-25T13:06:33+00:00","dateModified":"2024-06-25T15:32:36+00:00","author":{"@id":"https:\/\/clinicacemeq.es\/estetica\/#\/schema\/person\/970b971cfb22127a85928078e5d97fcf"},"description":"Respondemos a las preguntas m\u00e1s frecuentes de nuestros pacientes sobre el injerto de pelo. Recupera tu pelo con CEMEQ. Pide cita ya.","breadcrumb":{"@id":"https:\/\/clinicacemeq.es\/estetica\/2022\/10\/25\/preguntas-frecuentes-sobre-el-injerto-de-pelo\/#breadcrumb"},"inLanguage":"es","potentialAction":[{"@type":"ReadAction","target":["https:\/\/clinicacemeq.es\/estetica\/2022\/10\/25\/preguntas-frecuentes-sobre-el-injerto-de-pelo\/"]}]},{"@type":"ImageObject","inLanguage":"es","@id":"https:\/\/clinicacemeq.es\/estetica\/2022\/10\/25\/preguntas-frecuentes-sobre-el-injerto-de-pelo\/#primaryimage","url":"https:\/\/clinicacemeq.es\/estetica\/wp-content\/uploads\/2022\/10\/INJERTO-DE-PELO-CEMEQ.png","contentUrl":"https:\/\/clinicacemeq.es\/estetica\/wp-content\/uploads\/2022\/10\/INJERTO-DE-PELO-CEMEQ.png","width":7900,"height":5269,"caption":"injerto de pelo dudas"},{"@type":"BreadcrumbList","@id":"https:\/\/clinicacemeq.es\/estetica\/2022\/10\/25\/preguntas-frecuentes-sobre-el-injerto-de-pelo\/#breadcrumb","itemListElement":[{"@type":"ListItem","position":1,"name":"Portada","item":"https:\/\/clinicacemeq.es\/estetica\/"},{"@type":"ListItem","position":2,"name":"Preguntas sobre el injerto de pelo"}]},{"@type":"WebSite","@id":"https:\/\/clinicacemeq.es\/estetica\/#website","url":"https:\/\/clinicacemeq.es\/estetica\/","name":"Cl\u00ednica Est\u00e9tica CEMEQ","description":"Medicina est\u00e9tica \u0131 Cirug\u00eda Est\u00e9tica \u0131 Cl\u00ednica Dental \u0131 Unidad Capilar \u0131 Unidad de Obesidad","potentialAction":[{"@type":"SearchAction","target":{"@type":"EntryPoint","urlTemplate":"https:\/\/clinicacemeq.es\/estetica\/?s={search_term_string}"},"query-input":{"@type":"PropertyValueSpecification","valueRequired":true,"valueName":"search_term_string"}}],"inLanguage":"es"},{"@type":"Person","@id":"https:\/\/clinicacemeq.es\/estetica\/#\/schema\/person\/970b971cfb22127a85928078e5d97fcf","name":"Federico Mahiques","image":{"@type":"ImageObject","inLanguage":"es","@id":"https:\/\/clinicacemeq.es\/estetica\/#\/schema\/person\/image\/","url":"https:\/\/secure.gravatar.com\/avatar\/2eb8af16608046630259421df61b19a9?s=96&d=mm&r=g","contentUrl":"https:\/\/secure.gravatar.com\/avatar\/2eb8af16608046630259421df61b19a9?s=96&d=mm&r=g","caption":"Federico Mahiques"},"url":"https:\/\/clinicacemeq.es\/estetica\/author\/clinica-cemeq\/"}]}},"_links":{"self":[{"href":"https:\/\/clinicacemeq.es\/estetica\/wp-json\/wp\/v2\/posts\/5290"}],"collection":[{"href":"https:\/\/clinicacemeq.es\/estetica\/wp-json\/wp\/v2\/posts"}],"about":[{"href":"https:\/\/clinicacemeq.es\/estetica\/wp-json\/wp\/v2\/types\/post"}],"author":[{"embeddable":true,"href":"https:\/\/clinicacemeq.es\/estetica\/wp-json\/wp\/v2\/users\/2"}],"replies":[{"embeddable":true,"href":"https:\/\/clinicacemeq.es\/estetica\/wp-json\/wp\/v2\/comments?post=5290"}],"version-history":[{"count":4,"href":"https:\/\/clinicacemeq.es\/estetica\/wp-json\/wp\/v2\/posts\/5290\/revisions"}],"predecessor-version":[{"id":8955,"href":"https:\/\/clinicacemeq.es\/estetica\/wp-json\/wp\/v2\/posts\/5290\/revisions\/8955"}],"wp:featuredmedia":[{"embeddable":true,"href":"https:\/\/clinicacemeq.es\/estetica\/wp-json\/wp\/v2\/media\/5294"}],"wp:attachment":[{"href":"https:\/\/clinicacemeq.es\/estetica\/wp-json\/wp\/v2\/media?parent=5290"}],"wp:term":[{"taxonomy":"category","embeddable":true,"href":"https:\/\/clinicacemeq.es\/estetica\/wp-json\/wp\/v2\/categories?post=5290"},{"taxonomy":"post_tag","embeddable":true,"href":"https:\/\/clinicacemeq.es\/estetica\/wp-json\/wp\/v2\/tags?post=5290"}],"curies":[{"name":"wp","href":"https:\/\/api.w.org\/{rel}","templated":true}]}}