{"id":500,"date":"2020-03-25T15:00:11","date_gmt":"2020-03-25T15:00:11","guid":{"rendered":"https:\/\/clinicacemeq.es\/estetica\/?p=500"},"modified":"2023-03-27T17:51:03","modified_gmt":"2023-03-27T17:51:03","slug":"imc-que-es-como-se-calcula-para-que-se-utiliza","status":"publish","type":"post","link":"https:\/\/clinicacemeq.es\/estetica\/2020\/03\/25\/imc-que-es-como-se-calcula-para-que-se-utiliza\/","title":{"rendered":"IMC: \u00bfQu\u00e9 es? \u00bfPara qu\u00e9 se utiliza?"},"content":{"rendered":"\n\n<div class=\"kk-star-ratings kksr-auto kksr-align-left kksr-valign-top\"\n    data-payload='{&quot;align&quot;:&quot;left&quot;,&quot;id&quot;:&quot;500&quot;,&quot;slug&quot;:&quot;default&quot;,&quot;valign&quot;:&quot;top&quot;,&quot;ignore&quot;:&quot;&quot;,&quot;reference&quot;:&quot;auto&quot;,&quot;class&quot;:&quot;&quot;,&quot;count&quot;:&quot;3&quot;,&quot;legendonly&quot;:&quot;&quot;,&quot;readonly&quot;:&quot;&quot;,&quot;score&quot;:&quot;5&quot;,&quot;starsonly&quot;:&quot;&quot;,&quot;best&quot;:&quot;5&quot;,&quot;gap&quot;:&quot;5&quot;,&quot;greet&quot;:&quot;Valora esta publicaci\u00f3n \ud83d\ude09&quot;,&quot;legend&quot;:&quot;5\\\/5 - (3 votos)&quot;,&quot;size&quot;:&quot;24&quot;,&quot;title&quot;:&quot;IMC: \u00bfQu\u00e9 es? \u00bfPara qu\u00e9 se utiliza?&quot;,&quot;width&quot;:&quot;142.5&quot;,&quot;_legend&quot;:&quot;{score}\\\/{best} - ({count} {votes})&quot;,&quot;font_factor&quot;:&quot;1.25&quot;}'>\n            \n<div class=\"kksr-stars\">\n    \n<div class=\"kksr-stars-inactive\">\n            <div class=\"kksr-star\" data-star=\"1\" style=\"padding-right: 5px\">\n            \n\n<div class=\"kksr-icon\" style=\"width: 24px; height: 24px;\"><\/div>\n        <\/div>\n            <div class=\"kksr-star\" data-star=\"2\" style=\"padding-right: 5px\">\n            \n\n<div class=\"kksr-icon\" style=\"width: 24px; height: 24px;\"><\/div>\n        <\/div>\n            <div class=\"kksr-star\" data-star=\"3\" style=\"padding-right: 5px\">\n            \n\n<div class=\"kksr-icon\" style=\"width: 24px; height: 24px;\"><\/div>\n        <\/div>\n            <div class=\"kksr-star\" data-star=\"4\" style=\"padding-right: 5px\">\n            \n\n<div class=\"kksr-icon\" style=\"width: 24px; height: 24px;\"><\/div>\n        <\/div>\n            <div class=\"kksr-star\" data-star=\"5\" style=\"padding-right: 5px\">\n            \n\n<div class=\"kksr-icon\" style=\"width: 24px; height: 24px;\"><\/div>\n        <\/div>\n    <\/div>\n    \n<div class=\"kksr-stars-active\" style=\"width: 142.5px;\">\n            <div class=\"kksr-star\" style=\"padding-right: 5px\">\n            \n\n<div class=\"kksr-icon\" style=\"width: 24px; height: 24px;\"><\/div>\n        <\/div>\n            <div class=\"kksr-star\" style=\"padding-right: 5px\">\n            \n\n<div class=\"kksr-icon\" style=\"width: 24px; height: 24px;\"><\/div>\n        <\/div>\n            <div class=\"kksr-star\" style=\"padding-right: 5px\">\n            \n\n<div class=\"kksr-icon\" style=\"width: 24px; height: 24px;\"><\/div>\n        <\/div>\n            <div class=\"kksr-star\" style=\"padding-right: 5px\">\n            \n\n<div class=\"kksr-icon\" style=\"width: 24px; height: 24px;\"><\/div>\n        <\/div>\n            <div class=\"kksr-star\" style=\"padding-right: 5px\">\n            \n\n<div class=\"kksr-icon\" style=\"width: 24px; height: 24px;\"><\/div>\n        <\/div>\n    <\/div>\n<\/div>\n                \n\n<div class=\"kksr-legend\" style=\"font-size: 19.2px;\">\n            5\/5 - (3 votos)    <\/div>\n    <\/div>\n\r\n<p style=\"text-align: justify;\">Es posible que en diversas ocasiones hayas o\u00eddo hablar sobre el <strong>\u00edndice de masa corporal<\/strong> o <strong>IMC<\/strong> y no hayas sabido decir de qu\u00e9 se trata exactamente. Sin embargo, te podemos asegurar que no es ning\u00fan procedimiento m\u00e9dico o quir\u00fargico para aumentar la musculatura corporal o algo parecido. \u00bfQuieres saber qu\u00e9 es exactamente?<\/p>\r\n\r\n\r\n\r\n<p style=\"text-align: justify;\">En la <a href=\"https:\/\/clinicacemeq.es\/estetica\/home\/\"><strong>cl\u00ednica est\u00e9tica en Valencia<\/strong><\/a> CEMEQ contamos con especialistas en el \u00e1rea de obesidad y nutrici\u00f3n y con amplios conocimientos sobre <strong>el\u00a0 IMC<\/strong> que deber\u00edas tener. Nuestro equipo te ayudar\u00e1 y te facilitar\u00e1 toda la informaci\u00f3n necesaria, as\u00ed como tambi\u00e9n compartir\u00e1n sus m\u00e9todos, consejos y muchas cosas m\u00e1s.<\/p>\r\n\r\n\r\n\r\n<p style=\"text-align: justify;\">Si te interesa el tema, te invito a que sigas leyendo y veas que<strong> saber todo lo necesario sobre el IMC<\/strong> es algo sencillo y pr\u00e1ctico.<\/p>\r\n\r\n\r\n\r\n<h2 class=\"wp-block-heading\" style=\"text-align: justify;\"><strong>\u00bfQu\u00e9 se entiende por sobrepeso?<\/strong><\/h2>\r\n\r\n\r\n\r\n<p style=\"text-align: justify;\">Antes de entrar en m\u00e1s detalle acerca del sobrepeso, hay que indicar que <strong>es una enfermedad <\/strong>que se est\u00e1 haciendo cada vez m\u00e1s presente en la poblaci\u00f3n mundial y nadie est\u00e1 exento de padecerla.<\/p>\r\n\r\n\r\n\r\n<p style=\"text-align: justify;\">Esta <strong>acumulaci\u00f3n anormal o excesiva de grasa<\/strong>, el mencionado sobrepeso, es perjudicial para la salud, pero \u00bfQu\u00e9 tiene que ver con el IMC? Pues que <strong>el sobrepeso se puede determinar a trav\u00e9s del IMC<\/strong>.<\/p>\r\n\r\n\r\n\r\n<h2 class=\"wp-block-heading\" style=\"text-align: justify;\"><strong>\u00bfQu\u00e9 se conoce como IMC?<\/strong><\/h2>\r\n\r\n\r\n\r\n<p style=\"text-align: justify;\">El <strong>IMC <\/strong>se trata de un <strong>n\u00famero <\/strong>que te ayuda a <strong>calcular tu peso ideal<\/strong> de acuerdo a tu estatura y edad a partir de una simple <strong>operaci\u00f3n matem\u00e1tica.<\/strong> Sencillo, \u00bfNo crees?<\/p>\r\n\r\n\r\n\r\n<p style=\"text-align: justify;\">Es importante resaltar que este \u00edndice no debe ser aplicado a ni\u00f1os o adolescentes durante su desarrollo si no es por un especialista que sepa interpretarlo. Para nosotros, su \u00fanica funci\u00f3n es la de <strong>calcular el peso ideal en<\/strong> <strong>personas mayores de dieciocho a\u00f1os.<\/strong><\/p>\r\n\r\n\r\n\r\n<p style=\"text-align: justify;\">Para el 80 % de la poblaci\u00f3n el IMC es un <strong>indicativo seguro<\/strong> para saber cu\u00e1ndo se est\u00e1 en sobrepeso o por debajo del peso indicado y se determina a trav\u00e9s de unas <strong>medidas preestablecidas<\/strong>, como se muestra a continuaci\u00f3n:<\/p>\r\n\r\n\r\n\r\n<p style=\"text-align: justify;\"><strong>\u00cdNDICE DE MASA CORPORAL (IMC)<\/strong><\/p>\r\n\r\n\r\n\r\n<p style=\"text-align: justify;\">MENOS DE 18 \u00a0 Peso por debajo de la normalidad<\/p>\r\n\r\n\r\n\r\n<p style=\"text-align: justify;\">DE 18 A 24,9\u00a0 \u00a0 \u00a0 Peso adecuado<\/p>\r\n\r\n\r\n\r\n<p style=\"text-align: justify;\">DE 25 A 29,9\u00a0 \u00a0 \u00a0 Sobrepeso<\/p>\r\n\r\n\r\n\r\n<p style=\"text-align: justify;\">M\u00c1S DE 30\u00a0 \u00a0 \u00a0 \u00a0 Obesidad<\/p>\r\n\r\n\r\n\r\n<p style=\"text-align: justify;\">Para calcular este \u00edndice o saber el peso ideal es bastante simple y f\u00e1cil: solo tendr\u00e1s que dividir el peso de la persona <strong>(tomando los kilogramos) <\/strong>entre la altura al cuadrado de la misma <strong>(tomando los metros)<\/strong>. Si te resulta complicado y a\u00fan tienes dudas, no te preocupes, a continuaci\u00f3n te mostramos un ejemplo explic\u00e1ndolo paso a paso:<\/p>\r\n\r\n\r\n\r\n<p style=\"text-align: justify;\">Digamos que Sof\u00eda pesa <strong>64 kg y mide 1.67 m.<\/strong><\/p>\r\n\r\n\r\n\r\n<ul style=\"text-align: justify;\">\r\n<li>Para sacar el cuadrado de su altura realizamos la siguiente operaci\u00f3n matem\u00e1tica <strong>1,67 x 1,67= 2,7889<\/strong><\/li>\r\n<li>Entonces, teniendo el cuadrado de la altura, procedemos a dividir <strong>64 kg \/ 2,7889 = 22,94<\/strong><\/li>\r\n<\/ul>\r\n\r\n\r\n\r\n<p style=\"text-align: justify;\">OBTENEMOS QUE EL IMC DE SOF\u00cdA ES 22,94.<\/p>\r\n\r\n\r\n\r\n<p style=\"text-align: justify;\">Ahora, tras comprobarlo en la tabla anterior, tenemos que, con un <strong>IMC de 22,94,<\/strong> Sof\u00eda tiene un <strong>peso adecuado<\/strong>.<\/p>\r\n\r\n\r\n\r\n<h2 class=\"wp-block-heading\" style=\"text-align: justify;\">\u00bfPara qu\u00e9 se utiliza el c\u00e1lculo de IMC?<\/h2>\r\n\r\n\r\n\r\n<p style=\"text-align: justify;\">El c\u00e1lculo obtenido por medio de la f\u00f3rmula sirve para identificar posibles problemas de salud en los adultos. No obstante, la funci\u00f3n principal del IMC no es esa, ya que <strong>solo con ese dato resulta insuficiente realizar un diagn\u00f3stico<\/strong>. Para confirmar un <strong>exceso o falta de peso <\/strong>se necesita una <strong>revisi\u00f3n exhaustiva<\/strong> por parte de alg\u00fan m\u00e9dico especializado.<\/p>\r\n\r\n\r\n\r\n<p style=\"text-align: justify;\">Explicado en otros t\u00e9rminos, siempre ser\u00e1 necesario <strong>realizar diferentes tipos de estudios<\/strong> en los cuales se eval\u00faan aspectos como el patr\u00f3n alimentario, la actividad f\u00edsica, antecedentes familiares y enfermedades, entre otros, de la persona afectada.<\/p>\r\n\r\n\r\n\r\n<p style=\"text-align: justify;\">Calcular el IMC es bastante \u00fatil para <strong>tener un conocimiento efectivo<\/strong> y saber si la persona, de entrada, se encuentra en un estado de sobrepeso o desnutrici\u00f3n, pero se debe tener en cuenta que este \u00edndice no se refiere a la masa o grasa en s\u00ed, sino que sencillamente <strong>se refiere al peso de una persona.<\/strong><\/p>\r\n\r\n\r\n\r\n<p style=\"text-align: justify;\">Adem\u00e1s, se debe estar al tanto en casos como el de los <strong>atletas de alto rendimiento,<\/strong> porque poseen niveles de masa mayores al resto de las personas. Por ello, <strong>la interpretaci\u00f3n del resultado de su IMC<\/strong> podr\u00eda arrojar como resultado que poseen sobrepeso, cuando realmente no es as\u00ed.<\/p>\r\n\r\n\r\n\r\n<p style=\"text-align: justify;\">De igual manera sucede en casos de <strong>mujeres embarazadas o personas mayores de 60 a\u00f1os<\/strong>, ya que se encuentran en situaciones espec\u00edficas en las cuales se deben <strong>aplicar otros par\u00e1metros y m\u00e9todos <\/strong>para poder calcular correctamente su IMC.<\/p>\r\n\r\n\r\n\r\n<h2 class=\"wp-block-heading\" style=\"text-align: justify;\">\u00bfC\u00f3mo interpretar el IMC?<\/h2>\r\n\r\n\r\n\r\n<p style=\"text-align: justify;\">Este c\u00e1lculo es el mismo para cualquier persona, sin embargo, para cada uno de nosotros hay que tener en cuenta diferentes <strong>criterios<\/strong>. Cada persona es distinta y el IMC debe adaptarse a ella.<\/p>\r\n\r\n\r\n\r\n<p style=\"text-align: justify;\">En personas <strong>mayores a veinticinco a\u00f1os<\/strong>, por lo general se utilizan <strong>propiedades predeterminadas<\/strong> enfocadas al nivel de peso, que suelen aplicarse para ambos g\u00e9neros.<\/p>\r\n\r\n\r\n\r\n<p style=\"text-align: justify;\">En cambio, con el resultado de este c\u00e1lculo <strong>en los m\u00e1s peque\u00f1os o incluso en los adolescentes<\/strong> suele variar el enfoque y el an\u00e1lisis se vuelve m\u00e1s <strong>espec\u00edfico<\/strong>, ya que los datos pueden ser muy distintos seg\u00fan la edad y el sexo. Para calcular el IMC de un ni\u00f1o se debe tener en cuenta que <strong>la cantidad de grasa corporal var\u00eda con la edad y el g\u00e9nero.<\/strong><\/p>\r\n\r\n\r\n\r\n<p style=\"text-align: justify;\">La<strong> interpretaci\u00f3n del IMC, para los ni\u00f1os y j\u00f3venes<\/strong>, se enfoca en esos y otros muchos rangos por parte de un especialista que analizar\u00e1 los resultados. Para los adultos, esta interpretaci\u00f3n solo en ocasiones engloba categor\u00edas de sexo, edad y peso, aunque por lo general se puede hacer una interpretaci\u00f3n somera y v\u00e1lida.<\/p>\r\n\r\n\r\n\r\n<h2 class=\"wp-block-heading\" style=\"text-align: justify;\">\u00bfQu\u00e9 factores se tienen en cuenta?<\/h2>\r\n\r\n\r\n\r\n<p style=\"text-align: justify;\">Antes de nada, hay que mencionar que la relaci\u00f3n que tiene el n\u00famero de <strong>IMC<\/strong> y el <strong>sobrepeso<\/strong> es formidable, sin embargo, la interpretaci\u00f3n de este dato <strong>var\u00eda seg\u00fan el sexo, el tipo de persona <\/strong>(deportistas, ancianos, embarazadas, etc.)<strong>, la edad, e incluso la etnia.<\/strong> Por ello, a continuaci\u00f3n, se muestran estos factores de relevancia:<\/p>\r\n\r\n\r\n\r\n<ul style=\"text-align: justify;\">\r\n<li>Sin importar que tengan el mismo n\u00famero de IMC, <strong>un hombre tendr\u00e1 menos grasa corporal que una mujer<\/strong>.<\/li>\r\n<li>Sin importar que tengan el mismo n\u00famero de IMC<strong>, los adultos mayores tienen mayor grasa corporal que los adultos m\u00e1s j\u00f3venes<\/strong>.<\/li>\r\n<li><strong>Los atletas de alto rendimiento<\/strong> obtienen un IMC bastante elevado y no significa que tengan mayor grasa, sino que ellos tienen m\u00e1s peso en masa corporal.<\/li>\r\n<\/ul>\r\n\r\n\r\n\r\n<p style=\"text-align: justify;\">As\u00ed pues, utilizar esta herramienta sirve como elemento determinante para identificar a tiempo <strong>ciertas patolog\u00edas asociadas con sobrepeso<\/strong>, sobre todo sumado a\u00a0 aspectos como:<\/p>\r\n\r\n\r\n\r\n<ul style=\"text-align: justify;\">\r\n<li>La<strong> circunferencia de la cintura, <\/strong>ya que la grasa acumulada en el abdomen puede ser una muestra de estas patolog\u00edas.<\/li>\r\n<li>Falta de <strong>ejercicio f\u00edsico, presi\u00f3n alta, colesterol alto o deficiencias similares.<\/strong><\/li>\r\n<\/ul>\r\n\r\n\r\n\r\n<h2 class=\"wp-block-heading\" style=\"text-align: justify;\">\u00bfC\u00f3mo calcular el IMC en ni\u00f1os?<\/h2>\r\n\r\n\r\n\r\n<p style=\"text-align: justify;\">El n\u00famero de IMC que se obtiene de una persona se toma para <strong>identificar de manera eficaz y r\u00e1pida su grasa corporal <\/strong>y poder catalogarla por bajo peso, sobrepeso u obesidad.<\/p>\r\n\r\n\r\n\r\n<p style=\"text-align: justify;\">Sin embargo, tanto las ni\u00f1as como los ni\u00f1os tienen divergencias a la hora de distribuir la grasa corporal y adem\u00e1s tambi\u00e9n var\u00eda continuamente y en momentos distintos, lo que quiere decir que <strong>no se puede usar un solo n\u00famero de IMC<\/strong> como normalmente se hace con los adultos.<\/p>\r\n\r\n\r\n\r\n<p style=\"text-align: justify;\">En el caso de ni\u00f1os y j\u00f3venes, <strong>se debe tener en cuenta el crecimiento, el adecuado desarrollo y su edad para saber si est\u00e1n o no en su peso acorde.<\/strong><\/p>\r\n\r\n\r\n\r\n<p style=\"text-align: justify;\">Para obtener este c\u00e1lculo, el especialista debe <strong>medir la estatura, <\/strong>as\u00ed como tambi\u00e9n <strong>tener en cuenta el peso del ni\u00f1o<\/strong> sin zapatos ni ropa pesada. A continuaci\u00f3n, procede a calcular el <strong>IMC<\/strong> de acuerdo con la f\u00f3rmula que ya conocemos:<\/p>\r\n\r\n\r\n\r\n<p style=\"text-align: justify;\">IMC = Peso (kg) \/ altura (m)<sup>2<\/sup><\/p>\r\n\r\n\r\n\r\n<p style=\"text-align: justify;\">Ejemplo:<\/p>\r\n\r\n\r\n\r\n<p style=\"text-align: justify;\">Altura: 152 cm (1,52 m).<\/p>\r\n\r\n\r\n\r\n<p style=\"text-align: justify;\">Peso: 43 kg<\/p>\r\n\r\n\r\n\r\n<p style=\"text-align: justify;\">C\u00e1lculo: 43 \u00f7 1,52<sup>2<\/sup> (2,3104) = 18,61<\/p>\r\n\r\n\r\n\r\n<p style=\"text-align: justify;\">Al obtener ese n\u00famero se compara con el resultado de <strong>los dem\u00e1s ni\u00f1os que tambi\u00e9n tengan la misma edad y hasta el mismo g\u00e9nero<\/strong>. Luego, se establece el <strong>percentil <\/strong>del IMC.<\/p>\r\n\r\n\r\n\r\n<p style=\"text-align: justify;\">Este percentil es un n\u00famero que se obtiene y compara con una <strong>gr\u00e1fica de crecimiento estandarizado<\/strong> por los pediatras. Si deseas saber m\u00e1s, puedes comunicarte con nuestros especialistas, quienes se encargar\u00e1n de proporcionarte toda la informaci\u00f3n necesaria.<\/p>\r\n\r\n\r\n\r\n\r\n\r\n<h2 class=\"wp-block-heading\" style=\"text-align: justify;\">\u00bfEst\u00e1s en un IMC alto? 1\u00aa Consulta gratuita &#8211; Pide cita<\/h2>\r\n\r\n\r\n\r\n<p style=\"text-align: justify;\">Si quieres m\u00e1s informaci\u00f3n sobre el IMC, c\u00f3mo calcularlo o cualquier otra duda que puedas tener con respecto a este tema, te invitamos a que acudas a nuestra<a href=\"https:\/\/clinicacemeq.es\/estetica\/home\/\"><strong> cl\u00ednica est\u00e9tica.<\/strong><\/a>Contamos con un equipo especializado en tratamientos contra la obesidad como el<strong><a href=\"https:\/\/clinicacemeq.es\/estetica\/2023\/02\/02\/balon-gastrico-que-es-tipos-y-precio\/\"> bal\u00f3n g\u00e1strico<\/a><\/strong>.\u00a0 Lo \u00fanico que debes hacer es <strong>visitarnos o concretar una cita con alguno de nuestros especialistas<\/strong>. Ahora te preguntamos, \u00bfA qu\u00e9 esperas para ponerte en <a href=\"https:\/\/clinicacemeq.es\/estetica\/contacto\/\"><strong>contacto con nosotros<\/strong><\/a>? \u00a1Estamos esper\u00e1ndote!<\/p>\r\n\r\n\r\n\r\n\r\n\r\n\r\n","protected":false},"excerpt":{"rendered":"<p>Es posible que en diversas ocasiones hayas o\u00eddo hablar sobre el \u00edndice de masa corporal o IMC y no hayas sabido decir de qu\u00e9 se trata exactamente. Sin embargo, te podemos asegurar que no es ning\u00fan procedimiento m\u00e9dico o quir\u00fargico para aumentar la musculatura corporal o algo parecido. \u00bfQuieres saber qu\u00e9 es exactamente? En la [&#8230;]\n","protected":false},"author":2,"featured_media":1591,"comment_status":"closed","ping_status":"closed","sticky":false,"template":"","format":"standard","meta":{"footnotes":""},"categories":[1],"tags":[],"yoast_head":"<!-- This site is optimized with the Yoast SEO Premium plugin v18.3 (Yoast SEO v24.5) - https:\/\/yoast.com\/wordpress\/plugins\/seo\/ -->\n<title>IMC: \u00bfQu\u00e9 es? \u00bfPara qu\u00e9 se utiliza? - Cl\u00ednica Est\u00e9tica CEMEQ<\/title>\n<meta name=\"description\" content=\"Te contamos que es el IMC y como calcularlo. Descubre todos los tratamientos de p\u00e9rdida de peso en nuestra cl\u00ednica est\u00e9tica.\" \/>\n<meta name=\"robots\" content=\"index, follow, max-snippet:-1, max-image-preview:large, max-video-preview:-1\" \/>\n<link rel=\"canonical\" href=\"https:\/\/clinicacemeq.es\/estetica\/2020\/03\/25\/imc-que-es-como-se-calcula-para-que-se-utiliza\/\" \/>\n<meta property=\"og:locale\" content=\"es_ES\" \/>\n<meta property=\"og:type\" content=\"article\" \/>\n<meta property=\"og:title\" content=\"IMC: \u00bfQu\u00e9 es? \u00bfPara qu\u00e9 se utiliza?\" \/>\n<meta property=\"og:description\" content=\"Te contamos que es el IMC y como calcularlo. Descubre todos los tratamientos de p\u00e9rdida de peso en nuestra cl\u00ednica est\u00e9tica.\" \/>\n<meta property=\"og:url\" content=\"https:\/\/clinicacemeq.es\/estetica\/2020\/03\/25\/imc-que-es-como-se-calcula-para-que-se-utiliza\/\" \/>\n<meta property=\"og:site_name\" content=\"Cl\u00ednica Est\u00e9tica CEMEQ\" \/>\n<meta property=\"article:published_time\" content=\"2020-03-25T15:00:11+00:00\" \/>\n<meta property=\"article:modified_time\" content=\"2023-03-27T17:51:03+00:00\" \/>\n<meta property=\"og:image\" content=\"https:\/\/clinicacemeq.es\/estetica\/wp-content\/uploads\/2020\/03\/Fotos-6-e1677138259256.jpg\" \/>\n\t<meta property=\"og:image:width\" content=\"198\" \/>\n\t<meta property=\"og:image:height\" content=\"118\" \/>\n\t<meta property=\"og:image:type\" content=\"image\/jpeg\" \/>\n<meta name=\"author\" content=\"Federico Mahiques\" \/>\n<meta name=\"twitter:card\" content=\"summary_large_image\" \/>\n<meta name=\"twitter:label1\" content=\"Escrito por\" \/>\n\t<meta name=\"twitter:data1\" content=\"Federico Mahiques\" \/>\n\t<meta name=\"twitter:label2\" content=\"Tiempo de lectura\" \/>\n\t<meta name=\"twitter:data2\" content=\"7 minutos\" \/>\n<script type=\"application\/ld+json\" class=\"yoast-schema-graph\">{\"@context\":\"https:\/\/schema.org\",\"@graph\":[{\"@type\":[\"WebPage\",\"ItemPage\"],\"@id\":\"https:\/\/clinicacemeq.es\/estetica\/2020\/03\/25\/imc-que-es-como-se-calcula-para-que-se-utiliza\/\",\"url\":\"https:\/\/clinicacemeq.es\/estetica\/2020\/03\/25\/imc-que-es-como-se-calcula-para-que-se-utiliza\/\",\"name\":\"IMC: \u00bfQu\u00e9 es? \u00bfPara qu\u00e9 se utiliza? - Cl\u00ednica Est\u00e9tica CEMEQ\",\"isPartOf\":{\"@id\":\"https:\/\/clinicacemeq.es\/estetica\/#website\"},\"primaryImageOfPage\":{\"@id\":\"https:\/\/clinicacemeq.es\/estetica\/2020\/03\/25\/imc-que-es-como-se-calcula-para-que-se-utiliza\/#primaryimage\"},\"image\":{\"@id\":\"https:\/\/clinicacemeq.es\/estetica\/2020\/03\/25\/imc-que-es-como-se-calcula-para-que-se-utiliza\/#primaryimage\"},\"thumbnailUrl\":\"https:\/\/clinicacemeq.es\/estetica\/wp-content\/uploads\/2020\/03\/Fotos-6-e1677138259256.jpg\",\"datePublished\":\"2020-03-25T15:00:11+00:00\",\"dateModified\":\"2023-03-27T17:51:03+00:00\",\"author\":{\"@id\":\"https:\/\/clinicacemeq.es\/estetica\/#\/schema\/person\/970b971cfb22127a85928078e5d97fcf\"},\"description\":\"Te contamos que es el IMC y como calcularlo. Descubre todos los tratamientos de p\u00e9rdida de peso en nuestra cl\u00ednica est\u00e9tica.\",\"breadcrumb\":{\"@id\":\"https:\/\/clinicacemeq.es\/estetica\/2020\/03\/25\/imc-que-es-como-se-calcula-para-que-se-utiliza\/#breadcrumb\"},\"inLanguage\":\"es\",\"potentialAction\":[{\"@type\":\"ReadAction\",\"target\":[\"https:\/\/clinicacemeq.es\/estetica\/2020\/03\/25\/imc-que-es-como-se-calcula-para-que-se-utiliza\/\"]}]},{\"@type\":\"ImageObject\",\"inLanguage\":\"es\",\"@id\":\"https:\/\/clinicacemeq.es\/estetica\/2020\/03\/25\/imc-que-es-como-se-calcula-para-que-se-utiliza\/#primaryimage\",\"url\":\"https:\/\/clinicacemeq.es\/estetica\/wp-content\/uploads\/2020\/03\/Fotos-6-e1677138259256.jpg\",\"contentUrl\":\"https:\/\/clinicacemeq.es\/estetica\/wp-content\/uploads\/2020\/03\/Fotos-6-e1677138259256.jpg\",\"width\":198,\"height\":118,\"caption\":\"IMC\"},{\"@type\":\"BreadcrumbList\",\"@id\":\"https:\/\/clinicacemeq.es\/estetica\/2020\/03\/25\/imc-que-es-como-se-calcula-para-que-se-utiliza\/#breadcrumb\",\"itemListElement\":[{\"@type\":\"ListItem\",\"position\":1,\"name\":\"Portada\",\"item\":\"https:\/\/clinicacemeq.es\/estetica\/\"},{\"@type\":\"ListItem\",\"position\":2,\"name\":\"IMC: \u00bfQu\u00e9 es? \u00bfPara qu\u00e9 se utiliza?\"}]},{\"@type\":\"WebSite\",\"@id\":\"https:\/\/clinicacemeq.es\/estetica\/#website\",\"url\":\"https:\/\/clinicacemeq.es\/estetica\/\",\"name\":\"Cl\u00ednica Est\u00e9tica CEMEQ\",\"description\":\"Medicina est\u00e9tica \u0131 Cirug\u00eda Est\u00e9tica \u0131 Cl\u00ednica Dental \u0131 Unidad Capilar \u0131 Unidad de Obesidad\",\"potentialAction\":[{\"@type\":\"SearchAction\",\"target\":{\"@type\":\"EntryPoint\",\"urlTemplate\":\"https:\/\/clinicacemeq.es\/estetica\/?s={search_term_string}\"},\"query-input\":{\"@type\":\"PropertyValueSpecification\",\"valueRequired\":true,\"valueName\":\"search_term_string\"}}],\"inLanguage\":\"es\"},{\"@type\":\"Person\",\"@id\":\"https:\/\/clinicacemeq.es\/estetica\/#\/schema\/person\/970b971cfb22127a85928078e5d97fcf\",\"name\":\"Federico Mahiques\",\"image\":{\"@type\":\"ImageObject\",\"inLanguage\":\"es\",\"@id\":\"https:\/\/clinicacemeq.es\/estetica\/#\/schema\/person\/image\/\",\"url\":\"https:\/\/secure.gravatar.com\/avatar\/2eb8af16608046630259421df61b19a9?s=96&d=mm&r=g\",\"contentUrl\":\"https:\/\/secure.gravatar.com\/avatar\/2eb8af16608046630259421df61b19a9?s=96&d=mm&r=g\",\"caption\":\"Federico Mahiques\"},\"url\":\"https:\/\/clinicacemeq.es\/estetica\/author\/clinica-cemeq\/\"}]}<\/script>\n<!-- \/ Yoast SEO Premium plugin. -->","yoast_head_json":{"title":"IMC: \u00bfQu\u00e9 es? \u00bfPara qu\u00e9 se utiliza? - Cl\u00ednica Est\u00e9tica CEMEQ","description":"Te contamos que es el IMC y como calcularlo. Descubre todos los tratamientos de p\u00e9rdida de peso en nuestra cl\u00ednica est\u00e9tica.","robots":{"index":"index","follow":"follow","max-snippet":"max-snippet:-1","max-image-preview":"max-image-preview:large","max-video-preview":"max-video-preview:-1"},"canonical":"https:\/\/clinicacemeq.es\/estetica\/2020\/03\/25\/imc-que-es-como-se-calcula-para-que-se-utiliza\/","og_locale":"es_ES","og_type":"article","og_title":"IMC: \u00bfQu\u00e9 es? \u00bfPara qu\u00e9 se utiliza?","og_description":"Te contamos que es el IMC y como calcularlo. Descubre todos los tratamientos de p\u00e9rdida de peso en nuestra cl\u00ednica est\u00e9tica.","og_url":"https:\/\/clinicacemeq.es\/estetica\/2020\/03\/25\/imc-que-es-como-se-calcula-para-que-se-utiliza\/","og_site_name":"Cl\u00ednica Est\u00e9tica CEMEQ","article_published_time":"2020-03-25T15:00:11+00:00","article_modified_time":"2023-03-27T17:51:03+00:00","og_image":[{"width":198,"height":118,"url":"https:\/\/clinicacemeq.es\/estetica\/wp-content\/uploads\/2020\/03\/Fotos-6-e1677138259256.jpg","type":"image\/jpeg"}],"author":"Federico Mahiques","twitter_card":"summary_large_image","twitter_misc":{"Escrito por":"Federico Mahiques","Tiempo de lectura":"7 minutos"},"schema":{"@context":"https:\/\/schema.org","@graph":[{"@type":["WebPage","ItemPage"],"@id":"https:\/\/clinicacemeq.es\/estetica\/2020\/03\/25\/imc-que-es-como-se-calcula-para-que-se-utiliza\/","url":"https:\/\/clinicacemeq.es\/estetica\/2020\/03\/25\/imc-que-es-como-se-calcula-para-que-se-utiliza\/","name":"IMC: \u00bfQu\u00e9 es? \u00bfPara qu\u00e9 se utiliza? - Cl\u00ednica Est\u00e9tica CEMEQ","isPartOf":{"@id":"https:\/\/clinicacemeq.es\/estetica\/#website"},"primaryImageOfPage":{"@id":"https:\/\/clinicacemeq.es\/estetica\/2020\/03\/25\/imc-que-es-como-se-calcula-para-que-se-utiliza\/#primaryimage"},"image":{"@id":"https:\/\/clinicacemeq.es\/estetica\/2020\/03\/25\/imc-que-es-como-se-calcula-para-que-se-utiliza\/#primaryimage"},"thumbnailUrl":"https:\/\/clinicacemeq.es\/estetica\/wp-content\/uploads\/2020\/03\/Fotos-6-e1677138259256.jpg","datePublished":"2020-03-25T15:00:11+00:00","dateModified":"2023-03-27T17:51:03+00:00","author":{"@id":"https:\/\/clinicacemeq.es\/estetica\/#\/schema\/person\/970b971cfb22127a85928078e5d97fcf"},"description":"Te contamos que es el IMC y como calcularlo. Descubre todos los tratamientos de p\u00e9rdida de peso en nuestra cl\u00ednica est\u00e9tica.","breadcrumb":{"@id":"https:\/\/clinicacemeq.es\/estetica\/2020\/03\/25\/imc-que-es-como-se-calcula-para-que-se-utiliza\/#breadcrumb"},"inLanguage":"es","potentialAction":[{"@type":"ReadAction","target":["https:\/\/clinicacemeq.es\/estetica\/2020\/03\/25\/imc-que-es-como-se-calcula-para-que-se-utiliza\/"]}]},{"@type":"ImageObject","inLanguage":"es","@id":"https:\/\/clinicacemeq.es\/estetica\/2020\/03\/25\/imc-que-es-como-se-calcula-para-que-se-utiliza\/#primaryimage","url":"https:\/\/clinicacemeq.es\/estetica\/wp-content\/uploads\/2020\/03\/Fotos-6-e1677138259256.jpg","contentUrl":"https:\/\/clinicacemeq.es\/estetica\/wp-content\/uploads\/2020\/03\/Fotos-6-e1677138259256.jpg","width":198,"height":118,"caption":"IMC"},{"@type":"BreadcrumbList","@id":"https:\/\/clinicacemeq.es\/estetica\/2020\/03\/25\/imc-que-es-como-se-calcula-para-que-se-utiliza\/#breadcrumb","itemListElement":[{"@type":"ListItem","position":1,"name":"Portada","item":"https:\/\/clinicacemeq.es\/estetica\/"},{"@type":"ListItem","position":2,"name":"IMC: \u00bfQu\u00e9 es? \u00bfPara qu\u00e9 se utiliza?"}]},{"@type":"WebSite","@id":"https:\/\/clinicacemeq.es\/estetica\/#website","url":"https:\/\/clinicacemeq.es\/estetica\/","name":"Cl\u00ednica Est\u00e9tica CEMEQ","description":"Medicina est\u00e9tica \u0131 Cirug\u00eda Est\u00e9tica \u0131 Cl\u00ednica Dental \u0131 Unidad Capilar \u0131 Unidad de Obesidad","potentialAction":[{"@type":"SearchAction","target":{"@type":"EntryPoint","urlTemplate":"https:\/\/clinicacemeq.es\/estetica\/?s={search_term_string}"},"query-input":{"@type":"PropertyValueSpecification","valueRequired":true,"valueName":"search_term_string"}}],"inLanguage":"es"},{"@type":"Person","@id":"https:\/\/clinicacemeq.es\/estetica\/#\/schema\/person\/970b971cfb22127a85928078e5d97fcf","name":"Federico Mahiques","image":{"@type":"ImageObject","inLanguage":"es","@id":"https:\/\/clinicacemeq.es\/estetica\/#\/schema\/person\/image\/","url":"https:\/\/secure.gravatar.com\/avatar\/2eb8af16608046630259421df61b19a9?s=96&d=mm&r=g","contentUrl":"https:\/\/secure.gravatar.com\/avatar\/2eb8af16608046630259421df61b19a9?s=96&d=mm&r=g","caption":"Federico Mahiques"},"url":"https:\/\/clinicacemeq.es\/estetica\/author\/clinica-cemeq\/"}]}},"_links":{"self":[{"href":"https:\/\/clinicacemeq.es\/estetica\/wp-json\/wp\/v2\/posts\/500"}],"collection":[{"href":"https:\/\/clinicacemeq.es\/estetica\/wp-json\/wp\/v2\/posts"}],"about":[{"href":"https:\/\/clinicacemeq.es\/estetica\/wp-json\/wp\/v2\/types\/post"}],"author":[{"embeddable":true,"href":"https:\/\/clinicacemeq.es\/estetica\/wp-json\/wp\/v2\/users\/2"}],"replies":[{"embeddable":true,"href":"https:\/\/clinicacemeq.es\/estetica\/wp-json\/wp\/v2\/comments?post=500"}],"version-history":[{"count":4,"href":"https:\/\/clinicacemeq.es\/estetica\/wp-json\/wp\/v2\/posts\/500\/revisions"}],"predecessor-version":[{"id":8875,"href":"https:\/\/clinicacemeq.es\/estetica\/wp-json\/wp\/v2\/posts\/500\/revisions\/8875"}],"wp:featuredmedia":[{"embeddable":true,"href":"https:\/\/clinicacemeq.es\/estetica\/wp-json\/wp\/v2\/media\/1591"}],"wp:attachment":[{"href":"https:\/\/clinicacemeq.es\/estetica\/wp-json\/wp\/v2\/media?parent=500"}],"wp:term":[{"taxonomy":"category","embeddable":true,"href":"https:\/\/clinicacemeq.es\/estetica\/wp-json\/wp\/v2\/categories?post=500"},{"taxonomy":"post_tag","embeddable":true,"href":"https:\/\/clinicacemeq.es\/estetica\/wp-json\/wp\/v2\/tags?post=500"}],"curies":[{"name":"wp","href":"https:\/\/api.w.org\/{rel}","templated":true}]}}