{"id":4882,"date":"2022-10-04T12:56:57","date_gmt":"2022-10-04T12:56:57","guid":{"rendered":"https:\/\/clinicacemeq.es\/estetica\/?p=4882"},"modified":"2024-06-25T15:33:18","modified_gmt":"2024-06-25T15:33:18","slug":"mitos-sobre-el-microinjerto-capilar","status":"publish","type":"post","link":"https:\/\/clinicacemeq.es\/estetica\/2022\/10\/04\/mitos-sobre-el-microinjerto-capilar\/","title":{"rendered":"Mitos sobre el microinjerto capilar"},"content":{"rendered":"\n\n<div class=\"kk-star-ratings kksr-auto kksr-align-left kksr-valign-top\"\n    data-payload='{&quot;align&quot;:&quot;left&quot;,&quot;id&quot;:&quot;4882&quot;,&quot;slug&quot;:&quot;default&quot;,&quot;valign&quot;:&quot;top&quot;,&quot;ignore&quot;:&quot;&quot;,&quot;reference&quot;:&quot;auto&quot;,&quot;class&quot;:&quot;&quot;,&quot;count&quot;:&quot;0&quot;,&quot;legendonly&quot;:&quot;&quot;,&quot;readonly&quot;:&quot;&quot;,&quot;score&quot;:&quot;0&quot;,&quot;starsonly&quot;:&quot;&quot;,&quot;best&quot;:&quot;5&quot;,&quot;gap&quot;:&quot;5&quot;,&quot;greet&quot;:&quot;Valora esta publicaci\u00f3n \ud83d\ude09&quot;,&quot;legend&quot;:&quot;0\\\/5 - (0 votos)&quot;,&quot;size&quot;:&quot;24&quot;,&quot;title&quot;:&quot;Mitos sobre el microinjerto capilar&quot;,&quot;width&quot;:&quot;0&quot;,&quot;_legend&quot;:&quot;{score}\\\/{best} - ({count} {votes})&quot;,&quot;font_factor&quot;:&quot;1.25&quot;}'>\n            \n<div class=\"kksr-stars\">\n    \n<div class=\"kksr-stars-inactive\">\n            <div class=\"kksr-star\" data-star=\"1\" style=\"padding-right: 5px\">\n            \n\n<div class=\"kksr-icon\" style=\"width: 24px; height: 24px;\"><\/div>\n        <\/div>\n            <div class=\"kksr-star\" data-star=\"2\" style=\"padding-right: 5px\">\n            \n\n<div class=\"kksr-icon\" style=\"width: 24px; height: 24px;\"><\/div>\n        <\/div>\n            <div class=\"kksr-star\" data-star=\"3\" style=\"padding-right: 5px\">\n            \n\n<div class=\"kksr-icon\" style=\"width: 24px; height: 24px;\"><\/div>\n        <\/div>\n            <div class=\"kksr-star\" data-star=\"4\" style=\"padding-right: 5px\">\n            \n\n<div class=\"kksr-icon\" style=\"width: 24px; height: 24px;\"><\/div>\n        <\/div>\n            <div class=\"kksr-star\" data-star=\"5\" style=\"padding-right: 5px\">\n            \n\n<div class=\"kksr-icon\" style=\"width: 24px; height: 24px;\"><\/div>\n        <\/div>\n    <\/div>\n    \n<div class=\"kksr-stars-active\" style=\"width: 0px;\">\n            <div class=\"kksr-star\" style=\"padding-right: 5px\">\n            \n\n<div class=\"kksr-icon\" style=\"width: 24px; height: 24px;\"><\/div>\n        <\/div>\n            <div class=\"kksr-star\" style=\"padding-right: 5px\">\n            \n\n<div class=\"kksr-icon\" style=\"width: 24px; height: 24px;\"><\/div>\n        <\/div>\n            <div class=\"kksr-star\" style=\"padding-right: 5px\">\n            \n\n<div class=\"kksr-icon\" style=\"width: 24px; height: 24px;\"><\/div>\n        <\/div>\n            <div class=\"kksr-star\" style=\"padding-right: 5px\">\n            \n\n<div class=\"kksr-icon\" style=\"width: 24px; height: 24px;\"><\/div>\n        <\/div>\n            <div class=\"kksr-star\" style=\"padding-right: 5px\">\n            \n\n<div class=\"kksr-icon\" style=\"width: 24px; height: 24px;\"><\/div>\n        <\/div>\n    <\/div>\n<\/div>\n                \n\n<div class=\"kksr-legend\" style=\"font-size: 19.2px;\">\n            <span class=\"kksr-muted\">Valora esta publicaci\u00f3n \ud83d\ude09<\/span>\n    <\/div>\n    <\/div>\n<p>El microinjerto capilar se ha convertido en la soluci\u00f3n m\u00e1s demandada hoy en d\u00eda para combatir la alopecia. Este tratamiento permite recuperar el pelo perdido y volver a lucir un aspecto m\u00e1s joven y atractivo. No obstante, a\u00fan quedan muchos mitos.\u00a0 Te contamos todo sobre este tratamiento \u00a1Sigue leyendo!<\/p>\n<h2>\u00bfQu\u00e9 es el microinjerto capilar?<\/h2>\n<p>El <strong><a href=\"https:\/\/clinicacemeq.es\/estetica\/2023\/01\/24\/eficacia-del-microinjerto-capilar\/\">microinjerto capilar<\/a><\/strong> es una t\u00e9cnica quir\u00fargica cuyo objetivo es repoblar con pelo zonas donde se presenta alopecia o ca\u00edda intensa de cabello.Con esta t\u00e9cnica se utiliza el propio pelo del paciente, y se realiza con anestesia local. Las principales ventajas del<strong> injerto de pelo\u00a0<\/strong> son:<\/p>\n<ul>\n<li>Resultados duraderos<\/li>\n<li>Intervenci\u00f3n sencilla<\/li>\n<li>Solo requiere anestesia local<\/li>\n<li>Apto para hombres y mujeres<\/li>\n<li>Apto para todo tipo de alopecias<\/li>\n<\/ul>\n<h2>Mitos del microinjerto capilar<\/h2>\n<h3>El microinjerto capilar en cosa de hombres<\/h3>\n<p>El <strong>microinjerto capilar<\/strong> es una soluci\u00f3n para hombres y mujeres. Su aplicaci\u00f3n depende de si la patolog\u00eda del paciente es apta o no para esta cirug\u00eda.<\/p>\n<h3>El pelo trasplantado se termina cayendo<\/h3>\n<p>Falso. El pelo trasplantado no cae. Gracias a su c\u00f3digo gen\u00e9tico, el pelo trasplantado no caer\u00e1. Nuestro especialista en<strong> injerto de pelo<\/strong> en una primera valoraci\u00f3n gratuita analizar\u00e1 el estado inicial del paciente e informar\u00e1 sobre los cuidados necesarios tras el <strong><a href=\"https:\/\/clinicacemeq.es\/estetica\/2023\/01\/24\/eficacia-del-microinjerto-capilar\/\">trasplante capilar en Valencia.<\/a><\/strong><\/p>\n<p><!--HubSpot Call-to-Action Code --><span id=\"hs-cta-wrapper-9ce05511-1cdc-41bc-ba36-9d40d82336bd\" class=\"hs-cta-wrapper\"><span id=\"hs-cta-9ce05511-1cdc-41bc-ba36-9d40d82336bd\" class=\"hs-cta-node hs-cta-9ce05511-1cdc-41bc-ba36-9d40d82336bd\"><!-- [if lte IE 8]>\n\n\n<div id=\"hs-cta-ie-element\"><\/div>\n\n\n<![endif]--><a href=\"https:\/\/hubspot-cta-redirect-eu1-prod.s3.amazonaws.com\/cta\/redirect\/25939375\/9ce05511-1cdc-41bc-ba36-9d40d82336bd\" target=\"_blank\" rel=\"noopener\"><img loading=\"lazy\" decoding=\"async\" id=\"hs-cta-img-9ce05511-1cdc-41bc-ba36-9d40d82336bd\" class=\"hs-cta-img aligncenter\" style=\"border-width: 0px;\" src=\"https:\/\/hubspot-no-cache-eu1-prod.s3.amazonaws.com\/cta\/default\/25939375\/9ce05511-1cdc-41bc-ba36-9d40d82336bd.png\" alt=\"Resultado permanente y natural\" width=\"663\" height=\"199\" \/><\/a><\/span><\/span><!-- end HubSpot Call-to-Action Code --><\/p>\n<h3>El trasplante capilar en valencia es doloroso<\/h3>\n<p>Falso. La cirug\u00eda de <strong><a href=\"https:\/\/clinicacemeq.es\/estetica\/2023\/01\/24\/eficacia-del-microinjerto-capilar\/\">microinjerto capilar<\/a><\/strong>, es sencilla y se realiza de forma ambulatoria. Adem\u00e1s, con la t\u00e9cnica FUE no dejar\u00e1 cicatrices visibles solo peque\u00f1as marcas que igualmente son imperceptibles.<\/p>\n<h3>No siempre es posible el microinjerto capilar<\/h3>\n<p>Falso. En casi el 99% de casos de alopecia es viable el microinjerto capilar.En el caso de las mujeres es necesario un an\u00e1lisis capilar y diagn\u00f3stico previo.\u00a0 La edad m\u00ednima para realizar el\u00a0 tratamiento es de 18 a\u00f1os.<\/p>\n<h3>El trasplante capilar en Valencia es caro<\/h3>\n<p>El precio medio de <strong>microinjerto capilar<\/strong> en Valencia oscila 2.000\u202f\u20ac-6.000\u202f\u20ac.\u00a0 \u00a0Actualmente, son muchas las personas que deciden someterse a un <a href=\"https:\/\/clinicacemeq.es\/estetica\/2023\/01\/24\/eficacia-del-microinjerto-capilar\/\"><strong>injerto de pelo<\/strong> <\/a>en otros pa\u00edses con precios m\u00e1s econ\u00f3micos, sin embargo,\u00a0 no brindan resultados efectivos ni un servicio completo. En nuestra <a href=\"https:\/\/clinicacemeq.es\/estetica\/micro-injerto-capilar\/\"><strong>cl\u00ednica\u00a0 capilar en Valencia<\/strong><\/a> contamos con el mejor precio del trasplante capilar Valencia. Nuestro precio es de 61,46 \u20ac\/mes\u00a0 (sin l\u00edmite de fol\u00edculos) y con financiaci\u00f3n a medida.<\/p>\n<h2>Mesoterapia capilar: Frena la ca\u00edda del cabello<\/h2>\n<p>Uno de los tratamientos m\u00e1s demandados en nuestra<strong> cl\u00ednica capilar<\/strong> es la mesoterapia capilar. Este tratamiento consiste en peque\u00f1as inyecciones, totalmente indoloras. Entre los beneficios de la mesoterapia capilar destacamos:<\/p>\n<ul>\n<li>Potencia la velocidad del crecimiento del cabello<\/li>\n<li>Repara las fibras da\u00f1adas<\/li>\n<li>Aporta mayor grosor al cabello<\/li>\n<\/ul>\n<p>En CEMEQ contamos con el mejor <strong>precio de mesoterapia capilar<\/strong>. En una primera valoraci\u00f3n, nuestro especialista en<strong><a href=\"https:\/\/clinicacemeq.es\/estetica\/2023\/01\/24\/eficacia-del-microinjerto-capilar\/\"> trasplante capilar\u00a0 en Valencia,<\/a><\/strong> te ofrece toda la informaci\u00f3n sobre el tratamiento y sus beneficios.<\/p>\n<h2>Especialistas en Trasplante capilar Valencia<\/h2>\n<p>Como hemos podido observar a lo largo del post, el <a href=\"https:\/\/clinicacemeq.es\/estetica\/2023\/01\/24\/eficacia-del-microinjerto-capilar\/\"><strong>microinjerto capilar<\/strong><\/a> es uno de los tratamientos que mejores resultados ofrece en pacientes que sufren p\u00e9rdida de cabello.<\/p>\n<p>\u00bfA qu\u00e9 esperas? Recupera tu pelo. En nuestra<a href=\"https:\/\/clinicacemeq.es\/estetica\/micro-injerto-capilar\/\"><strong> cl\u00ednica capilar<\/strong> <\/a>contamos con especialistas en<a href=\"https:\/\/clinicacemeq.es\/estetica\/2023\/01\/24\/eficacia-del-microinjerto-capilar\/\"><strong> trasplante capilar en Valencia <\/strong><\/a>experimentados con los \u00faltimos avances del sector. Nuestros tratamientos capilares est\u00e1n dirigidos a frenar la alopecia y a ofrecer los resultados esperados a nuestros pacientes.<a href=\"https:\/\/clinicacemeq.es\/estetica\/contacto\/\"><strong> Pide cita ya. Primera valoraci\u00f3n gratuita AQU\u00cd.<\/strong><\/a><\/p>\n<p>&nbsp;<\/p>\n","protected":false},"excerpt":{"rendered":"<p>El microinjerto capilar se ha convertido en la soluci\u00f3n m\u00e1s demandada hoy en d\u00eda para combatir la alopecia. Este tratamiento permite recuperar el pelo perdido y volver a lucir un aspecto m\u00e1s joven y atractivo. No obstante, a\u00fan quedan muchos mitos.\u00a0 Te contamos todo sobre este tratamiento \u00a1Sigue leyendo! \u00bfQu\u00e9 es el microinjerto capilar? El [&#8230;]\n","protected":false},"author":2,"featured_media":4883,"comment_status":"open","ping_status":"open","sticky":false,"template":"","format":"standard","meta":{"footnotes":""},"categories":[138,1],"tags":[],"yoast_head":"<!-- This site is optimized with the Yoast SEO Premium plugin v18.3 (Yoast SEO v24.5) - https:\/\/yoast.com\/wordpress\/plugins\/seo\/ -->\n<title>Mitos sobre el microinjerto capilar - Cl\u00ednica Est\u00e9tica CEMEQ<\/title>\n<meta name=\"description\" content=\"Te contamos todo los mitos acerca del microinjerto capilar, uno de los tratamientos mas demandados en nuestra cl\u00ednica Valencia.\" \/>\n<meta name=\"robots\" content=\"index, follow, max-snippet:-1, max-image-preview:large, max-video-preview:-1\" \/>\n<link rel=\"canonical\" href=\"https:\/\/clinicacemeq.es\/estetica\/2022\/10\/04\/mitos-sobre-el-microinjerto-capilar\/\" \/>\n<meta property=\"og:locale\" content=\"es_ES\" \/>\n<meta property=\"og:type\" content=\"article\" \/>\n<meta property=\"og:title\" content=\"Mitos sobre el microinjerto capilar\" \/>\n<meta property=\"og:description\" content=\"Te contamos todo los mitos acerca del microinjerto capilar, uno de los tratamientos mas demandados en nuestra cl\u00ednica Valencia.\" \/>\n<meta property=\"og:url\" content=\"https:\/\/clinicacemeq.es\/estetica\/2022\/10\/04\/mitos-sobre-el-microinjerto-capilar\/\" \/>\n<meta property=\"og:site_name\" content=\"Cl\u00ednica Est\u00e9tica CEMEQ\" \/>\n<meta property=\"article:published_time\" content=\"2022-10-04T12:56:57+00:00\" \/>\n<meta property=\"article:modified_time\" content=\"2024-06-25T15:33:18+00:00\" \/>\n<meta property=\"og:image\" content=\"https:\/\/clinicacemeq.es\/estetica\/wp-content\/uploads\/2022\/10\/microinjerto-capilar-2.jpg\" \/>\n\t<meta property=\"og:image:width\" content=\"1000\" \/>\n\t<meta property=\"og:image:height\" content=\"667\" \/>\n\t<meta property=\"og:image:type\" content=\"image\/jpeg\" \/>\n<meta name=\"author\" content=\"Federico Mahiques\" \/>\n<meta name=\"twitter:card\" content=\"summary_large_image\" \/>\n<meta name=\"twitter:label1\" content=\"Escrito por\" \/>\n\t<meta name=\"twitter:data1\" content=\"Federico Mahiques\" \/>\n\t<meta name=\"twitter:label2\" content=\"Tiempo de lectura\" \/>\n\t<meta name=\"twitter:data2\" content=\"3 minutos\" \/>\n<script type=\"application\/ld+json\" class=\"yoast-schema-graph\">{\"@context\":\"https:\/\/schema.org\",\"@graph\":[{\"@type\":[\"WebPage\",\"ItemPage\"],\"@id\":\"https:\/\/clinicacemeq.es\/estetica\/2022\/10\/04\/mitos-sobre-el-microinjerto-capilar\/\",\"url\":\"https:\/\/clinicacemeq.es\/estetica\/2022\/10\/04\/mitos-sobre-el-microinjerto-capilar\/\",\"name\":\"Mitos sobre el microinjerto capilar - Cl\u00ednica Est\u00e9tica CEMEQ\",\"isPartOf\":{\"@id\":\"https:\/\/clinicacemeq.es\/estetica\/#website\"},\"primaryImageOfPage\":{\"@id\":\"https:\/\/clinicacemeq.es\/estetica\/2022\/10\/04\/mitos-sobre-el-microinjerto-capilar\/#primaryimage\"},\"image\":{\"@id\":\"https:\/\/clinicacemeq.es\/estetica\/2022\/10\/04\/mitos-sobre-el-microinjerto-capilar\/#primaryimage\"},\"thumbnailUrl\":\"https:\/\/clinicacemeq.es\/estetica\/wp-content\/uploads\/2022\/10\/microinjerto-capilar-2.jpg\",\"datePublished\":\"2022-10-04T12:56:57+00:00\",\"dateModified\":\"2024-06-25T15:33:18+00:00\",\"author\":{\"@id\":\"https:\/\/clinicacemeq.es\/estetica\/#\/schema\/person\/970b971cfb22127a85928078e5d97fcf\"},\"description\":\"Te contamos todo los mitos acerca del microinjerto capilar, uno de los tratamientos mas demandados en nuestra cl\u00ednica Valencia.\",\"breadcrumb\":{\"@id\":\"https:\/\/clinicacemeq.es\/estetica\/2022\/10\/04\/mitos-sobre-el-microinjerto-capilar\/#breadcrumb\"},\"inLanguage\":\"es\",\"potentialAction\":[{\"@type\":\"ReadAction\",\"target\":[\"https:\/\/clinicacemeq.es\/estetica\/2022\/10\/04\/mitos-sobre-el-microinjerto-capilar\/\"]}]},{\"@type\":\"ImageObject\",\"inLanguage\":\"es\",\"@id\":\"https:\/\/clinicacemeq.es\/estetica\/2022\/10\/04\/mitos-sobre-el-microinjerto-capilar\/#primaryimage\",\"url\":\"https:\/\/clinicacemeq.es\/estetica\/wp-content\/uploads\/2022\/10\/microinjerto-capilar-2.jpg\",\"contentUrl\":\"https:\/\/clinicacemeq.es\/estetica\/wp-content\/uploads\/2022\/10\/microinjerto-capilar-2.jpg\",\"width\":1000,\"height\":667,\"caption\":\"microinjerto capilar en CEMEQ\"},{\"@type\":\"BreadcrumbList\",\"@id\":\"https:\/\/clinicacemeq.es\/estetica\/2022\/10\/04\/mitos-sobre-el-microinjerto-capilar\/#breadcrumb\",\"itemListElement\":[{\"@type\":\"ListItem\",\"position\":1,\"name\":\"Portada\",\"item\":\"https:\/\/clinicacemeq.es\/estetica\/\"},{\"@type\":\"ListItem\",\"position\":2,\"name\":\"Mitos sobre el microinjerto capilar\"}]},{\"@type\":\"WebSite\",\"@id\":\"https:\/\/clinicacemeq.es\/estetica\/#website\",\"url\":\"https:\/\/clinicacemeq.es\/estetica\/\",\"name\":\"Cl\u00ednica Est\u00e9tica CEMEQ\",\"description\":\"Medicina est\u00e9tica \u0131 Cirug\u00eda Est\u00e9tica \u0131 Cl\u00ednica Dental \u0131 Unidad Capilar \u0131 Unidad de Obesidad\",\"potentialAction\":[{\"@type\":\"SearchAction\",\"target\":{\"@type\":\"EntryPoint\",\"urlTemplate\":\"https:\/\/clinicacemeq.es\/estetica\/?s={search_term_string}\"},\"query-input\":{\"@type\":\"PropertyValueSpecification\",\"valueRequired\":true,\"valueName\":\"search_term_string\"}}],\"inLanguage\":\"es\"},{\"@type\":\"Person\",\"@id\":\"https:\/\/clinicacemeq.es\/estetica\/#\/schema\/person\/970b971cfb22127a85928078e5d97fcf\",\"name\":\"Federico Mahiques\",\"image\":{\"@type\":\"ImageObject\",\"inLanguage\":\"es\",\"@id\":\"https:\/\/clinicacemeq.es\/estetica\/#\/schema\/person\/image\/\",\"url\":\"https:\/\/secure.gravatar.com\/avatar\/2eb8af16608046630259421df61b19a9?s=96&d=mm&r=g\",\"contentUrl\":\"https:\/\/secure.gravatar.com\/avatar\/2eb8af16608046630259421df61b19a9?s=96&d=mm&r=g\",\"caption\":\"Federico Mahiques\"},\"url\":\"https:\/\/clinicacemeq.es\/estetica\/author\/clinica-cemeq\/\"}]}<\/script>\n<!-- \/ Yoast SEO Premium plugin. -->","yoast_head_json":{"title":"Mitos sobre el microinjerto capilar - Cl\u00ednica Est\u00e9tica CEMEQ","description":"Te contamos todo los mitos acerca del microinjerto capilar, uno de los tratamientos mas demandados en nuestra cl\u00ednica Valencia.","robots":{"index":"index","follow":"follow","max-snippet":"max-snippet:-1","max-image-preview":"max-image-preview:large","max-video-preview":"max-video-preview:-1"},"canonical":"https:\/\/clinicacemeq.es\/estetica\/2022\/10\/04\/mitos-sobre-el-microinjerto-capilar\/","og_locale":"es_ES","og_type":"article","og_title":"Mitos sobre el microinjerto capilar","og_description":"Te contamos todo los mitos acerca del microinjerto capilar, uno de los tratamientos mas demandados en nuestra cl\u00ednica Valencia.","og_url":"https:\/\/clinicacemeq.es\/estetica\/2022\/10\/04\/mitos-sobre-el-microinjerto-capilar\/","og_site_name":"Cl\u00ednica Est\u00e9tica CEMEQ","article_published_time":"2022-10-04T12:56:57+00:00","article_modified_time":"2024-06-25T15:33:18+00:00","og_image":[{"width":1000,"height":667,"url":"https:\/\/clinicacemeq.es\/estetica\/wp-content\/uploads\/2022\/10\/microinjerto-capilar-2.jpg","type":"image\/jpeg"}],"author":"Federico Mahiques","twitter_card":"summary_large_image","twitter_misc":{"Escrito por":"Federico Mahiques","Tiempo de lectura":"3 minutos"},"schema":{"@context":"https:\/\/schema.org","@graph":[{"@type":["WebPage","ItemPage"],"@id":"https:\/\/clinicacemeq.es\/estetica\/2022\/10\/04\/mitos-sobre-el-microinjerto-capilar\/","url":"https:\/\/clinicacemeq.es\/estetica\/2022\/10\/04\/mitos-sobre-el-microinjerto-capilar\/","name":"Mitos sobre el microinjerto capilar - Cl\u00ednica Est\u00e9tica CEMEQ","isPartOf":{"@id":"https:\/\/clinicacemeq.es\/estetica\/#website"},"primaryImageOfPage":{"@id":"https:\/\/clinicacemeq.es\/estetica\/2022\/10\/04\/mitos-sobre-el-microinjerto-capilar\/#primaryimage"},"image":{"@id":"https:\/\/clinicacemeq.es\/estetica\/2022\/10\/04\/mitos-sobre-el-microinjerto-capilar\/#primaryimage"},"thumbnailUrl":"https:\/\/clinicacemeq.es\/estetica\/wp-content\/uploads\/2022\/10\/microinjerto-capilar-2.jpg","datePublished":"2022-10-04T12:56:57+00:00","dateModified":"2024-06-25T15:33:18+00:00","author":{"@id":"https:\/\/clinicacemeq.es\/estetica\/#\/schema\/person\/970b971cfb22127a85928078e5d97fcf"},"description":"Te contamos todo los mitos acerca del microinjerto capilar, uno de los tratamientos mas demandados en nuestra cl\u00ednica Valencia.","breadcrumb":{"@id":"https:\/\/clinicacemeq.es\/estetica\/2022\/10\/04\/mitos-sobre-el-microinjerto-capilar\/#breadcrumb"},"inLanguage":"es","potentialAction":[{"@type":"ReadAction","target":["https:\/\/clinicacemeq.es\/estetica\/2022\/10\/04\/mitos-sobre-el-microinjerto-capilar\/"]}]},{"@type":"ImageObject","inLanguage":"es","@id":"https:\/\/clinicacemeq.es\/estetica\/2022\/10\/04\/mitos-sobre-el-microinjerto-capilar\/#primaryimage","url":"https:\/\/clinicacemeq.es\/estetica\/wp-content\/uploads\/2022\/10\/microinjerto-capilar-2.jpg","contentUrl":"https:\/\/clinicacemeq.es\/estetica\/wp-content\/uploads\/2022\/10\/microinjerto-capilar-2.jpg","width":1000,"height":667,"caption":"microinjerto capilar en CEMEQ"},{"@type":"BreadcrumbList","@id":"https:\/\/clinicacemeq.es\/estetica\/2022\/10\/04\/mitos-sobre-el-microinjerto-capilar\/#breadcrumb","itemListElement":[{"@type":"ListItem","position":1,"name":"Portada","item":"https:\/\/clinicacemeq.es\/estetica\/"},{"@type":"ListItem","position":2,"name":"Mitos sobre el microinjerto capilar"}]},{"@type":"WebSite","@id":"https:\/\/clinicacemeq.es\/estetica\/#website","url":"https:\/\/clinicacemeq.es\/estetica\/","name":"Cl\u00ednica Est\u00e9tica CEMEQ","description":"Medicina est\u00e9tica \u0131 Cirug\u00eda Est\u00e9tica \u0131 Cl\u00ednica Dental \u0131 Unidad Capilar \u0131 Unidad de Obesidad","potentialAction":[{"@type":"SearchAction","target":{"@type":"EntryPoint","urlTemplate":"https:\/\/clinicacemeq.es\/estetica\/?s={search_term_string}"},"query-input":{"@type":"PropertyValueSpecification","valueRequired":true,"valueName":"search_term_string"}}],"inLanguage":"es"},{"@type":"Person","@id":"https:\/\/clinicacemeq.es\/estetica\/#\/schema\/person\/970b971cfb22127a85928078e5d97fcf","name":"Federico Mahiques","image":{"@type":"ImageObject","inLanguage":"es","@id":"https:\/\/clinicacemeq.es\/estetica\/#\/schema\/person\/image\/","url":"https:\/\/secure.gravatar.com\/avatar\/2eb8af16608046630259421df61b19a9?s=96&d=mm&r=g","contentUrl":"https:\/\/secure.gravatar.com\/avatar\/2eb8af16608046630259421df61b19a9?s=96&d=mm&r=g","caption":"Federico Mahiques"},"url":"https:\/\/clinicacemeq.es\/estetica\/author\/clinica-cemeq\/"}]}},"_links":{"self":[{"href":"https:\/\/clinicacemeq.es\/estetica\/wp-json\/wp\/v2\/posts\/4882"}],"collection":[{"href":"https:\/\/clinicacemeq.es\/estetica\/wp-json\/wp\/v2\/posts"}],"about":[{"href":"https:\/\/clinicacemeq.es\/estetica\/wp-json\/wp\/v2\/types\/post"}],"author":[{"embeddable":true,"href":"https:\/\/clinicacemeq.es\/estetica\/wp-json\/wp\/v2\/users\/2"}],"replies":[{"embeddable":true,"href":"https:\/\/clinicacemeq.es\/estetica\/wp-json\/wp\/v2\/comments?post=4882"}],"version-history":[{"count":6,"href":"https:\/\/clinicacemeq.es\/estetica\/wp-json\/wp\/v2\/posts\/4882\/revisions"}],"predecessor-version":[{"id":9105,"href":"https:\/\/clinicacemeq.es\/estetica\/wp-json\/wp\/v2\/posts\/4882\/revisions\/9105"}],"wp:featuredmedia":[{"embeddable":true,"href":"https:\/\/clinicacemeq.es\/estetica\/wp-json\/wp\/v2\/media\/4883"}],"wp:attachment":[{"href":"https:\/\/clinicacemeq.es\/estetica\/wp-json\/wp\/v2\/media?parent=4882"}],"wp:term":[{"taxonomy":"category","embeddable":true,"href":"https:\/\/clinicacemeq.es\/estetica\/wp-json\/wp\/v2\/categories?post=4882"},{"taxonomy":"post_tag","embeddable":true,"href":"https:\/\/clinicacemeq.es\/estetica\/wp-json\/wp\/v2\/tags?post=4882"}],"curies":[{"name":"wp","href":"https:\/\/api.w.org\/{rel}","templated":true}]}}