{"id":4452,"date":"2022-09-08T13:45:33","date_gmt":"2022-09-08T13:45:33","guid":{"rendered":"https:\/\/clinicacemeq.es\/estetica\/?p=4452"},"modified":"2024-06-25T15:33:36","modified_gmt":"2024-06-25T15:33:36","slug":"conoce-el-precio-manga-gastrica","status":"publish","type":"post","link":"https:\/\/clinicacemeq.es\/estetica\/2022\/09\/08\/conoce-el-precio-manga-gastrica\/","title":{"rendered":"Conoce el precio de la Manga G\u00e1strica"},"content":{"rendered":"\n\n<div class=\"kk-star-ratings kksr-auto kksr-align-left kksr-valign-top\"\n    data-payload='{&quot;align&quot;:&quot;left&quot;,&quot;id&quot;:&quot;4452&quot;,&quot;slug&quot;:&quot;default&quot;,&quot;valign&quot;:&quot;top&quot;,&quot;ignore&quot;:&quot;&quot;,&quot;reference&quot;:&quot;auto&quot;,&quot;class&quot;:&quot;&quot;,&quot;count&quot;:&quot;0&quot;,&quot;legendonly&quot;:&quot;&quot;,&quot;readonly&quot;:&quot;&quot;,&quot;score&quot;:&quot;0&quot;,&quot;starsonly&quot;:&quot;&quot;,&quot;best&quot;:&quot;5&quot;,&quot;gap&quot;:&quot;5&quot;,&quot;greet&quot;:&quot;Valora esta publicaci\u00f3n \ud83d\ude09&quot;,&quot;legend&quot;:&quot;0\\\/5 - (0 votos)&quot;,&quot;size&quot;:&quot;24&quot;,&quot;title&quot;:&quot;Conoce el precio de la Manga G\u00e1strica&quot;,&quot;width&quot;:&quot;0&quot;,&quot;_legend&quot;:&quot;{score}\\\/{best} - ({count} {votes})&quot;,&quot;font_factor&quot;:&quot;1.25&quot;}'>\n            \n<div class=\"kksr-stars\">\n    \n<div class=\"kksr-stars-inactive\">\n            <div class=\"kksr-star\" data-star=\"1\" style=\"padding-right: 5px\">\n            \n\n<div class=\"kksr-icon\" style=\"width: 24px; height: 24px;\"><\/div>\n        <\/div>\n            <div class=\"kksr-star\" data-star=\"2\" style=\"padding-right: 5px\">\n            \n\n<div class=\"kksr-icon\" style=\"width: 24px; height: 24px;\"><\/div>\n        <\/div>\n            <div class=\"kksr-star\" data-star=\"3\" style=\"padding-right: 5px\">\n            \n\n<div class=\"kksr-icon\" style=\"width: 24px; height: 24px;\"><\/div>\n        <\/div>\n            <div class=\"kksr-star\" data-star=\"4\" style=\"padding-right: 5px\">\n            \n\n<div class=\"kksr-icon\" style=\"width: 24px; height: 24px;\"><\/div>\n        <\/div>\n            <div class=\"kksr-star\" data-star=\"5\" style=\"padding-right: 5px\">\n            \n\n<div class=\"kksr-icon\" style=\"width: 24px; height: 24px;\"><\/div>\n        <\/div>\n    <\/div>\n    \n<div class=\"kksr-stars-active\" style=\"width: 0px;\">\n            <div class=\"kksr-star\" style=\"padding-right: 5px\">\n            \n\n<div class=\"kksr-icon\" style=\"width: 24px; height: 24px;\"><\/div>\n        <\/div>\n            <div class=\"kksr-star\" style=\"padding-right: 5px\">\n            \n\n<div class=\"kksr-icon\" style=\"width: 24px; height: 24px;\"><\/div>\n        <\/div>\n            <div class=\"kksr-star\" style=\"padding-right: 5px\">\n            \n\n<div class=\"kksr-icon\" style=\"width: 24px; height: 24px;\"><\/div>\n        <\/div>\n            <div class=\"kksr-star\" style=\"padding-right: 5px\">\n            \n\n<div class=\"kksr-icon\" style=\"width: 24px; height: 24px;\"><\/div>\n        <\/div>\n            <div class=\"kksr-star\" style=\"padding-right: 5px\">\n            \n\n<div class=\"kksr-icon\" style=\"width: 24px; height: 24px;\"><\/div>\n        <\/div>\n    <\/div>\n<\/div>\n                \n\n<div class=\"kksr-legend\" style=\"font-size: 19.2px;\">\n            <span class=\"kksr-muted\">Valora esta publicaci\u00f3n \ud83d\ude09<\/span>\n    <\/div>\n    <\/div>\n<p>En este post respondemos una de las preguntas m\u00e1s comunes realizada por nuestros pacientes \u00bfCu\u00e1l es el precio de la manga g\u00e1strica? \u00a1Te lo contamos!<\/p>\n<h2>\u00bfQu\u00e9 es la manga g\u00e1strica?<\/h2>\n<p>La manga g\u00e1strica es una intervenci\u00f3n m\u00ednimamente invasiva que se realiza mediante laparoscopia. En esta intervenci\u00f3n se reduce el 80% del est\u00f3mago, modificando su forma y tama\u00f1o. Este tratamiento de reducci\u00f3n de est\u00f3mago hace que el paciente se sacie antes y, por tanto, ingiera menos alimentos.<\/p>\n<h3>Ventajas de este tratamiento<\/h3>\n<ul>\n<li>Cirug\u00eda m\u00ednimamente invasiva<\/li>\n<li>Reduce el est\u00f3mago un 80%<\/li>\n<li>P\u00e9rdida de 70-80% de exceso de peso<\/li>\n<li>Mayor sensaci\u00f3n de saciedad<\/li>\n<li>Mejorar\u00e1 la autoestima del paciente<\/li>\n<li>Mejora y previene enfermedades asociadas a la obesidad<\/li>\n<\/ul>\n<h2>Precio de la manga g\u00e1strica en Espa\u00f1a<\/h2>\n<p>Una de las mayores preocupaciones por parte de las personas que buscan una reducci\u00f3n de est\u00f3mago es el precio. El <strong><a href=\"https:\/\/clinicacemeq.es\/estetica\/2022\/05\/24\/que-es-la-manga-gastrica\/\">precio de la manga g\u00e1strica<\/a> <\/strong>suele rondar de media\u00a0 12.000\u20ac. Existen factores que pueden determinar el <strong>precio de la manga g\u00e1strica<\/strong> como suelen ser:<\/p>\n<ul>\n<li><strong>D\u00f3nde se realiza:<\/strong> Es decir si la intervenci\u00f3n se realiza en un hospital o un quir\u00f3fano privado. Normalmente, este tipo de intervenciones suelen realizarse en hospitales, ya que hay mayor seguridad.<\/li>\n<li><strong>Equipo m\u00e9dico:<\/strong> El prestigio y la reputaci\u00f3n del equipo m\u00e9dico tambi\u00e9n influye en el precio de la manga g\u00e1strica. Estos aspectos tienen que ver principalmente con la experiencia del doctor.<\/li>\n<li><strong>Centro m\u00e9dico:<\/strong> Cada centro m\u00e9dico cuenta con unos precios estipulados<\/li>\n<li><strong>Extras del tratamiento:<\/strong> En ocasiones el precio incluye revisiones y consultas con el equipo m\u00e9dico. Tambi\u00e9n puede incluir el seguimiento nutricional y programa de reeducaci\u00f3n del paciente por parte del nutricionista.<\/li>\n<\/ul>\n<h2>El mejor precio de la Manga g\u00e1strica<\/h2>\n<p>Una de las t\u00e9cnicas de reducci\u00f3n de est\u00f3mago m\u00e1s demandadas en nuestra cl\u00ednica es la<a href=\"https:\/\/clinicacemeq.es\/estetica\/2022\/05\/24\/que-es-la-manga-gastrica\/\"><strong> manga g\u00e1strica<\/strong>.<\/a> En nuestra unidad de obesidad\u00a0 contamos con especialistas con elevada experiencia en las distintas t\u00e9cnicas de reducci\u00f3n de est\u00f3mago y cirug\u00edas bari\u00e1tricas.<\/p>\n<p>En nuestra <a href=\"https:\/\/clinicacemeq.es\/estetica\/home\/\"><strong>cl\u00ednica est\u00e9tica<\/strong> <\/a>contamos con el mejor <a href=\"https:\/\/clinicacemeq.es\/estetica\/2022\/05\/24\/que-es-la-manga-gastrica\/\"><strong>precio de la manga g\u00e1strica:<\/strong><\/a><\/p>\n<ul>\n<li>Entorno hospitalario<\/li>\n<li>Seguimiento del equipo m\u00e9dico<\/li>\n<li>Preoperatorio e Intervenci\u00f3n<\/li>\n<li>Consultas y revisiones<\/li>\n<li>Programa nutricional<\/li>\n<li>Tel\u00e9fono de urgencia 24\u202fh<\/li>\n<li>Presupuesto dise\u00f1ado a medida<\/li>\n<li>Facilidades de pago<\/li>\n<\/ul>\n<h2>Empieza tu cambio con CEMEQ<\/h2>\n<p>En\u00a0 nuestra <a href=\"https:\/\/clinicacemeq.es\/estetica\/home\/\"><strong>cl\u00ednica est\u00e9tica<\/strong> <\/a>contamos con especialistas en<strong> manga g\u00e1strica,<\/strong> as\u00ed como otros tipos de cirug\u00eda bari\u00e1trica que te ayudar\u00e1n a conseguir los resultados que siempre has deseado. Gracias a nuestro<strong> programa de reeducaci\u00f3n alimentaria<\/strong> dirigido por nutricionistas y totalmente personalizado, nuestros pacientes pueden recuperar su figura desde el primer d\u00eda sin temor al efecto rebote \u00a1No te lo pienses! <a href=\"https:\/\/clinicacemeq.es\/estetica\/contacto\/\"><strong>Pide cita ya. Primera visita gratuita.<\/strong><\/a><\/p>\n<p>&nbsp;<\/p>\n","protected":false},"excerpt":{"rendered":"<p>En este post respondemos una de las preguntas m\u00e1s comunes realizada por nuestros pacientes \u00bfCu\u00e1l es el precio de la manga g\u00e1strica? \u00a1Te lo contamos! \u00bfQu\u00e9 es la manga g\u00e1strica? La manga g\u00e1strica es una intervenci\u00f3n m\u00ednimamente invasiva que se realiza mediante laparoscopia. En esta intervenci\u00f3n se reduce el 80% del est\u00f3mago, modificando su forma [&#8230;]\n","protected":false},"author":2,"featured_media":4453,"comment_status":"open","ping_status":"open","sticky":false,"template":"","format":"standard","meta":{"footnotes":""},"categories":[1,139],"tags":[],"yoast_head":"<!-- This site is optimized with the Yoast SEO Premium plugin v18.3 (Yoast SEO v24.5) - https:\/\/yoast.com\/wordpress\/plugins\/seo\/ -->\n<title>Conoce el precio de la Manga G\u00e1strica - Cl\u00ednica Est\u00e9tica CEMEQ<\/title>\n<meta name=\"description\" content=\"En CEMEQ contamos con el mejor precio de la manga g\u00e1strica en Valencia. Ven y con\u00f3cenos. Primera valoraci\u00f3n gratuita. Pide cita ya.\" \/>\n<meta name=\"robots\" content=\"index, follow, max-snippet:-1, max-image-preview:large, max-video-preview:-1\" \/>\n<link rel=\"canonical\" href=\"https:\/\/clinicacemeq.es\/estetica\/2022\/09\/08\/conoce-el-precio-manga-gastrica\/\" \/>\n<meta property=\"og:locale\" content=\"es_ES\" \/>\n<meta property=\"og:type\" content=\"article\" \/>\n<meta property=\"og:title\" content=\"Conoce el precio de la Manga G\u00e1strica\" \/>\n<meta property=\"og:description\" content=\"En CEMEQ contamos con el mejor precio de la manga g\u00e1strica en Valencia. Ven y con\u00f3cenos. Primera valoraci\u00f3n gratuita. Pide cita ya.\" \/>\n<meta property=\"og:url\" content=\"https:\/\/clinicacemeq.es\/estetica\/2022\/09\/08\/conoce-el-precio-manga-gastrica\/\" \/>\n<meta property=\"og:site_name\" content=\"Cl\u00ednica Est\u00e9tica CEMEQ\" \/>\n<meta property=\"article:published_time\" content=\"2022-09-08T13:45:33+00:00\" \/>\n<meta property=\"article:modified_time\" content=\"2024-06-25T15:33:36+00:00\" \/>\n<meta property=\"og:image\" content=\"https:\/\/clinicacemeq.es\/estetica\/wp-content\/uploads\/2022\/09\/manga-gastrica-precio-1-e1677226429377.png\" \/>\n\t<meta property=\"og:image:width\" content=\"952\" \/>\n\t<meta property=\"og:image:height\" content=\"370\" \/>\n\t<meta property=\"og:image:type\" content=\"image\/png\" \/>\n<meta name=\"author\" content=\"Federico Mahiques\" \/>\n<meta name=\"twitter:card\" content=\"summary_large_image\" \/>\n<meta name=\"twitter:label1\" content=\"Escrito por\" \/>\n\t<meta name=\"twitter:data1\" content=\"Federico Mahiques\" \/>\n\t<meta name=\"twitter:label2\" content=\"Tiempo de lectura\" \/>\n\t<meta name=\"twitter:data2\" content=\"2 minutos\" \/>\n<script type=\"application\/ld+json\" class=\"yoast-schema-graph\">{\"@context\":\"https:\/\/schema.org\",\"@graph\":[{\"@type\":[\"WebPage\",\"ItemPage\"],\"@id\":\"https:\/\/clinicacemeq.es\/estetica\/2022\/09\/08\/conoce-el-precio-manga-gastrica\/\",\"url\":\"https:\/\/clinicacemeq.es\/estetica\/2022\/09\/08\/conoce-el-precio-manga-gastrica\/\",\"name\":\"Conoce el precio de la Manga G\u00e1strica - Cl\u00ednica Est\u00e9tica CEMEQ\",\"isPartOf\":{\"@id\":\"https:\/\/clinicacemeq.es\/estetica\/#website\"},\"primaryImageOfPage\":{\"@id\":\"https:\/\/clinicacemeq.es\/estetica\/2022\/09\/08\/conoce-el-precio-manga-gastrica\/#primaryimage\"},\"image\":{\"@id\":\"https:\/\/clinicacemeq.es\/estetica\/2022\/09\/08\/conoce-el-precio-manga-gastrica\/#primaryimage\"},\"thumbnailUrl\":\"https:\/\/clinicacemeq.es\/estetica\/wp-content\/uploads\/2022\/09\/manga-gastrica-precio-1-e1677226429377.png\",\"datePublished\":\"2022-09-08T13:45:33+00:00\",\"dateModified\":\"2024-06-25T15:33:36+00:00\",\"author\":{\"@id\":\"https:\/\/clinicacemeq.es\/estetica\/#\/schema\/person\/970b971cfb22127a85928078e5d97fcf\"},\"description\":\"En CEMEQ contamos con el mejor precio de la manga g\u00e1strica en Valencia. Ven y con\u00f3cenos. Primera valoraci\u00f3n gratuita. Pide cita ya.\",\"breadcrumb\":{\"@id\":\"https:\/\/clinicacemeq.es\/estetica\/2022\/09\/08\/conoce-el-precio-manga-gastrica\/#breadcrumb\"},\"inLanguage\":\"es\",\"potentialAction\":[{\"@type\":\"ReadAction\",\"target\":[\"https:\/\/clinicacemeq.es\/estetica\/2022\/09\/08\/conoce-el-precio-manga-gastrica\/\"]}]},{\"@type\":\"ImageObject\",\"inLanguage\":\"es\",\"@id\":\"https:\/\/clinicacemeq.es\/estetica\/2022\/09\/08\/conoce-el-precio-manga-gastrica\/#primaryimage\",\"url\":\"https:\/\/clinicacemeq.es\/estetica\/wp-content\/uploads\/2022\/09\/manga-gastrica-precio-1-e1677226429377.png\",\"contentUrl\":\"https:\/\/clinicacemeq.es\/estetica\/wp-content\/uploads\/2022\/09\/manga-gastrica-precio-1-e1677226429377.png\",\"width\":952,\"height\":370,\"caption\":\"descubre el precio manga g\u00e1strica\"},{\"@type\":\"BreadcrumbList\",\"@id\":\"https:\/\/clinicacemeq.es\/estetica\/2022\/09\/08\/conoce-el-precio-manga-gastrica\/#breadcrumb\",\"itemListElement\":[{\"@type\":\"ListItem\",\"position\":1,\"name\":\"Portada\",\"item\":\"https:\/\/clinicacemeq.es\/estetica\/\"},{\"@type\":\"ListItem\",\"position\":2,\"name\":\"Conoce el precio de la Manga G\u00e1strica\"}]},{\"@type\":\"WebSite\",\"@id\":\"https:\/\/clinicacemeq.es\/estetica\/#website\",\"url\":\"https:\/\/clinicacemeq.es\/estetica\/\",\"name\":\"Cl\u00ednica Est\u00e9tica CEMEQ\",\"description\":\"Medicina est\u00e9tica \u0131 Cirug\u00eda Est\u00e9tica \u0131 Cl\u00ednica Dental \u0131 Unidad Capilar \u0131 Unidad de Obesidad\",\"potentialAction\":[{\"@type\":\"SearchAction\",\"target\":{\"@type\":\"EntryPoint\",\"urlTemplate\":\"https:\/\/clinicacemeq.es\/estetica\/?s={search_term_string}\"},\"query-input\":{\"@type\":\"PropertyValueSpecification\",\"valueRequired\":true,\"valueName\":\"search_term_string\"}}],\"inLanguage\":\"es\"},{\"@type\":\"Person\",\"@id\":\"https:\/\/clinicacemeq.es\/estetica\/#\/schema\/person\/970b971cfb22127a85928078e5d97fcf\",\"name\":\"Federico Mahiques\",\"image\":{\"@type\":\"ImageObject\",\"inLanguage\":\"es\",\"@id\":\"https:\/\/clinicacemeq.es\/estetica\/#\/schema\/person\/image\/\",\"url\":\"https:\/\/secure.gravatar.com\/avatar\/2eb8af16608046630259421df61b19a9?s=96&d=mm&r=g\",\"contentUrl\":\"https:\/\/secure.gravatar.com\/avatar\/2eb8af16608046630259421df61b19a9?s=96&d=mm&r=g\",\"caption\":\"Federico Mahiques\"},\"url\":\"https:\/\/clinicacemeq.es\/estetica\/author\/clinica-cemeq\/\"}]}<\/script>\n<!-- \/ Yoast SEO Premium plugin. -->","yoast_head_json":{"title":"Conoce el precio de la Manga G\u00e1strica - Cl\u00ednica Est\u00e9tica CEMEQ","description":"En CEMEQ contamos con el mejor precio de la manga g\u00e1strica en Valencia. Ven y con\u00f3cenos. Primera valoraci\u00f3n gratuita. Pide cita ya.","robots":{"index":"index","follow":"follow","max-snippet":"max-snippet:-1","max-image-preview":"max-image-preview:large","max-video-preview":"max-video-preview:-1"},"canonical":"https:\/\/clinicacemeq.es\/estetica\/2022\/09\/08\/conoce-el-precio-manga-gastrica\/","og_locale":"es_ES","og_type":"article","og_title":"Conoce el precio de la Manga G\u00e1strica","og_description":"En CEMEQ contamos con el mejor precio de la manga g\u00e1strica en Valencia. Ven y con\u00f3cenos. Primera valoraci\u00f3n gratuita. Pide cita ya.","og_url":"https:\/\/clinicacemeq.es\/estetica\/2022\/09\/08\/conoce-el-precio-manga-gastrica\/","og_site_name":"Cl\u00ednica Est\u00e9tica CEMEQ","article_published_time":"2022-09-08T13:45:33+00:00","article_modified_time":"2024-06-25T15:33:36+00:00","og_image":[{"width":952,"height":370,"url":"https:\/\/clinicacemeq.es\/estetica\/wp-content\/uploads\/2022\/09\/manga-gastrica-precio-1-e1677226429377.png","type":"image\/png"}],"author":"Federico Mahiques","twitter_card":"summary_large_image","twitter_misc":{"Escrito por":"Federico Mahiques","Tiempo de lectura":"2 minutos"},"schema":{"@context":"https:\/\/schema.org","@graph":[{"@type":["WebPage","ItemPage"],"@id":"https:\/\/clinicacemeq.es\/estetica\/2022\/09\/08\/conoce-el-precio-manga-gastrica\/","url":"https:\/\/clinicacemeq.es\/estetica\/2022\/09\/08\/conoce-el-precio-manga-gastrica\/","name":"Conoce el precio de la Manga G\u00e1strica - Cl\u00ednica Est\u00e9tica CEMEQ","isPartOf":{"@id":"https:\/\/clinicacemeq.es\/estetica\/#website"},"primaryImageOfPage":{"@id":"https:\/\/clinicacemeq.es\/estetica\/2022\/09\/08\/conoce-el-precio-manga-gastrica\/#primaryimage"},"image":{"@id":"https:\/\/clinicacemeq.es\/estetica\/2022\/09\/08\/conoce-el-precio-manga-gastrica\/#primaryimage"},"thumbnailUrl":"https:\/\/clinicacemeq.es\/estetica\/wp-content\/uploads\/2022\/09\/manga-gastrica-precio-1-e1677226429377.png","datePublished":"2022-09-08T13:45:33+00:00","dateModified":"2024-06-25T15:33:36+00:00","author":{"@id":"https:\/\/clinicacemeq.es\/estetica\/#\/schema\/person\/970b971cfb22127a85928078e5d97fcf"},"description":"En CEMEQ contamos con el mejor precio de la manga g\u00e1strica en Valencia. Ven y con\u00f3cenos. Primera valoraci\u00f3n gratuita. Pide cita ya.","breadcrumb":{"@id":"https:\/\/clinicacemeq.es\/estetica\/2022\/09\/08\/conoce-el-precio-manga-gastrica\/#breadcrumb"},"inLanguage":"es","potentialAction":[{"@type":"ReadAction","target":["https:\/\/clinicacemeq.es\/estetica\/2022\/09\/08\/conoce-el-precio-manga-gastrica\/"]}]},{"@type":"ImageObject","inLanguage":"es","@id":"https:\/\/clinicacemeq.es\/estetica\/2022\/09\/08\/conoce-el-precio-manga-gastrica\/#primaryimage","url":"https:\/\/clinicacemeq.es\/estetica\/wp-content\/uploads\/2022\/09\/manga-gastrica-precio-1-e1677226429377.png","contentUrl":"https:\/\/clinicacemeq.es\/estetica\/wp-content\/uploads\/2022\/09\/manga-gastrica-precio-1-e1677226429377.png","width":952,"height":370,"caption":"descubre el precio manga g\u00e1strica"},{"@type":"BreadcrumbList","@id":"https:\/\/clinicacemeq.es\/estetica\/2022\/09\/08\/conoce-el-precio-manga-gastrica\/#breadcrumb","itemListElement":[{"@type":"ListItem","position":1,"name":"Portada","item":"https:\/\/clinicacemeq.es\/estetica\/"},{"@type":"ListItem","position":2,"name":"Conoce el precio de la Manga G\u00e1strica"}]},{"@type":"WebSite","@id":"https:\/\/clinicacemeq.es\/estetica\/#website","url":"https:\/\/clinicacemeq.es\/estetica\/","name":"Cl\u00ednica Est\u00e9tica CEMEQ","description":"Medicina est\u00e9tica \u0131 Cirug\u00eda Est\u00e9tica \u0131 Cl\u00ednica Dental \u0131 Unidad Capilar \u0131 Unidad de Obesidad","potentialAction":[{"@type":"SearchAction","target":{"@type":"EntryPoint","urlTemplate":"https:\/\/clinicacemeq.es\/estetica\/?s={search_term_string}"},"query-input":{"@type":"PropertyValueSpecification","valueRequired":true,"valueName":"search_term_string"}}],"inLanguage":"es"},{"@type":"Person","@id":"https:\/\/clinicacemeq.es\/estetica\/#\/schema\/person\/970b971cfb22127a85928078e5d97fcf","name":"Federico Mahiques","image":{"@type":"ImageObject","inLanguage":"es","@id":"https:\/\/clinicacemeq.es\/estetica\/#\/schema\/person\/image\/","url":"https:\/\/secure.gravatar.com\/avatar\/2eb8af16608046630259421df61b19a9?s=96&d=mm&r=g","contentUrl":"https:\/\/secure.gravatar.com\/avatar\/2eb8af16608046630259421df61b19a9?s=96&d=mm&r=g","caption":"Federico Mahiques"},"url":"https:\/\/clinicacemeq.es\/estetica\/author\/clinica-cemeq\/"}]}},"_links":{"self":[{"href":"https:\/\/clinicacemeq.es\/estetica\/wp-json\/wp\/v2\/posts\/4452"}],"collection":[{"href":"https:\/\/clinicacemeq.es\/estetica\/wp-json\/wp\/v2\/posts"}],"about":[{"href":"https:\/\/clinicacemeq.es\/estetica\/wp-json\/wp\/v2\/types\/post"}],"author":[{"embeddable":true,"href":"https:\/\/clinicacemeq.es\/estetica\/wp-json\/wp\/v2\/users\/2"}],"replies":[{"embeddable":true,"href":"https:\/\/clinicacemeq.es\/estetica\/wp-json\/wp\/v2\/comments?post=4452"}],"version-history":[{"count":3,"href":"https:\/\/clinicacemeq.es\/estetica\/wp-json\/wp\/v2\/posts\/4452\/revisions"}],"predecessor-version":[{"id":9154,"href":"https:\/\/clinicacemeq.es\/estetica\/wp-json\/wp\/v2\/posts\/4452\/revisions\/9154"}],"wp:featuredmedia":[{"embeddable":true,"href":"https:\/\/clinicacemeq.es\/estetica\/wp-json\/wp\/v2\/media\/4453"}],"wp:attachment":[{"href":"https:\/\/clinicacemeq.es\/estetica\/wp-json\/wp\/v2\/media?parent=4452"}],"wp:term":[{"taxonomy":"category","embeddable":true,"href":"https:\/\/clinicacemeq.es\/estetica\/wp-json\/wp\/v2\/categories?post=4452"},{"taxonomy":"post_tag","embeddable":true,"href":"https:\/\/clinicacemeq.es\/estetica\/wp-json\/wp\/v2\/tags?post=4452"}],"curies":[{"name":"wp","href":"https:\/\/api.w.org\/{rel}","templated":true}]}}