{"id":3608,"date":"2022-06-28T11:19:05","date_gmt":"2022-06-28T11:19:05","guid":{"rendered":"https:\/\/clinicacemeq.es\/estetica\/?p=3608"},"modified":"2024-06-25T15:34:00","modified_gmt":"2024-06-25T15:34:00","slug":"operacion-de-parpados-caidos","status":"publish","type":"post","link":"https:\/\/clinicacemeq.es\/estetica\/2022\/06\/28\/operacion-de-parpados-caidos\/","title":{"rendered":"Operaci\u00f3n de p\u00e1rpados ca\u00eddos en Valencia"},"content":{"rendered":"\n\n<div class=\"kk-star-ratings kksr-auto kksr-align-left kksr-valign-top\"\n    data-payload='{&quot;align&quot;:&quot;left&quot;,&quot;id&quot;:&quot;3608&quot;,&quot;slug&quot;:&quot;default&quot;,&quot;valign&quot;:&quot;top&quot;,&quot;ignore&quot;:&quot;&quot;,&quot;reference&quot;:&quot;auto&quot;,&quot;class&quot;:&quot;&quot;,&quot;count&quot;:&quot;0&quot;,&quot;legendonly&quot;:&quot;&quot;,&quot;readonly&quot;:&quot;&quot;,&quot;score&quot;:&quot;0&quot;,&quot;starsonly&quot;:&quot;&quot;,&quot;best&quot;:&quot;5&quot;,&quot;gap&quot;:&quot;5&quot;,&quot;greet&quot;:&quot;Valora esta publicaci\u00f3n \ud83d\ude09&quot;,&quot;legend&quot;:&quot;0\\\/5 - (0 votos)&quot;,&quot;size&quot;:&quot;24&quot;,&quot;title&quot;:&quot;Operaci\u00f3n de p\u00e1rpados ca\u00eddos en Valencia&quot;,&quot;width&quot;:&quot;0&quot;,&quot;_legend&quot;:&quot;{score}\\\/{best} - ({count} {votes})&quot;,&quot;font_factor&quot;:&quot;1.25&quot;}'>\n            \n<div class=\"kksr-stars\">\n    \n<div class=\"kksr-stars-inactive\">\n            <div class=\"kksr-star\" data-star=\"1\" style=\"padding-right: 5px\">\n            \n\n<div class=\"kksr-icon\" style=\"width: 24px; height: 24px;\"><\/div>\n        <\/div>\n            <div class=\"kksr-star\" data-star=\"2\" style=\"padding-right: 5px\">\n            \n\n<div class=\"kksr-icon\" style=\"width: 24px; height: 24px;\"><\/div>\n        <\/div>\n            <div class=\"kksr-star\" data-star=\"3\" style=\"padding-right: 5px\">\n            \n\n<div class=\"kksr-icon\" style=\"width: 24px; height: 24px;\"><\/div>\n        <\/div>\n            <div class=\"kksr-star\" data-star=\"4\" style=\"padding-right: 5px\">\n            \n\n<div class=\"kksr-icon\" style=\"width: 24px; height: 24px;\"><\/div>\n        <\/div>\n            <div class=\"kksr-star\" data-star=\"5\" style=\"padding-right: 5px\">\n            \n\n<div class=\"kksr-icon\" style=\"width: 24px; height: 24px;\"><\/div>\n        <\/div>\n    <\/div>\n    \n<div class=\"kksr-stars-active\" style=\"width: 0px;\">\n            <div class=\"kksr-star\" style=\"padding-right: 5px\">\n            \n\n<div class=\"kksr-icon\" style=\"width: 24px; height: 24px;\"><\/div>\n        <\/div>\n            <div class=\"kksr-star\" style=\"padding-right: 5px\">\n            \n\n<div class=\"kksr-icon\" style=\"width: 24px; height: 24px;\"><\/div>\n        <\/div>\n            <div class=\"kksr-star\" style=\"padding-right: 5px\">\n            \n\n<div class=\"kksr-icon\" style=\"width: 24px; height: 24px;\"><\/div>\n        <\/div>\n            <div class=\"kksr-star\" style=\"padding-right: 5px\">\n            \n\n<div class=\"kksr-icon\" style=\"width: 24px; height: 24px;\"><\/div>\n        <\/div>\n            <div class=\"kksr-star\" style=\"padding-right: 5px\">\n            \n\n<div class=\"kksr-icon\" style=\"width: 24px; height: 24px;\"><\/div>\n        <\/div>\n    <\/div>\n<\/div>\n                \n\n<div class=\"kksr-legend\" style=\"font-size: 19.2px;\">\n            <span class=\"kksr-muted\">Valora esta publicaci\u00f3n \ud83d\ude09<\/span>\n    <\/div>\n    <\/div>\n<p><span style=\"font-weight: 400;\">En nuestra cl\u00ednica de medicina est\u00e9tica en Valencia somos expertos en <\/span><span style=\"font-weight: 400;\">\u00a0<a href=\"https:\/\/clinicacemeq.es\/estetica\/2023\/02\/13\/precio-de-la-blefaroplastia-en-espana\/\"><strong>operaci\u00f3n p\u00e1rpados ca\u00eddos,<\/strong><\/a> una <\/span><b>t\u00e9cnica indolora <\/b><span style=\"font-weight: 400;\">y<\/span><b> apenas invasiva<\/b><span style=\"font-weight: 400;\"> con la que te ayudaremos a recuperar esa <\/span><b>salud visual<\/b><span style=\"font-weight: 400;\"> y ese <\/span><b>aspecto juvenil<\/b><span style=\"font-weight: 400;\"> que se han visto reducidos a causa de un exceso de piel o grasa en la zona de alrededor de los ojos. <\/span><span style=\"font-weight: 400;\">\u00a1Te contamos todo lo que debes s acerca de la<strong> operaci\u00f3n de p\u00e1rpados ca\u00eddos<\/strong>\u00a0 a continuaci\u00f3n!<\/span><\/p>\n<h2><strong>Lo que debes saber sobre la operaci\u00f3n de p\u00e1rpados ca\u00eddos<\/strong><\/h2>\n<p><span style=\"font-weight: 400;\">Los p\u00e1rpados ca\u00eddos son una consecuencia natural del paso del tiempo, si bien es cierto que pueden llegar a incomodarnos porque restan juventud y luminosidad a nuestra mirada. Adem\u00e1s, los p\u00e1rpados ca\u00eddos tambi\u00e9n <\/span><b>pueden tener una repercusi\u00f3n negativa en nuestra visi\u00f3n<\/b><span style=\"font-weight: 400;\">, por lo que ponerle soluci\u00f3n a este problema es tambi\u00e9n una <\/span><b>cuesti\u00f3n de salud<\/b><span style=\"font-weight: 400;\"> y no solo de est\u00e9tica.<\/span><\/p>\n<h2><b>Operaci\u00f3n de p\u00e1rpados ca\u00eddos en Valencia<\/b><\/h2>\n<p><span style=\"font-weight: 400;\">Por si no lo sab\u00edas, <\/span><b>a medida que envejecemos, la piel de nuestros p\u00e1rpados se estira y los m\u00fasculos de alrededor de los ojos se debilitan<\/b><span style=\"font-weight: 400;\">. Por ello, se va acumulando grasa sobre nuestros p\u00e1rpados superiores y bajo los inferiores, dando como resultado signos claros de envejecimiento como son las ojeras, las bolsas, las cejas ca\u00eddas, los p\u00e1rpados ca\u00eddos\u2026 En definitiva, signos que entristecen nuestra mirada y que perjudican a nuestra salud visual.<\/span><\/p>\n<p><span style=\"font-weight: 400;\">Es por eso que los dos principales objetivos de una operaci\u00f3n p\u00e1rpados ca\u00eddos son <\/span><b>mitigar <\/b><span style=\"font-weight: 400;\">o<\/span><b> eliminar determinados problemas de visi\u00f3n<\/b><span style=\"font-weight: 400;\">, sobre todo la visi\u00f3n lateral, y <\/span><b>rejuvenecer tu mirada<\/b><span style=\"font-weight: 400;\">.\u00a0<\/span><\/p>\n<h2><b><img loading=\"lazy\" decoding=\"async\" class=\"aligncenter wp-image-3609 size-medium\" src=\"https:\/\/clinicacemeq.es\/estetica\/wp-content\/uploads\/2022\/06\/operacion-parpados-caidos-1-300x191.png\" alt=\"\" width=\"300\" height=\"191\" srcset=\"https:\/\/clinicacemeq.es\/estetica\/wp-content\/uploads\/2022\/06\/operacion-parpados-caidos-1-300x191.png 300w, https:\/\/clinicacemeq.es\/estetica\/wp-content\/uploads\/2022\/06\/operacion-parpados-caidos-1-768x490.png 768w, https:\/\/clinicacemeq.es\/estetica\/wp-content\/uploads\/2022\/06\/operacion-parpados-caidos-1.png 1000w\" sizes=\"(max-width: 300px) 100vw, 300px\" \/><\/b><\/h2>\n<h2><b>Operaci\u00f3n p\u00e1rpados ca\u00eddos: \u00bfen qu\u00e9 consiste?<\/b><\/h2>\n<p><span style=\"font-weight: 400;\">El procedimiento para realizar la operaci\u00f3n de p\u00e1rpados ca\u00eddos suele durar <\/span><b>entre<\/b> <b>media hora y una hora<\/b><span style=\"font-weight: 400;\">. Como ves, es r\u00e1pido. Todo depende de si se van a operar los cuatro p\u00e1rpados o solamente los dos de arriba o los dos de abajo. En cualquier caso, es una operaci\u00f3n que <\/span><b>no requiere hospitalizaci\u00f3n<\/b><span style=\"font-weight: 400;\">.<\/span><\/p>\n<p><span style=\"font-weight: 400;\">Mediante una <\/span><b>t\u00e9cnica sencilla<\/b><span style=\"font-weight: 400;\"> que no dejar\u00e1 secuelas en tus ojos ni modificar\u00e1 en ning\u00fan caso su forma, eliminaremos la piel o grasa sobrantes de la zona y, con ello, la sensaci\u00f3n de pesadez en los p\u00e1rpados y cansancio que ese exceso conlleva. Como podr\u00e1s imaginar, despu\u00e9s de la operaci\u00f3n tu expresi\u00f3n parecer\u00e1 m\u00e1s despierta y, por tanto, la belleza general de tu rostro se acrecentar\u00e1.<\/span><\/p>\n<p><span style=\"font-weight: 400;\">En cuanto al periodo de recuperaci\u00f3n, <\/span><b>recuperar\u00e1s tu visi\u00f3n normal en un d\u00eda<\/b><span style=\"font-weight: 400;\">, y al cabo de <\/span><b>cinco d\u00edas tras la operaci\u00f3n<\/b><span style=\"font-weight: 400;\"> ya podr\u00e1s reincorporarte a tu rutina habitual sin ning\u00fan problema.<\/span><\/p>\n<h2><b>Precio de la blefaroplastia \u00bfme puedo permitir esta operaci\u00f3n?<\/b><\/h2>\n<p><span style=\"font-weight: 400;\">En CEMEQ, contamos con precios <\/span><b>muy asequibles<\/b><span style=\"font-weight: 400;\"> para la <strong>blefaroplastia u <a href=\"https:\/\/clinicacemeq.es\/estetica\/2023\/02\/13\/precio-de-la-blefaroplastia-en-espana\/\">operaci\u00f3n p\u00e1rpados ca\u00eddos<\/a>. <\/strong>Por 58,90 \u20ac al mes financiado en 48 meses, pondremos soluci\u00f3n a esos p\u00e1rpados ca\u00eddos o fl\u00e1cidos y otros problemas colaterales , como las bolsas o las ojeras, con todos los beneficios tanto est\u00e9ticos como de salud que eso conlleva.<\/span><\/p>\n<p>Nuestro<a href=\"https:\/\/clinicacemeq.es\/estetica\/2023\/02\/13\/precio-de-la-blefaroplastia-en-espana\/\"><strong> precio de blefaroplastia<\/strong><\/a> incluye:<\/p>\n<ul>\n<li>Cirug\u00eda<\/li>\n<li>Anestesia<\/li>\n<li>Especialistas<\/li>\n<li>Seguimiento posterior<\/li>\n<li>Tel\u00e9fono de contacto 24h<\/li>\n<li>Facilidades de pago<\/li>\n<\/ul>\n<p><span style=\"font-weight: 400;\">Por otro lado, tampoco hay que perder de vista el factor psicol\u00f3gico, puesto que <\/span><b>recuperar tu mirada supondr\u00e1 un aumento de tu autoestima<\/b><span style=\"font-weight: 400;\">. En <a href=\"https:\/\/clinicacemeq.es\/estetica\/\"><strong>CEMEQ<\/strong><\/a> sabemos la importancia que tiene sentirse bien con uno mismo y con la propia apariencia, por lo que el precio de la blefaroplastia en Valencia ciudad est\u00e1 pensado para que puedas permit\u00edrtelo sin grandes esfuerzos econ\u00f3micos.\u00a0<\/span><\/p>\n<p><span style=\"font-weight: 400;\">En definitiva, gracias a la blefaroplastia que realizan nuestros expertos en nuestra <a href=\"https:\/\/clinicacemeq.es\/estetica\/home\/\"><strong>cl\u00ednica est\u00e9tica en Valencia,<\/strong><\/a> ganar\u00e1s una apariencia saludable y joven, recuperar\u00e1s la luminosidad de tu mirada. <a href=\"https:\/\/clinicacemeq.es\/estetica\/contacto\/\"><strong>Pide cita ya. Primera consulta gratuita.<\/strong><\/a><\/span><\/p>\n<p>&nbsp;<\/p>\n","protected":false},"excerpt":{"rendered":"<p>En nuestra cl\u00ednica de medicina est\u00e9tica en Valencia somos expertos en \u00a0operaci\u00f3n p\u00e1rpados ca\u00eddos, una t\u00e9cnica indolora y apenas invasiva con la que te ayudaremos a recuperar esa salud visual y ese aspecto juvenil que se han visto reducidos a causa de un exceso de piel o grasa en la zona de alrededor de los [&#8230;]\n","protected":false},"author":2,"featured_media":3610,"comment_status":"open","ping_status":"open","sticky":false,"template":"","format":"standard","meta":{"footnotes":""},"categories":[1,146],"tags":[142],"yoast_head":"<!-- This site is optimized with the Yoast SEO Premium plugin v18.3 (Yoast SEO v24.5) - https:\/\/yoast.com\/wordpress\/plugins\/seo\/ -->\n<title>Operaci\u00f3n de p\u00e1rpados ca\u00eddos en Valencia - Cl\u00ednica Est\u00e9tica CEMEQ<\/title>\n<meta name=\"description\" content=\"La operaci\u00f3n de p\u00e1rpados ca\u00eddos es uno de los tratamiento m\u00e1s demandados en nuestra cl\u00ednica est\u00e9tica CEMEQ. Recupera tu mirada. Pide cita ya.\" \/>\n<meta name=\"robots\" content=\"index, follow, max-snippet:-1, max-image-preview:large, max-video-preview:-1\" \/>\n<link rel=\"canonical\" href=\"https:\/\/clinicacemeq.es\/estetica\/2022\/06\/28\/operacion-de-parpados-caidos\/\" \/>\n<meta property=\"og:locale\" content=\"es_ES\" \/>\n<meta property=\"og:type\" content=\"article\" \/>\n<meta property=\"og:title\" content=\"Operaci\u00f3n de p\u00e1rpados ca\u00eddos en Valencia\" \/>\n<meta property=\"og:description\" content=\"La operaci\u00f3n de p\u00e1rpados ca\u00eddos es uno de los tratamiento m\u00e1s demandados en nuestra cl\u00ednica est\u00e9tica CEMEQ. Recupera tu mirada. Pide cita ya.\" \/>\n<meta property=\"og:url\" content=\"https:\/\/clinicacemeq.es\/estetica\/2022\/06\/28\/operacion-de-parpados-caidos\/\" \/>\n<meta property=\"og:site_name\" content=\"Cl\u00ednica Est\u00e9tica CEMEQ\" \/>\n<meta property=\"article:published_time\" content=\"2022-06-28T11:19:05+00:00\" \/>\n<meta property=\"article:modified_time\" content=\"2024-06-25T15:34:00+00:00\" \/>\n<meta property=\"og:image\" content=\"https:\/\/clinicacemeq.es\/estetica\/wp-content\/uploads\/2022\/06\/blefaroplastia-valencia-_1_.png\" \/>\n\t<meta property=\"og:image:width\" content=\"1000\" \/>\n\t<meta property=\"og:image:height\" content=\"667\" \/>\n\t<meta property=\"og:image:type\" content=\"image\/png\" \/>\n<meta name=\"author\" content=\"Federico Mahiques\" \/>\n<meta name=\"twitter:card\" content=\"summary_large_image\" \/>\n<meta name=\"twitter:label1\" content=\"Escrito por\" \/>\n\t<meta name=\"twitter:data1\" content=\"Federico Mahiques\" \/>\n\t<meta name=\"twitter:label2\" content=\"Tiempo de lectura\" \/>\n\t<meta name=\"twitter:data2\" content=\"3 minutos\" \/>\n<script type=\"application\/ld+json\" class=\"yoast-schema-graph\">{\"@context\":\"https:\/\/schema.org\",\"@graph\":[{\"@type\":[\"WebPage\",\"ItemPage\"],\"@id\":\"https:\/\/clinicacemeq.es\/estetica\/2022\/06\/28\/operacion-de-parpados-caidos\/\",\"url\":\"https:\/\/clinicacemeq.es\/estetica\/2022\/06\/28\/operacion-de-parpados-caidos\/\",\"name\":\"Operaci\u00f3n de p\u00e1rpados ca\u00eddos en Valencia - Cl\u00ednica Est\u00e9tica CEMEQ\",\"isPartOf\":{\"@id\":\"https:\/\/clinicacemeq.es\/estetica\/#website\"},\"primaryImageOfPage\":{\"@id\":\"https:\/\/clinicacemeq.es\/estetica\/2022\/06\/28\/operacion-de-parpados-caidos\/#primaryimage\"},\"image\":{\"@id\":\"https:\/\/clinicacemeq.es\/estetica\/2022\/06\/28\/operacion-de-parpados-caidos\/#primaryimage\"},\"thumbnailUrl\":\"https:\/\/clinicacemeq.es\/estetica\/wp-content\/uploads\/2022\/06\/blefaroplastia-valencia-_1_.png\",\"datePublished\":\"2022-06-28T11:19:05+00:00\",\"dateModified\":\"2024-06-25T15:34:00+00:00\",\"author\":{\"@id\":\"https:\/\/clinicacemeq.es\/estetica\/#\/schema\/person\/970b971cfb22127a85928078e5d97fcf\"},\"description\":\"La operaci\u00f3n de p\u00e1rpados ca\u00eddos es uno de los tratamiento m\u00e1s demandados en nuestra cl\u00ednica est\u00e9tica CEMEQ. Recupera tu mirada. Pide cita ya.\",\"breadcrumb\":{\"@id\":\"https:\/\/clinicacemeq.es\/estetica\/2022\/06\/28\/operacion-de-parpados-caidos\/#breadcrumb\"},\"inLanguage\":\"es\",\"potentialAction\":[{\"@type\":\"ReadAction\",\"target\":[\"https:\/\/clinicacemeq.es\/estetica\/2022\/06\/28\/operacion-de-parpados-caidos\/\"]}]},{\"@type\":\"ImageObject\",\"inLanguage\":\"es\",\"@id\":\"https:\/\/clinicacemeq.es\/estetica\/2022\/06\/28\/operacion-de-parpados-caidos\/#primaryimage\",\"url\":\"https:\/\/clinicacemeq.es\/estetica\/wp-content\/uploads\/2022\/06\/blefaroplastia-valencia-_1_.png\",\"contentUrl\":\"https:\/\/clinicacemeq.es\/estetica\/wp-content\/uploads\/2022\/06\/blefaroplastia-valencia-_1_.png\",\"width\":1000,\"height\":667,\"caption\":\"blefaroplastia-valencia-precio\"},{\"@type\":\"BreadcrumbList\",\"@id\":\"https:\/\/clinicacemeq.es\/estetica\/2022\/06\/28\/operacion-de-parpados-caidos\/#breadcrumb\",\"itemListElement\":[{\"@type\":\"ListItem\",\"position\":1,\"name\":\"Portada\",\"item\":\"https:\/\/clinicacemeq.es\/estetica\/\"},{\"@type\":\"ListItem\",\"position\":2,\"name\":\"Operaci\u00f3n de p\u00e1rpados ca\u00eddos en Valencia\"}]},{\"@type\":\"WebSite\",\"@id\":\"https:\/\/clinicacemeq.es\/estetica\/#website\",\"url\":\"https:\/\/clinicacemeq.es\/estetica\/\",\"name\":\"Cl\u00ednica Est\u00e9tica CEMEQ\",\"description\":\"Medicina est\u00e9tica \u0131 Cirug\u00eda Est\u00e9tica \u0131 Cl\u00ednica Dental \u0131 Unidad Capilar \u0131 Unidad de Obesidad\",\"potentialAction\":[{\"@type\":\"SearchAction\",\"target\":{\"@type\":\"EntryPoint\",\"urlTemplate\":\"https:\/\/clinicacemeq.es\/estetica\/?s={search_term_string}\"},\"query-input\":{\"@type\":\"PropertyValueSpecification\",\"valueRequired\":true,\"valueName\":\"search_term_string\"}}],\"inLanguage\":\"es\"},{\"@type\":\"Person\",\"@id\":\"https:\/\/clinicacemeq.es\/estetica\/#\/schema\/person\/970b971cfb22127a85928078e5d97fcf\",\"name\":\"Federico Mahiques\",\"image\":{\"@type\":\"ImageObject\",\"inLanguage\":\"es\",\"@id\":\"https:\/\/clinicacemeq.es\/estetica\/#\/schema\/person\/image\/\",\"url\":\"https:\/\/secure.gravatar.com\/avatar\/2eb8af16608046630259421df61b19a9?s=96&d=mm&r=g\",\"contentUrl\":\"https:\/\/secure.gravatar.com\/avatar\/2eb8af16608046630259421df61b19a9?s=96&d=mm&r=g\",\"caption\":\"Federico Mahiques\"},\"url\":\"https:\/\/clinicacemeq.es\/estetica\/author\/clinica-cemeq\/\"}]}<\/script>\n<!-- \/ Yoast SEO Premium plugin. -->","yoast_head_json":{"title":"Operaci\u00f3n de p\u00e1rpados ca\u00eddos en Valencia - Cl\u00ednica Est\u00e9tica CEMEQ","description":"La operaci\u00f3n de p\u00e1rpados ca\u00eddos es uno de los tratamiento m\u00e1s demandados en nuestra cl\u00ednica est\u00e9tica CEMEQ. Recupera tu mirada. Pide cita ya.","robots":{"index":"index","follow":"follow","max-snippet":"max-snippet:-1","max-image-preview":"max-image-preview:large","max-video-preview":"max-video-preview:-1"},"canonical":"https:\/\/clinicacemeq.es\/estetica\/2022\/06\/28\/operacion-de-parpados-caidos\/","og_locale":"es_ES","og_type":"article","og_title":"Operaci\u00f3n de p\u00e1rpados ca\u00eddos en Valencia","og_description":"La operaci\u00f3n de p\u00e1rpados ca\u00eddos es uno de los tratamiento m\u00e1s demandados en nuestra cl\u00ednica est\u00e9tica CEMEQ. Recupera tu mirada. Pide cita ya.","og_url":"https:\/\/clinicacemeq.es\/estetica\/2022\/06\/28\/operacion-de-parpados-caidos\/","og_site_name":"Cl\u00ednica Est\u00e9tica CEMEQ","article_published_time":"2022-06-28T11:19:05+00:00","article_modified_time":"2024-06-25T15:34:00+00:00","og_image":[{"width":1000,"height":667,"url":"https:\/\/clinicacemeq.es\/estetica\/wp-content\/uploads\/2022\/06\/blefaroplastia-valencia-_1_.png","type":"image\/png"}],"author":"Federico Mahiques","twitter_card":"summary_large_image","twitter_misc":{"Escrito por":"Federico Mahiques","Tiempo de lectura":"3 minutos"},"schema":{"@context":"https:\/\/schema.org","@graph":[{"@type":["WebPage","ItemPage"],"@id":"https:\/\/clinicacemeq.es\/estetica\/2022\/06\/28\/operacion-de-parpados-caidos\/","url":"https:\/\/clinicacemeq.es\/estetica\/2022\/06\/28\/operacion-de-parpados-caidos\/","name":"Operaci\u00f3n de p\u00e1rpados ca\u00eddos en Valencia - Cl\u00ednica Est\u00e9tica CEMEQ","isPartOf":{"@id":"https:\/\/clinicacemeq.es\/estetica\/#website"},"primaryImageOfPage":{"@id":"https:\/\/clinicacemeq.es\/estetica\/2022\/06\/28\/operacion-de-parpados-caidos\/#primaryimage"},"image":{"@id":"https:\/\/clinicacemeq.es\/estetica\/2022\/06\/28\/operacion-de-parpados-caidos\/#primaryimage"},"thumbnailUrl":"https:\/\/clinicacemeq.es\/estetica\/wp-content\/uploads\/2022\/06\/blefaroplastia-valencia-_1_.png","datePublished":"2022-06-28T11:19:05+00:00","dateModified":"2024-06-25T15:34:00+00:00","author":{"@id":"https:\/\/clinicacemeq.es\/estetica\/#\/schema\/person\/970b971cfb22127a85928078e5d97fcf"},"description":"La operaci\u00f3n de p\u00e1rpados ca\u00eddos es uno de los tratamiento m\u00e1s demandados en nuestra cl\u00ednica est\u00e9tica CEMEQ. Recupera tu mirada. Pide cita ya.","breadcrumb":{"@id":"https:\/\/clinicacemeq.es\/estetica\/2022\/06\/28\/operacion-de-parpados-caidos\/#breadcrumb"},"inLanguage":"es","potentialAction":[{"@type":"ReadAction","target":["https:\/\/clinicacemeq.es\/estetica\/2022\/06\/28\/operacion-de-parpados-caidos\/"]}]},{"@type":"ImageObject","inLanguage":"es","@id":"https:\/\/clinicacemeq.es\/estetica\/2022\/06\/28\/operacion-de-parpados-caidos\/#primaryimage","url":"https:\/\/clinicacemeq.es\/estetica\/wp-content\/uploads\/2022\/06\/blefaroplastia-valencia-_1_.png","contentUrl":"https:\/\/clinicacemeq.es\/estetica\/wp-content\/uploads\/2022\/06\/blefaroplastia-valencia-_1_.png","width":1000,"height":667,"caption":"blefaroplastia-valencia-precio"},{"@type":"BreadcrumbList","@id":"https:\/\/clinicacemeq.es\/estetica\/2022\/06\/28\/operacion-de-parpados-caidos\/#breadcrumb","itemListElement":[{"@type":"ListItem","position":1,"name":"Portada","item":"https:\/\/clinicacemeq.es\/estetica\/"},{"@type":"ListItem","position":2,"name":"Operaci\u00f3n de p\u00e1rpados ca\u00eddos en Valencia"}]},{"@type":"WebSite","@id":"https:\/\/clinicacemeq.es\/estetica\/#website","url":"https:\/\/clinicacemeq.es\/estetica\/","name":"Cl\u00ednica Est\u00e9tica CEMEQ","description":"Medicina est\u00e9tica \u0131 Cirug\u00eda Est\u00e9tica \u0131 Cl\u00ednica Dental \u0131 Unidad Capilar \u0131 Unidad de Obesidad","potentialAction":[{"@type":"SearchAction","target":{"@type":"EntryPoint","urlTemplate":"https:\/\/clinicacemeq.es\/estetica\/?s={search_term_string}"},"query-input":{"@type":"PropertyValueSpecification","valueRequired":true,"valueName":"search_term_string"}}],"inLanguage":"es"},{"@type":"Person","@id":"https:\/\/clinicacemeq.es\/estetica\/#\/schema\/person\/970b971cfb22127a85928078e5d97fcf","name":"Federico Mahiques","image":{"@type":"ImageObject","inLanguage":"es","@id":"https:\/\/clinicacemeq.es\/estetica\/#\/schema\/person\/image\/","url":"https:\/\/secure.gravatar.com\/avatar\/2eb8af16608046630259421df61b19a9?s=96&d=mm&r=g","contentUrl":"https:\/\/secure.gravatar.com\/avatar\/2eb8af16608046630259421df61b19a9?s=96&d=mm&r=g","caption":"Federico Mahiques"},"url":"https:\/\/clinicacemeq.es\/estetica\/author\/clinica-cemeq\/"}]}},"_links":{"self":[{"href":"https:\/\/clinicacemeq.es\/estetica\/wp-json\/wp\/v2\/posts\/3608"}],"collection":[{"href":"https:\/\/clinicacemeq.es\/estetica\/wp-json\/wp\/v2\/posts"}],"about":[{"href":"https:\/\/clinicacemeq.es\/estetica\/wp-json\/wp\/v2\/types\/post"}],"author":[{"embeddable":true,"href":"https:\/\/clinicacemeq.es\/estetica\/wp-json\/wp\/v2\/users\/2"}],"replies":[{"embeddable":true,"href":"https:\/\/clinicacemeq.es\/estetica\/wp-json\/wp\/v2\/comments?post=3608"}],"version-history":[{"count":4,"href":"https:\/\/clinicacemeq.es\/estetica\/wp-json\/wp\/v2\/posts\/3608\/revisions"}],"predecessor-version":[{"id":8896,"href":"https:\/\/clinicacemeq.es\/estetica\/wp-json\/wp\/v2\/posts\/3608\/revisions\/8896"}],"wp:featuredmedia":[{"embeddable":true,"href":"https:\/\/clinicacemeq.es\/estetica\/wp-json\/wp\/v2\/media\/3610"}],"wp:attachment":[{"href":"https:\/\/clinicacemeq.es\/estetica\/wp-json\/wp\/v2\/media?parent=3608"}],"wp:term":[{"taxonomy":"category","embeddable":true,"href":"https:\/\/clinicacemeq.es\/estetica\/wp-json\/wp\/v2\/categories?post=3608"},{"taxonomy":"post_tag","embeddable":true,"href":"https:\/\/clinicacemeq.es\/estetica\/wp-json\/wp\/v2\/tags?post=3608"}],"curies":[{"name":"wp","href":"https:\/\/api.w.org\/{rel}","templated":true}]}}