{"id":3473,"date":"2022-06-09T12:24:06","date_gmt":"2022-06-09T12:24:06","guid":{"rendered":"https:\/\/clinicacemeq.es\/estetica\/?p=3473"},"modified":"2024-06-25T15:34:01","modified_gmt":"2024-06-25T15:34:01","slug":"post-operatorio-del-injerto-capilar","status":"publish","type":"post","link":"https:\/\/clinicacemeq.es\/estetica\/2022\/06\/09\/post-operatorio-del-injerto-capilar\/","title":{"rendered":"\u00bfC\u00f3mo es el postoperatorio del microinjerto capilar?"},"content":{"rendered":"\n\n<div class=\"kk-star-ratings kksr-auto kksr-align-left kksr-valign-top\"\n    data-payload='{&quot;align&quot;:&quot;left&quot;,&quot;id&quot;:&quot;3473&quot;,&quot;slug&quot;:&quot;default&quot;,&quot;valign&quot;:&quot;top&quot;,&quot;ignore&quot;:&quot;&quot;,&quot;reference&quot;:&quot;auto&quot;,&quot;class&quot;:&quot;&quot;,&quot;count&quot;:&quot;0&quot;,&quot;legendonly&quot;:&quot;&quot;,&quot;readonly&quot;:&quot;&quot;,&quot;score&quot;:&quot;0&quot;,&quot;starsonly&quot;:&quot;&quot;,&quot;best&quot;:&quot;5&quot;,&quot;gap&quot;:&quot;5&quot;,&quot;greet&quot;:&quot;Valora esta publicaci\u00f3n \ud83d\ude09&quot;,&quot;legend&quot;:&quot;0\\\/5 - (0 votos)&quot;,&quot;size&quot;:&quot;24&quot;,&quot;title&quot;:&quot;\u00bfC\u00f3mo es el postoperatorio del microinjerto capilar?&quot;,&quot;width&quot;:&quot;0&quot;,&quot;_legend&quot;:&quot;{score}\\\/{best} - ({count} {votes})&quot;,&quot;font_factor&quot;:&quot;1.25&quot;}'>\n            \n<div class=\"kksr-stars\">\n    \n<div class=\"kksr-stars-inactive\">\n            <div class=\"kksr-star\" data-star=\"1\" style=\"padding-right: 5px\">\n            \n\n<div class=\"kksr-icon\" style=\"width: 24px; height: 24px;\"><\/div>\n        <\/div>\n            <div class=\"kksr-star\" data-star=\"2\" style=\"padding-right: 5px\">\n            \n\n<div class=\"kksr-icon\" style=\"width: 24px; height: 24px;\"><\/div>\n        <\/div>\n            <div class=\"kksr-star\" data-star=\"3\" style=\"padding-right: 5px\">\n            \n\n<div class=\"kksr-icon\" style=\"width: 24px; height: 24px;\"><\/div>\n        <\/div>\n            <div class=\"kksr-star\" data-star=\"4\" style=\"padding-right: 5px\">\n            \n\n<div class=\"kksr-icon\" style=\"width: 24px; height: 24px;\"><\/div>\n        <\/div>\n            <div class=\"kksr-star\" data-star=\"5\" style=\"padding-right: 5px\">\n            \n\n<div class=\"kksr-icon\" style=\"width: 24px; height: 24px;\"><\/div>\n        <\/div>\n    <\/div>\n    \n<div class=\"kksr-stars-active\" style=\"width: 0px;\">\n            <div class=\"kksr-star\" style=\"padding-right: 5px\">\n            \n\n<div class=\"kksr-icon\" style=\"width: 24px; height: 24px;\"><\/div>\n        <\/div>\n            <div class=\"kksr-star\" style=\"padding-right: 5px\">\n            \n\n<div class=\"kksr-icon\" style=\"width: 24px; height: 24px;\"><\/div>\n        <\/div>\n            <div class=\"kksr-star\" style=\"padding-right: 5px\">\n            \n\n<div class=\"kksr-icon\" style=\"width: 24px; height: 24px;\"><\/div>\n        <\/div>\n            <div class=\"kksr-star\" style=\"padding-right: 5px\">\n            \n\n<div class=\"kksr-icon\" style=\"width: 24px; height: 24px;\"><\/div>\n        <\/div>\n            <div class=\"kksr-star\" style=\"padding-right: 5px\">\n            \n\n<div class=\"kksr-icon\" style=\"width: 24px; height: 24px;\"><\/div>\n        <\/div>\n    <\/div>\n<\/div>\n                \n\n<div class=\"kksr-legend\" style=\"font-size: 19.2px;\">\n            <span class=\"kksr-muted\">Valora esta publicaci\u00f3n \ud83d\ude09<\/span>\n    <\/div>\n    <\/div>\n<p>A la hora de someterse a un <strong>injerto capilar en Valencia<\/strong>, es necesario conocer los aspectos m\u00e1s importantes de esta intervenci\u00f3n. Uno de ellos es conocer al detalle c\u00f3mo ser\u00e1 el postoperatorio del microinjerto capilar En este post te ayudamos a resolver todas tus dudas sobre c\u00f3mo es el postoperatorio del <strong><a href=\"https:\/\/clinicacemeq.es\/estetica\/2023\/01\/24\/eficacia-del-microinjerto-capilar\/\">microinjerto capilar<\/a> <\/strong>y qu\u00e9 cuidados debes realizar para garantizar el mejor resultado.<\/p>\n<h2>Microinjerto capilar: M\u00e9todo FUE<\/h2>\n<p>En nuestra <a href=\"https:\/\/clinicacemeq.es\/estetica\/micro-injerto-capilar\/\"><strong>cl\u00ednica capilar en Valencia,<\/strong><\/a> realizamos el trasplante capilar con la t\u00e9cnica FUE. Un procedimiento sencillo, seguro y eficaz, en el que el\u00a0 mismo d\u00eda de la intervenci\u00f3n puedes volver a casa. Sin embargo, hay una serie de indicaciones que se deben seguir para facilitar la recuperaci\u00f3n y asegurar que todo vaya bien.<\/p>\n<h2>Postoperatorio del injerto capilar en Valencia<\/h2>\n<p>Tras la intervenci\u00f3n, los m\u00e9dicos especialistas te dar\u00e1n las observaciones que debes seguir con todo detalle y adaptadas a ti. No obstante, vamos a repasar aqu\u00ed cu\u00e1les son las\u00a0 principales recomendaciones para el postoperatorio del injerto capilar<\/p>\n<h3>\u00bfQu\u00e9 alimentaci\u00f3n, bebidas y medicaci\u00f3n debo seguir?<\/h3>\n<p>En los primeros d\u00edas, tras el <strong>microinjerto capilar<\/strong> es recomendable evitar las comidas copiosas, el alcohol, el tabaco y las bebidas que contienen te\u00edna y cafe\u00edna. Es importante, seguir las pautas de medicaci\u00f3n, que incluyen antiinflamatorios y analg\u00e9sicos para contrarrestar la hinchaz\u00f3n y las molestias, y antibi\u00f3ticos para prevenir una posible infecci\u00f3n.<\/p>\n<h3>\u00bfC\u00f3mo duermo despu\u00e9s de un microinjerto capilar?<\/h3>\n<p>Durante los primeros d\u00edas del<strong> microinjerto capilar,<\/strong> hay que evitar el roce de la cabeza con la almohada ni las s\u00e1banas para no da\u00f1ar los fol\u00edculos reci\u00e9n injertados, por ello, lo mejor es colocarse un coj\u00edn en la nuca que eleve la cabeza y mantenga la zona receptora a salvo de roces. Una vez transcurridos los diez primeros d\u00edas, los injertos ya est\u00e1n arraigados, y se podr\u00e1 dormir con normalidad.<\/p>\n<h3>\u00bfCu\u00e1ndo podr\u00e9 realizar ejercicio?<\/h3>\n<p>A partir de los 10 d\u00edas se puede empezar a realizar una actividad f\u00edsica moderada. Sin embargo, el ejercicio intenso es desaconsejable durante todo el primer mes.<\/p>\n<h3>C\u00f3mo lavar mi pelo despu\u00e9s de un microinjerto capilar:<\/h3>\n<p>Durante las primeras 48 horas no se debe lavar ni tocar en absoluto. Pasado ese plazo, ya puedes empezar a limpiar la zona con precauci\u00f3n, vertiendo agua con un vaso o semejante y aplicando sin frotar, palmeando con la yema de los dedos, la loci\u00f3n y el champ\u00fa espec\u00edficos. As\u00ed debemos continuar durante los diez primeros d\u00edas. Durante este periodo surgen las costras, que hay que dejar caer de forma natural, sin rascar ni frotar. Si aparecen picores, puedes contrarrestarlos con suero fisiol\u00f3gico, pero nunca rascando. Pasados los diez primeros d\u00edas y las costras halla desaparecido, ya puedes volver a lavarte la cabeza como habitualmente, manteniendo en todo momento\u00a0 cierta suavidad y delicadeza en la fricci\u00f3n.<\/p>\n<h3>\u00bfCu\u00e1ndo puedo usar gorra despu\u00e9s de un microinjerto capilar?<\/h3>\n<p>La presi\u00f3n y el roce de la gorra resultan contraproducentes en los primeros d\u00edas y hay que evitarlos. Una vez transcurridos un periodo de d\u00edas considerables (7-10 d\u00edas) podr\u00e1s utilizarla sin problema.<\/p>\n<h3>\u00bfCu\u00e1ndo podr\u00e9 utilizar gel o champ\u00fa?<\/h3>\n<p>Tras la intervenci\u00f3n del <strong><a href=\"https:\/\/clinicacemeq.es\/estetica\/2023\/01\/24\/eficacia-del-microinjerto-capilar\/\">microinjerto capilar<\/a> <\/strong>podr\u00e1s usar champ\u00fa una vez pasadas las primeras 48 horas.<br \/>\nDurante los 10 primeros d\u00edas, se aplicar\u00e1 un champ\u00fa espec\u00edfico dise\u00f1ado para la recuperaci\u00f3n y cuidado del cuero cabelludo.\u00a0 Una vez finalice este periodo, ya podr\u00e1s volver a tu champ\u00fa habitual.<\/p>\n<p>&nbsp;<\/p>\n<h2>CEMEQ: Cl\u00ednica Capilar en Valencia<\/h2>\n<p>En nuestra <a href=\"https:\/\/clinicacemeq.es\/estetica\/micro-injerto-capilar\/\"><strong>cl\u00ednica capilar en Valencia<\/strong><\/a> disponemos de los mejores m\u00e9dicos tric\u00f3logos. Con experiencia demostrada en\u00a0 todo tipo de tratamientos capilares y las \u00faltimas t\u00e9cnicas de<strong> microinjerto capilar.<\/strong> No esperes m\u00e1s y\u00a0 solicita tu diagn\u00f3stico online totalmente gratuito y podr\u00e1s comprobarlo por ti mismo. <a href=\"https:\/\/clinicacemeq.es\/estetica\/contacto\/\"><strong>Pide cita. Primera consulta gratuita.<\/strong><\/a><\/p>\n","protected":false},"excerpt":{"rendered":"<p>A la hora de someterse a un injerto capilar en Valencia, es necesario conocer los aspectos m\u00e1s importantes de esta intervenci\u00f3n. Uno de ellos es conocer al detalle c\u00f3mo ser\u00e1 el postoperatorio del microinjerto capilar En este post te ayudamos a resolver todas tus dudas sobre c\u00f3mo es el postoperatorio del microinjerto capilar y qu\u00e9 [&#8230;]\n","protected":false},"author":2,"featured_media":3478,"comment_status":"open","ping_status":"open","sticky":false,"template":"","format":"standard","meta":{"footnotes":""},"categories":[138,1],"tags":[],"yoast_head":"<!-- This site is optimized with the Yoast SEO Premium plugin v18.3 (Yoast SEO v24.5) - https:\/\/yoast.com\/wordpress\/plugins\/seo\/ -->\n<title>Post operatorio del Injerto capilar - Cl\u00ednica Est\u00e9tica CEMEQ<\/title>\n<meta name=\"description\" content=\"Una de las preguntas m\u00e1s frecuentes en nuestra cl\u00ednica capilar es como ser\u00e1 el postoperatorio del microinjerto capilar.\u00a0Resolvemos tu duda.\" \/>\n<meta name=\"robots\" content=\"index, follow, max-snippet:-1, max-image-preview:large, max-video-preview:-1\" \/>\n<link rel=\"canonical\" href=\"https:\/\/clinicacemeq.es\/estetica\/2022\/06\/09\/post-operatorio-del-injerto-capilar\/\" \/>\n<meta property=\"og:locale\" content=\"es_ES\" \/>\n<meta property=\"og:type\" content=\"article\" \/>\n<meta property=\"og:title\" content=\"\u00bfC\u00f3mo es el postoperatorio del microinjerto capilar?\" \/>\n<meta property=\"og:description\" content=\"Una de las preguntas m\u00e1s frecuentes en nuestra cl\u00ednica capilar es como ser\u00e1 el postoperatorio del microinjerto capilar.\u00a0Resolvemos tu duda.\" \/>\n<meta property=\"og:url\" content=\"https:\/\/clinicacemeq.es\/estetica\/2022\/06\/09\/post-operatorio-del-injerto-capilar\/\" \/>\n<meta property=\"og:site_name\" content=\"Cl\u00ednica Est\u00e9tica CEMEQ\" \/>\n<meta property=\"article:published_time\" content=\"2022-06-09T12:24:06+00:00\" \/>\n<meta property=\"article:modified_time\" content=\"2024-06-25T15:34:01+00:00\" \/>\n<meta property=\"og:image\" content=\"https:\/\/clinicacemeq.es\/estetica\/wp-content\/uploads\/2022\/06\/post-operatorio-injerto-capilar-_1_-1-e1677151828374.png\" \/>\n\t<meta property=\"og:image:width\" content=\"875\" \/>\n\t<meta property=\"og:image:height\" content=\"657\" \/>\n\t<meta property=\"og:image:type\" content=\"image\/png\" \/>\n<meta name=\"author\" content=\"Federico Mahiques\" \/>\n<meta name=\"twitter:card\" content=\"summary_large_image\" \/>\n<meta name=\"twitter:label1\" content=\"Escrito por\" \/>\n\t<meta name=\"twitter:data1\" content=\"Federico Mahiques\" \/>\n\t<meta name=\"twitter:label2\" content=\"Tiempo de lectura\" \/>\n\t<meta name=\"twitter:data2\" content=\"3 minutos\" \/>\n<script type=\"application\/ld+json\" class=\"yoast-schema-graph\">{\"@context\":\"https:\/\/schema.org\",\"@graph\":[{\"@type\":[\"WebPage\",\"ItemPage\"],\"@id\":\"https:\/\/clinicacemeq.es\/estetica\/2022\/06\/09\/post-operatorio-del-injerto-capilar\/\",\"url\":\"https:\/\/clinicacemeq.es\/estetica\/2022\/06\/09\/post-operatorio-del-injerto-capilar\/\",\"name\":\"Post operatorio del Injerto capilar - Cl\u00ednica Est\u00e9tica CEMEQ\",\"isPartOf\":{\"@id\":\"https:\/\/clinicacemeq.es\/estetica\/#website\"},\"primaryImageOfPage\":{\"@id\":\"https:\/\/clinicacemeq.es\/estetica\/2022\/06\/09\/post-operatorio-del-injerto-capilar\/#primaryimage\"},\"image\":{\"@id\":\"https:\/\/clinicacemeq.es\/estetica\/2022\/06\/09\/post-operatorio-del-injerto-capilar\/#primaryimage\"},\"thumbnailUrl\":\"https:\/\/clinicacemeq.es\/estetica\/wp-content\/uploads\/2022\/06\/post-operatorio-injerto-capilar-_1_-1-e1677151828374.png\",\"datePublished\":\"2022-06-09T12:24:06+00:00\",\"dateModified\":\"2024-06-25T15:34:01+00:00\",\"author\":{\"@id\":\"https:\/\/clinicacemeq.es\/estetica\/#\/schema\/person\/970b971cfb22127a85928078e5d97fcf\"},\"description\":\"Una de las preguntas m\u00e1s frecuentes en nuestra cl\u00ednica capilar es como ser\u00e1 el postoperatorio del microinjerto capilar.\u00a0Resolvemos tu duda.\",\"breadcrumb\":{\"@id\":\"https:\/\/clinicacemeq.es\/estetica\/2022\/06\/09\/post-operatorio-del-injerto-capilar\/#breadcrumb\"},\"inLanguage\":\"es\",\"potentialAction\":[{\"@type\":\"ReadAction\",\"target\":[\"https:\/\/clinicacemeq.es\/estetica\/2022\/06\/09\/post-operatorio-del-injerto-capilar\/\"]}]},{\"@type\":\"ImageObject\",\"inLanguage\":\"es\",\"@id\":\"https:\/\/clinicacemeq.es\/estetica\/2022\/06\/09\/post-operatorio-del-injerto-capilar\/#primaryimage\",\"url\":\"https:\/\/clinicacemeq.es\/estetica\/wp-content\/uploads\/2022\/06\/post-operatorio-injerto-capilar-_1_-1-e1677151828374.png\",\"contentUrl\":\"https:\/\/clinicacemeq.es\/estetica\/wp-content\/uploads\/2022\/06\/post-operatorio-injerto-capilar-_1_-1-e1677151828374.png\",\"width\":875,\"height\":657,\"caption\":\"Post operatorio del microinjerto capilar\"},{\"@type\":\"BreadcrumbList\",\"@id\":\"https:\/\/clinicacemeq.es\/estetica\/2022\/06\/09\/post-operatorio-del-injerto-capilar\/#breadcrumb\",\"itemListElement\":[{\"@type\":\"ListItem\",\"position\":1,\"name\":\"Portada\",\"item\":\"https:\/\/clinicacemeq.es\/estetica\/\"},{\"@type\":\"ListItem\",\"position\":2,\"name\":\"\u00bfC\u00f3mo es el postoperatorio del microinjerto capilar?\"}]},{\"@type\":\"WebSite\",\"@id\":\"https:\/\/clinicacemeq.es\/estetica\/#website\",\"url\":\"https:\/\/clinicacemeq.es\/estetica\/\",\"name\":\"Cl\u00ednica Est\u00e9tica CEMEQ\",\"description\":\"Medicina est\u00e9tica \u0131 Cirug\u00eda Est\u00e9tica \u0131 Cl\u00ednica Dental \u0131 Unidad Capilar \u0131 Unidad de Obesidad\",\"potentialAction\":[{\"@type\":\"SearchAction\",\"target\":{\"@type\":\"EntryPoint\",\"urlTemplate\":\"https:\/\/clinicacemeq.es\/estetica\/?s={search_term_string}\"},\"query-input\":{\"@type\":\"PropertyValueSpecification\",\"valueRequired\":true,\"valueName\":\"search_term_string\"}}],\"inLanguage\":\"es\"},{\"@type\":\"Person\",\"@id\":\"https:\/\/clinicacemeq.es\/estetica\/#\/schema\/person\/970b971cfb22127a85928078e5d97fcf\",\"name\":\"Federico Mahiques\",\"image\":{\"@type\":\"ImageObject\",\"inLanguage\":\"es\",\"@id\":\"https:\/\/clinicacemeq.es\/estetica\/#\/schema\/person\/image\/\",\"url\":\"https:\/\/secure.gravatar.com\/avatar\/2eb8af16608046630259421df61b19a9?s=96&d=mm&r=g\",\"contentUrl\":\"https:\/\/secure.gravatar.com\/avatar\/2eb8af16608046630259421df61b19a9?s=96&d=mm&r=g\",\"caption\":\"Federico Mahiques\"},\"url\":\"https:\/\/clinicacemeq.es\/estetica\/author\/clinica-cemeq\/\"}]}<\/script>\n<!-- \/ Yoast SEO Premium plugin. -->","yoast_head_json":{"title":"Post operatorio del Injerto capilar - Cl\u00ednica Est\u00e9tica CEMEQ","description":"Una de las preguntas m\u00e1s frecuentes en nuestra cl\u00ednica capilar es como ser\u00e1 el postoperatorio del microinjerto capilar.\u00a0Resolvemos tu duda.","robots":{"index":"index","follow":"follow","max-snippet":"max-snippet:-1","max-image-preview":"max-image-preview:large","max-video-preview":"max-video-preview:-1"},"canonical":"https:\/\/clinicacemeq.es\/estetica\/2022\/06\/09\/post-operatorio-del-injerto-capilar\/","og_locale":"es_ES","og_type":"article","og_title":"\u00bfC\u00f3mo es el postoperatorio del microinjerto capilar?","og_description":"Una de las preguntas m\u00e1s frecuentes en nuestra cl\u00ednica capilar es como ser\u00e1 el postoperatorio del microinjerto capilar.\u00a0Resolvemos tu duda.","og_url":"https:\/\/clinicacemeq.es\/estetica\/2022\/06\/09\/post-operatorio-del-injerto-capilar\/","og_site_name":"Cl\u00ednica Est\u00e9tica CEMEQ","article_published_time":"2022-06-09T12:24:06+00:00","article_modified_time":"2024-06-25T15:34:01+00:00","og_image":[{"width":875,"height":657,"url":"https:\/\/clinicacemeq.es\/estetica\/wp-content\/uploads\/2022\/06\/post-operatorio-injerto-capilar-_1_-1-e1677151828374.png","type":"image\/png"}],"author":"Federico Mahiques","twitter_card":"summary_large_image","twitter_misc":{"Escrito por":"Federico Mahiques","Tiempo de lectura":"3 minutos"},"schema":{"@context":"https:\/\/schema.org","@graph":[{"@type":["WebPage","ItemPage"],"@id":"https:\/\/clinicacemeq.es\/estetica\/2022\/06\/09\/post-operatorio-del-injerto-capilar\/","url":"https:\/\/clinicacemeq.es\/estetica\/2022\/06\/09\/post-operatorio-del-injerto-capilar\/","name":"Post operatorio del Injerto capilar - Cl\u00ednica Est\u00e9tica CEMEQ","isPartOf":{"@id":"https:\/\/clinicacemeq.es\/estetica\/#website"},"primaryImageOfPage":{"@id":"https:\/\/clinicacemeq.es\/estetica\/2022\/06\/09\/post-operatorio-del-injerto-capilar\/#primaryimage"},"image":{"@id":"https:\/\/clinicacemeq.es\/estetica\/2022\/06\/09\/post-operatorio-del-injerto-capilar\/#primaryimage"},"thumbnailUrl":"https:\/\/clinicacemeq.es\/estetica\/wp-content\/uploads\/2022\/06\/post-operatorio-injerto-capilar-_1_-1-e1677151828374.png","datePublished":"2022-06-09T12:24:06+00:00","dateModified":"2024-06-25T15:34:01+00:00","author":{"@id":"https:\/\/clinicacemeq.es\/estetica\/#\/schema\/person\/970b971cfb22127a85928078e5d97fcf"},"description":"Una de las preguntas m\u00e1s frecuentes en nuestra cl\u00ednica capilar es como ser\u00e1 el postoperatorio del microinjerto capilar.\u00a0Resolvemos tu duda.","breadcrumb":{"@id":"https:\/\/clinicacemeq.es\/estetica\/2022\/06\/09\/post-operatorio-del-injerto-capilar\/#breadcrumb"},"inLanguage":"es","potentialAction":[{"@type":"ReadAction","target":["https:\/\/clinicacemeq.es\/estetica\/2022\/06\/09\/post-operatorio-del-injerto-capilar\/"]}]},{"@type":"ImageObject","inLanguage":"es","@id":"https:\/\/clinicacemeq.es\/estetica\/2022\/06\/09\/post-operatorio-del-injerto-capilar\/#primaryimage","url":"https:\/\/clinicacemeq.es\/estetica\/wp-content\/uploads\/2022\/06\/post-operatorio-injerto-capilar-_1_-1-e1677151828374.png","contentUrl":"https:\/\/clinicacemeq.es\/estetica\/wp-content\/uploads\/2022\/06\/post-operatorio-injerto-capilar-_1_-1-e1677151828374.png","width":875,"height":657,"caption":"Post operatorio del microinjerto capilar"},{"@type":"BreadcrumbList","@id":"https:\/\/clinicacemeq.es\/estetica\/2022\/06\/09\/post-operatorio-del-injerto-capilar\/#breadcrumb","itemListElement":[{"@type":"ListItem","position":1,"name":"Portada","item":"https:\/\/clinicacemeq.es\/estetica\/"},{"@type":"ListItem","position":2,"name":"\u00bfC\u00f3mo es el postoperatorio del microinjerto capilar?"}]},{"@type":"WebSite","@id":"https:\/\/clinicacemeq.es\/estetica\/#website","url":"https:\/\/clinicacemeq.es\/estetica\/","name":"Cl\u00ednica Est\u00e9tica CEMEQ","description":"Medicina est\u00e9tica \u0131 Cirug\u00eda Est\u00e9tica \u0131 Cl\u00ednica Dental \u0131 Unidad Capilar \u0131 Unidad de Obesidad","potentialAction":[{"@type":"SearchAction","target":{"@type":"EntryPoint","urlTemplate":"https:\/\/clinicacemeq.es\/estetica\/?s={search_term_string}"},"query-input":{"@type":"PropertyValueSpecification","valueRequired":true,"valueName":"search_term_string"}}],"inLanguage":"es"},{"@type":"Person","@id":"https:\/\/clinicacemeq.es\/estetica\/#\/schema\/person\/970b971cfb22127a85928078e5d97fcf","name":"Federico Mahiques","image":{"@type":"ImageObject","inLanguage":"es","@id":"https:\/\/clinicacemeq.es\/estetica\/#\/schema\/person\/image\/","url":"https:\/\/secure.gravatar.com\/avatar\/2eb8af16608046630259421df61b19a9?s=96&d=mm&r=g","contentUrl":"https:\/\/secure.gravatar.com\/avatar\/2eb8af16608046630259421df61b19a9?s=96&d=mm&r=g","caption":"Federico Mahiques"},"url":"https:\/\/clinicacemeq.es\/estetica\/author\/clinica-cemeq\/"}]}},"_links":{"self":[{"href":"https:\/\/clinicacemeq.es\/estetica\/wp-json\/wp\/v2\/posts\/3473"}],"collection":[{"href":"https:\/\/clinicacemeq.es\/estetica\/wp-json\/wp\/v2\/posts"}],"about":[{"href":"https:\/\/clinicacemeq.es\/estetica\/wp-json\/wp\/v2\/types\/post"}],"author":[{"embeddable":true,"href":"https:\/\/clinicacemeq.es\/estetica\/wp-json\/wp\/v2\/users\/2"}],"replies":[{"embeddable":true,"href":"https:\/\/clinicacemeq.es\/estetica\/wp-json\/wp\/v2\/comments?post=3473"}],"version-history":[{"count":4,"href":"https:\/\/clinicacemeq.es\/estetica\/wp-json\/wp\/v2\/posts\/3473\/revisions"}],"predecessor-version":[{"id":8899,"href":"https:\/\/clinicacemeq.es\/estetica\/wp-json\/wp\/v2\/posts\/3473\/revisions\/8899"}],"wp:featuredmedia":[{"embeddable":true,"href":"https:\/\/clinicacemeq.es\/estetica\/wp-json\/wp\/v2\/media\/3478"}],"wp:attachment":[{"href":"https:\/\/clinicacemeq.es\/estetica\/wp-json\/wp\/v2\/media?parent=3473"}],"wp:term":[{"taxonomy":"category","embeddable":true,"href":"https:\/\/clinicacemeq.es\/estetica\/wp-json\/wp\/v2\/categories?post=3473"},{"taxonomy":"post_tag","embeddable":true,"href":"https:\/\/clinicacemeq.es\/estetica\/wp-json\/wp\/v2\/tags?post=3473"}],"curies":[{"name":"wp","href":"https:\/\/api.w.org\/{rel}","templated":true}]}}