{"id":3398,"date":"2022-06-03T10:07:17","date_gmt":"2022-06-03T10:07:17","guid":{"rendered":"https:\/\/clinicacemeq.es\/estetica\/?p=3398"},"modified":"2024-06-25T15:34:01","modified_gmt":"2024-06-25T15:34:01","slug":"tratamientos-capilares-en-valencia","status":"publish","type":"post","link":"https:\/\/clinicacemeq.es\/estetica\/2022\/06\/03\/tratamientos-capilares-en-valencia\/","title":{"rendered":"Tratamientos capilares en Valencia"},"content":{"rendered":"\n\n<div class=\"kk-star-ratings kksr-auto kksr-align-left kksr-valign-top\"\n    data-payload='{&quot;align&quot;:&quot;left&quot;,&quot;id&quot;:&quot;3398&quot;,&quot;slug&quot;:&quot;default&quot;,&quot;valign&quot;:&quot;top&quot;,&quot;ignore&quot;:&quot;&quot;,&quot;reference&quot;:&quot;auto&quot;,&quot;class&quot;:&quot;&quot;,&quot;count&quot;:&quot;0&quot;,&quot;legendonly&quot;:&quot;&quot;,&quot;readonly&quot;:&quot;&quot;,&quot;score&quot;:&quot;0&quot;,&quot;starsonly&quot;:&quot;&quot;,&quot;best&quot;:&quot;5&quot;,&quot;gap&quot;:&quot;5&quot;,&quot;greet&quot;:&quot;Valora esta publicaci\u00f3n \ud83d\ude09&quot;,&quot;legend&quot;:&quot;0\\\/5 - (0 votos)&quot;,&quot;size&quot;:&quot;24&quot;,&quot;title&quot;:&quot;Tratamientos capilares en Valencia&quot;,&quot;width&quot;:&quot;0&quot;,&quot;_legend&quot;:&quot;{score}\\\/{best} - ({count} {votes})&quot;,&quot;font_factor&quot;:&quot;1.25&quot;}'>\n            \n<div class=\"kksr-stars\">\n    \n<div class=\"kksr-stars-inactive\">\n            <div class=\"kksr-star\" data-star=\"1\" style=\"padding-right: 5px\">\n            \n\n<div class=\"kksr-icon\" style=\"width: 24px; height: 24px;\"><\/div>\n        <\/div>\n            <div class=\"kksr-star\" data-star=\"2\" style=\"padding-right: 5px\">\n            \n\n<div class=\"kksr-icon\" style=\"width: 24px; height: 24px;\"><\/div>\n        <\/div>\n            <div class=\"kksr-star\" data-star=\"3\" style=\"padding-right: 5px\">\n            \n\n<div class=\"kksr-icon\" style=\"width: 24px; height: 24px;\"><\/div>\n        <\/div>\n            <div class=\"kksr-star\" data-star=\"4\" style=\"padding-right: 5px\">\n            \n\n<div class=\"kksr-icon\" style=\"width: 24px; height: 24px;\"><\/div>\n        <\/div>\n            <div class=\"kksr-star\" data-star=\"5\" style=\"padding-right: 5px\">\n            \n\n<div class=\"kksr-icon\" style=\"width: 24px; height: 24px;\"><\/div>\n        <\/div>\n    <\/div>\n    \n<div class=\"kksr-stars-active\" style=\"width: 0px;\">\n            <div class=\"kksr-star\" style=\"padding-right: 5px\">\n            \n\n<div class=\"kksr-icon\" style=\"width: 24px; height: 24px;\"><\/div>\n        <\/div>\n            <div class=\"kksr-star\" style=\"padding-right: 5px\">\n            \n\n<div class=\"kksr-icon\" style=\"width: 24px; height: 24px;\"><\/div>\n        <\/div>\n            <div class=\"kksr-star\" style=\"padding-right: 5px\">\n            \n\n<div class=\"kksr-icon\" style=\"width: 24px; height: 24px;\"><\/div>\n        <\/div>\n            <div class=\"kksr-star\" style=\"padding-right: 5px\">\n            \n\n<div class=\"kksr-icon\" style=\"width: 24px; height: 24px;\"><\/div>\n        <\/div>\n            <div class=\"kksr-star\" style=\"padding-right: 5px\">\n            \n\n<div class=\"kksr-icon\" style=\"width: 24px; height: 24px;\"><\/div>\n        <\/div>\n    <\/div>\n<\/div>\n                \n\n<div class=\"kksr-legend\" style=\"font-size: 19.2px;\">\n            <span class=\"kksr-muted\">Valora esta publicaci\u00f3n \ud83d\ude09<\/span>\n    <\/div>\n    <\/div>\n<p>Cada vez m\u00e1s pacientes acuden a nuestra Cl\u00ednica capilar en Valencia para conocer los distintos tipos de tratamientos capilares en Valencia contra la ca\u00edda del pelo.\u00a0 En este post, te contamos los distintos tipos de tratamientos capilares en Valencia que existen.<\/p>\n<h2>Cl\u00ednica capilar en Valencia especializada en tratamientos capilares<\/h2>\n<p>En nuestra cl\u00ednica Capilar en Valencia contamos con el mejor equipo de tric\u00f3logos, profesionales formados y especializados en distintos tipos de tratamientos contra la ca\u00edda del cabello en Valencia.<\/p>\n<p>Dentro de CEMEQ ofrecemos tratamientos capilares contra la ca\u00edda del pelo, problemas de alopecias, falta de densidad capilar y soluci\u00f3n a los problemas de dermatitis en el cuero cabelludo.<br \/>\nEn nuestra <a href=\"https:\/\/clinicacemeq.es\/estetica\/micro-injerto-capilar\/\"><strong>cl\u00ednica capilar en Valencia<\/strong> <\/a>encontrar\u00e1s los mejores tratamientos capilares para el debilitamiento\u00a0 y ca\u00edda de tu pelo. Sin embargo, cada uno tiene un objetivo distinto, por ello es conveniente acudir a nuestra cl\u00ednica y realizarse un buen diagn\u00f3stico capilar.<\/p>\n<h2>Injerto Capilar en Valencia<\/h2>\n<p>Somos una <strong>cl\u00ednica capilar <\/strong>especializada en <a href=\"https:\/\/clinicacemeq.es\/estetica\/2023\/01\/24\/eficacia-del-microinjerto-capilar\/\"><strong>trasplante capilar en Valencia<\/strong> <\/a>FUE, un procedimiento quir\u00fargico m\u00ednimamente invasivo que trata cada pelo individualmente, siendo la t\u00e9cnica menos agresiva y que mejores resultados ofrece actualmente.<\/p>\n<h3>Beneficios de nuestro injerto capilar en Valencia<\/h3>\n<ul>\n<li>Facilita el tratamiento de injerto capilar en zonas peque\u00f1as y medianas,<\/li>\n<li>Reduce el tiempo necesario para la recuperaci\u00f3n de un trasplante de cabello<\/li>\n<li>No deja cicatrices visibles.<\/li>\n<li>Permite llevar pelo corto y largo<\/li>\n<li>Procedimiento m\u00ednimamente invasivo<\/li>\n<li>Permite una recuperaci\u00f3n m\u00e1s corta y una menor tasa de complicaciones.<\/li>\n<li>Puede que te interese: Precio del injerto capilar en Valencia<\/li>\n<\/ul>\n<h2>PRP Capilar<\/h2>\n<p>El <strong>PRP capilar<\/strong> valencia es un tratamiento para la regeneraci\u00f3n del cabello.La principal ventaja de este tratamiento es que potenciar\u00e1 de forma natural y poco invasiva la capacidad regenerativa de los tejidos. Es especialmente indicado para alopecias leves.<\/p>\n<ul>\n<li>Estimula el crecimiento capilar<\/li>\n<li>Tratamiento r\u00e1pido e indoloro<\/li>\n<li>Nutre y fortalece las fibras existentes<\/li>\n<li>Estimula la capacidad de regeneraci\u00f3n y crecimiento celular<\/li>\n<\/ul>\n<h2>Mesoterapia Capilar<\/h2>\n<p>La <strong><a href=\"https:\/\/clinicacemeq.es\/estetica\/meso-intervencion-capilar\/\">mesoterapia capilar<\/a> <\/strong>es un tratamiento capilar efectivo para mujeres y hombres, ayuda a frenar la ca\u00edda del pelo. Consiste en una bioestimulaci\u00f3n capilar mediante microinyecciones que van\u00a0 directamente en el cuero cabelludo de la zona afectada de diferentes agentes activos o medicamentos como relleno con AH\u00a0 no reticulado. Adem\u00e1s, tiene los siguientes beneficios:<\/p>\n<ul>\n<li>Fortalece los fol\u00edculos pilosos<\/li>\n<li>Fortalece el cabello da\u00f1ado<\/li>\n<li>Consigue un cabello con mejor aspecto, m\u00e1s sano y con mayor densidad.<\/li>\n<li>Nutre y estimula la ra\u00edz del cabello<\/li>\n<\/ul>\n<p>\u00bfEst\u00e1s interesado en alguno de estos tratamientos capilares en Valencia? En nuestra <strong><a href=\"https:\/\/clinicacemeq.es\/estetica\/micro-injerto-capilar\/\">cl\u00ednica capilar en Valencia<\/a> <\/strong>te realizaremos un diagn\u00f3stico 100% personalizado con nuestros expertos tric\u00f3logos para saber la idoneidad del tratamiento. No lo pienses m\u00e1s y <a href=\"https:\/\/clinicacemeq.es\/estetica\/contacto\/\"><strong>rellena el formulario de contacto o concertar una cita por tel\u00e9fono.<\/strong><\/a><\/p>\n<p>&nbsp;<\/p>\n","protected":false},"excerpt":{"rendered":"<p>Cada vez m\u00e1s pacientes acuden a nuestra Cl\u00ednica capilar en Valencia para conocer los distintos tipos de tratamientos capilares en Valencia contra la ca\u00edda del pelo.\u00a0 En este post, te contamos los distintos tipos de tratamientos capilares en Valencia que existen. Cl\u00ednica capilar en Valencia especializada en tratamientos capilares En nuestra cl\u00ednica Capilar en Valencia [&#8230;]\n","protected":false},"author":2,"featured_media":3399,"comment_status":"open","ping_status":"open","sticky":false,"template":"","format":"standard","meta":{"footnotes":""},"categories":[138,1],"tags":[],"yoast_head":"<!-- This site is optimized with the Yoast SEO Premium plugin v18.3 (Yoast SEO v24.5) - https:\/\/yoast.com\/wordpress\/plugins\/seo\/ -->\n<title>Tratamientos capilares en Valencia - Cl\u00ednica Est\u00e9tica CEMEQ<\/title>\n<meta name=\"description\" content=\"En CEMEQ somos especialistas en tratamientos capilares en Valencia. Ven y conocenos. Pide cita ya. Primera visita gratuita.\" \/>\n<meta name=\"robots\" content=\"index, follow, max-snippet:-1, max-image-preview:large, max-video-preview:-1\" \/>\n<link rel=\"canonical\" href=\"https:\/\/clinicacemeq.es\/estetica\/2022\/06\/03\/tratamientos-capilares-en-valencia\/\" \/>\n<meta property=\"og:locale\" content=\"es_ES\" \/>\n<meta property=\"og:type\" content=\"article\" \/>\n<meta property=\"og:title\" content=\"Tratamientos capilares en Valencia\" \/>\n<meta property=\"og:description\" content=\"En CEMEQ somos especialistas en tratamientos capilares en Valencia. Ven y conocenos. Pide cita ya. Primera visita gratuita.\" \/>\n<meta property=\"og:url\" content=\"https:\/\/clinicacemeq.es\/estetica\/2022\/06\/03\/tratamientos-capilares-en-valencia\/\" \/>\n<meta property=\"og:site_name\" content=\"Cl\u00ednica Est\u00e9tica CEMEQ\" \/>\n<meta property=\"article:published_time\" content=\"2022-06-03T10:07:17+00:00\" \/>\n<meta property=\"article:modified_time\" content=\"2024-06-25T15:34:01+00:00\" \/>\n<meta property=\"og:image\" content=\"https:\/\/clinicacemeq.es\/estetica\/wp-content\/uploads\/2022\/06\/tratamiento-capilar-valencia-_1_-min-e1677164817675.png\" \/>\n\t<meta property=\"og:image:width\" content=\"793\" \/>\n\t<meta property=\"og:image:height\" content=\"554\" \/>\n\t<meta property=\"og:image:type\" content=\"image\/png\" \/>\n<meta name=\"author\" content=\"Federico Mahiques\" \/>\n<meta name=\"twitter:card\" content=\"summary_large_image\" \/>\n<meta name=\"twitter:label1\" content=\"Escrito por\" \/>\n\t<meta name=\"twitter:data1\" content=\"Federico Mahiques\" \/>\n\t<meta name=\"twitter:label2\" content=\"Tiempo de lectura\" \/>\n\t<meta name=\"twitter:data2\" content=\"3 minutos\" \/>\n<script type=\"application\/ld+json\" class=\"yoast-schema-graph\">{\"@context\":\"https:\/\/schema.org\",\"@graph\":[{\"@type\":[\"WebPage\",\"ItemPage\"],\"@id\":\"https:\/\/clinicacemeq.es\/estetica\/2022\/06\/03\/tratamientos-capilares-en-valencia\/\",\"url\":\"https:\/\/clinicacemeq.es\/estetica\/2022\/06\/03\/tratamientos-capilares-en-valencia\/\",\"name\":\"Tratamientos capilares en Valencia - Cl\u00ednica Est\u00e9tica CEMEQ\",\"isPartOf\":{\"@id\":\"https:\/\/clinicacemeq.es\/estetica\/#website\"},\"primaryImageOfPage\":{\"@id\":\"https:\/\/clinicacemeq.es\/estetica\/2022\/06\/03\/tratamientos-capilares-en-valencia\/#primaryimage\"},\"image\":{\"@id\":\"https:\/\/clinicacemeq.es\/estetica\/2022\/06\/03\/tratamientos-capilares-en-valencia\/#primaryimage\"},\"thumbnailUrl\":\"https:\/\/clinicacemeq.es\/estetica\/wp-content\/uploads\/2022\/06\/tratamiento-capilar-valencia-_1_-min-e1677164817675.png\",\"datePublished\":\"2022-06-03T10:07:17+00:00\",\"dateModified\":\"2024-06-25T15:34:01+00:00\",\"author\":{\"@id\":\"https:\/\/clinicacemeq.es\/estetica\/#\/schema\/person\/970b971cfb22127a85928078e5d97fcf\"},\"description\":\"En CEMEQ somos especialistas en tratamientos capilares en Valencia. Ven y conocenos. Pide cita ya. Primera visita gratuita.\",\"breadcrumb\":{\"@id\":\"https:\/\/clinicacemeq.es\/estetica\/2022\/06\/03\/tratamientos-capilares-en-valencia\/#breadcrumb\"},\"inLanguage\":\"es\",\"potentialAction\":[{\"@type\":\"ReadAction\",\"target\":[\"https:\/\/clinicacemeq.es\/estetica\/2022\/06\/03\/tratamientos-capilares-en-valencia\/\"]}]},{\"@type\":\"ImageObject\",\"inLanguage\":\"es\",\"@id\":\"https:\/\/clinicacemeq.es\/estetica\/2022\/06\/03\/tratamientos-capilares-en-valencia\/#primaryimage\",\"url\":\"https:\/\/clinicacemeq.es\/estetica\/wp-content\/uploads\/2022\/06\/tratamiento-capilar-valencia-_1_-min-e1677164817675.png\",\"contentUrl\":\"https:\/\/clinicacemeq.es\/estetica\/wp-content\/uploads\/2022\/06\/tratamiento-capilar-valencia-_1_-min-e1677164817675.png\",\"width\":793,\"height\":554,\"caption\":\"tratamiento-capilar-valencia\"},{\"@type\":\"BreadcrumbList\",\"@id\":\"https:\/\/clinicacemeq.es\/estetica\/2022\/06\/03\/tratamientos-capilares-en-valencia\/#breadcrumb\",\"itemListElement\":[{\"@type\":\"ListItem\",\"position\":1,\"name\":\"Portada\",\"item\":\"https:\/\/clinicacemeq.es\/estetica\/\"},{\"@type\":\"ListItem\",\"position\":2,\"name\":\"Tratamientos capilares en Valencia\"}]},{\"@type\":\"WebSite\",\"@id\":\"https:\/\/clinicacemeq.es\/estetica\/#website\",\"url\":\"https:\/\/clinicacemeq.es\/estetica\/\",\"name\":\"Cl\u00ednica Est\u00e9tica CEMEQ\",\"description\":\"Medicina est\u00e9tica \u0131 Cirug\u00eda Est\u00e9tica \u0131 Cl\u00ednica Dental \u0131 Unidad Capilar \u0131 Unidad de Obesidad\",\"potentialAction\":[{\"@type\":\"SearchAction\",\"target\":{\"@type\":\"EntryPoint\",\"urlTemplate\":\"https:\/\/clinicacemeq.es\/estetica\/?s={search_term_string}\"},\"query-input\":{\"@type\":\"PropertyValueSpecification\",\"valueRequired\":true,\"valueName\":\"search_term_string\"}}],\"inLanguage\":\"es\"},{\"@type\":\"Person\",\"@id\":\"https:\/\/clinicacemeq.es\/estetica\/#\/schema\/person\/970b971cfb22127a85928078e5d97fcf\",\"name\":\"Federico Mahiques\",\"image\":{\"@type\":\"ImageObject\",\"inLanguage\":\"es\",\"@id\":\"https:\/\/clinicacemeq.es\/estetica\/#\/schema\/person\/image\/\",\"url\":\"https:\/\/secure.gravatar.com\/avatar\/2eb8af16608046630259421df61b19a9?s=96&d=mm&r=g\",\"contentUrl\":\"https:\/\/secure.gravatar.com\/avatar\/2eb8af16608046630259421df61b19a9?s=96&d=mm&r=g\",\"caption\":\"Federico Mahiques\"},\"url\":\"https:\/\/clinicacemeq.es\/estetica\/author\/clinica-cemeq\/\"}]}<\/script>\n<!-- \/ Yoast SEO Premium plugin. -->","yoast_head_json":{"title":"Tratamientos capilares en Valencia - Cl\u00ednica Est\u00e9tica CEMEQ","description":"En CEMEQ somos especialistas en tratamientos capilares en Valencia. Ven y conocenos. Pide cita ya. Primera visita gratuita.","robots":{"index":"index","follow":"follow","max-snippet":"max-snippet:-1","max-image-preview":"max-image-preview:large","max-video-preview":"max-video-preview:-1"},"canonical":"https:\/\/clinicacemeq.es\/estetica\/2022\/06\/03\/tratamientos-capilares-en-valencia\/","og_locale":"es_ES","og_type":"article","og_title":"Tratamientos capilares en Valencia","og_description":"En CEMEQ somos especialistas en tratamientos capilares en Valencia. Ven y conocenos. Pide cita ya. Primera visita gratuita.","og_url":"https:\/\/clinicacemeq.es\/estetica\/2022\/06\/03\/tratamientos-capilares-en-valencia\/","og_site_name":"Cl\u00ednica Est\u00e9tica CEMEQ","article_published_time":"2022-06-03T10:07:17+00:00","article_modified_time":"2024-06-25T15:34:01+00:00","og_image":[{"width":793,"height":554,"url":"https:\/\/clinicacemeq.es\/estetica\/wp-content\/uploads\/2022\/06\/tratamiento-capilar-valencia-_1_-min-e1677164817675.png","type":"image\/png"}],"author":"Federico Mahiques","twitter_card":"summary_large_image","twitter_misc":{"Escrito por":"Federico Mahiques","Tiempo de lectura":"3 minutos"},"schema":{"@context":"https:\/\/schema.org","@graph":[{"@type":["WebPage","ItemPage"],"@id":"https:\/\/clinicacemeq.es\/estetica\/2022\/06\/03\/tratamientos-capilares-en-valencia\/","url":"https:\/\/clinicacemeq.es\/estetica\/2022\/06\/03\/tratamientos-capilares-en-valencia\/","name":"Tratamientos capilares en Valencia - Cl\u00ednica Est\u00e9tica CEMEQ","isPartOf":{"@id":"https:\/\/clinicacemeq.es\/estetica\/#website"},"primaryImageOfPage":{"@id":"https:\/\/clinicacemeq.es\/estetica\/2022\/06\/03\/tratamientos-capilares-en-valencia\/#primaryimage"},"image":{"@id":"https:\/\/clinicacemeq.es\/estetica\/2022\/06\/03\/tratamientos-capilares-en-valencia\/#primaryimage"},"thumbnailUrl":"https:\/\/clinicacemeq.es\/estetica\/wp-content\/uploads\/2022\/06\/tratamiento-capilar-valencia-_1_-min-e1677164817675.png","datePublished":"2022-06-03T10:07:17+00:00","dateModified":"2024-06-25T15:34:01+00:00","author":{"@id":"https:\/\/clinicacemeq.es\/estetica\/#\/schema\/person\/970b971cfb22127a85928078e5d97fcf"},"description":"En CEMEQ somos especialistas en tratamientos capilares en Valencia. Ven y conocenos. Pide cita ya. Primera visita gratuita.","breadcrumb":{"@id":"https:\/\/clinicacemeq.es\/estetica\/2022\/06\/03\/tratamientos-capilares-en-valencia\/#breadcrumb"},"inLanguage":"es","potentialAction":[{"@type":"ReadAction","target":["https:\/\/clinicacemeq.es\/estetica\/2022\/06\/03\/tratamientos-capilares-en-valencia\/"]}]},{"@type":"ImageObject","inLanguage":"es","@id":"https:\/\/clinicacemeq.es\/estetica\/2022\/06\/03\/tratamientos-capilares-en-valencia\/#primaryimage","url":"https:\/\/clinicacemeq.es\/estetica\/wp-content\/uploads\/2022\/06\/tratamiento-capilar-valencia-_1_-min-e1677164817675.png","contentUrl":"https:\/\/clinicacemeq.es\/estetica\/wp-content\/uploads\/2022\/06\/tratamiento-capilar-valencia-_1_-min-e1677164817675.png","width":793,"height":554,"caption":"tratamiento-capilar-valencia"},{"@type":"BreadcrumbList","@id":"https:\/\/clinicacemeq.es\/estetica\/2022\/06\/03\/tratamientos-capilares-en-valencia\/#breadcrumb","itemListElement":[{"@type":"ListItem","position":1,"name":"Portada","item":"https:\/\/clinicacemeq.es\/estetica\/"},{"@type":"ListItem","position":2,"name":"Tratamientos capilares en Valencia"}]},{"@type":"WebSite","@id":"https:\/\/clinicacemeq.es\/estetica\/#website","url":"https:\/\/clinicacemeq.es\/estetica\/","name":"Cl\u00ednica Est\u00e9tica CEMEQ","description":"Medicina est\u00e9tica \u0131 Cirug\u00eda Est\u00e9tica \u0131 Cl\u00ednica Dental \u0131 Unidad Capilar \u0131 Unidad de Obesidad","potentialAction":[{"@type":"SearchAction","target":{"@type":"EntryPoint","urlTemplate":"https:\/\/clinicacemeq.es\/estetica\/?s={search_term_string}"},"query-input":{"@type":"PropertyValueSpecification","valueRequired":true,"valueName":"search_term_string"}}],"inLanguage":"es"},{"@type":"Person","@id":"https:\/\/clinicacemeq.es\/estetica\/#\/schema\/person\/970b971cfb22127a85928078e5d97fcf","name":"Federico Mahiques","image":{"@type":"ImageObject","inLanguage":"es","@id":"https:\/\/clinicacemeq.es\/estetica\/#\/schema\/person\/image\/","url":"https:\/\/secure.gravatar.com\/avatar\/2eb8af16608046630259421df61b19a9?s=96&d=mm&r=g","contentUrl":"https:\/\/secure.gravatar.com\/avatar\/2eb8af16608046630259421df61b19a9?s=96&d=mm&r=g","caption":"Federico Mahiques"},"url":"https:\/\/clinicacemeq.es\/estetica\/author\/clinica-cemeq\/"}]}},"_links":{"self":[{"href":"https:\/\/clinicacemeq.es\/estetica\/wp-json\/wp\/v2\/posts\/3398"}],"collection":[{"href":"https:\/\/clinicacemeq.es\/estetica\/wp-json\/wp\/v2\/posts"}],"about":[{"href":"https:\/\/clinicacemeq.es\/estetica\/wp-json\/wp\/v2\/types\/post"}],"author":[{"embeddable":true,"href":"https:\/\/clinicacemeq.es\/estetica\/wp-json\/wp\/v2\/users\/2"}],"replies":[{"embeddable":true,"href":"https:\/\/clinicacemeq.es\/estetica\/wp-json\/wp\/v2\/comments?post=3398"}],"version-history":[{"count":5,"href":"https:\/\/clinicacemeq.es\/estetica\/wp-json\/wp\/v2\/posts\/3398\/revisions"}],"predecessor-version":[{"id":8902,"href":"https:\/\/clinicacemeq.es\/estetica\/wp-json\/wp\/v2\/posts\/3398\/revisions\/8902"}],"wp:featuredmedia":[{"embeddable":true,"href":"https:\/\/clinicacemeq.es\/estetica\/wp-json\/wp\/v2\/media\/3399"}],"wp:attachment":[{"href":"https:\/\/clinicacemeq.es\/estetica\/wp-json\/wp\/v2\/media?parent=3398"}],"wp:term":[{"taxonomy":"category","embeddable":true,"href":"https:\/\/clinicacemeq.es\/estetica\/wp-json\/wp\/v2\/categories?post=3398"},{"taxonomy":"post_tag","embeddable":true,"href":"https:\/\/clinicacemeq.es\/estetica\/wp-json\/wp\/v2\/tags?post=3398"}],"curies":[{"name":"wp","href":"https:\/\/api.w.org\/{rel}","templated":true}]}}