{"id":3340,"date":"2022-05-31T09:44:27","date_gmt":"2022-05-31T09:44:27","guid":{"rendered":"https:\/\/clinicacemeq.es\/estetica\/?p=3340"},"modified":"2024-06-25T15:34:01","modified_gmt":"2024-06-25T15:34:01","slug":"beneficios-del-microinjerto-capilar-con-la-tecnica-fue","status":"publish","type":"post","link":"https:\/\/clinicacemeq.es\/estetica\/2022\/05\/31\/beneficios-del-microinjerto-capilar-con-la-tecnica-fue\/","title":{"rendered":"Beneficios del\u00a0microinjerto capilar con la t\u00e9cnica FUE"},"content":{"rendered":"\n\n<div class=\"kk-star-ratings kksr-auto kksr-align-left kksr-valign-top\"\n    data-payload='{&quot;align&quot;:&quot;left&quot;,&quot;id&quot;:&quot;3340&quot;,&quot;slug&quot;:&quot;default&quot;,&quot;valign&quot;:&quot;top&quot;,&quot;ignore&quot;:&quot;&quot;,&quot;reference&quot;:&quot;auto&quot;,&quot;class&quot;:&quot;&quot;,&quot;count&quot;:&quot;0&quot;,&quot;legendonly&quot;:&quot;&quot;,&quot;readonly&quot;:&quot;&quot;,&quot;score&quot;:&quot;0&quot;,&quot;starsonly&quot;:&quot;&quot;,&quot;best&quot;:&quot;5&quot;,&quot;gap&quot;:&quot;5&quot;,&quot;greet&quot;:&quot;Valora esta publicaci\u00f3n \ud83d\ude09&quot;,&quot;legend&quot;:&quot;0\\\/5 - (0 votos)&quot;,&quot;size&quot;:&quot;24&quot;,&quot;title&quot;:&quot;Beneficios del\u00a0microinjerto capilar con la t\u00e9cnica FUE&quot;,&quot;width&quot;:&quot;0&quot;,&quot;_legend&quot;:&quot;{score}\\\/{best} - ({count} {votes})&quot;,&quot;font_factor&quot;:&quot;1.25&quot;}'>\n            \n<div class=\"kksr-stars\">\n    \n<div class=\"kksr-stars-inactive\">\n            <div class=\"kksr-star\" data-star=\"1\" style=\"padding-right: 5px\">\n            \n\n<div class=\"kksr-icon\" style=\"width: 24px; height: 24px;\"><\/div>\n        <\/div>\n            <div class=\"kksr-star\" data-star=\"2\" style=\"padding-right: 5px\">\n            \n\n<div class=\"kksr-icon\" style=\"width: 24px; height: 24px;\"><\/div>\n        <\/div>\n            <div class=\"kksr-star\" data-star=\"3\" style=\"padding-right: 5px\">\n            \n\n<div class=\"kksr-icon\" style=\"width: 24px; height: 24px;\"><\/div>\n        <\/div>\n            <div class=\"kksr-star\" data-star=\"4\" style=\"padding-right: 5px\">\n            \n\n<div class=\"kksr-icon\" style=\"width: 24px; height: 24px;\"><\/div>\n        <\/div>\n            <div class=\"kksr-star\" data-star=\"5\" style=\"padding-right: 5px\">\n            \n\n<div class=\"kksr-icon\" style=\"width: 24px; height: 24px;\"><\/div>\n        <\/div>\n    <\/div>\n    \n<div class=\"kksr-stars-active\" style=\"width: 0px;\">\n            <div class=\"kksr-star\" style=\"padding-right: 5px\">\n            \n\n<div class=\"kksr-icon\" style=\"width: 24px; height: 24px;\"><\/div>\n        <\/div>\n            <div class=\"kksr-star\" style=\"padding-right: 5px\">\n            \n\n<div class=\"kksr-icon\" style=\"width: 24px; height: 24px;\"><\/div>\n        <\/div>\n            <div class=\"kksr-star\" style=\"padding-right: 5px\">\n            \n\n<div class=\"kksr-icon\" style=\"width: 24px; height: 24px;\"><\/div>\n        <\/div>\n            <div class=\"kksr-star\" style=\"padding-right: 5px\">\n            \n\n<div class=\"kksr-icon\" style=\"width: 24px; height: 24px;\"><\/div>\n        <\/div>\n            <div class=\"kksr-star\" style=\"padding-right: 5px\">\n            \n\n<div class=\"kksr-icon\" style=\"width: 24px; height: 24px;\"><\/div>\n        <\/div>\n    <\/div>\n<\/div>\n                \n\n<div class=\"kksr-legend\" style=\"font-size: 19.2px;\">\n            <span class=\"kksr-muted\">Valora esta publicaci\u00f3n \ud83d\ude09<\/span>\n    <\/div>\n    <\/div>\n<p>&nbsp;<\/p>\n<p>El <strong>microinjerto capilar<\/strong> con t\u00e9cnica FUE, un procedimiento novedoso m\u00ednimamente invasivo que trata cada pelo individualmente, siendo la t\u00e9cnica menos agresiva y que mejores resultados ofrece actualmente. En este art\u00edculo veremos c\u00f3mo se realiza este m\u00e9todo y cu\u00e1les son sus principales caracter\u00edsticas.<\/p>\n<h2>\u00bfEn qu\u00e9 consiste el microinjerto capilar con la t\u00e9cnica FUE?<\/h2>\n<p>El<a href=\"https:\/\/clinicacemeq.es\/estetica\/2023\/01\/24\/eficacia-del-microinjerto-capilar\/\"><strong> microinjerto capila<\/strong>r<\/a> con la t\u00e9cnica FUE extraer los fol\u00edculos pilosos de forma individual de zonas capilares no afectadas por alopecia e implantarlos en zonas sin cabello, a diferencia de otras t\u00e9cnicas m\u00e1s agresivas. En nuestra cl\u00ednica capilar en Valencia somos especialistas en el m\u00e9todo FUE.<\/p>\n<h2>\u00bfEn qu\u00e9 se diferencia el microinjerto capilar con el m\u00e9todo FUE y FUSS?<\/h2>\n<p>Si buscas realizarte un<a href=\"https:\/\/clinicacemeq.es\/estetica\/2023\/01\/24\/eficacia-del-microinjerto-capilar\/\"><strong> trasplante capilar en Valencia,<\/strong><\/a> debes saber que el m\u00e9todo FUE y con el m\u00e9todo FUSS\u00a0 son dos t\u00e9cnicas muy diferentes. La t\u00e9cnica FUSS es mucho m\u00e1s r\u00e1pida de realizar porque el injerto se hace por tiras. Sin embargo, el<strong> microinjerto capilar<\/strong> con el m\u00e9todo FUE es mucho m\u00e1s preciso porque no deja se\u00f1ales y permite que se puedan extraer m\u00e1s unidades capilares.<\/p>\n<p>Entre sus principales diferencias destaca e<strong>l proceso de cicatrizaci\u00f3n, mucho m\u00e1s r\u00e1pida en la t\u00e9cnica FUE.<\/strong> El trasplante de cabello con la t\u00e9cnica FUE no\u00a0 requiere de bistur\u00eds, las cicatrices de los pacientes sanan en uno o dos d\u00edas. Por el contrario, las cicatrices de la FUSS requieren puntos de sutura o grapas. En definitiva los resultados del <strong>microinjerto capilar<\/strong> con el m\u00e9todo FUE <strong>son mejores tanto est\u00e9ticamente (sin cicatriz) como en cuanto a extracci\u00f3n de unidades.<\/strong><\/p>\n<p>&nbsp;<\/p>\n<p><!--HubSpot Call-to-Action Code --><span id=\"hs-cta-wrapper-9ce05511-1cdc-41bc-ba36-9d40d82336bd\" class=\"hs-cta-wrapper\"><span id=\"hs-cta-9ce05511-1cdc-41bc-ba36-9d40d82336bd\" class=\"hs-cta-node hs-cta-9ce05511-1cdc-41bc-ba36-9d40d82336bd\"><!-- [if lte IE 8]>\n\n\n<div id=\"hs-cta-ie-element\"><\/div>\n\n\n<![endif]--><a href=\"https:\/\/hubspot-cta-redirect-eu1-prod.s3.amazonaws.com\/cta\/redirect\/25939375\/9ce05511-1cdc-41bc-ba36-9d40d82336bd\" target=\"_blank\" rel=\"noopener\"><img loading=\"lazy\" decoding=\"async\" id=\"hs-cta-img-9ce05511-1cdc-41bc-ba36-9d40d82336bd\" class=\"hs-cta-img aligncenter\" style=\"border-width: 0px;\" src=\"https:\/\/hubspot-no-cache-eu1-prod.s3.amazonaws.com\/cta\/default\/25939375\/9ce05511-1cdc-41bc-ba36-9d40d82336bd.png\" alt=\"Resultado permanente y natural\" width=\"663\" height=\"199\" \/><\/a><\/span><br \/>\n<\/span><\/p>\n<h2>\u00bfQui\u00e9nes pueden hacerse un microinjerto capilar con la t\u00e9cnica FUE?<\/h2>\n<p>No todas las personas son candidatos a un trasplante capilar, es importante tener un buen diagn\u00f3stico m\u00e9dico. Por ello, en una primera consulta\u00a0 en nuestra<a href=\"https:\/\/clinicacemeq.es\/estetica\/micro-injerto-capilar\/\"><strong> cl\u00ednica capilar<\/strong><\/a> nuestro equipo m\u00e9dico especializado en injerto capilar en valencia le har\u00e1 un examen capilar con el fin de determinar el nivel actual de calvicie o alopecia. Con estos datos le informar\u00e1 de si dispone de zona donante suficiente, de las fases del tratamiento, del procedimiento quir\u00fargico y de cu\u00e1l ser\u00e1 el resultado del tratamiento, tanto en la zona donante como receptora.<br \/>\nPuede que te interese saber el precio del injerto capilar<\/p>\n<h2>Expertos en trasplante capilar en Valencia<\/h2>\n<p>Si necesitas saber si eres un buen candidato adecuado para el injerto capilar con la t\u00e9cnica FUE, ponte en contacto con nosotros sin dudarlo. En <strong><a href=\"https:\/\/clinicacemeq.es\/estetica\/micro-injerto-capilar\/\">Cl\u00ednica Capilar<\/a> <\/strong>CEMEQ llevamos a\u00f1os perfeccionando la t\u00e9cnica del <strong><a href=\"https:\/\/clinicacemeq.es\/estetica\/2023\/01\/24\/eficacia-del-microinjerto-capilar\/\">trasplante capilar en Valencia<\/a><\/strong> con la t\u00e9cnica FUE.<br \/>\nComo hemos mencionado anteriormente, si quieres obtener resultados naturales, con una cirug\u00eda m\u00ednimamente invasiva,\u00a0 el implante capilar FUE es tu opci\u00f3n. Antes se requiere una rigurosa evaluaci\u00f3n del caso, realizada por un profesional especializado en <strong>trasplante capilar en Valencia.<\/strong>Despu\u00e9s del <a href=\"https:\/\/clinicacemeq.es\/estetica\/2023\/01\/24\/eficacia-del-microinjerto-capilar\/\"><strong>microinjerto capilar,<\/strong><\/a> el profesional m\u00e9dico te dar\u00e1 las pautas de cuidado y seguimiento necesario para que las etapas de recuperaci\u00f3n, cicatrizaci\u00f3n y crecimiento capilar.<strong><a href=\"https:\/\/clinicacemeq.es\/estetica\/contacto\/\"> Pide cita ya. Primera consulta gratuita.<\/a><\/strong><\/p>\n<p>&nbsp;<\/p>\n<h2><\/h2>\n","protected":false},"excerpt":{"rendered":"<p>&nbsp; El microinjerto capilar con t\u00e9cnica FUE, un procedimiento novedoso m\u00ednimamente invasivo que trata cada pelo individualmente, siendo la t\u00e9cnica menos agresiva y que mejores resultados ofrece actualmente. En este art\u00edculo veremos c\u00f3mo se realiza este m\u00e9todo y cu\u00e1les son sus principales caracter\u00edsticas. \u00bfEn qu\u00e9 consiste el microinjerto capilar con la t\u00e9cnica FUE? El microinjerto [&#8230;]\n","protected":false},"author":2,"featured_media":3342,"comment_status":"open","ping_status":"open","sticky":false,"template":"","format":"standard","meta":{"footnotes":""},"categories":[138,1],"tags":[],"yoast_head":"<!-- This site is optimized with the Yoast SEO Premium plugin v18.3 (Yoast SEO v24.5) - https:\/\/yoast.com\/wordpress\/plugins\/seo\/ -->\n<title>Beneficios del\u00a0microinjerto capilar con la t\u00e9cnica FUE - Cl\u00ednica Est\u00e9tica CEMEQ<\/title>\n<meta name=\"description\" content=\"Nuestra cl\u00ednica capilar CEMEQ cuenta con especialistas en microinjerto capilar t\u00e9cnica FUE. Ven y con\u00f3cenos. Primera consulta gratuita.\" \/>\n<meta name=\"robots\" content=\"index, follow, max-snippet:-1, max-image-preview:large, max-video-preview:-1\" \/>\n<link rel=\"canonical\" href=\"https:\/\/clinicacemeq.es\/estetica\/2022\/05\/31\/beneficios-del-microinjerto-capilar-con-la-tecnica-fue\/\" \/>\n<meta property=\"og:locale\" content=\"es_ES\" \/>\n<meta property=\"og:type\" content=\"article\" \/>\n<meta property=\"og:title\" content=\"Beneficios del\u00a0microinjerto capilar con la t\u00e9cnica FUE\" \/>\n<meta property=\"og:description\" content=\"Nuestra cl\u00ednica capilar CEMEQ cuenta con especialistas en microinjerto capilar t\u00e9cnica FUE. Ven y con\u00f3cenos. Primera consulta gratuita.\" \/>\n<meta property=\"og:url\" content=\"https:\/\/clinicacemeq.es\/estetica\/2022\/05\/31\/beneficios-del-microinjerto-capilar-con-la-tecnica-fue\/\" \/>\n<meta property=\"og:site_name\" content=\"Cl\u00ednica Est\u00e9tica CEMEQ\" \/>\n<meta property=\"article:published_time\" content=\"2022-05-31T09:44:27+00:00\" \/>\n<meta property=\"article:modified_time\" content=\"2024-06-25T15:34:01+00:00\" \/>\n<meta property=\"og:image\" content=\"https:\/\/clinicacemeq.es\/estetica\/wp-content\/uploads\/2022\/05\/trasplante-cabello-fue-e1677161532958.png\" \/>\n\t<meta property=\"og:image:width\" content=\"900\" \/>\n\t<meta property=\"og:image:height\" content=\"547\" \/>\n\t<meta property=\"og:image:type\" content=\"image\/png\" \/>\n<meta name=\"author\" content=\"Federico Mahiques\" \/>\n<meta name=\"twitter:card\" content=\"summary_large_image\" \/>\n<meta name=\"twitter:label1\" content=\"Escrito por\" \/>\n\t<meta name=\"twitter:data1\" content=\"Federico Mahiques\" \/>\n\t<meta name=\"twitter:label2\" content=\"Tiempo de lectura\" \/>\n\t<meta name=\"twitter:data2\" content=\"3 minutos\" \/>\n<script type=\"application\/ld+json\" class=\"yoast-schema-graph\">{\"@context\":\"https:\/\/schema.org\",\"@graph\":[{\"@type\":[\"WebPage\",\"ItemPage\"],\"@id\":\"https:\/\/clinicacemeq.es\/estetica\/2022\/05\/31\/beneficios-del-microinjerto-capilar-con-la-tecnica-fue\/\",\"url\":\"https:\/\/clinicacemeq.es\/estetica\/2022\/05\/31\/beneficios-del-microinjerto-capilar-con-la-tecnica-fue\/\",\"name\":\"Beneficios del\u00a0microinjerto capilar con la t\u00e9cnica FUE - Cl\u00ednica Est\u00e9tica CEMEQ\",\"isPartOf\":{\"@id\":\"https:\/\/clinicacemeq.es\/estetica\/#website\"},\"primaryImageOfPage\":{\"@id\":\"https:\/\/clinicacemeq.es\/estetica\/2022\/05\/31\/beneficios-del-microinjerto-capilar-con-la-tecnica-fue\/#primaryimage\"},\"image\":{\"@id\":\"https:\/\/clinicacemeq.es\/estetica\/2022\/05\/31\/beneficios-del-microinjerto-capilar-con-la-tecnica-fue\/#primaryimage\"},\"thumbnailUrl\":\"https:\/\/clinicacemeq.es\/estetica\/wp-content\/uploads\/2022\/05\/trasplante-cabello-fue-e1677161532958.png\",\"datePublished\":\"2022-05-31T09:44:27+00:00\",\"dateModified\":\"2024-06-25T15:34:01+00:00\",\"author\":{\"@id\":\"https:\/\/clinicacemeq.es\/estetica\/#\/schema\/person\/970b971cfb22127a85928078e5d97fcf\"},\"description\":\"Nuestra cl\u00ednica capilar CEMEQ cuenta con especialistas en microinjerto capilar t\u00e9cnica FUE. Ven y con\u00f3cenos. Primera consulta gratuita.\",\"breadcrumb\":{\"@id\":\"https:\/\/clinicacemeq.es\/estetica\/2022\/05\/31\/beneficios-del-microinjerto-capilar-con-la-tecnica-fue\/#breadcrumb\"},\"inLanguage\":\"es\",\"potentialAction\":[{\"@type\":\"ReadAction\",\"target\":[\"https:\/\/clinicacemeq.es\/estetica\/2022\/05\/31\/beneficios-del-microinjerto-capilar-con-la-tecnica-fue\/\"]}]},{\"@type\":\"ImageObject\",\"inLanguage\":\"es\",\"@id\":\"https:\/\/clinicacemeq.es\/estetica\/2022\/05\/31\/beneficios-del-microinjerto-capilar-con-la-tecnica-fue\/#primaryimage\",\"url\":\"https:\/\/clinicacemeq.es\/estetica\/wp-content\/uploads\/2022\/05\/trasplante-cabello-fue-e1677161532958.png\",\"contentUrl\":\"https:\/\/clinicacemeq.es\/estetica\/wp-content\/uploads\/2022\/05\/trasplante-cabello-fue-e1677161532958.png\",\"width\":900,\"height\":547,\"caption\":\"injerto-capilar-tecnica-fue\"},{\"@type\":\"BreadcrumbList\",\"@id\":\"https:\/\/clinicacemeq.es\/estetica\/2022\/05\/31\/beneficios-del-microinjerto-capilar-con-la-tecnica-fue\/#breadcrumb\",\"itemListElement\":[{\"@type\":\"ListItem\",\"position\":1,\"name\":\"Portada\",\"item\":\"https:\/\/clinicacemeq.es\/estetica\/\"},{\"@type\":\"ListItem\",\"position\":2,\"name\":\"Beneficios del\u00a0microinjerto capilar con la t\u00e9cnica FUE\"}]},{\"@type\":\"WebSite\",\"@id\":\"https:\/\/clinicacemeq.es\/estetica\/#website\",\"url\":\"https:\/\/clinicacemeq.es\/estetica\/\",\"name\":\"Cl\u00ednica Est\u00e9tica CEMEQ\",\"description\":\"Medicina est\u00e9tica \u0131 Cirug\u00eda Est\u00e9tica \u0131 Cl\u00ednica Dental \u0131 Unidad Capilar \u0131 Unidad de Obesidad\",\"potentialAction\":[{\"@type\":\"SearchAction\",\"target\":{\"@type\":\"EntryPoint\",\"urlTemplate\":\"https:\/\/clinicacemeq.es\/estetica\/?s={search_term_string}\"},\"query-input\":{\"@type\":\"PropertyValueSpecification\",\"valueRequired\":true,\"valueName\":\"search_term_string\"}}],\"inLanguage\":\"es\"},{\"@type\":\"Person\",\"@id\":\"https:\/\/clinicacemeq.es\/estetica\/#\/schema\/person\/970b971cfb22127a85928078e5d97fcf\",\"name\":\"Federico Mahiques\",\"image\":{\"@type\":\"ImageObject\",\"inLanguage\":\"es\",\"@id\":\"https:\/\/clinicacemeq.es\/estetica\/#\/schema\/person\/image\/\",\"url\":\"https:\/\/secure.gravatar.com\/avatar\/2eb8af16608046630259421df61b19a9?s=96&d=mm&r=g\",\"contentUrl\":\"https:\/\/secure.gravatar.com\/avatar\/2eb8af16608046630259421df61b19a9?s=96&d=mm&r=g\",\"caption\":\"Federico Mahiques\"},\"url\":\"https:\/\/clinicacemeq.es\/estetica\/author\/clinica-cemeq\/\"}]}<\/script>\n<!-- \/ Yoast SEO Premium plugin. -->","yoast_head_json":{"title":"Beneficios del\u00a0microinjerto capilar con la t\u00e9cnica FUE - Cl\u00ednica Est\u00e9tica CEMEQ","description":"Nuestra cl\u00ednica capilar CEMEQ cuenta con especialistas en microinjerto capilar t\u00e9cnica FUE. Ven y con\u00f3cenos. Primera consulta gratuita.","robots":{"index":"index","follow":"follow","max-snippet":"max-snippet:-1","max-image-preview":"max-image-preview:large","max-video-preview":"max-video-preview:-1"},"canonical":"https:\/\/clinicacemeq.es\/estetica\/2022\/05\/31\/beneficios-del-microinjerto-capilar-con-la-tecnica-fue\/","og_locale":"es_ES","og_type":"article","og_title":"Beneficios del\u00a0microinjerto capilar con la t\u00e9cnica FUE","og_description":"Nuestra cl\u00ednica capilar CEMEQ cuenta con especialistas en microinjerto capilar t\u00e9cnica FUE. Ven y con\u00f3cenos. Primera consulta gratuita.","og_url":"https:\/\/clinicacemeq.es\/estetica\/2022\/05\/31\/beneficios-del-microinjerto-capilar-con-la-tecnica-fue\/","og_site_name":"Cl\u00ednica Est\u00e9tica CEMEQ","article_published_time":"2022-05-31T09:44:27+00:00","article_modified_time":"2024-06-25T15:34:01+00:00","og_image":[{"width":900,"height":547,"url":"https:\/\/clinicacemeq.es\/estetica\/wp-content\/uploads\/2022\/05\/trasplante-cabello-fue-e1677161532958.png","type":"image\/png"}],"author":"Federico Mahiques","twitter_card":"summary_large_image","twitter_misc":{"Escrito por":"Federico Mahiques","Tiempo de lectura":"3 minutos"},"schema":{"@context":"https:\/\/schema.org","@graph":[{"@type":["WebPage","ItemPage"],"@id":"https:\/\/clinicacemeq.es\/estetica\/2022\/05\/31\/beneficios-del-microinjerto-capilar-con-la-tecnica-fue\/","url":"https:\/\/clinicacemeq.es\/estetica\/2022\/05\/31\/beneficios-del-microinjerto-capilar-con-la-tecnica-fue\/","name":"Beneficios del\u00a0microinjerto capilar con la t\u00e9cnica FUE - Cl\u00ednica Est\u00e9tica CEMEQ","isPartOf":{"@id":"https:\/\/clinicacemeq.es\/estetica\/#website"},"primaryImageOfPage":{"@id":"https:\/\/clinicacemeq.es\/estetica\/2022\/05\/31\/beneficios-del-microinjerto-capilar-con-la-tecnica-fue\/#primaryimage"},"image":{"@id":"https:\/\/clinicacemeq.es\/estetica\/2022\/05\/31\/beneficios-del-microinjerto-capilar-con-la-tecnica-fue\/#primaryimage"},"thumbnailUrl":"https:\/\/clinicacemeq.es\/estetica\/wp-content\/uploads\/2022\/05\/trasplante-cabello-fue-e1677161532958.png","datePublished":"2022-05-31T09:44:27+00:00","dateModified":"2024-06-25T15:34:01+00:00","author":{"@id":"https:\/\/clinicacemeq.es\/estetica\/#\/schema\/person\/970b971cfb22127a85928078e5d97fcf"},"description":"Nuestra cl\u00ednica capilar CEMEQ cuenta con especialistas en microinjerto capilar t\u00e9cnica FUE. Ven y con\u00f3cenos. Primera consulta gratuita.","breadcrumb":{"@id":"https:\/\/clinicacemeq.es\/estetica\/2022\/05\/31\/beneficios-del-microinjerto-capilar-con-la-tecnica-fue\/#breadcrumb"},"inLanguage":"es","potentialAction":[{"@type":"ReadAction","target":["https:\/\/clinicacemeq.es\/estetica\/2022\/05\/31\/beneficios-del-microinjerto-capilar-con-la-tecnica-fue\/"]}]},{"@type":"ImageObject","inLanguage":"es","@id":"https:\/\/clinicacemeq.es\/estetica\/2022\/05\/31\/beneficios-del-microinjerto-capilar-con-la-tecnica-fue\/#primaryimage","url":"https:\/\/clinicacemeq.es\/estetica\/wp-content\/uploads\/2022\/05\/trasplante-cabello-fue-e1677161532958.png","contentUrl":"https:\/\/clinicacemeq.es\/estetica\/wp-content\/uploads\/2022\/05\/trasplante-cabello-fue-e1677161532958.png","width":900,"height":547,"caption":"injerto-capilar-tecnica-fue"},{"@type":"BreadcrumbList","@id":"https:\/\/clinicacemeq.es\/estetica\/2022\/05\/31\/beneficios-del-microinjerto-capilar-con-la-tecnica-fue\/#breadcrumb","itemListElement":[{"@type":"ListItem","position":1,"name":"Portada","item":"https:\/\/clinicacemeq.es\/estetica\/"},{"@type":"ListItem","position":2,"name":"Beneficios del\u00a0microinjerto capilar con la t\u00e9cnica FUE"}]},{"@type":"WebSite","@id":"https:\/\/clinicacemeq.es\/estetica\/#website","url":"https:\/\/clinicacemeq.es\/estetica\/","name":"Cl\u00ednica Est\u00e9tica CEMEQ","description":"Medicina est\u00e9tica \u0131 Cirug\u00eda Est\u00e9tica \u0131 Cl\u00ednica Dental \u0131 Unidad Capilar \u0131 Unidad de Obesidad","potentialAction":[{"@type":"SearchAction","target":{"@type":"EntryPoint","urlTemplate":"https:\/\/clinicacemeq.es\/estetica\/?s={search_term_string}"},"query-input":{"@type":"PropertyValueSpecification","valueRequired":true,"valueName":"search_term_string"}}],"inLanguage":"es"},{"@type":"Person","@id":"https:\/\/clinicacemeq.es\/estetica\/#\/schema\/person\/970b971cfb22127a85928078e5d97fcf","name":"Federico Mahiques","image":{"@type":"ImageObject","inLanguage":"es","@id":"https:\/\/clinicacemeq.es\/estetica\/#\/schema\/person\/image\/","url":"https:\/\/secure.gravatar.com\/avatar\/2eb8af16608046630259421df61b19a9?s=96&d=mm&r=g","contentUrl":"https:\/\/secure.gravatar.com\/avatar\/2eb8af16608046630259421df61b19a9?s=96&d=mm&r=g","caption":"Federico Mahiques"},"url":"https:\/\/clinicacemeq.es\/estetica\/author\/clinica-cemeq\/"}]}},"_links":{"self":[{"href":"https:\/\/clinicacemeq.es\/estetica\/wp-json\/wp\/v2\/posts\/3340"}],"collection":[{"href":"https:\/\/clinicacemeq.es\/estetica\/wp-json\/wp\/v2\/posts"}],"about":[{"href":"https:\/\/clinicacemeq.es\/estetica\/wp-json\/wp\/v2\/types\/post"}],"author":[{"embeddable":true,"href":"https:\/\/clinicacemeq.es\/estetica\/wp-json\/wp\/v2\/users\/2"}],"replies":[{"embeddable":true,"href":"https:\/\/clinicacemeq.es\/estetica\/wp-json\/wp\/v2\/comments?post=3340"}],"version-history":[{"count":6,"href":"https:\/\/clinicacemeq.es\/estetica\/wp-json\/wp\/v2\/posts\/3340\/revisions"}],"predecessor-version":[{"id":8903,"href":"https:\/\/clinicacemeq.es\/estetica\/wp-json\/wp\/v2\/posts\/3340\/revisions\/8903"}],"wp:featuredmedia":[{"embeddable":true,"href":"https:\/\/clinicacemeq.es\/estetica\/wp-json\/wp\/v2\/media\/3342"}],"wp:attachment":[{"href":"https:\/\/clinicacemeq.es\/estetica\/wp-json\/wp\/v2\/media?parent=3340"}],"wp:term":[{"taxonomy":"category","embeddable":true,"href":"https:\/\/clinicacemeq.es\/estetica\/wp-json\/wp\/v2\/categories?post=3340"},{"taxonomy":"post_tag","embeddable":true,"href":"https:\/\/clinicacemeq.es\/estetica\/wp-json\/wp\/v2\/tags?post=3340"}],"curies":[{"name":"wp","href":"https:\/\/api.w.org\/{rel}","templated":true}]}}