{"id":2328,"date":"2021-11-30T11:54:05","date_gmt":"2021-11-30T11:54:05","guid":{"rendered":"https:\/\/clinicacemeq.es\/estetica\/?p=2328"},"modified":"2024-06-25T15:34:25","modified_gmt":"2024-06-25T15:34:25","slug":"parpados-caidos-que-son-y-como-tratarlos","status":"publish","type":"post","link":"https:\/\/clinicacemeq.es\/estetica\/2021\/11\/30\/parpados-caidos-que-son-y-como-tratarlos\/","title":{"rendered":"P\u00e1rpados ca\u00eddos: qu\u00e9 son y c\u00f3mo tratarlos"},"content":{"rendered":"\n\n<div class=\"kk-star-ratings kksr-auto kksr-align-left kksr-valign-top\"\n    data-payload='{&quot;align&quot;:&quot;left&quot;,&quot;id&quot;:&quot;2328&quot;,&quot;slug&quot;:&quot;default&quot;,&quot;valign&quot;:&quot;top&quot;,&quot;ignore&quot;:&quot;&quot;,&quot;reference&quot;:&quot;auto&quot;,&quot;class&quot;:&quot;&quot;,&quot;count&quot;:&quot;0&quot;,&quot;legendonly&quot;:&quot;&quot;,&quot;readonly&quot;:&quot;&quot;,&quot;score&quot;:&quot;0&quot;,&quot;starsonly&quot;:&quot;&quot;,&quot;best&quot;:&quot;5&quot;,&quot;gap&quot;:&quot;5&quot;,&quot;greet&quot;:&quot;Valora esta publicaci\u00f3n \ud83d\ude09&quot;,&quot;legend&quot;:&quot;0\\\/5 - (0 votos)&quot;,&quot;size&quot;:&quot;24&quot;,&quot;title&quot;:&quot;P\u00e1rpados ca\u00eddos: qu\u00e9 son y c\u00f3mo tratarlos&quot;,&quot;width&quot;:&quot;0&quot;,&quot;_legend&quot;:&quot;{score}\\\/{best} - ({count} {votes})&quot;,&quot;font_factor&quot;:&quot;1.25&quot;}'>\n            \n<div class=\"kksr-stars\">\n    \n<div class=\"kksr-stars-inactive\">\n            <div class=\"kksr-star\" data-star=\"1\" style=\"padding-right: 5px\">\n            \n\n<div class=\"kksr-icon\" style=\"width: 24px; height: 24px;\"><\/div>\n        <\/div>\n            <div class=\"kksr-star\" data-star=\"2\" style=\"padding-right: 5px\">\n            \n\n<div class=\"kksr-icon\" style=\"width: 24px; height: 24px;\"><\/div>\n        <\/div>\n            <div class=\"kksr-star\" data-star=\"3\" style=\"padding-right: 5px\">\n            \n\n<div class=\"kksr-icon\" style=\"width: 24px; height: 24px;\"><\/div>\n        <\/div>\n            <div class=\"kksr-star\" data-star=\"4\" style=\"padding-right: 5px\">\n            \n\n<div class=\"kksr-icon\" style=\"width: 24px; height: 24px;\"><\/div>\n        <\/div>\n            <div class=\"kksr-star\" data-star=\"5\" style=\"padding-right: 5px\">\n            \n\n<div class=\"kksr-icon\" style=\"width: 24px; height: 24px;\"><\/div>\n        <\/div>\n    <\/div>\n    \n<div class=\"kksr-stars-active\" style=\"width: 0px;\">\n            <div class=\"kksr-star\" style=\"padding-right: 5px\">\n            \n\n<div class=\"kksr-icon\" style=\"width: 24px; height: 24px;\"><\/div>\n        <\/div>\n            <div class=\"kksr-star\" style=\"padding-right: 5px\">\n            \n\n<div class=\"kksr-icon\" style=\"width: 24px; height: 24px;\"><\/div>\n        <\/div>\n            <div class=\"kksr-star\" style=\"padding-right: 5px\">\n            \n\n<div class=\"kksr-icon\" style=\"width: 24px; height: 24px;\"><\/div>\n        <\/div>\n            <div class=\"kksr-star\" style=\"padding-right: 5px\">\n            \n\n<div class=\"kksr-icon\" style=\"width: 24px; height: 24px;\"><\/div>\n        <\/div>\n            <div class=\"kksr-star\" style=\"padding-right: 5px\">\n            \n\n<div class=\"kksr-icon\" style=\"width: 24px; height: 24px;\"><\/div>\n        <\/div>\n    <\/div>\n<\/div>\n                \n\n<div class=\"kksr-legend\" style=\"font-size: 19.2px;\">\n            <span class=\"kksr-muted\">Valora esta publicaci\u00f3n \ud83d\ude09<\/span>\n    <\/div>\n    <\/div>\n<p style=\"text-align: justify;\"><span style=\"font-weight: 400;\">\u00bfNotas tus p\u00e1rpados ca\u00eddos o un ojo m\u00e1s cerrado que el otro? Este fen\u00f3meno ocurre por una disfunci\u00f3n del m\u00fasculo elevador, por causas degenerativas o cong\u00e9nitas.\u00a0<\/span><\/p>\n<p style=\"text-align: justify;\"><span style=\"font-weight: 400;\">No hay de qu\u00e9 preocuparse, en la Cl\u00ednica Est\u00e9tica CEMEQ nos encargamos de valorar cada situaci\u00f3n de manera personalizada y proporcionar el tratamiento apropiado para mejorar tu est\u00e9tica y salud.\u00a0<\/span><\/p>\n<p style=\"text-align: justify;\"><span style=\"font-weight: 400;\">Si quieres descubrir las maravillosas t\u00e9cnicas utilizadas para evitar la ca\u00edda del p\u00e1rpado, \u00a1sigue leyendo!<\/span><\/p>\n<h2 style=\"text-align: justify;\">\u00bfQu\u00e9 es el p\u00e1rpado ca\u00eddo?<\/h2>\n<p style=\"text-align: justify;\"><span style=\"font-weight: 400;\">La ca\u00edda palpebral suele ser el t\u00e9rmino m\u00e9dico determinado por los oftalm\u00f3logos especializados en el \u00e1rea de cirug\u00eda oculopl\u00e1stica, para identificar la ca\u00edda de uno o ambos p\u00e1rpados superiores.<\/span><\/p>\n<p style=\"text-align: justify;\"><span style=\"font-weight: 400;\">Este acontecimiento ocurre por un descenso del p\u00e1rpado que ocluye el globo ocular, ocasionando que el paciente no logre abrir los ojos con normalidad. Puede manifestarse a cualquier edad, tanto en ni\u00f1os como en adultos.\u00a0<\/span><\/p>\n<p style=\"text-align: justify;\"><span style=\"font-weight: 400;\">Generalmente, se presenta de manera:<\/span><\/p>\n<ul style=\"text-align: justify;\">\n<li style=\"font-weight: 400;\" aria-level=\"1\"><span style=\"font-weight: 400;\">Cong\u00e9nita: est\u00e1 presente desde el inicio y se debe a un impulso err\u00f3neo del m\u00fasculo responsable de elevar el p\u00e1rpado. Est\u00e1 ptosis se presenta como:\u00a0<\/span>\n<ul>\n<li style=\"font-weight: 400;\" aria-level=\"2\"><span style=\"font-weight: 400;\">Leve unilateral: cuando causa una asimetr\u00eda est\u00e9tica\u00a0evidente.\u00a0<\/span><\/li>\n<li style=\"font-weight: 400;\" aria-level=\"2\"><span style=\"font-weight: 400;\">Bilateral: cuando se observa c\u00f3mo los ojos se tornan m\u00e1s peque\u00f1os, apagados o entristecidos de lo habitual.<\/span><\/li>\n<\/ul>\n<\/li>\n<li style=\"font-weight: 400;\" aria-level=\"1\"><span style=\"font-weight: 400;\">Adquirida: cuando sucede a cualquier edad y se desenvuelven por razones musculares, neurol\u00f3gicas o mec\u00e1nicas. Est\u00e1 ptosis tambi\u00e9n se representa de manera unilateral y bilateral.\u00a0<\/span><\/li>\n<\/ul>\n<h2 style=\"text-align: justify;\">\u00bfC\u00f3mo afecta la ca\u00edda palpebral en los ni\u00f1os?<\/h2>\n<p style=\"text-align: justify;\"><span style=\"font-weight: 400;\">Cuando sucede antes de los siete a\u00f1os se llama ptosis infantil, y tambi\u00e9n incluye tanto los casos adquiridos como los innatos. En los ni\u00f1os se desencadenan inconvenientes como visi\u00f3n borrosa, tort\u00edcolis, estrabismo o ambliop\u00eda. Por lo que, sea como sea la situaci\u00f3n, es necesario hacer un an\u00e1lisis descriptivo de la funci\u00f3n visual.<\/span><\/p>\n<h2 style=\"text-align: justify;\">\u00bfQu\u00e9 sintomatolog\u00edas provoca el p\u00e1rpado ca\u00eddo?<\/h2>\n<p style=\"text-align: justify;\"><span style=\"font-weight: 400;\">Generalmente, las personas presentan:\u00a0<\/span><\/p>\n<ul style=\"text-align: justify;\">\n<li style=\"font-weight: 400;\" aria-level=\"1\"><span style=\"font-weight: 400;\">Dificultad para mantener\u00a0los\u00a0ojos abiertos o fatiga visual, especialmente al leer o cuando se encuentran muy cansados f\u00edsicamente.\u00a0<\/span><\/li>\n<li style=\"font-weight: 400;\" aria-level=\"1\"><span style=\"font-weight: 400;\">Visi\u00f3n doble o diplop\u00eda.<\/span><\/li>\n<li style=\"font-weight: 400;\" aria-level=\"1\"><span style=\"font-weight: 400;\">Tort\u00edcolis.\u00a0<\/span><\/li>\n<li style=\"font-weight: 400;\" aria-level=\"1\"><span style=\"font-weight: 400;\">Dolor cervical.\u00a0<\/span><\/li>\n<li style=\"font-weight: 400;\" aria-level=\"1\"><span style=\"font-weight: 400;\">Malestar.\u00a0<\/span><\/li>\n<li style=\"font-weight: 400;\" aria-level=\"1\"><span style=\"font-weight: 400;\">Necesidad de inclinar la cabeza hacia atr\u00e1s o de levantar el p\u00e1rpado con el dedo para poder ver mejor.<\/span><\/li>\n<\/ul>\n<h2 style=\"text-align: justify;\">\u00a0Tratamientos para el p\u00e1rpado ca\u00eddo<\/h2>\n<p style=\"text-align: justify;\"><span style=\"font-weight: 400;\">El tratamiento para estos casos suele ser quir\u00fargico. No obstante, para decidir el m\u00e9todo correcto, el oftalm\u00f3logo debe tener en cuenta:<\/span><\/p>\n<ul style=\"text-align: justify;\">\n<li style=\"font-weight: 400;\" aria-level=\"1\"><span style=\"font-weight: 400;\">Afectaciones.<\/span><\/li>\n<li style=\"font-weight: 400;\" aria-level=\"1\"><span style=\"font-weight: 400;\">Altura del p\u00e1rpado antes del descenso.\u00a0<\/span><\/li>\n<li style=\"font-weight: 400;\" aria-level=\"1\"><span style=\"font-weight: 400;\">Edades.<\/span><\/li>\n<li style=\"font-weight: 400;\" aria-level=\"1\"><span style=\"font-weight: 400;\">Fuerza muscular actual.<\/span><\/li>\n<\/ul>\n<p style=\"text-align: justify;\"><span style=\"font-weight: 400;\">Dependiendo de la causa de la ca\u00edda palpebral, se realizar\u00e1 un tratamiento en concreto:<\/span><\/p>\n<ul style=\"text-align: justify;\">\n<li aria-level=\"1\">\n<h3>Operaci\u00f3n de p\u00e1rpados ca\u00eddos<\/h3>\n<\/li>\n<\/ul>\n<p style=\"text-align: justify;\"><span style=\"font-weight: 400;\">La <a href=\"https:\/\/clinicacemeq.es\/estetica\/2023\/02\/13\/precio-de-la-blefaroplastia-en-espana\/\"><strong>operaci\u00f3n de p\u00e1rpados ca\u00eddos<\/strong><\/a> es una cirug\u00eda m\u00ednimamente invasiva que se hace de manera ambulatoria, bajo anestesia local o sedaci\u00f3n, salvo en los ni\u00f1os peque\u00f1os que ser\u00e1 bajo anestesia general.\u00a0<\/span><\/p>\n<p style=\"text-align: justify;\"><span style=\"font-weight: 400;\">En la mayor parte de los casos se encarga de restaurar la tensi\u00f3n p\u00e9rdida del m\u00fasculo del p\u00e1rpado y, si es necesario, la erradicaci\u00f3n del exceso de piel acumulada en dicha zona.\u00a0<\/span><\/p>\n<p style=\"text-align: justify;\"><span style=\"font-weight: 400;\">Cuando la anestesia hace efecto se procede a emitir una incisi\u00f3n muy fina en el pliegue natural de la piel o por la cara interna del p\u00e1rpado superior, sin producir ning\u00fan tipo de cicatriz. La recuperaci\u00f3n es inmediata, de unos quince d\u00edas aproximadamente.\u00a0<\/span><\/p>\n<ul style=\"text-align: justify;\">\n<li aria-level=\"1\">\n<h3>Gimnasia ocular<\/h3>\n<\/li>\n<\/ul>\n<p style=\"text-align: justify;\"><span style=\"font-weight: 400;\">La estimulaci\u00f3n y tensi\u00f3n de los m\u00fasculos de la zona del p\u00e1rpado es una\u00a0soluci\u00f3n sencilla\u00a0y econ\u00f3mica\u00a0que solo necesita un poco de aprendizaje, constancia y unos diez o quince minutos al d\u00eda.\u00a0<\/span><\/p>\n<p style=\"text-align: justify;\"><span style=\"font-weight: 400;\">Sin embargo, todos los profesionales aseguran que es una pr\u00e1ctica aconsejable y complementaria para prevenir o ralentizar la ca\u00edda del p\u00e1rpado, siempre y cuando no existan patolog\u00edas o problemas de salud adyacentes.<\/span><\/p>\n<ul style=\"text-align: justify;\">\n<li aria-level=\"1\">\n<h3>Lifting de cejas<\/h3>\n<\/li>\n<\/ul>\n<p style=\"text-align: justify;\"><span style=\"font-weight: 400;\">El lifting de cejas sin cirug\u00eda mejora de forma pertinente la zona del p\u00e1rpado tanto superior como inferior. Este m\u00e9todo ayuda a mantener la piel el\u00e1stica y tersa,\u00a0evitando la ca\u00edda prematura del p\u00e1rpado y sin requerir incisiones. Suele ser muy sencilla, r\u00e1pida e indolora: se aplica radiofrecuencia de alta densidad que estimula la creaci\u00f3n de elastina y col\u00e1geno de dicha zona, para conservar la salud de la piel de todo el sector.<\/span><\/p>\n<ul style=\"text-align: justify;\">\n<li aria-level=\"1\">\n<h3>Tratamiento antiarrugas<\/h3>\n<\/li>\n<\/ul>\n<p style=\"text-align: justify;\"><span style=\"font-weight: 400;\">Es una soluci\u00f3n f\u00e1cil, pero solo v\u00e1lida para casos leves, y el impacto es puntual. Se aplican diferentes toques puntuales y aislados de tratamiento antiarrugas, con el fin de tensar el m\u00fasculo y reparar la elevaci\u00f3n del p\u00e1rpado.\u00a0<\/span><\/p>\n<ul style=\"text-align: justify;\">\n<li aria-level=\"1\">\n<h3>Implantaci\u00f3n de hilos tensores<\/h3>\n<\/li>\n<\/ul>\n<p style=\"text-align: justify;\"><span style=\"font-weight: 400;\">Se insertan hilos en el \u00e1rea final de la ceja para dar firmeza y tensi\u00f3n, suavizando el efecto del p\u00e1rpado ca\u00eddo. Esta t\u00e9cnica se combina habitualmente con la aplicaci\u00f3n anterior. El resultado es un ojo m\u00e1s abierto y terso con una mirada rejuvenecida.<\/span><\/p>\n<ul style=\"text-align: justify;\">\n<li aria-level=\"1\">\n<h3>Tratamiento por afecci\u00f3n<\/h3>\n<\/li>\n<\/ul>\n<p style=\"text-align: justify;\"><span style=\"font-weight: 400;\">Cuando el problema est\u00e1 causado por una patolog\u00eda, tumor o afecci\u00f3n ocular, el primer paso para solucionarlo es remover el factor desencadenante. La resoluci\u00f3n del episodio patol\u00f3gico permitir\u00e1 tambi\u00e9n al m\u00fasculo tensor recobrar su funcionalidad.\u00a0<\/span><\/p>\n<h2 style=\"text-align: justify;\">\u00bfPor qu\u00e9 el m\u00fasculo del p\u00e1rpado se atrofia?<\/h2>\n<p style=\"text-align: justify;\"><span style=\"font-weight: 400;\">El p\u00e1rpado se conserva sobre el ojo debido a la tensi\u00f3n ejercida por su m\u00fasculo elevador. Cuando sucede la atrofia o el mal desempe\u00f1o de ese m\u00fasculo, se produce la ca\u00edda del p\u00e1rpado.\u00a0<\/span><\/p>\n<p style=\"text-align: justify;\"><span style=\"font-weight: 400;\">En la mayor parte de los casos, el trofismo o la p\u00e9rdida de fuerza del m\u00fasculo ocular ocurre por distintas causas:\u00a0<\/span><\/p>\n<ul style=\"text-align: justify;\">\n<li aria-level=\"1\">\n<h3>Paso del tiempo y envejecimiento de los tejidos<\/h3>\n<\/li>\n<\/ul>\n<p style=\"text-align: justify;\"><span style=\"font-weight: 400;\">Con el paso del tiempo, el cuerpo va cambiando y\/o envejeciendo del mismo modo que sucede con la piel, que deja de ser tersa o pierde elasticidad. Por lo general, los m\u00fasculos de una persona joven no poseen la misma flexibilidad o fuerza que los de un adulto o una persona de la tercera edad.\u00a0<\/span><\/p>\n<p style=\"text-align: justify;\"><span style=\"font-weight: 400;\">Por ello, es muy normal que el p\u00e1rpado se vaya cayendo de manera paulatina pero constante cuando la persona va envejeciendo, debido a que el m\u00fasculo elevador pierde su potencia al mismo tiempo que la piel se torna mucho m\u00e1s fl\u00e1cida y pesada.\u00a0Esta clase de ptosis que surge durante la vida y como resultado del envejecimiento se llama aponeur\u00f3tica.<\/span><\/p>\n<ul style=\"text-align: justify;\">\n<li aria-level=\"1\">\n<h3>Patolog\u00eda innata y de origen<\/h3>\n<\/li>\n<\/ul>\n<p style=\"text-align: justify;\"><span style=\"font-weight: 400;\">La ptosis puede producirse a causa de la herencia gen\u00e9tica de la persona. La atrofia del m\u00fasculo es connatural y carece de funcionalidad desde el d\u00eda uno.\u00a0<\/span><\/p>\n<p style=\"text-align: justify;\"><span style=\"font-weight: 400;\">Cuando se trata de estos casos, el p\u00e1rpado se muestra ca\u00eddo desde el nacimiento o incluso puede manifestarse durante \u00e9l. Este tipo de ptosis obtiene el nombre de miog\u00e9nica.<\/span><\/p>\n<ul style=\"text-align: justify;\">\n<li aria-level=\"1\">\n<h3>Problemas en el sistema nervioso<\/h3>\n<\/li>\n<\/ul>\n<p style=\"text-align: justify;\"><span style=\"font-weight: 400;\">Cuando el problema que causa dicha ca\u00edda en el p\u00e1rpado est\u00e1 relacionado con la\u00a0insuficiencia de la se\u00f1al nerviosa\u00a0en el m\u00fasculo, la ptosis\u00a0se llama neur\u00f3gena.\u00a0<\/span><\/p>\n<p style=\"text-align: justify;\"><span style=\"font-weight: 400;\">En esta situaci\u00f3n, el problema es que el nervio encargado de transmitir la se\u00f1al de desplazamiento muscular y tensi\u00f3n al p\u00e1rpado no funciona o no lo hace de forma correcta. Suele ser frecuente en los ni\u00f1os.<\/span><\/p>\n<ul style=\"text-align: justify;\">\n<li aria-level=\"1\">\n<h3>Bultos o tumores en el p\u00e1rpado<\/h3>\n<\/li>\n<\/ul>\n<p style=\"text-align: justify;\"><span style=\"font-weight: 400;\">Hay situaciones en las cuales el p\u00e1rpado se cae por la aparici\u00f3n de un bulto o alg\u00fan tumor que obliga a un desplome mec\u00e1nico de esa zona del ojo.\u00a0<\/span><\/p>\n<p style=\"text-align: justify;\"><span style=\"font-weight: 400;\">Esta tipolog\u00eda de ptosis se conoce como mec\u00e1nica debido al efecto que produce.<\/span><\/p>\n<ul style=\"text-align: justify;\">\n<li aria-level=\"1\">\n<h3>Patolog\u00edas frecuentes<\/h3>\n<\/li>\n<\/ul>\n<p style=\"text-align: justify;\"><span style=\"font-weight: 400;\">Algunas patolog\u00edas pueden perjudicar a los m\u00fasculos o nervios del ojo y provocar la ca\u00edda del p\u00e1rpado de manera temporal o permanente, dependiendo del grado de afecci\u00f3n que presente la persona.\u00a0<\/span><\/p>\n<p style=\"text-align: justify;\"><span style=\"font-weight: 400;\">En medio de estas patolog\u00edas las m\u00e1s frecuentes son: la\u00a0diabetes, el s\u00edndrome de Horner, la miastenia gravis o un accidente cerebrovascular.\u00a0<\/span><\/p>\n<p style=\"text-align: justify;\"><span style=\"font-weight: 400;\">Las afecciones oculares como la\u00a0conjuntivitis, los orzuelos o cualquier otro tipo de infecci\u00f3n bacteriana o v\u00edrica,\u00a0tambi\u00e9n pueden provocar dicho descenso visual o episodio de ptosis.\u00a0<\/span><\/p>\n<h2 style=\"text-align: justify;\">Especialistas en operaci\u00f3n de p\u00e1rpados ca\u00eddos en CEMEQ<\/h2>\n<p style=\"text-align: justify;\"><span style=\"font-weight: 400;\">CEMEQ es un Centro de Especialidades Dental, M\u00e9dico, Est\u00e9tico y Quir\u00fargico que se basa en la b\u00fasqueda constante de la belleza femenina y masculina.<\/span><\/p>\n<p style=\"text-align: justify;\"><span style=\"font-weight: 400;\">Contamos con un equipo especializado con tecnolog\u00eda de \u00faltima generaci\u00f3n y profesionales que te asesorar\u00e1n y te ayudar\u00e1n a determinar el tratamiento que sea m\u00e1s conveniente para ti, teniendo en cuenta tus necesidades y grado de afecci\u00f3n.<\/span><\/p>\n<p style=\"text-align: justify;\"><span style=\"font-weight: 400;\">No esperes m\u00e1s y mejora tus p\u00e1rpados ca\u00eddos en CEMEQ.<\/span><\/p>\n<p style=\"text-align: justify;\"><span style=\"font-weight: 400;\">\u00a1Solicita tu primera visita gratuita en la <a href=\"https:\/\/clinicacemeq.es\/estetica\/home\/\"><strong>cl\u00ednica est\u00e9tica en Valencia<\/strong><\/a>!<\/span><\/p>\n","protected":false},"excerpt":{"rendered":"<p>\u00bfNotas tus p\u00e1rpados ca\u00eddos o un ojo m\u00e1s cerrado que el otro? Este fen\u00f3meno ocurre por una disfunci\u00f3n del m\u00fasculo elevador, por causas degenerativas o cong\u00e9nitas.\u00a0 No hay de qu\u00e9 preocuparse, en la Cl\u00ednica Est\u00e9tica CEMEQ nos encargamos de valorar cada situaci\u00f3n de manera personalizada y proporcionar el tratamiento apropiado para mejorar tu est\u00e9tica y [&#8230;]\n","protected":false},"author":2,"featured_media":0,"comment_status":"open","ping_status":"open","sticky":false,"template":"","format":"standard","meta":{"footnotes":""},"categories":[1,146],"tags":[129],"yoast_head":"<!-- This site is optimized with the Yoast SEO Premium plugin v18.3 (Yoast SEO v24.5) - https:\/\/yoast.com\/wordpress\/plugins\/seo\/ -->\n<title>P\u00e1rpados ca\u00eddos: qu\u00e9 son y c\u00f3mo tratarlos - Cl\u00ednica Est\u00e9tica CEMEQ<\/title>\n<meta name=\"description\" content=\"Contamos con un equipo especializado en operaci\u00f3n de p\u00e1rpados ca\u00eddos que te asesorar\u00e1n y te ayudar\u00e1n a determinar el tratamiento.\" \/>\n<meta name=\"robots\" content=\"index, follow, max-snippet:-1, max-image-preview:large, max-video-preview:-1\" \/>\n<link rel=\"canonical\" href=\"https:\/\/clinicacemeq.es\/estetica\/2021\/11\/30\/parpados-caidos-que-son-y-como-tratarlos\/\" \/>\n<meta property=\"og:locale\" content=\"es_ES\" \/>\n<meta property=\"og:type\" content=\"article\" \/>\n<meta property=\"og:title\" content=\"P\u00e1rpados ca\u00eddos: qu\u00e9 son y c\u00f3mo tratarlos\" \/>\n<meta property=\"og:description\" content=\"Contamos con un equipo especializado en operaci\u00f3n de p\u00e1rpados ca\u00eddos que te asesorar\u00e1n y te ayudar\u00e1n a determinar el tratamiento.\" \/>\n<meta property=\"og:url\" content=\"https:\/\/clinicacemeq.es\/estetica\/2021\/11\/30\/parpados-caidos-que-son-y-como-tratarlos\/\" \/>\n<meta property=\"og:site_name\" content=\"Cl\u00ednica Est\u00e9tica CEMEQ\" \/>\n<meta property=\"article:published_time\" content=\"2021-11-30T11:54:05+00:00\" \/>\n<meta property=\"article:modified_time\" content=\"2024-06-25T15:34:25+00:00\" \/>\n<meta property=\"og:image\" content=\"https:\/\/clinicacemeq.es\/estetica\/wp-content\/uploads\/2021\/11\/Disen\u0303o-sin-ti\u0301tulo-5-1.jpg\" \/>\n\t<meta property=\"og:image:width\" content=\"1200\" \/>\n\t<meta property=\"og:image:height\" content=\"700\" \/>\n\t<meta property=\"og:image:type\" content=\"image\/jpeg\" \/>\n<meta name=\"author\" content=\"Federico Mahiques\" \/>\n<meta name=\"twitter:card\" content=\"summary_large_image\" \/>\n<meta name=\"twitter:label1\" content=\"Escrito por\" \/>\n\t<meta name=\"twitter:data1\" content=\"Federico Mahiques\" \/>\n\t<meta name=\"twitter:label2\" content=\"Tiempo de lectura\" \/>\n\t<meta name=\"twitter:data2\" content=\"6 minutos\" \/>\n<script type=\"application\/ld+json\" class=\"yoast-schema-graph\">{\"@context\":\"https:\/\/schema.org\",\"@graph\":[{\"@type\":[\"WebPage\",\"ItemPage\"],\"@id\":\"https:\/\/clinicacemeq.es\/estetica\/2021\/11\/30\/parpados-caidos-que-son-y-como-tratarlos\/\",\"url\":\"https:\/\/clinicacemeq.es\/estetica\/2021\/11\/30\/parpados-caidos-que-son-y-como-tratarlos\/\",\"name\":\"P\u00e1rpados ca\u00eddos: qu\u00e9 son y c\u00f3mo tratarlos - Cl\u00ednica Est\u00e9tica CEMEQ\",\"isPartOf\":{\"@id\":\"https:\/\/clinicacemeq.es\/estetica\/#website\"},\"datePublished\":\"2021-11-30T11:54:05+00:00\",\"dateModified\":\"2024-06-25T15:34:25+00:00\",\"author\":{\"@id\":\"https:\/\/clinicacemeq.es\/estetica\/#\/schema\/person\/970b971cfb22127a85928078e5d97fcf\"},\"description\":\"Contamos con un equipo especializado en operaci\u00f3n de p\u00e1rpados ca\u00eddos que te asesorar\u00e1n y te ayudar\u00e1n a determinar el tratamiento.\",\"breadcrumb\":{\"@id\":\"https:\/\/clinicacemeq.es\/estetica\/2021\/11\/30\/parpados-caidos-que-son-y-como-tratarlos\/#breadcrumb\"},\"inLanguage\":\"es\",\"potentialAction\":[{\"@type\":\"ReadAction\",\"target\":[\"https:\/\/clinicacemeq.es\/estetica\/2021\/11\/30\/parpados-caidos-que-son-y-como-tratarlos\/\"]}]},{\"@type\":\"BreadcrumbList\",\"@id\":\"https:\/\/clinicacemeq.es\/estetica\/2021\/11\/30\/parpados-caidos-que-son-y-como-tratarlos\/#breadcrumb\",\"itemListElement\":[{\"@type\":\"ListItem\",\"position\":1,\"name\":\"Portada\",\"item\":\"https:\/\/clinicacemeq.es\/estetica\/\"},{\"@type\":\"ListItem\",\"position\":2,\"name\":\"P\u00e1rpados ca\u00eddos: qu\u00e9 son y c\u00f3mo tratarlos\"}]},{\"@type\":\"WebSite\",\"@id\":\"https:\/\/clinicacemeq.es\/estetica\/#website\",\"url\":\"https:\/\/clinicacemeq.es\/estetica\/\",\"name\":\"Cl\u00ednica Est\u00e9tica CEMEQ\",\"description\":\"Medicina est\u00e9tica \u0131 Cirug\u00eda Est\u00e9tica \u0131 Cl\u00ednica Dental \u0131 Unidad Capilar \u0131 Unidad de Obesidad\",\"potentialAction\":[{\"@type\":\"SearchAction\",\"target\":{\"@type\":\"EntryPoint\",\"urlTemplate\":\"https:\/\/clinicacemeq.es\/estetica\/?s={search_term_string}\"},\"query-input\":{\"@type\":\"PropertyValueSpecification\",\"valueRequired\":true,\"valueName\":\"search_term_string\"}}],\"inLanguage\":\"es\"},{\"@type\":\"Person\",\"@id\":\"https:\/\/clinicacemeq.es\/estetica\/#\/schema\/person\/970b971cfb22127a85928078e5d97fcf\",\"name\":\"Federico Mahiques\",\"image\":{\"@type\":\"ImageObject\",\"inLanguage\":\"es\",\"@id\":\"https:\/\/clinicacemeq.es\/estetica\/#\/schema\/person\/image\/\",\"url\":\"https:\/\/secure.gravatar.com\/avatar\/2eb8af16608046630259421df61b19a9?s=96&d=mm&r=g\",\"contentUrl\":\"https:\/\/secure.gravatar.com\/avatar\/2eb8af16608046630259421df61b19a9?s=96&d=mm&r=g\",\"caption\":\"Federico Mahiques\"},\"url\":\"https:\/\/clinicacemeq.es\/estetica\/author\/clinica-cemeq\/\"}]}<\/script>\n<!-- \/ Yoast SEO Premium plugin. -->","yoast_head_json":{"title":"P\u00e1rpados ca\u00eddos: qu\u00e9 son y c\u00f3mo tratarlos - Cl\u00ednica Est\u00e9tica CEMEQ","description":"Contamos con un equipo especializado en operaci\u00f3n de p\u00e1rpados ca\u00eddos que te asesorar\u00e1n y te ayudar\u00e1n a determinar el tratamiento.","robots":{"index":"index","follow":"follow","max-snippet":"max-snippet:-1","max-image-preview":"max-image-preview:large","max-video-preview":"max-video-preview:-1"},"canonical":"https:\/\/clinicacemeq.es\/estetica\/2021\/11\/30\/parpados-caidos-que-son-y-como-tratarlos\/","og_locale":"es_ES","og_type":"article","og_title":"P\u00e1rpados ca\u00eddos: qu\u00e9 son y c\u00f3mo tratarlos","og_description":"Contamos con un equipo especializado en operaci\u00f3n de p\u00e1rpados ca\u00eddos que te asesorar\u00e1n y te ayudar\u00e1n a determinar el tratamiento.","og_url":"https:\/\/clinicacemeq.es\/estetica\/2021\/11\/30\/parpados-caidos-que-son-y-como-tratarlos\/","og_site_name":"Cl\u00ednica Est\u00e9tica CEMEQ","article_published_time":"2021-11-30T11:54:05+00:00","article_modified_time":"2024-06-25T15:34:25+00:00","og_image":[{"width":1200,"height":700,"url":"https:\/\/clinicacemeq.es\/estetica\/wp-content\/uploads\/2021\/11\/Disen\u0303o-sin-ti\u0301tulo-5-1.jpg","type":"image\/jpeg"}],"author":"Federico Mahiques","twitter_card":"summary_large_image","twitter_misc":{"Escrito por":"Federico Mahiques","Tiempo de lectura":"6 minutos"},"schema":{"@context":"https:\/\/schema.org","@graph":[{"@type":["WebPage","ItemPage"],"@id":"https:\/\/clinicacemeq.es\/estetica\/2021\/11\/30\/parpados-caidos-que-son-y-como-tratarlos\/","url":"https:\/\/clinicacemeq.es\/estetica\/2021\/11\/30\/parpados-caidos-que-son-y-como-tratarlos\/","name":"P\u00e1rpados ca\u00eddos: qu\u00e9 son y c\u00f3mo tratarlos - Cl\u00ednica Est\u00e9tica CEMEQ","isPartOf":{"@id":"https:\/\/clinicacemeq.es\/estetica\/#website"},"datePublished":"2021-11-30T11:54:05+00:00","dateModified":"2024-06-25T15:34:25+00:00","author":{"@id":"https:\/\/clinicacemeq.es\/estetica\/#\/schema\/person\/970b971cfb22127a85928078e5d97fcf"},"description":"Contamos con un equipo especializado en operaci\u00f3n de p\u00e1rpados ca\u00eddos que te asesorar\u00e1n y te ayudar\u00e1n a determinar el tratamiento.","breadcrumb":{"@id":"https:\/\/clinicacemeq.es\/estetica\/2021\/11\/30\/parpados-caidos-que-son-y-como-tratarlos\/#breadcrumb"},"inLanguage":"es","potentialAction":[{"@type":"ReadAction","target":["https:\/\/clinicacemeq.es\/estetica\/2021\/11\/30\/parpados-caidos-que-son-y-como-tratarlos\/"]}]},{"@type":"BreadcrumbList","@id":"https:\/\/clinicacemeq.es\/estetica\/2021\/11\/30\/parpados-caidos-que-son-y-como-tratarlos\/#breadcrumb","itemListElement":[{"@type":"ListItem","position":1,"name":"Portada","item":"https:\/\/clinicacemeq.es\/estetica\/"},{"@type":"ListItem","position":2,"name":"P\u00e1rpados ca\u00eddos: qu\u00e9 son y c\u00f3mo tratarlos"}]},{"@type":"WebSite","@id":"https:\/\/clinicacemeq.es\/estetica\/#website","url":"https:\/\/clinicacemeq.es\/estetica\/","name":"Cl\u00ednica Est\u00e9tica CEMEQ","description":"Medicina est\u00e9tica \u0131 Cirug\u00eda Est\u00e9tica \u0131 Cl\u00ednica Dental \u0131 Unidad Capilar \u0131 Unidad de Obesidad","potentialAction":[{"@type":"SearchAction","target":{"@type":"EntryPoint","urlTemplate":"https:\/\/clinicacemeq.es\/estetica\/?s={search_term_string}"},"query-input":{"@type":"PropertyValueSpecification","valueRequired":true,"valueName":"search_term_string"}}],"inLanguage":"es"},{"@type":"Person","@id":"https:\/\/clinicacemeq.es\/estetica\/#\/schema\/person\/970b971cfb22127a85928078e5d97fcf","name":"Federico Mahiques","image":{"@type":"ImageObject","inLanguage":"es","@id":"https:\/\/clinicacemeq.es\/estetica\/#\/schema\/person\/image\/","url":"https:\/\/secure.gravatar.com\/avatar\/2eb8af16608046630259421df61b19a9?s=96&d=mm&r=g","contentUrl":"https:\/\/secure.gravatar.com\/avatar\/2eb8af16608046630259421df61b19a9?s=96&d=mm&r=g","caption":"Federico Mahiques"},"url":"https:\/\/clinicacemeq.es\/estetica\/author\/clinica-cemeq\/"}]}},"_links":{"self":[{"href":"https:\/\/clinicacemeq.es\/estetica\/wp-json\/wp\/v2\/posts\/2328"}],"collection":[{"href":"https:\/\/clinicacemeq.es\/estetica\/wp-json\/wp\/v2\/posts"}],"about":[{"href":"https:\/\/clinicacemeq.es\/estetica\/wp-json\/wp\/v2\/types\/post"}],"author":[{"embeddable":true,"href":"https:\/\/clinicacemeq.es\/estetica\/wp-json\/wp\/v2\/users\/2"}],"replies":[{"embeddable":true,"href":"https:\/\/clinicacemeq.es\/estetica\/wp-json\/wp\/v2\/comments?post=2328"}],"version-history":[{"count":3,"href":"https:\/\/clinicacemeq.es\/estetica\/wp-json\/wp\/v2\/posts\/2328\/revisions"}],"predecessor-version":[{"id":8890,"href":"https:\/\/clinicacemeq.es\/estetica\/wp-json\/wp\/v2\/posts\/2328\/revisions\/8890"}],"wp:attachment":[{"href":"https:\/\/clinicacemeq.es\/estetica\/wp-json\/wp\/v2\/media?parent=2328"}],"wp:term":[{"taxonomy":"category","embeddable":true,"href":"https:\/\/clinicacemeq.es\/estetica\/wp-json\/wp\/v2\/categories?post=2328"},{"taxonomy":"post_tag","embeddable":true,"href":"https:\/\/clinicacemeq.es\/estetica\/wp-json\/wp\/v2\/tags?post=2328"}],"curies":[{"name":"wp","href":"https:\/\/api.w.org\/{rel}","templated":true}]}}