{"id":2112,"date":"2021-10-27T10:05:46","date_gmt":"2021-10-27T10:05:46","guid":{"rendered":"https:\/\/clinicacemeq.es\/estetica\/?p=2112"},"modified":"2024-06-25T15:34:26","modified_gmt":"2024-06-25T15:34:26","slug":"manchas-en-la-piel-tipos-origenes","status":"publish","type":"post","link":"https:\/\/clinicacemeq.es\/estetica\/2021\/10\/27\/manchas-en-la-piel-tipos-origenes\/","title":{"rendered":"Manchas en la piel: tipos y su origen"},"content":{"rendered":"\n\n<div class=\"kk-star-ratings kksr-auto kksr-align-left kksr-valign-top\"\n    data-payload='{&quot;align&quot;:&quot;left&quot;,&quot;id&quot;:&quot;2112&quot;,&quot;slug&quot;:&quot;default&quot;,&quot;valign&quot;:&quot;top&quot;,&quot;ignore&quot;:&quot;&quot;,&quot;reference&quot;:&quot;auto&quot;,&quot;class&quot;:&quot;&quot;,&quot;count&quot;:&quot;0&quot;,&quot;legendonly&quot;:&quot;&quot;,&quot;readonly&quot;:&quot;&quot;,&quot;score&quot;:&quot;0&quot;,&quot;starsonly&quot;:&quot;&quot;,&quot;best&quot;:&quot;5&quot;,&quot;gap&quot;:&quot;5&quot;,&quot;greet&quot;:&quot;Valora esta publicaci\u00f3n \ud83d\ude09&quot;,&quot;legend&quot;:&quot;0\\\/5 - (0 votos)&quot;,&quot;size&quot;:&quot;24&quot;,&quot;title&quot;:&quot;Manchas en la piel: tipos y su origen&quot;,&quot;width&quot;:&quot;0&quot;,&quot;_legend&quot;:&quot;{score}\\\/{best} - ({count} {votes})&quot;,&quot;font_factor&quot;:&quot;1.25&quot;}'>\n            \n<div class=\"kksr-stars\">\n    \n<div class=\"kksr-stars-inactive\">\n            <div class=\"kksr-star\" data-star=\"1\" style=\"padding-right: 5px\">\n            \n\n<div class=\"kksr-icon\" style=\"width: 24px; height: 24px;\"><\/div>\n        <\/div>\n            <div class=\"kksr-star\" data-star=\"2\" style=\"padding-right: 5px\">\n            \n\n<div class=\"kksr-icon\" style=\"width: 24px; height: 24px;\"><\/div>\n        <\/div>\n            <div class=\"kksr-star\" data-star=\"3\" style=\"padding-right: 5px\">\n            \n\n<div class=\"kksr-icon\" style=\"width: 24px; height: 24px;\"><\/div>\n        <\/div>\n            <div class=\"kksr-star\" data-star=\"4\" style=\"padding-right: 5px\">\n            \n\n<div class=\"kksr-icon\" style=\"width: 24px; height: 24px;\"><\/div>\n        <\/div>\n            <div class=\"kksr-star\" data-star=\"5\" style=\"padding-right: 5px\">\n            \n\n<div class=\"kksr-icon\" style=\"width: 24px; height: 24px;\"><\/div>\n        <\/div>\n    <\/div>\n    \n<div class=\"kksr-stars-active\" style=\"width: 0px;\">\n            <div class=\"kksr-star\" style=\"padding-right: 5px\">\n            \n\n<div class=\"kksr-icon\" style=\"width: 24px; height: 24px;\"><\/div>\n        <\/div>\n            <div class=\"kksr-star\" style=\"padding-right: 5px\">\n            \n\n<div class=\"kksr-icon\" style=\"width: 24px; height: 24px;\"><\/div>\n        <\/div>\n            <div class=\"kksr-star\" style=\"padding-right: 5px\">\n            \n\n<div class=\"kksr-icon\" style=\"width: 24px; height: 24px;\"><\/div>\n        <\/div>\n            <div class=\"kksr-star\" style=\"padding-right: 5px\">\n            \n\n<div class=\"kksr-icon\" style=\"width: 24px; height: 24px;\"><\/div>\n        <\/div>\n            <div class=\"kksr-star\" style=\"padding-right: 5px\">\n            \n\n<div class=\"kksr-icon\" style=\"width: 24px; height: 24px;\"><\/div>\n        <\/div>\n    <\/div>\n<\/div>\n                \n\n<div class=\"kksr-legend\" style=\"font-size: 19.2px;\">\n            <span class=\"kksr-muted\">Valora esta publicaci\u00f3n \ud83d\ude09<\/span>\n    <\/div>\n    <\/div>\n<p style=\"text-align: justify;\">\u00bfAlguna vez han aparecido manchas en tu piel y no sabes por qu\u00e9? Es necesario que conozcas las numerosas causas que generan las <strong>manchas en la piel<\/strong>. Quiz\u00e1s percibas una <strong>disparidad de color<\/strong> entre ellas, algunas con zonas m\u00e1s claras, m\u00e1s rojas u oscuras. Sea cual sea el motivo de su formaci\u00f3n, es necesario erradicarlas para volver a tener una <strong>piel luminosa<\/strong> y tersa.<\/p>\n<h2 style=\"text-align: justify;\"><strong>\u00bfQu\u00e9 son las manchas en la piel?<\/strong><\/h2>\n<p style=\"text-align: justify;\">Nuestra piel es propensa a sufrir<strong> erupciones<\/strong> y manchas de cualquier tipo. En su mayor\u00eda resultan ser inofensivas, pero es muy importante entenderlas y conocerlas para identificar sus s\u00edntomas y proceder a actuar si fuera necesario. Las manchas en la piel son denominadas <strong>hiperpigmentaci\u00f3n <\/strong>y generan angustia en algunas personas, ya que es dif\u00edcil ocultarlas o disimularlas cuando aparecen en la cara, manos y otras zonas visibles. La hiperpigmentaci\u00f3n ocurre cuando el cuerpo genera un <strong>exceso de melanina<\/strong> en algunas manchas de la piel, dando lugar a <strong>placas cut\u00e1neas<\/strong> planas que poseen un tono m\u00e1s oscuro, desde el marr\u00f3n al negro, variando incluso en su tama\u00f1o.<\/p>\n<h2 style=\"text-align: justify;\"><strong>\u00bfCu\u00e1les son los tipos de manchas en la piel m\u00e1s comunes?<\/strong><\/h2>\n<p style=\"text-align: justify;\">A continuaci\u00f3n, te presentamos los tipos de manchas en la piel que se manifiestan con mayor regularidad y son m\u00e1s conocidas:<\/p>\n<h3 style=\"text-align: justify;\"><strong>Manchas pigmentarias<\/strong><\/h3>\n<p style=\"text-align: justify;\">Tambi\u00e9n suelen llamarse <strong>seniles<\/strong> o de edad. Son placas peque\u00f1as y de color oscuro causados por la <strong>exposici\u00f3n solar<\/strong>, que aparecen principalmente en las zonas m\u00e1s visibles: cara, manos y brazos.<\/p>\n<p style=\"text-align: justify;\">Las manchas pigmentarias tienden a ser m\u00e1s frecuentes en las <strong>personas mayores<\/strong> de 50 a\u00f1os. Esto no quiere decir que no puedan aparecer en personas mucho m\u00e1s j\u00f3venes que se exponen al sol durante largos periodos de tiempo.<\/p>\n<h3 style=\"text-align: justify;\"><strong>Melasma<\/strong><\/h3>\n<p style=\"text-align: justify;\">Estas <strong>manchas<\/strong>, generalmente, aparecen <strong>sobre los p\u00f3mulos<\/strong>, alrededor de las mejillas, frente y en la barbilla. Com\u00fanmente son de tonalidad marr\u00f3n claro, manifiestan bordes regulares y suelen ser de forma circular. Aparecen como consecuencia del embarazo y la utilizaci\u00f3n de anticonceptivos hormonales. La constante exposici\u00f3n solar puede provocar que se oscurezcan.<\/p>\n<h3 style=\"text-align: justify;\"><strong>Pitiriasis alba<\/strong><\/h3>\n<p style=\"text-align: justify;\">Estas manchas son de <strong>tama\u00f1o mediano<\/strong> y se presentan desde las edades m\u00e1s tempranas en la <strong>zona facial<\/strong>. Suelen ser m\u00e1s claras que la piel sobre la cual se forma y son ovaladas. <strong>Desaparecen espont\u00e1neamente<\/strong> y son m\u00e1s frecuentes en verano.<\/p>\n<h3 style=\"text-align: justify;\"><strong>Vit\u00edligo<\/strong><\/h3>\n<p style=\"text-align: justify;\">El vit\u00edligo es una anomal\u00eda muy com\u00fan donde la piel pierde por completo sus <strong>c\u00e9lulas pigmentarias<\/strong>, ocasionando manchas descoloridas en distintas zonas de la piel. En algunos casos incluye el cabello y las membranas mucosas.<\/p>\n<p style=\"text-align: justify;\">El vit\u00edligo puede aparecer a cualquier edad, siendo m\u00e1s frecuente antes de los 30 a\u00f1os y provocando una p\u00e9rdida considerable de la <strong>est\u00e9tica de la piel<\/strong>. Aunque existen tratamientos para devolver el color en ciertas zonas, esta afecci\u00f3n no tiene cura.<\/p>\n<h3 style=\"text-align: justify;\"><strong>Fitofotodermatitis<\/strong><\/h3>\n<p style=\"text-align: justify;\">Estas manchas se generan <strong>por el contacto<\/strong> de la piel con ciertas sustancias vegetales. El \u00e1rea afectada toma un <strong>color gris<\/strong> al exponerse a los rayos solares y suelen desaparecer lentamente despu\u00e9s de un tiempo prudencial. Se causa, principalmente, por el contacto con el <strong>zumo de lim\u00f3n<\/strong>.<\/p>\n<p style=\"text-align: justify;\">\n<h3 style=\"text-align: justify;\"><strong>Hiperpigmentaci\u00f3n postinflamatoria<\/strong><\/h3>\n<p style=\"text-align: justify;\">Este tipo de manchas se manifiesta en varias partes de la piel, tanto en la cara como en el cuerpo. Son manchas de coloraci\u00f3n distinta al color natural de la piel y tienen tonalidades que van del marr\u00f3n al rosado, dependiendo del tono de piel de la persona y el nivel de profundidad de la mancha. Afecta igualmente a mujeres y hombres, pero tiende a aparecer m\u00e1s en personas con <strong>piel oscura<\/strong>.<\/p>\n<h3 style=\"text-align: justify;\"><strong>S\u00edntomas de<\/strong><strong> la aparici\u00f3n de manchas en la piel<\/strong><\/h3>\n<p style=\"text-align: justify;\">Los principales s\u00edntomas de las manchas en la piel tienen que ver con la apreciaci\u00f3n en el cambio de coloraci\u00f3n en ciertas zonas espec\u00edficas de la piel, as\u00ed como el tama\u00f1o de las mismas. Por su naturaleza indolora suelen ser inofensivas, pero el <strong>dermat\u00f3logo<\/strong> deber\u00e1 analizar los casos en profundidad.<\/p>\n<h3 style=\"text-align: justify;\"><strong>Causa de las manchas en la piel<\/strong><\/h3>\n<p style=\"text-align: justify;\">Como hemos se\u00f1alado, la hiperpigmentaci\u00f3n de la piel es consecuencia de una <strong>sobreproducci\u00f3n de melanina<\/strong>, pigmento que otorga el color natural a la piel. Las manchas surgen en forma de placas y su desencadenamiento se debe a variados factores, siendo los m\u00e1s comunes la exposici\u00f3n solar, la gen\u00e9tica, la edad, <strong>circunstancias hormonales<\/strong> y tambi\u00e9n las lesiones e <strong>infecciones en la piel<\/strong>.<\/p>\n<h2 style=\"text-align: justify;\"><strong>\u00bfC\u00f3mo prevenir la aparici\u00f3n de manchas en la piel?<\/strong><\/h2>\n<p style=\"text-align: justify;\">La mejor manera de <strong>prevenir las manchas en la piel<\/strong> es la exposici\u00f3n solar controlada y utilizando protectores solares. De todos modos, puedes consultarle a tu m\u00e9dico sobre las influencias hormonales que pueden tener algunas medicaciones.<\/p>\n<h2 style=\"text-align: justify;\"><strong>Tratamientos para las manchas en la piel: Luz pulsada facial y peeling qu\u00edmico<\/strong><\/h2>\n<p><span style=\"font-weight: 400;\">Nuestro tratamiento de<a href=\"https:\/\/clinicacemeq.es\/estetica\/quitar-manchas-en-la-cara-peeling-facial\/\"><strong> luz pulsada facial<\/strong> <\/a>se trata de un tratamiento m\u00e9dico est\u00e9tico que produce la estimulaci\u00f3n de la producci\u00f3n de col\u00e1geno, mientras que elimina la piel da\u00f1ada como consecuencia de los factores externos y el envejecimiento.\u00a0 Este tratamiento para la piel mejora de forma visible irregularidades como las manchas, arrugas finas, rojeces y p\u00e9rdida de luminosidad de forma r\u00e1pida e indolora.<\/span><span style=\"font-weight: 400;\">\u00a0 Dentro de los beneficios de la luz pulsada facial son:<\/span><\/p>\n<ul>\n<li style=\"font-weight: 400;\" aria-level=\"1\"><span style=\"font-weight: 400;\">Estimulaci\u00f3n y formaci\u00f3n de nuevo col\u00e1geno<\/span><\/li>\n<li style=\"font-weight: 400;\" aria-level=\"1\"><span style=\"font-weight: 400;\">Mejorar y unificar la textura de la piel.<\/span><\/li>\n<li style=\"font-weight: 400;\" aria-level=\"1\"><span style=\"font-weight: 400;\">Disminuci\u00f3n del tama\u00f1o de los poros en el rostro<\/span><\/li>\n<li style=\"font-weight: 400;\" aria-level=\"1\"><span style=\"font-weight: 400;\">Iluminaci\u00f3n de la piel\u00a0<\/span><\/li>\n<li style=\"font-weight: 400;\" aria-level=\"1\"><span style=\"font-weight: 400;\">Correcci\u00f3n de arrugas finas<\/span><\/li>\n<li style=\"font-weight: 400;\" aria-level=\"1\"><span style=\"font-weight: 400;\">Eliminaci\u00f3n de rojeces<\/span><\/li>\n<li style=\"font-weight: 400;\" aria-level=\"1\"><span style=\"font-weight: 400;\">Mejora el acn\u00e9<\/span><\/li>\n<\/ul>\n<p>Otro tratamiento m\u00e1s solicitado para cuidar la piel es el<a href=\"https:\/\/clinicacemeq.es\/estetica\/quitar-manchas-en-la-cara-peeling-facial\/\"><strong> peeling qu\u00edmico.<\/strong><\/a> Este tratamiento \u00a0consiste en la eliminaci\u00f3n de distintas capas de epidermis, las capas de la piel se remueven y son sustituidas por nuevas, de mejor calidad y textura. Este tratamiento facial consigue una <strong>disminuci\u00f3n de arrugas, una piel m\u00e1s joven y bien hidratada, con una buena consistencia y luminosidad.<\/strong><\/p>\n<h2 style=\"text-align: justify;\"><strong>CEMEQ: Tu cl\u00ednica est\u00e9tica en Valencia de confianza<\/strong><\/h2>\n<p style=\"text-align: justify;\">En nuestra <a href=\"https:\/\/clinicacemeq.es\/estetica\/home\/\"><strong>cl\u00ednica est\u00e9tica en Valencia<\/strong><\/a> ponemos a tu disposici\u00f3n los mejores <strong>especialistas est\u00e9ticos<\/strong> con amplia experiencia.<\/p>\n<p style=\"text-align: justify;\">Siempre con la m\u00e1xima disposici\u00f3n de brindarte los tratamientos m\u00e1s avanzados e innovadores como la <strong>luz pulsada facial<\/strong> y <a href=\"https:\/\/clinicacemeq.es\/estetica\/quitar-manchas-en-la-cara-peeling-facial\/\"><strong>peeling qu\u00edmico<\/strong> <\/a>y la atenci\u00f3n m\u00e1s cualificada para que cuentes con la seguridad de que la salud de tu piel est\u00e1 en las mejores manos.<\/p>\n<p style=\"text-align: justify;\">\u00bfHas observado manchas en la piel? \u00a1No te preocupes! Vis\u00edtanos en el <strong>centro m\u00e9dico y quir\u00fargico en Valencia <\/strong>y estudiaremos tu caso.<a href=\"https:\/\/clinicacemeq.es\/estetica\/contacto\/\"><strong> Cont\u00e1ctanos.<\/strong><\/a><\/p>\n","protected":false},"excerpt":{"rendered":"<p>\u00bfAlguna vez han aparecido manchas en tu piel y no sabes por qu\u00e9? Es necesario que conozcas las numerosas causas que generan las manchas en la piel. Quiz\u00e1s percibas una disparidad de color entre ellas, algunas con zonas m\u00e1s claras, m\u00e1s rojas u oscuras. Sea cual sea el motivo de su formaci\u00f3n, es necesario erradicarlas [&#8230;]\n","protected":false},"author":2,"featured_media":2108,"comment_status":"open","ping_status":"open","sticky":false,"template":"","format":"standard","meta":{"footnotes":""},"categories":[1],"tags":[109,110,106],"yoast_head":"<!-- This site is optimized with the Yoast SEO Premium plugin v18.3 (Yoast SEO v24.5) - https:\/\/yoast.com\/wordpress\/plugins\/seo\/ -->\n<title>Manchas en la piel: tipos y su origen - Cl\u00ednica Est\u00e9tica CEMEQ<\/title>\n<meta name=\"description\" content=\"\u00bfHas observado manchas en la piel? \u00a1No te preocupes! Vis\u00edtanos en el centro m\u00e9dico y quir\u00fargico en Valencia y estudiaremos tu caso..\" \/>\n<meta name=\"robots\" content=\"index, follow, max-snippet:-1, max-image-preview:large, max-video-preview:-1\" \/>\n<link rel=\"canonical\" href=\"https:\/\/clinicacemeq.es\/estetica\/2021\/10\/27\/manchas-en-la-piel-tipos-origenes\/\" \/>\n<meta property=\"og:locale\" content=\"es_ES\" \/>\n<meta property=\"og:type\" content=\"article\" \/>\n<meta property=\"og:title\" content=\"Manchas en la piel: tipos y su origen\" \/>\n<meta property=\"og:description\" content=\"\u00bfHas observado manchas en la piel? \u00a1No te preocupes! Vis\u00edtanos en el centro m\u00e9dico y quir\u00fargico en Valencia y estudiaremos tu caso..\" \/>\n<meta property=\"og:url\" content=\"https:\/\/clinicacemeq.es\/estetica\/2021\/10\/27\/manchas-en-la-piel-tipos-origenes\/\" \/>\n<meta property=\"og:site_name\" content=\"Cl\u00ednica Est\u00e9tica CEMEQ\" \/>\n<meta property=\"article:published_time\" content=\"2021-10-27T10:05:46+00:00\" \/>\n<meta property=\"article:modified_time\" content=\"2024-06-25T15:34:26+00:00\" \/>\n<meta property=\"og:image\" content=\"https:\/\/clinicacemeq.es\/estetica\/wp-content\/uploads\/2021\/10\/manchas-en-la-piel-clinica-Cemeq-e1677144087648.jpg\" \/>\n\t<meta property=\"og:image:width\" content=\"1152\" \/>\n\t<meta property=\"og:image:height\" content=\"789\" \/>\n\t<meta property=\"og:image:type\" content=\"image\/jpeg\" \/>\n<meta name=\"author\" content=\"Federico Mahiques\" \/>\n<meta name=\"twitter:card\" content=\"summary_large_image\" \/>\n<meta name=\"twitter:label1\" content=\"Escrito por\" \/>\n\t<meta name=\"twitter:data1\" content=\"Federico Mahiques\" \/>\n\t<meta name=\"twitter:label2\" content=\"Tiempo de lectura\" \/>\n\t<meta name=\"twitter:data2\" content=\"5 minutos\" \/>\n<script type=\"application\/ld+json\" class=\"yoast-schema-graph\">{\"@context\":\"https:\/\/schema.org\",\"@graph\":[{\"@type\":[\"WebPage\",\"ItemPage\"],\"@id\":\"https:\/\/clinicacemeq.es\/estetica\/2021\/10\/27\/manchas-en-la-piel-tipos-origenes\/\",\"url\":\"https:\/\/clinicacemeq.es\/estetica\/2021\/10\/27\/manchas-en-la-piel-tipos-origenes\/\",\"name\":\"Manchas en la piel: tipos y su origen - Cl\u00ednica Est\u00e9tica CEMEQ\",\"isPartOf\":{\"@id\":\"https:\/\/clinicacemeq.es\/estetica\/#website\"},\"primaryImageOfPage\":{\"@id\":\"https:\/\/clinicacemeq.es\/estetica\/2021\/10\/27\/manchas-en-la-piel-tipos-origenes\/#primaryimage\"},\"image\":{\"@id\":\"https:\/\/clinicacemeq.es\/estetica\/2021\/10\/27\/manchas-en-la-piel-tipos-origenes\/#primaryimage\"},\"thumbnailUrl\":\"https:\/\/clinicacemeq.es\/estetica\/wp-content\/uploads\/2021\/10\/manchas-en-la-piel-clinica-Cemeq-e1677144087648.jpg\",\"datePublished\":\"2021-10-27T10:05:46+00:00\",\"dateModified\":\"2024-06-25T15:34:26+00:00\",\"author\":{\"@id\":\"https:\/\/clinicacemeq.es\/estetica\/#\/schema\/person\/970b971cfb22127a85928078e5d97fcf\"},\"description\":\"\u00bfHas observado manchas en la piel? \u00a1No te preocupes! Vis\u00edtanos en el centro m\u00e9dico y quir\u00fargico en Valencia y estudiaremos tu caso..\",\"breadcrumb\":{\"@id\":\"https:\/\/clinicacemeq.es\/estetica\/2021\/10\/27\/manchas-en-la-piel-tipos-origenes\/#breadcrumb\"},\"inLanguage\":\"es\",\"potentialAction\":[{\"@type\":\"ReadAction\",\"target\":[\"https:\/\/clinicacemeq.es\/estetica\/2021\/10\/27\/manchas-en-la-piel-tipos-origenes\/\"]}]},{\"@type\":\"ImageObject\",\"inLanguage\":\"es\",\"@id\":\"https:\/\/clinicacemeq.es\/estetica\/2021\/10\/27\/manchas-en-la-piel-tipos-origenes\/#primaryimage\",\"url\":\"https:\/\/clinicacemeq.es\/estetica\/wp-content\/uploads\/2021\/10\/manchas-en-la-piel-clinica-Cemeq-e1677144087648.jpg\",\"contentUrl\":\"https:\/\/clinicacemeq.es\/estetica\/wp-content\/uploads\/2021\/10\/manchas-en-la-piel-clinica-Cemeq-e1677144087648.jpg\",\"width\":1152,\"height\":789,\"caption\":\"manchas-piel\"},{\"@type\":\"BreadcrumbList\",\"@id\":\"https:\/\/clinicacemeq.es\/estetica\/2021\/10\/27\/manchas-en-la-piel-tipos-origenes\/#breadcrumb\",\"itemListElement\":[{\"@type\":\"ListItem\",\"position\":1,\"name\":\"Portada\",\"item\":\"https:\/\/clinicacemeq.es\/estetica\/\"},{\"@type\":\"ListItem\",\"position\":2,\"name\":\"Manchas en la piel: tipos y su origen\"}]},{\"@type\":\"WebSite\",\"@id\":\"https:\/\/clinicacemeq.es\/estetica\/#website\",\"url\":\"https:\/\/clinicacemeq.es\/estetica\/\",\"name\":\"Cl\u00ednica Est\u00e9tica CEMEQ\",\"description\":\"Medicina est\u00e9tica \u0131 Cirug\u00eda Est\u00e9tica \u0131 Cl\u00ednica Dental \u0131 Unidad Capilar \u0131 Unidad de Obesidad\",\"potentialAction\":[{\"@type\":\"SearchAction\",\"target\":{\"@type\":\"EntryPoint\",\"urlTemplate\":\"https:\/\/clinicacemeq.es\/estetica\/?s={search_term_string}\"},\"query-input\":{\"@type\":\"PropertyValueSpecification\",\"valueRequired\":true,\"valueName\":\"search_term_string\"}}],\"inLanguage\":\"es\"},{\"@type\":\"Person\",\"@id\":\"https:\/\/clinicacemeq.es\/estetica\/#\/schema\/person\/970b971cfb22127a85928078e5d97fcf\",\"name\":\"Federico Mahiques\",\"image\":{\"@type\":\"ImageObject\",\"inLanguage\":\"es\",\"@id\":\"https:\/\/clinicacemeq.es\/estetica\/#\/schema\/person\/image\/\",\"url\":\"https:\/\/secure.gravatar.com\/avatar\/2eb8af16608046630259421df61b19a9?s=96&d=mm&r=g\",\"contentUrl\":\"https:\/\/secure.gravatar.com\/avatar\/2eb8af16608046630259421df61b19a9?s=96&d=mm&r=g\",\"caption\":\"Federico Mahiques\"},\"url\":\"https:\/\/clinicacemeq.es\/estetica\/author\/clinica-cemeq\/\"}]}<\/script>\n<!-- \/ Yoast SEO Premium plugin. -->","yoast_head_json":{"title":"Manchas en la piel: tipos y su origen - Cl\u00ednica Est\u00e9tica CEMEQ","description":"\u00bfHas observado manchas en la piel? \u00a1No te preocupes! Vis\u00edtanos en el centro m\u00e9dico y quir\u00fargico en Valencia y estudiaremos tu caso..","robots":{"index":"index","follow":"follow","max-snippet":"max-snippet:-1","max-image-preview":"max-image-preview:large","max-video-preview":"max-video-preview:-1"},"canonical":"https:\/\/clinicacemeq.es\/estetica\/2021\/10\/27\/manchas-en-la-piel-tipos-origenes\/","og_locale":"es_ES","og_type":"article","og_title":"Manchas en la piel: tipos y su origen","og_description":"\u00bfHas observado manchas en la piel? \u00a1No te preocupes! Vis\u00edtanos en el centro m\u00e9dico y quir\u00fargico en Valencia y estudiaremos tu caso..","og_url":"https:\/\/clinicacemeq.es\/estetica\/2021\/10\/27\/manchas-en-la-piel-tipos-origenes\/","og_site_name":"Cl\u00ednica Est\u00e9tica CEMEQ","article_published_time":"2021-10-27T10:05:46+00:00","article_modified_time":"2024-06-25T15:34:26+00:00","og_image":[{"width":1152,"height":789,"url":"https:\/\/clinicacemeq.es\/estetica\/wp-content\/uploads\/2021\/10\/manchas-en-la-piel-clinica-Cemeq-e1677144087648.jpg","type":"image\/jpeg"}],"author":"Federico Mahiques","twitter_card":"summary_large_image","twitter_misc":{"Escrito por":"Federico Mahiques","Tiempo de lectura":"5 minutos"},"schema":{"@context":"https:\/\/schema.org","@graph":[{"@type":["WebPage","ItemPage"],"@id":"https:\/\/clinicacemeq.es\/estetica\/2021\/10\/27\/manchas-en-la-piel-tipos-origenes\/","url":"https:\/\/clinicacemeq.es\/estetica\/2021\/10\/27\/manchas-en-la-piel-tipos-origenes\/","name":"Manchas en la piel: tipos y su origen - Cl\u00ednica Est\u00e9tica CEMEQ","isPartOf":{"@id":"https:\/\/clinicacemeq.es\/estetica\/#website"},"primaryImageOfPage":{"@id":"https:\/\/clinicacemeq.es\/estetica\/2021\/10\/27\/manchas-en-la-piel-tipos-origenes\/#primaryimage"},"image":{"@id":"https:\/\/clinicacemeq.es\/estetica\/2021\/10\/27\/manchas-en-la-piel-tipos-origenes\/#primaryimage"},"thumbnailUrl":"https:\/\/clinicacemeq.es\/estetica\/wp-content\/uploads\/2021\/10\/manchas-en-la-piel-clinica-Cemeq-e1677144087648.jpg","datePublished":"2021-10-27T10:05:46+00:00","dateModified":"2024-06-25T15:34:26+00:00","author":{"@id":"https:\/\/clinicacemeq.es\/estetica\/#\/schema\/person\/970b971cfb22127a85928078e5d97fcf"},"description":"\u00bfHas observado manchas en la piel? \u00a1No te preocupes! Vis\u00edtanos en el centro m\u00e9dico y quir\u00fargico en Valencia y estudiaremos tu caso..","breadcrumb":{"@id":"https:\/\/clinicacemeq.es\/estetica\/2021\/10\/27\/manchas-en-la-piel-tipos-origenes\/#breadcrumb"},"inLanguage":"es","potentialAction":[{"@type":"ReadAction","target":["https:\/\/clinicacemeq.es\/estetica\/2021\/10\/27\/manchas-en-la-piel-tipos-origenes\/"]}]},{"@type":"ImageObject","inLanguage":"es","@id":"https:\/\/clinicacemeq.es\/estetica\/2021\/10\/27\/manchas-en-la-piel-tipos-origenes\/#primaryimage","url":"https:\/\/clinicacemeq.es\/estetica\/wp-content\/uploads\/2021\/10\/manchas-en-la-piel-clinica-Cemeq-e1677144087648.jpg","contentUrl":"https:\/\/clinicacemeq.es\/estetica\/wp-content\/uploads\/2021\/10\/manchas-en-la-piel-clinica-Cemeq-e1677144087648.jpg","width":1152,"height":789,"caption":"manchas-piel"},{"@type":"BreadcrumbList","@id":"https:\/\/clinicacemeq.es\/estetica\/2021\/10\/27\/manchas-en-la-piel-tipos-origenes\/#breadcrumb","itemListElement":[{"@type":"ListItem","position":1,"name":"Portada","item":"https:\/\/clinicacemeq.es\/estetica\/"},{"@type":"ListItem","position":2,"name":"Manchas en la piel: tipos y su origen"}]},{"@type":"WebSite","@id":"https:\/\/clinicacemeq.es\/estetica\/#website","url":"https:\/\/clinicacemeq.es\/estetica\/","name":"Cl\u00ednica Est\u00e9tica CEMEQ","description":"Medicina est\u00e9tica \u0131 Cirug\u00eda Est\u00e9tica \u0131 Cl\u00ednica Dental \u0131 Unidad Capilar \u0131 Unidad de Obesidad","potentialAction":[{"@type":"SearchAction","target":{"@type":"EntryPoint","urlTemplate":"https:\/\/clinicacemeq.es\/estetica\/?s={search_term_string}"},"query-input":{"@type":"PropertyValueSpecification","valueRequired":true,"valueName":"search_term_string"}}],"inLanguage":"es"},{"@type":"Person","@id":"https:\/\/clinicacemeq.es\/estetica\/#\/schema\/person\/970b971cfb22127a85928078e5d97fcf","name":"Federico Mahiques","image":{"@type":"ImageObject","inLanguage":"es","@id":"https:\/\/clinicacemeq.es\/estetica\/#\/schema\/person\/image\/","url":"https:\/\/secure.gravatar.com\/avatar\/2eb8af16608046630259421df61b19a9?s=96&d=mm&r=g","contentUrl":"https:\/\/secure.gravatar.com\/avatar\/2eb8af16608046630259421df61b19a9?s=96&d=mm&r=g","caption":"Federico Mahiques"},"url":"https:\/\/clinicacemeq.es\/estetica\/author\/clinica-cemeq\/"}]}},"_links":{"self":[{"href":"https:\/\/clinicacemeq.es\/estetica\/wp-json\/wp\/v2\/posts\/2112"}],"collection":[{"href":"https:\/\/clinicacemeq.es\/estetica\/wp-json\/wp\/v2\/posts"}],"about":[{"href":"https:\/\/clinicacemeq.es\/estetica\/wp-json\/wp\/v2\/types\/post"}],"author":[{"embeddable":true,"href":"https:\/\/clinicacemeq.es\/estetica\/wp-json\/wp\/v2\/users\/2"}],"replies":[{"embeddable":true,"href":"https:\/\/clinicacemeq.es\/estetica\/wp-json\/wp\/v2\/comments?post=2112"}],"version-history":[{"count":5,"href":"https:\/\/clinicacemeq.es\/estetica\/wp-json\/wp\/v2\/posts\/2112\/revisions"}],"predecessor-version":[{"id":9108,"href":"https:\/\/clinicacemeq.es\/estetica\/wp-json\/wp\/v2\/posts\/2112\/revisions\/9108"}],"wp:featuredmedia":[{"embeddable":true,"href":"https:\/\/clinicacemeq.es\/estetica\/wp-json\/wp\/v2\/media\/2108"}],"wp:attachment":[{"href":"https:\/\/clinicacemeq.es\/estetica\/wp-json\/wp\/v2\/media?parent=2112"}],"wp:term":[{"taxonomy":"category","embeddable":true,"href":"https:\/\/clinicacemeq.es\/estetica\/wp-json\/wp\/v2\/categories?post=2112"},{"taxonomy":"post_tag","embeddable":true,"href":"https:\/\/clinicacemeq.es\/estetica\/wp-json\/wp\/v2\/tags?post=2112"}],"curies":[{"name":"wp","href":"https:\/\/api.w.org\/{rel}","templated":true}]}}