{"id":8544,"date":"2022-10-21T11:36:55","date_gmt":"2022-10-21T11:36:55","guid":{"rendered":"https:\/\/clinicacemeq.es\/dental\/?p=8544"},"modified":"2024-09-09T11:19:05","modified_gmt":"2024-09-09T11:19:05","slug":"beneficios-de-los-brackets-de-zafiro","status":"publish","type":"post","link":"https:\/\/clinicacemeq.es\/dental\/2022\/10\/21\/beneficios-de-los-brackets-de-zafiro\/","title":{"rendered":"Beneficios de los brackets de zafiro"},"content":{"rendered":"\n\n<div class=\"kk-star-ratings kksr-auto kksr-align-left kksr-valign-top\"\n    data-payload='{&quot;align&quot;:&quot;left&quot;,&quot;id&quot;:&quot;8544&quot;,&quot;slug&quot;:&quot;default&quot;,&quot;valign&quot;:&quot;top&quot;,&quot;ignore&quot;:&quot;&quot;,&quot;reference&quot;:&quot;auto&quot;,&quot;class&quot;:&quot;&quot;,&quot;count&quot;:&quot;0&quot;,&quot;legendonly&quot;:&quot;&quot;,&quot;readonly&quot;:&quot;&quot;,&quot;score&quot;:&quot;0&quot;,&quot;starsonly&quot;:&quot;&quot;,&quot;best&quot;:&quot;5&quot;,&quot;gap&quot;:&quot;5&quot;,&quot;greet&quot;:&quot;Valora esta publicaci\u00f3n \ud83d\ude09&quot;,&quot;legend&quot;:&quot;0\\\/5 - (0 votos)&quot;,&quot;size&quot;:&quot;24&quot;,&quot;title&quot;:&quot;Beneficios de los brackets de zafiro&quot;,&quot;width&quot;:&quot;0&quot;,&quot;_legend&quot;:&quot;{score}\\\/{best} - ({count} {votes})&quot;,&quot;font_factor&quot;:&quot;1.25&quot;}'>\n            \n<div class=\"kksr-stars\">\n    \n<div class=\"kksr-stars-inactive\">\n            <div class=\"kksr-star\" data-star=\"1\" style=\"padding-right: 5px\">\n            \n\n<div class=\"kksr-icon\" style=\"width: 24px; height: 24px;\"><\/div>\n        <\/div>\n            <div class=\"kksr-star\" data-star=\"2\" style=\"padding-right: 5px\">\n            \n\n<div class=\"kksr-icon\" style=\"width: 24px; height: 24px;\"><\/div>\n        <\/div>\n            <div class=\"kksr-star\" data-star=\"3\" style=\"padding-right: 5px\">\n            \n\n<div class=\"kksr-icon\" style=\"width: 24px; height: 24px;\"><\/div>\n        <\/div>\n            <div class=\"kksr-star\" data-star=\"4\" style=\"padding-right: 5px\">\n            \n\n<div class=\"kksr-icon\" style=\"width: 24px; height: 24px;\"><\/div>\n        <\/div>\n            <div class=\"kksr-star\" data-star=\"5\" style=\"padding-right: 5px\">\n            \n\n<div class=\"kksr-icon\" style=\"width: 24px; height: 24px;\"><\/div>\n        <\/div>\n    <\/div>\n    \n<div class=\"kksr-stars-active\" style=\"width: 0px;\">\n            <div class=\"kksr-star\" style=\"padding-right: 5px\">\n            \n\n<div class=\"kksr-icon\" style=\"width: 24px; height: 24px;\"><\/div>\n        <\/div>\n            <div class=\"kksr-star\" style=\"padding-right: 5px\">\n            \n\n<div class=\"kksr-icon\" style=\"width: 24px; height: 24px;\"><\/div>\n        <\/div>\n            <div class=\"kksr-star\" style=\"padding-right: 5px\">\n            \n\n<div class=\"kksr-icon\" style=\"width: 24px; height: 24px;\"><\/div>\n        <\/div>\n            <div class=\"kksr-star\" style=\"padding-right: 5px\">\n            \n\n<div class=\"kksr-icon\" style=\"width: 24px; height: 24px;\"><\/div>\n        <\/div>\n            <div class=\"kksr-star\" style=\"padding-right: 5px\">\n            \n\n<div class=\"kksr-icon\" style=\"width: 24px; height: 24px;\"><\/div>\n        <\/div>\n    <\/div>\n<\/div>\n                \n\n<div class=\"kksr-legend\" style=\"font-size: 19.2px;\">\n            <span class=\"kksr-muted\">Valora esta publicaci\u00f3n \ud83d\ude09<\/span>\n    <\/div>\n    <\/div>\n<p><span style=\"font-weight: 400;\">Los<\/span><strong> brackets de Zafiro<\/strong><span style=\"font-weight: 400;\"> son uno de los \u00faltimos tratamientos en ortodoncia fija. Se caracterizan por<strong> ser transparentes, lo que les da una alta est\u00e9tica.<\/strong> Adem\u00e1s, no se ti\u00f1en con el paso del tiempo y son imperceptibles a media y larga distancia. Si est\u00e1s pensando en realizarte este tratamiento, es importante que sepas todo lo que necesitas saber sobre \u00e9l. \u00a1En este art\u00edculo, te contamos todo lo que debes saber sobre los <\/span><span style=\"font-weight: 400;\">brackets de Zafiro<\/span><span style=\"font-weight: 400;\">!<\/span><\/p>\n<h2><span style=\"font-weight: 400;\">\u00bfQu\u00e9 son los brackets de zafiro?<\/span><\/h2>\n<p><span style=\"font-weight: 400;\">\u00a0Los <a href=\"https:\/\/clinicacemeq.es\/dental\/\"><strong>brackets zafiro<\/strong><\/a> son una de las mejores soluciones est\u00e9ticas para aquellos pacientes que deseen corregir la posici\u00f3n de sus dientes sin recurrir a la ortodoncia convencional. Est\u00e1n fabricados de zafiro, un material altamente resistente.\u00a0<\/span><\/p>\n<h2><span style=\"font-weight: 400;\">Beneficios de los brackets de zafiro<\/span><\/h2>\n<p><span style=\"font-weight: 400;\">Los <\/span><a href=\"https:\/\/clinicacemeq.es\/dental\/\"><strong>brackets de zafiro<\/strong><\/a><span style=\"font-weight: 400;\"> est\u00e1n hechos de un material totalmente transparente, como es el cristal de zafiro. Se mimetizan con el color del diente y no se ti\u00f1en con el paso del tiempo, ofreciendo todas las ventajas de la ortodoncia convencional, pero siendo invisibles a larga distancia y casi imperceptibles a media distancia.<\/span><\/p>\n<p><span style=\"font-weight: 400;\">El principal beneficio de estos soportes es que son muy est\u00e9ticos. Se mimetizan con el color del diente y son pr\u00e1cticamente imperceptibles a simple vista. Adem\u00e1s, no se ti\u00f1en con el paso del tiempo, por lo que podr\u00e1s mantener una sonrisa perfecta durante todo el tratamiento.<\/span><\/p>\n<p><span style=\"font-weight: 400;\">Otro beneficio <\/span><span style=\"font-weight: 400;\">es que son muy c\u00f3modos. Se adaptan perfectamente a los dientes y no causan molestias ni roces durante el tratamiento.<\/span><\/p>\n<p><span style=\"font-weight: 400;\">Adem\u00e1s, ofrecen todas las ventajas de la ortodoncia convencional, como una mayor eficacia y un mejor control del tratamiento.<\/span><\/p>\n<h3><span style=\"font-weight: 400;\">\u00bfSon eficaces los brackets de zafiro?<\/span><\/h3>\n<p><span style=\"font-weight: 400;\">Los<a href=\"https:\/\/clinicacemeq.es\/dental\/\"> <strong>brackets zafiro<\/strong><\/a> son un tratamiento muy eficaz para <strong>corregir los problemas de ortodoncia.<\/strong> Se adaptan perfectamente a los dientes y ofrecen un mejor control del tratamiento. Adem\u00e1s, son muy c\u00f3modos y no causan molestias ni roces durante el tratamiento. Se asemejan a los<strong> brackets met\u00e1licos<\/strong> en cuanto a durabilidad, pero con la ventaja de que no produce heridas o llagas en los tejidos bucales.<\/span><\/p>\n<p><span style=\"font-weight: 400;\">Aunque los <strong>brackets met\u00e1licos<\/strong> tienen una resistencia y adherencia superior a los dem\u00e1s materiales, dentro de la gama de brackets invisible o est\u00e9tica, los <\/span><span style=\"font-weight: 400;\">brackets zafiro<\/span><span style=\"font-weight: 400;\"> con los que re\u00fanen la mayor cantidad de beneficios con respecto a sus pares, permaneciendo inalterables con el paso del tiempo.<\/span><\/p>\n<p><span style=\"font-weight: 400;\">Para seguir en la misma l\u00ednea discreta e invisible, los arcos, ligaduras y gomas que se utilizan son blancas en lugar de met\u00e1licos, como en la ortodoncia fija tradicional con <strong>brackets met\u00e1licos<\/strong>, convirti\u00e9ndolo en la mejor opci\u00f3n para adolescentes y adultos que quieran cuidar su imagen.<\/span><\/p>\n<p><span style=\"font-weight: 400;\">La sensibilidad es un factor a tener en cuenta al decantarse por cualquier tratamiento de ortodoncia, ya que durante el mismo puede haber molestias. No obstante, este no es un problema con los <strong>brackets de zafiro<\/strong> debido a que se <strong>adaptan perfectamente a los dientes <\/strong>\u00a0durante el tratamiento.<\/span><\/p>\n<h2><span style=\"font-weight: 400;\"><img loading=\"lazy\" decoding=\"async\" class=\" wp-image-8546 aligncenter\" src=\"https:\/\/clinicacemeq.es\/dental\/wp-content\/uploads\/2022\/10\/brackets-zafiro-ventajas-1-300x200.png\" alt=\"precio de los brackets de zafiro\" width=\"441\" height=\"294\" srcset=\"https:\/\/clinicacemeq.es\/dental\/wp-content\/uploads\/2022\/10\/brackets-zafiro-ventajas-1-300x200.png 300w, https:\/\/clinicacemeq.es\/dental\/wp-content\/uploads\/2022\/10\/brackets-zafiro-ventajas-1-768x512.png 768w, https:\/\/clinicacemeq.es\/dental\/wp-content\/uploads\/2022\/10\/brackets-zafiro-ventajas-1-900x600.png 900w, https:\/\/clinicacemeq.es\/dental\/wp-content\/uploads\/2022\/10\/brackets-zafiro-ventajas-1.png 1000w\" sizes=\"(max-width: 441px) 100vw, 441px\" \/><\/span><\/h2>\n<h2><span style=\"font-weight: 400;\">\u00bfCu\u00e1l es el precio de los brackets de Zafiro?<\/span><\/h2>\n<p><span style=\"font-weight: 400;\">El <\/span><b>precio de los brackets de zafiro<\/b><span style=\"font-weight: 400;\"> depende de varios factores. En general,\u00a0 su precio suele ser un poco m\u00e1s caro que los convencionales, pero este extra de precio se confunde debido a la falta de informaci\u00f3n. En general, los <a href=\"https:\/\/clinicacemeq.es\/dental\/\"><strong>brackets de Zafiro<\/strong> <\/a>suelen ser un poco m\u00e1s caros que los brackets convencionales, pero este extra de precio se debe a la mayor calidad del material y a las ventajas que ofrecen. Adem\u00e1s, el precio tambi\u00e9n puede variar en funci\u00f3n del lugar donde se realice el tratamiento.\u00a0<\/span><\/p>\n<p><span id=\"hs-cta-wrapper-660305af-0778-4729-be6b-a94b1d2c72c6\" class=\"hs-cta-wrapper\"><span id=\"hs-cta-660305af-0778-4729-be6b-a94b1d2c72c6\" class=\"hs-cta-node hs-cta-660305af-0778-4729-be6b-a94b1d2c72c6\"><a href=\"https:\/\/clinicacemeq.es\/dental\/ortodoncia-lp\/\" target=\"_blank\" rel=\"noopener\"><img loading=\"lazy\" decoding=\"async\" id=\"hs-cta-img-660305af-0778-4729-be6b-a94b1d2c72c6\" class=\"hs-cta-img aligncenter\" src=\"https:\/\/hubspot-no-cache-eu1-prod.s3.amazonaws.com\/cta\/default\/25939375\/660305af-0778-4729-be6b-a94b1d2c72c6.png\" alt=\"Consigue la mejor versi\u00f3n de tu sonrisa\" width=\"663\" height=\"199\" \/><\/a><\/span><\/span><\/p>\n<h2><span style=\"font-weight: 400;\">Nuestra cl\u00ednica dental Valencia<\/span><\/h2>\n<p><span style=\"font-weight: 400;\">En nuestro <strong>dentista Valencia<\/strong> contamos con un sistema de financiamiento a medida, \u00a1Y por un tiempo limitado tenemos un 15% de descuento en tus <\/span><span style=\"font-weight: 400;\">brackets zafiro<\/span><span style=\"font-weight: 400;\">!<\/span><\/p>\n<p><span style=\"font-weight: 400;\">En cualquier caso, si est\u00e1s pensando en realizarte un tratamiento de ortodoncia, lo mejor es que acudas a un especialista para que te asesore sobre el mejor tratamiento para ti. En nuestra <a href=\"https:\/\/clinicacemeq.es\/dental\/\"><strong>cl\u00ednica dental Valencia<\/strong><\/a> contamos con un equipo de especialistas en ortodoncia que podr\u00e1n asesorarte sobre el tratamiento m\u00e1s adecuado para ti. <a href=\"https:\/\/clinicacemeq.es\/dental\/contacto\/\"><strong>\u00a1Pide tu cita gratis y sin compromiso!<\/strong><\/a><\/span><\/p>\n","protected":false},"excerpt":{"rendered":"<p>Los brackets de Zafiro son uno de los \u00faltimos tratamientos en ortodoncia fija. Se caracterizan por ser transparentes, lo que les da una alta est\u00e9tica. Adem\u00e1s, no se ti\u00f1en con el paso del tiempo y son imperceptibles a media y larga distancia. Si est\u00e1s pensando en realizarte este tratamiento, es importante que sepas todo lo [&#8230;]\n","protected":false},"author":6,"featured_media":8545,"comment_status":"open","ping_status":"open","sticky":false,"template":"","format":"standard","meta":{"footnotes":""},"categories":[1],"tags":[],"yoast_head":"<!-- This site is optimized with the Yoast SEO Premium plugin v18.3 (Yoast SEO v22.7) - https:\/\/yoast.com\/wordpress\/plugins\/seo\/ -->\n<title>Beneficios de los brackets de zafiro &#8902; Cl\u00ednica Dental CEMEQ<\/title>\n<meta name=\"description\" content=\"Te contamos los beneficios de los brackets de zafiro, uno de los tratamientos mas solicitados en nuestra cl\u00ednica dental Valencia.\" \/>\n<meta name=\"robots\" content=\"index, follow, max-snippet:-1, max-image-preview:large, max-video-preview:-1\" \/>\n<link rel=\"canonical\" href=\"https:\/\/clinicacemeq.es\/dental\/2022\/10\/21\/beneficios-de-los-brackets-de-zafiro\/\" \/>\n<meta property=\"og:locale\" content=\"es_ES\" \/>\n<meta property=\"og:type\" content=\"article\" \/>\n<meta property=\"og:title\" content=\"Beneficios de los brackets de zafiro\" \/>\n<meta property=\"og:description\" content=\"Te contamos los beneficios de los brackets de zafiro, uno de los tratamientos mas solicitados en nuestra cl\u00ednica dental Valencia.\" \/>\n<meta property=\"og:url\" content=\"https:\/\/clinicacemeq.es\/dental\/2022\/10\/21\/beneficios-de-los-brackets-de-zafiro\/\" \/>\n<meta property=\"og:site_name\" content=\"Cl\u00ednica Dental CEMEQ\" \/>\n<meta property=\"article:published_time\" content=\"2022-10-21T11:36:55+00:00\" \/>\n<meta property=\"article:modified_time\" content=\"2024-09-09T11:19:05+00:00\" \/>\n<meta property=\"og:image\" content=\"https:\/\/clinicacemeq.es\/dental\/wp-content\/uploads\/2022\/10\/brackets-zarifo-1.png\" \/>\n\t<meta property=\"og:image:width\" content=\"1000\" \/>\n\t<meta property=\"og:image:height\" content=\"567\" \/>\n\t<meta property=\"og:image:type\" content=\"image\/png\" \/>\n<meta name=\"author\" content=\"Federico Mahiques\" \/>\n<meta name=\"twitter:card\" content=\"summary_large_image\" \/>\n<meta name=\"twitter:label1\" content=\"Escrito por\" \/>\n\t<meta name=\"twitter:data1\" content=\"Federico Mahiques\" \/>\n\t<meta name=\"twitter:label2\" content=\"Tiempo de lectura\" \/>\n\t<meta name=\"twitter:data2\" content=\"4 minutos\" \/>\n<script type=\"application\/ld+json\" class=\"yoast-schema-graph\">{\"@context\":\"https:\/\/schema.org\",\"@graph\":[{\"@type\":\"Article\",\"@id\":\"https:\/\/clinicacemeq.es\/dental\/2022\/10\/21\/beneficios-de-los-brackets-de-zafiro\/#article\",\"isPartOf\":{\"@id\":\"https:\/\/clinicacemeq.es\/dental\/2022\/10\/21\/beneficios-de-los-brackets-de-zafiro\/\"},\"author\":{\"name\":\"Federico Mahiques\",\"@id\":\"https:\/\/clinicacemeq.es\/dental\/#\/schema\/person\/c59ca45e0d40697222e3795fa6384c4d\"},\"headline\":\"Beneficios de los brackets de zafiro\",\"datePublished\":\"2022-10-21T11:36:55+00:00\",\"dateModified\":\"2024-09-09T11:19:05+00:00\",\"mainEntityOfPage\":{\"@id\":\"https:\/\/clinicacemeq.es\/dental\/2022\/10\/21\/beneficios-de-los-brackets-de-zafiro\/\"},\"wordCount\":706,\"commentCount\":0,\"publisher\":{\"@id\":\"https:\/\/clinicacemeq.es\/dental\/#organization\"},\"image\":{\"@id\":\"https:\/\/clinicacemeq.es\/dental\/2022\/10\/21\/beneficios-de-los-brackets-de-zafiro\/#primaryimage\"},\"thumbnailUrl\":\"https:\/\/clinicacemeq.es\/dental\/wp-content\/uploads\/2022\/10\/brackets-zarifo-1.png\",\"articleSection\":[\"Patolog\u00edas dentales\"],\"inLanguage\":\"es\",\"potentialAction\":[{\"@type\":\"CommentAction\",\"name\":\"Comment\",\"target\":[\"https:\/\/clinicacemeq.es\/dental\/2022\/10\/21\/beneficios-de-los-brackets-de-zafiro\/#respond\"]}]},{\"@type\":\"WebPage\",\"@id\":\"https:\/\/clinicacemeq.es\/dental\/2022\/10\/21\/beneficios-de-los-brackets-de-zafiro\/\",\"url\":\"https:\/\/clinicacemeq.es\/dental\/2022\/10\/21\/beneficios-de-los-brackets-de-zafiro\/\",\"name\":\"Beneficios de los brackets de zafiro &#8902; Cl\u00ednica Dental CEMEQ\",\"isPartOf\":{\"@id\":\"https:\/\/clinicacemeq.es\/dental\/#website\"},\"primaryImageOfPage\":{\"@id\":\"https:\/\/clinicacemeq.es\/dental\/2022\/10\/21\/beneficios-de-los-brackets-de-zafiro\/#primaryimage\"},\"image\":{\"@id\":\"https:\/\/clinicacemeq.es\/dental\/2022\/10\/21\/beneficios-de-los-brackets-de-zafiro\/#primaryimage\"},\"thumbnailUrl\":\"https:\/\/clinicacemeq.es\/dental\/wp-content\/uploads\/2022\/10\/brackets-zarifo-1.png\",\"datePublished\":\"2022-10-21T11:36:55+00:00\",\"dateModified\":\"2024-09-09T11:19:05+00:00\",\"description\":\"Te contamos los beneficios de los brackets de zafiro, uno de los tratamientos mas solicitados en nuestra cl\u00ednica dental Valencia.\",\"breadcrumb\":{\"@id\":\"https:\/\/clinicacemeq.es\/dental\/2022\/10\/21\/beneficios-de-los-brackets-de-zafiro\/#breadcrumb\"},\"inLanguage\":\"es\",\"potentialAction\":[{\"@type\":\"ReadAction\",\"target\":[\"https:\/\/clinicacemeq.es\/dental\/2022\/10\/21\/beneficios-de-los-brackets-de-zafiro\/\"]}]},{\"@type\":\"ImageObject\",\"inLanguage\":\"es\",\"@id\":\"https:\/\/clinicacemeq.es\/dental\/2022\/10\/21\/beneficios-de-los-brackets-de-zafiro\/#primaryimage\",\"url\":\"https:\/\/clinicacemeq.es\/dental\/wp-content\/uploads\/2022\/10\/brackets-zarifo-1.png\",\"contentUrl\":\"https:\/\/clinicacemeq.es\/dental\/wp-content\/uploads\/2022\/10\/brackets-zarifo-1.png\",\"width\":1000,\"height\":567,\"caption\":\"beneficios de los brackets de zafiro\"},{\"@type\":\"BreadcrumbList\",\"@id\":\"https:\/\/clinicacemeq.es\/dental\/2022\/10\/21\/beneficios-de-los-brackets-de-zafiro\/#breadcrumb\",\"itemListElement\":[{\"@type\":\"ListItem\",\"position\":1,\"name\":\"Portada\",\"item\":\"https:\/\/clinicacemeq.es\/dental\/\"},{\"@type\":\"ListItem\",\"position\":2,\"name\":\"Beneficios de los brackets de zafiro\"}]},{\"@type\":\"WebSite\",\"@id\":\"https:\/\/clinicacemeq.es\/dental\/#website\",\"url\":\"https:\/\/clinicacemeq.es\/dental\/\",\"name\":\"Cl\u00ednica Dental CEMEQ\",\"description\":\"Cl\u00ednica Dental Valencia | Dentista Valencia\",\"publisher\":{\"@id\":\"https:\/\/clinicacemeq.es\/dental\/#organization\"},\"potentialAction\":[{\"@type\":\"SearchAction\",\"target\":{\"@type\":\"EntryPoint\",\"urlTemplate\":\"https:\/\/clinicacemeq.es\/dental\/?s={search_term_string}\"},\"query-input\":\"required name=search_term_string\"}],\"inLanguage\":\"es\"},{\"@type\":\"Organization\",\"@id\":\"https:\/\/clinicacemeq.es\/dental\/#organization\",\"name\":\"CEMEQ\",\"url\":\"https:\/\/clinicacemeq.es\/dental\/\",\"logo\":{\"@type\":\"ImageObject\",\"inLanguage\":\"es\",\"@id\":\"https:\/\/clinicacemeq.es\/dental\/#\/schema\/logo\/image\/\",\"url\":\"https:\/\/clinicacemeq.es\/dental\/wp-content\/uploads\/2021\/07\/LOGO-WEB-1024x631-1.jpeg\",\"contentUrl\":\"https:\/\/clinicacemeq.es\/dental\/wp-content\/uploads\/2021\/07\/LOGO-WEB-1024x631-1.jpeg\",\"width\":1024,\"height\":631,\"caption\":\"CEMEQ\"},\"image\":{\"@id\":\"https:\/\/clinicacemeq.es\/dental\/#\/schema\/logo\/image\/\"}},{\"@type\":\"Person\",\"@id\":\"https:\/\/clinicacemeq.es\/dental\/#\/schema\/person\/c59ca45e0d40697222e3795fa6384c4d\",\"name\":\"Federico Mahiques\",\"image\":{\"@type\":\"ImageObject\",\"inLanguage\":\"es\",\"@id\":\"https:\/\/clinicacemeq.es\/dental\/#\/schema\/person\/image\/\",\"url\":\"https:\/\/secure.gravatar.com\/avatar\/a16f1bf5b7e085c0937f91eaf260e1fc?s=96&d=mm&r=g\",\"contentUrl\":\"https:\/\/secure.gravatar.com\/avatar\/a16f1bf5b7e085c0937f91eaf260e1fc?s=96&d=mm&r=g\",\"caption\":\"Federico Mahiques\"},\"url\":\"https:\/\/clinicacemeq.es\/dental\/author\/marketing\/\"}]}<\/script>\n<!-- \/ Yoast SEO Premium plugin. -->","yoast_head_json":{"title":"Beneficios de los brackets de zafiro &#8902; Cl\u00ednica Dental CEMEQ","description":"Te contamos los beneficios de los brackets de zafiro, uno de los tratamientos mas solicitados en nuestra cl\u00ednica dental Valencia.","robots":{"index":"index","follow":"follow","max-snippet":"max-snippet:-1","max-image-preview":"max-image-preview:large","max-video-preview":"max-video-preview:-1"},"canonical":"https:\/\/clinicacemeq.es\/dental\/2022\/10\/21\/beneficios-de-los-brackets-de-zafiro\/","og_locale":"es_ES","og_type":"article","og_title":"Beneficios de los brackets de zafiro","og_description":"Te contamos los beneficios de los brackets de zafiro, uno de los tratamientos mas solicitados en nuestra cl\u00ednica dental Valencia.","og_url":"https:\/\/clinicacemeq.es\/dental\/2022\/10\/21\/beneficios-de-los-brackets-de-zafiro\/","og_site_name":"Cl\u00ednica Dental CEMEQ","article_published_time":"2022-10-21T11:36:55+00:00","article_modified_time":"2024-09-09T11:19:05+00:00","og_image":[{"width":1000,"height":567,"url":"https:\/\/clinicacemeq.es\/dental\/wp-content\/uploads\/2022\/10\/brackets-zarifo-1.png","type":"image\/png"}],"author":"Federico Mahiques","twitter_card":"summary_large_image","twitter_misc":{"Escrito por":"Federico Mahiques","Tiempo de lectura":"4 minutos"},"schema":{"@context":"https:\/\/schema.org","@graph":[{"@type":"Article","@id":"https:\/\/clinicacemeq.es\/dental\/2022\/10\/21\/beneficios-de-los-brackets-de-zafiro\/#article","isPartOf":{"@id":"https:\/\/clinicacemeq.es\/dental\/2022\/10\/21\/beneficios-de-los-brackets-de-zafiro\/"},"author":{"name":"Federico Mahiques","@id":"https:\/\/clinicacemeq.es\/dental\/#\/schema\/person\/c59ca45e0d40697222e3795fa6384c4d"},"headline":"Beneficios de los brackets de zafiro","datePublished":"2022-10-21T11:36:55+00:00","dateModified":"2024-09-09T11:19:05+00:00","mainEntityOfPage":{"@id":"https:\/\/clinicacemeq.es\/dental\/2022\/10\/21\/beneficios-de-los-brackets-de-zafiro\/"},"wordCount":706,"commentCount":0,"publisher":{"@id":"https:\/\/clinicacemeq.es\/dental\/#organization"},"image":{"@id":"https:\/\/clinicacemeq.es\/dental\/2022\/10\/21\/beneficios-de-los-brackets-de-zafiro\/#primaryimage"},"thumbnailUrl":"https:\/\/clinicacemeq.es\/dental\/wp-content\/uploads\/2022\/10\/brackets-zarifo-1.png","articleSection":["Patolog\u00edas dentales"],"inLanguage":"es","potentialAction":[{"@type":"CommentAction","name":"Comment","target":["https:\/\/clinicacemeq.es\/dental\/2022\/10\/21\/beneficios-de-los-brackets-de-zafiro\/#respond"]}]},{"@type":"WebPage","@id":"https:\/\/clinicacemeq.es\/dental\/2022\/10\/21\/beneficios-de-los-brackets-de-zafiro\/","url":"https:\/\/clinicacemeq.es\/dental\/2022\/10\/21\/beneficios-de-los-brackets-de-zafiro\/","name":"Beneficios de los brackets de zafiro &#8902; Cl\u00ednica Dental CEMEQ","isPartOf":{"@id":"https:\/\/clinicacemeq.es\/dental\/#website"},"primaryImageOfPage":{"@id":"https:\/\/clinicacemeq.es\/dental\/2022\/10\/21\/beneficios-de-los-brackets-de-zafiro\/#primaryimage"},"image":{"@id":"https:\/\/clinicacemeq.es\/dental\/2022\/10\/21\/beneficios-de-los-brackets-de-zafiro\/#primaryimage"},"thumbnailUrl":"https:\/\/clinicacemeq.es\/dental\/wp-content\/uploads\/2022\/10\/brackets-zarifo-1.png","datePublished":"2022-10-21T11:36:55+00:00","dateModified":"2024-09-09T11:19:05+00:00","description":"Te contamos los beneficios de los brackets de zafiro, uno de los tratamientos mas solicitados en nuestra cl\u00ednica dental Valencia.","breadcrumb":{"@id":"https:\/\/clinicacemeq.es\/dental\/2022\/10\/21\/beneficios-de-los-brackets-de-zafiro\/#breadcrumb"},"inLanguage":"es","potentialAction":[{"@type":"ReadAction","target":["https:\/\/clinicacemeq.es\/dental\/2022\/10\/21\/beneficios-de-los-brackets-de-zafiro\/"]}]},{"@type":"ImageObject","inLanguage":"es","@id":"https:\/\/clinicacemeq.es\/dental\/2022\/10\/21\/beneficios-de-los-brackets-de-zafiro\/#primaryimage","url":"https:\/\/clinicacemeq.es\/dental\/wp-content\/uploads\/2022\/10\/brackets-zarifo-1.png","contentUrl":"https:\/\/clinicacemeq.es\/dental\/wp-content\/uploads\/2022\/10\/brackets-zarifo-1.png","width":1000,"height":567,"caption":"beneficios de los brackets de zafiro"},{"@type":"BreadcrumbList","@id":"https:\/\/clinicacemeq.es\/dental\/2022\/10\/21\/beneficios-de-los-brackets-de-zafiro\/#breadcrumb","itemListElement":[{"@type":"ListItem","position":1,"name":"Portada","item":"https:\/\/clinicacemeq.es\/dental\/"},{"@type":"ListItem","position":2,"name":"Beneficios de los brackets de zafiro"}]},{"@type":"WebSite","@id":"https:\/\/clinicacemeq.es\/dental\/#website","url":"https:\/\/clinicacemeq.es\/dental\/","name":"Cl\u00ednica Dental CEMEQ","description":"Cl\u00ednica Dental Valencia | Dentista Valencia","publisher":{"@id":"https:\/\/clinicacemeq.es\/dental\/#organization"},"potentialAction":[{"@type":"SearchAction","target":{"@type":"EntryPoint","urlTemplate":"https:\/\/clinicacemeq.es\/dental\/?s={search_term_string}"},"query-input":"required name=search_term_string"}],"inLanguage":"es"},{"@type":"Organization","@id":"https:\/\/clinicacemeq.es\/dental\/#organization","name":"CEMEQ","url":"https:\/\/clinicacemeq.es\/dental\/","logo":{"@type":"ImageObject","inLanguage":"es","@id":"https:\/\/clinicacemeq.es\/dental\/#\/schema\/logo\/image\/","url":"https:\/\/clinicacemeq.es\/dental\/wp-content\/uploads\/2021\/07\/LOGO-WEB-1024x631-1.jpeg","contentUrl":"https:\/\/clinicacemeq.es\/dental\/wp-content\/uploads\/2021\/07\/LOGO-WEB-1024x631-1.jpeg","width":1024,"height":631,"caption":"CEMEQ"},"image":{"@id":"https:\/\/clinicacemeq.es\/dental\/#\/schema\/logo\/image\/"}},{"@type":"Person","@id":"https:\/\/clinicacemeq.es\/dental\/#\/schema\/person\/c59ca45e0d40697222e3795fa6384c4d","name":"Federico Mahiques","image":{"@type":"ImageObject","inLanguage":"es","@id":"https:\/\/clinicacemeq.es\/dental\/#\/schema\/person\/image\/","url":"https:\/\/secure.gravatar.com\/avatar\/a16f1bf5b7e085c0937f91eaf260e1fc?s=96&d=mm&r=g","contentUrl":"https:\/\/secure.gravatar.com\/avatar\/a16f1bf5b7e085c0937f91eaf260e1fc?s=96&d=mm&r=g","caption":"Federico Mahiques"},"url":"https:\/\/clinicacemeq.es\/dental\/author\/marketing\/"}]}},"_links":{"self":[{"href":"https:\/\/clinicacemeq.es\/dental\/wp-json\/wp\/v2\/posts\/8544"}],"collection":[{"href":"https:\/\/clinicacemeq.es\/dental\/wp-json\/wp\/v2\/posts"}],"about":[{"href":"https:\/\/clinicacemeq.es\/dental\/wp-json\/wp\/v2\/types\/post"}],"author":[{"embeddable":true,"href":"https:\/\/clinicacemeq.es\/dental\/wp-json\/wp\/v2\/users\/6"}],"replies":[{"embeddable":true,"href":"https:\/\/clinicacemeq.es\/dental\/wp-json\/wp\/v2\/comments?post=8544"}],"version-history":[{"count":2,"href":"https:\/\/clinicacemeq.es\/dental\/wp-json\/wp\/v2\/posts\/8544\/revisions"}],"predecessor-version":[{"id":11917,"href":"https:\/\/clinicacemeq.es\/dental\/wp-json\/wp\/v2\/posts\/8544\/revisions\/11917"}],"wp:featuredmedia":[{"embeddable":true,"href":"https:\/\/clinicacemeq.es\/dental\/wp-json\/wp\/v2\/media\/8545"}],"wp:attachment":[{"href":"https:\/\/clinicacemeq.es\/dental\/wp-json\/wp\/v2\/media?parent=8544"}],"wp:term":[{"taxonomy":"category","embeddable":true,"href":"https:\/\/clinicacemeq.es\/dental\/wp-json\/wp\/v2\/categories?post=8544"},{"taxonomy":"post_tag","embeddable":true,"href":"https:\/\/clinicacemeq.es\/dental\/wp-json\/wp\/v2\/tags?post=8544"}],"curies":[{"name":"wp","href":"https:\/\/api.w.org\/{rel}","templated":true}]}}