{"id":8384,"date":"2022-10-14T18:39:41","date_gmt":"2022-10-14T18:39:41","guid":{"rendered":"https:\/\/clinicacemeq.es\/dental\/?p=8384"},"modified":"2024-06-05T11:55:43","modified_gmt":"2024-06-05T11:55:43","slug":"cual-es-el-verdadero-precio-carilla-dental","status":"publish","type":"post","link":"https:\/\/clinicacemeq.es\/dental\/2022\/10\/14\/cual-es-el-verdadero-precio-carilla-dental\/","title":{"rendered":"\u00bfCu\u00e1l es el verdadero precio carilla dental?"},"content":{"rendered":"\n\n<div class=\"kk-star-ratings kksr-auto kksr-align-left kksr-valign-top\"\n    data-payload='{&quot;align&quot;:&quot;left&quot;,&quot;id&quot;:&quot;8384&quot;,&quot;slug&quot;:&quot;default&quot;,&quot;valign&quot;:&quot;top&quot;,&quot;ignore&quot;:&quot;&quot;,&quot;reference&quot;:&quot;auto&quot;,&quot;class&quot;:&quot;&quot;,&quot;count&quot;:&quot;0&quot;,&quot;legendonly&quot;:&quot;&quot;,&quot;readonly&quot;:&quot;&quot;,&quot;score&quot;:&quot;0&quot;,&quot;starsonly&quot;:&quot;&quot;,&quot;best&quot;:&quot;5&quot;,&quot;gap&quot;:&quot;5&quot;,&quot;greet&quot;:&quot;Valora esta publicaci\u00f3n \ud83d\ude09&quot;,&quot;legend&quot;:&quot;0\\\/5 - (0 votos)&quot;,&quot;size&quot;:&quot;24&quot;,&quot;title&quot;:&quot;\u00bfCu\u00e1l es el verdadero precio carilla dental?&quot;,&quot;width&quot;:&quot;0&quot;,&quot;_legend&quot;:&quot;{score}\\\/{best} - ({count} {votes})&quot;,&quot;font_factor&quot;:&quot;1.25&quot;}'>\n            \n<div class=\"kksr-stars\">\n    \n<div class=\"kksr-stars-inactive\">\n            <div class=\"kksr-star\" data-star=\"1\" style=\"padding-right: 5px\">\n            \n\n<div class=\"kksr-icon\" style=\"width: 24px; height: 24px;\"><\/div>\n        <\/div>\n            <div class=\"kksr-star\" data-star=\"2\" style=\"padding-right: 5px\">\n            \n\n<div class=\"kksr-icon\" style=\"width: 24px; height: 24px;\"><\/div>\n        <\/div>\n            <div class=\"kksr-star\" data-star=\"3\" style=\"padding-right: 5px\">\n            \n\n<div class=\"kksr-icon\" style=\"width: 24px; height: 24px;\"><\/div>\n        <\/div>\n            <div class=\"kksr-star\" data-star=\"4\" style=\"padding-right: 5px\">\n            \n\n<div class=\"kksr-icon\" style=\"width: 24px; height: 24px;\"><\/div>\n        <\/div>\n            <div class=\"kksr-star\" data-star=\"5\" style=\"padding-right: 5px\">\n            \n\n<div class=\"kksr-icon\" style=\"width: 24px; height: 24px;\"><\/div>\n        <\/div>\n    <\/div>\n    \n<div class=\"kksr-stars-active\" style=\"width: 0px;\">\n            <div class=\"kksr-star\" style=\"padding-right: 5px\">\n            \n\n<div class=\"kksr-icon\" style=\"width: 24px; height: 24px;\"><\/div>\n        <\/div>\n            <div class=\"kksr-star\" style=\"padding-right: 5px\">\n            \n\n<div class=\"kksr-icon\" style=\"width: 24px; height: 24px;\"><\/div>\n        <\/div>\n            <div class=\"kksr-star\" style=\"padding-right: 5px\">\n            \n\n<div class=\"kksr-icon\" style=\"width: 24px; height: 24px;\"><\/div>\n        <\/div>\n            <div class=\"kksr-star\" style=\"padding-right: 5px\">\n            \n\n<div class=\"kksr-icon\" style=\"width: 24px; height: 24px;\"><\/div>\n        <\/div>\n            <div class=\"kksr-star\" style=\"padding-right: 5px\">\n            \n\n<div class=\"kksr-icon\" style=\"width: 24px; height: 24px;\"><\/div>\n        <\/div>\n    <\/div>\n<\/div>\n                \n\n<div class=\"kksr-legend\" style=\"font-size: 19.2px;\">\n            <span class=\"kksr-muted\">Valora esta publicaci\u00f3n \ud83d\ude09<\/span>\n    <\/div>\n    <\/div>\n<p><span style=\"font-weight: 400;\">\u00bfQuieres lucir una sonrisa bonita y sin complejos? Los tratamientos con<strong> carillas dentales<\/strong> se han popularizado mucho en los \u00faltimos tiempos debido a los grandes resultados que ofrecen. Con las carillas dentales se puede corregir, desde i<strong>mperfecciones en el esmalte y color del diente, a problemas como espacios entre los dientes<\/strong>. <\/span><span style=\"font-weight: 400;\">En el siguiente post hablaremos cuanto cuestan las carillas dentales y el<strong><a href=\"https:\/\/clinicacemeq.es\/dental\/\"> precio carilla dental<\/a> e<\/strong>n funci\u00f3n del material elegido.\u00a0<\/span><\/p>\n<h2><span style=\"font-weight: 400;\">\u00bfDe qu\u00e9 depende el precio de la carilla dental?<\/span><\/h2>\n<p><span style=\"font-weight: 400;\">Las<a href=\"https:\/\/clinicacemeq.es\/dental\/\"><strong> carillas dentales precio<\/strong> <\/a>van a depender de factores como:\u00a0<\/span><\/p>\n<ul>\n<li style=\"font-weight: 400;\" aria-level=\"1\"><span style=\"font-weight: 400;\"><strong>N\u00famero de carillas que se instalen y su tipo:<\/strong> existen al menos tres tipos de carillas dentales en funci\u00f3n del material y de la t\u00e9cnica que se emplea al ponerlas. Las carillas dentales precio tambi\u00e9n variar\u00e1 en funci\u00f3n del tipo que se elija.<\/span><\/li>\n<li style=\"font-weight: 400;\" aria-level=\"1\"><span style=\"font-weight: 400;\"><strong>Tratamientos previos al de carillas dentales:<\/strong> el precio carilla dental final depender\u00e1 del conjunto de tratamientos previos necesarios para conseguir el resultado\u00a0 id\u00f3neo<\/span><\/li>\n<li style=\"font-weight: 400;\" aria-level=\"1\"><span style=\"font-weight: 400;\"><strong>Cl\u00ednica dental:<\/strong> la experiencia y reputaci\u00f3n del equipo dental y los servicios extra que incluyen tambi\u00e9n puede hacer que el precio carilla dental varie.<\/span><\/li>\n<\/ul>\n<h2><span style=\"font-weight: 400;\">\u00bfC\u00f3mo se determina el precio carilla dental? <\/span><\/h2>\n<p><span style=\"font-weight: 400;\">En nuestr<a href=\"https:\/\/clinicacemeq.es\/dental\/\"><strong>a cl\u00ednica dental Valencia,<\/strong> <\/a>el paciente acude a una primera consulta gratuita con nuestro especialista en la que se le explica todo el proceso de instalaci\u00f3n de las carillas dentales, ventajas y el precio de la carilla dental. Tras una valoraci\u00f3n previa de las caracter\u00edsticas del paciente y el estado de su boca, se le ofrecer\u00e1 un presupuesto estimado y a medida a sus necesidades.\u00a0<\/span><\/p>\n<p><span style=\"font-weight: 400;\">Antes de conocer los tipos de <strong>carillas dentales precio,<\/strong> es importante saber que tras\u00a0 la primera consulta, nuestro especialista elaborar\u00e1 el dise\u00f1o de sonrisa que consiste en visualizar el antes y despu\u00e9s del tratamiento de carillas dentales, y que adem\u00e1s, establecer\u00e1 la forma, tama\u00f1o y color de las carillas.\u00a0<\/span><\/p>\n<p><span style=\"font-weight: 400;\">\u00bfQuieres una valoraci\u00f3n gratuita en nuestra <strong><a href=\"https:\/\/clinicacemeq.es\/dental\/\">cl\u00ednica dental Valencia<\/a>?<\/strong>.\u00a0<a href=\"https:\/\/clinicacemeq.es\/dental\/contacto\/\"><strong> Pide tu cita AQU\u00cd.<\/strong><\/a><\/span><\/p>\n<h2><span style=\"font-weight: 400;\">\u00a0Tipos de carillas dentales precios <\/span><\/h2>\n<p><span style=\"font-weight: 400;\">Como hemos dicho anteriormente, el <strong>precio carilla dental<\/strong> depender\u00e1 del n\u00famero de piezas a colocar y la tipolog\u00eda de carillas dentales. Dependiendo de estos factores, el<strong> precio de la carilla dental<\/strong> oscila entre los 300 hasta unos 750 euros por pieza.<\/span><\/p>\n<p><span style=\"font-weight: 400;\">Entre los tipos de<strong> carillas dentales<\/strong> m\u00e1s demandados en nuestra <strong>cl\u00ednica dental Valencia<\/strong> se encuentran:\u00a0<\/span><\/p>\n<ul>\n<li style=\"font-weight: 400;\" aria-level=\"1\"><span style=\"font-weight: 400;\"><strong>Carillas de composite<\/strong>: el <strong>precio carilla dental<\/strong> de composite es barato en comparaci\u00f3n con otro tipo de carillas dentales. Su proceso de colocaci\u00f3n es r\u00e1pido y sencillo. Son carillas de mayor grosor que las de porcelana y por eso es necesario realizar un tallado mayor en el diente original. Las carillas dentales precio de composite por pieza suele estar alrededor de los 300\u202f\u20ac<\/span><span style=\"font-weight: 400;\">\u00a0.<\/span><\/li>\n<li style=\"font-weight: 400;\" aria-level=\"1\"><span style=\"font-weight: 400;\"><strong>Carillas de porcelana:<\/strong> el <strong>precio carilla dental<\/strong> de porcelana es superior al de las de composite debido a la calidad del material, los resultados y durabilidad\u00a0 que ofrecen. <\/span>Las carillas dental precio de porcelana ronda los 700\u202f\u20ac por pieza.<\/li>\n<\/ul>\n<ul>\n<li style=\"font-weight: 400;\" aria-level=\"1\"><span style=\"font-weight: 400;\"><strong>Carillas lumineers<\/strong>: se trata de carillas dentales finas que ofrecen grandes resultados est\u00e9ticos y duraderos. El<strong> precio carilla dental <\/strong>de las lumineers es elevado en comparaci\u00f3n con el resto de carillas dentales, alrededor de 750\u202f\u20ac<\/span><span style=\"font-weight: 400;\">\u00a0\u00a0<\/span><span style=\"font-weight: 400;\">por pieza dental.<\/span><\/li>\n<\/ul>\n<h2><span style=\"font-weight: 400;\"><img loading=\"lazy\" decoding=\"async\" class=\" wp-image-8388 aligncenter\" src=\"https:\/\/clinicacemeq.es\/dental\/wp-content\/uploads\/2022\/10\/carillas-dentales-precio-_1_-300x200.png\" alt=\"ofrecemos el mejor carillas dentales precio\" width=\"374\" height=\"249\" srcset=\"https:\/\/clinicacemeq.es\/dental\/wp-content\/uploads\/2022\/10\/carillas-dentales-precio-_1_-300x200.png 300w, https:\/\/clinicacemeq.es\/dental\/wp-content\/uploads\/2022\/10\/carillas-dentales-precio-_1_-768x512.png 768w, https:\/\/clinicacemeq.es\/dental\/wp-content\/uploads\/2022\/10\/carillas-dentales-precio-_1_-900x600.png 900w, https:\/\/clinicacemeq.es\/dental\/wp-content\/uploads\/2022\/10\/carillas-dentales-precio-_1_.png 1000w\" sizes=\"(max-width: 374px) 100vw, 374px\" \/><\/span><\/h2>\n<h2><span style=\"font-weight: 400;\">Tratamientos previos a las carillas dentales <\/span><\/h2>\n<p><span style=\"font-weight: 400;\">Una vez elegido el material de las carillas dentales,\u00a0 otro factor que har\u00e1 que el precio carilla dental var\u00ede son los tratamientos previos a la colocaci\u00f3n de las carillas dentales.\u00a0 En algunos casos y dependiendo de la dentadura del paciente y el n\u00famero de piezas dentales que se quiera instalar, es necesario realizar tratamientos previos como el blanqueamiento dental Valencia.<\/span><\/p>\n<h3><span style=\"font-weight: 400;\">Blanqueamiento dental Valencia:<\/span><\/h3>\n<p><span style=\"font-weight: 400;\">En algunas ocasiones es necesario un blanqueamiento dental para homogeneizar y aclarar el color de los dientes en los que no se realice el tratamiento de carillas dentales. En nuestro <a href=\"https:\/\/clinicacemeq.es\/dental\/\"><strong>dentista Valencia<\/strong><\/a> encontrar\u00e1s el mejor<strong> blanqueamiento dental Valencia<\/strong> Luz LED <\/span><span style=\"font-weight: 400;\">procedimiento eficaz, econ\u00f3mico y seguro que ofrece resultados est\u00e9ticos y duraderos. A parte de estos beneficios , con el<strong> blanqueamiento dental Valencia c<\/strong>onseguir\u00e1s:<\/span><\/p>\n<ul>\n<li style=\"font-weight: 400;\" aria-level=\"1\"><span style=\"font-weight: 400;\">Procedimiento<strong> r\u00e1pido y seguro<\/strong><\/span><\/li>\n<li style=\"font-weight: 400;\" aria-level=\"1\"><span style=\"font-weight: 400;\"><strong>El blanqueamiento dental Valencia<\/strong> m\u00e1s eficaz y probado del mercado<\/span><\/li>\n<li style=\"font-weight: 400;\" aria-level=\"1\"><strong>Aumentar tu autoestima<\/strong><\/li>\n<\/ul>\n<h3><span style=\"font-weight: 400;\">Limpieza dental<\/span><\/h3>\n<p><span style=\"font-weight: 400;\">\u00a0Al igual que el<strong> blanqueamiento dental Valencia,<\/strong> la limpieza dental proporciona\u00a0 grandes beneficios tanto est\u00e9ticos como funcionales.\u00a0<\/span><\/p>\n<h3><span style=\"font-weight: 400;\">Tratamiento de brackets<\/span><\/h3>\n<p><span style=\"font-weight: 400;\">En el caso de que el paciente presente una ligera desalinizaci\u00f3n de los dientes, es conveniente realizar un tratamiento previo de brackets o f\u00e9rulas transparentes. En nuestra <strong>cl\u00ednica dental Valencia<\/strong> encontrar\u00e1s todo<strong> tipo de brackets, desde brackets met\u00e1licos hasta brackets de zafiro.<\/strong><\/span><\/p>\n<h2><span style=\"font-weight: 400;\">Carillas dentales precio En CEMEQ<\/span><\/h2>\n<p><span style=\"font-weight: 400;\">Si est\u00e1s buscando\u00a0 el mejor precio carilla dental, no esperes m\u00e1s, en nuestro dentista Valencia encontrar\u00e1s carillas dentales desde 119\u20ac y\u00a0 te ofrecemos un tratamiento 100% personalizado y financiaci\u00f3n a medida.\u00a0<\/span><\/p>\n<p><span style=\"font-weight: 400;\">Nuestro<strong> precio carilla dental i<\/strong>ncluye:<\/span><\/p>\n<ul>\n<li style=\"font-weight: 400;\" aria-level=\"1\"><span style=\"font-weight: 400;\">Citas y revisiones<\/span><\/li>\n<li style=\"font-weight: 400;\" aria-level=\"1\"><span style=\"font-weight: 400;\">Tel\u00e9fono 24h<\/span><\/li>\n<li style=\"font-weight: 400;\" aria-level=\"1\"><span style=\"font-weight: 400;\">Especialistas de primer nivel<\/span><\/li>\n<li style=\"font-weight: 400;\" aria-level=\"1\"><span style=\"font-weight: 400;\">Facilidades de pago<\/span><\/li>\n<li style=\"font-weight: 400;\" aria-level=\"1\"><span style=\"font-weight: 400;\">Presupuesto a medida<\/span><\/li>\n<li style=\"font-weight: 400;\" aria-level=\"1\"><span style=\"font-weight: 400;\">Materiales de calidad<\/span><\/li>\n<\/ul>\n<p><span style=\"font-weight: 400;\">\u00bfQuieres volver a sonre\u00edr sin complejos? Ven y con\u00f3cenos.<a href=\"https:\/\/clinicacemeq.es\/dental\/contacto\/\"> <strong>Pide cita ya. Primera valoraci\u00f3n gratuita AQU\u00cd.<\/strong><\/a><\/span><\/p>\n","protected":false},"excerpt":{"rendered":"<p>\u00bfQuieres lucir una sonrisa bonita y sin complejos? Los tratamientos con carillas dentales se han popularizado mucho en los \u00faltimos tiempos debido a los grandes resultados que ofrecen. Con las carillas dentales se puede corregir, desde imperfecciones en el esmalte y color del diente, a problemas como espacios entre los dientes. En el siguiente post [&#8230;]\n","protected":false},"author":6,"featured_media":8386,"comment_status":"open","ping_status":"open","sticky":false,"template":"","format":"standard","meta":{"footnotes":""},"categories":[1],"tags":[],"yoast_head":"<!-- This site is optimized with the Yoast SEO Premium plugin v18.3 (Yoast SEO v22.7) - https:\/\/yoast.com\/wordpress\/plugins\/seo\/ -->\n<title>\u00bfCu\u00e1l es el verdadero precio carilla dental? &#8902; Cl\u00ednica Dental CEMEQ<\/title>\n<meta name=\"description\" content=\"Te contamos los factores que influyen a la hora de determinar el precio carilla dental. Sigue leyendo. Pide cita.\" \/>\n<meta name=\"robots\" content=\"index, follow, max-snippet:-1, max-image-preview:large, max-video-preview:-1\" \/>\n<link rel=\"canonical\" href=\"https:\/\/clinicacemeq.es\/dental\/2022\/10\/14\/cual-es-el-verdadero-precio-carilla-dental\/\" \/>\n<meta property=\"og:locale\" content=\"es_ES\" \/>\n<meta property=\"og:type\" content=\"article\" \/>\n<meta property=\"og:title\" content=\"\u00bfCu\u00e1l es el verdadero precio carilla dental?\" \/>\n<meta property=\"og:description\" content=\"Te contamos los factores que influyen a la hora de determinar el precio carilla dental. Sigue leyendo. Pide cita.\" \/>\n<meta property=\"og:url\" content=\"https:\/\/clinicacemeq.es\/dental\/2022\/10\/14\/cual-es-el-verdadero-precio-carilla-dental\/\" \/>\n<meta property=\"og:site_name\" content=\"Cl\u00ednica Dental CEMEQ\" \/>\n<meta property=\"article:published_time\" content=\"2022-10-14T18:39:41+00:00\" \/>\n<meta property=\"article:modified_time\" content=\"2024-06-05T11:55:43+00:00\" \/>\n<meta property=\"og:image\" content=\"https:\/\/clinicacemeq.es\/dental\/wp-content\/uploads\/2022\/10\/precio-carilla-dental-_1_.png\" \/>\n\t<meta property=\"og:image:width\" content=\"1000\" \/>\n\t<meta property=\"og:image:height\" content=\"667\" \/>\n\t<meta property=\"og:image:type\" content=\"image\/png\" \/>\n<meta name=\"author\" content=\"Federico Mahiques\" \/>\n<meta name=\"twitter:card\" content=\"summary_large_image\" \/>\n<meta name=\"twitter:label1\" content=\"Escrito por\" \/>\n\t<meta name=\"twitter:data1\" content=\"Federico Mahiques\" \/>\n\t<meta name=\"twitter:label2\" content=\"Tiempo de lectura\" \/>\n\t<meta name=\"twitter:data2\" content=\"4 minutos\" \/>\n<script type=\"application\/ld+json\" class=\"yoast-schema-graph\">{\"@context\":\"https:\/\/schema.org\",\"@graph\":[{\"@type\":\"Article\",\"@id\":\"https:\/\/clinicacemeq.es\/dental\/2022\/10\/14\/cual-es-el-verdadero-precio-carilla-dental\/#article\",\"isPartOf\":{\"@id\":\"https:\/\/clinicacemeq.es\/dental\/2022\/10\/14\/cual-es-el-verdadero-precio-carilla-dental\/\"},\"author\":{\"name\":\"Federico Mahiques\",\"@id\":\"https:\/\/clinicacemeq.es\/dental\/#\/schema\/person\/c59ca45e0d40697222e3795fa6384c4d\"},\"headline\":\"\u00bfCu\u00e1l es el verdadero precio carilla dental?\",\"datePublished\":\"2022-10-14T18:39:41+00:00\",\"dateModified\":\"2024-06-05T11:55:43+00:00\",\"mainEntityOfPage\":{\"@id\":\"https:\/\/clinicacemeq.es\/dental\/2022\/10\/14\/cual-es-el-verdadero-precio-carilla-dental\/\"},\"wordCount\":858,\"commentCount\":0,\"publisher\":{\"@id\":\"https:\/\/clinicacemeq.es\/dental\/#organization\"},\"image\":{\"@id\":\"https:\/\/clinicacemeq.es\/dental\/2022\/10\/14\/cual-es-el-verdadero-precio-carilla-dental\/#primaryimage\"},\"thumbnailUrl\":\"https:\/\/clinicacemeq.es\/dental\/wp-content\/uploads\/2022\/10\/precio-carilla-dental-_1_.png\",\"articleSection\":[\"Patolog\u00edas dentales\"],\"inLanguage\":\"es\",\"potentialAction\":[{\"@type\":\"CommentAction\",\"name\":\"Comment\",\"target\":[\"https:\/\/clinicacemeq.es\/dental\/2022\/10\/14\/cual-es-el-verdadero-precio-carilla-dental\/#respond\"]}]},{\"@type\":\"WebPage\",\"@id\":\"https:\/\/clinicacemeq.es\/dental\/2022\/10\/14\/cual-es-el-verdadero-precio-carilla-dental\/\",\"url\":\"https:\/\/clinicacemeq.es\/dental\/2022\/10\/14\/cual-es-el-verdadero-precio-carilla-dental\/\",\"name\":\"\u00bfCu\u00e1l es el verdadero precio carilla dental? &#8902; Cl\u00ednica Dental CEMEQ\",\"isPartOf\":{\"@id\":\"https:\/\/clinicacemeq.es\/dental\/#website\"},\"primaryImageOfPage\":{\"@id\":\"https:\/\/clinicacemeq.es\/dental\/2022\/10\/14\/cual-es-el-verdadero-precio-carilla-dental\/#primaryimage\"},\"image\":{\"@id\":\"https:\/\/clinicacemeq.es\/dental\/2022\/10\/14\/cual-es-el-verdadero-precio-carilla-dental\/#primaryimage\"},\"thumbnailUrl\":\"https:\/\/clinicacemeq.es\/dental\/wp-content\/uploads\/2022\/10\/precio-carilla-dental-_1_.png\",\"datePublished\":\"2022-10-14T18:39:41+00:00\",\"dateModified\":\"2024-06-05T11:55:43+00:00\",\"description\":\"Te contamos los factores que influyen a la hora de determinar el precio carilla dental. Sigue leyendo. Pide cita.\",\"breadcrumb\":{\"@id\":\"https:\/\/clinicacemeq.es\/dental\/2022\/10\/14\/cual-es-el-verdadero-precio-carilla-dental\/#breadcrumb\"},\"inLanguage\":\"es\",\"potentialAction\":[{\"@type\":\"ReadAction\",\"target\":[\"https:\/\/clinicacemeq.es\/dental\/2022\/10\/14\/cual-es-el-verdadero-precio-carilla-dental\/\"]}]},{\"@type\":\"ImageObject\",\"inLanguage\":\"es\",\"@id\":\"https:\/\/clinicacemeq.es\/dental\/2022\/10\/14\/cual-es-el-verdadero-precio-carilla-dental\/#primaryimage\",\"url\":\"https:\/\/clinicacemeq.es\/dental\/wp-content\/uploads\/2022\/10\/precio-carilla-dental-_1_.png\",\"contentUrl\":\"https:\/\/clinicacemeq.es\/dental\/wp-content\/uploads\/2022\/10\/precio-carilla-dental-_1_.png\",\"width\":1000,\"height\":667,\"caption\":\"mejor precio carilla dental Valencia\"},{\"@type\":\"BreadcrumbList\",\"@id\":\"https:\/\/clinicacemeq.es\/dental\/2022\/10\/14\/cual-es-el-verdadero-precio-carilla-dental\/#breadcrumb\",\"itemListElement\":[{\"@type\":\"ListItem\",\"position\":1,\"name\":\"Portada\",\"item\":\"https:\/\/clinicacemeq.es\/dental\/\"},{\"@type\":\"ListItem\",\"position\":2,\"name\":\"\u00bfCu\u00e1l es el verdadero precio carilla dental?\"}]},{\"@type\":\"WebSite\",\"@id\":\"https:\/\/clinicacemeq.es\/dental\/#website\",\"url\":\"https:\/\/clinicacemeq.es\/dental\/\",\"name\":\"Cl\u00ednica Dental CEMEQ\",\"description\":\"Cl\u00ednica Dental Valencia | Dentista Valencia\",\"publisher\":{\"@id\":\"https:\/\/clinicacemeq.es\/dental\/#organization\"},\"potentialAction\":[{\"@type\":\"SearchAction\",\"target\":{\"@type\":\"EntryPoint\",\"urlTemplate\":\"https:\/\/clinicacemeq.es\/dental\/?s={search_term_string}\"},\"query-input\":\"required name=search_term_string\"}],\"inLanguage\":\"es\"},{\"@type\":\"Organization\",\"@id\":\"https:\/\/clinicacemeq.es\/dental\/#organization\",\"name\":\"CEMEQ\",\"url\":\"https:\/\/clinicacemeq.es\/dental\/\",\"logo\":{\"@type\":\"ImageObject\",\"inLanguage\":\"es\",\"@id\":\"https:\/\/clinicacemeq.es\/dental\/#\/schema\/logo\/image\/\",\"url\":\"https:\/\/clinicacemeq.es\/dental\/wp-content\/uploads\/2021\/07\/LOGO-WEB-1024x631-1.jpeg\",\"contentUrl\":\"https:\/\/clinicacemeq.es\/dental\/wp-content\/uploads\/2021\/07\/LOGO-WEB-1024x631-1.jpeg\",\"width\":1024,\"height\":631,\"caption\":\"CEMEQ\"},\"image\":{\"@id\":\"https:\/\/clinicacemeq.es\/dental\/#\/schema\/logo\/image\/\"}},{\"@type\":\"Person\",\"@id\":\"https:\/\/clinicacemeq.es\/dental\/#\/schema\/person\/c59ca45e0d40697222e3795fa6384c4d\",\"name\":\"Federico Mahiques\",\"image\":{\"@type\":\"ImageObject\",\"inLanguage\":\"es\",\"@id\":\"https:\/\/clinicacemeq.es\/dental\/#\/schema\/person\/image\/\",\"url\":\"https:\/\/secure.gravatar.com\/avatar\/a16f1bf5b7e085c0937f91eaf260e1fc?s=96&d=mm&r=g\",\"contentUrl\":\"https:\/\/secure.gravatar.com\/avatar\/a16f1bf5b7e085c0937f91eaf260e1fc?s=96&d=mm&r=g\",\"caption\":\"Federico Mahiques\"},\"url\":\"https:\/\/clinicacemeq.es\/dental\/author\/marketing\/\"}]}<\/script>\n<!-- \/ Yoast SEO Premium plugin. -->","yoast_head_json":{"title":"\u00bfCu\u00e1l es el verdadero precio carilla dental? &#8902; Cl\u00ednica Dental CEMEQ","description":"Te contamos los factores que influyen a la hora de determinar el precio carilla dental. Sigue leyendo. Pide cita.","robots":{"index":"index","follow":"follow","max-snippet":"max-snippet:-1","max-image-preview":"max-image-preview:large","max-video-preview":"max-video-preview:-1"},"canonical":"https:\/\/clinicacemeq.es\/dental\/2022\/10\/14\/cual-es-el-verdadero-precio-carilla-dental\/","og_locale":"es_ES","og_type":"article","og_title":"\u00bfCu\u00e1l es el verdadero precio carilla dental?","og_description":"Te contamos los factores que influyen a la hora de determinar el precio carilla dental. Sigue leyendo. Pide cita.","og_url":"https:\/\/clinicacemeq.es\/dental\/2022\/10\/14\/cual-es-el-verdadero-precio-carilla-dental\/","og_site_name":"Cl\u00ednica Dental CEMEQ","article_published_time":"2022-10-14T18:39:41+00:00","article_modified_time":"2024-06-05T11:55:43+00:00","og_image":[{"width":1000,"height":667,"url":"https:\/\/clinicacemeq.es\/dental\/wp-content\/uploads\/2022\/10\/precio-carilla-dental-_1_.png","type":"image\/png"}],"author":"Federico Mahiques","twitter_card":"summary_large_image","twitter_misc":{"Escrito por":"Federico Mahiques","Tiempo de lectura":"4 minutos"},"schema":{"@context":"https:\/\/schema.org","@graph":[{"@type":"Article","@id":"https:\/\/clinicacemeq.es\/dental\/2022\/10\/14\/cual-es-el-verdadero-precio-carilla-dental\/#article","isPartOf":{"@id":"https:\/\/clinicacemeq.es\/dental\/2022\/10\/14\/cual-es-el-verdadero-precio-carilla-dental\/"},"author":{"name":"Federico Mahiques","@id":"https:\/\/clinicacemeq.es\/dental\/#\/schema\/person\/c59ca45e0d40697222e3795fa6384c4d"},"headline":"\u00bfCu\u00e1l es el verdadero precio carilla dental?","datePublished":"2022-10-14T18:39:41+00:00","dateModified":"2024-06-05T11:55:43+00:00","mainEntityOfPage":{"@id":"https:\/\/clinicacemeq.es\/dental\/2022\/10\/14\/cual-es-el-verdadero-precio-carilla-dental\/"},"wordCount":858,"commentCount":0,"publisher":{"@id":"https:\/\/clinicacemeq.es\/dental\/#organization"},"image":{"@id":"https:\/\/clinicacemeq.es\/dental\/2022\/10\/14\/cual-es-el-verdadero-precio-carilla-dental\/#primaryimage"},"thumbnailUrl":"https:\/\/clinicacemeq.es\/dental\/wp-content\/uploads\/2022\/10\/precio-carilla-dental-_1_.png","articleSection":["Patolog\u00edas dentales"],"inLanguage":"es","potentialAction":[{"@type":"CommentAction","name":"Comment","target":["https:\/\/clinicacemeq.es\/dental\/2022\/10\/14\/cual-es-el-verdadero-precio-carilla-dental\/#respond"]}]},{"@type":"WebPage","@id":"https:\/\/clinicacemeq.es\/dental\/2022\/10\/14\/cual-es-el-verdadero-precio-carilla-dental\/","url":"https:\/\/clinicacemeq.es\/dental\/2022\/10\/14\/cual-es-el-verdadero-precio-carilla-dental\/","name":"\u00bfCu\u00e1l es el verdadero precio carilla dental? &#8902; Cl\u00ednica Dental CEMEQ","isPartOf":{"@id":"https:\/\/clinicacemeq.es\/dental\/#website"},"primaryImageOfPage":{"@id":"https:\/\/clinicacemeq.es\/dental\/2022\/10\/14\/cual-es-el-verdadero-precio-carilla-dental\/#primaryimage"},"image":{"@id":"https:\/\/clinicacemeq.es\/dental\/2022\/10\/14\/cual-es-el-verdadero-precio-carilla-dental\/#primaryimage"},"thumbnailUrl":"https:\/\/clinicacemeq.es\/dental\/wp-content\/uploads\/2022\/10\/precio-carilla-dental-_1_.png","datePublished":"2022-10-14T18:39:41+00:00","dateModified":"2024-06-05T11:55:43+00:00","description":"Te contamos los factores que influyen a la hora de determinar el precio carilla dental. Sigue leyendo. Pide cita.","breadcrumb":{"@id":"https:\/\/clinicacemeq.es\/dental\/2022\/10\/14\/cual-es-el-verdadero-precio-carilla-dental\/#breadcrumb"},"inLanguage":"es","potentialAction":[{"@type":"ReadAction","target":["https:\/\/clinicacemeq.es\/dental\/2022\/10\/14\/cual-es-el-verdadero-precio-carilla-dental\/"]}]},{"@type":"ImageObject","inLanguage":"es","@id":"https:\/\/clinicacemeq.es\/dental\/2022\/10\/14\/cual-es-el-verdadero-precio-carilla-dental\/#primaryimage","url":"https:\/\/clinicacemeq.es\/dental\/wp-content\/uploads\/2022\/10\/precio-carilla-dental-_1_.png","contentUrl":"https:\/\/clinicacemeq.es\/dental\/wp-content\/uploads\/2022\/10\/precio-carilla-dental-_1_.png","width":1000,"height":667,"caption":"mejor precio carilla dental Valencia"},{"@type":"BreadcrumbList","@id":"https:\/\/clinicacemeq.es\/dental\/2022\/10\/14\/cual-es-el-verdadero-precio-carilla-dental\/#breadcrumb","itemListElement":[{"@type":"ListItem","position":1,"name":"Portada","item":"https:\/\/clinicacemeq.es\/dental\/"},{"@type":"ListItem","position":2,"name":"\u00bfCu\u00e1l es el verdadero precio carilla dental?"}]},{"@type":"WebSite","@id":"https:\/\/clinicacemeq.es\/dental\/#website","url":"https:\/\/clinicacemeq.es\/dental\/","name":"Cl\u00ednica Dental CEMEQ","description":"Cl\u00ednica Dental Valencia | Dentista Valencia","publisher":{"@id":"https:\/\/clinicacemeq.es\/dental\/#organization"},"potentialAction":[{"@type":"SearchAction","target":{"@type":"EntryPoint","urlTemplate":"https:\/\/clinicacemeq.es\/dental\/?s={search_term_string}"},"query-input":"required name=search_term_string"}],"inLanguage":"es"},{"@type":"Organization","@id":"https:\/\/clinicacemeq.es\/dental\/#organization","name":"CEMEQ","url":"https:\/\/clinicacemeq.es\/dental\/","logo":{"@type":"ImageObject","inLanguage":"es","@id":"https:\/\/clinicacemeq.es\/dental\/#\/schema\/logo\/image\/","url":"https:\/\/clinicacemeq.es\/dental\/wp-content\/uploads\/2021\/07\/LOGO-WEB-1024x631-1.jpeg","contentUrl":"https:\/\/clinicacemeq.es\/dental\/wp-content\/uploads\/2021\/07\/LOGO-WEB-1024x631-1.jpeg","width":1024,"height":631,"caption":"CEMEQ"},"image":{"@id":"https:\/\/clinicacemeq.es\/dental\/#\/schema\/logo\/image\/"}},{"@type":"Person","@id":"https:\/\/clinicacemeq.es\/dental\/#\/schema\/person\/c59ca45e0d40697222e3795fa6384c4d","name":"Federico Mahiques","image":{"@type":"ImageObject","inLanguage":"es","@id":"https:\/\/clinicacemeq.es\/dental\/#\/schema\/person\/image\/","url":"https:\/\/secure.gravatar.com\/avatar\/a16f1bf5b7e085c0937f91eaf260e1fc?s=96&d=mm&r=g","contentUrl":"https:\/\/secure.gravatar.com\/avatar\/a16f1bf5b7e085c0937f91eaf260e1fc?s=96&d=mm&r=g","caption":"Federico Mahiques"},"url":"https:\/\/clinicacemeq.es\/dental\/author\/marketing\/"}]}},"_links":{"self":[{"href":"https:\/\/clinicacemeq.es\/dental\/wp-json\/wp\/v2\/posts\/8384"}],"collection":[{"href":"https:\/\/clinicacemeq.es\/dental\/wp-json\/wp\/v2\/posts"}],"about":[{"href":"https:\/\/clinicacemeq.es\/dental\/wp-json\/wp\/v2\/types\/post"}],"author":[{"embeddable":true,"href":"https:\/\/clinicacemeq.es\/dental\/wp-json\/wp\/v2\/users\/6"}],"replies":[{"embeddable":true,"href":"https:\/\/clinicacemeq.es\/dental\/wp-json\/wp\/v2\/comments?post=8384"}],"version-history":[{"count":1,"href":"https:\/\/clinicacemeq.es\/dental\/wp-json\/wp\/v2\/posts\/8384\/revisions"}],"predecessor-version":[{"id":11762,"href":"https:\/\/clinicacemeq.es\/dental\/wp-json\/wp\/v2\/posts\/8384\/revisions\/11762"}],"wp:featuredmedia":[{"embeddable":true,"href":"https:\/\/clinicacemeq.es\/dental\/wp-json\/wp\/v2\/media\/8386"}],"wp:attachment":[{"href":"https:\/\/clinicacemeq.es\/dental\/wp-json\/wp\/v2\/media?parent=8384"}],"wp:term":[{"taxonomy":"category","embeddable":true,"href":"https:\/\/clinicacemeq.es\/dental\/wp-json\/wp\/v2\/categories?post=8384"},{"taxonomy":"post_tag","embeddable":true,"href":"https:\/\/clinicacemeq.es\/dental\/wp-json\/wp\/v2\/tags?post=8384"}],"curies":[{"name":"wp","href":"https:\/\/api.w.org\/{rel}","templated":true}]}}