{"id":8125,"date":"2022-10-06T08:48:56","date_gmt":"2022-10-06T08:48:56","guid":{"rendered":"https:\/\/clinicacemeq.es\/dental\/?p=8125"},"modified":"2024-09-09T11:20:12","modified_gmt":"2024-09-09T11:20:12","slug":"beneficios-de-acudir-a-tu-ortodoncista-en-valencia","status":"publish","type":"post","link":"https:\/\/clinicacemeq.es\/dental\/2022\/10\/06\/beneficios-de-acudir-a-tu-ortodoncista-en-valencia\/","title":{"rendered":"\u00bfPor qu\u00e9 acudir a tu ortodoncista en Valencia"},"content":{"rendered":"\n\n<div class=\"kk-star-ratings kksr-auto kksr-align-left kksr-valign-top\"\n    data-payload='{&quot;align&quot;:&quot;left&quot;,&quot;id&quot;:&quot;8125&quot;,&quot;slug&quot;:&quot;default&quot;,&quot;valign&quot;:&quot;top&quot;,&quot;ignore&quot;:&quot;&quot;,&quot;reference&quot;:&quot;auto&quot;,&quot;class&quot;:&quot;&quot;,&quot;count&quot;:&quot;0&quot;,&quot;legendonly&quot;:&quot;&quot;,&quot;readonly&quot;:&quot;&quot;,&quot;score&quot;:&quot;0&quot;,&quot;starsonly&quot;:&quot;&quot;,&quot;best&quot;:&quot;5&quot;,&quot;gap&quot;:&quot;5&quot;,&quot;greet&quot;:&quot;Valora esta publicaci\u00f3n \ud83d\ude09&quot;,&quot;legend&quot;:&quot;0\\\/5 - (0 votos)&quot;,&quot;size&quot;:&quot;24&quot;,&quot;title&quot;:&quot;\u00bfPor qu\u00e9 acudir a tu ortodoncista en Valencia&quot;,&quot;width&quot;:&quot;0&quot;,&quot;_legend&quot;:&quot;{score}\\\/{best} - ({count} {votes})&quot;,&quot;font_factor&quot;:&quot;1.25&quot;}'>\n            \n<div class=\"kksr-stars\">\n    \n<div class=\"kksr-stars-inactive\">\n            <div class=\"kksr-star\" data-star=\"1\" style=\"padding-right: 5px\">\n            \n\n<div class=\"kksr-icon\" style=\"width: 24px; height: 24px;\"><\/div>\n        <\/div>\n            <div class=\"kksr-star\" data-star=\"2\" style=\"padding-right: 5px\">\n            \n\n<div class=\"kksr-icon\" style=\"width: 24px; height: 24px;\"><\/div>\n        <\/div>\n            <div class=\"kksr-star\" data-star=\"3\" style=\"padding-right: 5px\">\n            \n\n<div class=\"kksr-icon\" style=\"width: 24px; height: 24px;\"><\/div>\n        <\/div>\n            <div class=\"kksr-star\" data-star=\"4\" style=\"padding-right: 5px\">\n            \n\n<div class=\"kksr-icon\" style=\"width: 24px; height: 24px;\"><\/div>\n        <\/div>\n            <div class=\"kksr-star\" data-star=\"5\" style=\"padding-right: 5px\">\n            \n\n<div class=\"kksr-icon\" style=\"width: 24px; height: 24px;\"><\/div>\n        <\/div>\n    <\/div>\n    \n<div class=\"kksr-stars-active\" style=\"width: 0px;\">\n            <div class=\"kksr-star\" style=\"padding-right: 5px\">\n            \n\n<div class=\"kksr-icon\" style=\"width: 24px; height: 24px;\"><\/div>\n        <\/div>\n            <div class=\"kksr-star\" style=\"padding-right: 5px\">\n            \n\n<div class=\"kksr-icon\" style=\"width: 24px; height: 24px;\"><\/div>\n        <\/div>\n            <div class=\"kksr-star\" style=\"padding-right: 5px\">\n            \n\n<div class=\"kksr-icon\" style=\"width: 24px; height: 24px;\"><\/div>\n        <\/div>\n            <div class=\"kksr-star\" style=\"padding-right: 5px\">\n            \n\n<div class=\"kksr-icon\" style=\"width: 24px; height: 24px;\"><\/div>\n        <\/div>\n            <div class=\"kksr-star\" style=\"padding-right: 5px\">\n            \n\n<div class=\"kksr-icon\" style=\"width: 24px; height: 24px;\"><\/div>\n        <\/div>\n    <\/div>\n<\/div>\n                \n\n<div class=\"kksr-legend\" style=\"font-size: 19.2px;\">\n            <span class=\"kksr-muted\">Valora esta publicaci\u00f3n \ud83d\ude09<\/span>\n    <\/div>\n    <\/div>\n<p><span style=\"font-weight: 400;\">Puede llegar un momento en que necesites una extracci\u00f3n dental. Esta puede ser una decisi\u00f3n dif\u00edcil, pero si el diente est\u00e1 causando da\u00f1o o dolor, puede ser el mejor momento para acudir a tu <strong>ortodoncista en Valencia.<\/strong> \u00a1Sigue leyendo!<\/span><\/p>\n<h2><span style=\"font-weight: 400;\">Ortodoncista en Valencia: La mejor soluci\u00f3n<\/span><\/h2>\n<p><span style=\"font-weight: 400;\">Hay varias razones por las que un<a href=\"https:\/\/clinicacemeq.es\/dental\/2022\/10\/07\/brakets-invisibles-que-son-y-como-funcionan\/\"><strong> ortodoncista en Valencia<\/strong> <\/a>puede recomendar la extracci\u00f3n de un diente. Algunas de estas razones incluyen:<\/span><\/p>\n<p><span style=\"font-weight: 400;\">&#8211; Un diente fracturado o muy da\u00f1ado.<\/span><\/p>\n<p><span style=\"font-weight: 400;\">&#8211; Un diente que est\u00e1 en el camino de los dientes restantes.<\/span><\/p>\n<p><span style=\"font-weight: 400;\">&#8211; Un diente que no puede ser enderezado con ortodoncia.<\/span><\/p>\n<p><span style=\"font-weight: 400;\">&#8211; Un diente que est\u00e1 causando problemas para los dientes vecinos.<\/span><\/p>\n<p><span style=\"font-weight: 400;\">La extracci\u00f3n de un diente tambi\u00e9n puede ser necesaria si tiene un quiste dental o una infecci\u00f3n en el hueso. Si no se trata, estas condiciones podr\u00edan causar da\u00f1o permanente al hueso o a los dientes vecinos.<\/span><\/p>\n<p><span style=\"font-weight: 400;\">En la mayor\u00eda de los casos, la extracci\u00f3n de un diente es un procedimiento relativamente sencillo.\u00a0 El <\/span><a href=\"https:\/\/clinicacemeq.es\/dental\/2022\/10\/07\/brakets-invisibles-que-son-y-como-funcionan\/\"><strong>ortodoncista en Valencia<\/strong><\/a><span style=\"font-weight: 400;\"> te administrar\u00e1 anestesia local para evitar que sientas dolor durante el procedimiento. Luego, usar\u00e1 un instrumento especializado para extraer el diente. Si el diente est\u00e1 fracturado o muy da\u00f1ado, puede ser necesario usar una sierra dental para cortar el diente en pedazos antes de extraerlo.<\/span><\/p>\n<h2><span style=\"font-weight: 400;\">Nuestro ortodoncista en Valencia puede ayudarte<\/span><\/h2>\n<p><span style=\"font-weight: 400;\">Para la mayor\u00eda de las personas, lucir una dentadura incompleta es motivo de inseguridad o\u00a0 verg\u00fcenza, pero no te preocupes, hay muchas opciones de reemplazo para un diente extra\u00eddo. Algunas personas deciden usar un puente dental, mientras que otras prefieren un implante dental. Nuestro <strong>ortodoncista en Valencia<\/strong> puede ayudarte a decidir cu\u00e1l es la mejor opci\u00f3n para ti.<a href=\"https:\/\/clinicacemeq.es\/dental\/contacto\/\"><strong> Pide tu valoraci\u00f3n gratuita AQU\u00cd.<\/strong><\/a><\/span><\/p>\n<h2 class=\"vc_custom_heading\"><span style=\"font-weight: 400;\"><img loading=\"lazy\" decoding=\"async\" class=\" wp-image-8127 aligncenter\" src=\"https:\/\/clinicacemeq.es\/dental\/wp-content\/uploads\/2022\/10\/alineadores-invisibles-ortodoncista-1-300x200.png\" alt=\"alineadores invisibles calidad\" width=\"434\" height=\"289\" srcset=\"https:\/\/clinicacemeq.es\/dental\/wp-content\/uploads\/2022\/10\/alineadores-invisibles-ortodoncista-1-300x200.png 300w, https:\/\/clinicacemeq.es\/dental\/wp-content\/uploads\/2022\/10\/alineadores-invisibles-ortodoncista-1-768x513.png 768w, https:\/\/clinicacemeq.es\/dental\/wp-content\/uploads\/2022\/10\/alineadores-invisibles-ortodoncista-1-900x600.png 900w, https:\/\/clinicacemeq.es\/dental\/wp-content\/uploads\/2022\/10\/alineadores-invisibles-ortodoncista-1.png 1000w\" sizes=\"(max-width: 434px) 100vw, 434px\" \/><\/span><\/h2>\n<h2 class=\"vc_custom_heading\"><span style=\"font-weight: 400;\">\u00a0<\/span><span style=\"font-weight: 400;\">Expertos en Ortodoncia invisible<\/span><\/h2>\n<div class=\"wpb_text_column wpb_content_element \">\n<div class=\"wpb_wrapper\">\n<div class=\"page-content\">\n<div class=\"elementor elementor-298\" data-elementor-type=\"wp-page\" data-elementor-id=\"298\" data-elementor-settings=\"[]\">\n<div class=\"elementor-inner\">\n<div class=\"elementor-section-wrap\">\n<section class=\"elementor-section elementor-top-section elementor-element elementor-element-77565ef elementor-section-boxed elementor-section-height-default elementor-section-height-default\" data-id=\"77565ef\" data-element_type=\"section\">\n<div class=\"elementor-container elementor-column-gap-default\">\n<div class=\"elementor-row\">\n<div class=\"elementor-column elementor-col-100 elementor-top-column elementor-element elementor-element-85313a0\" data-id=\"85313a0\" data-element_type=\"column\">\n<div class=\"elementor-column-wrap elementor-element-populated\">\n<div class=\"elementor-widget-wrap\">\n<div class=\"elementor-element elementor-element-dcf5465 elementor-widget elementor-widget-text-editor\" data-id=\"dcf5465\" data-element_type=\"widget\" data-widget_type=\"text-editor.default\">\n<div class=\"elementor-widget-container\">\n<div class=\"elementor-text-editor elementor-clearfix\">\n<p>En nuestra<strong> cl\u00ednica dental en Valencia <\/strong>contamos con e<strong>l mejor ortodoncista en Valencia<\/strong> y los tratamientos m\u00e1s vanguardistas en <strong>ortodoncia invisible.<\/strong> Con los <strong>alineadores invisibles<\/strong> podr\u00e1s disfrutar de tu sonrisa sin ning\u00fan tipo de complejos.<\/p>\n<\/div>\n<\/div>\n<\/div>\n<\/div>\n<\/div>\n<\/div>\n<\/div>\n<\/div>\n<\/section>\n<\/div>\n<\/div>\n<\/div>\n<\/div>\n<\/div>\n<\/div>\n<h3><span style=\"font-weight: 400;\">Tratamiento dental de moda: Los alineadores invisibles<\/span><\/h3>\n<p>Una de las mejores alternativas a la ortodoncia tradicional son los<a href=\"https:\/\/clinicacemeq.es\/dental\/2022\/10\/07\/brakets-invisibles-que-son-y-como-funcionan\/\"> <strong>alineadores invisibles<\/strong>.<\/a> Este tratamiento consiste en f\u00e9rulas casi invisibles, c\u00f3modas y extra\u00edbles, indicadas para personas que\u00a0 sufren de problemas dentales como diastemas, api\u00f1amientos o maloclusiones dentales.<\/p>\n<p>\u00bfQuieres que nuestro\u00a0 equipo te ayude a lucir una sonrisa bonita?<\/p>\n<p><a href=\"https:\/\/clinicacemeq.es\/dental\/ortodoncia-lp\/\"><img loading=\"lazy\" decoding=\"async\" class=\"alignnone size-full wp-image-11368\" src=\"https:\/\/clinicacemeq.es\/dental\/wp-content\/uploads\/2023\/02\/d-interesado-ortodoncia-pie.jpeg\" alt=\"Ortodoncia\" width=\"663\" height=\"199\" \/><\/a><\/p>\n","protected":false},"excerpt":{"rendered":"<p>Puede llegar un momento en que necesites una extracci\u00f3n dental. Esta puede ser una decisi\u00f3n dif\u00edcil, pero si el diente est\u00e1 causando da\u00f1o o dolor, puede ser el mejor momento para acudir a tu ortodoncista en Valencia. \u00a1Sigue leyendo! Ortodoncista en Valencia: La mejor soluci\u00f3n Hay varias razones por las que un ortodoncista en Valencia [&#8230;]\n","protected":false},"author":6,"featured_media":8126,"comment_status":"open","ping_status":"open","sticky":false,"template":"","format":"standard","meta":{"footnotes":""},"categories":[1],"tags":[],"yoast_head":"<!-- This site is optimized with the Yoast SEO Premium plugin v18.3 (Yoast SEO v22.7) - https:\/\/yoast.com\/wordpress\/plugins\/seo\/ -->\n<title>\u00bfPor qu\u00e9 acudir a tu ortodoncista en Valencia &#8902; Cl\u00ednica Dental CEMEQ<\/title>\n<meta name=\"description\" content=\"Descubre todos los beneficios a la hora de acudir a tu ortodoncista en Valencia. Pide cita ya. Primera valoraci\u00f3n gratuita.\" \/>\n<meta name=\"robots\" content=\"index, follow, max-snippet:-1, max-image-preview:large, max-video-preview:-1\" \/>\n<link rel=\"canonical\" href=\"https:\/\/clinicacemeq.es\/dental\/2022\/10\/06\/beneficios-de-acudir-a-tu-ortodoncista-en-valencia\/\" \/>\n<meta property=\"og:locale\" content=\"es_ES\" \/>\n<meta property=\"og:type\" content=\"article\" \/>\n<meta property=\"og:title\" content=\"\u00bfPor qu\u00e9 acudir a tu ortodoncista en Valencia\" \/>\n<meta property=\"og:description\" content=\"Descubre todos los beneficios a la hora de acudir a tu ortodoncista en Valencia. Pide cita ya. Primera valoraci\u00f3n gratuita.\" \/>\n<meta property=\"og:url\" content=\"https:\/\/clinicacemeq.es\/dental\/2022\/10\/06\/beneficios-de-acudir-a-tu-ortodoncista-en-valencia\/\" \/>\n<meta property=\"og:site_name\" content=\"Cl\u00ednica Dental CEMEQ\" \/>\n<meta property=\"article:published_time\" content=\"2022-10-06T08:48:56+00:00\" \/>\n<meta property=\"article:modified_time\" content=\"2024-09-09T11:20:12+00:00\" \/>\n<meta property=\"og:image\" content=\"https:\/\/clinicacemeq.es\/dental\/wp-content\/uploads\/2022\/10\/ortodoncista-en-Valencia-cemeq-1.png\" \/>\n\t<meta property=\"og:image:width\" content=\"1000\" \/>\n\t<meta property=\"og:image:height\" content=\"667\" \/>\n\t<meta property=\"og:image:type\" content=\"image\/png\" \/>\n<meta name=\"author\" content=\"Federico Mahiques\" \/>\n<meta name=\"twitter:card\" content=\"summary_large_image\" \/>\n<meta name=\"twitter:label1\" content=\"Escrito por\" \/>\n\t<meta name=\"twitter:data1\" content=\"Federico Mahiques\" \/>\n\t<meta name=\"twitter:label2\" content=\"Tiempo de lectura\" \/>\n\t<meta name=\"twitter:data2\" content=\"2 minutos\" \/>\n<script type=\"application\/ld+json\" class=\"yoast-schema-graph\">{\"@context\":\"https:\/\/schema.org\",\"@graph\":[{\"@type\":\"Article\",\"@id\":\"https:\/\/clinicacemeq.es\/dental\/2022\/10\/06\/beneficios-de-acudir-a-tu-ortodoncista-en-valencia\/#article\",\"isPartOf\":{\"@id\":\"https:\/\/clinicacemeq.es\/dental\/2022\/10\/06\/beneficios-de-acudir-a-tu-ortodoncista-en-valencia\/\"},\"author\":{\"name\":\"Federico Mahiques\",\"@id\":\"https:\/\/clinicacemeq.es\/dental\/#\/schema\/person\/c59ca45e0d40697222e3795fa6384c4d\"},\"headline\":\"\u00bfPor qu\u00e9 acudir a tu ortodoncista en Valencia\",\"datePublished\":\"2022-10-06T08:48:56+00:00\",\"dateModified\":\"2024-09-09T11:20:12+00:00\",\"mainEntityOfPage\":{\"@id\":\"https:\/\/clinicacemeq.es\/dental\/2022\/10\/06\/beneficios-de-acudir-a-tu-ortodoncista-en-valencia\/\"},\"wordCount\":409,\"commentCount\":0,\"publisher\":{\"@id\":\"https:\/\/clinicacemeq.es\/dental\/#organization\"},\"image\":{\"@id\":\"https:\/\/clinicacemeq.es\/dental\/2022\/10\/06\/beneficios-de-acudir-a-tu-ortodoncista-en-valencia\/#primaryimage\"},\"thumbnailUrl\":\"https:\/\/clinicacemeq.es\/dental\/wp-content\/uploads\/2022\/10\/ortodoncista-en-Valencia-cemeq-1.png\",\"articleSection\":[\"Patolog\u00edas dentales\"],\"inLanguage\":\"es\",\"potentialAction\":[{\"@type\":\"CommentAction\",\"name\":\"Comment\",\"target\":[\"https:\/\/clinicacemeq.es\/dental\/2022\/10\/06\/beneficios-de-acudir-a-tu-ortodoncista-en-valencia\/#respond\"]}]},{\"@type\":\"WebPage\",\"@id\":\"https:\/\/clinicacemeq.es\/dental\/2022\/10\/06\/beneficios-de-acudir-a-tu-ortodoncista-en-valencia\/\",\"url\":\"https:\/\/clinicacemeq.es\/dental\/2022\/10\/06\/beneficios-de-acudir-a-tu-ortodoncista-en-valencia\/\",\"name\":\"\u00bfPor qu\u00e9 acudir a tu ortodoncista en Valencia &#8902; Cl\u00ednica Dental CEMEQ\",\"isPartOf\":{\"@id\":\"https:\/\/clinicacemeq.es\/dental\/#website\"},\"primaryImageOfPage\":{\"@id\":\"https:\/\/clinicacemeq.es\/dental\/2022\/10\/06\/beneficios-de-acudir-a-tu-ortodoncista-en-valencia\/#primaryimage\"},\"image\":{\"@id\":\"https:\/\/clinicacemeq.es\/dental\/2022\/10\/06\/beneficios-de-acudir-a-tu-ortodoncista-en-valencia\/#primaryimage\"},\"thumbnailUrl\":\"https:\/\/clinicacemeq.es\/dental\/wp-content\/uploads\/2022\/10\/ortodoncista-en-Valencia-cemeq-1.png\",\"datePublished\":\"2022-10-06T08:48:56+00:00\",\"dateModified\":\"2024-09-09T11:20:12+00:00\",\"description\":\"Descubre todos los beneficios a la hora de acudir a tu ortodoncista en Valencia. Pide cita ya. Primera valoraci\u00f3n gratuita.\",\"breadcrumb\":{\"@id\":\"https:\/\/clinicacemeq.es\/dental\/2022\/10\/06\/beneficios-de-acudir-a-tu-ortodoncista-en-valencia\/#breadcrumb\"},\"inLanguage\":\"es\",\"potentialAction\":[{\"@type\":\"ReadAction\",\"target\":[\"https:\/\/clinicacemeq.es\/dental\/2022\/10\/06\/beneficios-de-acudir-a-tu-ortodoncista-en-valencia\/\"]}]},{\"@type\":\"ImageObject\",\"inLanguage\":\"es\",\"@id\":\"https:\/\/clinicacemeq.es\/dental\/2022\/10\/06\/beneficios-de-acudir-a-tu-ortodoncista-en-valencia\/#primaryimage\",\"url\":\"https:\/\/clinicacemeq.es\/dental\/wp-content\/uploads\/2022\/10\/ortodoncista-en-Valencia-cemeq-1.png\",\"contentUrl\":\"https:\/\/clinicacemeq.es\/dental\/wp-content\/uploads\/2022\/10\/ortodoncista-en-Valencia-cemeq-1.png\",\"width\":1000,\"height\":667,\"caption\":\"ortodoncista Valenica CEMEQ\"},{\"@type\":\"BreadcrumbList\",\"@id\":\"https:\/\/clinicacemeq.es\/dental\/2022\/10\/06\/beneficios-de-acudir-a-tu-ortodoncista-en-valencia\/#breadcrumb\",\"itemListElement\":[{\"@type\":\"ListItem\",\"position\":1,\"name\":\"Portada\",\"item\":\"https:\/\/clinicacemeq.es\/dental\/\"},{\"@type\":\"ListItem\",\"position\":2,\"name\":\"\u00bfPor qu\u00e9 acudir a tu ortodoncista en Valencia\"}]},{\"@type\":\"WebSite\",\"@id\":\"https:\/\/clinicacemeq.es\/dental\/#website\",\"url\":\"https:\/\/clinicacemeq.es\/dental\/\",\"name\":\"Cl\u00ednica Dental CEMEQ\",\"description\":\"Cl\u00ednica Dental Valencia | Dentista Valencia\",\"publisher\":{\"@id\":\"https:\/\/clinicacemeq.es\/dental\/#organization\"},\"potentialAction\":[{\"@type\":\"SearchAction\",\"target\":{\"@type\":\"EntryPoint\",\"urlTemplate\":\"https:\/\/clinicacemeq.es\/dental\/?s={search_term_string}\"},\"query-input\":\"required name=search_term_string\"}],\"inLanguage\":\"es\"},{\"@type\":\"Organization\",\"@id\":\"https:\/\/clinicacemeq.es\/dental\/#organization\",\"name\":\"CEMEQ\",\"url\":\"https:\/\/clinicacemeq.es\/dental\/\",\"logo\":{\"@type\":\"ImageObject\",\"inLanguage\":\"es\",\"@id\":\"https:\/\/clinicacemeq.es\/dental\/#\/schema\/logo\/image\/\",\"url\":\"https:\/\/clinicacemeq.es\/dental\/wp-content\/uploads\/2021\/07\/LOGO-WEB-1024x631-1.jpeg\",\"contentUrl\":\"https:\/\/clinicacemeq.es\/dental\/wp-content\/uploads\/2021\/07\/LOGO-WEB-1024x631-1.jpeg\",\"width\":1024,\"height\":631,\"caption\":\"CEMEQ\"},\"image\":{\"@id\":\"https:\/\/clinicacemeq.es\/dental\/#\/schema\/logo\/image\/\"}},{\"@type\":\"Person\",\"@id\":\"https:\/\/clinicacemeq.es\/dental\/#\/schema\/person\/c59ca45e0d40697222e3795fa6384c4d\",\"name\":\"Federico Mahiques\",\"image\":{\"@type\":\"ImageObject\",\"inLanguage\":\"es\",\"@id\":\"https:\/\/clinicacemeq.es\/dental\/#\/schema\/person\/image\/\",\"url\":\"https:\/\/secure.gravatar.com\/avatar\/a16f1bf5b7e085c0937f91eaf260e1fc?s=96&d=mm&r=g\",\"contentUrl\":\"https:\/\/secure.gravatar.com\/avatar\/a16f1bf5b7e085c0937f91eaf260e1fc?s=96&d=mm&r=g\",\"caption\":\"Federico Mahiques\"},\"url\":\"https:\/\/clinicacemeq.es\/dental\/author\/marketing\/\"}]}<\/script>\n<!-- \/ Yoast SEO Premium plugin. -->","yoast_head_json":{"title":"\u00bfPor qu\u00e9 acudir a tu ortodoncista en Valencia &#8902; Cl\u00ednica Dental CEMEQ","description":"Descubre todos los beneficios a la hora de acudir a tu ortodoncista en Valencia. Pide cita ya. Primera valoraci\u00f3n gratuita.","robots":{"index":"index","follow":"follow","max-snippet":"max-snippet:-1","max-image-preview":"max-image-preview:large","max-video-preview":"max-video-preview:-1"},"canonical":"https:\/\/clinicacemeq.es\/dental\/2022\/10\/06\/beneficios-de-acudir-a-tu-ortodoncista-en-valencia\/","og_locale":"es_ES","og_type":"article","og_title":"\u00bfPor qu\u00e9 acudir a tu ortodoncista en Valencia","og_description":"Descubre todos los beneficios a la hora de acudir a tu ortodoncista en Valencia. Pide cita ya. Primera valoraci\u00f3n gratuita.","og_url":"https:\/\/clinicacemeq.es\/dental\/2022\/10\/06\/beneficios-de-acudir-a-tu-ortodoncista-en-valencia\/","og_site_name":"Cl\u00ednica Dental CEMEQ","article_published_time":"2022-10-06T08:48:56+00:00","article_modified_time":"2024-09-09T11:20:12+00:00","og_image":[{"width":1000,"height":667,"url":"https:\/\/clinicacemeq.es\/dental\/wp-content\/uploads\/2022\/10\/ortodoncista-en-Valencia-cemeq-1.png","type":"image\/png"}],"author":"Federico Mahiques","twitter_card":"summary_large_image","twitter_misc":{"Escrito por":"Federico Mahiques","Tiempo de lectura":"2 minutos"},"schema":{"@context":"https:\/\/schema.org","@graph":[{"@type":"Article","@id":"https:\/\/clinicacemeq.es\/dental\/2022\/10\/06\/beneficios-de-acudir-a-tu-ortodoncista-en-valencia\/#article","isPartOf":{"@id":"https:\/\/clinicacemeq.es\/dental\/2022\/10\/06\/beneficios-de-acudir-a-tu-ortodoncista-en-valencia\/"},"author":{"name":"Federico Mahiques","@id":"https:\/\/clinicacemeq.es\/dental\/#\/schema\/person\/c59ca45e0d40697222e3795fa6384c4d"},"headline":"\u00bfPor qu\u00e9 acudir a tu ortodoncista en Valencia","datePublished":"2022-10-06T08:48:56+00:00","dateModified":"2024-09-09T11:20:12+00:00","mainEntityOfPage":{"@id":"https:\/\/clinicacemeq.es\/dental\/2022\/10\/06\/beneficios-de-acudir-a-tu-ortodoncista-en-valencia\/"},"wordCount":409,"commentCount":0,"publisher":{"@id":"https:\/\/clinicacemeq.es\/dental\/#organization"},"image":{"@id":"https:\/\/clinicacemeq.es\/dental\/2022\/10\/06\/beneficios-de-acudir-a-tu-ortodoncista-en-valencia\/#primaryimage"},"thumbnailUrl":"https:\/\/clinicacemeq.es\/dental\/wp-content\/uploads\/2022\/10\/ortodoncista-en-Valencia-cemeq-1.png","articleSection":["Patolog\u00edas dentales"],"inLanguage":"es","potentialAction":[{"@type":"CommentAction","name":"Comment","target":["https:\/\/clinicacemeq.es\/dental\/2022\/10\/06\/beneficios-de-acudir-a-tu-ortodoncista-en-valencia\/#respond"]}]},{"@type":"WebPage","@id":"https:\/\/clinicacemeq.es\/dental\/2022\/10\/06\/beneficios-de-acudir-a-tu-ortodoncista-en-valencia\/","url":"https:\/\/clinicacemeq.es\/dental\/2022\/10\/06\/beneficios-de-acudir-a-tu-ortodoncista-en-valencia\/","name":"\u00bfPor qu\u00e9 acudir a tu ortodoncista en Valencia &#8902; Cl\u00ednica Dental CEMEQ","isPartOf":{"@id":"https:\/\/clinicacemeq.es\/dental\/#website"},"primaryImageOfPage":{"@id":"https:\/\/clinicacemeq.es\/dental\/2022\/10\/06\/beneficios-de-acudir-a-tu-ortodoncista-en-valencia\/#primaryimage"},"image":{"@id":"https:\/\/clinicacemeq.es\/dental\/2022\/10\/06\/beneficios-de-acudir-a-tu-ortodoncista-en-valencia\/#primaryimage"},"thumbnailUrl":"https:\/\/clinicacemeq.es\/dental\/wp-content\/uploads\/2022\/10\/ortodoncista-en-Valencia-cemeq-1.png","datePublished":"2022-10-06T08:48:56+00:00","dateModified":"2024-09-09T11:20:12+00:00","description":"Descubre todos los beneficios a la hora de acudir a tu ortodoncista en Valencia. Pide cita ya. Primera valoraci\u00f3n gratuita.","breadcrumb":{"@id":"https:\/\/clinicacemeq.es\/dental\/2022\/10\/06\/beneficios-de-acudir-a-tu-ortodoncista-en-valencia\/#breadcrumb"},"inLanguage":"es","potentialAction":[{"@type":"ReadAction","target":["https:\/\/clinicacemeq.es\/dental\/2022\/10\/06\/beneficios-de-acudir-a-tu-ortodoncista-en-valencia\/"]}]},{"@type":"ImageObject","inLanguage":"es","@id":"https:\/\/clinicacemeq.es\/dental\/2022\/10\/06\/beneficios-de-acudir-a-tu-ortodoncista-en-valencia\/#primaryimage","url":"https:\/\/clinicacemeq.es\/dental\/wp-content\/uploads\/2022\/10\/ortodoncista-en-Valencia-cemeq-1.png","contentUrl":"https:\/\/clinicacemeq.es\/dental\/wp-content\/uploads\/2022\/10\/ortodoncista-en-Valencia-cemeq-1.png","width":1000,"height":667,"caption":"ortodoncista Valenica CEMEQ"},{"@type":"BreadcrumbList","@id":"https:\/\/clinicacemeq.es\/dental\/2022\/10\/06\/beneficios-de-acudir-a-tu-ortodoncista-en-valencia\/#breadcrumb","itemListElement":[{"@type":"ListItem","position":1,"name":"Portada","item":"https:\/\/clinicacemeq.es\/dental\/"},{"@type":"ListItem","position":2,"name":"\u00bfPor qu\u00e9 acudir a tu ortodoncista en Valencia"}]},{"@type":"WebSite","@id":"https:\/\/clinicacemeq.es\/dental\/#website","url":"https:\/\/clinicacemeq.es\/dental\/","name":"Cl\u00ednica Dental CEMEQ","description":"Cl\u00ednica Dental Valencia | Dentista Valencia","publisher":{"@id":"https:\/\/clinicacemeq.es\/dental\/#organization"},"potentialAction":[{"@type":"SearchAction","target":{"@type":"EntryPoint","urlTemplate":"https:\/\/clinicacemeq.es\/dental\/?s={search_term_string}"},"query-input":"required name=search_term_string"}],"inLanguage":"es"},{"@type":"Organization","@id":"https:\/\/clinicacemeq.es\/dental\/#organization","name":"CEMEQ","url":"https:\/\/clinicacemeq.es\/dental\/","logo":{"@type":"ImageObject","inLanguage":"es","@id":"https:\/\/clinicacemeq.es\/dental\/#\/schema\/logo\/image\/","url":"https:\/\/clinicacemeq.es\/dental\/wp-content\/uploads\/2021\/07\/LOGO-WEB-1024x631-1.jpeg","contentUrl":"https:\/\/clinicacemeq.es\/dental\/wp-content\/uploads\/2021\/07\/LOGO-WEB-1024x631-1.jpeg","width":1024,"height":631,"caption":"CEMEQ"},"image":{"@id":"https:\/\/clinicacemeq.es\/dental\/#\/schema\/logo\/image\/"}},{"@type":"Person","@id":"https:\/\/clinicacemeq.es\/dental\/#\/schema\/person\/c59ca45e0d40697222e3795fa6384c4d","name":"Federico Mahiques","image":{"@type":"ImageObject","inLanguage":"es","@id":"https:\/\/clinicacemeq.es\/dental\/#\/schema\/person\/image\/","url":"https:\/\/secure.gravatar.com\/avatar\/a16f1bf5b7e085c0937f91eaf260e1fc?s=96&d=mm&r=g","contentUrl":"https:\/\/secure.gravatar.com\/avatar\/a16f1bf5b7e085c0937f91eaf260e1fc?s=96&d=mm&r=g","caption":"Federico Mahiques"},"url":"https:\/\/clinicacemeq.es\/dental\/author\/marketing\/"}]}},"_links":{"self":[{"href":"https:\/\/clinicacemeq.es\/dental\/wp-json\/wp\/v2\/posts\/8125"}],"collection":[{"href":"https:\/\/clinicacemeq.es\/dental\/wp-json\/wp\/v2\/posts"}],"about":[{"href":"https:\/\/clinicacemeq.es\/dental\/wp-json\/wp\/v2\/types\/post"}],"author":[{"embeddable":true,"href":"https:\/\/clinicacemeq.es\/dental\/wp-json\/wp\/v2\/users\/6"}],"replies":[{"embeddable":true,"href":"https:\/\/clinicacemeq.es\/dental\/wp-json\/wp\/v2\/comments?post=8125"}],"version-history":[{"count":8,"href":"https:\/\/clinicacemeq.es\/dental\/wp-json\/wp\/v2\/posts\/8125\/revisions"}],"predecessor-version":[{"id":11919,"href":"https:\/\/clinicacemeq.es\/dental\/wp-json\/wp\/v2\/posts\/8125\/revisions\/11919"}],"wp:featuredmedia":[{"embeddable":true,"href":"https:\/\/clinicacemeq.es\/dental\/wp-json\/wp\/v2\/media\/8126"}],"wp:attachment":[{"href":"https:\/\/clinicacemeq.es\/dental\/wp-json\/wp\/v2\/media?parent=8125"}],"wp:term":[{"taxonomy":"category","embeddable":true,"href":"https:\/\/clinicacemeq.es\/dental\/wp-json\/wp\/v2\/categories?post=8125"},{"taxonomy":"post_tag","embeddable":true,"href":"https:\/\/clinicacemeq.es\/dental\/wp-json\/wp\/v2\/tags?post=8125"}],"curies":[{"name":"wp","href":"https:\/\/api.w.org\/{rel}","templated":true}]}}