{"id":7873,"date":"2022-09-27T13:03:49","date_gmt":"2022-09-27T13:03:49","guid":{"rendered":"https:\/\/clinicacemeq.es\/dental\/?p=7873"},"modified":"2024-06-05T11:56:08","modified_gmt":"2024-06-05T11:56:08","slug":"todo-sobre-las-carillas-dentales-precio","status":"publish","type":"post","link":"https:\/\/clinicacemeq.es\/dental\/2022\/09\/27\/todo-sobre-las-carillas-dentales-precio\/","title":{"rendered":"Todo sobre las carillas dentales precio"},"content":{"rendered":"\n\n<div class=\"kk-star-ratings kksr-auto kksr-align-left kksr-valign-top\"\n    data-payload='{&quot;align&quot;:&quot;left&quot;,&quot;id&quot;:&quot;7873&quot;,&quot;slug&quot;:&quot;default&quot;,&quot;valign&quot;:&quot;top&quot;,&quot;ignore&quot;:&quot;&quot;,&quot;reference&quot;:&quot;auto&quot;,&quot;class&quot;:&quot;&quot;,&quot;count&quot;:&quot;0&quot;,&quot;legendonly&quot;:&quot;&quot;,&quot;readonly&quot;:&quot;&quot;,&quot;score&quot;:&quot;0&quot;,&quot;starsonly&quot;:&quot;&quot;,&quot;best&quot;:&quot;5&quot;,&quot;gap&quot;:&quot;5&quot;,&quot;greet&quot;:&quot;Valora esta publicaci\u00f3n \ud83d\ude09&quot;,&quot;legend&quot;:&quot;0\\\/5 - (0 votos)&quot;,&quot;size&quot;:&quot;24&quot;,&quot;title&quot;:&quot;Todo sobre las carillas dentales precio&quot;,&quot;width&quot;:&quot;0&quot;,&quot;_legend&quot;:&quot;{score}\\\/{best} - ({count} {votes})&quot;,&quot;font_factor&quot;:&quot;1.25&quot;}'>\n            \n<div class=\"kksr-stars\">\n    \n<div class=\"kksr-stars-inactive\">\n            <div class=\"kksr-star\" data-star=\"1\" style=\"padding-right: 5px\">\n            \n\n<div class=\"kksr-icon\" style=\"width: 24px; height: 24px;\"><\/div>\n        <\/div>\n            <div class=\"kksr-star\" data-star=\"2\" style=\"padding-right: 5px\">\n            \n\n<div class=\"kksr-icon\" style=\"width: 24px; height: 24px;\"><\/div>\n        <\/div>\n            <div class=\"kksr-star\" data-star=\"3\" style=\"padding-right: 5px\">\n            \n\n<div class=\"kksr-icon\" style=\"width: 24px; height: 24px;\"><\/div>\n        <\/div>\n            <div class=\"kksr-star\" data-star=\"4\" style=\"padding-right: 5px\">\n            \n\n<div class=\"kksr-icon\" style=\"width: 24px; height: 24px;\"><\/div>\n        <\/div>\n            <div class=\"kksr-star\" data-star=\"5\" style=\"padding-right: 5px\">\n            \n\n<div class=\"kksr-icon\" style=\"width: 24px; height: 24px;\"><\/div>\n        <\/div>\n    <\/div>\n    \n<div class=\"kksr-stars-active\" style=\"width: 0px;\">\n            <div class=\"kksr-star\" style=\"padding-right: 5px\">\n            \n\n<div class=\"kksr-icon\" style=\"width: 24px; height: 24px;\"><\/div>\n        <\/div>\n            <div class=\"kksr-star\" style=\"padding-right: 5px\">\n            \n\n<div class=\"kksr-icon\" style=\"width: 24px; height: 24px;\"><\/div>\n        <\/div>\n            <div class=\"kksr-star\" style=\"padding-right: 5px\">\n            \n\n<div class=\"kksr-icon\" style=\"width: 24px; height: 24px;\"><\/div>\n        <\/div>\n            <div class=\"kksr-star\" style=\"padding-right: 5px\">\n            \n\n<div class=\"kksr-icon\" style=\"width: 24px; height: 24px;\"><\/div>\n        <\/div>\n            <div class=\"kksr-star\" style=\"padding-right: 5px\">\n            \n\n<div class=\"kksr-icon\" style=\"width: 24px; height: 24px;\"><\/div>\n        <\/div>\n    <\/div>\n<\/div>\n                \n\n<div class=\"kksr-legend\" style=\"font-size: 19.2px;\">\n            <span class=\"kksr-muted\">Valora esta publicaci\u00f3n \ud83d\ude09<\/span>\n    <\/div>\n    <\/div>\n<p><span style=\"font-weight: 400;\">Uno de los tratamientos de est\u00e9tica dental m\u00e1s solicitados en nuestra cl\u00ednica dental Valencia son las carillas dentales. Son muchos los pacientes que se preguntan\u00a0 acerca de las carillas dentales precio. Destacamos que, el precio del tratamiento depender\u00e1 de varios factores como es, el tipo de material o el n\u00famero de carillas que necesite el paciente. En el siguiente post te contamos todo sobre las carillas dentales precio \u00a1Sigue leyendo!<\/span><\/p>\n<h2><span style=\"font-weight: 400;\">\u00bfQu\u00e9 son las carillas dentales?<\/span><\/h2>\n<p><span style=\"font-weight: 400;\">La carilla dental es una l\u00e1mina, generalmente de porcelana o composite, que se coloca encima del diente para mejorar su aspecto.<\/span><\/p>\n<p><span style=\"font-weight: 400;\">Existen diferentes\u00a0 tipos de carillas dentales que encontrar\u00e1s en nuestra<a href=\"https:\/\/clinicacemeq.es\/dental\/2022\/06\/14\/carillas-dentales-en-valencia\/\"><strong> cl\u00ednica dental Valencia<\/strong><\/a>, dependiendo del tipo las <strong>carillas dentales precio<\/strong> cambiar\u00e1:<\/span><\/p>\n<ul>\n<li style=\"font-weight: 400;\" aria-level=\"1\"><span style=\"font-weight: 400;\"><strong>Carillas de porcelana<\/strong>: ofrecen calidad, est\u00e9tica y durabilidad. Por ello, su precio suele rondar los 500 euros<\/span><\/li>\n<li style=\"font-weight: 400;\" aria-level=\"1\"><span style=\"font-weight: 400;\"><strong>Carillas de composite<\/strong>: son m\u00e1s econ\u00f3micas que las de porcelana, esto se debe a que, duran menos tiempo. El precio de la carilla dental de composite ronda los 250 euros.<\/span><\/li>\n<li style=\"font-weight: 400;\" aria-level=\"1\"><span style=\"font-weight: 400;\"><strong>Carillas de zirconio:<\/strong>\u00a0 hechas de un material cer\u00e1mico muy resistente y altamente est\u00e9tico, de mayor grosor que el resto de carillas.\u00a0 Su precio puede rondar los 500 a 600 euros.<\/span><\/li>\n<\/ul>\n<h2><span style=\"font-weight: 400;\">Beneficios de las carillas dentales<\/span><\/h2>\n<ul>\n<li style=\"font-weight: 400;\" aria-level=\"1\"><span style=\"font-weight: 400;\">Eficaces: disimulan defectos en la colocaci\u00f3n y aspecto de\u00a0 dientes torcidos, desgastados y con imperfecciones<\/span><\/li>\n<li style=\"font-weight: 400;\" aria-level=\"1\"><span style=\"font-weight: 400;\">Resultados est\u00e9ticos: los resultados son espectaculares<\/span><\/li>\n<li style=\"font-weight: 400;\" aria-level=\"1\"><span style=\"font-weight: 400;\">Respetuosas con el diente: no existen tallar o\u00a0 limar\u00a0 siendo m\u00ednimas las alteraciones<\/span><\/li>\n<li style=\"font-weight: 400;\" aria-level=\"1\"><span style=\"font-weight: 400;\">Tratamiento r\u00e1pido: basta con dos visitas para disfrutar de una sonrisa completamente renovada<\/span><\/li>\n<li style=\"font-weight: 400;\" aria-level=\"1\"><span style=\"font-weight: 400;\">Duraderas: seg\u00fan el material y el tipo de carillas, pueden durar entre 20 o 30 a\u00f1os<\/span><\/li>\n<\/ul>\n<h2><span style=\"font-weight: 400;\">\u00bfC\u00f3mo saber el precio carilla dental?<\/span><\/h2>\n<p><span style=\"font-weight: 400;\">\u00a0En nuestra cl\u00ednica dental Valencia sabemos que es imposible ofrecer\u00a0 presupuesto sin una primera valoraci\u00f3n. En nuestra primera visita gratuita, se realizar\u00e1 un estudio previo del estado de la boca del paciente con el objetivo de determinar cu\u00e1les son las carillas que se adaptan mejor a las necesidades del paciente.<\/span><\/p>\n<h2><span style=\"font-weight: 400;\"><img loading=\"lazy\" decoding=\"async\" class=\"size-medium wp-image-7875 aligncenter\" src=\"https:\/\/clinicacemeq.es\/dental\/wp-content\/uploads\/2022\/09\/precio-carilla-dental-2-1-300x200.png\" alt=\"todo sobre el precio carilla dental\" width=\"300\" height=\"200\" srcset=\"https:\/\/clinicacemeq.es\/dental\/wp-content\/uploads\/2022\/09\/precio-carilla-dental-2-1-300x200.png 300w, https:\/\/clinicacemeq.es\/dental\/wp-content\/uploads\/2022\/09\/precio-carilla-dental-2-1-768x512.png 768w, https:\/\/clinicacemeq.es\/dental\/wp-content\/uploads\/2022\/09\/precio-carilla-dental-2-1-900x600.png 900w, https:\/\/clinicacemeq.es\/dental\/wp-content\/uploads\/2022\/09\/precio-carilla-dental-2-1.png 1000w\" sizes=\"(max-width: 300px) 100vw, 300px\" \/><\/span><\/h2>\n<p><strong>Quiz\u00e1 te interese:<a href=\"https:\/\/clinicacemeq.es\/dental\/2022\/09\/23\/el-mejor-precio-carilla-dental\/\"> El mejor precio carilla dental<\/a><\/strong><\/p>\n<h2><span style=\"font-weight: 400;\">Factores que determinan las carillas dentales precio<\/span><\/h2>\n<p><span style=\"font-weight: 400;\">Podemos decir, que el precio carilla dental depende de factores como:<\/span><\/p>\n<ul>\n<li style=\"font-weight: 400;\" aria-level=\"1\"><span style=\"font-weight: 400;\">Material: dependiendo del material de la carilla ser\u00e1 un precio u otro. Cada tipo de carillas ofrece una calidad o resistencia distinta<\/span><\/li>\n<li style=\"font-weight: 400;\" aria-level=\"1\"><span style=\"font-weight: 400;\">N\u00famero de dientes: Las carillas dentales se utilizan solo en los dientes que son visibles al sonre\u00edr. Por ello, cada paciente lleva un n\u00famero de carillas distinto.<\/span><\/li>\n<li style=\"font-weight: 400;\" aria-level=\"1\"><span style=\"font-weight: 400;\">Experiencia y reputaci\u00f3n de equipo dental<\/span><\/li>\n<li style=\"font-weight: 400;\" aria-level=\"1\"><span style=\"font-weight: 400;\">Laboratorio<\/span><\/li>\n<\/ul>\n<h2><span style=\"font-weight: 400;\">Carillas dentales precio en CEMEQ<\/span><\/h2>\n<p><span style=\"font-weight: 400;\">En nuestra <a href=\"https:\/\/clinicacemeq.es\/dental\/2022\/06\/14\/carillas-dentales-en-valencia\/\"><strong>cl\u00ednica dental Valencia \u00a0<\/strong><\/a>te ayudamos a disfrutar de nuevo de tu sonrisa. Modificando su forma, color y tama\u00f1o.\u00a0<\/span><\/p>\n<p><span style=\"font-weight: 400;\">nuestras carillas dentales precio desde 119 \u20ac\u00a0 tratamiento totalmente personalizado y financiado a medida. <strong><a href=\"https:\/\/clinicacemeq.es\/dental\/contacto\/\">Pide tu valoraci\u00f3n GRATUITA AQU\u00cd.<\/a><\/strong><\/span><\/p>\n<h3><span style=\"font-weight: 400;\">\u00bfQu\u00e9 incluye nuestro precio carilla dental?<\/span><\/h3>\n<p><span style=\"font-weight: 400;\">Nuestro <strong>carillas dentales precio<\/strong> incluye:<\/span><\/p>\n<ul>\n<li style=\"font-weight: 400;\" aria-level=\"1\"><span style=\"font-weight: 400;\">Financiaci\u00f3n a medida<\/span><\/li>\n<li style=\"font-weight: 400;\" aria-level=\"1\"><span style=\"font-weight: 400;\">Citas y revisiones<\/span><\/li>\n<li style=\"font-weight: 400;\" aria-level=\"1\"><span style=\"font-weight: 400;\">Tel\u00e9fono 24h<\/span><\/li>\n<li style=\"font-weight: 400;\" aria-level=\"1\"><span style=\"font-weight: 400;\">Tratamiento personalizado<\/span><\/li>\n<li style=\"font-weight: 400;\" aria-level=\"1\"><span style=\"font-weight: 400;\">Materiales de alt\u00edsima calidad<\/span><\/li>\n<\/ul>\n<h3><span style=\"font-weight: 400;\">Con nuestro precio carilla dental podr\u00e1s mejorar problemas como:<\/span><\/h3>\n<ul>\n<li style=\"font-weight: 400;\" aria-level=\"1\"><span style=\"font-weight: 400;\">Diastemas (espacios entre los dientes)<\/span><\/li>\n<li style=\"font-weight: 400;\" aria-level=\"1\"><span style=\"font-weight: 400;\">Mala posici\u00f3n de las piezas dentales<\/span><\/li>\n<li style=\"font-weight: 400;\" aria-level=\"1\"><span style=\"font-weight: 400;\">Imperfecciones en el esmalte o color<\/span><\/li>\n<li style=\"font-weight: 400;\" aria-level=\"1\"><span style=\"font-weight: 400;\">Dientes manchados<\/span><\/li>\n<\/ul>\n<p><span style=\"font-weight: 400;\">\u00bfA qu\u00e9 est\u00e1s esperando? Ven y con\u00f3cenos. Vuelve a Disfrutar de tu sonrisa en nuestra cl\u00ednica dental Valencia <strong><a href=\"https:\/\/clinicacemeq.es\/dental\/contacto\/\">Pide cita ya. Primera consulta gratuita.<\/a><\/strong><\/span><\/p>\n","protected":false},"excerpt":{"rendered":"<p>Uno de los tratamientos de est\u00e9tica dental m\u00e1s solicitados en nuestra cl\u00ednica dental Valencia son las carillas dentales. Son muchos los pacientes que se preguntan\u00a0 acerca de las carillas dentales precio. Destacamos que, el precio del tratamiento depender\u00e1 de varios factores como es, el tipo de material o el n\u00famero de carillas que necesite el [&#8230;]\n","protected":false},"author":6,"featured_media":7874,"comment_status":"open","ping_status":"open","sticky":false,"template":"","format":"standard","meta":{"footnotes":""},"categories":[1],"tags":[],"yoast_head":"<!-- This site is optimized with the Yoast SEO Premium plugin v18.3 (Yoast SEO v22.7) - https:\/\/yoast.com\/wordpress\/plugins\/seo\/ -->\n<title>Todo sobre las carillas dentales precio &#8902; Cl\u00ednica Dental CEMEQ<\/title>\n<meta name=\"description\" content=\"Te contamos todo sobre las carillas dentales precio y porque CEMEQ te puede ayuda a recuperar tu sonrisa. Pide cita ya\" \/>\n<meta name=\"robots\" content=\"index, follow, max-snippet:-1, max-image-preview:large, max-video-preview:-1\" \/>\n<link rel=\"canonical\" href=\"https:\/\/clinicacemeq.es\/dental\/2022\/09\/27\/todo-sobre-las-carillas-dentales-precio\/\" \/>\n<meta property=\"og:locale\" content=\"es_ES\" \/>\n<meta property=\"og:type\" content=\"article\" \/>\n<meta property=\"og:title\" content=\"Todo sobre las carillas dentales precio\" \/>\n<meta property=\"og:description\" content=\"Te contamos todo sobre las carillas dentales precio y porque CEMEQ te puede ayuda a recuperar tu sonrisa. Pide cita ya\" \/>\n<meta property=\"og:url\" content=\"https:\/\/clinicacemeq.es\/dental\/2022\/09\/27\/todo-sobre-las-carillas-dentales-precio\/\" \/>\n<meta property=\"og:site_name\" content=\"Cl\u00ednica Dental CEMEQ\" \/>\n<meta property=\"article:published_time\" content=\"2022-09-27T13:03:49+00:00\" \/>\n<meta property=\"article:modified_time\" content=\"2024-06-05T11:56:08+00:00\" \/>\n<meta property=\"og:image\" content=\"https:\/\/clinicacemeq.es\/dental\/wp-content\/uploads\/2022\/09\/carillas-dentales-precio-2-1.png\" \/>\n\t<meta property=\"og:image:width\" content=\"1000\" \/>\n\t<meta property=\"og:image:height\" content=\"667\" \/>\n\t<meta property=\"og:image:type\" content=\"image\/png\" \/>\n<meta name=\"author\" content=\"Federico Mahiques\" \/>\n<meta name=\"twitter:card\" content=\"summary_large_image\" \/>\n<meta name=\"twitter:label1\" content=\"Escrito por\" \/>\n\t<meta name=\"twitter:data1\" content=\"Federico Mahiques\" \/>\n\t<meta name=\"twitter:label2\" content=\"Tiempo de lectura\" \/>\n\t<meta name=\"twitter:data2\" content=\"3 minutos\" \/>\n<script type=\"application\/ld+json\" class=\"yoast-schema-graph\">{\"@context\":\"https:\/\/schema.org\",\"@graph\":[{\"@type\":\"Article\",\"@id\":\"https:\/\/clinicacemeq.es\/dental\/2022\/09\/27\/todo-sobre-las-carillas-dentales-precio\/#article\",\"isPartOf\":{\"@id\":\"https:\/\/clinicacemeq.es\/dental\/2022\/09\/27\/todo-sobre-las-carillas-dentales-precio\/\"},\"author\":{\"name\":\"Federico Mahiques\",\"@id\":\"https:\/\/clinicacemeq.es\/dental\/#\/schema\/person\/c59ca45e0d40697222e3795fa6384c4d\"},\"headline\":\"Todo sobre las carillas dentales precio\",\"datePublished\":\"2022-09-27T13:03:49+00:00\",\"dateModified\":\"2024-06-05T11:56:08+00:00\",\"mainEntityOfPage\":{\"@id\":\"https:\/\/clinicacemeq.es\/dental\/2022\/09\/27\/todo-sobre-las-carillas-dentales-precio\/\"},\"wordCount\":556,\"commentCount\":0,\"publisher\":{\"@id\":\"https:\/\/clinicacemeq.es\/dental\/#organization\"},\"image\":{\"@id\":\"https:\/\/clinicacemeq.es\/dental\/2022\/09\/27\/todo-sobre-las-carillas-dentales-precio\/#primaryimage\"},\"thumbnailUrl\":\"https:\/\/clinicacemeq.es\/dental\/wp-content\/uploads\/2022\/09\/carillas-dentales-precio-2-1.png\",\"articleSection\":[\"Patolog\u00edas dentales\"],\"inLanguage\":\"es\",\"potentialAction\":[{\"@type\":\"CommentAction\",\"name\":\"Comment\",\"target\":[\"https:\/\/clinicacemeq.es\/dental\/2022\/09\/27\/todo-sobre-las-carillas-dentales-precio\/#respond\"]}]},{\"@type\":\"WebPage\",\"@id\":\"https:\/\/clinicacemeq.es\/dental\/2022\/09\/27\/todo-sobre-las-carillas-dentales-precio\/\",\"url\":\"https:\/\/clinicacemeq.es\/dental\/2022\/09\/27\/todo-sobre-las-carillas-dentales-precio\/\",\"name\":\"Todo sobre las carillas dentales precio &#8902; Cl\u00ednica Dental CEMEQ\",\"isPartOf\":{\"@id\":\"https:\/\/clinicacemeq.es\/dental\/#website\"},\"primaryImageOfPage\":{\"@id\":\"https:\/\/clinicacemeq.es\/dental\/2022\/09\/27\/todo-sobre-las-carillas-dentales-precio\/#primaryimage\"},\"image\":{\"@id\":\"https:\/\/clinicacemeq.es\/dental\/2022\/09\/27\/todo-sobre-las-carillas-dentales-precio\/#primaryimage\"},\"thumbnailUrl\":\"https:\/\/clinicacemeq.es\/dental\/wp-content\/uploads\/2022\/09\/carillas-dentales-precio-2-1.png\",\"datePublished\":\"2022-09-27T13:03:49+00:00\",\"dateModified\":\"2024-06-05T11:56:08+00:00\",\"description\":\"Te contamos todo sobre las carillas dentales precio y porque CEMEQ te puede ayuda a recuperar tu sonrisa. Pide cita ya\",\"breadcrumb\":{\"@id\":\"https:\/\/clinicacemeq.es\/dental\/2022\/09\/27\/todo-sobre-las-carillas-dentales-precio\/#breadcrumb\"},\"inLanguage\":\"es\",\"potentialAction\":[{\"@type\":\"ReadAction\",\"target\":[\"https:\/\/clinicacemeq.es\/dental\/2022\/09\/27\/todo-sobre-las-carillas-dentales-precio\/\"]}]},{\"@type\":\"ImageObject\",\"inLanguage\":\"es\",\"@id\":\"https:\/\/clinicacemeq.es\/dental\/2022\/09\/27\/todo-sobre-las-carillas-dentales-precio\/#primaryimage\",\"url\":\"https:\/\/clinicacemeq.es\/dental\/wp-content\/uploads\/2022\/09\/carillas-dentales-precio-2-1.png\",\"contentUrl\":\"https:\/\/clinicacemeq.es\/dental\/wp-content\/uploads\/2022\/09\/carillas-dentales-precio-2-1.png\",\"width\":1000,\"height\":667,\"caption\":\"El mejor carillas dentales precio de Valencia\"},{\"@type\":\"BreadcrumbList\",\"@id\":\"https:\/\/clinicacemeq.es\/dental\/2022\/09\/27\/todo-sobre-las-carillas-dentales-precio\/#breadcrumb\",\"itemListElement\":[{\"@type\":\"ListItem\",\"position\":1,\"name\":\"Portada\",\"item\":\"https:\/\/clinicacemeq.es\/dental\/\"},{\"@type\":\"ListItem\",\"position\":2,\"name\":\"Todo sobre las carillas dentales precio\"}]},{\"@type\":\"WebSite\",\"@id\":\"https:\/\/clinicacemeq.es\/dental\/#website\",\"url\":\"https:\/\/clinicacemeq.es\/dental\/\",\"name\":\"Cl\u00ednica Dental CEMEQ\",\"description\":\"Cl\u00ednica Dental Valencia | Dentista Valencia\",\"publisher\":{\"@id\":\"https:\/\/clinicacemeq.es\/dental\/#organization\"},\"potentialAction\":[{\"@type\":\"SearchAction\",\"target\":{\"@type\":\"EntryPoint\",\"urlTemplate\":\"https:\/\/clinicacemeq.es\/dental\/?s={search_term_string}\"},\"query-input\":\"required name=search_term_string\"}],\"inLanguage\":\"es\"},{\"@type\":\"Organization\",\"@id\":\"https:\/\/clinicacemeq.es\/dental\/#organization\",\"name\":\"CEMEQ\",\"url\":\"https:\/\/clinicacemeq.es\/dental\/\",\"logo\":{\"@type\":\"ImageObject\",\"inLanguage\":\"es\",\"@id\":\"https:\/\/clinicacemeq.es\/dental\/#\/schema\/logo\/image\/\",\"url\":\"https:\/\/clinicacemeq.es\/dental\/wp-content\/uploads\/2021\/07\/LOGO-WEB-1024x631-1.jpeg\",\"contentUrl\":\"https:\/\/clinicacemeq.es\/dental\/wp-content\/uploads\/2021\/07\/LOGO-WEB-1024x631-1.jpeg\",\"width\":1024,\"height\":631,\"caption\":\"CEMEQ\"},\"image\":{\"@id\":\"https:\/\/clinicacemeq.es\/dental\/#\/schema\/logo\/image\/\"}},{\"@type\":\"Person\",\"@id\":\"https:\/\/clinicacemeq.es\/dental\/#\/schema\/person\/c59ca45e0d40697222e3795fa6384c4d\",\"name\":\"Federico Mahiques\",\"image\":{\"@type\":\"ImageObject\",\"inLanguage\":\"es\",\"@id\":\"https:\/\/clinicacemeq.es\/dental\/#\/schema\/person\/image\/\",\"url\":\"https:\/\/secure.gravatar.com\/avatar\/a16f1bf5b7e085c0937f91eaf260e1fc?s=96&d=mm&r=g\",\"contentUrl\":\"https:\/\/secure.gravatar.com\/avatar\/a16f1bf5b7e085c0937f91eaf260e1fc?s=96&d=mm&r=g\",\"caption\":\"Federico Mahiques\"},\"url\":\"https:\/\/clinicacemeq.es\/dental\/author\/marketing\/\"}]}<\/script>\n<!-- \/ Yoast SEO Premium plugin. -->","yoast_head_json":{"title":"Todo sobre las carillas dentales precio &#8902; Cl\u00ednica Dental CEMEQ","description":"Te contamos todo sobre las carillas dentales precio y porque CEMEQ te puede ayuda a recuperar tu sonrisa. Pide cita ya","robots":{"index":"index","follow":"follow","max-snippet":"max-snippet:-1","max-image-preview":"max-image-preview:large","max-video-preview":"max-video-preview:-1"},"canonical":"https:\/\/clinicacemeq.es\/dental\/2022\/09\/27\/todo-sobre-las-carillas-dentales-precio\/","og_locale":"es_ES","og_type":"article","og_title":"Todo sobre las carillas dentales precio","og_description":"Te contamos todo sobre las carillas dentales precio y porque CEMEQ te puede ayuda a recuperar tu sonrisa. Pide cita ya","og_url":"https:\/\/clinicacemeq.es\/dental\/2022\/09\/27\/todo-sobre-las-carillas-dentales-precio\/","og_site_name":"Cl\u00ednica Dental CEMEQ","article_published_time":"2022-09-27T13:03:49+00:00","article_modified_time":"2024-06-05T11:56:08+00:00","og_image":[{"width":1000,"height":667,"url":"https:\/\/clinicacemeq.es\/dental\/wp-content\/uploads\/2022\/09\/carillas-dentales-precio-2-1.png","type":"image\/png"}],"author":"Federico Mahiques","twitter_card":"summary_large_image","twitter_misc":{"Escrito por":"Federico Mahiques","Tiempo de lectura":"3 minutos"},"schema":{"@context":"https:\/\/schema.org","@graph":[{"@type":"Article","@id":"https:\/\/clinicacemeq.es\/dental\/2022\/09\/27\/todo-sobre-las-carillas-dentales-precio\/#article","isPartOf":{"@id":"https:\/\/clinicacemeq.es\/dental\/2022\/09\/27\/todo-sobre-las-carillas-dentales-precio\/"},"author":{"name":"Federico Mahiques","@id":"https:\/\/clinicacemeq.es\/dental\/#\/schema\/person\/c59ca45e0d40697222e3795fa6384c4d"},"headline":"Todo sobre las carillas dentales precio","datePublished":"2022-09-27T13:03:49+00:00","dateModified":"2024-06-05T11:56:08+00:00","mainEntityOfPage":{"@id":"https:\/\/clinicacemeq.es\/dental\/2022\/09\/27\/todo-sobre-las-carillas-dentales-precio\/"},"wordCount":556,"commentCount":0,"publisher":{"@id":"https:\/\/clinicacemeq.es\/dental\/#organization"},"image":{"@id":"https:\/\/clinicacemeq.es\/dental\/2022\/09\/27\/todo-sobre-las-carillas-dentales-precio\/#primaryimage"},"thumbnailUrl":"https:\/\/clinicacemeq.es\/dental\/wp-content\/uploads\/2022\/09\/carillas-dentales-precio-2-1.png","articleSection":["Patolog\u00edas dentales"],"inLanguage":"es","potentialAction":[{"@type":"CommentAction","name":"Comment","target":["https:\/\/clinicacemeq.es\/dental\/2022\/09\/27\/todo-sobre-las-carillas-dentales-precio\/#respond"]}]},{"@type":"WebPage","@id":"https:\/\/clinicacemeq.es\/dental\/2022\/09\/27\/todo-sobre-las-carillas-dentales-precio\/","url":"https:\/\/clinicacemeq.es\/dental\/2022\/09\/27\/todo-sobre-las-carillas-dentales-precio\/","name":"Todo sobre las carillas dentales precio &#8902; Cl\u00ednica Dental CEMEQ","isPartOf":{"@id":"https:\/\/clinicacemeq.es\/dental\/#website"},"primaryImageOfPage":{"@id":"https:\/\/clinicacemeq.es\/dental\/2022\/09\/27\/todo-sobre-las-carillas-dentales-precio\/#primaryimage"},"image":{"@id":"https:\/\/clinicacemeq.es\/dental\/2022\/09\/27\/todo-sobre-las-carillas-dentales-precio\/#primaryimage"},"thumbnailUrl":"https:\/\/clinicacemeq.es\/dental\/wp-content\/uploads\/2022\/09\/carillas-dentales-precio-2-1.png","datePublished":"2022-09-27T13:03:49+00:00","dateModified":"2024-06-05T11:56:08+00:00","description":"Te contamos todo sobre las carillas dentales precio y porque CEMEQ te puede ayuda a recuperar tu sonrisa. Pide cita ya","breadcrumb":{"@id":"https:\/\/clinicacemeq.es\/dental\/2022\/09\/27\/todo-sobre-las-carillas-dentales-precio\/#breadcrumb"},"inLanguage":"es","potentialAction":[{"@type":"ReadAction","target":["https:\/\/clinicacemeq.es\/dental\/2022\/09\/27\/todo-sobre-las-carillas-dentales-precio\/"]}]},{"@type":"ImageObject","inLanguage":"es","@id":"https:\/\/clinicacemeq.es\/dental\/2022\/09\/27\/todo-sobre-las-carillas-dentales-precio\/#primaryimage","url":"https:\/\/clinicacemeq.es\/dental\/wp-content\/uploads\/2022\/09\/carillas-dentales-precio-2-1.png","contentUrl":"https:\/\/clinicacemeq.es\/dental\/wp-content\/uploads\/2022\/09\/carillas-dentales-precio-2-1.png","width":1000,"height":667,"caption":"El mejor carillas dentales precio de Valencia"},{"@type":"BreadcrumbList","@id":"https:\/\/clinicacemeq.es\/dental\/2022\/09\/27\/todo-sobre-las-carillas-dentales-precio\/#breadcrumb","itemListElement":[{"@type":"ListItem","position":1,"name":"Portada","item":"https:\/\/clinicacemeq.es\/dental\/"},{"@type":"ListItem","position":2,"name":"Todo sobre las carillas dentales precio"}]},{"@type":"WebSite","@id":"https:\/\/clinicacemeq.es\/dental\/#website","url":"https:\/\/clinicacemeq.es\/dental\/","name":"Cl\u00ednica Dental CEMEQ","description":"Cl\u00ednica Dental Valencia | Dentista Valencia","publisher":{"@id":"https:\/\/clinicacemeq.es\/dental\/#organization"},"potentialAction":[{"@type":"SearchAction","target":{"@type":"EntryPoint","urlTemplate":"https:\/\/clinicacemeq.es\/dental\/?s={search_term_string}"},"query-input":"required name=search_term_string"}],"inLanguage":"es"},{"@type":"Organization","@id":"https:\/\/clinicacemeq.es\/dental\/#organization","name":"CEMEQ","url":"https:\/\/clinicacemeq.es\/dental\/","logo":{"@type":"ImageObject","inLanguage":"es","@id":"https:\/\/clinicacemeq.es\/dental\/#\/schema\/logo\/image\/","url":"https:\/\/clinicacemeq.es\/dental\/wp-content\/uploads\/2021\/07\/LOGO-WEB-1024x631-1.jpeg","contentUrl":"https:\/\/clinicacemeq.es\/dental\/wp-content\/uploads\/2021\/07\/LOGO-WEB-1024x631-1.jpeg","width":1024,"height":631,"caption":"CEMEQ"},"image":{"@id":"https:\/\/clinicacemeq.es\/dental\/#\/schema\/logo\/image\/"}},{"@type":"Person","@id":"https:\/\/clinicacemeq.es\/dental\/#\/schema\/person\/c59ca45e0d40697222e3795fa6384c4d","name":"Federico Mahiques","image":{"@type":"ImageObject","inLanguage":"es","@id":"https:\/\/clinicacemeq.es\/dental\/#\/schema\/person\/image\/","url":"https:\/\/secure.gravatar.com\/avatar\/a16f1bf5b7e085c0937f91eaf260e1fc?s=96&d=mm&r=g","contentUrl":"https:\/\/secure.gravatar.com\/avatar\/a16f1bf5b7e085c0937f91eaf260e1fc?s=96&d=mm&r=g","caption":"Federico Mahiques"},"url":"https:\/\/clinicacemeq.es\/dental\/author\/marketing\/"}]}},"_links":{"self":[{"href":"https:\/\/clinicacemeq.es\/dental\/wp-json\/wp\/v2\/posts\/7873"}],"collection":[{"href":"https:\/\/clinicacemeq.es\/dental\/wp-json\/wp\/v2\/posts"}],"about":[{"href":"https:\/\/clinicacemeq.es\/dental\/wp-json\/wp\/v2\/types\/post"}],"author":[{"embeddable":true,"href":"https:\/\/clinicacemeq.es\/dental\/wp-json\/wp\/v2\/users\/6"}],"replies":[{"embeddable":true,"href":"https:\/\/clinicacemeq.es\/dental\/wp-json\/wp\/v2\/comments?post=7873"}],"version-history":[{"count":1,"href":"https:\/\/clinicacemeq.es\/dental\/wp-json\/wp\/v2\/posts\/7873\/revisions"}],"predecessor-version":[{"id":11763,"href":"https:\/\/clinicacemeq.es\/dental\/wp-json\/wp\/v2\/posts\/7873\/revisions\/11763"}],"wp:featuredmedia":[{"embeddable":true,"href":"https:\/\/clinicacemeq.es\/dental\/wp-json\/wp\/v2\/media\/7874"}],"wp:attachment":[{"href":"https:\/\/clinicacemeq.es\/dental\/wp-json\/wp\/v2\/media?parent=7873"}],"wp:term":[{"taxonomy":"category","embeddable":true,"href":"https:\/\/clinicacemeq.es\/dental\/wp-json\/wp\/v2\/categories?post=7873"},{"taxonomy":"post_tag","embeddable":true,"href":"https:\/\/clinicacemeq.es\/dental\/wp-json\/wp\/v2\/tags?post=7873"}],"curies":[{"name":"wp","href":"https:\/\/api.w.org\/{rel}","templated":true}]}}