{"id":7790,"date":"2022-09-23T09:50:17","date_gmt":"2022-09-23T09:50:17","guid":{"rendered":"https:\/\/clinicacemeq.es\/dental\/?p=7790"},"modified":"2024-06-05T11:56:08","modified_gmt":"2024-06-05T11:56:08","slug":"el-mejor-precio-carilla-dental","status":"publish","type":"post","link":"https:\/\/clinicacemeq.es\/dental\/2022\/09\/23\/el-mejor-precio-carilla-dental\/","title":{"rendered":"El mejor precio carilla dental"},"content":{"rendered":"\n\n<div class=\"kk-star-ratings kksr-auto kksr-align-left kksr-valign-top\"\n    data-payload='{&quot;align&quot;:&quot;left&quot;,&quot;id&quot;:&quot;7790&quot;,&quot;slug&quot;:&quot;default&quot;,&quot;valign&quot;:&quot;top&quot;,&quot;ignore&quot;:&quot;&quot;,&quot;reference&quot;:&quot;auto&quot;,&quot;class&quot;:&quot;&quot;,&quot;count&quot;:&quot;0&quot;,&quot;legendonly&quot;:&quot;&quot;,&quot;readonly&quot;:&quot;&quot;,&quot;score&quot;:&quot;0&quot;,&quot;starsonly&quot;:&quot;&quot;,&quot;best&quot;:&quot;5&quot;,&quot;gap&quot;:&quot;5&quot;,&quot;greet&quot;:&quot;Valora esta publicaci\u00f3n \ud83d\ude09&quot;,&quot;legend&quot;:&quot;0\\\/5 - (0 votos)&quot;,&quot;size&quot;:&quot;24&quot;,&quot;title&quot;:&quot;El mejor precio carilla dental&quot;,&quot;width&quot;:&quot;0&quot;,&quot;_legend&quot;:&quot;{score}\\\/{best} - ({count} {votes})&quot;,&quot;font_factor&quot;:&quot;1.25&quot;}'>\n            \n<div class=\"kksr-stars\">\n    \n<div class=\"kksr-stars-inactive\">\n            <div class=\"kksr-star\" data-star=\"1\" style=\"padding-right: 5px\">\n            \n\n<div class=\"kksr-icon\" style=\"width: 24px; height: 24px;\"><\/div>\n        <\/div>\n            <div class=\"kksr-star\" data-star=\"2\" style=\"padding-right: 5px\">\n            \n\n<div class=\"kksr-icon\" style=\"width: 24px; height: 24px;\"><\/div>\n        <\/div>\n            <div class=\"kksr-star\" data-star=\"3\" style=\"padding-right: 5px\">\n            \n\n<div class=\"kksr-icon\" style=\"width: 24px; height: 24px;\"><\/div>\n        <\/div>\n            <div class=\"kksr-star\" data-star=\"4\" style=\"padding-right: 5px\">\n            \n\n<div class=\"kksr-icon\" style=\"width: 24px; height: 24px;\"><\/div>\n        <\/div>\n            <div class=\"kksr-star\" data-star=\"5\" style=\"padding-right: 5px\">\n            \n\n<div class=\"kksr-icon\" style=\"width: 24px; height: 24px;\"><\/div>\n        <\/div>\n    <\/div>\n    \n<div class=\"kksr-stars-active\" style=\"width: 0px;\">\n            <div class=\"kksr-star\" style=\"padding-right: 5px\">\n            \n\n<div class=\"kksr-icon\" style=\"width: 24px; height: 24px;\"><\/div>\n        <\/div>\n            <div class=\"kksr-star\" style=\"padding-right: 5px\">\n            \n\n<div class=\"kksr-icon\" style=\"width: 24px; height: 24px;\"><\/div>\n        <\/div>\n            <div class=\"kksr-star\" style=\"padding-right: 5px\">\n            \n\n<div class=\"kksr-icon\" style=\"width: 24px; height: 24px;\"><\/div>\n        <\/div>\n            <div class=\"kksr-star\" style=\"padding-right: 5px\">\n            \n\n<div class=\"kksr-icon\" style=\"width: 24px; height: 24px;\"><\/div>\n        <\/div>\n            <div class=\"kksr-star\" style=\"padding-right: 5px\">\n            \n\n<div class=\"kksr-icon\" style=\"width: 24px; height: 24px;\"><\/div>\n        <\/div>\n    <\/div>\n<\/div>\n                \n\n<div class=\"kksr-legend\" style=\"font-size: 19.2px;\">\n            <span class=\"kksr-muted\">Valora esta publicaci\u00f3n \ud83d\ude09<\/span>\n    <\/div>\n    <\/div>\n<p><span style=\"font-weight: 400;\">Uno de nuestros<strong> tratamientos de est\u00e9tica dental<\/strong> m\u00e1s solicitados en los \u00faltimos meses en nuestra<a href=\"https:\/\/clinicacemeq.es\/dental\/2022\/06\/14\/carillas-dentales-en-valencia\/\"> <strong>cl\u00ednica dental en Valencia<\/strong>,<\/a> son las<strong> carillas dentales<\/strong>. Este tratamiento presenta grandes resultados en nuestros pacientes, sin embargo, una de las dudas m\u00e1s frecuentes es sobre el precio carilla dental. En el siguiente post os contaremos todo sobre las carillas dentales en Valencia y el tipo de carillas que existen. Para entender mejor el <strong>precio carilla dental<\/strong> de cada una de ellas. \u00a1Sigue leyendo!<\/span><\/p>\n<h2><span style=\"font-weight: 400;\">Carillas dentales en Valencia<\/span><\/h2>\n<p><span style=\"font-weight: 400;\">La <strong><a href=\"https:\/\/clinicacemeq.es\/dental\/2022\/06\/14\/carillas-dentales-en-valencia\/\">carillas dentales en Valencia<\/a> <\/strong>se trata de unas finas l\u00e1minas hechas de diversos materiales que se adhieren a la superficie de los dientes, modificando su forma, aspecto y mejorando de forma inmediata la sonrisa del paciente. Este <strong><a href=\"https:\/\/clinicacemeq.es\/dental\/2022\/06\/14\/carillas-dentales-en-valencia\/\">tratamiento<\/a><\/strong> presenta resultados de alta est\u00e9tica en nuestros pacientes.De hecho, es el<strong> tratamiento elegido antes que un blanqueamiento dental,<\/strong> sobre todo en pacientes con dientes muy amarillos o marrones a causa de factores como el uso de antibi\u00f3ticos, consumo de tabaco etc.<\/span><\/p>\n<h3><span style=\"font-weight: 400;\">Tipo de carillas dentales en Valencia<\/span><\/h3>\n<ul>\n<li style=\"font-weight: 400;\" aria-level=\"1\"><b>Carillas de composite:<\/b><span style=\"font-weight: 400;\"> hechas de una resina sint\u00e9tica que se pega directamente al diente. Posteriormente, el tallado es individual para cada diente, pero sin afectar a la pieza dental natural. Este tipo de carillas dentales en Valencia son la soluci\u00f3n m\u00e1s econ\u00f3mica y se realizan en una \u00fanica sesi\u00f3n.<\/span><\/li>\n<li style=\"font-weight: 400;\" aria-level=\"1\"><b>Carillas de porcelana: <\/b><span style=\"font-weight: 400;\">formadas por un material cer\u00e1mico fuerte y resistente. Recomendados cuando las imperfecciones en los dientes son m\u00e1s graves, pero es necesario realizar un raspado\u00a0 del esmalte o tallar los dientes para que la colocaci\u00f3n sea perfecta. Este tipo de carillas dentales en Valencia ofrecen un color m\u00e1s natural y mayor durabilidad.<\/span><\/li>\n<li style=\"font-weight: 400;\" aria-level=\"1\"><b>Carillas de zirconio<\/b><span style=\"font-weight: 400;\">: hechas de un material cer\u00e1mico muy resistente y altamente est\u00e9tico, de mayor grosor que el resto de carillas dentales en Valencia. Son recomendadas en caso de piezas dentales con pernos o componentes met\u00e1licos que no pueden ser retirados.<\/span><\/li>\n<li style=\"font-weight: 400;\" aria-level=\"1\"><b>Lumineers<\/b><span style=\"font-weight: 400;\">: carillas de porcelana ultrafinas con unos resultados altamente est\u00e9ticos.<\/span><\/li>\n<\/ul>\n<h2><span style=\"font-weight: 400;\">Ventajas de las carillas dentales en Valencia<\/span><\/h2>\n<ul>\n<li style=\"font-weight: 400;\" aria-level=\"1\"><b>Eficaces:<\/b><span style=\"font-weight: 400;\"> permiten disimular defectos en la colocaci\u00f3n o aspecto de dientes torcidos, desgastados o con imperfecciones.<\/span><\/li>\n<li style=\"font-weight: 400;\" aria-level=\"1\"><b>Resultados est\u00e9ticos<\/b><span style=\"font-weight: 400;\">: las carillas dentales son inapreciables incluso a distancias muy cortas.<\/span><\/li>\n<li style=\"font-weight: 400;\" aria-level=\"1\"><b>Respetuosas con el diente:<\/b><span style=\"font-weight: 400;\"> no exigen tallar, limar, siendo m\u00ednimas las alteraciones con el diente natural<\/span><\/li>\n<li style=\"font-weight: 400;\" aria-level=\"1\"><b>Tratamiento r\u00e1pido e indoloro: <\/b><span style=\"font-weight: 400;\">basta con dos visitas para disfrutar de una sonrisa completamente est\u00e9tica y renovada.<\/span><\/li>\n<li style=\"font-weight: 400;\" aria-level=\"1\"><b>Duraderas<\/b><span style=\"font-weight: 400;\">: seg\u00fan el material y el tipo de carril, pueden durar hasta 20 o 30 a\u00f1os.<\/span><\/li>\n<\/ul>\n<h2><span style=\"font-weight: 400;\">Precio carilla dental<\/span><\/h2>\n<p><span style=\"font-weight: 400;\">Existen muchas cl\u00ednicas dentales que ofrecen precios de<strong> tratamientos est\u00e9ticos dentales<\/strong> a precios muy econ\u00f3micos como son\u00a0 las <a href=\"https:\/\/clinicacemeq.es\/dental\/2022\/06\/14\/carillas-dentales-en-valencia\/\"><strong>carillas dentales en Valencia<\/strong>.<\/a> Sin embargo, esto puede esconder tratamientos inacabados o que finalmente su precio sea mucho mayor al inicial.\u00a0 Cuando buscamos informaci\u00f3n sobre el precio carilla dental debemos tener en cuenta\u00a0 los factores que determinan su precio.\u00a0<\/span><\/p>\n<p><span style=\"font-weight: 400;\">En nuestra<a href=\"https:\/\/clinicacemeq.es\/dental\/2022\/06\/14\/carillas-dentales-en-valencia\/\"><strong> cl\u00ednica dental en Valencia<\/strong> <\/a>sabemos que es imposible dar un presupuesto cerrado sin una primera valoraci\u00f3n. Si t\u00fa tambi\u00e9n quieres disponer de una sonrisa est\u00e9tica y bonita. <a href=\"https:\/\/clinicacemeq.es\/dental\/contacto\/\"><strong>Pide cita ya. Primera valoraci\u00f3n GRATUITA AQU\u00cd.<\/strong><\/a><\/span><\/p>\n<p><span style=\"font-weight: 400;\">Factores que determinan el <strong>precio carilla dental:<\/strong><\/span><\/p>\n<ul>\n<li style=\"font-weight: 400;\" aria-level=\"1\"><span style=\"font-weight: 400;\">El paciente: cada paciente es \u00fanico, por eso, es importante conocer el estado inicial de los dientes, pues, esto determinar\u00e1 el tipo de tratamiento y qu\u00e9 tipo de carillas dentales en Valencia<\/span><\/li>\n<li style=\"font-weight: 400;\" aria-level=\"1\"><span style=\"font-weight: 400;\">El material utilizado<\/span><\/li>\n<li style=\"font-weight: 400;\" aria-level=\"1\"><span style=\"font-weight: 400;\">El laboratorio<\/span><\/li>\n<li style=\"font-weight: 400;\" aria-level=\"1\"><span style=\"font-weight: 400;\">La experiencia del equipo m\u00e9dico<\/span><\/li>\n<\/ul>\n<h2><span style=\"font-weight: 400;\">El Mejor precio carilla dental en Valencia<\/span><\/h2>\n<p><span style=\"font-weight: 400;\">Disfruta de una sonrisa altamente est\u00e9tica, modificando su forma, color y tama\u00f1o con nuestros tratamientos de carillas dentales en Valencia. Nuestro <strong>precio carilla dental desde 119\u20ac .<\/strong> Tratamiento totalmente personalizado y financiaci\u00f3n a medida<strong>. <\/strong><\/span><strong><a href=\"https:\/\/clinicacemeq.es\/dental\/contacto\/\">Pide cita ya.<\/a><\/strong><\/p>\n<h3><span style=\"font-weight: 400;\">Con nuestro<strong> precio carilla dental<\/strong> podr\u00e1s corregir problemas como:<\/span><\/h3>\n<ul>\n<li style=\"font-weight: 400;\" aria-level=\"1\"><span style=\"font-weight: 400;\">Diastemas( espacios entre los dientes)<\/span><\/li>\n<li style=\"font-weight: 400;\" aria-level=\"1\"><span style=\"font-weight: 400;\">Mala posici\u00f3n de las piezas dentales<\/span><\/li>\n<li style=\"font-weight: 400;\" aria-level=\"1\"><span style=\"font-weight: 400;\">Imperfecciones en el esmalte o color del diente<\/span><\/li>\n<li style=\"font-weight: 400;\" aria-level=\"1\"><span style=\"font-weight: 400;\">Dientes manchados\u00a0<\/span><\/li>\n<\/ul>\n<p><span style=\"font-weight: 400;\">\u00bfSufres alguno de estos problemas dentales? \u00bfA qu\u00e9 est\u00e1s esperas? Disfruta de una sonrisa altamente est\u00e9tica con nuestros tratamientos<\/span><span style=\"font-weight: 400;\">\u00a0de <strong>carillas dentales en Valencia<\/strong>. <a href=\"https:\/\/clinicacemeq.es\/dental\/contacto\/\"><strong>Pide cita ya. Primera valoraci\u00f3n gratuita.<\/strong><\/a><\/span><\/p>\n","protected":false},"excerpt":{"rendered":"<p>Uno de nuestros tratamientos de est\u00e9tica dental m\u00e1s solicitados en los \u00faltimos meses en nuestra cl\u00ednica dental en Valencia, son las carillas dentales. Este tratamiento presenta grandes resultados en nuestros pacientes, sin embargo, una de las dudas m\u00e1s frecuentes es sobre el precio carilla dental. En el siguiente post os contaremos todo sobre las carillas [&#8230;]\n","protected":false},"author":6,"featured_media":7794,"comment_status":"closed","ping_status":"closed","sticky":false,"template":"","format":"standard","meta":{"footnotes":""},"categories":[1],"tags":[],"yoast_head":"<!-- This site is optimized with the Yoast SEO Premium plugin v18.3 (Yoast SEO v22.7) - https:\/\/yoast.com\/wordpress\/plugins\/seo\/ -->\n<title>El mejor precio carilla dental &#8902; Cl\u00ednica Dental CEMEQ<\/title>\n<meta name=\"description\" content=\"Si estas buscando el mejor precio carilla dental, Ven y con\u00f3cenos. Primera consulta gratuita. Pide cita ya.\" \/>\n<meta name=\"robots\" content=\"index, follow, max-snippet:-1, max-image-preview:large, max-video-preview:-1\" \/>\n<link rel=\"canonical\" href=\"https:\/\/clinicacemeq.es\/dental\/2022\/09\/23\/el-mejor-precio-carilla-dental\/\" \/>\n<meta property=\"og:locale\" content=\"es_ES\" \/>\n<meta property=\"og:type\" content=\"article\" \/>\n<meta property=\"og:title\" content=\"El mejor precio carilla dental\" \/>\n<meta property=\"og:description\" content=\"Si estas buscando el mejor precio carilla dental, Ven y con\u00f3cenos. Primera consulta gratuita. Pide cita ya.\" \/>\n<meta property=\"og:url\" content=\"https:\/\/clinicacemeq.es\/dental\/2022\/09\/23\/el-mejor-precio-carilla-dental\/\" \/>\n<meta property=\"og:site_name\" content=\"Cl\u00ednica Dental CEMEQ\" \/>\n<meta property=\"article:published_time\" content=\"2022-09-23T09:50:17+00:00\" \/>\n<meta property=\"article:modified_time\" content=\"2024-06-05T11:56:08+00:00\" \/>\n<meta property=\"og:image\" content=\"https:\/\/clinicacemeq.es\/dental\/wp-content\/uploads\/2022\/09\/carillas-dentales-en-CEMEQ-1.png\" \/>\n\t<meta property=\"og:image:width\" content=\"1000\" \/>\n\t<meta property=\"og:image:height\" content=\"667\" \/>\n\t<meta property=\"og:image:type\" content=\"image\/png\" \/>\n<meta name=\"author\" content=\"Federico Mahiques\" \/>\n<meta name=\"twitter:card\" content=\"summary_large_image\" \/>\n<meta name=\"twitter:label1\" content=\"Escrito por\" \/>\n\t<meta name=\"twitter:data1\" content=\"Federico Mahiques\" \/>\n\t<meta name=\"twitter:label2\" content=\"Tiempo de lectura\" \/>\n\t<meta name=\"twitter:data2\" content=\"4 minutos\" \/>\n<script type=\"application\/ld+json\" class=\"yoast-schema-graph\">{\"@context\":\"https:\/\/schema.org\",\"@graph\":[{\"@type\":\"Article\",\"@id\":\"https:\/\/clinicacemeq.es\/dental\/2022\/09\/23\/el-mejor-precio-carilla-dental\/#article\",\"isPartOf\":{\"@id\":\"https:\/\/clinicacemeq.es\/dental\/2022\/09\/23\/el-mejor-precio-carilla-dental\/\"},\"author\":{\"name\":\"Federico Mahiques\",\"@id\":\"https:\/\/clinicacemeq.es\/dental\/#\/schema\/person\/c59ca45e0d40697222e3795fa6384c4d\"},\"headline\":\"El mejor precio carilla dental\",\"datePublished\":\"2022-09-23T09:50:17+00:00\",\"dateModified\":\"2024-06-05T11:56:08+00:00\",\"mainEntityOfPage\":{\"@id\":\"https:\/\/clinicacemeq.es\/dental\/2022\/09\/23\/el-mejor-precio-carilla-dental\/\"},\"wordCount\":703,\"publisher\":{\"@id\":\"https:\/\/clinicacemeq.es\/dental\/#organization\"},\"image\":{\"@id\":\"https:\/\/clinicacemeq.es\/dental\/2022\/09\/23\/el-mejor-precio-carilla-dental\/#primaryimage\"},\"thumbnailUrl\":\"https:\/\/clinicacemeq.es\/dental\/wp-content\/uploads\/2022\/09\/carillas-dentales-en-CEMEQ-1.png\",\"articleSection\":[\"Patolog\u00edas dentales\"],\"inLanguage\":\"es\"},{\"@type\":\"WebPage\",\"@id\":\"https:\/\/clinicacemeq.es\/dental\/2022\/09\/23\/el-mejor-precio-carilla-dental\/\",\"url\":\"https:\/\/clinicacemeq.es\/dental\/2022\/09\/23\/el-mejor-precio-carilla-dental\/\",\"name\":\"El mejor precio carilla dental &#8902; Cl\u00ednica Dental CEMEQ\",\"isPartOf\":{\"@id\":\"https:\/\/clinicacemeq.es\/dental\/#website\"},\"primaryImageOfPage\":{\"@id\":\"https:\/\/clinicacemeq.es\/dental\/2022\/09\/23\/el-mejor-precio-carilla-dental\/#primaryimage\"},\"image\":{\"@id\":\"https:\/\/clinicacemeq.es\/dental\/2022\/09\/23\/el-mejor-precio-carilla-dental\/#primaryimage\"},\"thumbnailUrl\":\"https:\/\/clinicacemeq.es\/dental\/wp-content\/uploads\/2022\/09\/carillas-dentales-en-CEMEQ-1.png\",\"datePublished\":\"2022-09-23T09:50:17+00:00\",\"dateModified\":\"2024-06-05T11:56:08+00:00\",\"description\":\"Si estas buscando el mejor precio carilla dental, Ven y con\u00f3cenos. Primera consulta gratuita. Pide cita ya.\",\"breadcrumb\":{\"@id\":\"https:\/\/clinicacemeq.es\/dental\/2022\/09\/23\/el-mejor-precio-carilla-dental\/#breadcrumb\"},\"inLanguage\":\"es\",\"potentialAction\":[{\"@type\":\"ReadAction\",\"target\":[\"https:\/\/clinicacemeq.es\/dental\/2022\/09\/23\/el-mejor-precio-carilla-dental\/\"]}]},{\"@type\":\"ImageObject\",\"inLanguage\":\"es\",\"@id\":\"https:\/\/clinicacemeq.es\/dental\/2022\/09\/23\/el-mejor-precio-carilla-dental\/#primaryimage\",\"url\":\"https:\/\/clinicacemeq.es\/dental\/wp-content\/uploads\/2022\/09\/carillas-dentales-en-CEMEQ-1.png\",\"contentUrl\":\"https:\/\/clinicacemeq.es\/dental\/wp-content\/uploads\/2022\/09\/carillas-dentales-en-CEMEQ-1.png\",\"width\":1000,\"height\":667,\"caption\":\"el mejor precio carilla dental\"},{\"@type\":\"BreadcrumbList\",\"@id\":\"https:\/\/clinicacemeq.es\/dental\/2022\/09\/23\/el-mejor-precio-carilla-dental\/#breadcrumb\",\"itemListElement\":[{\"@type\":\"ListItem\",\"position\":1,\"name\":\"Portada\",\"item\":\"https:\/\/clinicacemeq.es\/dental\/\"},{\"@type\":\"ListItem\",\"position\":2,\"name\":\"El mejor precio carilla dental\"}]},{\"@type\":\"WebSite\",\"@id\":\"https:\/\/clinicacemeq.es\/dental\/#website\",\"url\":\"https:\/\/clinicacemeq.es\/dental\/\",\"name\":\"Cl\u00ednica Dental CEMEQ\",\"description\":\"Cl\u00ednica Dental Valencia | Dentista Valencia\",\"publisher\":{\"@id\":\"https:\/\/clinicacemeq.es\/dental\/#organization\"},\"potentialAction\":[{\"@type\":\"SearchAction\",\"target\":{\"@type\":\"EntryPoint\",\"urlTemplate\":\"https:\/\/clinicacemeq.es\/dental\/?s={search_term_string}\"},\"query-input\":\"required name=search_term_string\"}],\"inLanguage\":\"es\"},{\"@type\":\"Organization\",\"@id\":\"https:\/\/clinicacemeq.es\/dental\/#organization\",\"name\":\"CEMEQ\",\"url\":\"https:\/\/clinicacemeq.es\/dental\/\",\"logo\":{\"@type\":\"ImageObject\",\"inLanguage\":\"es\",\"@id\":\"https:\/\/clinicacemeq.es\/dental\/#\/schema\/logo\/image\/\",\"url\":\"https:\/\/clinicacemeq.es\/dental\/wp-content\/uploads\/2021\/07\/LOGO-WEB-1024x631-1.jpeg\",\"contentUrl\":\"https:\/\/clinicacemeq.es\/dental\/wp-content\/uploads\/2021\/07\/LOGO-WEB-1024x631-1.jpeg\",\"width\":1024,\"height\":631,\"caption\":\"CEMEQ\"},\"image\":{\"@id\":\"https:\/\/clinicacemeq.es\/dental\/#\/schema\/logo\/image\/\"}},{\"@type\":\"Person\",\"@id\":\"https:\/\/clinicacemeq.es\/dental\/#\/schema\/person\/c59ca45e0d40697222e3795fa6384c4d\",\"name\":\"Federico Mahiques\",\"image\":{\"@type\":\"ImageObject\",\"inLanguage\":\"es\",\"@id\":\"https:\/\/clinicacemeq.es\/dental\/#\/schema\/person\/image\/\",\"url\":\"https:\/\/secure.gravatar.com\/avatar\/a16f1bf5b7e085c0937f91eaf260e1fc?s=96&d=mm&r=g\",\"contentUrl\":\"https:\/\/secure.gravatar.com\/avatar\/a16f1bf5b7e085c0937f91eaf260e1fc?s=96&d=mm&r=g\",\"caption\":\"Federico Mahiques\"},\"url\":\"https:\/\/clinicacemeq.es\/dental\/author\/marketing\/\"}]}<\/script>\n<!-- \/ Yoast SEO Premium plugin. -->","yoast_head_json":{"title":"El mejor precio carilla dental &#8902; Cl\u00ednica Dental CEMEQ","description":"Si estas buscando el mejor precio carilla dental, Ven y con\u00f3cenos. Primera consulta gratuita. Pide cita ya.","robots":{"index":"index","follow":"follow","max-snippet":"max-snippet:-1","max-image-preview":"max-image-preview:large","max-video-preview":"max-video-preview:-1"},"canonical":"https:\/\/clinicacemeq.es\/dental\/2022\/09\/23\/el-mejor-precio-carilla-dental\/","og_locale":"es_ES","og_type":"article","og_title":"El mejor precio carilla dental","og_description":"Si estas buscando el mejor precio carilla dental, Ven y con\u00f3cenos. Primera consulta gratuita. Pide cita ya.","og_url":"https:\/\/clinicacemeq.es\/dental\/2022\/09\/23\/el-mejor-precio-carilla-dental\/","og_site_name":"Cl\u00ednica Dental CEMEQ","article_published_time":"2022-09-23T09:50:17+00:00","article_modified_time":"2024-06-05T11:56:08+00:00","og_image":[{"width":1000,"height":667,"url":"https:\/\/clinicacemeq.es\/dental\/wp-content\/uploads\/2022\/09\/carillas-dentales-en-CEMEQ-1.png","type":"image\/png"}],"author":"Federico Mahiques","twitter_card":"summary_large_image","twitter_misc":{"Escrito por":"Federico Mahiques","Tiempo de lectura":"4 minutos"},"schema":{"@context":"https:\/\/schema.org","@graph":[{"@type":"Article","@id":"https:\/\/clinicacemeq.es\/dental\/2022\/09\/23\/el-mejor-precio-carilla-dental\/#article","isPartOf":{"@id":"https:\/\/clinicacemeq.es\/dental\/2022\/09\/23\/el-mejor-precio-carilla-dental\/"},"author":{"name":"Federico Mahiques","@id":"https:\/\/clinicacemeq.es\/dental\/#\/schema\/person\/c59ca45e0d40697222e3795fa6384c4d"},"headline":"El mejor precio carilla dental","datePublished":"2022-09-23T09:50:17+00:00","dateModified":"2024-06-05T11:56:08+00:00","mainEntityOfPage":{"@id":"https:\/\/clinicacemeq.es\/dental\/2022\/09\/23\/el-mejor-precio-carilla-dental\/"},"wordCount":703,"publisher":{"@id":"https:\/\/clinicacemeq.es\/dental\/#organization"},"image":{"@id":"https:\/\/clinicacemeq.es\/dental\/2022\/09\/23\/el-mejor-precio-carilla-dental\/#primaryimage"},"thumbnailUrl":"https:\/\/clinicacemeq.es\/dental\/wp-content\/uploads\/2022\/09\/carillas-dentales-en-CEMEQ-1.png","articleSection":["Patolog\u00edas dentales"],"inLanguage":"es"},{"@type":"WebPage","@id":"https:\/\/clinicacemeq.es\/dental\/2022\/09\/23\/el-mejor-precio-carilla-dental\/","url":"https:\/\/clinicacemeq.es\/dental\/2022\/09\/23\/el-mejor-precio-carilla-dental\/","name":"El mejor precio carilla dental &#8902; Cl\u00ednica Dental CEMEQ","isPartOf":{"@id":"https:\/\/clinicacemeq.es\/dental\/#website"},"primaryImageOfPage":{"@id":"https:\/\/clinicacemeq.es\/dental\/2022\/09\/23\/el-mejor-precio-carilla-dental\/#primaryimage"},"image":{"@id":"https:\/\/clinicacemeq.es\/dental\/2022\/09\/23\/el-mejor-precio-carilla-dental\/#primaryimage"},"thumbnailUrl":"https:\/\/clinicacemeq.es\/dental\/wp-content\/uploads\/2022\/09\/carillas-dentales-en-CEMEQ-1.png","datePublished":"2022-09-23T09:50:17+00:00","dateModified":"2024-06-05T11:56:08+00:00","description":"Si estas buscando el mejor precio carilla dental, Ven y con\u00f3cenos. Primera consulta gratuita. Pide cita ya.","breadcrumb":{"@id":"https:\/\/clinicacemeq.es\/dental\/2022\/09\/23\/el-mejor-precio-carilla-dental\/#breadcrumb"},"inLanguage":"es","potentialAction":[{"@type":"ReadAction","target":["https:\/\/clinicacemeq.es\/dental\/2022\/09\/23\/el-mejor-precio-carilla-dental\/"]}]},{"@type":"ImageObject","inLanguage":"es","@id":"https:\/\/clinicacemeq.es\/dental\/2022\/09\/23\/el-mejor-precio-carilla-dental\/#primaryimage","url":"https:\/\/clinicacemeq.es\/dental\/wp-content\/uploads\/2022\/09\/carillas-dentales-en-CEMEQ-1.png","contentUrl":"https:\/\/clinicacemeq.es\/dental\/wp-content\/uploads\/2022\/09\/carillas-dentales-en-CEMEQ-1.png","width":1000,"height":667,"caption":"el mejor precio carilla dental"},{"@type":"BreadcrumbList","@id":"https:\/\/clinicacemeq.es\/dental\/2022\/09\/23\/el-mejor-precio-carilla-dental\/#breadcrumb","itemListElement":[{"@type":"ListItem","position":1,"name":"Portada","item":"https:\/\/clinicacemeq.es\/dental\/"},{"@type":"ListItem","position":2,"name":"El mejor precio carilla dental"}]},{"@type":"WebSite","@id":"https:\/\/clinicacemeq.es\/dental\/#website","url":"https:\/\/clinicacemeq.es\/dental\/","name":"Cl\u00ednica Dental CEMEQ","description":"Cl\u00ednica Dental Valencia | Dentista Valencia","publisher":{"@id":"https:\/\/clinicacemeq.es\/dental\/#organization"},"potentialAction":[{"@type":"SearchAction","target":{"@type":"EntryPoint","urlTemplate":"https:\/\/clinicacemeq.es\/dental\/?s={search_term_string}"},"query-input":"required name=search_term_string"}],"inLanguage":"es"},{"@type":"Organization","@id":"https:\/\/clinicacemeq.es\/dental\/#organization","name":"CEMEQ","url":"https:\/\/clinicacemeq.es\/dental\/","logo":{"@type":"ImageObject","inLanguage":"es","@id":"https:\/\/clinicacemeq.es\/dental\/#\/schema\/logo\/image\/","url":"https:\/\/clinicacemeq.es\/dental\/wp-content\/uploads\/2021\/07\/LOGO-WEB-1024x631-1.jpeg","contentUrl":"https:\/\/clinicacemeq.es\/dental\/wp-content\/uploads\/2021\/07\/LOGO-WEB-1024x631-1.jpeg","width":1024,"height":631,"caption":"CEMEQ"},"image":{"@id":"https:\/\/clinicacemeq.es\/dental\/#\/schema\/logo\/image\/"}},{"@type":"Person","@id":"https:\/\/clinicacemeq.es\/dental\/#\/schema\/person\/c59ca45e0d40697222e3795fa6384c4d","name":"Federico Mahiques","image":{"@type":"ImageObject","inLanguage":"es","@id":"https:\/\/clinicacemeq.es\/dental\/#\/schema\/person\/image\/","url":"https:\/\/secure.gravatar.com\/avatar\/a16f1bf5b7e085c0937f91eaf260e1fc?s=96&d=mm&r=g","contentUrl":"https:\/\/secure.gravatar.com\/avatar\/a16f1bf5b7e085c0937f91eaf260e1fc?s=96&d=mm&r=g","caption":"Federico Mahiques"},"url":"https:\/\/clinicacemeq.es\/dental\/author\/marketing\/"}]}},"_links":{"self":[{"href":"https:\/\/clinicacemeq.es\/dental\/wp-json\/wp\/v2\/posts\/7790"}],"collection":[{"href":"https:\/\/clinicacemeq.es\/dental\/wp-json\/wp\/v2\/posts"}],"about":[{"href":"https:\/\/clinicacemeq.es\/dental\/wp-json\/wp\/v2\/types\/post"}],"author":[{"embeddable":true,"href":"https:\/\/clinicacemeq.es\/dental\/wp-json\/wp\/v2\/users\/6"}],"replies":[{"embeddable":true,"href":"https:\/\/clinicacemeq.es\/dental\/wp-json\/wp\/v2\/comments?post=7790"}],"version-history":[{"count":1,"href":"https:\/\/clinicacemeq.es\/dental\/wp-json\/wp\/v2\/posts\/7790\/revisions"}],"predecessor-version":[{"id":11764,"href":"https:\/\/clinicacemeq.es\/dental\/wp-json\/wp\/v2\/posts\/7790\/revisions\/11764"}],"wp:featuredmedia":[{"embeddable":true,"href":"https:\/\/clinicacemeq.es\/dental\/wp-json\/wp\/v2\/media\/7794"}],"wp:attachment":[{"href":"https:\/\/clinicacemeq.es\/dental\/wp-json\/wp\/v2\/media?parent=7790"}],"wp:term":[{"taxonomy":"category","embeddable":true,"href":"https:\/\/clinicacemeq.es\/dental\/wp-json\/wp\/v2\/categories?post=7790"},{"taxonomy":"post_tag","embeddable":true,"href":"https:\/\/clinicacemeq.es\/dental\/wp-json\/wp\/v2\/tags?post=7790"}],"curies":[{"name":"wp","href":"https:\/\/api.w.org\/{rel}","templated":true}]}}