{"id":6931,"date":"2022-09-02T11:34:49","date_gmt":"2022-09-02T11:34:49","guid":{"rendered":"https:\/\/clinicacemeq.es\/dental\/?p=6931"},"modified":"2024-09-09T11:22:55","modified_gmt":"2024-09-09T11:22:55","slug":"ortodoncista-valencia","status":"publish","type":"post","link":"https:\/\/clinicacemeq.es\/dental\/2022\/09\/02\/ortodoncista-valencia\/","title":{"rendered":"Ortodoncista en Valencia"},"content":{"rendered":"\n\n<div class=\"kk-star-ratings kksr-auto kksr-align-left kksr-valign-top\"\n    data-payload='{&quot;align&quot;:&quot;left&quot;,&quot;id&quot;:&quot;6931&quot;,&quot;slug&quot;:&quot;default&quot;,&quot;valign&quot;:&quot;top&quot;,&quot;ignore&quot;:&quot;&quot;,&quot;reference&quot;:&quot;auto&quot;,&quot;class&quot;:&quot;&quot;,&quot;count&quot;:&quot;0&quot;,&quot;legendonly&quot;:&quot;&quot;,&quot;readonly&quot;:&quot;&quot;,&quot;score&quot;:&quot;0&quot;,&quot;starsonly&quot;:&quot;&quot;,&quot;best&quot;:&quot;5&quot;,&quot;gap&quot;:&quot;5&quot;,&quot;greet&quot;:&quot;Valora esta publicaci\u00f3n \ud83d\ude09&quot;,&quot;legend&quot;:&quot;0\\\/5 - (0 votos)&quot;,&quot;size&quot;:&quot;24&quot;,&quot;title&quot;:&quot;Ortodoncista en Valencia&quot;,&quot;width&quot;:&quot;0&quot;,&quot;_legend&quot;:&quot;{score}\\\/{best} - ({count} {votes})&quot;,&quot;font_factor&quot;:&quot;1.25&quot;}'>\n            \n<div class=\"kksr-stars\">\n    \n<div class=\"kksr-stars-inactive\">\n            <div class=\"kksr-star\" data-star=\"1\" style=\"padding-right: 5px\">\n            \n\n<div class=\"kksr-icon\" style=\"width: 24px; height: 24px;\"><\/div>\n        <\/div>\n            <div class=\"kksr-star\" data-star=\"2\" style=\"padding-right: 5px\">\n            \n\n<div class=\"kksr-icon\" style=\"width: 24px; height: 24px;\"><\/div>\n        <\/div>\n            <div class=\"kksr-star\" data-star=\"3\" style=\"padding-right: 5px\">\n            \n\n<div class=\"kksr-icon\" style=\"width: 24px; height: 24px;\"><\/div>\n        <\/div>\n            <div class=\"kksr-star\" data-star=\"4\" style=\"padding-right: 5px\">\n            \n\n<div class=\"kksr-icon\" style=\"width: 24px; height: 24px;\"><\/div>\n        <\/div>\n            <div class=\"kksr-star\" data-star=\"5\" style=\"padding-right: 5px\">\n            \n\n<div class=\"kksr-icon\" style=\"width: 24px; height: 24px;\"><\/div>\n        <\/div>\n    <\/div>\n    \n<div class=\"kksr-stars-active\" style=\"width: 0px;\">\n            <div class=\"kksr-star\" style=\"padding-right: 5px\">\n            \n\n<div class=\"kksr-icon\" style=\"width: 24px; height: 24px;\"><\/div>\n        <\/div>\n            <div class=\"kksr-star\" style=\"padding-right: 5px\">\n            \n\n<div class=\"kksr-icon\" style=\"width: 24px; height: 24px;\"><\/div>\n        <\/div>\n            <div class=\"kksr-star\" style=\"padding-right: 5px\">\n            \n\n<div class=\"kksr-icon\" style=\"width: 24px; height: 24px;\"><\/div>\n        <\/div>\n            <div class=\"kksr-star\" style=\"padding-right: 5px\">\n            \n\n<div class=\"kksr-icon\" style=\"width: 24px; height: 24px;\"><\/div>\n        <\/div>\n            <div class=\"kksr-star\" style=\"padding-right: 5px\">\n            \n\n<div class=\"kksr-icon\" style=\"width: 24px; height: 24px;\"><\/div>\n        <\/div>\n    <\/div>\n<\/div>\n                \n\n<div class=\"kksr-legend\" style=\"font-size: 19.2px;\">\n            <span class=\"kksr-muted\">Valora esta publicaci\u00f3n \ud83d\ude09<\/span>\n    <\/div>\n    <\/div>\n<p>\u00a0<\/p>\n<p><span style=\"font-weight: 400;\">\u00bfEst\u00e1s buscando<strong> ortodoncista en Valencia<\/strong><a href=\"https:\/\/clinicacemeq.es\/dental\/ortodoncia-invisible\/\">?<\/a>\u00a0 El ortodoncista es el profesional encargado de corregir el mal posicionamiento de nuestros dientes, as\u00ed como el desarrollo del hueso maxilar. En el siguiente post hablaremos de la importancia de contar con un buen ortodoncista en Valencia \u00a1Sigue leyendo!.<\/span><\/p>\n<h2><span style=\"font-weight: 400;\">\u00bfQu\u00e9 problemas soluciona un ortodoncista en Valencia?<\/span><\/h2>\n<p><span style=\"font-weight: 400;\">Los problemas m\u00e1s comunes que suelen solucionar son la mordida abierta, mordida cruzada, api\u00f1amiento, sobre mordida etc\u00a0<\/span><\/p>\n<p><span style=\"font-weight: 400;\">Adem\u00e1s, el <strong>ortodoncista en Valencia<\/strong> tambi\u00e9n es el especialista que encuentra los defectos que conlleva no realizar una correcta higiene bucal. As\u00ed pues, se podr\u00eda decir que este especialista se encarga principalmente de restablecer la est\u00e9tica dental y la funcionalidad.<\/span><\/p>\n<h2><span style=\"font-weight: 400;\">\u00bfEst\u00e1s buscando un ortodoncista en Valencia?<\/span><\/h2>\n<p><span style=\"font-weight: 400;\">En nuestra <strong>cl\u00ednica dental en Valencia<\/strong> capital disponemos de los mejores especialistas en odontolog\u00eda, con experiencia demostrada en este campo.<\/span><\/p>\n<p><span style=\"font-weight: 400;\">La primera visita es gratuita, en ella, nuestros ortodoncistas realizan una revisi\u00f3n completa, con pruebas diagn\u00f3sticas y un estudio 3D\u00a0 para determinar qu\u00e9 tratamiento es el que mejor se adapta a las necesidades del paciente.<\/span><\/p>\n<p><span style=\"font-weight: 400;\">Nuestros especialistas dise\u00f1an tu sonrisa utilizando t\u00e9cnicas de odontolog\u00eda avanzada. Est\u00e1n especializados en ortodoncia y est\u00e9tica dental.<\/span><\/p>\n<h2><span style=\"font-weight: 400;\">Tipos de <\/span><span style=\"font-weight: 400;\">ortodoncia: Brackets invisibles\u00a0<\/span><\/h2>\n<p><span style=\"font-weight: 400;\">Uno de nuestros tratamientos de ortodoncia m\u00e1s demandados son los<a href=\"https:\/\/clinicacemeq.es\/dental\/ortodoncia-invisible\/\"><strong> brackets invisibles.<\/strong><\/a> Este tipo de brackets son est\u00e9ticos y c\u00f3modos. Su objetivo es alinear los dientes y conseguir\u00a0 una sonrisa perfecta.<\/span><\/p>\n<p><span style=\"font-weight: 400;\">Nuestros tratamientos de brackets invisibles<\/span><\/p>\n<ul>\n<li style=\"font-weight: 400;\" aria-level=\"1\"><span style=\"font-weight: 400;\">Invisalign express, de corta duraci\u00f3n y bajo coste recomendado cuando el desplazamiento dental es peque\u00f1o<\/span><\/li>\n<li style=\"font-weight: 400;\" aria-level=\"1\"><span style=\"font-weight: 400;\">Invisalign Lite, permite corregir dientes ligeramente torcidos o api\u00f1ados en 6-8 meses<\/span><\/li>\n<li style=\"font-weight: 400;\" aria-level=\"1\"><span style=\"font-weight: 400;\">Invisalign comprensive, indicado para problemas m\u00e1s complejos y que permite corregir cualquier tipo de <\/span><span style=\"font-weight: 400;\">maloclusi\u00f3n<\/span><\/li>\n<li style=\"font-weight: 400;\" aria-level=\"1\"><span style=\"font-weight: 400;\">Invisalign First, indicado para ni\u00f1os a partir de 9 a\u00f1os\u00a0<\/span><\/li>\n<li style=\"font-weight: 400;\" aria-level=\"1\"><span style=\"font-weight: 400;\">\u00a0Invisalign Teen, pensado para adolescentes<\/span><\/li>\n<\/ul>\n<h3><span style=\"font-weight: 400;\"><img loading=\"lazy\" decoding=\"async\" class=\"wp-image-6933 aligncenter\" src=\"https:\/\/clinicacemeq.es\/dental\/wp-content\/uploads\/2022\/09\/ortodoncistas-valencia-1-300x169.png\" alt=\"brackets-invisibles\" width=\"392\" height=\"221\" srcset=\"https:\/\/clinicacemeq.es\/dental\/wp-content\/uploads\/2022\/09\/ortodoncistas-valencia-1-300x169.png 300w, https:\/\/clinicacemeq.es\/dental\/wp-content\/uploads\/2022\/09\/ortodoncistas-valencia-1-768x432.png 768w, https:\/\/clinicacemeq.es\/dental\/wp-content\/uploads\/2022\/09\/ortodoncistas-valencia-1.png 1000w\" sizes=\"(max-width: 392px) 100vw, 392px\" \/><\/span><\/h3>\n<p>\u00a0<\/p>\n<h4>Quiz\u00e1 te interese tambi\u00e9n: <a href=\"https:\/\/clinicacemeq.es\/dental\/2022\/03\/08\/ventajas-ortodoncia-invisible\/\">Ventajas de la Ortodoncia Invisible<\/a><\/h4>\n<h2><span style=\"font-weight: 400;\">Ventajas de los brackets invisibles<\/span><\/h2>\n<p><span style=\"font-weight: 400;\">Nuestra ortodoncista en Valencia nos cuenta las ventajas de usar brackets invisibles:<\/span><\/p>\n<ul>\n<li aria-level=\"1\"><b>Comodidad: <\/b><span style=\"font-weight: 400;\">al no contar con elementos met\u00e1licos, elimina la posibilidad de sufrir rozaduras y llagas\u00a0<\/span><\/li>\n<\/ul>\n<ul>\n<li style=\"font-weight: 400;\" aria-level=\"1\"><b>Higiene: <\/b><span style=\"font-weight: 400;\">\u00a0como los brackets invisibles se deben quitar para comer y cepillarse los dientes facilita que el paciente lleve una correcta higiene dental\u00a0<\/span><\/li>\n<li style=\"font-weight: 400;\" aria-level=\"1\"><b>Est\u00e9tica:<\/b><span style=\"font-weight: 400;\"> Una de las razones principales por la que muchos pacientes optan por los brackets invisibles es la est\u00e9tica. La mayor\u00eda de pacientes buscan mejorar su sonrisa sin afectar a su imagen.\u00a0<\/span><\/li>\n<\/ul>\n<p><a href=\"https:\/\/clinicacemeq.es\/dental\/ortodoncia-lp\/\" target=\"_blank\" rel=\"noopener\"><img loading=\"lazy\" decoding=\"async\" class=\"alignnone wp-image-11368 size-full\" src=\"https:\/\/clinicacemeq.es\/dental\/wp-content\/uploads\/2023\/02\/d-interesado-ortodoncia-pie.jpeg\" alt=\"Ortodoncia\" width=\"663\" height=\"199\" \/><\/a><\/p>\n<h2><span style=\"font-weight: 400;\">Conoce a nuestra Ortodoncista en Valencia<\/span><\/h2>\n<p><span style=\"font-weight: 400;\">\u00bfQuieres conseguir una sonrisa perfecta? Nuestra ortodoncista en Valencia te ayudar\u00e1 a conseguirlo. En nuestra<\/span><strong><a href=\"https:\/\/clinicacemeq.es\/dental\/\"> cl\u00ednica dental en Valencia capital,<\/a> <\/strong><span style=\"font-weight: 400;\">te ofrecemos un tratamiento 100% personalizado acompa\u00f1ado de los mejores especialistas en Ortodoncia Valencia. Adem\u00e1s ponemos a disposici\u00f3n de nuestros pacientes un servicio de financiaci\u00f3n que se adapta a todo tipo de necesidades econ\u00f3micas. De esta manera podr\u00e1s optar al tratamiento que necesitas sin tener que preocuparte por nada. \u00a1No lo dudes! <\/span><a href=\"https:\/\/clinicacemeq.es\/dental\/contacto\/\"><span style=\"font-weight: 400;\">\u00a0<\/span><span style=\"font-weight: 400;\"><strong>Pide cita ya. Primera consulta<\/strong> gratuita<\/span><\/a><span style=\"font-weight: 400;\">\u00a0 y te realizaremos un estudio personalizado de tu caso.<\/span><\/p>\n<p><span style=\"font-weight: 400;\">\u00a0<\/span><\/p>\n","protected":false},"excerpt":{"rendered":"<p>\u00a0 \u00bfEst\u00e1s buscando ortodoncista en Valencia?\u00a0 El ortodoncista es el profesional encargado de corregir el mal posicionamiento de nuestros dientes, as\u00ed como el desarrollo del hueso maxilar. En el siguiente post hablaremos de la importancia de contar con un buen ortodoncista en Valencia \u00a1Sigue leyendo!. \u00bfQu\u00e9 problemas soluciona un ortodoncista en Valencia? Los problemas m\u00e1s [&#8230;]\n","protected":false},"author":6,"featured_media":6932,"comment_status":"open","ping_status":"open","sticky":false,"template":"","format":"standard","meta":{"footnotes":""},"categories":[1],"tags":[],"yoast_head":"<!-- This site is optimized with the Yoast SEO Premium plugin v18.3 (Yoast SEO v22.7) - https:\/\/yoast.com\/wordpress\/plugins\/seo\/ -->\n<title>Ortodoncista en Valencia &#8902; Cl\u00ednica Dental CEMEQ<\/title>\n<meta name=\"description\" content=\"\u00bfBuscas una ortodoncista en Valencia? En CEMEQ contamos con los mejores ortodoncistas, expertos en ortodoncia invisible y tradicional \u00a1Inf\u00f3rmate!\" \/>\n<meta name=\"robots\" content=\"index, follow, max-snippet:-1, max-image-preview:large, max-video-preview:-1\" \/>\n<link rel=\"canonical\" href=\"https:\/\/clinicacemeq.es\/dental\/2022\/09\/02\/ortodoncista-valencia\/\" \/>\n<meta property=\"og:locale\" content=\"es_ES\" \/>\n<meta property=\"og:type\" content=\"article\" \/>\n<meta property=\"og:title\" content=\"Ortodoncista en Valencia\" \/>\n<meta property=\"og:description\" content=\"\u00bfBuscas una ortodoncista en Valencia? En CEMEQ contamos con los mejores ortodoncistas, expertos en ortodoncia invisible y tradicional \u00a1Inf\u00f3rmate!\" \/>\n<meta property=\"og:url\" content=\"https:\/\/clinicacemeq.es\/dental\/2022\/09\/02\/ortodoncista-valencia\/\" \/>\n<meta property=\"og:site_name\" content=\"Cl\u00ednica Dental CEMEQ\" \/>\n<meta property=\"article:published_time\" content=\"2022-09-02T11:34:49+00:00\" \/>\n<meta property=\"article:modified_time\" content=\"2024-09-09T11:22:55+00:00\" \/>\n<meta property=\"og:image\" content=\"https:\/\/clinicacemeq.es\/dental\/wp-content\/uploads\/2022\/09\/ortodoncista-valencia-1.png\" \/>\n\t<meta property=\"og:image:width\" content=\"1000\" \/>\n\t<meta property=\"og:image:height\" content=\"667\" \/>\n\t<meta property=\"og:image:type\" content=\"image\/png\" \/>\n<meta name=\"author\" content=\"Federico Mahiques\" \/>\n<meta name=\"twitter:card\" content=\"summary_large_image\" \/>\n<meta name=\"twitter:label1\" content=\"Escrito por\" \/>\n\t<meta name=\"twitter:data1\" content=\"Federico Mahiques\" \/>\n\t<meta name=\"twitter:label2\" content=\"Tiempo de lectura\" \/>\n\t<meta name=\"twitter:data2\" content=\"3 minutos\" \/>\n<script type=\"application\/ld+json\" class=\"yoast-schema-graph\">{\"@context\":\"https:\/\/schema.org\",\"@graph\":[{\"@type\":\"Article\",\"@id\":\"https:\/\/clinicacemeq.es\/dental\/2022\/09\/02\/ortodoncista-valencia\/#article\",\"isPartOf\":{\"@id\":\"https:\/\/clinicacemeq.es\/dental\/2022\/09\/02\/ortodoncista-valencia\/\"},\"author\":{\"name\":\"Federico Mahiques\",\"@id\":\"https:\/\/clinicacemeq.es\/dental\/#\/schema\/person\/c59ca45e0d40697222e3795fa6384c4d\"},\"headline\":\"Ortodoncista en Valencia\",\"datePublished\":\"2022-09-02T11:34:49+00:00\",\"dateModified\":\"2024-09-09T11:22:55+00:00\",\"mainEntityOfPage\":{\"@id\":\"https:\/\/clinicacemeq.es\/dental\/2022\/09\/02\/ortodoncista-valencia\/\"},\"wordCount\":513,\"commentCount\":0,\"publisher\":{\"@id\":\"https:\/\/clinicacemeq.es\/dental\/#organization\"},\"image\":{\"@id\":\"https:\/\/clinicacemeq.es\/dental\/2022\/09\/02\/ortodoncista-valencia\/#primaryimage\"},\"thumbnailUrl\":\"https:\/\/clinicacemeq.es\/dental\/wp-content\/uploads\/2022\/09\/ortodoncista-valencia-1.png\",\"articleSection\":[\"Patolog\u00edas dentales\"],\"inLanguage\":\"es\",\"potentialAction\":[{\"@type\":\"CommentAction\",\"name\":\"Comment\",\"target\":[\"https:\/\/clinicacemeq.es\/dental\/2022\/09\/02\/ortodoncista-valencia\/#respond\"]}]},{\"@type\":\"WebPage\",\"@id\":\"https:\/\/clinicacemeq.es\/dental\/2022\/09\/02\/ortodoncista-valencia\/\",\"url\":\"https:\/\/clinicacemeq.es\/dental\/2022\/09\/02\/ortodoncista-valencia\/\",\"name\":\"Ortodoncista en Valencia &#8902; Cl\u00ednica Dental CEMEQ\",\"isPartOf\":{\"@id\":\"https:\/\/clinicacemeq.es\/dental\/#website\"},\"primaryImageOfPage\":{\"@id\":\"https:\/\/clinicacemeq.es\/dental\/2022\/09\/02\/ortodoncista-valencia\/#primaryimage\"},\"image\":{\"@id\":\"https:\/\/clinicacemeq.es\/dental\/2022\/09\/02\/ortodoncista-valencia\/#primaryimage\"},\"thumbnailUrl\":\"https:\/\/clinicacemeq.es\/dental\/wp-content\/uploads\/2022\/09\/ortodoncista-valencia-1.png\",\"datePublished\":\"2022-09-02T11:34:49+00:00\",\"dateModified\":\"2024-09-09T11:22:55+00:00\",\"description\":\"\u00bfBuscas una ortodoncista en Valencia? En CEMEQ contamos con los mejores ortodoncistas, expertos en ortodoncia invisible y tradicional \u00a1Inf\u00f3rmate!\",\"breadcrumb\":{\"@id\":\"https:\/\/clinicacemeq.es\/dental\/2022\/09\/02\/ortodoncista-valencia\/#breadcrumb\"},\"inLanguage\":\"es\",\"potentialAction\":[{\"@type\":\"ReadAction\",\"target\":[\"https:\/\/clinicacemeq.es\/dental\/2022\/09\/02\/ortodoncista-valencia\/\"]}]},{\"@type\":\"ImageObject\",\"inLanguage\":\"es\",\"@id\":\"https:\/\/clinicacemeq.es\/dental\/2022\/09\/02\/ortodoncista-valencia\/#primaryimage\",\"url\":\"https:\/\/clinicacemeq.es\/dental\/wp-content\/uploads\/2022\/09\/ortodoncista-valencia-1.png\",\"contentUrl\":\"https:\/\/clinicacemeq.es\/dental\/wp-content\/uploads\/2022\/09\/ortodoncista-valencia-1.png\",\"width\":1000,\"height\":667,\"caption\":\"Ortodoncista-valencia\"},{\"@type\":\"BreadcrumbList\",\"@id\":\"https:\/\/clinicacemeq.es\/dental\/2022\/09\/02\/ortodoncista-valencia\/#breadcrumb\",\"itemListElement\":[{\"@type\":\"ListItem\",\"position\":1,\"name\":\"Portada\",\"item\":\"https:\/\/clinicacemeq.es\/dental\/\"},{\"@type\":\"ListItem\",\"position\":2,\"name\":\"Ortodoncista en Valencia\"}]},{\"@type\":\"WebSite\",\"@id\":\"https:\/\/clinicacemeq.es\/dental\/#website\",\"url\":\"https:\/\/clinicacemeq.es\/dental\/\",\"name\":\"Cl\u00ednica Dental CEMEQ\",\"description\":\"Cl\u00ednica Dental Valencia | Dentista Valencia\",\"publisher\":{\"@id\":\"https:\/\/clinicacemeq.es\/dental\/#organization\"},\"potentialAction\":[{\"@type\":\"SearchAction\",\"target\":{\"@type\":\"EntryPoint\",\"urlTemplate\":\"https:\/\/clinicacemeq.es\/dental\/?s={search_term_string}\"},\"query-input\":\"required name=search_term_string\"}],\"inLanguage\":\"es\"},{\"@type\":\"Organization\",\"@id\":\"https:\/\/clinicacemeq.es\/dental\/#organization\",\"name\":\"CEMEQ\",\"url\":\"https:\/\/clinicacemeq.es\/dental\/\",\"logo\":{\"@type\":\"ImageObject\",\"inLanguage\":\"es\",\"@id\":\"https:\/\/clinicacemeq.es\/dental\/#\/schema\/logo\/image\/\",\"url\":\"https:\/\/clinicacemeq.es\/dental\/wp-content\/uploads\/2021\/07\/LOGO-WEB-1024x631-1.jpeg\",\"contentUrl\":\"https:\/\/clinicacemeq.es\/dental\/wp-content\/uploads\/2021\/07\/LOGO-WEB-1024x631-1.jpeg\",\"width\":1024,\"height\":631,\"caption\":\"CEMEQ\"},\"image\":{\"@id\":\"https:\/\/clinicacemeq.es\/dental\/#\/schema\/logo\/image\/\"}},{\"@type\":\"Person\",\"@id\":\"https:\/\/clinicacemeq.es\/dental\/#\/schema\/person\/c59ca45e0d40697222e3795fa6384c4d\",\"name\":\"Federico Mahiques\",\"image\":{\"@type\":\"ImageObject\",\"inLanguage\":\"es\",\"@id\":\"https:\/\/clinicacemeq.es\/dental\/#\/schema\/person\/image\/\",\"url\":\"https:\/\/secure.gravatar.com\/avatar\/a16f1bf5b7e085c0937f91eaf260e1fc?s=96&d=mm&r=g\",\"contentUrl\":\"https:\/\/secure.gravatar.com\/avatar\/a16f1bf5b7e085c0937f91eaf260e1fc?s=96&d=mm&r=g\",\"caption\":\"Federico Mahiques\"},\"url\":\"https:\/\/clinicacemeq.es\/dental\/author\/marketing\/\"}]}<\/script>\n<!-- \/ Yoast SEO Premium plugin. -->","yoast_head_json":{"title":"Ortodoncista en Valencia &#8902; Cl\u00ednica Dental CEMEQ","description":"\u00bfBuscas una ortodoncista en Valencia? En CEMEQ contamos con los mejores ortodoncistas, expertos en ortodoncia invisible y tradicional \u00a1Inf\u00f3rmate!","robots":{"index":"index","follow":"follow","max-snippet":"max-snippet:-1","max-image-preview":"max-image-preview:large","max-video-preview":"max-video-preview:-1"},"canonical":"https:\/\/clinicacemeq.es\/dental\/2022\/09\/02\/ortodoncista-valencia\/","og_locale":"es_ES","og_type":"article","og_title":"Ortodoncista en Valencia","og_description":"\u00bfBuscas una ortodoncista en Valencia? En CEMEQ contamos con los mejores ortodoncistas, expertos en ortodoncia invisible y tradicional \u00a1Inf\u00f3rmate!","og_url":"https:\/\/clinicacemeq.es\/dental\/2022\/09\/02\/ortodoncista-valencia\/","og_site_name":"Cl\u00ednica Dental CEMEQ","article_published_time":"2022-09-02T11:34:49+00:00","article_modified_time":"2024-09-09T11:22:55+00:00","og_image":[{"width":1000,"height":667,"url":"https:\/\/clinicacemeq.es\/dental\/wp-content\/uploads\/2022\/09\/ortodoncista-valencia-1.png","type":"image\/png"}],"author":"Federico Mahiques","twitter_card":"summary_large_image","twitter_misc":{"Escrito por":"Federico Mahiques","Tiempo de lectura":"3 minutos"},"schema":{"@context":"https:\/\/schema.org","@graph":[{"@type":"Article","@id":"https:\/\/clinicacemeq.es\/dental\/2022\/09\/02\/ortodoncista-valencia\/#article","isPartOf":{"@id":"https:\/\/clinicacemeq.es\/dental\/2022\/09\/02\/ortodoncista-valencia\/"},"author":{"name":"Federico Mahiques","@id":"https:\/\/clinicacemeq.es\/dental\/#\/schema\/person\/c59ca45e0d40697222e3795fa6384c4d"},"headline":"Ortodoncista en Valencia","datePublished":"2022-09-02T11:34:49+00:00","dateModified":"2024-09-09T11:22:55+00:00","mainEntityOfPage":{"@id":"https:\/\/clinicacemeq.es\/dental\/2022\/09\/02\/ortodoncista-valencia\/"},"wordCount":513,"commentCount":0,"publisher":{"@id":"https:\/\/clinicacemeq.es\/dental\/#organization"},"image":{"@id":"https:\/\/clinicacemeq.es\/dental\/2022\/09\/02\/ortodoncista-valencia\/#primaryimage"},"thumbnailUrl":"https:\/\/clinicacemeq.es\/dental\/wp-content\/uploads\/2022\/09\/ortodoncista-valencia-1.png","articleSection":["Patolog\u00edas dentales"],"inLanguage":"es","potentialAction":[{"@type":"CommentAction","name":"Comment","target":["https:\/\/clinicacemeq.es\/dental\/2022\/09\/02\/ortodoncista-valencia\/#respond"]}]},{"@type":"WebPage","@id":"https:\/\/clinicacemeq.es\/dental\/2022\/09\/02\/ortodoncista-valencia\/","url":"https:\/\/clinicacemeq.es\/dental\/2022\/09\/02\/ortodoncista-valencia\/","name":"Ortodoncista en Valencia &#8902; Cl\u00ednica Dental CEMEQ","isPartOf":{"@id":"https:\/\/clinicacemeq.es\/dental\/#website"},"primaryImageOfPage":{"@id":"https:\/\/clinicacemeq.es\/dental\/2022\/09\/02\/ortodoncista-valencia\/#primaryimage"},"image":{"@id":"https:\/\/clinicacemeq.es\/dental\/2022\/09\/02\/ortodoncista-valencia\/#primaryimage"},"thumbnailUrl":"https:\/\/clinicacemeq.es\/dental\/wp-content\/uploads\/2022\/09\/ortodoncista-valencia-1.png","datePublished":"2022-09-02T11:34:49+00:00","dateModified":"2024-09-09T11:22:55+00:00","description":"\u00bfBuscas una ortodoncista en Valencia? En CEMEQ contamos con los mejores ortodoncistas, expertos en ortodoncia invisible y tradicional \u00a1Inf\u00f3rmate!","breadcrumb":{"@id":"https:\/\/clinicacemeq.es\/dental\/2022\/09\/02\/ortodoncista-valencia\/#breadcrumb"},"inLanguage":"es","potentialAction":[{"@type":"ReadAction","target":["https:\/\/clinicacemeq.es\/dental\/2022\/09\/02\/ortodoncista-valencia\/"]}]},{"@type":"ImageObject","inLanguage":"es","@id":"https:\/\/clinicacemeq.es\/dental\/2022\/09\/02\/ortodoncista-valencia\/#primaryimage","url":"https:\/\/clinicacemeq.es\/dental\/wp-content\/uploads\/2022\/09\/ortodoncista-valencia-1.png","contentUrl":"https:\/\/clinicacemeq.es\/dental\/wp-content\/uploads\/2022\/09\/ortodoncista-valencia-1.png","width":1000,"height":667,"caption":"Ortodoncista-valencia"},{"@type":"BreadcrumbList","@id":"https:\/\/clinicacemeq.es\/dental\/2022\/09\/02\/ortodoncista-valencia\/#breadcrumb","itemListElement":[{"@type":"ListItem","position":1,"name":"Portada","item":"https:\/\/clinicacemeq.es\/dental\/"},{"@type":"ListItem","position":2,"name":"Ortodoncista en Valencia"}]},{"@type":"WebSite","@id":"https:\/\/clinicacemeq.es\/dental\/#website","url":"https:\/\/clinicacemeq.es\/dental\/","name":"Cl\u00ednica Dental CEMEQ","description":"Cl\u00ednica Dental Valencia | Dentista Valencia","publisher":{"@id":"https:\/\/clinicacemeq.es\/dental\/#organization"},"potentialAction":[{"@type":"SearchAction","target":{"@type":"EntryPoint","urlTemplate":"https:\/\/clinicacemeq.es\/dental\/?s={search_term_string}"},"query-input":"required name=search_term_string"}],"inLanguage":"es"},{"@type":"Organization","@id":"https:\/\/clinicacemeq.es\/dental\/#organization","name":"CEMEQ","url":"https:\/\/clinicacemeq.es\/dental\/","logo":{"@type":"ImageObject","inLanguage":"es","@id":"https:\/\/clinicacemeq.es\/dental\/#\/schema\/logo\/image\/","url":"https:\/\/clinicacemeq.es\/dental\/wp-content\/uploads\/2021\/07\/LOGO-WEB-1024x631-1.jpeg","contentUrl":"https:\/\/clinicacemeq.es\/dental\/wp-content\/uploads\/2021\/07\/LOGO-WEB-1024x631-1.jpeg","width":1024,"height":631,"caption":"CEMEQ"},"image":{"@id":"https:\/\/clinicacemeq.es\/dental\/#\/schema\/logo\/image\/"}},{"@type":"Person","@id":"https:\/\/clinicacemeq.es\/dental\/#\/schema\/person\/c59ca45e0d40697222e3795fa6384c4d","name":"Federico Mahiques","image":{"@type":"ImageObject","inLanguage":"es","@id":"https:\/\/clinicacemeq.es\/dental\/#\/schema\/person\/image\/","url":"https:\/\/secure.gravatar.com\/avatar\/a16f1bf5b7e085c0937f91eaf260e1fc?s=96&d=mm&r=g","contentUrl":"https:\/\/secure.gravatar.com\/avatar\/a16f1bf5b7e085c0937f91eaf260e1fc?s=96&d=mm&r=g","caption":"Federico Mahiques"},"url":"https:\/\/clinicacemeq.es\/dental\/author\/marketing\/"}]}},"_links":{"self":[{"href":"https:\/\/clinicacemeq.es\/dental\/wp-json\/wp\/v2\/posts\/6931"}],"collection":[{"href":"https:\/\/clinicacemeq.es\/dental\/wp-json\/wp\/v2\/posts"}],"about":[{"href":"https:\/\/clinicacemeq.es\/dental\/wp-json\/wp\/v2\/types\/post"}],"author":[{"embeddable":true,"href":"https:\/\/clinicacemeq.es\/dental\/wp-json\/wp\/v2\/users\/6"}],"replies":[{"embeddable":true,"href":"https:\/\/clinicacemeq.es\/dental\/wp-json\/wp\/v2\/comments?post=6931"}],"version-history":[{"count":3,"href":"https:\/\/clinicacemeq.es\/dental\/wp-json\/wp\/v2\/posts\/6931\/revisions"}],"predecessor-version":[{"id":11926,"href":"https:\/\/clinicacemeq.es\/dental\/wp-json\/wp\/v2\/posts\/6931\/revisions\/11926"}],"wp:featuredmedia":[{"embeddable":true,"href":"https:\/\/clinicacemeq.es\/dental\/wp-json\/wp\/v2\/media\/6932"}],"wp:attachment":[{"href":"https:\/\/clinicacemeq.es\/dental\/wp-json\/wp\/v2\/media?parent=6931"}],"wp:term":[{"taxonomy":"category","embeddable":true,"href":"https:\/\/clinicacemeq.es\/dental\/wp-json\/wp\/v2\/categories?post=6931"},{"taxonomy":"post_tag","embeddable":true,"href":"https:\/\/clinicacemeq.es\/dental\/wp-json\/wp\/v2\/tags?post=6931"}],"curies":[{"name":"wp","href":"https:\/\/api.w.org\/{rel}","templated":true}]}}