{"id":5345,"date":"2022-07-08T10:54:35","date_gmt":"2022-07-08T10:54:35","guid":{"rendered":"https:\/\/clinicacemeq.es\/dental\/?p=5345"},"modified":"2024-09-09T11:23:17","modified_gmt":"2024-09-09T11:23:17","slug":"brackets-invisibles-que-son-y-que-tipos-hay","status":"publish","type":"post","link":"https:\/\/clinicacemeq.es\/dental\/2022\/07\/08\/brackets-invisibles-que-son-y-que-tipos-hay\/","title":{"rendered":"Brackets invisibles: \u00bfQu\u00e9 tipos hay?"},"content":{"rendered":"\n\n<div class=\"kk-star-ratings kksr-auto kksr-align-left kksr-valign-top\"\n    data-payload='{&quot;align&quot;:&quot;left&quot;,&quot;id&quot;:&quot;5345&quot;,&quot;slug&quot;:&quot;default&quot;,&quot;valign&quot;:&quot;top&quot;,&quot;ignore&quot;:&quot;&quot;,&quot;reference&quot;:&quot;auto&quot;,&quot;class&quot;:&quot;&quot;,&quot;count&quot;:&quot;0&quot;,&quot;legendonly&quot;:&quot;&quot;,&quot;readonly&quot;:&quot;&quot;,&quot;score&quot;:&quot;0&quot;,&quot;starsonly&quot;:&quot;&quot;,&quot;best&quot;:&quot;5&quot;,&quot;gap&quot;:&quot;5&quot;,&quot;greet&quot;:&quot;Valora esta publicaci\u00f3n \ud83d\ude09&quot;,&quot;legend&quot;:&quot;0\\\/5 - (0 votos)&quot;,&quot;size&quot;:&quot;24&quot;,&quot;title&quot;:&quot;Brackets invisibles: \u00bfQu\u00e9 tipos hay?&quot;,&quot;width&quot;:&quot;0&quot;,&quot;_legend&quot;:&quot;{score}\\\/{best} - ({count} {votes})&quot;,&quot;font_factor&quot;:&quot;1.25&quot;}'>\n            \n<div class=\"kksr-stars\">\n    \n<div class=\"kksr-stars-inactive\">\n            <div class=\"kksr-star\" data-star=\"1\" style=\"padding-right: 5px\">\n            \n\n<div class=\"kksr-icon\" style=\"width: 24px; height: 24px;\"><\/div>\n        <\/div>\n            <div class=\"kksr-star\" data-star=\"2\" style=\"padding-right: 5px\">\n            \n\n<div class=\"kksr-icon\" style=\"width: 24px; height: 24px;\"><\/div>\n        <\/div>\n            <div class=\"kksr-star\" data-star=\"3\" style=\"padding-right: 5px\">\n            \n\n<div class=\"kksr-icon\" style=\"width: 24px; height: 24px;\"><\/div>\n        <\/div>\n            <div class=\"kksr-star\" data-star=\"4\" style=\"padding-right: 5px\">\n            \n\n<div class=\"kksr-icon\" style=\"width: 24px; height: 24px;\"><\/div>\n        <\/div>\n            <div class=\"kksr-star\" data-star=\"5\" style=\"padding-right: 5px\">\n            \n\n<div class=\"kksr-icon\" style=\"width: 24px; height: 24px;\"><\/div>\n        <\/div>\n    <\/div>\n    \n<div class=\"kksr-stars-active\" style=\"width: 0px;\">\n            <div class=\"kksr-star\" style=\"padding-right: 5px\">\n            \n\n<div class=\"kksr-icon\" style=\"width: 24px; height: 24px;\"><\/div>\n        <\/div>\n            <div class=\"kksr-star\" style=\"padding-right: 5px\">\n            \n\n<div class=\"kksr-icon\" style=\"width: 24px; height: 24px;\"><\/div>\n        <\/div>\n            <div class=\"kksr-star\" style=\"padding-right: 5px\">\n            \n\n<div class=\"kksr-icon\" style=\"width: 24px; height: 24px;\"><\/div>\n        <\/div>\n            <div class=\"kksr-star\" style=\"padding-right: 5px\">\n            \n\n<div class=\"kksr-icon\" style=\"width: 24px; height: 24px;\"><\/div>\n        <\/div>\n            <div class=\"kksr-star\" style=\"padding-right: 5px\">\n            \n\n<div class=\"kksr-icon\" style=\"width: 24px; height: 24px;\"><\/div>\n        <\/div>\n    <\/div>\n<\/div>\n                \n\n<div class=\"kksr-legend\" style=\"font-size: 19.2px;\">\n            <span class=\"kksr-muted\">Valora esta publicaci\u00f3n \ud83d\ude09<\/span>\n    <\/div>\n    <\/div>\n<p><span style=\"font-weight: 400;\">Muchos pacientes acuden a consulta con algunas dudas acerca de los<\/span><b> brackets invisibles<\/b><span style=\"font-weight: 400;\">.\u00a0 En este post\u00a0 te contamos todo sobre este tipo de ortodoncia.<\/span><\/p>\n<h2><strong>Brackets invisibles: \u00bfQu\u00e9 son?<\/strong><\/h2>\n<p><span style=\"font-weight: 400;\">\u00a0Dentro de las opciones de brackets invisibles encontramos: <\/span><b>los brackets est\u00e9ticos y la <a href=\"https:\/\/clinicacemeq.es\/dental\/2022\/10\/07\/brakets-invisibles-que-son-y-como-funcionan\/\">ortodoncia invisible.<\/a><\/b><\/p>\n<h3><strong>1. Brackets est\u00e9ticos<\/strong><\/h3>\n<p><span style=\"font-weight: 400;\">Los<strong> brackets de zafiro<\/strong> son un tratamiento de ortodoncia fija con <\/span><b><a href=\"https:\/\/clinicacemeq.es\/dental\/2022\/10\/07\/brakets-invisibles-que-son-y-como-funcionan\/\">brackets invisibles<\/a> de alta est\u00e9tica.<\/b><span style=\"font-weight: 400;\"> El material utilizado es el cristal de zafiro un material totalmente transparente como\u00a0 que se mimetiza con el color del diente y no los mancha con el paso del tiempo. Este tipo de brackets\u00a0 son una <\/span><b>soluci\u00f3n ideal y altamente est\u00e9tica<\/b><span style=\"font-weight: 400;\"> para solucionar todo tipo de problemas de maloclusi\u00f3n como diastemas, mordida abierta,\u00a0 api\u00f1amiento dental, mordida cruzada o sobremordida.<\/span><\/p>\n<h3><strong>\u00bfCu\u00e1les son\u00a0 las\u00a0 ventajas de los brackets invisibles de zafiro?<\/strong><\/h3>\n<ol>\n<li style=\"font-weight: 400;\" aria-level=\"1\"><span style=\"font-weight: 400;\">Alta est\u00e9tica, son transparentes<\/span><\/li>\n<li style=\"font-weight: 400;\" aria-level=\"1\"><span style=\"font-weight: 400;\">No ti\u00f1en el diente y su color no cambia con el tiempo.<\/span><\/li>\n<li style=\"font-weight: 400;\" aria-level=\"1\"><span style=\"font-weight: 400;\">Son los brackets est\u00e9ticos m\u00e1s resistentes\u00a0<\/span><\/li>\n<li style=\"font-weight: 400;\" aria-level=\"1\"><span style=\"font-weight: 400;\">Es el tratamiento de ortodoncia fija\u00a0 m\u00e1s est\u00e9tico y\u00a0 econ\u00f3mico<\/span><\/li>\n<li style=\"font-weight: 400;\" aria-level=\"1\"><span style=\"font-weight: 400;\">\u00a0El\u00a0 cristal de zafiro consigue una mejor adherencia al diente que otros materiales como la porcelana\u00a0 o el pl\u00e1stico, por lo que es m\u00e1s dif\u00edcil que un bracket se despegue o se caiga.<\/span><\/li>\n<\/ol>\n<p><b>Valoramos tu caso ahora: <a href=\"https:\/\/clinicacemeq.es\/dental\/contacto\/\">Pide ahora tu\u00a0 primera visita gratuita\u00a0<\/a><\/b><\/p>\n<h3><strong><img loading=\"lazy\" decoding=\"async\" class=\"wp-image-5346 aligncenter\" src=\"https:\/\/clinicacemeq.es\/dental\/wp-content\/uploads\/2022\/07\/Brackets-invisibles-1-300x228.png\" alt=\"Brackets-invisibles-valencia\" width=\"367\" height=\"279\" srcset=\"https:\/\/clinicacemeq.es\/dental\/wp-content\/uploads\/2022\/07\/Brackets-invisibles-1-300x228.png 300w, https:\/\/clinicacemeq.es\/dental\/wp-content\/uploads\/2022\/07\/Brackets-invisibles-1-768x583.png 768w, https:\/\/clinicacemeq.es\/dental\/wp-content\/uploads\/2022\/07\/Brackets-invisibles-1.png 1000w\" sizes=\"(max-width: 367px) 100vw, 367px\" \/><\/strong><\/h3>\n<h3><strong>2. Ortodoncia invisible<\/strong><\/h3>\n<p><span style=\"font-weight: 400;\">En nuestra<a href=\"https:\/\/clinicacemeq.es\/dental\/2023\/02\/24\/el-mejor-ortodoncista-en-valencia\/\"> <strong>cl\u00ednica dental en Valencia<\/strong>\u00a0<\/a>somos l\u00edderes en la<strong> ortodoncia<\/strong><\/span><strong> invisible <\/strong><span style=\"font-weight: 400;\">. <\/span><span style=\"font-weight: 400;\">Es un tratamiento de alta est\u00e9tica que se realiza mediante la aplicaci\u00f3n de f\u00e9rulas o alineadores transparentes que deben cambiarse cada dos semanas aproximadamente.<\/span> <span style=\"font-weight: 400;\">Esta t\u00e9cnica est\u00e1 totalmente adaptada a la boca de cada paciente y a los cambios que se quieren obrar, provocando un desplazamiento progresivo e indoloro de los dientes hasta la posici\u00f3n deseada al t\u00e9rmino del tratamiento.<\/span><\/p>\n<h3><span style=\"font-weight: 400;\">Estas son sus ventajas:<\/span><\/h3>\n<ol>\n<li style=\"font-weight: 400;\" aria-level=\"1\"><span style=\"font-weight: 400;\">Alt\u00edsima est\u00e9tica (casi invisible)<\/span><\/li>\n<li style=\"font-weight: 400;\" aria-level=\"1\"><span style=\"font-weight: 400;\">Extra\u00edble y c\u00f3modo.\u00a0<\/span><\/li>\n<li style=\"font-weight: 400;\" aria-level=\"1\"><span style=\"font-weight: 400;\">Muy higi\u00e9nico. Al poder quit\u00e1rsela a la hora de comer, no se acumulan restos de alimentos en la f\u00e9rula.<\/span><\/li>\n<li style=\"font-weight: 400;\" aria-level=\"1\"><span style=\"font-weight: 400;\">Es respetuoso con los dientes y enc\u00edas, no provoca heridas ni desgaste<\/span><\/li>\n<li style=\"font-weight: 400;\" aria-level=\"1\"><span style=\"font-weight: 400;\">Mantenimiento muy sencillo. Al ser una f\u00e9rula, se puede quitar y lavar con agua y jab\u00f3n<\/span><\/li>\n<li style=\"font-weight: 400;\" aria-level=\"1\"><span style=\"font-weight: 400;\">Es un tratamiento r\u00e1pido y eficaz<\/span><\/li>\n<\/ol>\n<p><span id=\"hs-cta-wrapper-660305af-0778-4729-be6b-a94b1d2c72c6\" class=\"hs-cta-wrapper\"><span id=\"hs-cta-660305af-0778-4729-be6b-a94b1d2c72c6\" class=\"hs-cta-node hs-cta-660305af-0778-4729-be6b-a94b1d2c72c6\"><a href=\"https:\/\/clinicacemeq.es\/dental\/ortodoncia-lp\/\" target=\"_blank\" rel=\"noopener\"><img loading=\"lazy\" decoding=\"async\" id=\"hs-cta-img-660305af-0778-4729-be6b-a94b1d2c72c6\" class=\"hs-cta-img aligncenter\" src=\"https:\/\/hubspot-no-cache-eu1-prod.s3.amazonaws.com\/cta\/default\/25939375\/660305af-0778-4729-be6b-a94b1d2c72c6.png\" alt=\"Consigue la mejor versi\u00f3n de tu sonrisa\" width=\"663\" height=\"199\" \/><\/a><\/span><\/span><\/p>\n<h2><strong>Precio de los brackets invisibles<\/strong><\/h2>\n<p><span style=\"font-weight: 400;\">\u00bfCu\u00e1nto cuestan los brackets invisibles?\u00a0 El precio variar\u00e1 seg\u00fan el tratamiento de ortodoncia que elijas y que mejor se adapte a tu caso. Te detallamos <\/span><strong>\u00a0el precio de los <a href=\"https:\/\/clinicacemeq.es\/dental\/2022\/10\/07\/brakets-invisibles-que-son-y-como-funcionan\/\">brackets invisibles<\/a><\/strong><span style=\"font-weight: 400;\"> en nuestra <strong>cl\u00ednica dental en Valencia.<\/strong><\/span><\/p>\n<p><b><a href=\"https:\/\/clinicacemeq.es\/dental\/contacto\/\">Pide ahora tu\u00a0 primera visita gratuita. T<\/a>ambi\u00e9n incluye, radiogr\u00e1fica 3D, presupuesto y valoraci\u00f3n de la ortodoncia.\u00a0<\/b><\/p>\n","protected":false},"excerpt":{"rendered":"<p>Muchos pacientes acuden a consulta con algunas dudas acerca de los brackets invisibles.\u00a0 En este post\u00a0 te contamos todo sobre este tipo de ortodoncia. Brackets invisibles: \u00bfQu\u00e9 son? \u00a0Dentro de las opciones de brackets invisibles encontramos: los brackets est\u00e9ticos y la ortodoncia invisible. 1. Brackets est\u00e9ticos Los brackets de zafiro son un tratamiento de ortodoncia [&#8230;]\n","protected":false},"author":6,"featured_media":5347,"comment_status":"open","ping_status":"open","sticky":false,"template":"","format":"standard","meta":{"footnotes":""},"categories":[1],"tags":[],"yoast_head":"<!-- This site is optimized with the Yoast SEO Premium plugin v18.3 (Yoast SEO v22.7) - https:\/\/yoast.com\/wordpress\/plugins\/seo\/ -->\n<title>Brackets invisibles: \u00bfQu\u00e9 tipos hay? &#8902; Cl\u00ednica Dental CEMEQ<\/title>\n<meta name=\"description\" content=\"Los brackets invisibles es uno de los tratamientos de ortodoncia en Valencia mas demandados en nuestra clinica dental. Pide cita ya.\" \/>\n<meta name=\"robots\" content=\"index, follow, max-snippet:-1, max-image-preview:large, max-video-preview:-1\" \/>\n<link rel=\"canonical\" href=\"https:\/\/clinicacemeq.es\/dental\/2022\/07\/08\/brackets-invisibles-que-son-y-que-tipos-hay\/\" \/>\n<meta property=\"og:locale\" content=\"es_ES\" \/>\n<meta property=\"og:type\" content=\"article\" \/>\n<meta property=\"og:title\" content=\"Brackets invisibles: \u00bfQu\u00e9 tipos hay?\" \/>\n<meta property=\"og:description\" content=\"Los brackets invisibles es uno de los tratamientos de ortodoncia en Valencia mas demandados en nuestra clinica dental. Pide cita ya.\" \/>\n<meta property=\"og:url\" content=\"https:\/\/clinicacemeq.es\/dental\/2022\/07\/08\/brackets-invisibles-que-son-y-que-tipos-hay\/\" \/>\n<meta property=\"og:site_name\" content=\"Cl\u00ednica Dental CEMEQ\" \/>\n<meta property=\"article:published_time\" content=\"2022-07-08T10:54:35+00:00\" \/>\n<meta property=\"article:modified_time\" content=\"2024-09-09T11:23:17+00:00\" \/>\n<meta property=\"og:image\" content=\"https:\/\/clinicacemeq.es\/dental\/wp-content\/uploads\/2022\/07\/brackets-invisivles-valencia-1.png\" \/>\n\t<meta property=\"og:image:width\" content=\"1000\" \/>\n\t<meta property=\"og:image:height\" content=\"667\" \/>\n\t<meta property=\"og:image:type\" content=\"image\/png\" \/>\n<meta name=\"author\" content=\"Federico Mahiques\" \/>\n<meta name=\"twitter:card\" content=\"summary_large_image\" \/>\n<meta name=\"twitter:label1\" content=\"Escrito por\" \/>\n\t<meta name=\"twitter:data1\" content=\"Federico Mahiques\" \/>\n\t<meta name=\"twitter:label2\" content=\"Tiempo de lectura\" \/>\n\t<meta name=\"twitter:data2\" content=\"3 minutos\" \/>\n<script type=\"application\/ld+json\" class=\"yoast-schema-graph\">{\"@context\":\"https:\/\/schema.org\",\"@graph\":[{\"@type\":\"Article\",\"@id\":\"https:\/\/clinicacemeq.es\/dental\/2022\/07\/08\/brackets-invisibles-que-son-y-que-tipos-hay\/#article\",\"isPartOf\":{\"@id\":\"https:\/\/clinicacemeq.es\/dental\/2022\/07\/08\/brackets-invisibles-que-son-y-que-tipos-hay\/\"},\"author\":{\"name\":\"Federico Mahiques\",\"@id\":\"https:\/\/clinicacemeq.es\/dental\/#\/schema\/person\/c59ca45e0d40697222e3795fa6384c4d\"},\"headline\":\"Brackets invisibles: \u00bfQu\u00e9 tipos hay?\",\"datePublished\":\"2022-07-08T10:54:35+00:00\",\"dateModified\":\"2024-09-09T11:23:17+00:00\",\"mainEntityOfPage\":{\"@id\":\"https:\/\/clinicacemeq.es\/dental\/2022\/07\/08\/brackets-invisibles-que-son-y-que-tipos-hay\/\"},\"wordCount\":449,\"commentCount\":0,\"publisher\":{\"@id\":\"https:\/\/clinicacemeq.es\/dental\/#organization\"},\"image\":{\"@id\":\"https:\/\/clinicacemeq.es\/dental\/2022\/07\/08\/brackets-invisibles-que-son-y-que-tipos-hay\/#primaryimage\"},\"thumbnailUrl\":\"https:\/\/clinicacemeq.es\/dental\/wp-content\/uploads\/2022\/07\/brackets-invisivles-valencia-1.png\",\"articleSection\":[\"Patolog\u00edas dentales\"],\"inLanguage\":\"es\",\"potentialAction\":[{\"@type\":\"CommentAction\",\"name\":\"Comment\",\"target\":[\"https:\/\/clinicacemeq.es\/dental\/2022\/07\/08\/brackets-invisibles-que-son-y-que-tipos-hay\/#respond\"]}]},{\"@type\":\"WebPage\",\"@id\":\"https:\/\/clinicacemeq.es\/dental\/2022\/07\/08\/brackets-invisibles-que-son-y-que-tipos-hay\/\",\"url\":\"https:\/\/clinicacemeq.es\/dental\/2022\/07\/08\/brackets-invisibles-que-son-y-que-tipos-hay\/\",\"name\":\"Brackets invisibles: \u00bfQu\u00e9 tipos hay? &#8902; Cl\u00ednica Dental CEMEQ\",\"isPartOf\":{\"@id\":\"https:\/\/clinicacemeq.es\/dental\/#website\"},\"primaryImageOfPage\":{\"@id\":\"https:\/\/clinicacemeq.es\/dental\/2022\/07\/08\/brackets-invisibles-que-son-y-que-tipos-hay\/#primaryimage\"},\"image\":{\"@id\":\"https:\/\/clinicacemeq.es\/dental\/2022\/07\/08\/brackets-invisibles-que-son-y-que-tipos-hay\/#primaryimage\"},\"thumbnailUrl\":\"https:\/\/clinicacemeq.es\/dental\/wp-content\/uploads\/2022\/07\/brackets-invisivles-valencia-1.png\",\"datePublished\":\"2022-07-08T10:54:35+00:00\",\"dateModified\":\"2024-09-09T11:23:17+00:00\",\"description\":\"Los brackets invisibles es uno de los tratamientos de ortodoncia en Valencia mas demandados en nuestra clinica dental. Pide cita ya.\",\"breadcrumb\":{\"@id\":\"https:\/\/clinicacemeq.es\/dental\/2022\/07\/08\/brackets-invisibles-que-son-y-que-tipos-hay\/#breadcrumb\"},\"inLanguage\":\"es\",\"potentialAction\":[{\"@type\":\"ReadAction\",\"target\":[\"https:\/\/clinicacemeq.es\/dental\/2022\/07\/08\/brackets-invisibles-que-son-y-que-tipos-hay\/\"]}]},{\"@type\":\"ImageObject\",\"inLanguage\":\"es\",\"@id\":\"https:\/\/clinicacemeq.es\/dental\/2022\/07\/08\/brackets-invisibles-que-son-y-que-tipos-hay\/#primaryimage\",\"url\":\"https:\/\/clinicacemeq.es\/dental\/wp-content\/uploads\/2022\/07\/brackets-invisivles-valencia-1.png\",\"contentUrl\":\"https:\/\/clinicacemeq.es\/dental\/wp-content\/uploads\/2022\/07\/brackets-invisivles-valencia-1.png\",\"width\":1000,\"height\":667},{\"@type\":\"BreadcrumbList\",\"@id\":\"https:\/\/clinicacemeq.es\/dental\/2022\/07\/08\/brackets-invisibles-que-son-y-que-tipos-hay\/#breadcrumb\",\"itemListElement\":[{\"@type\":\"ListItem\",\"position\":1,\"name\":\"Portada\",\"item\":\"https:\/\/clinicacemeq.es\/dental\/\"},{\"@type\":\"ListItem\",\"position\":2,\"name\":\"Brackets invisibles: \u00bfQu\u00e9 tipos hay?\"}]},{\"@type\":\"WebSite\",\"@id\":\"https:\/\/clinicacemeq.es\/dental\/#website\",\"url\":\"https:\/\/clinicacemeq.es\/dental\/\",\"name\":\"Cl\u00ednica Dental CEMEQ\",\"description\":\"Cl\u00ednica Dental Valencia | Dentista Valencia\",\"publisher\":{\"@id\":\"https:\/\/clinicacemeq.es\/dental\/#organization\"},\"potentialAction\":[{\"@type\":\"SearchAction\",\"target\":{\"@type\":\"EntryPoint\",\"urlTemplate\":\"https:\/\/clinicacemeq.es\/dental\/?s={search_term_string}\"},\"query-input\":\"required name=search_term_string\"}],\"inLanguage\":\"es\"},{\"@type\":\"Organization\",\"@id\":\"https:\/\/clinicacemeq.es\/dental\/#organization\",\"name\":\"CEMEQ\",\"url\":\"https:\/\/clinicacemeq.es\/dental\/\",\"logo\":{\"@type\":\"ImageObject\",\"inLanguage\":\"es\",\"@id\":\"https:\/\/clinicacemeq.es\/dental\/#\/schema\/logo\/image\/\",\"url\":\"https:\/\/clinicacemeq.es\/dental\/wp-content\/uploads\/2021\/07\/LOGO-WEB-1024x631-1.jpeg\",\"contentUrl\":\"https:\/\/clinicacemeq.es\/dental\/wp-content\/uploads\/2021\/07\/LOGO-WEB-1024x631-1.jpeg\",\"width\":1024,\"height\":631,\"caption\":\"CEMEQ\"},\"image\":{\"@id\":\"https:\/\/clinicacemeq.es\/dental\/#\/schema\/logo\/image\/\"}},{\"@type\":\"Person\",\"@id\":\"https:\/\/clinicacemeq.es\/dental\/#\/schema\/person\/c59ca45e0d40697222e3795fa6384c4d\",\"name\":\"Federico Mahiques\",\"image\":{\"@type\":\"ImageObject\",\"inLanguage\":\"es\",\"@id\":\"https:\/\/clinicacemeq.es\/dental\/#\/schema\/person\/image\/\",\"url\":\"https:\/\/secure.gravatar.com\/avatar\/a16f1bf5b7e085c0937f91eaf260e1fc?s=96&d=mm&r=g\",\"contentUrl\":\"https:\/\/secure.gravatar.com\/avatar\/a16f1bf5b7e085c0937f91eaf260e1fc?s=96&d=mm&r=g\",\"caption\":\"Federico Mahiques\"},\"url\":\"https:\/\/clinicacemeq.es\/dental\/author\/marketing\/\"}]}<\/script>\n<!-- \/ Yoast SEO Premium plugin. -->","yoast_head_json":{"title":"Brackets invisibles: \u00bfQu\u00e9 tipos hay? &#8902; Cl\u00ednica Dental CEMEQ","description":"Los brackets invisibles es uno de los tratamientos de ortodoncia en Valencia mas demandados en nuestra clinica dental. Pide cita ya.","robots":{"index":"index","follow":"follow","max-snippet":"max-snippet:-1","max-image-preview":"max-image-preview:large","max-video-preview":"max-video-preview:-1"},"canonical":"https:\/\/clinicacemeq.es\/dental\/2022\/07\/08\/brackets-invisibles-que-son-y-que-tipos-hay\/","og_locale":"es_ES","og_type":"article","og_title":"Brackets invisibles: \u00bfQu\u00e9 tipos hay?","og_description":"Los brackets invisibles es uno de los tratamientos de ortodoncia en Valencia mas demandados en nuestra clinica dental. Pide cita ya.","og_url":"https:\/\/clinicacemeq.es\/dental\/2022\/07\/08\/brackets-invisibles-que-son-y-que-tipos-hay\/","og_site_name":"Cl\u00ednica Dental CEMEQ","article_published_time":"2022-07-08T10:54:35+00:00","article_modified_time":"2024-09-09T11:23:17+00:00","og_image":[{"width":1000,"height":667,"url":"https:\/\/clinicacemeq.es\/dental\/wp-content\/uploads\/2022\/07\/brackets-invisivles-valencia-1.png","type":"image\/png"}],"author":"Federico Mahiques","twitter_card":"summary_large_image","twitter_misc":{"Escrito por":"Federico Mahiques","Tiempo de lectura":"3 minutos"},"schema":{"@context":"https:\/\/schema.org","@graph":[{"@type":"Article","@id":"https:\/\/clinicacemeq.es\/dental\/2022\/07\/08\/brackets-invisibles-que-son-y-que-tipos-hay\/#article","isPartOf":{"@id":"https:\/\/clinicacemeq.es\/dental\/2022\/07\/08\/brackets-invisibles-que-son-y-que-tipos-hay\/"},"author":{"name":"Federico Mahiques","@id":"https:\/\/clinicacemeq.es\/dental\/#\/schema\/person\/c59ca45e0d40697222e3795fa6384c4d"},"headline":"Brackets invisibles: \u00bfQu\u00e9 tipos hay?","datePublished":"2022-07-08T10:54:35+00:00","dateModified":"2024-09-09T11:23:17+00:00","mainEntityOfPage":{"@id":"https:\/\/clinicacemeq.es\/dental\/2022\/07\/08\/brackets-invisibles-que-son-y-que-tipos-hay\/"},"wordCount":449,"commentCount":0,"publisher":{"@id":"https:\/\/clinicacemeq.es\/dental\/#organization"},"image":{"@id":"https:\/\/clinicacemeq.es\/dental\/2022\/07\/08\/brackets-invisibles-que-son-y-que-tipos-hay\/#primaryimage"},"thumbnailUrl":"https:\/\/clinicacemeq.es\/dental\/wp-content\/uploads\/2022\/07\/brackets-invisivles-valencia-1.png","articleSection":["Patolog\u00edas dentales"],"inLanguage":"es","potentialAction":[{"@type":"CommentAction","name":"Comment","target":["https:\/\/clinicacemeq.es\/dental\/2022\/07\/08\/brackets-invisibles-que-son-y-que-tipos-hay\/#respond"]}]},{"@type":"WebPage","@id":"https:\/\/clinicacemeq.es\/dental\/2022\/07\/08\/brackets-invisibles-que-son-y-que-tipos-hay\/","url":"https:\/\/clinicacemeq.es\/dental\/2022\/07\/08\/brackets-invisibles-que-son-y-que-tipos-hay\/","name":"Brackets invisibles: \u00bfQu\u00e9 tipos hay? &#8902; Cl\u00ednica Dental CEMEQ","isPartOf":{"@id":"https:\/\/clinicacemeq.es\/dental\/#website"},"primaryImageOfPage":{"@id":"https:\/\/clinicacemeq.es\/dental\/2022\/07\/08\/brackets-invisibles-que-son-y-que-tipos-hay\/#primaryimage"},"image":{"@id":"https:\/\/clinicacemeq.es\/dental\/2022\/07\/08\/brackets-invisibles-que-son-y-que-tipos-hay\/#primaryimage"},"thumbnailUrl":"https:\/\/clinicacemeq.es\/dental\/wp-content\/uploads\/2022\/07\/brackets-invisivles-valencia-1.png","datePublished":"2022-07-08T10:54:35+00:00","dateModified":"2024-09-09T11:23:17+00:00","description":"Los brackets invisibles es uno de los tratamientos de ortodoncia en Valencia mas demandados en nuestra clinica dental. Pide cita ya.","breadcrumb":{"@id":"https:\/\/clinicacemeq.es\/dental\/2022\/07\/08\/brackets-invisibles-que-son-y-que-tipos-hay\/#breadcrumb"},"inLanguage":"es","potentialAction":[{"@type":"ReadAction","target":["https:\/\/clinicacemeq.es\/dental\/2022\/07\/08\/brackets-invisibles-que-son-y-que-tipos-hay\/"]}]},{"@type":"ImageObject","inLanguage":"es","@id":"https:\/\/clinicacemeq.es\/dental\/2022\/07\/08\/brackets-invisibles-que-son-y-que-tipos-hay\/#primaryimage","url":"https:\/\/clinicacemeq.es\/dental\/wp-content\/uploads\/2022\/07\/brackets-invisivles-valencia-1.png","contentUrl":"https:\/\/clinicacemeq.es\/dental\/wp-content\/uploads\/2022\/07\/brackets-invisivles-valencia-1.png","width":1000,"height":667},{"@type":"BreadcrumbList","@id":"https:\/\/clinicacemeq.es\/dental\/2022\/07\/08\/brackets-invisibles-que-son-y-que-tipos-hay\/#breadcrumb","itemListElement":[{"@type":"ListItem","position":1,"name":"Portada","item":"https:\/\/clinicacemeq.es\/dental\/"},{"@type":"ListItem","position":2,"name":"Brackets invisibles: \u00bfQu\u00e9 tipos hay?"}]},{"@type":"WebSite","@id":"https:\/\/clinicacemeq.es\/dental\/#website","url":"https:\/\/clinicacemeq.es\/dental\/","name":"Cl\u00ednica Dental CEMEQ","description":"Cl\u00ednica Dental Valencia | Dentista Valencia","publisher":{"@id":"https:\/\/clinicacemeq.es\/dental\/#organization"},"potentialAction":[{"@type":"SearchAction","target":{"@type":"EntryPoint","urlTemplate":"https:\/\/clinicacemeq.es\/dental\/?s={search_term_string}"},"query-input":"required name=search_term_string"}],"inLanguage":"es"},{"@type":"Organization","@id":"https:\/\/clinicacemeq.es\/dental\/#organization","name":"CEMEQ","url":"https:\/\/clinicacemeq.es\/dental\/","logo":{"@type":"ImageObject","inLanguage":"es","@id":"https:\/\/clinicacemeq.es\/dental\/#\/schema\/logo\/image\/","url":"https:\/\/clinicacemeq.es\/dental\/wp-content\/uploads\/2021\/07\/LOGO-WEB-1024x631-1.jpeg","contentUrl":"https:\/\/clinicacemeq.es\/dental\/wp-content\/uploads\/2021\/07\/LOGO-WEB-1024x631-1.jpeg","width":1024,"height":631,"caption":"CEMEQ"},"image":{"@id":"https:\/\/clinicacemeq.es\/dental\/#\/schema\/logo\/image\/"}},{"@type":"Person","@id":"https:\/\/clinicacemeq.es\/dental\/#\/schema\/person\/c59ca45e0d40697222e3795fa6384c4d","name":"Federico Mahiques","image":{"@type":"ImageObject","inLanguage":"es","@id":"https:\/\/clinicacemeq.es\/dental\/#\/schema\/person\/image\/","url":"https:\/\/secure.gravatar.com\/avatar\/a16f1bf5b7e085c0937f91eaf260e1fc?s=96&d=mm&r=g","contentUrl":"https:\/\/secure.gravatar.com\/avatar\/a16f1bf5b7e085c0937f91eaf260e1fc?s=96&d=mm&r=g","caption":"Federico Mahiques"},"url":"https:\/\/clinicacemeq.es\/dental\/author\/marketing\/"}]}},"_links":{"self":[{"href":"https:\/\/clinicacemeq.es\/dental\/wp-json\/wp\/v2\/posts\/5345"}],"collection":[{"href":"https:\/\/clinicacemeq.es\/dental\/wp-json\/wp\/v2\/posts"}],"about":[{"href":"https:\/\/clinicacemeq.es\/dental\/wp-json\/wp\/v2\/types\/post"}],"author":[{"embeddable":true,"href":"https:\/\/clinicacemeq.es\/dental\/wp-json\/wp\/v2\/users\/6"}],"replies":[{"embeddable":true,"href":"https:\/\/clinicacemeq.es\/dental\/wp-json\/wp\/v2\/comments?post=5345"}],"version-history":[{"count":4,"href":"https:\/\/clinicacemeq.es\/dental\/wp-json\/wp\/v2\/posts\/5345\/revisions"}],"predecessor-version":[{"id":11927,"href":"https:\/\/clinicacemeq.es\/dental\/wp-json\/wp\/v2\/posts\/5345\/revisions\/11927"}],"wp:featuredmedia":[{"embeddable":true,"href":"https:\/\/clinicacemeq.es\/dental\/wp-json\/wp\/v2\/media\/5347"}],"wp:attachment":[{"href":"https:\/\/clinicacemeq.es\/dental\/wp-json\/wp\/v2\/media?parent=5345"}],"wp:term":[{"taxonomy":"category","embeddable":true,"href":"https:\/\/clinicacemeq.es\/dental\/wp-json\/wp\/v2\/categories?post=5345"},{"taxonomy":"post_tag","embeddable":true,"href":"https:\/\/clinicacemeq.es\/dental\/wp-json\/wp\/v2\/tags?post=5345"}],"curies":[{"name":"wp","href":"https:\/\/api.w.org\/{rel}","templated":true}]}}