{"id":4018,"date":"2022-05-27T11:45:58","date_gmt":"2022-05-27T11:45:58","guid":{"rendered":"https:\/\/clinicacemeq.es\/dental\/?p=4018"},"modified":"2024-09-09T11:23:35","modified_gmt":"2024-09-09T11:23:35","slug":"precio-de-la-ortodoncia-invisible-en-valencia","status":"publish","type":"post","link":"https:\/\/clinicacemeq.es\/dental\/2022\/05\/27\/precio-de-la-ortodoncia-invisible-en-valencia\/","title":{"rendered":"Precio de la ortodoncia invisible en Valencia"},"content":{"rendered":"\n\n<div class=\"kk-star-ratings kksr-auto kksr-align-left kksr-valign-top\"\n    data-payload='{&quot;align&quot;:&quot;left&quot;,&quot;id&quot;:&quot;4018&quot;,&quot;slug&quot;:&quot;default&quot;,&quot;valign&quot;:&quot;top&quot;,&quot;ignore&quot;:&quot;&quot;,&quot;reference&quot;:&quot;auto&quot;,&quot;class&quot;:&quot;&quot;,&quot;count&quot;:&quot;0&quot;,&quot;legendonly&quot;:&quot;&quot;,&quot;readonly&quot;:&quot;&quot;,&quot;score&quot;:&quot;0&quot;,&quot;starsonly&quot;:&quot;&quot;,&quot;best&quot;:&quot;5&quot;,&quot;gap&quot;:&quot;5&quot;,&quot;greet&quot;:&quot;Valora esta publicaci\u00f3n \ud83d\ude09&quot;,&quot;legend&quot;:&quot;0\\\/5 - (0 votos)&quot;,&quot;size&quot;:&quot;24&quot;,&quot;title&quot;:&quot;Precio de la ortodoncia invisible en Valencia&quot;,&quot;width&quot;:&quot;0&quot;,&quot;_legend&quot;:&quot;{score}\\\/{best} - ({count} {votes})&quot;,&quot;font_factor&quot;:&quot;1.25&quot;}'>\n            \n<div class=\"kksr-stars\">\n    \n<div class=\"kksr-stars-inactive\">\n            <div class=\"kksr-star\" data-star=\"1\" style=\"padding-right: 5px\">\n            \n\n<div class=\"kksr-icon\" style=\"width: 24px; height: 24px;\"><\/div>\n        <\/div>\n            <div class=\"kksr-star\" data-star=\"2\" style=\"padding-right: 5px\">\n            \n\n<div class=\"kksr-icon\" style=\"width: 24px; height: 24px;\"><\/div>\n        <\/div>\n            <div class=\"kksr-star\" data-star=\"3\" style=\"padding-right: 5px\">\n            \n\n<div class=\"kksr-icon\" style=\"width: 24px; height: 24px;\"><\/div>\n        <\/div>\n            <div class=\"kksr-star\" data-star=\"4\" style=\"padding-right: 5px\">\n            \n\n<div class=\"kksr-icon\" style=\"width: 24px; height: 24px;\"><\/div>\n        <\/div>\n            <div class=\"kksr-star\" data-star=\"5\" style=\"padding-right: 5px\">\n            \n\n<div class=\"kksr-icon\" style=\"width: 24px; height: 24px;\"><\/div>\n        <\/div>\n    <\/div>\n    \n<div class=\"kksr-stars-active\" style=\"width: 0px;\">\n            <div class=\"kksr-star\" style=\"padding-right: 5px\">\n            \n\n<div class=\"kksr-icon\" style=\"width: 24px; height: 24px;\"><\/div>\n        <\/div>\n            <div class=\"kksr-star\" style=\"padding-right: 5px\">\n            \n\n<div class=\"kksr-icon\" style=\"width: 24px; height: 24px;\"><\/div>\n        <\/div>\n            <div class=\"kksr-star\" style=\"padding-right: 5px\">\n            \n\n<div class=\"kksr-icon\" style=\"width: 24px; height: 24px;\"><\/div>\n        <\/div>\n            <div class=\"kksr-star\" style=\"padding-right: 5px\">\n            \n\n<div class=\"kksr-icon\" style=\"width: 24px; height: 24px;\"><\/div>\n        <\/div>\n            <div class=\"kksr-star\" style=\"padding-right: 5px\">\n            \n\n<div class=\"kksr-icon\" style=\"width: 24px; height: 24px;\"><\/div>\n        <\/div>\n    <\/div>\n<\/div>\n                \n\n<div class=\"kksr-legend\" style=\"font-size: 19.2px;\">\n            <span class=\"kksr-muted\">Valora esta publicaci\u00f3n \ud83d\ude09<\/span>\n    <\/div>\n    <\/div>\n<p>Si deseas conocer el precio de la ortodoncia invisible en Valencia,\u00a0 es porque conocer\u00e1s muy bien las m\u00faltiples ventajas que tienen estos alineadores invisibles y estar\u00e1s interesado en este tratamiento para mejorar tu sonrisa. En este post te contamos los factores que influyen en su precio.<\/p>\n<h2>\u00bfCu\u00e1nto cuesta la ortodoncia invisible en Valencia?<\/h2>\n<p>La ortodoncia invisible, como la ortodoncia Invisalign, tiene m\u00faltiples ventajas con respecto a los tratamientos convencionales: las f\u00e9rulas son de quita y pon, son totalmente transparentes, lo que hace que resulten imperceptibles, y est\u00e1n dise\u00f1adas a medida para cada dentadura. Adem\u00e1s de estos beneficios, hay muchos m\u00e1s, entre ellos la variedad de opciones de tratamiento que brinda Invisalign, que hace que el precio de la ortodoncia invisivle en Valencia este adaptado a cada bolsillo.<\/p>\n<h2>\u00bfPor qu\u00e9 var\u00eda el precio de la ortodoncia invisible en Valencia?<\/h2>\n<p>Existen algunos factores que pueden aumentar o disminuir el <strong>precio de la ortodoncia invisible en Valencia<\/strong>. Algunos de ellos son:<\/p>\n<ul>\n<li><strong>Duraci\u00f3n del tratamiento: <\/strong>Cada boca es un mundo, as\u00ed como la historia cl\u00ednica de cada paciente. Es l\u00f3gico pensar que, cuanto m\u00e1s tiempo precise un tratamiento para llegar al resultado \u00f3ptimo, m\u00e1s se encarecer\u00e1. No obstante, en nuestra cl\u00ednica siempre optaremos por recomendar a cada paciente la opci\u00f3n m\u00e1s eficaz y a la vez m\u00e1s econ\u00f3mica para su caso.<\/li>\n<li><strong>N\u00famero de visitas:<\/strong> En nuestra cl\u00ednica dental CEMEQ, como te hemos comentado anteriormente, incluimos todas las visitas dentro del precio del tratamiento Invisalign Comprehensive. Sin embargo, en otras cl\u00ednicas es posible que el precio de la ortodoncia invisible se encarezca en base al n\u00famero de sesiones.<\/li>\n<li><strong>Tipo de tratamiento<\/strong>: Se encuentran todo tipo de tratamientos de Invisalign en Valencia, de m\u00e1s o menos calidad, con una tecnolog\u00eda m\u00e1s o menos novedosa\u2026 Pero tambi\u00e9n queremos dejar claro que el hecho de emplear una tecnolog\u00eda m\u00e1s moderna no implica necesariamente un aumento de los costes. De hecho, esto puede hacer incluso que se abaraten por su efectividad.<\/li>\n<\/ul>\n<p><a href=\"https:\/\/clinicacemeq.es\/dental\/ortodoncia-lp\/\" target=\"_blank\" rel=\"noopener\"><img loading=\"lazy\" decoding=\"async\" class=\"wp-image-11368 size-full aligncenter\" src=\"https:\/\/clinicacemeq.es\/dental\/wp-content\/uploads\/2023\/02\/d-interesado-ortodoncia-pie.jpeg\" alt=\"Ortodoncia\" width=\"663\" height=\"199\" \/><\/a><\/p>\n<h2>Precio de la ortodoncia invisible en CEMEQ<\/h2>\n<p>En base a los distintos tipos de alineadores invisibles, el precio puede variar, pero siempre a unos niveles muy asequibles. Adem\u00e1s, en CEMEQ damos la oportunidad a nuestros pacientes de pagar en c\u00f3modos plazos algunos de estos tratamientos.<\/p>\n<p>Es el caso de la ortodoncia invisible Invisalign Comprehensive, el tratamiento completo y m\u00e1s complejo de Invisalign, que puede pagarse desde 39 \u20ac al mes.<\/p>\n<p>Este precio de la ortodoncia invisible incluye:<\/p>\n<ul>\n<li>Un estudio exhaustivo tanto de la dentadura del paciente como de la mordida.<\/li>\n<li>Simulaci\u00f3n 3D del caso concreto.<\/li>\n<li>Tantos alineadores invisibles como sean necesarios para llevar a cabo el tratamiento con \u00e9xito.<\/li>\n<li>Retenedores Invisalign Vivera Retainers, unas f\u00e9rulas transparentes que ayudan a mantener la dentadura en su sitio una vez finalizado el tratamiento. De igual manera que las f\u00e9rulas Invisalign, son garant\u00eda de m\u00e1xima calidad y est\u00e1n dise\u00f1adas a medida para cada paciente, de forma que encajan diente por diente a la perfecci\u00f3n.<\/li>\n<li>Primera visita, diagn\u00f3stico, revisi\u00f3n dental completa y todas las visitas extra que sean necesarias.<\/li>\n<\/ul>\n<p>Ahora que ya conoces el precio de la ortodoncia invisible en Valencia,\u00a0 ven y con\u00f3cenos.<a href=\"https:\/\/clinicacemeq.es\/dental\/contacto\/\"><strong> Pide cita ya. Primera consulta gratuita.<\/strong><\/a><\/p>\n<p>\u00a0<\/p>\n","protected":false},"excerpt":{"rendered":"<p>Si deseas conocer el precio de la ortodoncia invisible en Valencia,\u00a0 es porque conocer\u00e1s muy bien las m\u00faltiples ventajas que tienen estos alineadores invisibles y estar\u00e1s interesado en este tratamiento para mejorar tu sonrisa. En este post te contamos los factores que influyen en su precio. \u00bfCu\u00e1nto cuesta la ortodoncia invisible en Valencia? La ortodoncia [&#8230;]\n","protected":false},"author":6,"featured_media":4020,"comment_status":"open","ping_status":"open","sticky":false,"template":"","format":"standard","meta":{"footnotes":""},"categories":[147],"tags":[],"yoast_head":"<!-- This site is optimized with the Yoast SEO Premium plugin v18.3 (Yoast SEO v22.7) - https:\/\/yoast.com\/wordpress\/plugins\/seo\/ -->\n<title>Precio de la ortodoncia invisible en Valencia &#8902; Cl\u00ednica Dental CEMEQ<\/title>\n<meta name=\"description\" content=\"En CEMEQ contamos con el mejor precio de ortodoncia invisible en Valencia. Pide cita ya. Primera consulta gratuita.\" \/>\n<meta name=\"robots\" content=\"index, follow, max-snippet:-1, max-image-preview:large, max-video-preview:-1\" \/>\n<link rel=\"canonical\" href=\"https:\/\/clinicacemeq.es\/dental\/2022\/05\/27\/precio-de-la-ortodoncia-invisible-en-valencia\/\" \/>\n<meta property=\"og:locale\" content=\"es_ES\" \/>\n<meta property=\"og:type\" content=\"article\" \/>\n<meta property=\"og:title\" content=\"Precio de la ortodoncia invisible en Valencia\" \/>\n<meta property=\"og:description\" content=\"En CEMEQ contamos con el mejor precio de ortodoncia invisible en Valencia. Pide cita ya. Primera consulta gratuita.\" \/>\n<meta property=\"og:url\" content=\"https:\/\/clinicacemeq.es\/dental\/2022\/05\/27\/precio-de-la-ortodoncia-invisible-en-valencia\/\" \/>\n<meta property=\"og:site_name\" content=\"Cl\u00ednica Dental CEMEQ\" \/>\n<meta property=\"article:published_time\" content=\"2022-05-27T11:45:58+00:00\" \/>\n<meta property=\"article:modified_time\" content=\"2024-09-09T11:23:35+00:00\" \/>\n<meta property=\"og:image\" content=\"https:\/\/clinicacemeq.es\/dental\/wp-content\/uploads\/2022\/05\/precio-ortodoncia-invisible-valencia-1.png\" \/>\n\t<meta property=\"og:image:width\" content=\"1000\" \/>\n\t<meta property=\"og:image:height\" content=\"665\" \/>\n\t<meta property=\"og:image:type\" content=\"image\/png\" \/>\n<meta name=\"author\" content=\"Federico Mahiques\" \/>\n<meta name=\"twitter:card\" content=\"summary_large_image\" \/>\n<meta name=\"twitter:label1\" content=\"Escrito por\" \/>\n\t<meta name=\"twitter:data1\" content=\"Federico Mahiques\" \/>\n\t<meta name=\"twitter:label2\" content=\"Tiempo de lectura\" \/>\n\t<meta name=\"twitter:data2\" content=\"3 minutos\" \/>\n<script type=\"application\/ld+json\" class=\"yoast-schema-graph\">{\"@context\":\"https:\/\/schema.org\",\"@graph\":[{\"@type\":\"Article\",\"@id\":\"https:\/\/clinicacemeq.es\/dental\/2022\/05\/27\/precio-de-la-ortodoncia-invisible-en-valencia\/#article\",\"isPartOf\":{\"@id\":\"https:\/\/clinicacemeq.es\/dental\/2022\/05\/27\/precio-de-la-ortodoncia-invisible-en-valencia\/\"},\"author\":{\"name\":\"Federico Mahiques\",\"@id\":\"https:\/\/clinicacemeq.es\/dental\/#\/schema\/person\/c59ca45e0d40697222e3795fa6384c4d\"},\"headline\":\"Precio de la ortodoncia invisible en Valencia\",\"datePublished\":\"2022-05-27T11:45:58+00:00\",\"dateModified\":\"2024-09-09T11:23:35+00:00\",\"mainEntityOfPage\":{\"@id\":\"https:\/\/clinicacemeq.es\/dental\/2022\/05\/27\/precio-de-la-ortodoncia-invisible-en-valencia\/\"},\"wordCount\":567,\"commentCount\":0,\"publisher\":{\"@id\":\"https:\/\/clinicacemeq.es\/dental\/#organization\"},\"image\":{\"@id\":\"https:\/\/clinicacemeq.es\/dental\/2022\/05\/27\/precio-de-la-ortodoncia-invisible-en-valencia\/#primaryimage\"},\"thumbnailUrl\":\"https:\/\/clinicacemeq.es\/dental\/wp-content\/uploads\/2022\/05\/precio-ortodoncia-invisible-valencia-1.png\",\"articleSection\":[\"Ortodoncia\"],\"inLanguage\":\"es\",\"potentialAction\":[{\"@type\":\"CommentAction\",\"name\":\"Comment\",\"target\":[\"https:\/\/clinicacemeq.es\/dental\/2022\/05\/27\/precio-de-la-ortodoncia-invisible-en-valencia\/#respond\"]}]},{\"@type\":\"WebPage\",\"@id\":\"https:\/\/clinicacemeq.es\/dental\/2022\/05\/27\/precio-de-la-ortodoncia-invisible-en-valencia\/\",\"url\":\"https:\/\/clinicacemeq.es\/dental\/2022\/05\/27\/precio-de-la-ortodoncia-invisible-en-valencia\/\",\"name\":\"Precio de la ortodoncia invisible en Valencia &#8902; Cl\u00ednica Dental CEMEQ\",\"isPartOf\":{\"@id\":\"https:\/\/clinicacemeq.es\/dental\/#website\"},\"primaryImageOfPage\":{\"@id\":\"https:\/\/clinicacemeq.es\/dental\/2022\/05\/27\/precio-de-la-ortodoncia-invisible-en-valencia\/#primaryimage\"},\"image\":{\"@id\":\"https:\/\/clinicacemeq.es\/dental\/2022\/05\/27\/precio-de-la-ortodoncia-invisible-en-valencia\/#primaryimage\"},\"thumbnailUrl\":\"https:\/\/clinicacemeq.es\/dental\/wp-content\/uploads\/2022\/05\/precio-ortodoncia-invisible-valencia-1.png\",\"datePublished\":\"2022-05-27T11:45:58+00:00\",\"dateModified\":\"2024-09-09T11:23:35+00:00\",\"description\":\"En CEMEQ contamos con el mejor precio de ortodoncia invisible en Valencia. Pide cita ya. Primera consulta gratuita.\",\"breadcrumb\":{\"@id\":\"https:\/\/clinicacemeq.es\/dental\/2022\/05\/27\/precio-de-la-ortodoncia-invisible-en-valencia\/#breadcrumb\"},\"inLanguage\":\"es\",\"potentialAction\":[{\"@type\":\"ReadAction\",\"target\":[\"https:\/\/clinicacemeq.es\/dental\/2022\/05\/27\/precio-de-la-ortodoncia-invisible-en-valencia\/\"]}]},{\"@type\":\"ImageObject\",\"inLanguage\":\"es\",\"@id\":\"https:\/\/clinicacemeq.es\/dental\/2022\/05\/27\/precio-de-la-ortodoncia-invisible-en-valencia\/#primaryimage\",\"url\":\"https:\/\/clinicacemeq.es\/dental\/wp-content\/uploads\/2022\/05\/precio-ortodoncia-invisible-valencia-1.png\",\"contentUrl\":\"https:\/\/clinicacemeq.es\/dental\/wp-content\/uploads\/2022\/05\/precio-ortodoncia-invisible-valencia-1.png\",\"width\":1000,\"height\":665,\"caption\":\"precio-ortodoncia-invisible\"},{\"@type\":\"BreadcrumbList\",\"@id\":\"https:\/\/clinicacemeq.es\/dental\/2022\/05\/27\/precio-de-la-ortodoncia-invisible-en-valencia\/#breadcrumb\",\"itemListElement\":[{\"@type\":\"ListItem\",\"position\":1,\"name\":\"Portada\",\"item\":\"https:\/\/clinicacemeq.es\/dental\/\"},{\"@type\":\"ListItem\",\"position\":2,\"name\":\"Precio de la ortodoncia invisible en Valencia\"}]},{\"@type\":\"WebSite\",\"@id\":\"https:\/\/clinicacemeq.es\/dental\/#website\",\"url\":\"https:\/\/clinicacemeq.es\/dental\/\",\"name\":\"Cl\u00ednica Dental CEMEQ\",\"description\":\"Cl\u00ednica Dental Valencia | Dentista Valencia\",\"publisher\":{\"@id\":\"https:\/\/clinicacemeq.es\/dental\/#organization\"},\"potentialAction\":[{\"@type\":\"SearchAction\",\"target\":{\"@type\":\"EntryPoint\",\"urlTemplate\":\"https:\/\/clinicacemeq.es\/dental\/?s={search_term_string}\"},\"query-input\":\"required name=search_term_string\"}],\"inLanguage\":\"es\"},{\"@type\":\"Organization\",\"@id\":\"https:\/\/clinicacemeq.es\/dental\/#organization\",\"name\":\"CEMEQ\",\"url\":\"https:\/\/clinicacemeq.es\/dental\/\",\"logo\":{\"@type\":\"ImageObject\",\"inLanguage\":\"es\",\"@id\":\"https:\/\/clinicacemeq.es\/dental\/#\/schema\/logo\/image\/\",\"url\":\"https:\/\/clinicacemeq.es\/dental\/wp-content\/uploads\/2021\/07\/LOGO-WEB-1024x631-1.jpeg\",\"contentUrl\":\"https:\/\/clinicacemeq.es\/dental\/wp-content\/uploads\/2021\/07\/LOGO-WEB-1024x631-1.jpeg\",\"width\":1024,\"height\":631,\"caption\":\"CEMEQ\"},\"image\":{\"@id\":\"https:\/\/clinicacemeq.es\/dental\/#\/schema\/logo\/image\/\"}},{\"@type\":\"Person\",\"@id\":\"https:\/\/clinicacemeq.es\/dental\/#\/schema\/person\/c59ca45e0d40697222e3795fa6384c4d\",\"name\":\"Federico Mahiques\",\"image\":{\"@type\":\"ImageObject\",\"inLanguage\":\"es\",\"@id\":\"https:\/\/clinicacemeq.es\/dental\/#\/schema\/person\/image\/\",\"url\":\"https:\/\/secure.gravatar.com\/avatar\/a16f1bf5b7e085c0937f91eaf260e1fc?s=96&d=mm&r=g\",\"contentUrl\":\"https:\/\/secure.gravatar.com\/avatar\/a16f1bf5b7e085c0937f91eaf260e1fc?s=96&d=mm&r=g\",\"caption\":\"Federico Mahiques\"},\"url\":\"https:\/\/clinicacemeq.es\/dental\/author\/marketing\/\"}]}<\/script>\n<!-- \/ Yoast SEO Premium plugin. -->","yoast_head_json":{"title":"Precio de la ortodoncia invisible en Valencia &#8902; Cl\u00ednica Dental CEMEQ","description":"En CEMEQ contamos con el mejor precio de ortodoncia invisible en Valencia. Pide cita ya. Primera consulta gratuita.","robots":{"index":"index","follow":"follow","max-snippet":"max-snippet:-1","max-image-preview":"max-image-preview:large","max-video-preview":"max-video-preview:-1"},"canonical":"https:\/\/clinicacemeq.es\/dental\/2022\/05\/27\/precio-de-la-ortodoncia-invisible-en-valencia\/","og_locale":"es_ES","og_type":"article","og_title":"Precio de la ortodoncia invisible en Valencia","og_description":"En CEMEQ contamos con el mejor precio de ortodoncia invisible en Valencia. Pide cita ya. Primera consulta gratuita.","og_url":"https:\/\/clinicacemeq.es\/dental\/2022\/05\/27\/precio-de-la-ortodoncia-invisible-en-valencia\/","og_site_name":"Cl\u00ednica Dental CEMEQ","article_published_time":"2022-05-27T11:45:58+00:00","article_modified_time":"2024-09-09T11:23:35+00:00","og_image":[{"width":1000,"height":665,"url":"https:\/\/clinicacemeq.es\/dental\/wp-content\/uploads\/2022\/05\/precio-ortodoncia-invisible-valencia-1.png","type":"image\/png"}],"author":"Federico Mahiques","twitter_card":"summary_large_image","twitter_misc":{"Escrito por":"Federico Mahiques","Tiempo de lectura":"3 minutos"},"schema":{"@context":"https:\/\/schema.org","@graph":[{"@type":"Article","@id":"https:\/\/clinicacemeq.es\/dental\/2022\/05\/27\/precio-de-la-ortodoncia-invisible-en-valencia\/#article","isPartOf":{"@id":"https:\/\/clinicacemeq.es\/dental\/2022\/05\/27\/precio-de-la-ortodoncia-invisible-en-valencia\/"},"author":{"name":"Federico Mahiques","@id":"https:\/\/clinicacemeq.es\/dental\/#\/schema\/person\/c59ca45e0d40697222e3795fa6384c4d"},"headline":"Precio de la ortodoncia invisible en Valencia","datePublished":"2022-05-27T11:45:58+00:00","dateModified":"2024-09-09T11:23:35+00:00","mainEntityOfPage":{"@id":"https:\/\/clinicacemeq.es\/dental\/2022\/05\/27\/precio-de-la-ortodoncia-invisible-en-valencia\/"},"wordCount":567,"commentCount":0,"publisher":{"@id":"https:\/\/clinicacemeq.es\/dental\/#organization"},"image":{"@id":"https:\/\/clinicacemeq.es\/dental\/2022\/05\/27\/precio-de-la-ortodoncia-invisible-en-valencia\/#primaryimage"},"thumbnailUrl":"https:\/\/clinicacemeq.es\/dental\/wp-content\/uploads\/2022\/05\/precio-ortodoncia-invisible-valencia-1.png","articleSection":["Ortodoncia"],"inLanguage":"es","potentialAction":[{"@type":"CommentAction","name":"Comment","target":["https:\/\/clinicacemeq.es\/dental\/2022\/05\/27\/precio-de-la-ortodoncia-invisible-en-valencia\/#respond"]}]},{"@type":"WebPage","@id":"https:\/\/clinicacemeq.es\/dental\/2022\/05\/27\/precio-de-la-ortodoncia-invisible-en-valencia\/","url":"https:\/\/clinicacemeq.es\/dental\/2022\/05\/27\/precio-de-la-ortodoncia-invisible-en-valencia\/","name":"Precio de la ortodoncia invisible en Valencia &#8902; Cl\u00ednica Dental CEMEQ","isPartOf":{"@id":"https:\/\/clinicacemeq.es\/dental\/#website"},"primaryImageOfPage":{"@id":"https:\/\/clinicacemeq.es\/dental\/2022\/05\/27\/precio-de-la-ortodoncia-invisible-en-valencia\/#primaryimage"},"image":{"@id":"https:\/\/clinicacemeq.es\/dental\/2022\/05\/27\/precio-de-la-ortodoncia-invisible-en-valencia\/#primaryimage"},"thumbnailUrl":"https:\/\/clinicacemeq.es\/dental\/wp-content\/uploads\/2022\/05\/precio-ortodoncia-invisible-valencia-1.png","datePublished":"2022-05-27T11:45:58+00:00","dateModified":"2024-09-09T11:23:35+00:00","description":"En CEMEQ contamos con el mejor precio de ortodoncia invisible en Valencia. Pide cita ya. Primera consulta gratuita.","breadcrumb":{"@id":"https:\/\/clinicacemeq.es\/dental\/2022\/05\/27\/precio-de-la-ortodoncia-invisible-en-valencia\/#breadcrumb"},"inLanguage":"es","potentialAction":[{"@type":"ReadAction","target":["https:\/\/clinicacemeq.es\/dental\/2022\/05\/27\/precio-de-la-ortodoncia-invisible-en-valencia\/"]}]},{"@type":"ImageObject","inLanguage":"es","@id":"https:\/\/clinicacemeq.es\/dental\/2022\/05\/27\/precio-de-la-ortodoncia-invisible-en-valencia\/#primaryimage","url":"https:\/\/clinicacemeq.es\/dental\/wp-content\/uploads\/2022\/05\/precio-ortodoncia-invisible-valencia-1.png","contentUrl":"https:\/\/clinicacemeq.es\/dental\/wp-content\/uploads\/2022\/05\/precio-ortodoncia-invisible-valencia-1.png","width":1000,"height":665,"caption":"precio-ortodoncia-invisible"},{"@type":"BreadcrumbList","@id":"https:\/\/clinicacemeq.es\/dental\/2022\/05\/27\/precio-de-la-ortodoncia-invisible-en-valencia\/#breadcrumb","itemListElement":[{"@type":"ListItem","position":1,"name":"Portada","item":"https:\/\/clinicacemeq.es\/dental\/"},{"@type":"ListItem","position":2,"name":"Precio de la ortodoncia invisible en Valencia"}]},{"@type":"WebSite","@id":"https:\/\/clinicacemeq.es\/dental\/#website","url":"https:\/\/clinicacemeq.es\/dental\/","name":"Cl\u00ednica Dental CEMEQ","description":"Cl\u00ednica Dental Valencia | Dentista Valencia","publisher":{"@id":"https:\/\/clinicacemeq.es\/dental\/#organization"},"potentialAction":[{"@type":"SearchAction","target":{"@type":"EntryPoint","urlTemplate":"https:\/\/clinicacemeq.es\/dental\/?s={search_term_string}"},"query-input":"required name=search_term_string"}],"inLanguage":"es"},{"@type":"Organization","@id":"https:\/\/clinicacemeq.es\/dental\/#organization","name":"CEMEQ","url":"https:\/\/clinicacemeq.es\/dental\/","logo":{"@type":"ImageObject","inLanguage":"es","@id":"https:\/\/clinicacemeq.es\/dental\/#\/schema\/logo\/image\/","url":"https:\/\/clinicacemeq.es\/dental\/wp-content\/uploads\/2021\/07\/LOGO-WEB-1024x631-1.jpeg","contentUrl":"https:\/\/clinicacemeq.es\/dental\/wp-content\/uploads\/2021\/07\/LOGO-WEB-1024x631-1.jpeg","width":1024,"height":631,"caption":"CEMEQ"},"image":{"@id":"https:\/\/clinicacemeq.es\/dental\/#\/schema\/logo\/image\/"}},{"@type":"Person","@id":"https:\/\/clinicacemeq.es\/dental\/#\/schema\/person\/c59ca45e0d40697222e3795fa6384c4d","name":"Federico Mahiques","image":{"@type":"ImageObject","inLanguage":"es","@id":"https:\/\/clinicacemeq.es\/dental\/#\/schema\/person\/image\/","url":"https:\/\/secure.gravatar.com\/avatar\/a16f1bf5b7e085c0937f91eaf260e1fc?s=96&d=mm&r=g","contentUrl":"https:\/\/secure.gravatar.com\/avatar\/a16f1bf5b7e085c0937f91eaf260e1fc?s=96&d=mm&r=g","caption":"Federico Mahiques"},"url":"https:\/\/clinicacemeq.es\/dental\/author\/marketing\/"}]}},"_links":{"self":[{"href":"https:\/\/clinicacemeq.es\/dental\/wp-json\/wp\/v2\/posts\/4018"}],"collection":[{"href":"https:\/\/clinicacemeq.es\/dental\/wp-json\/wp\/v2\/posts"}],"about":[{"href":"https:\/\/clinicacemeq.es\/dental\/wp-json\/wp\/v2\/types\/post"}],"author":[{"embeddable":true,"href":"https:\/\/clinicacemeq.es\/dental\/wp-json\/wp\/v2\/users\/6"}],"replies":[{"embeddable":true,"href":"https:\/\/clinicacemeq.es\/dental\/wp-json\/wp\/v2\/comments?post=4018"}],"version-history":[{"count":5,"href":"https:\/\/clinicacemeq.es\/dental\/wp-json\/wp\/v2\/posts\/4018\/revisions"}],"predecessor-version":[{"id":11928,"href":"https:\/\/clinicacemeq.es\/dental\/wp-json\/wp\/v2\/posts\/4018\/revisions\/11928"}],"wp:featuredmedia":[{"embeddable":true,"href":"https:\/\/clinicacemeq.es\/dental\/wp-json\/wp\/v2\/media\/4020"}],"wp:attachment":[{"href":"https:\/\/clinicacemeq.es\/dental\/wp-json\/wp\/v2\/media?parent=4018"}],"wp:term":[{"taxonomy":"category","embeddable":true,"href":"https:\/\/clinicacemeq.es\/dental\/wp-json\/wp\/v2\/categories?post=4018"},{"taxonomy":"post_tag","embeddable":true,"href":"https:\/\/clinicacemeq.es\/dental\/wp-json\/wp\/v2\/tags?post=4018"}],"curies":[{"name":"wp","href":"https:\/\/api.w.org\/{rel}","templated":true}]}}