{"id":3927,"date":"2022-05-25T13:12:46","date_gmt":"2022-05-25T13:12:46","guid":{"rendered":"https:\/\/clinicacemeq.es\/dental\/?p=3927"},"modified":"2024-09-09T11:24:24","modified_gmt":"2024-09-09T11:24:24","slug":"brackets-u-invisalign-en-valencia-que-es-mejor","status":"publish","type":"post","link":"https:\/\/clinicacemeq.es\/dental\/2022\/05\/25\/brackets-u-invisalign-en-valencia-que-es-mejor\/","title":{"rendered":"Brackets u Invisalign en Valencia \u00bfQu\u00e9 es mejor?"},"content":{"rendered":"\n\n<div class=\"kk-star-ratings kksr-auto kksr-align-left kksr-valign-top\"\n    data-payload='{&quot;align&quot;:&quot;left&quot;,&quot;id&quot;:&quot;3927&quot;,&quot;slug&quot;:&quot;default&quot;,&quot;valign&quot;:&quot;top&quot;,&quot;ignore&quot;:&quot;&quot;,&quot;reference&quot;:&quot;auto&quot;,&quot;class&quot;:&quot;&quot;,&quot;count&quot;:&quot;0&quot;,&quot;legendonly&quot;:&quot;&quot;,&quot;readonly&quot;:&quot;&quot;,&quot;score&quot;:&quot;0&quot;,&quot;starsonly&quot;:&quot;&quot;,&quot;best&quot;:&quot;5&quot;,&quot;gap&quot;:&quot;5&quot;,&quot;greet&quot;:&quot;Valora esta publicaci\u00f3n \ud83d\ude09&quot;,&quot;legend&quot;:&quot;0\\\/5 - (0 votos)&quot;,&quot;size&quot;:&quot;24&quot;,&quot;title&quot;:&quot;Brackets u Invisalign en Valencia \u00bfQu\u00e9 es mejor?&quot;,&quot;width&quot;:&quot;0&quot;,&quot;_legend&quot;:&quot;{score}\\\/{best} - ({count} {votes})&quot;,&quot;font_factor&quot;:&quot;1.25&quot;}'>\n            \n<div class=\"kksr-stars\">\n    \n<div class=\"kksr-stars-inactive\">\n            <div class=\"kksr-star\" data-star=\"1\" style=\"padding-right: 5px\">\n            \n\n<div class=\"kksr-icon\" style=\"width: 24px; height: 24px;\"><\/div>\n        <\/div>\n            <div class=\"kksr-star\" data-star=\"2\" style=\"padding-right: 5px\">\n            \n\n<div class=\"kksr-icon\" style=\"width: 24px; height: 24px;\"><\/div>\n        <\/div>\n            <div class=\"kksr-star\" data-star=\"3\" style=\"padding-right: 5px\">\n            \n\n<div class=\"kksr-icon\" style=\"width: 24px; height: 24px;\"><\/div>\n        <\/div>\n            <div class=\"kksr-star\" data-star=\"4\" style=\"padding-right: 5px\">\n            \n\n<div class=\"kksr-icon\" style=\"width: 24px; height: 24px;\"><\/div>\n        <\/div>\n            <div class=\"kksr-star\" data-star=\"5\" style=\"padding-right: 5px\">\n            \n\n<div class=\"kksr-icon\" style=\"width: 24px; height: 24px;\"><\/div>\n        <\/div>\n    <\/div>\n    \n<div class=\"kksr-stars-active\" style=\"width: 0px;\">\n            <div class=\"kksr-star\" style=\"padding-right: 5px\">\n            \n\n<div class=\"kksr-icon\" style=\"width: 24px; height: 24px;\"><\/div>\n        <\/div>\n            <div class=\"kksr-star\" style=\"padding-right: 5px\">\n            \n\n<div class=\"kksr-icon\" style=\"width: 24px; height: 24px;\"><\/div>\n        <\/div>\n            <div class=\"kksr-star\" style=\"padding-right: 5px\">\n            \n\n<div class=\"kksr-icon\" style=\"width: 24px; height: 24px;\"><\/div>\n        <\/div>\n            <div class=\"kksr-star\" style=\"padding-right: 5px\">\n            \n\n<div class=\"kksr-icon\" style=\"width: 24px; height: 24px;\"><\/div>\n        <\/div>\n            <div class=\"kksr-star\" style=\"padding-right: 5px\">\n            \n\n<div class=\"kksr-icon\" style=\"width: 24px; height: 24px;\"><\/div>\n        <\/div>\n    <\/div>\n<\/div>\n                \n\n<div class=\"kksr-legend\" style=\"font-size: 19.2px;\">\n            <span class=\"kksr-muted\">Valora esta publicaci\u00f3n \ud83d\ude09<\/span>\n    <\/div>\n    <\/div>\n<h2><strong>Brackets u Invisalign en Valencia: \u00bfQu\u00e9 es mejor?<\/strong><\/h2>\n<p><span style=\"font-weight: 400;\">A la hora de elegir un tratamiento para cualquier correcci\u00f3n que queramos llevar a cabo en nuestra dentadura, es muy posible que la primera duda que nos surja sea: \u00bfQu\u00e9 es mejor, llevar brackets o ponerse <\/span><b>ortodoncia invisible en Valencia?<\/b><\/p>\n<p><span style=\"font-weight: 400;\">Probablemente, por nuestra mente empiezan a desfilar razones relacionadas con el <\/span><b>precio<\/b><span style=\"font-weight: 400;\">, la <\/span><b>duraci\u00f3n<\/b><span style=\"font-weight: 400;\"> del tratamiento, la <\/span><b>comodidad<\/b><span style=\"font-weight: 400;\">, la <\/span><b>efectividad<\/b><span style=\"font-weight: 400;\">\u2026<\/span><\/p>\n<p><span style=\"font-weight: 400;\">En nuestra <a href=\"https:\/\/clinicacemeq.es\/dental\/\" target=\"_blank\" rel=\"noopener\"><strong>cl\u00ednica dental en Valencia<\/strong><\/a> ofrecemos los mejores tratamientos de alineadores invisibles, el mejor precio, ortodoncia invisible e incluso<strong> brackets invisibles en Valencia.\u00a0<\/strong> Si quieres informarte para saber cu\u00e1l de todos estos m\u00e9todos se adecuar\u00eda mejor a ti, \u00a1sigue leyendo!<\/span><\/p>\n<h2><b>Brackets tradicionales vs Brackets invisibles en valencia<\/b><\/h2>\n<p><span style=\"font-weight: 400;\">Existen varios tipos de alineadores y de <\/span><a href=\"https:\/\/clinicacemeq.es\/dental\/ortodoncia-invisible\/\" target=\"_blank\" rel=\"noopener\"><b>brackets invisibles en Valencia<\/b><\/a><span style=\"font-weight: 400;\"> y a continuaci\u00f3n vamos a hablarte de ellos, pero la diferencia m\u00e1s notable entre ambos tipos de tratamiento es que los brackets son fijos, mientras que la ortodoncia invisible o Invisalign es extra\u00edble.<\/span><\/p>\n<h3><b><img loading=\"lazy\" decoding=\"async\" class=\"size-medium wp-image-3929 aligncenter\" src=\"https:\/\/clinicacemeq.es\/dental\/wp-content\/uploads\/2022\/05\/brackets-invisibles-valencia-1-300x200.png\" alt=\"brackets-invisibles\" width=\"300\" height=\"200\" srcset=\"https:\/\/clinicacemeq.es\/dental\/wp-content\/uploads\/2022\/05\/brackets-invisibles-valencia-1-300x200.png 300w, https:\/\/clinicacemeq.es\/dental\/wp-content\/uploads\/2022\/05\/brackets-invisibles-valencia-1-768x512.png 768w, https:\/\/clinicacemeq.es\/dental\/wp-content\/uploads\/2022\/05\/brackets-invisibles-valencia-1-900x600.png 900w, https:\/\/clinicacemeq.es\/dental\/wp-content\/uploads\/2022\/05\/brackets-invisibles-valencia-1.png 1000w\" sizes=\"(max-width: 300px) 100vw, 300px\" \/><\/b><\/h3>\n<h3><b>Tipos de brackets invisibles o visibles<\/b><\/h3>\n<p><span style=\"font-weight: 400;\">Con el paso del tiempo, la tecnolog\u00eda en cuanto a brackets ha avanzado mucho y hoy en d\u00eda apenas se ven los cl\u00e1sicos alineadores de metal a los que est\u00e1bamos acostumbrados en la primera d\u00e9cada de los 2000.<\/span><\/p>\n<p><span style=\"font-weight: 400;\">No obstante, las personas que a\u00fan hoy se decantan por este tipo de alineador probablemente est\u00e1n eligiendo con base en su <\/span><b>precio<\/b><span style=\"font-weight: 400;\">, ya que actualmente se trata de uno de los m\u00e1s econ\u00f3micos.\u00a0<\/span><\/p>\n<p><span style=\"font-weight: 400;\">A continuaci\u00f3n, te hablamos en profundidad de los <\/span><b>tipos de brackets que existen<\/b><span style=\"font-weight: 400;\">:<\/span><\/p>\n<ul>\n<li><b>Brackets met\u00e1licos<\/b><span style=\"font-weight: 400;\">. Aunque est\u00e9ticamente son los <\/span><b>m\u00e1s visibles<\/b><span style=\"font-weight: 400;\"> y los que distorsionan m\u00e1s el rostro de la persona, suponen un <\/span><b>ahorro<\/b><span style=\"font-weight: 400;\"> respecto a otros tipos de ortodoncia invisible como es Invisalign.<\/span><\/li>\n<li><b>Brackets de resina, policarbonato <\/b><span style=\"font-weight: 400;\">o <\/span><b>pl\u00e1stico<\/b><span style=\"font-weight: 400;\">. Aunque resultan <\/span><b>muy econ\u00f3micos<\/b><span style=\"font-weight: 400;\">, est\u00e1n fabricados con materiales menos duraderos y, por tanto, menos funcionales. No son tan c\u00f3modos y se van desgastando con el tiempo. Sin embargo, pueden ser una buena opci\u00f3n para aquellas personas que desean <\/span><b>obtener resultados sin realizar un gran desembolso<\/b><span style=\"font-weight: 400;\">.<\/span><\/li>\n<li><b>Brackets de cer\u00e1mica<\/b><span style=\"font-weight: 400;\">. Son muy <\/span><b>funcionales <\/b><span style=\"font-weight: 400;\">y<\/span><b> duraderos<\/b><span style=\"font-weight: 400;\">. Est\u00e9ticamente, suponen un avance respecto a los anteriores porque quiz\u00e1s se aprecia el alambre que une los brackets, pero no tanto las piezas. Aunque su precio es mayor que el de los brackets met\u00e1licos, el <\/span><b>rango de precios<\/b><span style=\"font-weight: 400;\"> es <\/span><b>muy asequible<\/b><span style=\"font-weight: 400;\">.<\/span><\/li>\n<li><b>Brackets de zafiro<\/b><span style=\"font-weight: 400;\">. Son <\/span><b>bonitos<\/b><span style=\"font-weight: 400;\">, <\/span><b>efectivos<\/b><span style=\"font-weight: 400;\"> y <\/span><b>duraderos<\/b><span style=\"font-weight: 400;\">. Son los llamados <\/span><b>brackets invisibles<\/b><span style=\"font-weight: 400;\"> porque a\u00fan se perciben menos que los de cer\u00e1mica. Este salto cualitativo se ve reflejado en el precio, que asciende respecto a los anteriores, pero los resultados lo merecen.\u00a0<\/span><\/li>\n<\/ul>\n<h2><b><img loading=\"lazy\" decoding=\"async\" class=\"size-medium wp-image-3928 aligncenter\" src=\"https:\/\/clinicacemeq.es\/dental\/wp-content\/uploads\/2022\/05\/alineadores-invisibles-valencia-1-300x200.png\" alt=\"alineadores-invisibles\" width=\"300\" height=\"200\" srcset=\"https:\/\/clinicacemeq.es\/dental\/wp-content\/uploads\/2022\/05\/alineadores-invisibles-valencia-1-300x200.png 300w, https:\/\/clinicacemeq.es\/dental\/wp-content\/uploads\/2022\/05\/alineadores-invisibles-valencia-1-768x511.png 768w, https:\/\/clinicacemeq.es\/dental\/wp-content\/uploads\/2022\/05\/alineadores-invisibles-valencia-1-900x600.png 900w, https:\/\/clinicacemeq.es\/dental\/wp-content\/uploads\/2022\/05\/alineadores-invisibles-valencia-1.png 1000w\" sizes=\"(max-width: 300px) 100vw, 300px\" \/><\/b><\/h2>\n<h2><b>Invisalign Valencia: pros y contras<\/b><\/h2>\n<p><span style=\"font-weight: 400;\">Lo cierto es que la <a href=\"https:\/\/clinicacemeq.es\/dental\/ortodoncia-invisible\/\">ortodoncia invisible<\/a>, como es el caso de<\/span><b> Invisalign en Valencia,<\/b><span style=\"font-weight: 400;\"> presenta <\/span><b>pocos contras y much\u00edsimas ventajas<\/b><span style=\"font-weight: 400;\">, sobre todo respecto a los brackets.<\/span><\/p>\n<p><span style=\"font-weight: 400;\">El precio invisalign\u00a0 es m\u00e1s alto, pero es la mejor opci\u00f3n a largo plazo por todos los beneficios que conlleva:<\/span><\/p>\n<ol>\n<li style=\"font-weight: 400;\" aria-level=\"1\"><span style=\"font-weight: 400;\">\u00a0La <\/span><b>ortodoncia Invisalign<\/b><span style=\"font-weight: 400;\"> presenta la <\/span><b>t\u00e9cnica m\u00e1s avanzada<\/b><span style=\"font-weight: 400;\"> actualmente en materia de <\/span><b>alineaci\u00f3n dental<\/b><span style=\"font-weight: 400;\"> y <\/span><b>correcci\u00f3n<\/b><span style=\"font-weight: 400;\"> de <\/span><b>maloclusi\u00f3n<\/b><span style=\"font-weight: 400;\"> y otras patolog\u00edas.<\/span><\/li>\n<li style=\"font-weight: 400;\" aria-level=\"1\"><span style=\"font-weight: 400;\">Existen <\/span><b>distintos tipos<\/b><span style=\"font-weight: 400;\"> de ortodoncia Invisalign con <\/span><b>diferentes rangos de precio<\/b><span style=\"font-weight: 400;\">: Full, Comprehensive, Lite, Express\u2026 Incluso Invisalign Teen, pensado especialmente para adolescentes.<\/span><\/li>\n<li style=\"font-weight: 400;\" aria-level=\"1\"><span style=\"font-weight: 400;\">Se trata de un <\/span><b>tratamiento<\/b> <b>extra\u00edble<\/b><span style=\"font-weight: 400;\">, es decir, <\/span><b>de quita y pon<\/b><span style=\"font-weight: 400;\">. Aunque el paciente debe llevar los alienadores invisibles durante el d\u00eda tantas horas como le indique nuestro experto ortodoncista, tambi\u00e9n podr\u00e1 quit\u00e1rselos en cualquier momento que lo necesite, facilitando su d\u00eda a d\u00eda y mejorando su calidad de vida.\u00a0<\/span><\/li>\n<li style=\"font-weight: 400;\" aria-level=\"1\"><span style=\"font-weight: 400;\">La <\/span><b>comodidad<\/b><span style=\"font-weight: 400;\"> est\u00e1 al servicio del paciente con estas f\u00e9rulas, puesto que se adaptan perfectamente a cada diente.\u00a0<\/span><\/li>\n<li style=\"font-weight: 400;\" aria-level=\"1\"><span style=\"font-weight: 400;\">El <\/span><b>tratamiento<\/b><span style=\"font-weight: 400;\"> es totalmente <\/span><b>personalizado<\/b><span style=\"font-weight: 400;\"> y llevamos a cabo un <\/span><b>seguimiento exhaustivo <\/b><span style=\"font-weight: 400;\">tanto durante como despu\u00e9s de todo el proceso.<\/span><\/li>\n<li style=\"font-weight: 400;\" aria-level=\"1\"><span style=\"font-weight: 400;\">Los <\/span><b>resultados<\/b><span style=\"font-weight: 400;\"> est\u00e1n <\/span><b>garantizados<\/b><span style=\"font-weight: 400;\"> en nuestra cl\u00ednica dental en Valencia gracias a nuestro equipo de profesionales expertos en ortodoncia invisible.\u00a0<\/span><\/li>\n<\/ol>\n<p><span style=\"font-weight: 400;\">C\u00f3mo ves, el \u00fanico contra del <\/span><b>Invisalign precio<\/b><span style=\"font-weight: 400;\">. Aun as\u00ed, elijas lo que elijas, en <a href=\"https:\/\/clinicacemeq.es\/dental\/\"><strong>CEMEQ<\/strong><\/a> te aseguramos el \u00e9xito del tratamiento.\u00a0<\/span><\/p>\n<p><span id=\"hs-cta-wrapper-660305af-0778-4729-be6b-a94b1d2c72c6\" class=\"hs-cta-wrapper\"><span id=\"hs-cta-660305af-0778-4729-be6b-a94b1d2c72c6\" class=\"hs-cta-node hs-cta-660305af-0778-4729-be6b-a94b1d2c72c6\"><a href=\"https:\/\/clinicacemeq.es\/dental\/ortodoncia-lp\/\" target=\"_blank\" rel=\"noopener\"><img loading=\"lazy\" decoding=\"async\" id=\"hs-cta-img-660305af-0778-4729-be6b-a94b1d2c72c6\" class=\"hs-cta-img aligncenter\" src=\"https:\/\/hubspot-no-cache-eu1-prod.s3.amazonaws.com\/cta\/default\/25939375\/660305af-0778-4729-be6b-a94b1d2c72c6.png\" alt=\"Consigue la mejor versi\u00f3n de tu sonrisa\" width=\"663\" height=\"199\" \/><\/a><\/span><\/span><\/p>\n<p><span style=\"font-weight: 400;\">Si necesitas m\u00e1s informaci\u00f3n para decantarte por un tratamiento u otro, no dudes en contactarnos. Estaremos encantados de asesorarte al detalle. <a href=\"https:\/\/clinicacemeq.es\/dental\/contacto\/\" target=\"_blank\" rel=\"noopener\"><strong>Pide cita. Primera consulta gratuita.<\/strong><\/a><\/span><\/p>\n<p>\u00a0<\/p>\n","protected":false},"excerpt":{"rendered":"<p>Brackets u Invisalign en Valencia: \u00bfQu\u00e9 es mejor? A la hora de elegir un tratamiento para cualquier correcci\u00f3n que queramos llevar a cabo en nuestra dentadura, es muy posible que la primera duda que nos surja sea: \u00bfQu\u00e9 es mejor, llevar brackets o ponerse ortodoncia invisible en Valencia? Probablemente, por nuestra mente empiezan a desfilar [&#8230;]\n","protected":false},"author":6,"featured_media":3930,"comment_status":"open","ping_status":"open","sticky":false,"template":"","format":"standard","meta":{"footnotes":""},"categories":[147],"tags":[],"yoast_head":"<!-- This site is optimized with the Yoast SEO Premium plugin v18.3 (Yoast SEO v22.7) - https:\/\/yoast.com\/wordpress\/plugins\/seo\/ -->\n<title>Brackets u Invisalign en Valencia \u00bfQu\u00e9 es mejor? \u22c6 CEMEQ<\/title>\n<meta name=\"description\" content=\"Cl\u00ednica dental especializada en Invisalign en valencia centro. Pide cita ya. Primera consulta , revisi\u00f3n 3D gratis.\" \/>\n<meta name=\"robots\" content=\"index, follow, max-snippet:-1, max-image-preview:large, max-video-preview:-1\" \/>\n<link rel=\"canonical\" href=\"https:\/\/clinicacemeq.es\/dental\/2022\/05\/25\/brackets-u-invisalign-en-valencia-que-es-mejor\/\" \/>\n<meta property=\"og:locale\" content=\"es_ES\" \/>\n<meta property=\"og:type\" content=\"article\" \/>\n<meta property=\"og:title\" content=\"Brackets u Invisalign en Valencia \u00bfQu\u00e9 es mejor?\" \/>\n<meta property=\"og:description\" content=\"Cl\u00ednica dental especializada en Invisalign en valencia centro. Pide cita ya. Primera consulta , revisi\u00f3n 3D gratis.\" \/>\n<meta property=\"og:url\" content=\"https:\/\/clinicacemeq.es\/dental\/2022\/05\/25\/brackets-u-invisalign-en-valencia-que-es-mejor\/\" \/>\n<meta property=\"og:site_name\" content=\"Cl\u00ednica Dental CEMEQ\" \/>\n<meta property=\"article:published_time\" content=\"2022-05-25T13:12:46+00:00\" \/>\n<meta property=\"article:modified_time\" content=\"2024-09-09T11:24:24+00:00\" \/>\n<meta property=\"og:image\" content=\"https:\/\/clinicacemeq.es\/dental\/wp-content\/uploads\/2022\/05\/invisalign-precio-valencia-1.png\" \/>\n\t<meta property=\"og:image:width\" content=\"1000\" \/>\n\t<meta property=\"og:image:height\" content=\"667\" \/>\n\t<meta property=\"og:image:type\" content=\"image\/png\" \/>\n<meta name=\"author\" content=\"Federico Mahiques\" \/>\n<meta name=\"twitter:card\" content=\"summary_large_image\" \/>\n<meta name=\"twitter:label1\" content=\"Escrito por\" \/>\n\t<meta name=\"twitter:data1\" content=\"Federico Mahiques\" \/>\n\t<meta name=\"twitter:label2\" content=\"Tiempo de lectura\" \/>\n\t<meta name=\"twitter:data2\" content=\"4 minutos\" \/>\n<script type=\"application\/ld+json\" class=\"yoast-schema-graph\">{\"@context\":\"https:\/\/schema.org\",\"@graph\":[{\"@type\":\"Article\",\"@id\":\"https:\/\/clinicacemeq.es\/dental\/2022\/05\/25\/brackets-u-invisalign-en-valencia-que-es-mejor\/#article\",\"isPartOf\":{\"@id\":\"https:\/\/clinicacemeq.es\/dental\/2022\/05\/25\/brackets-u-invisalign-en-valencia-que-es-mejor\/\"},\"author\":{\"name\":\"Federico Mahiques\",\"@id\":\"https:\/\/clinicacemeq.es\/dental\/#\/schema\/person\/c59ca45e0d40697222e3795fa6384c4d\"},\"headline\":\"Brackets u Invisalign en Valencia \u00bfQu\u00e9 es mejor?\",\"datePublished\":\"2022-05-25T13:12:46+00:00\",\"dateModified\":\"2024-09-09T11:24:24+00:00\",\"mainEntityOfPage\":{\"@id\":\"https:\/\/clinicacemeq.es\/dental\/2022\/05\/25\/brackets-u-invisalign-en-valencia-que-es-mejor\/\"},\"wordCount\":738,\"commentCount\":0,\"publisher\":{\"@id\":\"https:\/\/clinicacemeq.es\/dental\/#organization\"},\"image\":{\"@id\":\"https:\/\/clinicacemeq.es\/dental\/2022\/05\/25\/brackets-u-invisalign-en-valencia-que-es-mejor\/#primaryimage\"},\"thumbnailUrl\":\"https:\/\/clinicacemeq.es\/dental\/wp-content\/uploads\/2022\/05\/invisalign-precio-valencia-1.png\",\"articleSection\":[\"Ortodoncia\"],\"inLanguage\":\"es\",\"potentialAction\":[{\"@type\":\"CommentAction\",\"name\":\"Comment\",\"target\":[\"https:\/\/clinicacemeq.es\/dental\/2022\/05\/25\/brackets-u-invisalign-en-valencia-que-es-mejor\/#respond\"]}]},{\"@type\":\"WebPage\",\"@id\":\"https:\/\/clinicacemeq.es\/dental\/2022\/05\/25\/brackets-u-invisalign-en-valencia-que-es-mejor\/\",\"url\":\"https:\/\/clinicacemeq.es\/dental\/2022\/05\/25\/brackets-u-invisalign-en-valencia-que-es-mejor\/\",\"name\":\"Brackets u Invisalign en Valencia \u00bfQu\u00e9 es mejor? \u22c6 CEMEQ\",\"isPartOf\":{\"@id\":\"https:\/\/clinicacemeq.es\/dental\/#website\"},\"primaryImageOfPage\":{\"@id\":\"https:\/\/clinicacemeq.es\/dental\/2022\/05\/25\/brackets-u-invisalign-en-valencia-que-es-mejor\/#primaryimage\"},\"image\":{\"@id\":\"https:\/\/clinicacemeq.es\/dental\/2022\/05\/25\/brackets-u-invisalign-en-valencia-que-es-mejor\/#primaryimage\"},\"thumbnailUrl\":\"https:\/\/clinicacemeq.es\/dental\/wp-content\/uploads\/2022\/05\/invisalign-precio-valencia-1.png\",\"datePublished\":\"2022-05-25T13:12:46+00:00\",\"dateModified\":\"2024-09-09T11:24:24+00:00\",\"description\":\"Cl\u00ednica dental especializada en Invisalign en valencia centro. Pide cita ya. Primera consulta , revisi\u00f3n 3D gratis.\",\"breadcrumb\":{\"@id\":\"https:\/\/clinicacemeq.es\/dental\/2022\/05\/25\/brackets-u-invisalign-en-valencia-que-es-mejor\/#breadcrumb\"},\"inLanguage\":\"es\",\"potentialAction\":[{\"@type\":\"ReadAction\",\"target\":[\"https:\/\/clinicacemeq.es\/dental\/2022\/05\/25\/brackets-u-invisalign-en-valencia-que-es-mejor\/\"]}]},{\"@type\":\"ImageObject\",\"inLanguage\":\"es\",\"@id\":\"https:\/\/clinicacemeq.es\/dental\/2022\/05\/25\/brackets-u-invisalign-en-valencia-que-es-mejor\/#primaryimage\",\"url\":\"https:\/\/clinicacemeq.es\/dental\/wp-content\/uploads\/2022\/05\/invisalign-precio-valencia-1.png\",\"contentUrl\":\"https:\/\/clinicacemeq.es\/dental\/wp-content\/uploads\/2022\/05\/invisalign-precio-valencia-1.png\",\"width\":1000,\"height\":667,\"caption\":\"ortodoncia-invisible-en-valencia\"},{\"@type\":\"BreadcrumbList\",\"@id\":\"https:\/\/clinicacemeq.es\/dental\/2022\/05\/25\/brackets-u-invisalign-en-valencia-que-es-mejor\/#breadcrumb\",\"itemListElement\":[{\"@type\":\"ListItem\",\"position\":1,\"name\":\"Portada\",\"item\":\"https:\/\/clinicacemeq.es\/dental\/\"},{\"@type\":\"ListItem\",\"position\":2,\"name\":\"Brackets u Invisalign en Valencia \u00bfQu\u00e9 es mejor?\"}]},{\"@type\":\"WebSite\",\"@id\":\"https:\/\/clinicacemeq.es\/dental\/#website\",\"url\":\"https:\/\/clinicacemeq.es\/dental\/\",\"name\":\"Cl\u00ednica Dental CEMEQ\",\"description\":\"Cl\u00ednica Dental Valencia | Dentista Valencia\",\"publisher\":{\"@id\":\"https:\/\/clinicacemeq.es\/dental\/#organization\"},\"potentialAction\":[{\"@type\":\"SearchAction\",\"target\":{\"@type\":\"EntryPoint\",\"urlTemplate\":\"https:\/\/clinicacemeq.es\/dental\/?s={search_term_string}\"},\"query-input\":\"required name=search_term_string\"}],\"inLanguage\":\"es\"},{\"@type\":\"Organization\",\"@id\":\"https:\/\/clinicacemeq.es\/dental\/#organization\",\"name\":\"CEMEQ\",\"url\":\"https:\/\/clinicacemeq.es\/dental\/\",\"logo\":{\"@type\":\"ImageObject\",\"inLanguage\":\"es\",\"@id\":\"https:\/\/clinicacemeq.es\/dental\/#\/schema\/logo\/image\/\",\"url\":\"https:\/\/clinicacemeq.es\/dental\/wp-content\/uploads\/2021\/07\/LOGO-WEB-1024x631-1.jpeg\",\"contentUrl\":\"https:\/\/clinicacemeq.es\/dental\/wp-content\/uploads\/2021\/07\/LOGO-WEB-1024x631-1.jpeg\",\"width\":1024,\"height\":631,\"caption\":\"CEMEQ\"},\"image\":{\"@id\":\"https:\/\/clinicacemeq.es\/dental\/#\/schema\/logo\/image\/\"}},{\"@type\":\"Person\",\"@id\":\"https:\/\/clinicacemeq.es\/dental\/#\/schema\/person\/c59ca45e0d40697222e3795fa6384c4d\",\"name\":\"Federico Mahiques\",\"image\":{\"@type\":\"ImageObject\",\"inLanguage\":\"es\",\"@id\":\"https:\/\/clinicacemeq.es\/dental\/#\/schema\/person\/image\/\",\"url\":\"https:\/\/secure.gravatar.com\/avatar\/a16f1bf5b7e085c0937f91eaf260e1fc?s=96&d=mm&r=g\",\"contentUrl\":\"https:\/\/secure.gravatar.com\/avatar\/a16f1bf5b7e085c0937f91eaf260e1fc?s=96&d=mm&r=g\",\"caption\":\"Federico Mahiques\"},\"url\":\"https:\/\/clinicacemeq.es\/dental\/author\/marketing\/\"}]}<\/script>\n<!-- \/ Yoast SEO Premium plugin. -->","yoast_head_json":{"title":"Brackets u Invisalign en Valencia \u00bfQu\u00e9 es mejor? \u22c6 CEMEQ","description":"Cl\u00ednica dental especializada en Invisalign en valencia centro. Pide cita ya. Primera consulta , revisi\u00f3n 3D gratis.","robots":{"index":"index","follow":"follow","max-snippet":"max-snippet:-1","max-image-preview":"max-image-preview:large","max-video-preview":"max-video-preview:-1"},"canonical":"https:\/\/clinicacemeq.es\/dental\/2022\/05\/25\/brackets-u-invisalign-en-valencia-que-es-mejor\/","og_locale":"es_ES","og_type":"article","og_title":"Brackets u Invisalign en Valencia \u00bfQu\u00e9 es mejor?","og_description":"Cl\u00ednica dental especializada en Invisalign en valencia centro. Pide cita ya. Primera consulta , revisi\u00f3n 3D gratis.","og_url":"https:\/\/clinicacemeq.es\/dental\/2022\/05\/25\/brackets-u-invisalign-en-valencia-que-es-mejor\/","og_site_name":"Cl\u00ednica Dental CEMEQ","article_published_time":"2022-05-25T13:12:46+00:00","article_modified_time":"2024-09-09T11:24:24+00:00","og_image":[{"width":1000,"height":667,"url":"https:\/\/clinicacemeq.es\/dental\/wp-content\/uploads\/2022\/05\/invisalign-precio-valencia-1.png","type":"image\/png"}],"author":"Federico Mahiques","twitter_card":"summary_large_image","twitter_misc":{"Escrito por":"Federico Mahiques","Tiempo de lectura":"4 minutos"},"schema":{"@context":"https:\/\/schema.org","@graph":[{"@type":"Article","@id":"https:\/\/clinicacemeq.es\/dental\/2022\/05\/25\/brackets-u-invisalign-en-valencia-que-es-mejor\/#article","isPartOf":{"@id":"https:\/\/clinicacemeq.es\/dental\/2022\/05\/25\/brackets-u-invisalign-en-valencia-que-es-mejor\/"},"author":{"name":"Federico Mahiques","@id":"https:\/\/clinicacemeq.es\/dental\/#\/schema\/person\/c59ca45e0d40697222e3795fa6384c4d"},"headline":"Brackets u Invisalign en Valencia \u00bfQu\u00e9 es mejor?","datePublished":"2022-05-25T13:12:46+00:00","dateModified":"2024-09-09T11:24:24+00:00","mainEntityOfPage":{"@id":"https:\/\/clinicacemeq.es\/dental\/2022\/05\/25\/brackets-u-invisalign-en-valencia-que-es-mejor\/"},"wordCount":738,"commentCount":0,"publisher":{"@id":"https:\/\/clinicacemeq.es\/dental\/#organization"},"image":{"@id":"https:\/\/clinicacemeq.es\/dental\/2022\/05\/25\/brackets-u-invisalign-en-valencia-que-es-mejor\/#primaryimage"},"thumbnailUrl":"https:\/\/clinicacemeq.es\/dental\/wp-content\/uploads\/2022\/05\/invisalign-precio-valencia-1.png","articleSection":["Ortodoncia"],"inLanguage":"es","potentialAction":[{"@type":"CommentAction","name":"Comment","target":["https:\/\/clinicacemeq.es\/dental\/2022\/05\/25\/brackets-u-invisalign-en-valencia-que-es-mejor\/#respond"]}]},{"@type":"WebPage","@id":"https:\/\/clinicacemeq.es\/dental\/2022\/05\/25\/brackets-u-invisalign-en-valencia-que-es-mejor\/","url":"https:\/\/clinicacemeq.es\/dental\/2022\/05\/25\/brackets-u-invisalign-en-valencia-que-es-mejor\/","name":"Brackets u Invisalign en Valencia \u00bfQu\u00e9 es mejor? \u22c6 CEMEQ","isPartOf":{"@id":"https:\/\/clinicacemeq.es\/dental\/#website"},"primaryImageOfPage":{"@id":"https:\/\/clinicacemeq.es\/dental\/2022\/05\/25\/brackets-u-invisalign-en-valencia-que-es-mejor\/#primaryimage"},"image":{"@id":"https:\/\/clinicacemeq.es\/dental\/2022\/05\/25\/brackets-u-invisalign-en-valencia-que-es-mejor\/#primaryimage"},"thumbnailUrl":"https:\/\/clinicacemeq.es\/dental\/wp-content\/uploads\/2022\/05\/invisalign-precio-valencia-1.png","datePublished":"2022-05-25T13:12:46+00:00","dateModified":"2024-09-09T11:24:24+00:00","description":"Cl\u00ednica dental especializada en Invisalign en valencia centro. Pide cita ya. Primera consulta , revisi\u00f3n 3D gratis.","breadcrumb":{"@id":"https:\/\/clinicacemeq.es\/dental\/2022\/05\/25\/brackets-u-invisalign-en-valencia-que-es-mejor\/#breadcrumb"},"inLanguage":"es","potentialAction":[{"@type":"ReadAction","target":["https:\/\/clinicacemeq.es\/dental\/2022\/05\/25\/brackets-u-invisalign-en-valencia-que-es-mejor\/"]}]},{"@type":"ImageObject","inLanguage":"es","@id":"https:\/\/clinicacemeq.es\/dental\/2022\/05\/25\/brackets-u-invisalign-en-valencia-que-es-mejor\/#primaryimage","url":"https:\/\/clinicacemeq.es\/dental\/wp-content\/uploads\/2022\/05\/invisalign-precio-valencia-1.png","contentUrl":"https:\/\/clinicacemeq.es\/dental\/wp-content\/uploads\/2022\/05\/invisalign-precio-valencia-1.png","width":1000,"height":667,"caption":"ortodoncia-invisible-en-valencia"},{"@type":"BreadcrumbList","@id":"https:\/\/clinicacemeq.es\/dental\/2022\/05\/25\/brackets-u-invisalign-en-valencia-que-es-mejor\/#breadcrumb","itemListElement":[{"@type":"ListItem","position":1,"name":"Portada","item":"https:\/\/clinicacemeq.es\/dental\/"},{"@type":"ListItem","position":2,"name":"Brackets u Invisalign en Valencia \u00bfQu\u00e9 es mejor?"}]},{"@type":"WebSite","@id":"https:\/\/clinicacemeq.es\/dental\/#website","url":"https:\/\/clinicacemeq.es\/dental\/","name":"Cl\u00ednica Dental CEMEQ","description":"Cl\u00ednica Dental Valencia | Dentista Valencia","publisher":{"@id":"https:\/\/clinicacemeq.es\/dental\/#organization"},"potentialAction":[{"@type":"SearchAction","target":{"@type":"EntryPoint","urlTemplate":"https:\/\/clinicacemeq.es\/dental\/?s={search_term_string}"},"query-input":"required name=search_term_string"}],"inLanguage":"es"},{"@type":"Organization","@id":"https:\/\/clinicacemeq.es\/dental\/#organization","name":"CEMEQ","url":"https:\/\/clinicacemeq.es\/dental\/","logo":{"@type":"ImageObject","inLanguage":"es","@id":"https:\/\/clinicacemeq.es\/dental\/#\/schema\/logo\/image\/","url":"https:\/\/clinicacemeq.es\/dental\/wp-content\/uploads\/2021\/07\/LOGO-WEB-1024x631-1.jpeg","contentUrl":"https:\/\/clinicacemeq.es\/dental\/wp-content\/uploads\/2021\/07\/LOGO-WEB-1024x631-1.jpeg","width":1024,"height":631,"caption":"CEMEQ"},"image":{"@id":"https:\/\/clinicacemeq.es\/dental\/#\/schema\/logo\/image\/"}},{"@type":"Person","@id":"https:\/\/clinicacemeq.es\/dental\/#\/schema\/person\/c59ca45e0d40697222e3795fa6384c4d","name":"Federico Mahiques","image":{"@type":"ImageObject","inLanguage":"es","@id":"https:\/\/clinicacemeq.es\/dental\/#\/schema\/person\/image\/","url":"https:\/\/secure.gravatar.com\/avatar\/a16f1bf5b7e085c0937f91eaf260e1fc?s=96&d=mm&r=g","contentUrl":"https:\/\/secure.gravatar.com\/avatar\/a16f1bf5b7e085c0937f91eaf260e1fc?s=96&d=mm&r=g","caption":"Federico Mahiques"},"url":"https:\/\/clinicacemeq.es\/dental\/author\/marketing\/"}]}},"_links":{"self":[{"href":"https:\/\/clinicacemeq.es\/dental\/wp-json\/wp\/v2\/posts\/3927"}],"collection":[{"href":"https:\/\/clinicacemeq.es\/dental\/wp-json\/wp\/v2\/posts"}],"about":[{"href":"https:\/\/clinicacemeq.es\/dental\/wp-json\/wp\/v2\/types\/post"}],"author":[{"embeddable":true,"href":"https:\/\/clinicacemeq.es\/dental\/wp-json\/wp\/v2\/users\/6"}],"replies":[{"embeddable":true,"href":"https:\/\/clinicacemeq.es\/dental\/wp-json\/wp\/v2\/comments?post=3927"}],"version-history":[{"count":3,"href":"https:\/\/clinicacemeq.es\/dental\/wp-json\/wp\/v2\/posts\/3927\/revisions"}],"predecessor-version":[{"id":11929,"href":"https:\/\/clinicacemeq.es\/dental\/wp-json\/wp\/v2\/posts\/3927\/revisions\/11929"}],"wp:featuredmedia":[{"embeddable":true,"href":"https:\/\/clinicacemeq.es\/dental\/wp-json\/wp\/v2\/media\/3930"}],"wp:attachment":[{"href":"https:\/\/clinicacemeq.es\/dental\/wp-json\/wp\/v2\/media?parent=3927"}],"wp:term":[{"taxonomy":"category","embeddable":true,"href":"https:\/\/clinicacemeq.es\/dental\/wp-json\/wp\/v2\/categories?post=3927"},{"taxonomy":"post_tag","embeddable":true,"href":"https:\/\/clinicacemeq.es\/dental\/wp-json\/wp\/v2\/tags?post=3927"}],"curies":[{"name":"wp","href":"https:\/\/api.w.org\/{rel}","templated":true}]}}