{"id":3699,"date":"2022-05-18T13:56:03","date_gmt":"2022-05-18T13:56:03","guid":{"rendered":"https:\/\/clinicacemeq.es\/dental\/?p=3699"},"modified":"2024-09-09T11:25:27","modified_gmt":"2024-09-09T11:25:27","slug":"ortodoncia-invisible-en-valencia","status":"publish","type":"post","link":"https:\/\/clinicacemeq.es\/dental\/2022\/05\/18\/ortodoncia-invisible-en-valencia\/","title":{"rendered":"Ortodoncia Invisible en Valencia"},"content":{"rendered":"\n\n<div class=\"kk-star-ratings kksr-auto kksr-align-left kksr-valign-top\"\n    data-payload='{&quot;align&quot;:&quot;left&quot;,&quot;id&quot;:&quot;3699&quot;,&quot;slug&quot;:&quot;default&quot;,&quot;valign&quot;:&quot;top&quot;,&quot;ignore&quot;:&quot;&quot;,&quot;reference&quot;:&quot;auto&quot;,&quot;class&quot;:&quot;&quot;,&quot;count&quot;:&quot;0&quot;,&quot;legendonly&quot;:&quot;&quot;,&quot;readonly&quot;:&quot;&quot;,&quot;score&quot;:&quot;0&quot;,&quot;starsonly&quot;:&quot;&quot;,&quot;best&quot;:&quot;5&quot;,&quot;gap&quot;:&quot;5&quot;,&quot;greet&quot;:&quot;Valora esta publicaci\u00f3n \ud83d\ude09&quot;,&quot;legend&quot;:&quot;0\\\/5 - (0 votos)&quot;,&quot;size&quot;:&quot;24&quot;,&quot;title&quot;:&quot;Ortodoncia Invisible en Valencia&quot;,&quot;width&quot;:&quot;0&quot;,&quot;_legend&quot;:&quot;{score}\\\/{best} - ({count} {votes})&quot;,&quot;font_factor&quot;:&quot;1.25&quot;}'>\n            \n<div class=\"kksr-stars\">\n    \n<div class=\"kksr-stars-inactive\">\n            <div class=\"kksr-star\" data-star=\"1\" style=\"padding-right: 5px\">\n            \n\n<div class=\"kksr-icon\" style=\"width: 24px; height: 24px;\"><\/div>\n        <\/div>\n            <div class=\"kksr-star\" data-star=\"2\" style=\"padding-right: 5px\">\n            \n\n<div class=\"kksr-icon\" style=\"width: 24px; height: 24px;\"><\/div>\n        <\/div>\n            <div class=\"kksr-star\" data-star=\"3\" style=\"padding-right: 5px\">\n            \n\n<div class=\"kksr-icon\" style=\"width: 24px; height: 24px;\"><\/div>\n        <\/div>\n            <div class=\"kksr-star\" data-star=\"4\" style=\"padding-right: 5px\">\n            \n\n<div class=\"kksr-icon\" style=\"width: 24px; height: 24px;\"><\/div>\n        <\/div>\n            <div class=\"kksr-star\" data-star=\"5\" style=\"padding-right: 5px\">\n            \n\n<div class=\"kksr-icon\" style=\"width: 24px; height: 24px;\"><\/div>\n        <\/div>\n    <\/div>\n    \n<div class=\"kksr-stars-active\" style=\"width: 0px;\">\n            <div class=\"kksr-star\" style=\"padding-right: 5px\">\n            \n\n<div class=\"kksr-icon\" style=\"width: 24px; height: 24px;\"><\/div>\n        <\/div>\n            <div class=\"kksr-star\" style=\"padding-right: 5px\">\n            \n\n<div class=\"kksr-icon\" style=\"width: 24px; height: 24px;\"><\/div>\n        <\/div>\n            <div class=\"kksr-star\" style=\"padding-right: 5px\">\n            \n\n<div class=\"kksr-icon\" style=\"width: 24px; height: 24px;\"><\/div>\n        <\/div>\n            <div class=\"kksr-star\" style=\"padding-right: 5px\">\n            \n\n<div class=\"kksr-icon\" style=\"width: 24px; height: 24px;\"><\/div>\n        <\/div>\n            <div class=\"kksr-star\" style=\"padding-right: 5px\">\n            \n\n<div class=\"kksr-icon\" style=\"width: 24px; height: 24px;\"><\/div>\n        <\/div>\n    <\/div>\n<\/div>\n                \n\n<div class=\"kksr-legend\" style=\"font-size: 19.2px;\">\n            <span class=\"kksr-muted\">Valora esta publicaci\u00f3n \ud83d\ude09<\/span>\n    <\/div>\n    <\/div>\n<p>\u00bfTe has planteado alinearte los dientes, pero nunca encuentras el momento? \u00bfTe gustar\u00eda lucir una sonrisa m\u00e1s bonita, pero te incomoda llevar brackets? La<strong><a href=\"https:\/\/clinicacemeq.es\/dental\/2022\/10\/07\/brakets-invisibles-que-son-y-como-funcionan\/\"> ortodoncia invisible<\/a> en Valencia<\/strong> podr\u00eda ser la soluci\u00f3n.<\/p>\n<p>Muchas personas no se deciden a ponerse alineadores o<a href=\"https:\/\/clinicacemeq.es\/dental\/2022\/10\/07\/brakets-invisibles-que-son-y-como-funcionan\/\"><strong> brackets invisibles<\/strong> <\/a>por diversos motivos: cuestiones est\u00e9ticas, la duraci\u00f3n del tratamiento, las molestias que puede generar\u2026<\/p>\n<p>No obstante, existe una opci\u00f3n <strong>c\u00f3moda<\/strong>, <strong>eficaz<\/strong> y que no acarrea ninguno de estos problemas: se trata de la ortodoncia invisible.<\/p>\n<h1>Especialistas en ortodoncia Invisible<\/h1>\n<p>En nuestra <a href=\"https:\/\/clinicacemeq.es\/dental\/2023\/02\/24\/el-mejor-ortodoncista-en-valencia\/\"><strong>cl\u00ednica dental en Valencia<\/strong><\/a> somos expertos en <a href=\"https:\/\/clinicacemeq.es\/dental\/2022\/10\/07\/brakets-invisibles-que-son-y-como-funcionan\/\">\u00a0<\/a><strong><a href=\"https:\/\/clinicacemeq.es\/dental\/2022\/10\/07\/brakets-invisibles-que-son-y-como-funcionan\/\">ortodoncia invisibl<\/a>e en Valencia<\/strong> \u00a0Si todav\u00eda no conoces los beneficios de los alineadores invisibles, \u00a1te los contamos a continuaci\u00f3n!<\/p>\n<p><span id=\"hs-cta-wrapper-660305af-0778-4729-be6b-a94b1d2c72c6\" class=\"hs-cta-wrapper\"><span id=\"hs-cta-660305af-0778-4729-be6b-a94b1d2c72c6\" class=\"hs-cta-node hs-cta-660305af-0778-4729-be6b-a94b1d2c72c6\"><a href=\"https:\/\/clinicacemeq.es\/dental\/ortodoncia-lp\/\" target=\"_blank\" rel=\"noopener\"><img loading=\"lazy\" decoding=\"async\" id=\"hs-cta-img-660305af-0778-4729-be6b-a94b1d2c72c6\" class=\"hs-cta-img aligncenter\" style=\"border-width: 0px;\" src=\"https:\/\/hubspot-no-cache-eu1-prod.s3.amazonaws.com\/cta\/default\/25939375\/660305af-0778-4729-be6b-a94b1d2c72c6.png\" alt=\"Consigue la mejor versi\u00f3n de tu sonrisa\" width=\"663\" height=\"199\" \/><\/a><\/span><\/span><\/p>\n<h2>5 Beneficios de la ortodoncia invisible<\/h2>\n<p>Dentro de los m\u00faltiples beneficios de utilizar la ortodoncia invisible encontramos los siguientes:<\/p>\n<ol>\n<li><strong>Rapidez<\/strong>. La duraci\u00f3n del tratamiento puede variar entre los 9 y los 18 meses dependiendo de cada caso, un tiempo muy inferior al del tratamiento con brackets convencionales, que puede alargarse m\u00e1s de dos o incluso tres a\u00f1os.<\/li>\n<li><strong>Hecho a medida. <\/strong>El material con el que se fabrica este tipo de ortodoncia invisible es pol\u00edmero termopl\u00e1stico, cuya caracter\u00edstica m\u00e1s importante es que se adapta perfectamente a la estructura dental del paciente. As\u00ed, cada paciente recibe su tratamiento con una f\u00e9rula dise\u00f1ada a medida. Adem\u00e1s, es un material altamente resistente.<\/li>\n<li>Al adaptarse de forma tan precisa a los dientes, el tratamiento con <strong><a href=\"https:\/\/clinicacemeq.es\/dental\/2022\/10\/07\/brakets-invisibles-que-son-y-como-funcionan\/\">brackets invisibles<\/a><\/strong> resulta muy c\u00f3modo. No hay alambres ni brackets, y adem\u00e1s el paciente puede quitarse y ponerse la f\u00e9rula en cualquier momento. Todo esto hace que el d\u00eda a d\u00eda con el tratamiento sea m\u00e1s agradable e higi\u00e9nico.<\/li>\n<li>Estos<strong><a href=\"https:\/\/clinicacemeq.es\/dental\/2022\/10\/07\/brakets-invisibles-que-son-y-como-funcionan\/\"> alineadores invisibles<\/a> <\/strong>empiezan a tener efectos visibles desde una fase muy temprana del tratamiento, por lo que el paciente podr\u00e1 comprobar c\u00f3mo mejora su sonrisa d\u00eda tras d\u00eda.<\/li>\n<li><strong>Est\u00e9tica.<\/strong> A muchas personas les preocupa ese cambio tan dr\u00e1stico de apariencia que supone ponerse brackets. Los<strong> brackets invisibles<\/strong> son transparentes y apenas perceptibles, por lo que se puede hacer vida normal con ellas puestas sin que nadie se d\u00e9 cuenta.<\/li>\n<\/ol>\n<p><img loading=\"lazy\" decoding=\"async\" class=\"size-medium wp-image-3706 aligncenter\" src=\"https:\/\/clinicacemeq.es\/dental\/wp-content\/uploads\/2022\/05\/WhatsApp-Image-2022-05-18-at-12.44.03-PM-300x200.png\" alt=\"ortodoncia-invisible\" width=\"300\" height=\"200\" srcset=\"https:\/\/clinicacemeq.es\/dental\/wp-content\/uploads\/2022\/05\/WhatsApp-Image-2022-05-18-at-12.44.03-PM-300x200.png 300w, https:\/\/clinicacemeq.es\/dental\/wp-content\/uploads\/2022\/05\/WhatsApp-Image-2022-05-18-at-12.44.03-PM-1024x681.png 1024w, https:\/\/clinicacemeq.es\/dental\/wp-content\/uploads\/2022\/05\/WhatsApp-Image-2022-05-18-at-12.44.03-PM-768x511.png 768w, https:\/\/clinicacemeq.es\/dental\/wp-content\/uploads\/2022\/05\/WhatsApp-Image-2022-05-18-at-12.44.03-PM-1536x1021.png 1536w, https:\/\/clinicacemeq.es\/dental\/wp-content\/uploads\/2022\/05\/WhatsApp-Image-2022-05-18-at-12.44.03-PM-900x600.png 900w, https:\/\/clinicacemeq.es\/dental\/wp-content\/uploads\/2022\/05\/WhatsApp-Image-2022-05-18-at-12.44.03-PM.png 1600w\" sizes=\"(max-width: 300px) 100vw, 300px\" \/><\/p>\n<p>Adem\u00e1s de todas estas ventajas, elegir este tratamiento hoy es una inversi\u00f3n a largo plazo que evitar\u00e1 desembolsos futuros gracias a su <strong>eficacia sostenida en el tiempo<\/strong>.<\/p>\n<p>Este tipo de ortodoncia es un tratamiento <strong>de calidad<\/strong>,<strong> confiable<\/strong> y con miles de <strong>resultados positivos contrastados<\/strong> por todo el mundo.<\/p>\n<p>En nuestra <strong><a href=\"https:\/\/clinicacemeq.es\/dental\/2023\/02\/24\/el-mejor-ortodoncista-en-valencia\/\">cl\u00ednica dental en Valencia<\/a><\/strong>\u00a0 encontrar\u00e1s un equipo de expertos en<a href=\"https:\/\/clinicacemeq.es\/dental\/2022\/10\/07\/brakets-invisibles-que-son-y-como-funcionan\/\"><strong> ortodoncia invisible<\/strong><\/a>. No lo dudes y contacta con nosotros para lucir la sonrisa que siempre has deseado. <a href=\"https:\/\/clinicacemeq.es\/dental\/contacto\/\" target=\"_blank\" rel=\"noopener\"><strong>Pide cita. Primera visita gratuita.<\/strong><\/a><\/p>\n<p>\u00a0<\/p>\n","protected":false},"excerpt":{"rendered":"<p>\u00bfTe has planteado alinearte los dientes, pero nunca encuentras el momento? \u00bfTe gustar\u00eda lucir una sonrisa m\u00e1s bonita, pero te incomoda llevar brackets? La ortodoncia invisible en Valencia podr\u00eda ser la soluci\u00f3n. Muchas personas no se deciden a ponerse alineadores o brackets invisibles por diversos motivos: cuestiones est\u00e9ticas, la duraci\u00f3n del tratamiento, las molestias que [&#8230;]\n","protected":false},"author":6,"featured_media":3709,"comment_status":"open","ping_status":"open","sticky":false,"template":"","format":"standard","meta":{"footnotes":""},"categories":[147],"tags":[],"yoast_head":"<!-- This site is optimized with the Yoast SEO Premium plugin v18.3 (Yoast SEO v22.7) - https:\/\/yoast.com\/wordpress\/plugins\/seo\/ -->\n<title>Ortodoncia Invisible en Valencia &#8902; Cl\u00ednica Dental CEMEQ<\/title>\n<meta name=\"description\" content=\"Especialistas en Ortodoncia invisible en Valencia. En nuestra cl\u00ednica dental te contamos los beneficios de los alineadores invisibles. L\u00e9elos\" \/>\n<meta name=\"robots\" content=\"index, follow, max-snippet:-1, max-image-preview:large, max-video-preview:-1\" \/>\n<link rel=\"canonical\" href=\"https:\/\/clinicacemeq.es\/dental\/2022\/05\/18\/ortodoncia-invisible-en-valencia\/\" \/>\n<meta property=\"og:locale\" content=\"es_ES\" \/>\n<meta property=\"og:type\" content=\"article\" \/>\n<meta property=\"og:title\" content=\"Ortodoncia Invisible en Valencia\" \/>\n<meta property=\"og:description\" content=\"Especialistas en Ortodoncia invisible en Valencia. En nuestra cl\u00ednica dental te contamos los beneficios de los alineadores invisibles. L\u00e9elos\" \/>\n<meta property=\"og:url\" content=\"https:\/\/clinicacemeq.es\/dental\/2022\/05\/18\/ortodoncia-invisible-en-valencia\/\" \/>\n<meta property=\"og:site_name\" content=\"Cl\u00ednica Dental CEMEQ\" \/>\n<meta property=\"article:published_time\" content=\"2022-05-18T13:56:03+00:00\" \/>\n<meta property=\"article:modified_time\" content=\"2024-09-09T11:25:27+00:00\" \/>\n<meta property=\"og:image\" content=\"https:\/\/clinicacemeq.es\/dental\/wp-content\/uploads\/2022\/05\/ortodoncia-invisible-en-valencia.png\" \/>\n\t<meta property=\"og:image:width\" content=\"1000\" \/>\n\t<meta property=\"og:image:height\" content=\"665\" \/>\n\t<meta property=\"og:image:type\" content=\"image\/png\" \/>\n<meta name=\"author\" content=\"Federico Mahiques\" \/>\n<meta name=\"twitter:card\" content=\"summary_large_image\" \/>\n<meta name=\"twitter:label1\" content=\"Escrito por\" \/>\n\t<meta name=\"twitter:data1\" content=\"Federico Mahiques\" \/>\n\t<meta name=\"twitter:label2\" content=\"Tiempo de lectura\" \/>\n\t<meta name=\"twitter:data2\" content=\"3 minutos\" \/>\n<script type=\"application\/ld+json\" class=\"yoast-schema-graph\">{\"@context\":\"https:\/\/schema.org\",\"@graph\":[{\"@type\":\"Article\",\"@id\":\"https:\/\/clinicacemeq.es\/dental\/2022\/05\/18\/ortodoncia-invisible-en-valencia\/#article\",\"isPartOf\":{\"@id\":\"https:\/\/clinicacemeq.es\/dental\/2022\/05\/18\/ortodoncia-invisible-en-valencia\/\"},\"author\":{\"name\":\"Federico Mahiques\",\"@id\":\"https:\/\/clinicacemeq.es\/dental\/#\/schema\/person\/c59ca45e0d40697222e3795fa6384c4d\"},\"headline\":\"Ortodoncia Invisible en Valencia\",\"datePublished\":\"2022-05-18T13:56:03+00:00\",\"dateModified\":\"2024-09-09T11:25:27+00:00\",\"mainEntityOfPage\":{\"@id\":\"https:\/\/clinicacemeq.es\/dental\/2022\/05\/18\/ortodoncia-invisible-en-valencia\/\"},\"wordCount\":460,\"commentCount\":0,\"publisher\":{\"@id\":\"https:\/\/clinicacemeq.es\/dental\/#organization\"},\"image\":{\"@id\":\"https:\/\/clinicacemeq.es\/dental\/2022\/05\/18\/ortodoncia-invisible-en-valencia\/#primaryimage\"},\"thumbnailUrl\":\"https:\/\/clinicacemeq.es\/dental\/wp-content\/uploads\/2022\/05\/ortodoncia-invisible-en-valencia.png\",\"articleSection\":[\"Ortodoncia\"],\"inLanguage\":\"es\",\"potentialAction\":[{\"@type\":\"CommentAction\",\"name\":\"Comment\",\"target\":[\"https:\/\/clinicacemeq.es\/dental\/2022\/05\/18\/ortodoncia-invisible-en-valencia\/#respond\"]}]},{\"@type\":\"WebPage\",\"@id\":\"https:\/\/clinicacemeq.es\/dental\/2022\/05\/18\/ortodoncia-invisible-en-valencia\/\",\"url\":\"https:\/\/clinicacemeq.es\/dental\/2022\/05\/18\/ortodoncia-invisible-en-valencia\/\",\"name\":\"Ortodoncia Invisible en Valencia &#8902; Cl\u00ednica Dental CEMEQ\",\"isPartOf\":{\"@id\":\"https:\/\/clinicacemeq.es\/dental\/#website\"},\"primaryImageOfPage\":{\"@id\":\"https:\/\/clinicacemeq.es\/dental\/2022\/05\/18\/ortodoncia-invisible-en-valencia\/#primaryimage\"},\"image\":{\"@id\":\"https:\/\/clinicacemeq.es\/dental\/2022\/05\/18\/ortodoncia-invisible-en-valencia\/#primaryimage\"},\"thumbnailUrl\":\"https:\/\/clinicacemeq.es\/dental\/wp-content\/uploads\/2022\/05\/ortodoncia-invisible-en-valencia.png\",\"datePublished\":\"2022-05-18T13:56:03+00:00\",\"dateModified\":\"2024-09-09T11:25:27+00:00\",\"description\":\"Especialistas en Ortodoncia invisible en Valencia. En nuestra cl\u00ednica dental te contamos los beneficios de los alineadores invisibles. L\u00e9elos\",\"breadcrumb\":{\"@id\":\"https:\/\/clinicacemeq.es\/dental\/2022\/05\/18\/ortodoncia-invisible-en-valencia\/#breadcrumb\"},\"inLanguage\":\"es\",\"potentialAction\":[{\"@type\":\"ReadAction\",\"target\":[\"https:\/\/clinicacemeq.es\/dental\/2022\/05\/18\/ortodoncia-invisible-en-valencia\/\"]}]},{\"@type\":\"ImageObject\",\"inLanguage\":\"es\",\"@id\":\"https:\/\/clinicacemeq.es\/dental\/2022\/05\/18\/ortodoncia-invisible-en-valencia\/#primaryimage\",\"url\":\"https:\/\/clinicacemeq.es\/dental\/wp-content\/uploads\/2022\/05\/ortodoncia-invisible-en-valencia.png\",\"contentUrl\":\"https:\/\/clinicacemeq.es\/dental\/wp-content\/uploads\/2022\/05\/ortodoncia-invisible-en-valencia.png\",\"width\":1000,\"height\":665,\"caption\":\"ortodoncia-invisible-en-valencia\"},{\"@type\":\"BreadcrumbList\",\"@id\":\"https:\/\/clinicacemeq.es\/dental\/2022\/05\/18\/ortodoncia-invisible-en-valencia\/#breadcrumb\",\"itemListElement\":[{\"@type\":\"ListItem\",\"position\":1,\"name\":\"Portada\",\"item\":\"https:\/\/clinicacemeq.es\/dental\/\"},{\"@type\":\"ListItem\",\"position\":2,\"name\":\"Ortodoncia Invisible en Valencia\"}]},{\"@type\":\"WebSite\",\"@id\":\"https:\/\/clinicacemeq.es\/dental\/#website\",\"url\":\"https:\/\/clinicacemeq.es\/dental\/\",\"name\":\"Cl\u00ednica Dental CEMEQ\",\"description\":\"Cl\u00ednica Dental Valencia | Dentista Valencia\",\"publisher\":{\"@id\":\"https:\/\/clinicacemeq.es\/dental\/#organization\"},\"potentialAction\":[{\"@type\":\"SearchAction\",\"target\":{\"@type\":\"EntryPoint\",\"urlTemplate\":\"https:\/\/clinicacemeq.es\/dental\/?s={search_term_string}\"},\"query-input\":\"required name=search_term_string\"}],\"inLanguage\":\"es\"},{\"@type\":\"Organization\",\"@id\":\"https:\/\/clinicacemeq.es\/dental\/#organization\",\"name\":\"CEMEQ\",\"url\":\"https:\/\/clinicacemeq.es\/dental\/\",\"logo\":{\"@type\":\"ImageObject\",\"inLanguage\":\"es\",\"@id\":\"https:\/\/clinicacemeq.es\/dental\/#\/schema\/logo\/image\/\",\"url\":\"https:\/\/clinicacemeq.es\/dental\/wp-content\/uploads\/2021\/07\/LOGO-WEB-1024x631-1.jpeg\",\"contentUrl\":\"https:\/\/clinicacemeq.es\/dental\/wp-content\/uploads\/2021\/07\/LOGO-WEB-1024x631-1.jpeg\",\"width\":1024,\"height\":631,\"caption\":\"CEMEQ\"},\"image\":{\"@id\":\"https:\/\/clinicacemeq.es\/dental\/#\/schema\/logo\/image\/\"}},{\"@type\":\"Person\",\"@id\":\"https:\/\/clinicacemeq.es\/dental\/#\/schema\/person\/c59ca45e0d40697222e3795fa6384c4d\",\"name\":\"Federico Mahiques\",\"image\":{\"@type\":\"ImageObject\",\"inLanguage\":\"es\",\"@id\":\"https:\/\/clinicacemeq.es\/dental\/#\/schema\/person\/image\/\",\"url\":\"https:\/\/secure.gravatar.com\/avatar\/a16f1bf5b7e085c0937f91eaf260e1fc?s=96&d=mm&r=g\",\"contentUrl\":\"https:\/\/secure.gravatar.com\/avatar\/a16f1bf5b7e085c0937f91eaf260e1fc?s=96&d=mm&r=g\",\"caption\":\"Federico Mahiques\"},\"url\":\"https:\/\/clinicacemeq.es\/dental\/author\/marketing\/\"}]}<\/script>\n<!-- \/ Yoast SEO Premium plugin. -->","yoast_head_json":{"title":"Ortodoncia Invisible en Valencia &#8902; Cl\u00ednica Dental CEMEQ","description":"Especialistas en Ortodoncia invisible en Valencia. En nuestra cl\u00ednica dental te contamos los beneficios de los alineadores invisibles. L\u00e9elos","robots":{"index":"index","follow":"follow","max-snippet":"max-snippet:-1","max-image-preview":"max-image-preview:large","max-video-preview":"max-video-preview:-1"},"canonical":"https:\/\/clinicacemeq.es\/dental\/2022\/05\/18\/ortodoncia-invisible-en-valencia\/","og_locale":"es_ES","og_type":"article","og_title":"Ortodoncia Invisible en Valencia","og_description":"Especialistas en Ortodoncia invisible en Valencia. En nuestra cl\u00ednica dental te contamos los beneficios de los alineadores invisibles. L\u00e9elos","og_url":"https:\/\/clinicacemeq.es\/dental\/2022\/05\/18\/ortodoncia-invisible-en-valencia\/","og_site_name":"Cl\u00ednica Dental CEMEQ","article_published_time":"2022-05-18T13:56:03+00:00","article_modified_time":"2024-09-09T11:25:27+00:00","og_image":[{"width":1000,"height":665,"url":"https:\/\/clinicacemeq.es\/dental\/wp-content\/uploads\/2022\/05\/ortodoncia-invisible-en-valencia.png","type":"image\/png"}],"author":"Federico Mahiques","twitter_card":"summary_large_image","twitter_misc":{"Escrito por":"Federico Mahiques","Tiempo de lectura":"3 minutos"},"schema":{"@context":"https:\/\/schema.org","@graph":[{"@type":"Article","@id":"https:\/\/clinicacemeq.es\/dental\/2022\/05\/18\/ortodoncia-invisible-en-valencia\/#article","isPartOf":{"@id":"https:\/\/clinicacemeq.es\/dental\/2022\/05\/18\/ortodoncia-invisible-en-valencia\/"},"author":{"name":"Federico Mahiques","@id":"https:\/\/clinicacemeq.es\/dental\/#\/schema\/person\/c59ca45e0d40697222e3795fa6384c4d"},"headline":"Ortodoncia Invisible en Valencia","datePublished":"2022-05-18T13:56:03+00:00","dateModified":"2024-09-09T11:25:27+00:00","mainEntityOfPage":{"@id":"https:\/\/clinicacemeq.es\/dental\/2022\/05\/18\/ortodoncia-invisible-en-valencia\/"},"wordCount":460,"commentCount":0,"publisher":{"@id":"https:\/\/clinicacemeq.es\/dental\/#organization"},"image":{"@id":"https:\/\/clinicacemeq.es\/dental\/2022\/05\/18\/ortodoncia-invisible-en-valencia\/#primaryimage"},"thumbnailUrl":"https:\/\/clinicacemeq.es\/dental\/wp-content\/uploads\/2022\/05\/ortodoncia-invisible-en-valencia.png","articleSection":["Ortodoncia"],"inLanguage":"es","potentialAction":[{"@type":"CommentAction","name":"Comment","target":["https:\/\/clinicacemeq.es\/dental\/2022\/05\/18\/ortodoncia-invisible-en-valencia\/#respond"]}]},{"@type":"WebPage","@id":"https:\/\/clinicacemeq.es\/dental\/2022\/05\/18\/ortodoncia-invisible-en-valencia\/","url":"https:\/\/clinicacemeq.es\/dental\/2022\/05\/18\/ortodoncia-invisible-en-valencia\/","name":"Ortodoncia Invisible en Valencia &#8902; Cl\u00ednica Dental CEMEQ","isPartOf":{"@id":"https:\/\/clinicacemeq.es\/dental\/#website"},"primaryImageOfPage":{"@id":"https:\/\/clinicacemeq.es\/dental\/2022\/05\/18\/ortodoncia-invisible-en-valencia\/#primaryimage"},"image":{"@id":"https:\/\/clinicacemeq.es\/dental\/2022\/05\/18\/ortodoncia-invisible-en-valencia\/#primaryimage"},"thumbnailUrl":"https:\/\/clinicacemeq.es\/dental\/wp-content\/uploads\/2022\/05\/ortodoncia-invisible-en-valencia.png","datePublished":"2022-05-18T13:56:03+00:00","dateModified":"2024-09-09T11:25:27+00:00","description":"Especialistas en Ortodoncia invisible en Valencia. En nuestra cl\u00ednica dental te contamos los beneficios de los alineadores invisibles. L\u00e9elos","breadcrumb":{"@id":"https:\/\/clinicacemeq.es\/dental\/2022\/05\/18\/ortodoncia-invisible-en-valencia\/#breadcrumb"},"inLanguage":"es","potentialAction":[{"@type":"ReadAction","target":["https:\/\/clinicacemeq.es\/dental\/2022\/05\/18\/ortodoncia-invisible-en-valencia\/"]}]},{"@type":"ImageObject","inLanguage":"es","@id":"https:\/\/clinicacemeq.es\/dental\/2022\/05\/18\/ortodoncia-invisible-en-valencia\/#primaryimage","url":"https:\/\/clinicacemeq.es\/dental\/wp-content\/uploads\/2022\/05\/ortodoncia-invisible-en-valencia.png","contentUrl":"https:\/\/clinicacemeq.es\/dental\/wp-content\/uploads\/2022\/05\/ortodoncia-invisible-en-valencia.png","width":1000,"height":665,"caption":"ortodoncia-invisible-en-valencia"},{"@type":"BreadcrumbList","@id":"https:\/\/clinicacemeq.es\/dental\/2022\/05\/18\/ortodoncia-invisible-en-valencia\/#breadcrumb","itemListElement":[{"@type":"ListItem","position":1,"name":"Portada","item":"https:\/\/clinicacemeq.es\/dental\/"},{"@type":"ListItem","position":2,"name":"Ortodoncia Invisible en Valencia"}]},{"@type":"WebSite","@id":"https:\/\/clinicacemeq.es\/dental\/#website","url":"https:\/\/clinicacemeq.es\/dental\/","name":"Cl\u00ednica Dental CEMEQ","description":"Cl\u00ednica Dental Valencia | Dentista Valencia","publisher":{"@id":"https:\/\/clinicacemeq.es\/dental\/#organization"},"potentialAction":[{"@type":"SearchAction","target":{"@type":"EntryPoint","urlTemplate":"https:\/\/clinicacemeq.es\/dental\/?s={search_term_string}"},"query-input":"required name=search_term_string"}],"inLanguage":"es"},{"@type":"Organization","@id":"https:\/\/clinicacemeq.es\/dental\/#organization","name":"CEMEQ","url":"https:\/\/clinicacemeq.es\/dental\/","logo":{"@type":"ImageObject","inLanguage":"es","@id":"https:\/\/clinicacemeq.es\/dental\/#\/schema\/logo\/image\/","url":"https:\/\/clinicacemeq.es\/dental\/wp-content\/uploads\/2021\/07\/LOGO-WEB-1024x631-1.jpeg","contentUrl":"https:\/\/clinicacemeq.es\/dental\/wp-content\/uploads\/2021\/07\/LOGO-WEB-1024x631-1.jpeg","width":1024,"height":631,"caption":"CEMEQ"},"image":{"@id":"https:\/\/clinicacemeq.es\/dental\/#\/schema\/logo\/image\/"}},{"@type":"Person","@id":"https:\/\/clinicacemeq.es\/dental\/#\/schema\/person\/c59ca45e0d40697222e3795fa6384c4d","name":"Federico Mahiques","image":{"@type":"ImageObject","inLanguage":"es","@id":"https:\/\/clinicacemeq.es\/dental\/#\/schema\/person\/image\/","url":"https:\/\/secure.gravatar.com\/avatar\/a16f1bf5b7e085c0937f91eaf260e1fc?s=96&d=mm&r=g","contentUrl":"https:\/\/secure.gravatar.com\/avatar\/a16f1bf5b7e085c0937f91eaf260e1fc?s=96&d=mm&r=g","caption":"Federico Mahiques"},"url":"https:\/\/clinicacemeq.es\/dental\/author\/marketing\/"}]}},"_links":{"self":[{"href":"https:\/\/clinicacemeq.es\/dental\/wp-json\/wp\/v2\/posts\/3699"}],"collection":[{"href":"https:\/\/clinicacemeq.es\/dental\/wp-json\/wp\/v2\/posts"}],"about":[{"href":"https:\/\/clinicacemeq.es\/dental\/wp-json\/wp\/v2\/types\/post"}],"author":[{"embeddable":true,"href":"https:\/\/clinicacemeq.es\/dental\/wp-json\/wp\/v2\/users\/6"}],"replies":[{"embeddable":true,"href":"https:\/\/clinicacemeq.es\/dental\/wp-json\/wp\/v2\/comments?post=3699"}],"version-history":[{"count":7,"href":"https:\/\/clinicacemeq.es\/dental\/wp-json\/wp\/v2\/posts\/3699\/revisions"}],"predecessor-version":[{"id":11931,"href":"https:\/\/clinicacemeq.es\/dental\/wp-json\/wp\/v2\/posts\/3699\/revisions\/11931"}],"wp:featuredmedia":[{"embeddable":true,"href":"https:\/\/clinicacemeq.es\/dental\/wp-json\/wp\/v2\/media\/3709"}],"wp:attachment":[{"href":"https:\/\/clinicacemeq.es\/dental\/wp-json\/wp\/v2\/media?parent=3699"}],"wp:term":[{"taxonomy":"category","embeddable":true,"href":"https:\/\/clinicacemeq.es\/dental\/wp-json\/wp\/v2\/categories?post=3699"},{"taxonomy":"post_tag","embeddable":true,"href":"https:\/\/clinicacemeq.es\/dental\/wp-json\/wp\/v2\/tags?post=3699"}],"curies":[{"name":"wp","href":"https:\/\/api.w.org\/{rel}","templated":true}]}}