{"id":3693,"date":"2022-05-19T10:59:03","date_gmt":"2022-05-19T10:59:03","guid":{"rendered":"https:\/\/clinicacemeq.es\/dental\/?p=3693"},"modified":"2024-09-09T11:25:10","modified_gmt":"2024-09-09T11:25:10","slug":"ortodoncia-invisible-tipos-precio","status":"publish","type":"post","link":"https:\/\/clinicacemeq.es\/dental\/2022\/05\/19\/ortodoncia-invisible-tipos-precio\/","title":{"rendered":"Ortodoncia invisible: Tipos y precio"},"content":{"rendered":"\n\n<div class=\"kk-star-ratings kksr-auto kksr-align-left kksr-valign-top\"\n    data-payload='{&quot;align&quot;:&quot;left&quot;,&quot;id&quot;:&quot;3693&quot;,&quot;slug&quot;:&quot;default&quot;,&quot;valign&quot;:&quot;top&quot;,&quot;ignore&quot;:&quot;&quot;,&quot;reference&quot;:&quot;auto&quot;,&quot;class&quot;:&quot;&quot;,&quot;count&quot;:&quot;0&quot;,&quot;legendonly&quot;:&quot;&quot;,&quot;readonly&quot;:&quot;&quot;,&quot;score&quot;:&quot;0&quot;,&quot;starsonly&quot;:&quot;&quot;,&quot;best&quot;:&quot;5&quot;,&quot;gap&quot;:&quot;5&quot;,&quot;greet&quot;:&quot;Valora esta publicaci\u00f3n \ud83d\ude09&quot;,&quot;legend&quot;:&quot;0\\\/5 - (0 votos)&quot;,&quot;size&quot;:&quot;24&quot;,&quot;title&quot;:&quot;Ortodoncia invisible: Tipos y precio&quot;,&quot;width&quot;:&quot;0&quot;,&quot;_legend&quot;:&quot;{score}\\\/{best} - ({count} {votes})&quot;,&quot;font_factor&quot;:&quot;1.25&quot;}'>\n            \n<div class=\"kksr-stars\">\n    \n<div class=\"kksr-stars-inactive\">\n            <div class=\"kksr-star\" data-star=\"1\" style=\"padding-right: 5px\">\n            \n\n<div class=\"kksr-icon\" style=\"width: 24px; height: 24px;\"><\/div>\n        <\/div>\n            <div class=\"kksr-star\" data-star=\"2\" style=\"padding-right: 5px\">\n            \n\n<div class=\"kksr-icon\" style=\"width: 24px; height: 24px;\"><\/div>\n        <\/div>\n            <div class=\"kksr-star\" data-star=\"3\" style=\"padding-right: 5px\">\n            \n\n<div class=\"kksr-icon\" style=\"width: 24px; height: 24px;\"><\/div>\n        <\/div>\n            <div class=\"kksr-star\" data-star=\"4\" style=\"padding-right: 5px\">\n            \n\n<div class=\"kksr-icon\" style=\"width: 24px; height: 24px;\"><\/div>\n        <\/div>\n            <div class=\"kksr-star\" data-star=\"5\" style=\"padding-right: 5px\">\n            \n\n<div class=\"kksr-icon\" style=\"width: 24px; height: 24px;\"><\/div>\n        <\/div>\n    <\/div>\n    \n<div class=\"kksr-stars-active\" style=\"width: 0px;\">\n            <div class=\"kksr-star\" style=\"padding-right: 5px\">\n            \n\n<div class=\"kksr-icon\" style=\"width: 24px; height: 24px;\"><\/div>\n        <\/div>\n            <div class=\"kksr-star\" style=\"padding-right: 5px\">\n            \n\n<div class=\"kksr-icon\" style=\"width: 24px; height: 24px;\"><\/div>\n        <\/div>\n            <div class=\"kksr-star\" style=\"padding-right: 5px\">\n            \n\n<div class=\"kksr-icon\" style=\"width: 24px; height: 24px;\"><\/div>\n        <\/div>\n            <div class=\"kksr-star\" style=\"padding-right: 5px\">\n            \n\n<div class=\"kksr-icon\" style=\"width: 24px; height: 24px;\"><\/div>\n        <\/div>\n            <div class=\"kksr-star\" style=\"padding-right: 5px\">\n            \n\n<div class=\"kksr-icon\" style=\"width: 24px; height: 24px;\"><\/div>\n        <\/div>\n    <\/div>\n<\/div>\n                \n\n<div class=\"kksr-legend\" style=\"font-size: 19.2px;\">\n            <span class=\"kksr-muted\">Valora esta publicaci\u00f3n \ud83d\ude09<\/span>\n    <\/div>\n    <\/div>\n<h2>Tipos de tratamientos de ortodoncia invisible:<\/h2>\n<ul>\n<li><u>Invisalign Full<\/u>. Esta es la <strong>versi\u00f3n completa<\/strong> del tratamiento y la aplicamos cuando nos queremos enfocar en corregir tanto <strong>el alineamiento de los dientes como la mordida<\/strong>. Provoca un desplazamiento indoloro y progresivo de los dientes hasta que se consigue la posici\u00f3n perfecta. Dura entre 9 y 18 meses y en CEMEQ podr\u00e1s pagarlo c\u00f3modamente a plazos.<\/li>\n<li><u>Invisalign Lite<\/u>. Es una <strong>versi\u00f3n b\u00e1sica<\/strong> del tratamiento de ortodoncia invisible que se suele aplicar en pacientes que ya han llevado alg\u00fan tipo de alineador o aparato dental anteriormente y en la actualidad se han dado cuenta de que su dentadura ha sufrido alg\u00fan desajuste con el paso del tiempo, probablemente debido a un mal sistema de retenci\u00f3n tras la anterior ortodoncia. De esta forma, <strong>corregimos esa desalineaci\u00f3n<\/strong> o rotaci\u00f3n de los dientes en un proceso que suele durar de 12 a 14 meses y con un <strong>presupuesto m\u00e1s reducido<\/strong> que la versi\u00f3n Full.<\/li>\n<li><u>Invisalign Express<\/u>. Esta versi\u00f3n de trata de un tratamiento de <strong>corta duraci\u00f3n<\/strong>, que oscila en torno a los siete meses, puesto que se aplica en casos que necesitan alguna <strong>leve modificaci\u00f3n<\/strong>. Por este motivo, suele tener un <strong>coste bajo<\/strong>.<\/li>\n<li><u>Invisalign Comprehensive<\/u>. Especialmente indicado para problemas m\u00e1s complejos, este tratamiento permite corregir pr\u00e1cticamente cualquier tipo de <strong>maloclusi\u00f3n<\/strong>, es decir, cualquier problema que impida el correcto funcionamiento del <strong>aparato masticatorio<\/strong>. Este tratamiento puede alargarse desde los 18 hasta los 36 meses, dependiendo de la complejidad de cada caso, pero su precio es en torno a los 1000 \u20ac inferior al de la versi\u00f3n Full.<\/li>\n<\/ul>\n<h3>Ortodoncia invisible para los m\u00e1s j\u00f3venes<\/h3>\n<ul>\n<li><u>Invisalign First<\/u>. Ideado para <strong>ni\u00f1os<\/strong> a partir de los <strong>nueve a\u00f1os<\/strong> de edad, tiene un precio muy asequible y servir\u00e1 para prevenir futuros problemas, por lo que a la larga habr\u00e1 supuesto un <strong>gran ahorro<\/strong>.<\/li>\n<li><u>Invisalign Teen<\/u>. A muchos <strong>adolescentes<\/strong> les puede causar complejo llevar ortodoncia tradicional, como los cl\u00e1sicos brackets con alambres. Para ellos existe esta opci\u00f3n de Invisalign cuyo <strong>precio <\/strong>es<strong> muy asequible<\/strong>. Entre las ventajas que presenta esta modalidad de ortodoncia invisible, encontramos que tiene unos <strong>indicadores azules<\/strong> que van perdiendo el color con el uso. As\u00ed, los padres del adolescente se pueden asegurar de que este lleva el tratamiento puesto durante el tiempo que se requiere. Por \u00faltimo, estas f\u00e9rulas est\u00e1n dise\u00f1adas para <strong>guiar el nacimiento<\/strong> de nuevas piezas dentales.<\/li>\n<\/ul>\n<p><a href=\"https:\/\/clinicacemeq.es\/dental\/ortodoncia-lp\/\" target=\"_blank\" rel=\"noopener\"><img loading=\"lazy\" decoding=\"async\" class=\"wp-image-11368 size-full aligncenter\" src=\"https:\/\/clinicacemeq.es\/dental\/wp-content\/uploads\/2023\/02\/d-interesado-ortodoncia-pie.jpeg\" alt=\"Ortodoncia\" width=\"663\" height=\"199\" \/><\/a><\/p>\n<h1>Precio de los alineadores invisibles en Valencia<\/h1>\n<p>Antes de decantarse por un tratamiento de ortodoncia u otro, la duda m\u00e1s frecuente que suele surgir es a cu\u00e1nto asciende <strong>el <a href=\"https:\/\/clinicacemeq.es\/dental\/2022\/10\/07\/brakets-invisibles-que-son-y-como-funcionan\/\">precio de los alineadores invisibles<\/a><\/strong>\u00a0el tratamiento de ortodoncia invisible por excelencia a nivel internacional.<\/p>\n<p>Como imaginar\u00e1s, el<strong> precio de los alineadores invisibles <\/strong>var\u00eda bas\u00e1ndonos en las <strong>caracter\u00edsticas<\/strong> de cada paciente, la <strong>complejidad<\/strong> de su caso y la <strong>duraci\u00f3n<\/strong> del tratamiento, pero los costes resultan asequibles para la gran mayor\u00eda de personas. De hecho, en nuestra cl\u00ednica dental en Valencia tenemos a disposici\u00f3n del paciente <strong>diferentes tipos de tratamientos de ortodoncia invisible<\/strong>\u00a0a precios muy competitivos.<\/p>\n<p>Si quieres saber m\u00e1s acerca de estos tratamientos de ortodoncia invisible valencia, te los explicamos a continuaci\u00f3n.<\/p>\n<p>Esperamos haber resuelto tus dudas al respecto de los diferentes tipos de<a href=\"https:\/\/clinicacemeq.es\/dental\/2022\/10\/07\/brakets-invisibles-que-son-y-como-funcionan\/\"><strong> ortodoncia invisible<\/strong>.<\/a> Para el mejor <strong>precio de los alineadores invisbles <\/strong>en Valencia, conf\u00eda en nuestra cl\u00ednica dental.<a href=\"https:\/\/clinicacemeq.es\/dental\/contacto\/\" target=\"_blank\" rel=\"noopener\"><strong>Pide cita ya. Primera consulta gratuita.<\/strong><\/a><\/p>\n<p>\u00a0<\/p>\n<p>\u00a0<\/p>\n","protected":false},"excerpt":{"rendered":"<p>Tipos de tratamientos de ortodoncia invisible: Invisalign Full. Esta es la versi\u00f3n completa del tratamiento y la aplicamos cuando nos queremos enfocar en corregir tanto el alineamiento de los dientes como la mordida. Provoca un desplazamiento indoloro y progresivo de los dientes hasta que se consigue la posici\u00f3n perfecta. Dura entre 9 y 18 meses [&#8230;]\n","protected":false},"author":6,"featured_media":3696,"comment_status":"open","ping_status":"open","sticky":false,"template":"","format":"standard","meta":{"footnotes":""},"categories":[147],"tags":[],"yoast_head":"<!-- This site is optimized with the Yoast SEO Premium plugin v18.3 (Yoast SEO v22.7) - https:\/\/yoast.com\/wordpress\/plugins\/seo\/ -->\n<title>Ortodoncia invisible: Tipos y precio &#8902; Cl\u00ednica Dental CEMEQ<\/title>\n<meta name=\"description\" content=\"Te contamos cu\u00e1l es el precio de la ortodoncia invisible y sus tipos. Pide tu valoraci\u00f3n gratuita en nuestra cl\u00ednica dental en Valencia.\" \/>\n<meta name=\"robots\" content=\"index, follow, max-snippet:-1, max-image-preview:large, max-video-preview:-1\" \/>\n<link rel=\"canonical\" href=\"https:\/\/clinicacemeq.es\/dental\/2022\/05\/19\/ortodoncia-invisible-tipos-precio\/\" \/>\n<meta property=\"og:locale\" content=\"es_ES\" \/>\n<meta property=\"og:type\" content=\"article\" \/>\n<meta property=\"og:title\" content=\"Ortodoncia invisible: Tipos y precio\" \/>\n<meta property=\"og:description\" content=\"Te contamos cu\u00e1l es el precio de la ortodoncia invisible y sus tipos. Pide tu valoraci\u00f3n gratuita en nuestra cl\u00ednica dental en Valencia.\" \/>\n<meta property=\"og:url\" content=\"https:\/\/clinicacemeq.es\/dental\/2022\/05\/19\/ortodoncia-invisible-tipos-precio\/\" \/>\n<meta property=\"og:site_name\" content=\"Cl\u00ednica Dental CEMEQ\" \/>\n<meta property=\"article:published_time\" content=\"2022-05-19T10:59:03+00:00\" \/>\n<meta property=\"article:modified_time\" content=\"2024-09-09T11:25:10+00:00\" \/>\n<meta property=\"og:image\" content=\"https:\/\/clinicacemeq.es\/dental\/wp-content\/uploads\/2022\/05\/ORTO-BLOG.png\" \/>\n\t<meta property=\"og:image:width\" content=\"1000\" \/>\n\t<meta property=\"og:image:height\" content=\"665\" \/>\n\t<meta property=\"og:image:type\" content=\"image\/png\" \/>\n<meta name=\"author\" content=\"Federico Mahiques\" \/>\n<meta name=\"twitter:card\" content=\"summary_large_image\" \/>\n<meta name=\"twitter:label1\" content=\"Escrito por\" \/>\n\t<meta name=\"twitter:data1\" content=\"Federico Mahiques\" \/>\n\t<meta name=\"twitter:label2\" content=\"Tiempo de lectura\" \/>\n\t<meta name=\"twitter:data2\" content=\"3 minutos\" \/>\n<script type=\"application\/ld+json\" class=\"yoast-schema-graph\">{\"@context\":\"https:\/\/schema.org\",\"@graph\":[{\"@type\":\"Article\",\"@id\":\"https:\/\/clinicacemeq.es\/dental\/2022\/05\/19\/ortodoncia-invisible-tipos-precio\/#article\",\"isPartOf\":{\"@id\":\"https:\/\/clinicacemeq.es\/dental\/2022\/05\/19\/ortodoncia-invisible-tipos-precio\/\"},\"author\":{\"name\":\"Federico Mahiques\",\"@id\":\"https:\/\/clinicacemeq.es\/dental\/#\/schema\/person\/c59ca45e0d40697222e3795fa6384c4d\"},\"headline\":\"Ortodoncia invisible: Tipos y precio\",\"datePublished\":\"2022-05-19T10:59:03+00:00\",\"dateModified\":\"2024-09-09T11:25:10+00:00\",\"mainEntityOfPage\":{\"@id\":\"https:\/\/clinicacemeq.es\/dental\/2022\/05\/19\/ortodoncia-invisible-tipos-precio\/\"},\"wordCount\":586,\"commentCount\":0,\"publisher\":{\"@id\":\"https:\/\/clinicacemeq.es\/dental\/#organization\"},\"image\":{\"@id\":\"https:\/\/clinicacemeq.es\/dental\/2022\/05\/19\/ortodoncia-invisible-tipos-precio\/#primaryimage\"},\"thumbnailUrl\":\"https:\/\/clinicacemeq.es\/dental\/wp-content\/uploads\/2022\/05\/ORTO-BLOG.png\",\"articleSection\":[\"Ortodoncia\"],\"inLanguage\":\"es\",\"potentialAction\":[{\"@type\":\"CommentAction\",\"name\":\"Comment\",\"target\":[\"https:\/\/clinicacemeq.es\/dental\/2022\/05\/19\/ortodoncia-invisible-tipos-precio\/#respond\"]}]},{\"@type\":\"WebPage\",\"@id\":\"https:\/\/clinicacemeq.es\/dental\/2022\/05\/19\/ortodoncia-invisible-tipos-precio\/\",\"url\":\"https:\/\/clinicacemeq.es\/dental\/2022\/05\/19\/ortodoncia-invisible-tipos-precio\/\",\"name\":\"Ortodoncia invisible: Tipos y precio &#8902; Cl\u00ednica Dental CEMEQ\",\"isPartOf\":{\"@id\":\"https:\/\/clinicacemeq.es\/dental\/#website\"},\"primaryImageOfPage\":{\"@id\":\"https:\/\/clinicacemeq.es\/dental\/2022\/05\/19\/ortodoncia-invisible-tipos-precio\/#primaryimage\"},\"image\":{\"@id\":\"https:\/\/clinicacemeq.es\/dental\/2022\/05\/19\/ortodoncia-invisible-tipos-precio\/#primaryimage\"},\"thumbnailUrl\":\"https:\/\/clinicacemeq.es\/dental\/wp-content\/uploads\/2022\/05\/ORTO-BLOG.png\",\"datePublished\":\"2022-05-19T10:59:03+00:00\",\"dateModified\":\"2024-09-09T11:25:10+00:00\",\"description\":\"Te contamos cu\u00e1l es el precio de la ortodoncia invisible y sus tipos. Pide tu valoraci\u00f3n gratuita en nuestra cl\u00ednica dental en Valencia.\",\"breadcrumb\":{\"@id\":\"https:\/\/clinicacemeq.es\/dental\/2022\/05\/19\/ortodoncia-invisible-tipos-precio\/#breadcrumb\"},\"inLanguage\":\"es\",\"potentialAction\":[{\"@type\":\"ReadAction\",\"target\":[\"https:\/\/clinicacemeq.es\/dental\/2022\/05\/19\/ortodoncia-invisible-tipos-precio\/\"]}]},{\"@type\":\"ImageObject\",\"inLanguage\":\"es\",\"@id\":\"https:\/\/clinicacemeq.es\/dental\/2022\/05\/19\/ortodoncia-invisible-tipos-precio\/#primaryimage\",\"url\":\"https:\/\/clinicacemeq.es\/dental\/wp-content\/uploads\/2022\/05\/ORTO-BLOG.png\",\"contentUrl\":\"https:\/\/clinicacemeq.es\/dental\/wp-content\/uploads\/2022\/05\/ORTO-BLOG.png\",\"width\":1000,\"height\":665,\"caption\":\"ortodoncia invisible: tipos y precio\"},{\"@type\":\"BreadcrumbList\",\"@id\":\"https:\/\/clinicacemeq.es\/dental\/2022\/05\/19\/ortodoncia-invisible-tipos-precio\/#breadcrumb\",\"itemListElement\":[{\"@type\":\"ListItem\",\"position\":1,\"name\":\"Portada\",\"item\":\"https:\/\/clinicacemeq.es\/dental\/\"},{\"@type\":\"ListItem\",\"position\":2,\"name\":\"Ortodoncia invisible: Tipos y precio\"}]},{\"@type\":\"WebSite\",\"@id\":\"https:\/\/clinicacemeq.es\/dental\/#website\",\"url\":\"https:\/\/clinicacemeq.es\/dental\/\",\"name\":\"Cl\u00ednica Dental CEMEQ\",\"description\":\"Cl\u00ednica Dental Valencia | Dentista Valencia\",\"publisher\":{\"@id\":\"https:\/\/clinicacemeq.es\/dental\/#organization\"},\"potentialAction\":[{\"@type\":\"SearchAction\",\"target\":{\"@type\":\"EntryPoint\",\"urlTemplate\":\"https:\/\/clinicacemeq.es\/dental\/?s={search_term_string}\"},\"query-input\":\"required name=search_term_string\"}],\"inLanguage\":\"es\"},{\"@type\":\"Organization\",\"@id\":\"https:\/\/clinicacemeq.es\/dental\/#organization\",\"name\":\"CEMEQ\",\"url\":\"https:\/\/clinicacemeq.es\/dental\/\",\"logo\":{\"@type\":\"ImageObject\",\"inLanguage\":\"es\",\"@id\":\"https:\/\/clinicacemeq.es\/dental\/#\/schema\/logo\/image\/\",\"url\":\"https:\/\/clinicacemeq.es\/dental\/wp-content\/uploads\/2021\/07\/LOGO-WEB-1024x631-1.jpeg\",\"contentUrl\":\"https:\/\/clinicacemeq.es\/dental\/wp-content\/uploads\/2021\/07\/LOGO-WEB-1024x631-1.jpeg\",\"width\":1024,\"height\":631,\"caption\":\"CEMEQ\"},\"image\":{\"@id\":\"https:\/\/clinicacemeq.es\/dental\/#\/schema\/logo\/image\/\"}},{\"@type\":\"Person\",\"@id\":\"https:\/\/clinicacemeq.es\/dental\/#\/schema\/person\/c59ca45e0d40697222e3795fa6384c4d\",\"name\":\"Federico Mahiques\",\"image\":{\"@type\":\"ImageObject\",\"inLanguage\":\"es\",\"@id\":\"https:\/\/clinicacemeq.es\/dental\/#\/schema\/person\/image\/\",\"url\":\"https:\/\/secure.gravatar.com\/avatar\/a16f1bf5b7e085c0937f91eaf260e1fc?s=96&d=mm&r=g\",\"contentUrl\":\"https:\/\/secure.gravatar.com\/avatar\/a16f1bf5b7e085c0937f91eaf260e1fc?s=96&d=mm&r=g\",\"caption\":\"Federico Mahiques\"},\"url\":\"https:\/\/clinicacemeq.es\/dental\/author\/marketing\/\"}]}<\/script>\n<!-- \/ Yoast SEO Premium plugin. -->","yoast_head_json":{"title":"Ortodoncia invisible: Tipos y precio &#8902; Cl\u00ednica Dental CEMEQ","description":"Te contamos cu\u00e1l es el precio de la ortodoncia invisible y sus tipos. Pide tu valoraci\u00f3n gratuita en nuestra cl\u00ednica dental en Valencia.","robots":{"index":"index","follow":"follow","max-snippet":"max-snippet:-1","max-image-preview":"max-image-preview:large","max-video-preview":"max-video-preview:-1"},"canonical":"https:\/\/clinicacemeq.es\/dental\/2022\/05\/19\/ortodoncia-invisible-tipos-precio\/","og_locale":"es_ES","og_type":"article","og_title":"Ortodoncia invisible: Tipos y precio","og_description":"Te contamos cu\u00e1l es el precio de la ortodoncia invisible y sus tipos. Pide tu valoraci\u00f3n gratuita en nuestra cl\u00ednica dental en Valencia.","og_url":"https:\/\/clinicacemeq.es\/dental\/2022\/05\/19\/ortodoncia-invisible-tipos-precio\/","og_site_name":"Cl\u00ednica Dental CEMEQ","article_published_time":"2022-05-19T10:59:03+00:00","article_modified_time":"2024-09-09T11:25:10+00:00","og_image":[{"width":1000,"height":665,"url":"https:\/\/clinicacemeq.es\/dental\/wp-content\/uploads\/2022\/05\/ORTO-BLOG.png","type":"image\/png"}],"author":"Federico Mahiques","twitter_card":"summary_large_image","twitter_misc":{"Escrito por":"Federico Mahiques","Tiempo de lectura":"3 minutos"},"schema":{"@context":"https:\/\/schema.org","@graph":[{"@type":"Article","@id":"https:\/\/clinicacemeq.es\/dental\/2022\/05\/19\/ortodoncia-invisible-tipos-precio\/#article","isPartOf":{"@id":"https:\/\/clinicacemeq.es\/dental\/2022\/05\/19\/ortodoncia-invisible-tipos-precio\/"},"author":{"name":"Federico Mahiques","@id":"https:\/\/clinicacemeq.es\/dental\/#\/schema\/person\/c59ca45e0d40697222e3795fa6384c4d"},"headline":"Ortodoncia invisible: Tipos y precio","datePublished":"2022-05-19T10:59:03+00:00","dateModified":"2024-09-09T11:25:10+00:00","mainEntityOfPage":{"@id":"https:\/\/clinicacemeq.es\/dental\/2022\/05\/19\/ortodoncia-invisible-tipos-precio\/"},"wordCount":586,"commentCount":0,"publisher":{"@id":"https:\/\/clinicacemeq.es\/dental\/#organization"},"image":{"@id":"https:\/\/clinicacemeq.es\/dental\/2022\/05\/19\/ortodoncia-invisible-tipos-precio\/#primaryimage"},"thumbnailUrl":"https:\/\/clinicacemeq.es\/dental\/wp-content\/uploads\/2022\/05\/ORTO-BLOG.png","articleSection":["Ortodoncia"],"inLanguage":"es","potentialAction":[{"@type":"CommentAction","name":"Comment","target":["https:\/\/clinicacemeq.es\/dental\/2022\/05\/19\/ortodoncia-invisible-tipos-precio\/#respond"]}]},{"@type":"WebPage","@id":"https:\/\/clinicacemeq.es\/dental\/2022\/05\/19\/ortodoncia-invisible-tipos-precio\/","url":"https:\/\/clinicacemeq.es\/dental\/2022\/05\/19\/ortodoncia-invisible-tipos-precio\/","name":"Ortodoncia invisible: Tipos y precio &#8902; Cl\u00ednica Dental CEMEQ","isPartOf":{"@id":"https:\/\/clinicacemeq.es\/dental\/#website"},"primaryImageOfPage":{"@id":"https:\/\/clinicacemeq.es\/dental\/2022\/05\/19\/ortodoncia-invisible-tipos-precio\/#primaryimage"},"image":{"@id":"https:\/\/clinicacemeq.es\/dental\/2022\/05\/19\/ortodoncia-invisible-tipos-precio\/#primaryimage"},"thumbnailUrl":"https:\/\/clinicacemeq.es\/dental\/wp-content\/uploads\/2022\/05\/ORTO-BLOG.png","datePublished":"2022-05-19T10:59:03+00:00","dateModified":"2024-09-09T11:25:10+00:00","description":"Te contamos cu\u00e1l es el precio de la ortodoncia invisible y sus tipos. Pide tu valoraci\u00f3n gratuita en nuestra cl\u00ednica dental en Valencia.","breadcrumb":{"@id":"https:\/\/clinicacemeq.es\/dental\/2022\/05\/19\/ortodoncia-invisible-tipos-precio\/#breadcrumb"},"inLanguage":"es","potentialAction":[{"@type":"ReadAction","target":["https:\/\/clinicacemeq.es\/dental\/2022\/05\/19\/ortodoncia-invisible-tipos-precio\/"]}]},{"@type":"ImageObject","inLanguage":"es","@id":"https:\/\/clinicacemeq.es\/dental\/2022\/05\/19\/ortodoncia-invisible-tipos-precio\/#primaryimage","url":"https:\/\/clinicacemeq.es\/dental\/wp-content\/uploads\/2022\/05\/ORTO-BLOG.png","contentUrl":"https:\/\/clinicacemeq.es\/dental\/wp-content\/uploads\/2022\/05\/ORTO-BLOG.png","width":1000,"height":665,"caption":"ortodoncia invisible: tipos y precio"},{"@type":"BreadcrumbList","@id":"https:\/\/clinicacemeq.es\/dental\/2022\/05\/19\/ortodoncia-invisible-tipos-precio\/#breadcrumb","itemListElement":[{"@type":"ListItem","position":1,"name":"Portada","item":"https:\/\/clinicacemeq.es\/dental\/"},{"@type":"ListItem","position":2,"name":"Ortodoncia invisible: Tipos y precio"}]},{"@type":"WebSite","@id":"https:\/\/clinicacemeq.es\/dental\/#website","url":"https:\/\/clinicacemeq.es\/dental\/","name":"Cl\u00ednica Dental CEMEQ","description":"Cl\u00ednica Dental Valencia | Dentista Valencia","publisher":{"@id":"https:\/\/clinicacemeq.es\/dental\/#organization"},"potentialAction":[{"@type":"SearchAction","target":{"@type":"EntryPoint","urlTemplate":"https:\/\/clinicacemeq.es\/dental\/?s={search_term_string}"},"query-input":"required name=search_term_string"}],"inLanguage":"es"},{"@type":"Organization","@id":"https:\/\/clinicacemeq.es\/dental\/#organization","name":"CEMEQ","url":"https:\/\/clinicacemeq.es\/dental\/","logo":{"@type":"ImageObject","inLanguage":"es","@id":"https:\/\/clinicacemeq.es\/dental\/#\/schema\/logo\/image\/","url":"https:\/\/clinicacemeq.es\/dental\/wp-content\/uploads\/2021\/07\/LOGO-WEB-1024x631-1.jpeg","contentUrl":"https:\/\/clinicacemeq.es\/dental\/wp-content\/uploads\/2021\/07\/LOGO-WEB-1024x631-1.jpeg","width":1024,"height":631,"caption":"CEMEQ"},"image":{"@id":"https:\/\/clinicacemeq.es\/dental\/#\/schema\/logo\/image\/"}},{"@type":"Person","@id":"https:\/\/clinicacemeq.es\/dental\/#\/schema\/person\/c59ca45e0d40697222e3795fa6384c4d","name":"Federico Mahiques","image":{"@type":"ImageObject","inLanguage":"es","@id":"https:\/\/clinicacemeq.es\/dental\/#\/schema\/person\/image\/","url":"https:\/\/secure.gravatar.com\/avatar\/a16f1bf5b7e085c0937f91eaf260e1fc?s=96&d=mm&r=g","contentUrl":"https:\/\/secure.gravatar.com\/avatar\/a16f1bf5b7e085c0937f91eaf260e1fc?s=96&d=mm&r=g","caption":"Federico Mahiques"},"url":"https:\/\/clinicacemeq.es\/dental\/author\/marketing\/"}]}},"_links":{"self":[{"href":"https:\/\/clinicacemeq.es\/dental\/wp-json\/wp\/v2\/posts\/3693"}],"collection":[{"href":"https:\/\/clinicacemeq.es\/dental\/wp-json\/wp\/v2\/posts"}],"about":[{"href":"https:\/\/clinicacemeq.es\/dental\/wp-json\/wp\/v2\/types\/post"}],"author":[{"embeddable":true,"href":"https:\/\/clinicacemeq.es\/dental\/wp-json\/wp\/v2\/users\/6"}],"replies":[{"embeddable":true,"href":"https:\/\/clinicacemeq.es\/dental\/wp-json\/wp\/v2\/comments?post=3693"}],"version-history":[{"count":8,"href":"https:\/\/clinicacemeq.es\/dental\/wp-json\/wp\/v2\/posts\/3693\/revisions"}],"predecessor-version":[{"id":11930,"href":"https:\/\/clinicacemeq.es\/dental\/wp-json\/wp\/v2\/posts\/3693\/revisions\/11930"}],"wp:featuredmedia":[{"embeddable":true,"href":"https:\/\/clinicacemeq.es\/dental\/wp-json\/wp\/v2\/media\/3696"}],"wp:attachment":[{"href":"https:\/\/clinicacemeq.es\/dental\/wp-json\/wp\/v2\/media?parent=3693"}],"wp:term":[{"taxonomy":"category","embeddable":true,"href":"https:\/\/clinicacemeq.es\/dental\/wp-json\/wp\/v2\/categories?post=3693"},{"taxonomy":"post_tag","embeddable":true,"href":"https:\/\/clinicacemeq.es\/dental\/wp-json\/wp\/v2\/tags?post=3693"}],"curies":[{"name":"wp","href":"https:\/\/api.w.org\/{rel}","templated":true}]}}