{"id":3050,"date":"2022-04-20T09:18:11","date_gmt":"2022-04-20T09:18:11","guid":{"rendered":"https:\/\/clinicacemeq.es\/dental\/?p=3050"},"modified":"2024-09-09T13:41:13","modified_gmt":"2024-09-09T13:41:13","slug":"implantes-con-injertos-de-meses-a-un-par-de-dias","status":"publish","type":"post","link":"https:\/\/clinicacemeq.es\/dental\/2022\/04\/20\/implantes-con-injertos-de-meses-a-un-par-de-dias\/","title":{"rendered":"Implantes con injertos de meses a un par de d\u00edas"},"content":{"rendered":"\n\n<div class=\"kk-star-ratings kksr-auto kksr-align-left kksr-valign-top\"\n    data-payload='{&quot;align&quot;:&quot;left&quot;,&quot;id&quot;:&quot;3050&quot;,&quot;slug&quot;:&quot;default&quot;,&quot;valign&quot;:&quot;top&quot;,&quot;ignore&quot;:&quot;&quot;,&quot;reference&quot;:&quot;auto&quot;,&quot;class&quot;:&quot;&quot;,&quot;count&quot;:&quot;0&quot;,&quot;legendonly&quot;:&quot;&quot;,&quot;readonly&quot;:&quot;&quot;,&quot;score&quot;:&quot;0&quot;,&quot;starsonly&quot;:&quot;&quot;,&quot;best&quot;:&quot;5&quot;,&quot;gap&quot;:&quot;5&quot;,&quot;greet&quot;:&quot;Valora esta publicaci\u00f3n \ud83d\ude09&quot;,&quot;legend&quot;:&quot;0\\\/5 - (0 votos)&quot;,&quot;size&quot;:&quot;24&quot;,&quot;title&quot;:&quot;Implantes con injertos de meses a un par de d\u00edas&quot;,&quot;width&quot;:&quot;0&quot;,&quot;_legend&quot;:&quot;{score}\\\/{best} - ({count} {votes})&quot;,&quot;font_factor&quot;:&quot;1.25&quot;}'>\n            \n<div class=\"kksr-stars\">\n    \n<div class=\"kksr-stars-inactive\">\n            <div class=\"kksr-star\" data-star=\"1\" style=\"padding-right: 5px\">\n            \n\n<div class=\"kksr-icon\" style=\"width: 24px; height: 24px;\"><\/div>\n        <\/div>\n            <div class=\"kksr-star\" data-star=\"2\" style=\"padding-right: 5px\">\n            \n\n<div class=\"kksr-icon\" style=\"width: 24px; height: 24px;\"><\/div>\n        <\/div>\n            <div class=\"kksr-star\" data-star=\"3\" style=\"padding-right: 5px\">\n            \n\n<div class=\"kksr-icon\" style=\"width: 24px; height: 24px;\"><\/div>\n        <\/div>\n            <div class=\"kksr-star\" data-star=\"4\" style=\"padding-right: 5px\">\n            \n\n<div class=\"kksr-icon\" style=\"width: 24px; height: 24px;\"><\/div>\n        <\/div>\n            <div class=\"kksr-star\" data-star=\"5\" style=\"padding-right: 5px\">\n            \n\n<div class=\"kksr-icon\" style=\"width: 24px; height: 24px;\"><\/div>\n        <\/div>\n    <\/div>\n    \n<div class=\"kksr-stars-active\" style=\"width: 0px;\">\n            <div class=\"kksr-star\" style=\"padding-right: 5px\">\n            \n\n<div class=\"kksr-icon\" style=\"width: 24px; height: 24px;\"><\/div>\n        <\/div>\n            <div class=\"kksr-star\" style=\"padding-right: 5px\">\n            \n\n<div class=\"kksr-icon\" style=\"width: 24px; height: 24px;\"><\/div>\n        <\/div>\n            <div class=\"kksr-star\" style=\"padding-right: 5px\">\n            \n\n<div class=\"kksr-icon\" style=\"width: 24px; height: 24px;\"><\/div>\n        <\/div>\n            <div class=\"kksr-star\" style=\"padding-right: 5px\">\n            \n\n<div class=\"kksr-icon\" style=\"width: 24px; height: 24px;\"><\/div>\n        <\/div>\n            <div class=\"kksr-star\" style=\"padding-right: 5px\">\n            \n\n<div class=\"kksr-icon\" style=\"width: 24px; height: 24px;\"><\/div>\n        <\/div>\n    <\/div>\n<\/div>\n                \n\n<div class=\"kksr-legend\" style=\"font-size: 19.2px;\">\n            <span class=\"kksr-muted\">Valora esta publicaci\u00f3n \ud83d\ude09<\/span>\n    <\/div>\n    <\/div>\n<h2>La cl\u00ednica dental CEMEQ reduce el tiempo de tratamiento de implantes con injertos de meses a un par de d\u00edas<\/h2>\n<p>Aprovechar al m\u00e1ximo los tejidos del propio paciente para lograr una <strong>rehabilitaci\u00f3n oral completa<\/strong> en una sola cirug\u00eda y con una excelente capacidad de asimilaci\u00f3n por parte del organismo para evitar molestias, rechazos, infecciones o inflamaciones. Es el concepto que ha implantado en la <a href=\"https:\/\/clinicacemeq.es\/dental\/\"><strong>cl\u00ednica dental CEMEQ<\/strong><\/a>\u00a0 cl\u00ednica dental especializada en la resoluci\u00f3n de casos complejos. \u00abPor resumirlo de una manera muy simple\u00bb, explica nuestro. Si el material injertado es aut\u00f3logo, es decir, de la boca del propio paciente, la recuperaci\u00f3n es mucho m\u00e1s r\u00e1pida y c\u00f3moda. Nos diferenciamos porque siempre que es posible, obtenemos el material y lo injertamos en una \u00fanica cirug\u00eda\u00bb, puntualiza.<\/p>\n<p>Los beneficios, como reconocen los primeros pacientes tratados, \u00abson espectaculares\u00bb. Antes este proceso pod\u00eda prolongarse durante bastantes meses hasta que el paciente pod\u00eda disfrutar de <strong>dientes fijos provisionales<\/strong>\u00bb. \u00abAhora, con los \u00faltimos adelantos incorporados por <a href=\"https:\/\/clinicacemeq.es\/dental\/\"><strong>CEMEQ<\/strong> <\/a>en nuestra \u00e1rea regenerativa, podemos simplificar tremendamente todo el tratamiento, reduci\u00e9ndolo en muchos pacientes a una \u00fanica intervenci\u00f3n y a apenas un par de d\u00edas hasta la colocaci\u00f3n de los dientes provisionales\u00bb, concluye el m\u00e9dico valenciano.<\/p>\n<p><a href=\"https:\/\/clinicacemeq.es\/dental\/implantologia-landing\/\"><img loading=\"lazy\" decoding=\"async\" class=\"size-full wp-image-11408 aligncenter\" src=\"https:\/\/clinicacemeq.es\/dental\/wp-content\/uploads\/2023\/03\/implantologia-dientes-fijos-un-dia-pie.jpg\" alt=\"Implantes en CEMEQ\" width=\"663\" height=\"199\" \/><\/a><\/p>\n<h3>REGENERACI\u00d3N AUT\u00d3LOGA<\/h3>\n<p>Durante una \u00fanica cirug\u00eda regenerativa, de gran cantidad tejido \u00f3seo aut\u00f3logo. Para ello la unidad regenerativa de CEMEQ \u00a0dispone del equipamiento necesario para seccionar hueso del maxilar del paciente, en aquellas zonas donde existe un excedente. Estas secciones se realizan por ultrasonidos logrando un corte m\u00e1s sutil y preciso y una menor inflamaci\u00f3n.<\/p>\n<p>Por \u00faltimo, para optimizar la regeneraci\u00f3n de tejidos, utilizan concentrado de plaquetas con factores del crecimiento, tambi\u00e9n aut\u00f3logas, favoreciendo una recuperaci\u00f3n c\u00f3moda y r\u00e1pida. En apenas un par de d\u00edas, o incluso menos, puede recuperar toda su calidad de vida\u00bb.<\/p>\n<h3>RECUPERANDO CASOS PERDIDOS<\/h3>\n<p>Hay dos tipos de pacientes son los grandes beneficiados del \u00e1rea regenerativa implantada en nuestra <a href=\"https:\/\/clinicacemeq.es\/dental\/\"><strong>cl\u00ednica dental CEMEQ<\/strong><\/a> \u00abPor un lado, los pacientes que tienen fobia al dentista y mucho miedo al dolor, pues les podemos dar los medios para que no sufran y tengan una recuperaci\u00f3n pr\u00e1cticamente indolora. Ahora esta<strong> cirug\u00eda de injertos es r\u00e1pida y muy c\u00f3moda\u00bb<\/strong>, se\u00f1ala. Es el caso por ejemplo de Francisco Jos\u00e9 o Arturo, dos de los primeros pacientes tratados en el \u00e1rea regenerativa de <strong>CEMEQ<\/strong>.<\/p>\n<h4>\u00a0CALIDAD DE VIDA INMEDIATA<\/h4>\n<p>\u00abFrancisco Jos\u00e9 fue un paciente aut\u00f3logo puro\u00bb, explica el nuestro Dr. Federico Mahiques Aguado \u00abAl presentar zonas atr\u00f3ficas y zonas no atr\u00f3ficas pudimos obtener hueso de los picos de su maxilar y de la regularizaci\u00f3n de sus planos \u00f3seos, dando una mayor densidad a las zonas atr\u00f3ficas. Posteriormente, con solo seis implantes en el maxilar y otros tantos en la mand\u00edbula pudimos rehabilitarle totalmente en una \u00fanica cirug\u00eda\u00bb, a\u00f1ade.<\/p>\n<p>Por su parte, Arturo padeci\u00f3 una serie de quistes bucales que le dejaron sin una estructura \u00f3sea apta. Su caso era complejo, pero se pudo solucionar obteniendo suficiente hueso a partir tanto de picos \u00f3seos como de sus propios dientes, para injertar. En ambos casos los pacientes se sometieron a<strong> la cirug\u00eda un d\u00eda<\/strong>, y al d\u00eda siguiente estaban en casa totalmente rehabilitados, con dientes provisionales fijos y sin dolor.<\/p>\n<p><img loading=\"lazy\" decoding=\"async\" class=\"size-medium wp-image-1898 aligncenter\" src=\"https:\/\/clinicacemeq.es\/dental\/wp-content\/uploads\/2021\/07\/CLINICA_GRANVIA-327-300x300.jpg\" alt=\"implantes-dentales-valencia\" width=\"300\" height=\"300\" \/><\/p>\n<h2>Especialistas en Implantes dentales en Valencia<\/h2>\n<p>En\u00a0<a href=\"https:\/\/clinicacemeq.es\/dental\/\"><strong>CEMEQ<\/strong>\u00a0<\/a>contamos con una Unidad dedicada a la<strong>\u00a0Cirug\u00eda Maxilofacial,<\/strong>\u00a0con cirujanos maxilofaciales, ortodoncistas y odont\u00f3logos para ofrecer a nuestros pacientes todo tipo de tratamientos que van desde la\u00a0<strong>rehabilitaci\u00f3n ora<\/strong>l en los casos m\u00e1s complejos de atrofia maxilar (falta de hueso para poner implantes dentales),\u00a0 a la implantolog\u00eda avanzada o trastornos de la articulaci\u00f3n temporomandibular (ATM). Ponte en\u00a0<a href=\"https:\/\/clinicacemeq.es\/contacto\/\" target=\"_blank\" rel=\"nofollow noopener\">contacto con nosotros<\/a>\u00a0y pide cita.<strong>\u00a0Primera visita gratuita.<\/strong><\/p>\n","protected":false},"excerpt":{"rendered":"<p>La cl\u00ednica dental CEMEQ reduce el tiempo de tratamiento de implantes con injertos de meses a un par de d\u00edas Aprovechar al m\u00e1ximo los tejidos del propio paciente para lograr una rehabilitaci\u00f3n oral completa en una sola cirug\u00eda y con una excelente capacidad de asimilaci\u00f3n por parte del organismo para evitar molestias, rechazos, infecciones o [&#8230;]\n","protected":false},"author":6,"featured_media":3055,"comment_status":"open","ping_status":"open","sticky":false,"template":"","format":"standard","meta":{"footnotes":""},"categories":[1],"tags":[],"yoast_head":"<!-- This site is optimized with the Yoast SEO Premium plugin v18.3 (Yoast SEO v22.7) - https:\/\/yoast.com\/wordpress\/plugins\/seo\/ -->\n<title>Implantes con injertos de meses a un par de d\u00edas \u22c6 CEMEQ<\/title>\n<meta name=\"description\" content=\"La cl\u00ednica dental CEMEQ reduce el tiempo de tratamiento de implantes con injertos de meses a un par de d\u00edas\" \/>\n<meta name=\"robots\" content=\"index, follow, max-snippet:-1, max-image-preview:large, max-video-preview:-1\" \/>\n<link rel=\"canonical\" href=\"https:\/\/clinicacemeq.es\/dental\/2022\/04\/20\/implantes-con-injertos-de-meses-a-un-par-de-dias\/\" \/>\n<meta property=\"og:locale\" content=\"es_ES\" \/>\n<meta property=\"og:type\" content=\"article\" \/>\n<meta property=\"og:title\" content=\"Implantes con injertos de meses a un par de d\u00edas\" \/>\n<meta property=\"og:description\" content=\"La cl\u00ednica dental CEMEQ reduce el tiempo de tratamiento de implantes con injertos de meses a un par de d\u00edas\" \/>\n<meta property=\"og:url\" content=\"https:\/\/clinicacemeq.es\/dental\/2022\/04\/20\/implantes-con-injertos-de-meses-a-un-par-de-dias\/\" \/>\n<meta property=\"og:site_name\" content=\"Cl\u00ednica Dental CEMEQ\" \/>\n<meta property=\"article:published_time\" content=\"2022-04-20T09:18:11+00:00\" \/>\n<meta property=\"article:modified_time\" content=\"2024-09-09T13:41:13+00:00\" \/>\n<meta property=\"og:image\" content=\"https:\/\/clinicacemeq.es\/dental\/wp-content\/uploads\/2022\/04\/implantee.png\" \/>\n\t<meta property=\"og:image:width\" content=\"1000\" \/>\n\t<meta property=\"og:image:height\" content=\"765\" \/>\n\t<meta property=\"og:image:type\" content=\"image\/png\" \/>\n<meta name=\"author\" content=\"Federico Mahiques\" \/>\n<meta name=\"twitter:card\" content=\"summary_large_image\" \/>\n<meta name=\"twitter:label1\" content=\"Escrito por\" \/>\n\t<meta name=\"twitter:data1\" content=\"Federico Mahiques\" \/>\n\t<meta name=\"twitter:label2\" content=\"Tiempo de lectura\" \/>\n\t<meta name=\"twitter:data2\" content=\"4 minutos\" \/>\n<script type=\"application\/ld+json\" class=\"yoast-schema-graph\">{\"@context\":\"https:\/\/schema.org\",\"@graph\":[{\"@type\":\"Article\",\"@id\":\"https:\/\/clinicacemeq.es\/dental\/2022\/04\/20\/implantes-con-injertos-de-meses-a-un-par-de-dias\/#article\",\"isPartOf\":{\"@id\":\"https:\/\/clinicacemeq.es\/dental\/2022\/04\/20\/implantes-con-injertos-de-meses-a-un-par-de-dias\/\"},\"author\":{\"name\":\"Federico Mahiques\",\"@id\":\"https:\/\/clinicacemeq.es\/dental\/#\/schema\/person\/c59ca45e0d40697222e3795fa6384c4d\"},\"headline\":\"Implantes con injertos de meses a un par de d\u00edas\",\"datePublished\":\"2022-04-20T09:18:11+00:00\",\"dateModified\":\"2024-09-09T13:41:13+00:00\",\"mainEntityOfPage\":{\"@id\":\"https:\/\/clinicacemeq.es\/dental\/2022\/04\/20\/implantes-con-injertos-de-meses-a-un-par-de-dias\/\"},\"wordCount\":665,\"commentCount\":0,\"publisher\":{\"@id\":\"https:\/\/clinicacemeq.es\/dental\/#organization\"},\"image\":{\"@id\":\"https:\/\/clinicacemeq.es\/dental\/2022\/04\/20\/implantes-con-injertos-de-meses-a-un-par-de-dias\/#primaryimage\"},\"thumbnailUrl\":\"https:\/\/clinicacemeq.es\/dental\/wp-content\/uploads\/2022\/04\/implantee.png\",\"articleSection\":[\"Patolog\u00edas dentales\"],\"inLanguage\":\"es\",\"potentialAction\":[{\"@type\":\"CommentAction\",\"name\":\"Comment\",\"target\":[\"https:\/\/clinicacemeq.es\/dental\/2022\/04\/20\/implantes-con-injertos-de-meses-a-un-par-de-dias\/#respond\"]}]},{\"@type\":\"WebPage\",\"@id\":\"https:\/\/clinicacemeq.es\/dental\/2022\/04\/20\/implantes-con-injertos-de-meses-a-un-par-de-dias\/\",\"url\":\"https:\/\/clinicacemeq.es\/dental\/2022\/04\/20\/implantes-con-injertos-de-meses-a-un-par-de-dias\/\",\"name\":\"Implantes con injertos de meses a un par de d\u00edas \u22c6 CEMEQ\",\"isPartOf\":{\"@id\":\"https:\/\/clinicacemeq.es\/dental\/#website\"},\"primaryImageOfPage\":{\"@id\":\"https:\/\/clinicacemeq.es\/dental\/2022\/04\/20\/implantes-con-injertos-de-meses-a-un-par-de-dias\/#primaryimage\"},\"image\":{\"@id\":\"https:\/\/clinicacemeq.es\/dental\/2022\/04\/20\/implantes-con-injertos-de-meses-a-un-par-de-dias\/#primaryimage\"},\"thumbnailUrl\":\"https:\/\/clinicacemeq.es\/dental\/wp-content\/uploads\/2022\/04\/implantee.png\",\"datePublished\":\"2022-04-20T09:18:11+00:00\",\"dateModified\":\"2024-09-09T13:41:13+00:00\",\"description\":\"La cl\u00ednica dental CEMEQ reduce el tiempo de tratamiento de implantes con injertos de meses a un par de d\u00edas\",\"breadcrumb\":{\"@id\":\"https:\/\/clinicacemeq.es\/dental\/2022\/04\/20\/implantes-con-injertos-de-meses-a-un-par-de-dias\/#breadcrumb\"},\"inLanguage\":\"es\",\"potentialAction\":[{\"@type\":\"ReadAction\",\"target\":[\"https:\/\/clinicacemeq.es\/dental\/2022\/04\/20\/implantes-con-injertos-de-meses-a-un-par-de-dias\/\"]}]},{\"@type\":\"ImageObject\",\"inLanguage\":\"es\",\"@id\":\"https:\/\/clinicacemeq.es\/dental\/2022\/04\/20\/implantes-con-injertos-de-meses-a-un-par-de-dias\/#primaryimage\",\"url\":\"https:\/\/clinicacemeq.es\/dental\/wp-content\/uploads\/2022\/04\/implantee.png\",\"contentUrl\":\"https:\/\/clinicacemeq.es\/dental\/wp-content\/uploads\/2022\/04\/implantee.png\",\"width\":1000,\"height\":765,\"caption\":\"implante-dental-valencia\"},{\"@type\":\"BreadcrumbList\",\"@id\":\"https:\/\/clinicacemeq.es\/dental\/2022\/04\/20\/implantes-con-injertos-de-meses-a-un-par-de-dias\/#breadcrumb\",\"itemListElement\":[{\"@type\":\"ListItem\",\"position\":1,\"name\":\"Portada\",\"item\":\"https:\/\/clinicacemeq.es\/dental\/\"},{\"@type\":\"ListItem\",\"position\":2,\"name\":\"Implantes con injertos de meses a un par de d\u00edas\"}]},{\"@type\":\"WebSite\",\"@id\":\"https:\/\/clinicacemeq.es\/dental\/#website\",\"url\":\"https:\/\/clinicacemeq.es\/dental\/\",\"name\":\"Cl\u00ednica Dental CEMEQ\",\"description\":\"Cl\u00ednica Dental Valencia | Dentista Valencia\",\"publisher\":{\"@id\":\"https:\/\/clinicacemeq.es\/dental\/#organization\"},\"potentialAction\":[{\"@type\":\"SearchAction\",\"target\":{\"@type\":\"EntryPoint\",\"urlTemplate\":\"https:\/\/clinicacemeq.es\/dental\/?s={search_term_string}\"},\"query-input\":\"required name=search_term_string\"}],\"inLanguage\":\"es\"},{\"@type\":\"Organization\",\"@id\":\"https:\/\/clinicacemeq.es\/dental\/#organization\",\"name\":\"CEMEQ\",\"url\":\"https:\/\/clinicacemeq.es\/dental\/\",\"logo\":{\"@type\":\"ImageObject\",\"inLanguage\":\"es\",\"@id\":\"https:\/\/clinicacemeq.es\/dental\/#\/schema\/logo\/image\/\",\"url\":\"https:\/\/clinicacemeq.es\/dental\/wp-content\/uploads\/2021\/07\/LOGO-WEB-1024x631-1.jpeg\",\"contentUrl\":\"https:\/\/clinicacemeq.es\/dental\/wp-content\/uploads\/2021\/07\/LOGO-WEB-1024x631-1.jpeg\",\"width\":1024,\"height\":631,\"caption\":\"CEMEQ\"},\"image\":{\"@id\":\"https:\/\/clinicacemeq.es\/dental\/#\/schema\/logo\/image\/\"}},{\"@type\":\"Person\",\"@id\":\"https:\/\/clinicacemeq.es\/dental\/#\/schema\/person\/c59ca45e0d40697222e3795fa6384c4d\",\"name\":\"Federico Mahiques\",\"image\":{\"@type\":\"ImageObject\",\"inLanguage\":\"es\",\"@id\":\"https:\/\/clinicacemeq.es\/dental\/#\/schema\/person\/image\/\",\"url\":\"https:\/\/secure.gravatar.com\/avatar\/a16f1bf5b7e085c0937f91eaf260e1fc?s=96&d=mm&r=g\",\"contentUrl\":\"https:\/\/secure.gravatar.com\/avatar\/a16f1bf5b7e085c0937f91eaf260e1fc?s=96&d=mm&r=g\",\"caption\":\"Federico Mahiques\"},\"url\":\"https:\/\/clinicacemeq.es\/dental\/author\/marketing\/\"}]}<\/script>\n<!-- \/ Yoast SEO Premium plugin. -->","yoast_head_json":{"title":"Implantes con injertos de meses a un par de d\u00edas \u22c6 CEMEQ","description":"La cl\u00ednica dental CEMEQ reduce el tiempo de tratamiento de implantes con injertos de meses a un par de d\u00edas","robots":{"index":"index","follow":"follow","max-snippet":"max-snippet:-1","max-image-preview":"max-image-preview:large","max-video-preview":"max-video-preview:-1"},"canonical":"https:\/\/clinicacemeq.es\/dental\/2022\/04\/20\/implantes-con-injertos-de-meses-a-un-par-de-dias\/","og_locale":"es_ES","og_type":"article","og_title":"Implantes con injertos de meses a un par de d\u00edas","og_description":"La cl\u00ednica dental CEMEQ reduce el tiempo de tratamiento de implantes con injertos de meses a un par de d\u00edas","og_url":"https:\/\/clinicacemeq.es\/dental\/2022\/04\/20\/implantes-con-injertos-de-meses-a-un-par-de-dias\/","og_site_name":"Cl\u00ednica Dental CEMEQ","article_published_time":"2022-04-20T09:18:11+00:00","article_modified_time":"2024-09-09T13:41:13+00:00","og_image":[{"width":1000,"height":765,"url":"https:\/\/clinicacemeq.es\/dental\/wp-content\/uploads\/2022\/04\/implantee.png","type":"image\/png"}],"author":"Federico Mahiques","twitter_card":"summary_large_image","twitter_misc":{"Escrito por":"Federico Mahiques","Tiempo de lectura":"4 minutos"},"schema":{"@context":"https:\/\/schema.org","@graph":[{"@type":"Article","@id":"https:\/\/clinicacemeq.es\/dental\/2022\/04\/20\/implantes-con-injertos-de-meses-a-un-par-de-dias\/#article","isPartOf":{"@id":"https:\/\/clinicacemeq.es\/dental\/2022\/04\/20\/implantes-con-injertos-de-meses-a-un-par-de-dias\/"},"author":{"name":"Federico Mahiques","@id":"https:\/\/clinicacemeq.es\/dental\/#\/schema\/person\/c59ca45e0d40697222e3795fa6384c4d"},"headline":"Implantes con injertos de meses a un par de d\u00edas","datePublished":"2022-04-20T09:18:11+00:00","dateModified":"2024-09-09T13:41:13+00:00","mainEntityOfPage":{"@id":"https:\/\/clinicacemeq.es\/dental\/2022\/04\/20\/implantes-con-injertos-de-meses-a-un-par-de-dias\/"},"wordCount":665,"commentCount":0,"publisher":{"@id":"https:\/\/clinicacemeq.es\/dental\/#organization"},"image":{"@id":"https:\/\/clinicacemeq.es\/dental\/2022\/04\/20\/implantes-con-injertos-de-meses-a-un-par-de-dias\/#primaryimage"},"thumbnailUrl":"https:\/\/clinicacemeq.es\/dental\/wp-content\/uploads\/2022\/04\/implantee.png","articleSection":["Patolog\u00edas dentales"],"inLanguage":"es","potentialAction":[{"@type":"CommentAction","name":"Comment","target":["https:\/\/clinicacemeq.es\/dental\/2022\/04\/20\/implantes-con-injertos-de-meses-a-un-par-de-dias\/#respond"]}]},{"@type":"WebPage","@id":"https:\/\/clinicacemeq.es\/dental\/2022\/04\/20\/implantes-con-injertos-de-meses-a-un-par-de-dias\/","url":"https:\/\/clinicacemeq.es\/dental\/2022\/04\/20\/implantes-con-injertos-de-meses-a-un-par-de-dias\/","name":"Implantes con injertos de meses a un par de d\u00edas \u22c6 CEMEQ","isPartOf":{"@id":"https:\/\/clinicacemeq.es\/dental\/#website"},"primaryImageOfPage":{"@id":"https:\/\/clinicacemeq.es\/dental\/2022\/04\/20\/implantes-con-injertos-de-meses-a-un-par-de-dias\/#primaryimage"},"image":{"@id":"https:\/\/clinicacemeq.es\/dental\/2022\/04\/20\/implantes-con-injertos-de-meses-a-un-par-de-dias\/#primaryimage"},"thumbnailUrl":"https:\/\/clinicacemeq.es\/dental\/wp-content\/uploads\/2022\/04\/implantee.png","datePublished":"2022-04-20T09:18:11+00:00","dateModified":"2024-09-09T13:41:13+00:00","description":"La cl\u00ednica dental CEMEQ reduce el tiempo de tratamiento de implantes con injertos de meses a un par de d\u00edas","breadcrumb":{"@id":"https:\/\/clinicacemeq.es\/dental\/2022\/04\/20\/implantes-con-injertos-de-meses-a-un-par-de-dias\/#breadcrumb"},"inLanguage":"es","potentialAction":[{"@type":"ReadAction","target":["https:\/\/clinicacemeq.es\/dental\/2022\/04\/20\/implantes-con-injertos-de-meses-a-un-par-de-dias\/"]}]},{"@type":"ImageObject","inLanguage":"es","@id":"https:\/\/clinicacemeq.es\/dental\/2022\/04\/20\/implantes-con-injertos-de-meses-a-un-par-de-dias\/#primaryimage","url":"https:\/\/clinicacemeq.es\/dental\/wp-content\/uploads\/2022\/04\/implantee.png","contentUrl":"https:\/\/clinicacemeq.es\/dental\/wp-content\/uploads\/2022\/04\/implantee.png","width":1000,"height":765,"caption":"implante-dental-valencia"},{"@type":"BreadcrumbList","@id":"https:\/\/clinicacemeq.es\/dental\/2022\/04\/20\/implantes-con-injertos-de-meses-a-un-par-de-dias\/#breadcrumb","itemListElement":[{"@type":"ListItem","position":1,"name":"Portada","item":"https:\/\/clinicacemeq.es\/dental\/"},{"@type":"ListItem","position":2,"name":"Implantes con injertos de meses a un par de d\u00edas"}]},{"@type":"WebSite","@id":"https:\/\/clinicacemeq.es\/dental\/#website","url":"https:\/\/clinicacemeq.es\/dental\/","name":"Cl\u00ednica Dental CEMEQ","description":"Cl\u00ednica Dental Valencia | Dentista Valencia","publisher":{"@id":"https:\/\/clinicacemeq.es\/dental\/#organization"},"potentialAction":[{"@type":"SearchAction","target":{"@type":"EntryPoint","urlTemplate":"https:\/\/clinicacemeq.es\/dental\/?s={search_term_string}"},"query-input":"required name=search_term_string"}],"inLanguage":"es"},{"@type":"Organization","@id":"https:\/\/clinicacemeq.es\/dental\/#organization","name":"CEMEQ","url":"https:\/\/clinicacemeq.es\/dental\/","logo":{"@type":"ImageObject","inLanguage":"es","@id":"https:\/\/clinicacemeq.es\/dental\/#\/schema\/logo\/image\/","url":"https:\/\/clinicacemeq.es\/dental\/wp-content\/uploads\/2021\/07\/LOGO-WEB-1024x631-1.jpeg","contentUrl":"https:\/\/clinicacemeq.es\/dental\/wp-content\/uploads\/2021\/07\/LOGO-WEB-1024x631-1.jpeg","width":1024,"height":631,"caption":"CEMEQ"},"image":{"@id":"https:\/\/clinicacemeq.es\/dental\/#\/schema\/logo\/image\/"}},{"@type":"Person","@id":"https:\/\/clinicacemeq.es\/dental\/#\/schema\/person\/c59ca45e0d40697222e3795fa6384c4d","name":"Federico Mahiques","image":{"@type":"ImageObject","inLanguage":"es","@id":"https:\/\/clinicacemeq.es\/dental\/#\/schema\/person\/image\/","url":"https:\/\/secure.gravatar.com\/avatar\/a16f1bf5b7e085c0937f91eaf260e1fc?s=96&d=mm&r=g","contentUrl":"https:\/\/secure.gravatar.com\/avatar\/a16f1bf5b7e085c0937f91eaf260e1fc?s=96&d=mm&r=g","caption":"Federico Mahiques"},"url":"https:\/\/clinicacemeq.es\/dental\/author\/marketing\/"}]}},"_links":{"self":[{"href":"https:\/\/clinicacemeq.es\/dental\/wp-json\/wp\/v2\/posts\/3050"}],"collection":[{"href":"https:\/\/clinicacemeq.es\/dental\/wp-json\/wp\/v2\/posts"}],"about":[{"href":"https:\/\/clinicacemeq.es\/dental\/wp-json\/wp\/v2\/types\/post"}],"author":[{"embeddable":true,"href":"https:\/\/clinicacemeq.es\/dental\/wp-json\/wp\/v2\/users\/6"}],"replies":[{"embeddable":true,"href":"https:\/\/clinicacemeq.es\/dental\/wp-json\/wp\/v2\/comments?post=3050"}],"version-history":[{"count":2,"href":"https:\/\/clinicacemeq.es\/dental\/wp-json\/wp\/v2\/posts\/3050\/revisions"}],"predecessor-version":[{"id":12020,"href":"https:\/\/clinicacemeq.es\/dental\/wp-json\/wp\/v2\/posts\/3050\/revisions\/12020"}],"wp:featuredmedia":[{"embeddable":true,"href":"https:\/\/clinicacemeq.es\/dental\/wp-json\/wp\/v2\/media\/3055"}],"wp:attachment":[{"href":"https:\/\/clinicacemeq.es\/dental\/wp-json\/wp\/v2\/media?parent=3050"}],"wp:term":[{"taxonomy":"category","embeddable":true,"href":"https:\/\/clinicacemeq.es\/dental\/wp-json\/wp\/v2\/categories?post=3050"},{"taxonomy":"post_tag","embeddable":true,"href":"https:\/\/clinicacemeq.es\/dental\/wp-json\/wp\/v2\/tags?post=3050"}],"curies":[{"name":"wp","href":"https:\/\/api.w.org\/{rel}","templated":true}]}}