{"id":2225,"date":"2021-11-30T12:29:42","date_gmt":"2021-11-30T12:29:42","guid":{"rendered":"https:\/\/clinicacemeq.es\/dental\/?p=2225"},"modified":"2024-06-05T11:56:47","modified_gmt":"2024-06-05T11:56:47","slug":"frenillo-descubre-que-es-y-sus-tipos","status":"publish","type":"post","link":"https:\/\/clinicacemeq.es\/dental\/2021\/11\/30\/frenillo-descubre-que-es-y-sus-tipos\/","title":{"rendered":"Frenillo: descubre qu\u00e9 es y sus tipos"},"content":{"rendered":"\n\n<div class=\"kk-star-ratings kksr-auto kksr-align-left kksr-valign-top\"\n    data-payload='{&quot;align&quot;:&quot;left&quot;,&quot;id&quot;:&quot;2225&quot;,&quot;slug&quot;:&quot;default&quot;,&quot;valign&quot;:&quot;top&quot;,&quot;ignore&quot;:&quot;&quot;,&quot;reference&quot;:&quot;auto&quot;,&quot;class&quot;:&quot;&quot;,&quot;count&quot;:&quot;0&quot;,&quot;legendonly&quot;:&quot;&quot;,&quot;readonly&quot;:&quot;&quot;,&quot;score&quot;:&quot;0&quot;,&quot;starsonly&quot;:&quot;&quot;,&quot;best&quot;:&quot;5&quot;,&quot;gap&quot;:&quot;5&quot;,&quot;greet&quot;:&quot;Valora esta publicaci\u00f3n \ud83d\ude09&quot;,&quot;legend&quot;:&quot;0\\\/5 - (0 votos)&quot;,&quot;size&quot;:&quot;24&quot;,&quot;title&quot;:&quot;Frenillo: descubre qu\u00e9 es y sus tipos&quot;,&quot;width&quot;:&quot;0&quot;,&quot;_legend&quot;:&quot;{score}\\\/{best} - ({count} {votes})&quot;,&quot;font_factor&quot;:&quot;1.25&quot;}'>\n            \n<div class=\"kksr-stars\">\n    \n<div class=\"kksr-stars-inactive\">\n            <div class=\"kksr-star\" data-star=\"1\" style=\"padding-right: 5px\">\n            \n\n<div class=\"kksr-icon\" style=\"width: 24px; height: 24px;\"><\/div>\n        <\/div>\n            <div class=\"kksr-star\" data-star=\"2\" style=\"padding-right: 5px\">\n            \n\n<div class=\"kksr-icon\" style=\"width: 24px; height: 24px;\"><\/div>\n        <\/div>\n            <div class=\"kksr-star\" data-star=\"3\" style=\"padding-right: 5px\">\n            \n\n<div class=\"kksr-icon\" style=\"width: 24px; height: 24px;\"><\/div>\n        <\/div>\n            <div class=\"kksr-star\" data-star=\"4\" style=\"padding-right: 5px\">\n            \n\n<div class=\"kksr-icon\" style=\"width: 24px; height: 24px;\"><\/div>\n        <\/div>\n            <div class=\"kksr-star\" data-star=\"5\" style=\"padding-right: 5px\">\n            \n\n<div class=\"kksr-icon\" style=\"width: 24px; height: 24px;\"><\/div>\n        <\/div>\n    <\/div>\n    \n<div class=\"kksr-stars-active\" style=\"width: 0px;\">\n            <div class=\"kksr-star\" style=\"padding-right: 5px\">\n            \n\n<div class=\"kksr-icon\" style=\"width: 24px; height: 24px;\"><\/div>\n        <\/div>\n            <div class=\"kksr-star\" style=\"padding-right: 5px\">\n            \n\n<div class=\"kksr-icon\" style=\"width: 24px; height: 24px;\"><\/div>\n        <\/div>\n            <div class=\"kksr-star\" style=\"padding-right: 5px\">\n            \n\n<div class=\"kksr-icon\" style=\"width: 24px; height: 24px;\"><\/div>\n        <\/div>\n            <div class=\"kksr-star\" style=\"padding-right: 5px\">\n            \n\n<div class=\"kksr-icon\" style=\"width: 24px; height: 24px;\"><\/div>\n        <\/div>\n            <div class=\"kksr-star\" style=\"padding-right: 5px\">\n            \n\n<div class=\"kksr-icon\" style=\"width: 24px; height: 24px;\"><\/div>\n        <\/div>\n    <\/div>\n<\/div>\n                \n\n<div class=\"kksr-legend\" style=\"font-size: 19.2px;\">\n            <span class=\"kksr-muted\">Valora esta publicaci\u00f3n \ud83d\ude09<\/span>\n    <\/div>\n    <\/div>\n<p style=\"text-align: justify;\"><span style=\"font-weight: 400;\">Cada persona cuenta con diferentes tipos de frenillos, \u00bflo sab\u00edas? Estas finas membranas\u00a0se conectan con algunas partes de la cavidad bucodental y nos ayudan con el proceso de trituraci\u00f3n, habla e incluso la degluci\u00f3n. Cuando no se desarrollan como es debido, terminan interfiriendo en nuestro d\u00eda a d\u00eda.<\/span><\/p>\n<p style=\"text-align: justify;\"><span style=\"font-weight: 400;\">En el Centro Quir\u00fargico CEMEQ nos encargamos de solventar cualquier anomal\u00eda que puede estar perjudicando la anatom\u00eda de tu boca o a nivel est\u00e9tico, proporcionando tratamientos especializados, personalizados y de \u00faltima generaci\u00f3n.\u00a0<\/span><\/p>\n<p style=\"text-align: justify;\"><span style=\"font-weight: 400;\">En este art\u00edculo te contamos todo lo que necesitas saber sobre el frenillo. \u00a1Sigue leyendo!\u00a0<\/span><\/p>\n<h2 style=\"text-align: justify;\">\u00bfQu\u00e9 se conoce como frenillo?<\/h2>\n<p style=\"text-align: justify;\"><span style=\"font-weight: 400;\">Los frenillos representan en este caso al \u00e1rea bucal; son bandas de tejido conectivo fibroso, muscular o ambos. Suelen estar recubiertas de mucosa que va desde el reborde alveolar hasta la mucosa del labio, mejilla o lengua.<\/span><\/p>\n<p style=\"text-align: justify;\"><span style=\"font-weight: 400;\">La funcionalidad de esta membrana oral es garantizar una movilidad completa de la lengua. Existen tres tipos de frenillos: el labial superior, el labial inferior y el lingual.\u00a0<\/span><\/p>\n<h2 style=\"text-align: justify;\">\u00bfQu\u00e9 tipos de frenillos existen?<\/h2>\n<p style=\"text-align: justify;\"><span style=\"font-weight: 400;\">A continuaci\u00f3n, destacamos las caracter\u00edsticas de los diferentes tipos de frenillo:\u00a0<\/span><\/p>\n<ul style=\"text-align: justify;\">\n<li aria-level=\"1\">\n<h3>Frenillo labial superior<\/h3>\n<\/li>\n<\/ul>\n<p style=\"text-align: justify;\"><span style=\"font-weight: 400;\">Es un repliegue fibroso de mucosa que va desde la cara interna del labio superior y se inserta en la enc\u00eda hasta el paladar. Puede estar presente tanto en ni\u00f1os como en adultos, llegando a adoptar diferentes formas.<\/span><\/p>\n<ul style=\"text-align: justify;\">\n<li aria-level=\"1\">\n<h3>Frenillo labial inferior<\/h3>\n<\/li>\n<\/ul>\n<p style=\"text-align: justify;\"><span style=\"font-weight: 400;\">Es un repliegue de mucosa en la l\u00ednea mediana de la boca, que conecta el labio inferior con la enc\u00eda.<\/span><\/p>\n<p style=\"text-align: justify;\"><span style=\"font-weight: 400;\">Si el frenillo labial, ya sea superior o inferior, es demasiado ancho o largo, puede llegar a conectarse por medio del tejido de las enc\u00edas entre los dientes con la parte frontal del paladar.\u00a0<\/span><\/p>\n<p style=\"text-align: justify;\"><span style=\"font-weight: 400;\">Una vez que esto pasa, puede generar un hueco entre ambos dientes frontales y requerir un m\u00e9todo quir\u00fargico por parte de un odont\u00f3logo, un cirujano bucal u otro especialista.<\/span><\/p>\n<ul style=\"text-align: justify;\">\n<li aria-level=\"1\">\n<h3>Frenillo lingual<\/h3>\n<\/li>\n<\/ul>\n<p style=\"text-align: justify;\"><span style=\"font-weight: 400;\">Es muy caracter\u00edstico, ya que constituye un cord\u00f3n fibroso de enc\u00eda que va desde la punta de la lengua hasta el suelo de la boca donde se inserta.\u00a0<\/span><\/p>\n<p style=\"text-align: justify;\"><span style=\"font-weight: 400;\">Suele formarse a lo largo del proceso de gestaci\u00f3n y puede abarcar todos los tama\u00f1os y grosores posibles. En la mayor\u00eda de los casos, se corrige alrededor de los dos a cinco a\u00f1os.\u00a0<\/span><\/p>\n<p style=\"text-align: justify;\"><span style=\"font-weight: 400;\">Cuando es m\u00e1s corto de lo normal o se une a la lengua en una posici\u00f3n demasiado adelantada, se denomina anquiloglosia lingual y provoca que los movimientos de este \u00f3rgano se vean limitados.<\/span><\/p>\n<h2 style=\"text-align: justify;\">\u00bfQu\u00e9 inconvenientes ocasiona el frenillo?<\/h2>\n<p style=\"text-align: justify;\"><span style=\"font-weight: 400;\">Cuando el frenillo es corto puede ocasionar:<\/span><\/p>\n<ul style=\"text-align: justify;\">\n<li aria-level=\"1\">\n<h3>Problemas de alimentaci\u00f3n<\/h3>\n<\/li>\n<\/ul>\n<p style=\"text-align: justify;\"><span style=\"font-weight: 400;\">Este d\u00e9ficit alimentario sucede en beb\u00e9s que se encuentran en proceso de lactancia, debido a que dificulta el proceso de succi\u00f3n. La lactancia deficiente puede ocasionar una ingesta de alimentos inadecuada y un mal desarrollo en el crecimiento del beb\u00e9.\u00a0<\/span><\/p>\n<p style=\"text-align: justify;\"><span style=\"font-weight: 400;\">No obstante, este proceso interfiere en dos aspectos:\u00a0<\/span><\/p>\n<ul style=\"text-align: justify;\">\n<li style=\"font-weight: 400;\" aria-level=\"1\"><span style=\"font-weight: 400;\">Por un lado,\u00a0el beb\u00e9 no va a poder alimentarse bien ocasion\u00e1ndole molestias o problemas en la digesti\u00f3n.<\/span><\/li>\n<li style=\"font-weight: 400;\" aria-level=\"1\"><span style=\"font-weight: 400;\">Por el otro, terminar\u00e1 perjudicando a la mam\u00e1; el ni\u00f1o realiza una fuerza desmedida con el fin de extraer la leche, ocasionando la aparici\u00f3n de grietas e isquemias, o mastitis.<\/span><\/li>\n<li aria-level=\"1\">\n<h3><b>Oclusi\u00f3n<\/b><\/h3>\n<\/li>\n<\/ul>\n<p style=\"text-align: justify;\"><span style=\"font-weight: 400;\">Cuando el frenillo impide el movimiento lingual, la estructura maxilofacial no se desarrolla como es debido, ocasionando que el reci\u00e9n nacido respire por la boca\u00a0en vez de la nariz. Esto puede desencadenar procesos al\u00e9rgicos o contagios virales en sus v\u00edas respiratorias.<\/span><\/p>\n<ul style=\"text-align: justify;\">\n<li aria-level=\"1\">\n<h3>El habla<\/h3>\n<\/li>\n<\/ul>\n<p style=\"text-align: justify;\"><span style=\"font-weight: 400;\">En este caso dificulta la pronunciaci\u00f3n de algunos sonidos\u00a0que requieren de la colocaci\u00f3n de la lengua en el cielo del paladar, como los sonidos de ciertas consonantes (erre, ese, de, te) o sonidos como, t, d, z, s, th, r e inclusive, la l.<\/span><\/p>\n<ul style=\"text-align: justify;\">\n<li aria-level=\"1\">\n<h3>Mala higiene bucal<\/h3>\n<\/li>\n<\/ul>\n<p style=\"text-align: justify;\"><span style=\"font-weight: 400;\">En el caso de ni\u00f1os mayores o adultos, puede ser dif\u00edcil quitar los restos de alimentos de los dientes. Esto contribuye con la aparici\u00f3n de caries y algunas patolog\u00edas bucodentales.\u00a0<\/span><\/p>\n<ul style=\"text-align: justify;\">\n<li aria-level=\"1\">\n<h3>Actividades orales<\/h3>\n<\/li>\n<\/ul>\n<p style=\"text-align: justify;\"><span style=\"font-weight: 400;\">Paralelamente, puede interferir en ocupaciones como lamer un cono de helado, silbar, besar o tocar cualquier instrumento de viento.<\/span><\/p>\n<h2 style=\"text-align: justify;\">\u00bfC\u00f3mo s\u00e9 si padezco del frenillo lingual corto?<\/h2>\n<p style=\"text-align: justify;\"><span style=\"font-weight: 400;\">Un modo muy preciso y claro de identificar si est\u00e1s frente a esta anomal\u00eda, es comprobando si cuando sacas la lengua su punta toma forma de \u201cv\u201d o si se dibuja una hendidura en su centro al tirar de ella.<\/span><\/p>\n<p style=\"text-align: justify;\"><span style=\"font-weight: 400;\">El odont\u00f3logo verificar\u00e1 el grado de movilidad de la lengua a trav\u00e9s de una investigaci\u00f3n cl\u00ednica, donde comprobar\u00e1 si eres capaz de\u00a0realizar movimientos simples como tocar el paladar o el labio superior con la punta de la lengua, sacarla o moverla de un lado a otro.<\/span><\/p>\n<p style=\"text-align: justify;\"><span style=\"font-weight: 400;\">En casos m\u00e1s extremos puede sugerir una investigaci\u00f3n radiogr\u00e1fica para descartar la posibilidad de tener un diente integrado o un tabique de hueso bastante grueso.<\/span><\/p>\n<h2 style=\"text-align: justify;\">\u00bfCu\u00e1les son los indicios del frenillo lingual corto?<\/h2>\n<p style=\"text-align: justify;\"><span style=\"font-weight: 400;\">Puedes detectar el frenillo lingual corto si ocurre lo siguiente:<\/span><\/p>\n<ul style=\"text-align: justify;\">\n<li style=\"font-weight: 400;\" aria-level=\"1\"><span style=\"font-weight: 400;\">Paladar extremadamente estrecho, originando maloclusiones, api\u00f1amiento dental y rotaciones de las piezas dentarias.<\/span><\/li>\n<li style=\"font-weight: 400;\" aria-level=\"1\"><span style=\"font-weight: 400;\">Retrognatismo: la mand\u00edbula inferior tiene una postura retra\u00edda con respecto al maxilar superior.<\/span><\/li>\n<li style=\"font-weight: 400;\" aria-level=\"1\"><span style=\"font-weight: 400;\">Peque\u00f1as llagas, ampollas o ciertos desgarros gingivales.<\/span><\/li>\n<li style=\"font-weight: 400;\" aria-level=\"1\"><span style=\"font-weight: 400;\">La existencia de un diastema.<\/span><\/li>\n<li style=\"font-weight: 400;\" aria-level=\"1\"><span style=\"font-weight: 400;\">Ciertos ruidos\u00a0producidos por la lengua, como crujidos o clic cuando \u00e9l bebe se alimenta.<\/span><\/li>\n<li style=\"font-weight: 400;\" aria-level=\"1\"><span style=\"font-weight: 400;\">Incapacidad para lograr que el reci\u00e9n nacido se agarre como es debido al pecho.<\/span><\/li>\n<li style=\"font-weight: 400;\" aria-level=\"1\"><span style=\"font-weight: 400;\">Tomas largas y cansadas para el ni\u00f1o.<\/span><\/li>\n<li style=\"font-weight: 400;\" aria-level=\"1\"><span style=\"font-weight: 400;\">Imposibilidad para que el reci\u00e9n nacido ingiera suficiente proporci\u00f3n de leche, lo que genera una lenta ganancia de peso<\/span><span style=\"font-weight: 400;\">.\u00a0<\/span><\/li>\n<li style=\"font-weight: 400;\" aria-level=\"1\"><span style=\"font-weight: 400;\">Pezones doloridos que favorecen la infecci\u00f3n.<\/span><\/li>\n<li style=\"font-weight: 400;\" aria-level=\"1\"><span style=\"font-weight: 400;\">Sensaci\u00f3n de baja producci\u00f3n de leche.<\/span><\/li>\n<li style=\"font-weight: 400;\" aria-level=\"1\"><span style=\"font-weight: 400;\">Hipogalactia.<\/span><\/li>\n<li style=\"font-weight: 400;\" aria-level=\"1\"><span style=\"font-weight: 400;\">Destete temprano.<\/span><\/li>\n<\/ul>\n<h2 style=\"text-align: justify;\">Tratamientos para el frenillo<\/h2>\n<p style=\"text-align: justify;\"><span style=\"font-weight: 400;\">El procedimiento correcto depender\u00e1 del nivel de severidad sobre la patolog\u00eda en el frenillo:<\/span><\/p>\n<ul style=\"text-align: justify;\">\n<li aria-level=\"1\">\n<h3>Tratamiento logop\u00e9dico<\/h3>\n<\/li>\n<\/ul>\n<p style=\"text-align: justify;\"><span style=\"font-weight: 400;\">Consiste en intentar alargar el frenillo por medio de m\u00e9todos y\/o ejercicios convencionales, con el objetivo de suplir la inmovilidad de la lengua. Se recomienda visitar a este especialista antes y despu\u00e9s de cualquier intervenci\u00f3n quir\u00fargica bucodental.<\/span><\/p>\n<p style=\"text-align: justify;\"><span style=\"font-weight: 400;\">En\u00a0casos m\u00e1s severos\u00a0se recomienda un tratamiento quir\u00fargico m\u00e1s especializado y enfocado en la zona afectada, del cual no se suelen derivar mayores complicaciones.\u00a0<\/span><\/p>\n<p style=\"text-align: justify;\"><span style=\"font-weight: 400;\">Estos tratamientos pueden aplicarse tanto en beb\u00e9s o ni\u00f1os como en adultos:<\/span><\/p>\n<ul style=\"text-align: justify;\">\n<li aria-level=\"1\">\n<h3>Frenectom\u00eda<\/h3>\n<\/li>\n<\/ul>\n<p style=\"text-align: justify;\"><span style=\"font-weight: 400;\">Puede aplicarse con o sin anestesia en la sala de reci\u00e9n nacidos del hospital o en el consultorio del m\u00e9dico. El prop\u00f3sito de esta intervenci\u00f3n es liberar la lengua para permitir el habla, la degluci\u00f3n y el movimiento adecuado.<\/span><\/p>\n<p style=\"text-align: justify;\"><span style=\"font-weight: 400;\">El m\u00e9todo es r\u00e1pido y las molestias son m\u00ednimas, debido a que hay pocas terminaciones nerviosas o vasos sangu\u00edneos en dicha regi\u00f3n. Sencillamente, el odont\u00f3logo o cirujano maxilofacial revisa el frenillo y despu\u00e9s usa unas tijeras esterilizadas para cortarlo o liberarlo.\u00a0<\/span><\/p>\n<p style=\"text-align: justify;\"><span style=\"font-weight: 400;\">Si se presenta sangrado durante o a posteriori del procedimiento, es probable que solo se trate de una o dos gotas de sangre. No obstante, despu\u00e9s de la intervenci\u00f3n puedes amamantar al beb\u00e9 sin ning\u00fan problema.\u00a0<\/span><\/p>\n<ul style=\"text-align: justify;\">\n<li aria-level=\"1\">\n<h3>Frenuloplastia<\/h3>\n<\/li>\n<\/ul>\n<p style=\"text-align: justify;\"><span style=\"font-weight: 400;\">Este tratamiento se implementa siempre y cuando se requiera una reparaci\u00f3n adicional; o si el frenillo es demasiado grueso como para someterlo a una frenectom\u00eda. Una vez que se libera el frenillo, la herida se cierra con suturas que se absorben solas mientras la lengua termina de sanar.\u00a0<\/span><\/p>\n<p style=\"text-align: justify;\"><span style=\"font-weight: 400;\">Se realiza bajo anestesia general con aparatos quir\u00fargicos. Despu\u00e9s de la intervenci\u00f3n se pueden recomendar ejercicios para la lengua, con la intenci\u00f3n de mejorar su desplazamiento y minimizar las probabilidades de que se formen ciertas cicatrices.\u00a0<\/span><\/p>\n<p style=\"text-align: justify;\"><span style=\"font-weight: 400;\">No obstante, se debe considerar que en algunos casos, dichos tratamientos pueden ocasionar hinchaz\u00f3n en el sector o leves hemorragias. Por ello, es fundamental mantener un control espec\u00edfico con tu odont\u00f3logo para que pueda evaluar la existencia de infecciones o malestar en la zona afectada; tambi\u00e9n asistir a las consultas programadas tras una semana desde la intervenci\u00f3n para certificar que todo va viento en popa.<\/span><\/p>\n<p style=\"text-align: justify;\"><span style=\"font-weight: 400;\">Es indispensable hacer una secuencia de ejercicios postcirug\u00eda para prevenir que el frenillo se acorte otra vez. Esta rehabilitaci\u00f3n es tan esencial como las intervenciones quir\u00fargicas, por lo que si no se cumple, es posible que se tenga que volver a intervenir.<\/span><\/p>\n<h2 style=\"text-align: justify;\">Soluciona los problemas de frenillo en CEMEQ<\/h2>\n<p style=\"text-align: justify;\"><span style=\"font-weight: 400;\">El Centro M\u00e9dico y Quir\u00fargico CEMEQ es un centro multidisciplinar de medicina est\u00e9tica, quir\u00fargica y odontol\u00f3gica, especializado en la belleza femenina y masculina.<\/span><\/p>\n<p style=\"text-align: justify;\"><span style=\"font-weight: 400;\">Contamos con equipos de profesionales altamente cualificados y en constante formaci\u00f3n, adem\u00e1s de\u00a0 tecnolog\u00eda de vanguardia de alta gama\u00a0 para ofrecerte los mejores tratamientos.\u00a0<\/span><\/p>\n<p style=\"text-align: justify;\"><span style=\"font-weight: 400;\">Si quieres mejorar el aspecto de tu frenillo o tienes problemas en la pronunciaci\u00f3n de algunas palabras\u2026 \u00a1Solicita tu primera visita gratuita!<\/span><\/p>\n<p style=\"text-align: justify;\"><span style=\"font-weight: 400;\">Te esperamos en el centro Quir\u00fargico y M\u00e9dico en Valencia.<\/span><\/p>\n","protected":false},"excerpt":{"rendered":"<p>Cada persona cuenta con diferentes tipos de frenillos, \u00bflo sab\u00edas? Estas finas membranas\u00a0se conectan con algunas partes de la cavidad bucodental y nos ayudan con el proceso de trituraci\u00f3n, habla e incluso la degluci\u00f3n. Cuando no se desarrollan como es debido, terminan interfiriendo en nuestro d\u00eda a d\u00eda. En el Centro Quir\u00fargico CEMEQ nos encargamos [&#8230;]\n","protected":false},"author":6,"featured_media":2226,"comment_status":"open","ping_status":"open","sticky":false,"template":"","format":"standard","meta":{"footnotes":""},"categories":[1],"tags":[],"yoast_head":"<!-- This site is optimized with the Yoast SEO Premium plugin v18.3 (Yoast SEO v22.7) - https:\/\/yoast.com\/wordpress\/plugins\/seo\/ -->\n<title>Frenillo: descubre qu\u00e9 es y sus tipos &#8902; Cl\u00ednica Dental CEMEQ<\/title>\n<meta name=\"description\" content=\"En CEMEQ contamos con equipos de profesionales altamente cualificados y en constante formaci\u00f3n, adem\u00e1s de\u00a0 tecnolog\u00eda de vanguardia.\" \/>\n<meta name=\"robots\" content=\"index, follow, max-snippet:-1, max-image-preview:large, max-video-preview:-1\" \/>\n<link rel=\"canonical\" href=\"https:\/\/clinicacemeq.es\/dental\/2021\/11\/30\/frenillo-descubre-que-es-y-sus-tipos\/\" \/>\n<meta property=\"og:locale\" content=\"es_ES\" \/>\n<meta property=\"og:type\" content=\"article\" \/>\n<meta property=\"og:title\" content=\"Frenillo: descubre qu\u00e9 es y sus tipos\" \/>\n<meta property=\"og:description\" content=\"En CEMEQ contamos con equipos de profesionales altamente cualificados y en constante formaci\u00f3n, adem\u00e1s de\u00a0 tecnolog\u00eda de vanguardia.\" \/>\n<meta property=\"og:url\" content=\"https:\/\/clinicacemeq.es\/dental\/2021\/11\/30\/frenillo-descubre-que-es-y-sus-tipos\/\" \/>\n<meta property=\"og:site_name\" content=\"Cl\u00ednica Dental CEMEQ\" \/>\n<meta property=\"article:published_time\" content=\"2021-11-30T12:29:42+00:00\" \/>\n<meta property=\"article:modified_time\" content=\"2024-06-05T11:56:47+00:00\" \/>\n<meta property=\"og:image\" content=\"https:\/\/clinicacemeq.es\/dental\/wp-content\/uploads\/2021\/11\/young-child-showing-sore-throat-to-the-doctor-2021-11-29-19-59-13-utc-1.jpg\" \/>\n\t<meta property=\"og:image:width\" content=\"1200\" \/>\n\t<meta property=\"og:image:height\" content=\"700\" \/>\n\t<meta property=\"og:image:type\" content=\"image\/jpeg\" \/>\n<meta name=\"author\" content=\"Federico Mahiques\" \/>\n<meta name=\"twitter:card\" content=\"summary_large_image\" \/>\n<meta name=\"twitter:label1\" content=\"Escrito por\" \/>\n\t<meta name=\"twitter:data1\" content=\"Federico Mahiques\" \/>\n\t<meta name=\"twitter:label2\" content=\"Tiempo de lectura\" \/>\n\t<meta name=\"twitter:data2\" content=\"7 minutos\" \/>\n<script type=\"application\/ld+json\" class=\"yoast-schema-graph\">{\"@context\":\"https:\/\/schema.org\",\"@graph\":[{\"@type\":\"Article\",\"@id\":\"https:\/\/clinicacemeq.es\/dental\/2021\/11\/30\/frenillo-descubre-que-es-y-sus-tipos\/#article\",\"isPartOf\":{\"@id\":\"https:\/\/clinicacemeq.es\/dental\/2021\/11\/30\/frenillo-descubre-que-es-y-sus-tipos\/\"},\"author\":{\"name\":\"Federico Mahiques\",\"@id\":\"https:\/\/clinicacemeq.es\/dental\/#\/schema\/person\/c59ca45e0d40697222e3795fa6384c4d\"},\"headline\":\"Frenillo: descubre qu\u00e9 es y sus tipos\",\"datePublished\":\"2021-11-30T12:29:42+00:00\",\"dateModified\":\"2024-06-05T11:56:47+00:00\",\"mainEntityOfPage\":{\"@id\":\"https:\/\/clinicacemeq.es\/dental\/2021\/11\/30\/frenillo-descubre-que-es-y-sus-tipos\/\"},\"wordCount\":1525,\"commentCount\":0,\"publisher\":{\"@id\":\"https:\/\/clinicacemeq.es\/dental\/#organization\"},\"image\":{\"@id\":\"https:\/\/clinicacemeq.es\/dental\/2021\/11\/30\/frenillo-descubre-que-es-y-sus-tipos\/#primaryimage\"},\"thumbnailUrl\":\"https:\/\/clinicacemeq.es\/dental\/wp-content\/uploads\/2021\/11\/young-child-showing-sore-throat-to-the-doctor-2021-11-29-19-59-13-utc-1.jpg\",\"articleSection\":[\"Patolog\u00edas dentales\"],\"inLanguage\":\"es\",\"potentialAction\":[{\"@type\":\"CommentAction\",\"name\":\"Comment\",\"target\":[\"https:\/\/clinicacemeq.es\/dental\/2021\/11\/30\/frenillo-descubre-que-es-y-sus-tipos\/#respond\"]}]},{\"@type\":\"WebPage\",\"@id\":\"https:\/\/clinicacemeq.es\/dental\/2021\/11\/30\/frenillo-descubre-que-es-y-sus-tipos\/\",\"url\":\"https:\/\/clinicacemeq.es\/dental\/2021\/11\/30\/frenillo-descubre-que-es-y-sus-tipos\/\",\"name\":\"Frenillo: descubre qu\u00e9 es y sus tipos &#8902; Cl\u00ednica Dental CEMEQ\",\"isPartOf\":{\"@id\":\"https:\/\/clinicacemeq.es\/dental\/#website\"},\"primaryImageOfPage\":{\"@id\":\"https:\/\/clinicacemeq.es\/dental\/2021\/11\/30\/frenillo-descubre-que-es-y-sus-tipos\/#primaryimage\"},\"image\":{\"@id\":\"https:\/\/clinicacemeq.es\/dental\/2021\/11\/30\/frenillo-descubre-que-es-y-sus-tipos\/#primaryimage\"},\"thumbnailUrl\":\"https:\/\/clinicacemeq.es\/dental\/wp-content\/uploads\/2021\/11\/young-child-showing-sore-throat-to-the-doctor-2021-11-29-19-59-13-utc-1.jpg\",\"datePublished\":\"2021-11-30T12:29:42+00:00\",\"dateModified\":\"2024-06-05T11:56:47+00:00\",\"description\":\"En CEMEQ contamos con equipos de profesionales altamente cualificados y en constante formaci\u00f3n, adem\u00e1s de\u00a0 tecnolog\u00eda de vanguardia.\",\"breadcrumb\":{\"@id\":\"https:\/\/clinicacemeq.es\/dental\/2021\/11\/30\/frenillo-descubre-que-es-y-sus-tipos\/#breadcrumb\"},\"inLanguage\":\"es\",\"potentialAction\":[{\"@type\":\"ReadAction\",\"target\":[\"https:\/\/clinicacemeq.es\/dental\/2021\/11\/30\/frenillo-descubre-que-es-y-sus-tipos\/\"]}]},{\"@type\":\"ImageObject\",\"inLanguage\":\"es\",\"@id\":\"https:\/\/clinicacemeq.es\/dental\/2021\/11\/30\/frenillo-descubre-que-es-y-sus-tipos\/#primaryimage\",\"url\":\"https:\/\/clinicacemeq.es\/dental\/wp-content\/uploads\/2021\/11\/young-child-showing-sore-throat-to-the-doctor-2021-11-29-19-59-13-utc-1.jpg\",\"contentUrl\":\"https:\/\/clinicacemeq.es\/dental\/wp-content\/uploads\/2021\/11\/young-child-showing-sore-throat-to-the-doctor-2021-11-29-19-59-13-utc-1.jpg\",\"width\":1200,\"height\":700,\"caption\":\"frenillo-tipos\"},{\"@type\":\"BreadcrumbList\",\"@id\":\"https:\/\/clinicacemeq.es\/dental\/2021\/11\/30\/frenillo-descubre-que-es-y-sus-tipos\/#breadcrumb\",\"itemListElement\":[{\"@type\":\"ListItem\",\"position\":1,\"name\":\"Portada\",\"item\":\"https:\/\/clinicacemeq.es\/dental\/\"},{\"@type\":\"ListItem\",\"position\":2,\"name\":\"Frenillo: descubre qu\u00e9 es y sus tipos\"}]},{\"@type\":\"WebSite\",\"@id\":\"https:\/\/clinicacemeq.es\/dental\/#website\",\"url\":\"https:\/\/clinicacemeq.es\/dental\/\",\"name\":\"Cl\u00ednica Dental CEMEQ\",\"description\":\"Cl\u00ednica Dental Valencia | Dentista Valencia\",\"publisher\":{\"@id\":\"https:\/\/clinicacemeq.es\/dental\/#organization\"},\"potentialAction\":[{\"@type\":\"SearchAction\",\"target\":{\"@type\":\"EntryPoint\",\"urlTemplate\":\"https:\/\/clinicacemeq.es\/dental\/?s={search_term_string}\"},\"query-input\":\"required name=search_term_string\"}],\"inLanguage\":\"es\"},{\"@type\":\"Organization\",\"@id\":\"https:\/\/clinicacemeq.es\/dental\/#organization\",\"name\":\"CEMEQ\",\"url\":\"https:\/\/clinicacemeq.es\/dental\/\",\"logo\":{\"@type\":\"ImageObject\",\"inLanguage\":\"es\",\"@id\":\"https:\/\/clinicacemeq.es\/dental\/#\/schema\/logo\/image\/\",\"url\":\"https:\/\/clinicacemeq.es\/dental\/wp-content\/uploads\/2021\/07\/LOGO-WEB-1024x631-1.jpeg\",\"contentUrl\":\"https:\/\/clinicacemeq.es\/dental\/wp-content\/uploads\/2021\/07\/LOGO-WEB-1024x631-1.jpeg\",\"width\":1024,\"height\":631,\"caption\":\"CEMEQ\"},\"image\":{\"@id\":\"https:\/\/clinicacemeq.es\/dental\/#\/schema\/logo\/image\/\"}},{\"@type\":\"Person\",\"@id\":\"https:\/\/clinicacemeq.es\/dental\/#\/schema\/person\/c59ca45e0d40697222e3795fa6384c4d\",\"name\":\"Federico Mahiques\",\"image\":{\"@type\":\"ImageObject\",\"inLanguage\":\"es\",\"@id\":\"https:\/\/clinicacemeq.es\/dental\/#\/schema\/person\/image\/\",\"url\":\"https:\/\/secure.gravatar.com\/avatar\/a16f1bf5b7e085c0937f91eaf260e1fc?s=96&d=mm&r=g\",\"contentUrl\":\"https:\/\/secure.gravatar.com\/avatar\/a16f1bf5b7e085c0937f91eaf260e1fc?s=96&d=mm&r=g\",\"caption\":\"Federico Mahiques\"},\"url\":\"https:\/\/clinicacemeq.es\/dental\/author\/marketing\/\"}]}<\/script>\n<!-- \/ Yoast SEO Premium plugin. -->","yoast_head_json":{"title":"Frenillo: descubre qu\u00e9 es y sus tipos &#8902; Cl\u00ednica Dental CEMEQ","description":"En CEMEQ contamos con equipos de profesionales altamente cualificados y en constante formaci\u00f3n, adem\u00e1s de\u00a0 tecnolog\u00eda de vanguardia.","robots":{"index":"index","follow":"follow","max-snippet":"max-snippet:-1","max-image-preview":"max-image-preview:large","max-video-preview":"max-video-preview:-1"},"canonical":"https:\/\/clinicacemeq.es\/dental\/2021\/11\/30\/frenillo-descubre-que-es-y-sus-tipos\/","og_locale":"es_ES","og_type":"article","og_title":"Frenillo: descubre qu\u00e9 es y sus tipos","og_description":"En CEMEQ contamos con equipos de profesionales altamente cualificados y en constante formaci\u00f3n, adem\u00e1s de\u00a0 tecnolog\u00eda de vanguardia.","og_url":"https:\/\/clinicacemeq.es\/dental\/2021\/11\/30\/frenillo-descubre-que-es-y-sus-tipos\/","og_site_name":"Cl\u00ednica Dental CEMEQ","article_published_time":"2021-11-30T12:29:42+00:00","article_modified_time":"2024-06-05T11:56:47+00:00","og_image":[{"width":1200,"height":700,"url":"https:\/\/clinicacemeq.es\/dental\/wp-content\/uploads\/2021\/11\/young-child-showing-sore-throat-to-the-doctor-2021-11-29-19-59-13-utc-1.jpg","type":"image\/jpeg"}],"author":"Federico Mahiques","twitter_card":"summary_large_image","twitter_misc":{"Escrito por":"Federico Mahiques","Tiempo de lectura":"7 minutos"},"schema":{"@context":"https:\/\/schema.org","@graph":[{"@type":"Article","@id":"https:\/\/clinicacemeq.es\/dental\/2021\/11\/30\/frenillo-descubre-que-es-y-sus-tipos\/#article","isPartOf":{"@id":"https:\/\/clinicacemeq.es\/dental\/2021\/11\/30\/frenillo-descubre-que-es-y-sus-tipos\/"},"author":{"name":"Federico Mahiques","@id":"https:\/\/clinicacemeq.es\/dental\/#\/schema\/person\/c59ca45e0d40697222e3795fa6384c4d"},"headline":"Frenillo: descubre qu\u00e9 es y sus tipos","datePublished":"2021-11-30T12:29:42+00:00","dateModified":"2024-06-05T11:56:47+00:00","mainEntityOfPage":{"@id":"https:\/\/clinicacemeq.es\/dental\/2021\/11\/30\/frenillo-descubre-que-es-y-sus-tipos\/"},"wordCount":1525,"commentCount":0,"publisher":{"@id":"https:\/\/clinicacemeq.es\/dental\/#organization"},"image":{"@id":"https:\/\/clinicacemeq.es\/dental\/2021\/11\/30\/frenillo-descubre-que-es-y-sus-tipos\/#primaryimage"},"thumbnailUrl":"https:\/\/clinicacemeq.es\/dental\/wp-content\/uploads\/2021\/11\/young-child-showing-sore-throat-to-the-doctor-2021-11-29-19-59-13-utc-1.jpg","articleSection":["Patolog\u00edas dentales"],"inLanguage":"es","potentialAction":[{"@type":"CommentAction","name":"Comment","target":["https:\/\/clinicacemeq.es\/dental\/2021\/11\/30\/frenillo-descubre-que-es-y-sus-tipos\/#respond"]}]},{"@type":"WebPage","@id":"https:\/\/clinicacemeq.es\/dental\/2021\/11\/30\/frenillo-descubre-que-es-y-sus-tipos\/","url":"https:\/\/clinicacemeq.es\/dental\/2021\/11\/30\/frenillo-descubre-que-es-y-sus-tipos\/","name":"Frenillo: descubre qu\u00e9 es y sus tipos &#8902; Cl\u00ednica Dental CEMEQ","isPartOf":{"@id":"https:\/\/clinicacemeq.es\/dental\/#website"},"primaryImageOfPage":{"@id":"https:\/\/clinicacemeq.es\/dental\/2021\/11\/30\/frenillo-descubre-que-es-y-sus-tipos\/#primaryimage"},"image":{"@id":"https:\/\/clinicacemeq.es\/dental\/2021\/11\/30\/frenillo-descubre-que-es-y-sus-tipos\/#primaryimage"},"thumbnailUrl":"https:\/\/clinicacemeq.es\/dental\/wp-content\/uploads\/2021\/11\/young-child-showing-sore-throat-to-the-doctor-2021-11-29-19-59-13-utc-1.jpg","datePublished":"2021-11-30T12:29:42+00:00","dateModified":"2024-06-05T11:56:47+00:00","description":"En CEMEQ contamos con equipos de profesionales altamente cualificados y en constante formaci\u00f3n, adem\u00e1s de\u00a0 tecnolog\u00eda de vanguardia.","breadcrumb":{"@id":"https:\/\/clinicacemeq.es\/dental\/2021\/11\/30\/frenillo-descubre-que-es-y-sus-tipos\/#breadcrumb"},"inLanguage":"es","potentialAction":[{"@type":"ReadAction","target":["https:\/\/clinicacemeq.es\/dental\/2021\/11\/30\/frenillo-descubre-que-es-y-sus-tipos\/"]}]},{"@type":"ImageObject","inLanguage":"es","@id":"https:\/\/clinicacemeq.es\/dental\/2021\/11\/30\/frenillo-descubre-que-es-y-sus-tipos\/#primaryimage","url":"https:\/\/clinicacemeq.es\/dental\/wp-content\/uploads\/2021\/11\/young-child-showing-sore-throat-to-the-doctor-2021-11-29-19-59-13-utc-1.jpg","contentUrl":"https:\/\/clinicacemeq.es\/dental\/wp-content\/uploads\/2021\/11\/young-child-showing-sore-throat-to-the-doctor-2021-11-29-19-59-13-utc-1.jpg","width":1200,"height":700,"caption":"frenillo-tipos"},{"@type":"BreadcrumbList","@id":"https:\/\/clinicacemeq.es\/dental\/2021\/11\/30\/frenillo-descubre-que-es-y-sus-tipos\/#breadcrumb","itemListElement":[{"@type":"ListItem","position":1,"name":"Portada","item":"https:\/\/clinicacemeq.es\/dental\/"},{"@type":"ListItem","position":2,"name":"Frenillo: descubre qu\u00e9 es y sus tipos"}]},{"@type":"WebSite","@id":"https:\/\/clinicacemeq.es\/dental\/#website","url":"https:\/\/clinicacemeq.es\/dental\/","name":"Cl\u00ednica Dental CEMEQ","description":"Cl\u00ednica Dental Valencia | Dentista Valencia","publisher":{"@id":"https:\/\/clinicacemeq.es\/dental\/#organization"},"potentialAction":[{"@type":"SearchAction","target":{"@type":"EntryPoint","urlTemplate":"https:\/\/clinicacemeq.es\/dental\/?s={search_term_string}"},"query-input":"required name=search_term_string"}],"inLanguage":"es"},{"@type":"Organization","@id":"https:\/\/clinicacemeq.es\/dental\/#organization","name":"CEMEQ","url":"https:\/\/clinicacemeq.es\/dental\/","logo":{"@type":"ImageObject","inLanguage":"es","@id":"https:\/\/clinicacemeq.es\/dental\/#\/schema\/logo\/image\/","url":"https:\/\/clinicacemeq.es\/dental\/wp-content\/uploads\/2021\/07\/LOGO-WEB-1024x631-1.jpeg","contentUrl":"https:\/\/clinicacemeq.es\/dental\/wp-content\/uploads\/2021\/07\/LOGO-WEB-1024x631-1.jpeg","width":1024,"height":631,"caption":"CEMEQ"},"image":{"@id":"https:\/\/clinicacemeq.es\/dental\/#\/schema\/logo\/image\/"}},{"@type":"Person","@id":"https:\/\/clinicacemeq.es\/dental\/#\/schema\/person\/c59ca45e0d40697222e3795fa6384c4d","name":"Federico Mahiques","image":{"@type":"ImageObject","inLanguage":"es","@id":"https:\/\/clinicacemeq.es\/dental\/#\/schema\/person\/image\/","url":"https:\/\/secure.gravatar.com\/avatar\/a16f1bf5b7e085c0937f91eaf260e1fc?s=96&d=mm&r=g","contentUrl":"https:\/\/secure.gravatar.com\/avatar\/a16f1bf5b7e085c0937f91eaf260e1fc?s=96&d=mm&r=g","caption":"Federico Mahiques"},"url":"https:\/\/clinicacemeq.es\/dental\/author\/marketing\/"}]}},"_links":{"self":[{"href":"https:\/\/clinicacemeq.es\/dental\/wp-json\/wp\/v2\/posts\/2225"}],"collection":[{"href":"https:\/\/clinicacemeq.es\/dental\/wp-json\/wp\/v2\/posts"}],"about":[{"href":"https:\/\/clinicacemeq.es\/dental\/wp-json\/wp\/v2\/types\/post"}],"author":[{"embeddable":true,"href":"https:\/\/clinicacemeq.es\/dental\/wp-json\/wp\/v2\/users\/6"}],"replies":[{"embeddable":true,"href":"https:\/\/clinicacemeq.es\/dental\/wp-json\/wp\/v2\/comments?post=2225"}],"version-history":[{"count":1,"href":"https:\/\/clinicacemeq.es\/dental\/wp-json\/wp\/v2\/posts\/2225\/revisions"}],"predecessor-version":[{"id":10913,"href":"https:\/\/clinicacemeq.es\/dental\/wp-json\/wp\/v2\/posts\/2225\/revisions\/10913"}],"wp:featuredmedia":[{"embeddable":true,"href":"https:\/\/clinicacemeq.es\/dental\/wp-json\/wp\/v2\/media\/2226"}],"wp:attachment":[{"href":"https:\/\/clinicacemeq.es\/dental\/wp-json\/wp\/v2\/media?parent=2225"}],"wp:term":[{"taxonomy":"category","embeddable":true,"href":"https:\/\/clinicacemeq.es\/dental\/wp-json\/wp\/v2\/categories?post=2225"},{"taxonomy":"post_tag","embeddable":true,"href":"https:\/\/clinicacemeq.es\/dental\/wp-json\/wp\/v2\/tags?post=2225"}],"curies":[{"name":"wp","href":"https:\/\/api.w.org\/{rel}","templated":true}]}}