{"id":2218,"date":"2021-11-30T12:09:57","date_gmt":"2021-11-30T12:09:57","guid":{"rendered":"https:\/\/clinicacemeq.es\/dental\/?p=2218"},"modified":"2024-06-05T11:56:48","modified_gmt":"2024-06-05T11:56:48","slug":"lengua-blanca-que-es-y-por-que-aparece","status":"publish","type":"post","link":"https:\/\/clinicacemeq.es\/dental\/2021\/11\/30\/lengua-blanca-que-es-y-por-que-aparece\/","title":{"rendered":"Lengua blanca: qu\u00e9 es y por qu\u00e9 aparece"},"content":{"rendered":"\n\n<div class=\"kk-star-ratings kksr-auto kksr-align-left kksr-valign-top\"\n    data-payload='{&quot;align&quot;:&quot;left&quot;,&quot;id&quot;:&quot;2218&quot;,&quot;slug&quot;:&quot;default&quot;,&quot;valign&quot;:&quot;top&quot;,&quot;ignore&quot;:&quot;&quot;,&quot;reference&quot;:&quot;auto&quot;,&quot;class&quot;:&quot;&quot;,&quot;count&quot;:&quot;3&quot;,&quot;legendonly&quot;:&quot;&quot;,&quot;readonly&quot;:&quot;&quot;,&quot;score&quot;:&quot;4.7&quot;,&quot;starsonly&quot;:&quot;&quot;,&quot;best&quot;:&quot;5&quot;,&quot;gap&quot;:&quot;5&quot;,&quot;greet&quot;:&quot;Valora esta publicaci\u00f3n \ud83d\ude09&quot;,&quot;legend&quot;:&quot;4.7\\\/5 - (3 votos)&quot;,&quot;size&quot;:&quot;24&quot;,&quot;title&quot;:&quot;Lengua blanca: qu\u00e9 es y por qu\u00e9 aparece&quot;,&quot;width&quot;:&quot;133.8&quot;,&quot;_legend&quot;:&quot;{score}\\\/{best} - ({count} {votes})&quot;,&quot;font_factor&quot;:&quot;1.25&quot;}'>\n            \n<div class=\"kksr-stars\">\n    \n<div class=\"kksr-stars-inactive\">\n            <div class=\"kksr-star\" data-star=\"1\" style=\"padding-right: 5px\">\n            \n\n<div class=\"kksr-icon\" style=\"width: 24px; height: 24px;\"><\/div>\n        <\/div>\n            <div class=\"kksr-star\" data-star=\"2\" style=\"padding-right: 5px\">\n            \n\n<div class=\"kksr-icon\" style=\"width: 24px; height: 24px;\"><\/div>\n        <\/div>\n            <div class=\"kksr-star\" data-star=\"3\" style=\"padding-right: 5px\">\n            \n\n<div class=\"kksr-icon\" style=\"width: 24px; height: 24px;\"><\/div>\n        <\/div>\n            <div class=\"kksr-star\" data-star=\"4\" style=\"padding-right: 5px\">\n            \n\n<div class=\"kksr-icon\" style=\"width: 24px; height: 24px;\"><\/div>\n        <\/div>\n            <div class=\"kksr-star\" data-star=\"5\" style=\"padding-right: 5px\">\n            \n\n<div class=\"kksr-icon\" style=\"width: 24px; height: 24px;\"><\/div>\n        <\/div>\n    <\/div>\n    \n<div class=\"kksr-stars-active\" style=\"width: 133.8px;\">\n            <div class=\"kksr-star\" style=\"padding-right: 5px\">\n            \n\n<div class=\"kksr-icon\" style=\"width: 24px; height: 24px;\"><\/div>\n        <\/div>\n            <div class=\"kksr-star\" style=\"padding-right: 5px\">\n            \n\n<div class=\"kksr-icon\" style=\"width: 24px; height: 24px;\"><\/div>\n        <\/div>\n            <div class=\"kksr-star\" style=\"padding-right: 5px\">\n            \n\n<div class=\"kksr-icon\" style=\"width: 24px; height: 24px;\"><\/div>\n        <\/div>\n            <div class=\"kksr-star\" style=\"padding-right: 5px\">\n            \n\n<div class=\"kksr-icon\" style=\"width: 24px; height: 24px;\"><\/div>\n        <\/div>\n            <div class=\"kksr-star\" style=\"padding-right: 5px\">\n            \n\n<div class=\"kksr-icon\" style=\"width: 24px; height: 24px;\"><\/div>\n        <\/div>\n    <\/div>\n<\/div>\n                \n\n<div class=\"kksr-legend\" style=\"font-size: 19.2px;\">\n            4.7\/5 - (3 votos)    <\/div>\n    <\/div>\n<p style=\"text-align: justify;\"><span style=\"font-weight: 400;\">\u00bfNotas tu lengua blanca? Muchas personas se enfocan exclusivamente en el\u00a0cuidado de los dientes, pensando que la salud bucodental solo gira alrededor de eso y pasan por alto el color de la lengua.\u00a0<\/span><\/p>\n<p style=\"text-align: justify;\"><span style=\"font-weight: 400;\">En el Centro Quir\u00fargico CEMEQ nos fijamos hasta en el m\u00e1s m\u00ednimo detalle, por ello, sabemos con exactitud que la lengua funciona como un indicador infalible para determinar el estado actual del organismo y la detecci\u00f3n temprana de un sinf\u00edn de patolog\u00edas.\u00a0<\/span><\/p>\n<p style=\"text-align: justify;\"><span style=\"font-weight: 400;\">Si quieres conocer m\u00e1s sobre este tema te invitamos a que sigas leyendo y descubras c\u00f3mo mantener bajo control las posibles afecciones que desencadena esta capa blanquecina de la lengua.<\/span><\/p>\n<h2 style=\"text-align: justify;\">\u00bfQu\u00e9 se conoce como lengua blanca?<\/h2>\n<p style=\"text-align: justify;\"><span style=\"font-weight: 400;\">Esta condici\u00f3n se genera como consecuencia del incremento e inflamaci\u00f3n de las papilas que se hallan en el \u00e1rea de la lengua. El aspecto blanquecino no es m\u00e1s que la acumulaci\u00f3n desmedida de tejido, c\u00e9lulas muertas, bacterias y peque\u00f1os restos de comida.<\/span><\/p>\n<p style=\"text-align: justify;\"><span style=\"font-weight: 400;\">Su presencia se debe a una mala higiene en esta zona, por lo que uno de sus principales tratamientos es mantener una\u00a0buena limpieza dental e implementar h\u00e1bitos que impidan su posterior desarrollo.\u00a0<\/span><\/p>\n<h2 style=\"text-align: justify;\">\u00bfPor qu\u00e9 tengo la lengua blanca?<\/h2>\n<p style=\"text-align: justify;\"><span style=\"font-weight: 400;\">Solo un profesional especializado en el \u00e1rea de la odontolog\u00eda podr\u00e1 emitir un diagn\u00f3stico adecuado\u00a0bas\u00e1ndose en la revisi\u00f3n de la zona afectada, el historial cl\u00ednico del paciente, los h\u00e1bitos y los posibles factores de su desarrollo. Las razones m\u00e1s comunes por las que se da la lengua blanca son:<\/span><\/p>\n<ul style=\"text-align: justify;\">\n<li aria-level=\"1\">\n<h3>Liquen plano oral<\/h3>\n<\/li>\n<\/ul>\n<p style=\"text-align: justify;\"><span style=\"font-weight: 400;\">Es una afecci\u00f3n inflamatoria que puede influir en la boca y provocar que aparezcan parches blancos gruesos de piel en la lengua. Dichos parches pueden aparecer junto con otros indicios, incluyendo \u00falceras y dolor en las mejillas y enc\u00edas.<\/span><\/p>\n<ul style=\"text-align: justify;\">\n<li aria-level=\"1\">\n<h3>Leucoplasia<\/h3>\n<\/li>\n<\/ul>\n<p style=\"text-align: justify;\"><span style=\"font-weight: 400;\">Esta patolog\u00eda es causada por irritantes como el tabaco y el alcohol, aunque tambi\u00e9n puede deberse a afecciones inflamatorias e irritaci\u00f3n en la dentadura. Cuando no se trata a tiempo, puede desencadenar la formaci\u00f3n de parches blancos y gruesos en la lengua y boca.\u00a0<\/span><\/p>\n<ul style=\"text-align: justify;\">\n<li aria-level=\"1\">\n<h3>Hongos en la cavidad bucal<\/h3>\n<\/li>\n<\/ul>\n<p style=\"text-align: justify;\"><span style=\"font-weight: 400;\">La existencia de\u00a0ellos produce esta capa blancuzca en la lengua; es el caso de la candidiasis oral, que genera ciertos parches blancos en la boca y la lengua.\u00a0<\/span><\/p>\n<p style=\"text-align: justify;\"><span style=\"font-weight: 400;\">Las personas inmunodeprimidas tienen m\u00e1s probabilidades de desarrollarla. Esto incluye a personas que han tomado recientemente antibi\u00f3ticos, o se han sometido a quimioterapia, o est\u00e1n ante el uso de dentaduras postizas. Adem\u00e1s de los signos linguales, se pueden crear\u00a0aftas bucales\u00a0o\u00a0llagas en la lengua.\u00a0<\/span><\/p>\n<ul style=\"text-align: justify;\">\n<li aria-level=\"1\">\n<h3>Carencia de higiene bucodental<\/h3>\n<\/li>\n<\/ul>\n<p style=\"text-align: justify;\"><span style=\"font-weight: 400;\">Recuerda que tu objetivo es erradicar completamente las bacterias de la boca, con el prop\u00f3sito de reducir el riesgo de sufrir caries\u00a0y otras patolog\u00edas bucodentales. Con un cepillado adecuado mejorar\u00e1s de forma eficaz esa capa blanca de la lengua.<\/span><\/p>\n<p style=\"text-align: justify;\"><span style=\"font-weight: 400;\">Cada vez que te cepilles separa tu boca en cuatro cuadrantes y cepilla cada uno de ellos alrededor de cuarenta segundos. Despu\u00e9s, limpia la lengua y la cara interna de las mejillas.<\/span><\/p>\n<ul style=\"text-align: justify;\">\n<li aria-level=\"1\">\n<h3>Patolog\u00edas del est\u00f3mago<\/h3>\n<\/li>\n<\/ul>\n<p style=\"text-align: justify;\"><span style=\"font-weight: 400;\">El color blanco de la lengua es causado por alg\u00fan problema en el est\u00f3mago, como\u00a0gastritis<\/span> <span style=\"font-weight: 400;\">u otras patolog\u00edas estomacales; el cambio del tono natural de la lengua est\u00e1 entre uno de los s\u00edntomas. Aparte de esto, se presentan se\u00f1ales como dolor estomacal, n\u00e1useas, hinchaz\u00f3n, entre otros. En caso de que tambi\u00e9n sientas la boca pastosa puede deberse a alg\u00fan problema a nivel intestinal.<\/span><\/p>\n<ul style=\"text-align: justify;\">\n<li aria-level=\"1\">\n<h3>Patolog\u00edas del h\u00edgado<\/h3>\n<\/li>\n<\/ul>\n<p style=\"text-align: justify;\"><span style=\"font-weight: 400;\">Las patolog\u00edas hep\u00e1ticas\u00a0tambi\u00e9n se perciben por medio de la lengua. Una vez que ocurre cualquier problema en el h\u00edgado se crean una pluralidad de \u201calarmas\u201d en diferentes partes del cuerpo, y la despigmentaci\u00f3n a un color blanquecino en la lengua es uno de ellos. Aunque pueden ser diferentes causas, generalmente se trata del h\u00edgado graso.<\/span><\/p>\n<ul style=\"text-align: justify;\">\n<li aria-level=\"1\">\n<h3>D\u00e9ficit nutricional<\/h3>\n<\/li>\n<\/ul>\n<p style=\"text-align: justify;\"><span style=\"font-weight: 400;\">La deficiencia de vitaminas y minerales es otra de las razones por las que la lengua puede verse alterada. Sigue una dieta mediterr\u00e1nea, sana y rica en frutas y vegetales, de esta manera recibir\u00e1s todos los\u00a0aportes nutricionales\u00a0necesarios para disfrutar de una vida \u00f3ptima. Como ves, la tonalidad blanca de la lengua no se debe exclusivamente a patolog\u00edas bucodentales, sino tambi\u00e9n a enfermedades subyacentes a esta regi\u00f3n.<\/span><\/p>\n<h2 style=\"text-align: justify;\">S\u00edntomas de la lengua blanca<\/h2>\n<p style=\"text-align: justify;\"><span style=\"font-weight: 400;\">La sintomatolog\u00eda puede variar, pero con frecuencia esta despigmentaci\u00f3n genera:<\/span><\/p>\n<ul style=\"text-align: justify;\">\n<li style=\"font-weight: 400;\" aria-level=\"1\"><span style=\"font-weight: 400;\">Boca seca causada por ser respirador bucal o dormir con la boca abierta.<\/span><\/li>\n<li style=\"font-weight: 400;\" aria-level=\"1\"><span style=\"font-weight: 400;\">Deshidrataci\u00f3n.<\/span><\/li>\n<li style=\"font-weight: 400;\" aria-level=\"1\"><span style=\"font-weight: 400;\">La irritaci\u00f3n de los bordes afilados dentro de la boca como los dientes o frenillos.<\/span><\/li>\n<li style=\"font-weight: 400;\" aria-level=\"1\"><span style=\"font-weight: 400;\">Fiebre.<\/span><\/li>\n<li style=\"font-weight: 400;\" aria-level=\"1\"><span style=\"font-weight: 400;\">Papilas inflamadas o sequedad por deshidrataci\u00f3n.<\/span><\/li>\n<\/ul>\n<p style=\"text-align: justify;\"><span style=\"font-weight: 400;\">Si notas alg\u00fan s\u00edntoma, no dudes en comunicarte de inmediato con nuestros odont\u00f3logos para que puedan examinar tu caso y planificar un tratamiento bucodental personalizado.<\/span><\/p>\n<h2 style=\"text-align: justify;\">Tratamientos para la lengua blanca<\/h2>\n<p style=\"text-align: justify;\"><span style=\"font-weight: 400;\">Cada una de las causas de esta afecci\u00f3n tiene un tratamiento especializado, por lo que depender\u00e1 de la condici\u00f3n del paciente. Sin embargo, se muestran las m\u00e1s comunes junto a su tratamiento correspondiente:<\/span><\/p>\n<ul style=\"text-align: justify;\">\n<li style=\"font-weight: 400;\" aria-level=\"1\"><span style=\"font-weight: 400;\">Sistema inmunol\u00f3gico d\u00e9bil: se soluciona incrementando las defensas tras el consumo de alimentos ricos en vitaminas y minerales.<\/span><\/li>\n<li style=\"font-weight: 400;\" aria-level=\"1\"><span style=\"font-weight: 400;\">Candidiasis oral: se trata con medicamentos antif\u00fangicos, principalmente en forma de gotas orales.<\/span><\/li>\n<li style=\"font-weight: 400;\" aria-level=\"1\"><span style=\"font-weight: 400;\">Inconvenientes hep\u00e1ticos: se depura el h\u00edgado por medio de una dieta baja en grasas, rica en fibra y vegetales.<\/span><\/li>\n<li style=\"font-weight: 400;\" aria-level=\"1\"><span style=\"font-weight: 400;\">Fiebre: se debe ingerir acetaminof\u00e9n o ibuprofeno, adem\u00e1s de beber mucha agua para compensar la deshidrataci\u00f3n.<\/span><\/li>\n<li style=\"font-weight: 400;\" aria-level=\"1\"><span style=\"font-weight: 400;\">Liquen plano oral: se contrarresta con corticosteroides.<\/span><\/li>\n<li style=\"font-weight: 400;\" aria-level=\"1\"><span style=\"font-weight: 400;\">S\u00edfilis: se trata con penicilina, la cual mata las bacterias que ocasionan la patolog\u00eda.\u00a0<\/span><\/li>\n<\/ul>\n<h2 style=\"text-align: justify;\">Remedios caseros para solventar la lengua blanca<\/h2>\n<p style=\"text-align: justify;\"><span style=\"font-weight: 400;\">A continuaci\u00f3n destacamos algunos remedios caseros para tratar la lengua blanca:<\/span><\/p>\n<ul style=\"text-align: justify;\">\n<li aria-level=\"1\">\n<h3>L\u00e1vate con bicarbonato de sodio<\/h3>\n<\/li>\n<\/ul>\n<p style=\"text-align: justify;\"><span style=\"font-weight: 400;\">A\u00f1ade bicarbonato de sodio para alimentos a tu cepillo de dientes y cepilla la lengua, dientes y enc\u00edas, como lo haces normalmente. Esto puede erradicar las bacterias e infecciones da\u00f1inas que causan la capa blanca, como es el caso de <\/span><i><span style=\"font-weight: 400;\">Streptococcus<\/span><\/i><span style=\"font-weight: 400;\">\u00a0y\u00a0<\/span><i><span style=\"font-weight: 400;\">Candida<\/span><\/i><span style=\"font-weight: 400;\">.\u00a0<\/span><\/p>\n<ul style=\"text-align: justify;\">\n<li aria-level=\"1\">\n<h3>Ajo crudo<\/h3>\n<\/li>\n<\/ul>\n<p style=\"text-align: justify;\"><span style=\"font-weight: 400;\">Ingerir ajo crudo puede ayudar al cuerpo a contrarrestar las infecciones o cepas causadas por la\u00a0<\/span><i><span style=\"font-weight: 400;\">Candida<\/span><\/i><span style=\"font-weight: 400;\">. Puedes comer un diente de ajo crudo completo todos los d\u00edas, o picarlo y comerlo con un poco de aceite de oliva.<\/span><\/p>\n<ul style=\"text-align: justify;\">\n<li aria-level=\"1\">\n<h3>Aceite de coco<\/h3>\n<\/li>\n<\/ul>\n<p style=\"text-align: justify;\"><span style=\"font-weight: 400;\">Este ingrediente contiene\u00a0propiedades antibacterianas\u00a0ideales para cuidar la higiene bucal. Para este tratamiento solo debes cepillarte muy bien la lengua con un poco de este aceite todas las ma\u00f1anas, y luego lavarte con tu pasta dental habitual.<\/span><\/p>\n<ul style=\"text-align: justify;\">\n<li aria-level=\"1\">\n<h3>Raspa la lengua<\/h3>\n<\/li>\n<\/ul>\n<p style=\"text-align: justify;\"><span style=\"font-weight: 400;\">Puedes higienizar tu lengua utilizando un\u00a0limpiador lingual y, en caso de no tenerlo, opta por utilizar tu cepillo: p\u00e1salo suavemente de atr\u00e1s hacia adelante y arrastrando las bacterias con cuidado.<\/span><\/p>\n<p style=\"text-align: justify;\"><span style=\"font-weight: 400;\">El hilo dental y los cepillos interproximales son herramientas fundamentales para erradicar las bacterias que acaban escondi\u00e9ndose en las zonas donde el cepillo no tiene acceso.<\/span><\/p>\n<p style=\"text-align: justify;\"><span style=\"font-weight: 400;\">Para finalizar tu rutina diaria, puedes implementar el uso de un buen\u00a0colutorio\u00a0o enjuague dental. De esta forma estar\u00e1s protegiendo tu cavidad bucal de manera completa.<\/span><\/p>\n<ul style=\"text-align: justify;\">\n<li aria-level=\"1\">\n<h3>Toma de probi\u00f3ticos<\/h3>\n<\/li>\n<\/ul>\n<p style=\"text-align: justify;\"><span style=\"font-weight: 400;\">Los probi\u00f3ticos son cadenas de bacterias que combaten los microbios orales y resultan beneficiosas para el sistema digestivo. Se hallan en los alimentos fermentados, como el yogur, k\u00e9fir, chucrut o kimchi, entre otros.<\/span><b><\/b><\/p>\n<ul style=\"text-align: justify;\">\n<li aria-level=\"1\">\n<h3>Zumo de aloe vera<\/h3>\n<\/li>\n<\/ul>\n<p style=\"text-align: justify;\"><span style=\"font-weight: 400;\">Por medio de las caracter\u00edsticas antif\u00fangicas, antibacterianas y antiinflamatorias, tiene la capacidad de contrarrestar la capa blanca que se forma en la lengua. Es recomendable optar por zumos de aloe vera natural o reci\u00e9n extra\u00eddos en lugar de los comerciales.<\/span><\/p>\n<h2 style=\"text-align: justify;\">\u00bfC\u00f3mo evitar que la lengua se vuelva blanca?<\/h2>\n<p style=\"text-align: justify;\"><span style=\"font-weight: 400;\">La mejor soluci\u00f3n para la lengua blanca es llevar una dieta equilibrada\u00a0y aumentar las defensas. Sin embargo, existen ciertos h\u00e1bitos que puedes realizar:<\/span><\/p>\n<ul style=\"text-align: justify;\">\n<li style=\"font-weight: 400;\" aria-level=\"1\"><span style=\"font-weight: 400;\">Bebe al menos cinco vasos de agua al d\u00eda.<\/span><\/li>\n<li style=\"font-weight: 400;\" aria-level=\"1\"><span style=\"font-weight: 400;\">Evita el consumo regular de refrescos y bebidas industriales.\u00a0<\/span><\/li>\n<li style=\"font-weight: 400;\" aria-level=\"1\"><span style=\"font-weight: 400;\">Consume vegetales crudos, como espinacas, pimientos, tomates, lechugas o cebolla.<\/span><\/li>\n<li style=\"font-weight: 400;\" aria-level=\"1\"><span style=\"font-weight: 400;\">Come frutas, y no solo aquellas con alto contenido de vitamina C.<\/span><\/li>\n<li style=\"font-weight: 400;\" aria-level=\"1\"><span style=\"font-weight: 400;\">Acude a las consultas programadas con tu odont\u00f3logo de confianza.<\/span><\/li>\n<li style=\"font-weight: 400;\" aria-level=\"1\"><span style=\"font-weight: 400;\">Disminuye el estr\u00e9s.<\/span><\/li>\n<li style=\"font-weight: 400;\" aria-level=\"1\"><span style=\"font-weight: 400;\">Haz de manera peri\u00f3dica g\u00e1rgaras con agua tibia despu\u00e9s de cada comida; te ayudar\u00e1 a evitar la acumulaci\u00f3n de restos de comida en la lengua y la boca.<\/span><\/li>\n<li style=\"font-weight: 400;\" aria-level=\"1\"><span style=\"font-weight: 400;\">Mastica alimentos duros, como las manzanas, guayabas, zanahorias, fresas y apio; es una manera natural de limpiar la lengua.<\/span><\/li>\n<\/ul>\n<h2 style=\"text-align: justify;\">Trata la lengua blanca en el Centro M\u00e9dico y Quir\u00fargico CEMEQ<\/h2>\n<p style=\"text-align: justify;\"><span style=\"font-weight: 400;\">En CEMEQ somos especialistas en medicina est\u00e9tica y dental. Contamos con un equipo altamente cualificado de profesionales que se encargar\u00e1 de examinar tu cavidad oral al completo y proporcionarte el tratamiento que mejor se adapte a tus necesidades y afecciones.\u00a0<\/span><\/p>\n<p style=\"text-align: justify;\"><span style=\"font-weight: 400;\">Somos tu mejor aliado contra la lengua blanca, cont\u00e1ctanos y juntos solventaremos cualquier patolog\u00eda bucodental que pueda estar perjudicando tu salud oral.<\/span><\/p>\n<p style=\"text-align: justify;\"><span style=\"font-weight: 400;\">\u00bfA qu\u00e9 est\u00e1s esperando para solicitar una cita con nosotros? \u00a1La primera consulta es gratuita! Te esperamos en la cl\u00ednica dental en Valencia.<\/span><\/p>\n","protected":false},"excerpt":{"rendered":"<p>\u00bfNotas tu lengua blanca? Muchas personas se enfocan exclusivamente en el\u00a0cuidado de los dientes, pensando que la salud bucodental solo gira alrededor de eso y pasan por alto el color de la lengua.\u00a0 En el Centro Quir\u00fargico CEMEQ nos fijamos hasta en el m\u00e1s m\u00ednimo detalle, por ello, sabemos con exactitud que la lengua funciona [&#8230;]\n","protected":false},"author":6,"featured_media":2219,"comment_status":"open","ping_status":"open","sticky":false,"template":"","format":"standard","meta":{"footnotes":""},"categories":[1],"tags":[],"yoast_head":"<!-- This site is optimized with the Yoast SEO Premium plugin v18.3 (Yoast SEO v22.7) - https:\/\/yoast.com\/wordpress\/plugins\/seo\/ -->\n<title>Lengua blanca: qu\u00e9 es y por qu\u00e9 aparece &#8902; Cl\u00ednica Dental CEMEQ<\/title>\n<meta name=\"description\" content=\"En el siguiente post te contamos todo sobre la lengua blanca: Qu\u00e9 es, causas y tratamientos para combatirla.Inf\u00f3rmate.\" \/>\n<meta name=\"robots\" content=\"index, follow, max-snippet:-1, max-image-preview:large, max-video-preview:-1\" \/>\n<link rel=\"canonical\" href=\"https:\/\/clinicacemeq.es\/dental\/2021\/11\/30\/lengua-blanca-que-es-y-por-que-aparece\/\" \/>\n<meta property=\"og:locale\" content=\"es_ES\" \/>\n<meta property=\"og:type\" content=\"article\" \/>\n<meta property=\"og:title\" content=\"Lengua blanca: qu\u00e9 es y por qu\u00e9 aparece\" \/>\n<meta property=\"og:description\" content=\"En el siguiente post te contamos todo sobre la lengua blanca: Qu\u00e9 es, causas y tratamientos para combatirla.Inf\u00f3rmate.\" \/>\n<meta property=\"og:url\" content=\"https:\/\/clinicacemeq.es\/dental\/2021\/11\/30\/lengua-blanca-que-es-y-por-que-aparece\/\" \/>\n<meta property=\"og:site_name\" content=\"Cl\u00ednica Dental CEMEQ\" \/>\n<meta property=\"article:published_time\" content=\"2021-11-30T12:09:57+00:00\" \/>\n<meta property=\"article:modified_time\" content=\"2024-06-05T11:56:48+00:00\" \/>\n<meta property=\"og:image\" content=\"https:\/\/clinicacemeq.es\/dental\/wp-content\/uploads\/2021\/11\/e.jpg\" \/>\n\t<meta property=\"og:image:width\" content=\"1200\" \/>\n\t<meta property=\"og:image:height\" content=\"700\" \/>\n\t<meta property=\"og:image:type\" content=\"image\/jpeg\" \/>\n<meta name=\"author\" content=\"Federico Mahiques\" \/>\n<meta name=\"twitter:card\" content=\"summary_large_image\" \/>\n<meta name=\"twitter:label1\" content=\"Escrito por\" \/>\n\t<meta name=\"twitter:data1\" content=\"Federico Mahiques\" \/>\n\t<meta name=\"twitter:label2\" content=\"Tiempo de lectura\" \/>\n\t<meta name=\"twitter:data2\" content=\"7 minutos\" \/>\n<script type=\"application\/ld+json\" class=\"yoast-schema-graph\">{\"@context\":\"https:\/\/schema.org\",\"@graph\":[{\"@type\":\"Article\",\"@id\":\"https:\/\/clinicacemeq.es\/dental\/2021\/11\/30\/lengua-blanca-que-es-y-por-que-aparece\/#article\",\"isPartOf\":{\"@id\":\"https:\/\/clinicacemeq.es\/dental\/2021\/11\/30\/lengua-blanca-que-es-y-por-que-aparece\/\"},\"author\":{\"name\":\"Federico Mahiques\",\"@id\":\"https:\/\/clinicacemeq.es\/dental\/#\/schema\/person\/c59ca45e0d40697222e3795fa6384c4d\"},\"headline\":\"Lengua blanca: qu\u00e9 es y por qu\u00e9 aparece\",\"datePublished\":\"2021-11-30T12:09:57+00:00\",\"dateModified\":\"2024-06-05T11:56:48+00:00\",\"mainEntityOfPage\":{\"@id\":\"https:\/\/clinicacemeq.es\/dental\/2021\/11\/30\/lengua-blanca-que-es-y-por-que-aparece\/\"},\"wordCount\":1552,\"commentCount\":0,\"publisher\":{\"@id\":\"https:\/\/clinicacemeq.es\/dental\/#organization\"},\"image\":{\"@id\":\"https:\/\/clinicacemeq.es\/dental\/2021\/11\/30\/lengua-blanca-que-es-y-por-que-aparece\/#primaryimage\"},\"thumbnailUrl\":\"https:\/\/clinicacemeq.es\/dental\/wp-content\/uploads\/2021\/11\/e.jpg\",\"articleSection\":[\"Patolog\u00edas dentales\"],\"inLanguage\":\"es\",\"potentialAction\":[{\"@type\":\"CommentAction\",\"name\":\"Comment\",\"target\":[\"https:\/\/clinicacemeq.es\/dental\/2021\/11\/30\/lengua-blanca-que-es-y-por-que-aparece\/#respond\"]}]},{\"@type\":\"WebPage\",\"@id\":\"https:\/\/clinicacemeq.es\/dental\/2021\/11\/30\/lengua-blanca-que-es-y-por-que-aparece\/\",\"url\":\"https:\/\/clinicacemeq.es\/dental\/2021\/11\/30\/lengua-blanca-que-es-y-por-que-aparece\/\",\"name\":\"Lengua blanca: qu\u00e9 es y por qu\u00e9 aparece &#8902; Cl\u00ednica Dental CEMEQ\",\"isPartOf\":{\"@id\":\"https:\/\/clinicacemeq.es\/dental\/#website\"},\"primaryImageOfPage\":{\"@id\":\"https:\/\/clinicacemeq.es\/dental\/2021\/11\/30\/lengua-blanca-que-es-y-por-que-aparece\/#primaryimage\"},\"image\":{\"@id\":\"https:\/\/clinicacemeq.es\/dental\/2021\/11\/30\/lengua-blanca-que-es-y-por-que-aparece\/#primaryimage\"},\"thumbnailUrl\":\"https:\/\/clinicacemeq.es\/dental\/wp-content\/uploads\/2021\/11\/e.jpg\",\"datePublished\":\"2021-11-30T12:09:57+00:00\",\"dateModified\":\"2024-06-05T11:56:48+00:00\",\"description\":\"En el siguiente post te contamos todo sobre la lengua blanca: Qu\u00e9 es, causas y tratamientos para combatirla.Inf\u00f3rmate.\",\"breadcrumb\":{\"@id\":\"https:\/\/clinicacemeq.es\/dental\/2021\/11\/30\/lengua-blanca-que-es-y-por-que-aparece\/#breadcrumb\"},\"inLanguage\":\"es\",\"potentialAction\":[{\"@type\":\"ReadAction\",\"target\":[\"https:\/\/clinicacemeq.es\/dental\/2021\/11\/30\/lengua-blanca-que-es-y-por-que-aparece\/\"]}]},{\"@type\":\"ImageObject\",\"inLanguage\":\"es\",\"@id\":\"https:\/\/clinicacemeq.es\/dental\/2021\/11\/30\/lengua-blanca-que-es-y-por-que-aparece\/#primaryimage\",\"url\":\"https:\/\/clinicacemeq.es\/dental\/wp-content\/uploads\/2021\/11\/e.jpg\",\"contentUrl\":\"https:\/\/clinicacemeq.es\/dental\/wp-content\/uploads\/2021\/11\/e.jpg\",\"width\":1200,\"height\":700,\"caption\":\"lengua-blanca\"},{\"@type\":\"BreadcrumbList\",\"@id\":\"https:\/\/clinicacemeq.es\/dental\/2021\/11\/30\/lengua-blanca-que-es-y-por-que-aparece\/#breadcrumb\",\"itemListElement\":[{\"@type\":\"ListItem\",\"position\":1,\"name\":\"Portada\",\"item\":\"https:\/\/clinicacemeq.es\/dental\/\"},{\"@type\":\"ListItem\",\"position\":2,\"name\":\"Lengua blanca: qu\u00e9 es y por qu\u00e9 aparece\"}]},{\"@type\":\"WebSite\",\"@id\":\"https:\/\/clinicacemeq.es\/dental\/#website\",\"url\":\"https:\/\/clinicacemeq.es\/dental\/\",\"name\":\"Cl\u00ednica Dental CEMEQ\",\"description\":\"Cl\u00ednica Dental Valencia | Dentista Valencia\",\"publisher\":{\"@id\":\"https:\/\/clinicacemeq.es\/dental\/#organization\"},\"potentialAction\":[{\"@type\":\"SearchAction\",\"target\":{\"@type\":\"EntryPoint\",\"urlTemplate\":\"https:\/\/clinicacemeq.es\/dental\/?s={search_term_string}\"},\"query-input\":\"required name=search_term_string\"}],\"inLanguage\":\"es\"},{\"@type\":\"Organization\",\"@id\":\"https:\/\/clinicacemeq.es\/dental\/#organization\",\"name\":\"CEMEQ\",\"url\":\"https:\/\/clinicacemeq.es\/dental\/\",\"logo\":{\"@type\":\"ImageObject\",\"inLanguage\":\"es\",\"@id\":\"https:\/\/clinicacemeq.es\/dental\/#\/schema\/logo\/image\/\",\"url\":\"https:\/\/clinicacemeq.es\/dental\/wp-content\/uploads\/2021\/07\/LOGO-WEB-1024x631-1.jpeg\",\"contentUrl\":\"https:\/\/clinicacemeq.es\/dental\/wp-content\/uploads\/2021\/07\/LOGO-WEB-1024x631-1.jpeg\",\"width\":1024,\"height\":631,\"caption\":\"CEMEQ\"},\"image\":{\"@id\":\"https:\/\/clinicacemeq.es\/dental\/#\/schema\/logo\/image\/\"}},{\"@type\":\"Person\",\"@id\":\"https:\/\/clinicacemeq.es\/dental\/#\/schema\/person\/c59ca45e0d40697222e3795fa6384c4d\",\"name\":\"Federico Mahiques\",\"image\":{\"@type\":\"ImageObject\",\"inLanguage\":\"es\",\"@id\":\"https:\/\/clinicacemeq.es\/dental\/#\/schema\/person\/image\/\",\"url\":\"https:\/\/secure.gravatar.com\/avatar\/a16f1bf5b7e085c0937f91eaf260e1fc?s=96&d=mm&r=g\",\"contentUrl\":\"https:\/\/secure.gravatar.com\/avatar\/a16f1bf5b7e085c0937f91eaf260e1fc?s=96&d=mm&r=g\",\"caption\":\"Federico Mahiques\"},\"url\":\"https:\/\/clinicacemeq.es\/dental\/author\/marketing\/\"}]}<\/script>\n<!-- \/ Yoast SEO Premium plugin. -->","yoast_head_json":{"title":"Lengua blanca: qu\u00e9 es y por qu\u00e9 aparece &#8902; Cl\u00ednica Dental CEMEQ","description":"En el siguiente post te contamos todo sobre la lengua blanca: Qu\u00e9 es, causas y tratamientos para combatirla.Inf\u00f3rmate.","robots":{"index":"index","follow":"follow","max-snippet":"max-snippet:-1","max-image-preview":"max-image-preview:large","max-video-preview":"max-video-preview:-1"},"canonical":"https:\/\/clinicacemeq.es\/dental\/2021\/11\/30\/lengua-blanca-que-es-y-por-que-aparece\/","og_locale":"es_ES","og_type":"article","og_title":"Lengua blanca: qu\u00e9 es y por qu\u00e9 aparece","og_description":"En el siguiente post te contamos todo sobre la lengua blanca: Qu\u00e9 es, causas y tratamientos para combatirla.Inf\u00f3rmate.","og_url":"https:\/\/clinicacemeq.es\/dental\/2021\/11\/30\/lengua-blanca-que-es-y-por-que-aparece\/","og_site_name":"Cl\u00ednica Dental CEMEQ","article_published_time":"2021-11-30T12:09:57+00:00","article_modified_time":"2024-06-05T11:56:48+00:00","og_image":[{"width":1200,"height":700,"url":"https:\/\/clinicacemeq.es\/dental\/wp-content\/uploads\/2021\/11\/e.jpg","type":"image\/jpeg"}],"author":"Federico Mahiques","twitter_card":"summary_large_image","twitter_misc":{"Escrito por":"Federico Mahiques","Tiempo de lectura":"7 minutos"},"schema":{"@context":"https:\/\/schema.org","@graph":[{"@type":"Article","@id":"https:\/\/clinicacemeq.es\/dental\/2021\/11\/30\/lengua-blanca-que-es-y-por-que-aparece\/#article","isPartOf":{"@id":"https:\/\/clinicacemeq.es\/dental\/2021\/11\/30\/lengua-blanca-que-es-y-por-que-aparece\/"},"author":{"name":"Federico Mahiques","@id":"https:\/\/clinicacemeq.es\/dental\/#\/schema\/person\/c59ca45e0d40697222e3795fa6384c4d"},"headline":"Lengua blanca: qu\u00e9 es y por qu\u00e9 aparece","datePublished":"2021-11-30T12:09:57+00:00","dateModified":"2024-06-05T11:56:48+00:00","mainEntityOfPage":{"@id":"https:\/\/clinicacemeq.es\/dental\/2021\/11\/30\/lengua-blanca-que-es-y-por-que-aparece\/"},"wordCount":1552,"commentCount":0,"publisher":{"@id":"https:\/\/clinicacemeq.es\/dental\/#organization"},"image":{"@id":"https:\/\/clinicacemeq.es\/dental\/2021\/11\/30\/lengua-blanca-que-es-y-por-que-aparece\/#primaryimage"},"thumbnailUrl":"https:\/\/clinicacemeq.es\/dental\/wp-content\/uploads\/2021\/11\/e.jpg","articleSection":["Patolog\u00edas dentales"],"inLanguage":"es","potentialAction":[{"@type":"CommentAction","name":"Comment","target":["https:\/\/clinicacemeq.es\/dental\/2021\/11\/30\/lengua-blanca-que-es-y-por-que-aparece\/#respond"]}]},{"@type":"WebPage","@id":"https:\/\/clinicacemeq.es\/dental\/2021\/11\/30\/lengua-blanca-que-es-y-por-que-aparece\/","url":"https:\/\/clinicacemeq.es\/dental\/2021\/11\/30\/lengua-blanca-que-es-y-por-que-aparece\/","name":"Lengua blanca: qu\u00e9 es y por qu\u00e9 aparece &#8902; Cl\u00ednica Dental CEMEQ","isPartOf":{"@id":"https:\/\/clinicacemeq.es\/dental\/#website"},"primaryImageOfPage":{"@id":"https:\/\/clinicacemeq.es\/dental\/2021\/11\/30\/lengua-blanca-que-es-y-por-que-aparece\/#primaryimage"},"image":{"@id":"https:\/\/clinicacemeq.es\/dental\/2021\/11\/30\/lengua-blanca-que-es-y-por-que-aparece\/#primaryimage"},"thumbnailUrl":"https:\/\/clinicacemeq.es\/dental\/wp-content\/uploads\/2021\/11\/e.jpg","datePublished":"2021-11-30T12:09:57+00:00","dateModified":"2024-06-05T11:56:48+00:00","description":"En el siguiente post te contamos todo sobre la lengua blanca: Qu\u00e9 es, causas y tratamientos para combatirla.Inf\u00f3rmate.","breadcrumb":{"@id":"https:\/\/clinicacemeq.es\/dental\/2021\/11\/30\/lengua-blanca-que-es-y-por-que-aparece\/#breadcrumb"},"inLanguage":"es","potentialAction":[{"@type":"ReadAction","target":["https:\/\/clinicacemeq.es\/dental\/2021\/11\/30\/lengua-blanca-que-es-y-por-que-aparece\/"]}]},{"@type":"ImageObject","inLanguage":"es","@id":"https:\/\/clinicacemeq.es\/dental\/2021\/11\/30\/lengua-blanca-que-es-y-por-que-aparece\/#primaryimage","url":"https:\/\/clinicacemeq.es\/dental\/wp-content\/uploads\/2021\/11\/e.jpg","contentUrl":"https:\/\/clinicacemeq.es\/dental\/wp-content\/uploads\/2021\/11\/e.jpg","width":1200,"height":700,"caption":"lengua-blanca"},{"@type":"BreadcrumbList","@id":"https:\/\/clinicacemeq.es\/dental\/2021\/11\/30\/lengua-blanca-que-es-y-por-que-aparece\/#breadcrumb","itemListElement":[{"@type":"ListItem","position":1,"name":"Portada","item":"https:\/\/clinicacemeq.es\/dental\/"},{"@type":"ListItem","position":2,"name":"Lengua blanca: qu\u00e9 es y por qu\u00e9 aparece"}]},{"@type":"WebSite","@id":"https:\/\/clinicacemeq.es\/dental\/#website","url":"https:\/\/clinicacemeq.es\/dental\/","name":"Cl\u00ednica Dental CEMEQ","description":"Cl\u00ednica Dental Valencia | Dentista Valencia","publisher":{"@id":"https:\/\/clinicacemeq.es\/dental\/#organization"},"potentialAction":[{"@type":"SearchAction","target":{"@type":"EntryPoint","urlTemplate":"https:\/\/clinicacemeq.es\/dental\/?s={search_term_string}"},"query-input":"required name=search_term_string"}],"inLanguage":"es"},{"@type":"Organization","@id":"https:\/\/clinicacemeq.es\/dental\/#organization","name":"CEMEQ","url":"https:\/\/clinicacemeq.es\/dental\/","logo":{"@type":"ImageObject","inLanguage":"es","@id":"https:\/\/clinicacemeq.es\/dental\/#\/schema\/logo\/image\/","url":"https:\/\/clinicacemeq.es\/dental\/wp-content\/uploads\/2021\/07\/LOGO-WEB-1024x631-1.jpeg","contentUrl":"https:\/\/clinicacemeq.es\/dental\/wp-content\/uploads\/2021\/07\/LOGO-WEB-1024x631-1.jpeg","width":1024,"height":631,"caption":"CEMEQ"},"image":{"@id":"https:\/\/clinicacemeq.es\/dental\/#\/schema\/logo\/image\/"}},{"@type":"Person","@id":"https:\/\/clinicacemeq.es\/dental\/#\/schema\/person\/c59ca45e0d40697222e3795fa6384c4d","name":"Federico Mahiques","image":{"@type":"ImageObject","inLanguage":"es","@id":"https:\/\/clinicacemeq.es\/dental\/#\/schema\/person\/image\/","url":"https:\/\/secure.gravatar.com\/avatar\/a16f1bf5b7e085c0937f91eaf260e1fc?s=96&d=mm&r=g","contentUrl":"https:\/\/secure.gravatar.com\/avatar\/a16f1bf5b7e085c0937f91eaf260e1fc?s=96&d=mm&r=g","caption":"Federico Mahiques"},"url":"https:\/\/clinicacemeq.es\/dental\/author\/marketing\/"}]}},"_links":{"self":[{"href":"https:\/\/clinicacemeq.es\/dental\/wp-json\/wp\/v2\/posts\/2218"}],"collection":[{"href":"https:\/\/clinicacemeq.es\/dental\/wp-json\/wp\/v2\/posts"}],"about":[{"href":"https:\/\/clinicacemeq.es\/dental\/wp-json\/wp\/v2\/types\/post"}],"author":[{"embeddable":true,"href":"https:\/\/clinicacemeq.es\/dental\/wp-json\/wp\/v2\/users\/6"}],"replies":[{"embeddable":true,"href":"https:\/\/clinicacemeq.es\/dental\/wp-json\/wp\/v2\/comments?post=2218"}],"version-history":[{"count":1,"href":"https:\/\/clinicacemeq.es\/dental\/wp-json\/wp\/v2\/posts\/2218\/revisions"}],"predecessor-version":[{"id":10628,"href":"https:\/\/clinicacemeq.es\/dental\/wp-json\/wp\/v2\/posts\/2218\/revisions\/10628"}],"wp:featuredmedia":[{"embeddable":true,"href":"https:\/\/clinicacemeq.es\/dental\/wp-json\/wp\/v2\/media\/2219"}],"wp:attachment":[{"href":"https:\/\/clinicacemeq.es\/dental\/wp-json\/wp\/v2\/media?parent=2218"}],"wp:term":[{"taxonomy":"category","embeddable":true,"href":"https:\/\/clinicacemeq.es\/dental\/wp-json\/wp\/v2\/categories?post=2218"},{"taxonomy":"post_tag","embeddable":true,"href":"https:\/\/clinicacemeq.es\/dental\/wp-json\/wp\/v2\/tags?post=2218"}],"curies":[{"name":"wp","href":"https:\/\/api.w.org\/{rel}","templated":true}]}}