{"id":2214,"date":"2021-11-30T12:05:46","date_gmt":"2021-11-30T12:05:46","guid":{"rendered":"https:\/\/clinicacemeq.es\/dental\/?p=2214"},"modified":"2024-06-05T11:56:48","modified_gmt":"2024-06-05T11:56:48","slug":"caries-que-son-y-como-tratarlas","status":"publish","type":"post","link":"https:\/\/clinicacemeq.es\/dental\/2021\/11\/30\/caries-que-son-y-como-tratarlas\/","title":{"rendered":"Caries: qu\u00e9 son y c\u00f3mo tratarlas"},"content":{"rendered":"\n\n<div class=\"kk-star-ratings kksr-auto kksr-align-left kksr-valign-top\"\n    data-payload='{&quot;align&quot;:&quot;left&quot;,&quot;id&quot;:&quot;2214&quot;,&quot;slug&quot;:&quot;default&quot;,&quot;valign&quot;:&quot;top&quot;,&quot;ignore&quot;:&quot;&quot;,&quot;reference&quot;:&quot;auto&quot;,&quot;class&quot;:&quot;&quot;,&quot;count&quot;:&quot;0&quot;,&quot;legendonly&quot;:&quot;&quot;,&quot;readonly&quot;:&quot;&quot;,&quot;score&quot;:&quot;0&quot;,&quot;starsonly&quot;:&quot;&quot;,&quot;best&quot;:&quot;5&quot;,&quot;gap&quot;:&quot;5&quot;,&quot;greet&quot;:&quot;Valora esta publicaci\u00f3n \ud83d\ude09&quot;,&quot;legend&quot;:&quot;0\\\/5 - (0 votos)&quot;,&quot;size&quot;:&quot;24&quot;,&quot;title&quot;:&quot;Caries: qu\u00e9 son y c\u00f3mo tratarlas&quot;,&quot;width&quot;:&quot;0&quot;,&quot;_legend&quot;:&quot;{score}\\\/{best} - ({count} {votes})&quot;,&quot;font_factor&quot;:&quot;1.25&quot;}'>\n            \n<div class=\"kksr-stars\">\n    \n<div class=\"kksr-stars-inactive\">\n            <div class=\"kksr-star\" data-star=\"1\" style=\"padding-right: 5px\">\n            \n\n<div class=\"kksr-icon\" style=\"width: 24px; height: 24px;\"><\/div>\n        <\/div>\n            <div class=\"kksr-star\" data-star=\"2\" style=\"padding-right: 5px\">\n            \n\n<div class=\"kksr-icon\" style=\"width: 24px; height: 24px;\"><\/div>\n        <\/div>\n            <div class=\"kksr-star\" data-star=\"3\" style=\"padding-right: 5px\">\n            \n\n<div class=\"kksr-icon\" style=\"width: 24px; height: 24px;\"><\/div>\n        <\/div>\n            <div class=\"kksr-star\" data-star=\"4\" style=\"padding-right: 5px\">\n            \n\n<div class=\"kksr-icon\" style=\"width: 24px; height: 24px;\"><\/div>\n        <\/div>\n            <div class=\"kksr-star\" data-star=\"5\" style=\"padding-right: 5px\">\n            \n\n<div class=\"kksr-icon\" style=\"width: 24px; height: 24px;\"><\/div>\n        <\/div>\n    <\/div>\n    \n<div class=\"kksr-stars-active\" style=\"width: 0px;\">\n            <div class=\"kksr-star\" style=\"padding-right: 5px\">\n            \n\n<div class=\"kksr-icon\" style=\"width: 24px; height: 24px;\"><\/div>\n        <\/div>\n            <div class=\"kksr-star\" style=\"padding-right: 5px\">\n            \n\n<div class=\"kksr-icon\" style=\"width: 24px; height: 24px;\"><\/div>\n        <\/div>\n            <div class=\"kksr-star\" style=\"padding-right: 5px\">\n            \n\n<div class=\"kksr-icon\" style=\"width: 24px; height: 24px;\"><\/div>\n        <\/div>\n            <div class=\"kksr-star\" style=\"padding-right: 5px\">\n            \n\n<div class=\"kksr-icon\" style=\"width: 24px; height: 24px;\"><\/div>\n        <\/div>\n            <div class=\"kksr-star\" style=\"padding-right: 5px\">\n            \n\n<div class=\"kksr-icon\" style=\"width: 24px; height: 24px;\"><\/div>\n        <\/div>\n    <\/div>\n<\/div>\n                \n\n<div class=\"kksr-legend\" style=\"font-size: 19.2px;\">\n            <span class=\"kksr-muted\">Valora esta publicaci\u00f3n \ud83d\ude09<\/span>\n    <\/div>\n    <\/div>\n<p><span style=\"font-size: 12pt; font-family: Arial; color: #111111; background-color: transparent; font-weight: 400; font-style: normal; font-variant: normal; text-decoration: none; vertical-align: baseline; white-space: pre-wrap;\">\u00bfTienes caries y no sabes qu\u00e9 hacer? No te preocupes, \u00a1has llegado al lugar correcto! Este fen\u00f3meno constituye una de las afecciones dentales m\u00e1s habituales. En el centro quir\u00fargico CEMEQ hallar\u00e1s la soluci\u00f3n a cualquier tipolog\u00eda y el tratamiento m\u00e1s adecuado para ti.\u00a0<\/span><\/p>\n<p><span style=\"font-size: 12pt; font-family: Arial; color: #111111; background-color: transparent; font-weight: 400; font-style: normal; font-variant: normal; text-decoration: none; vertical-align: baseline; white-space: pre-wrap;\">Si quieres conocer con mayor profundidad qu\u00e9 puede desencadenarlas o c\u00f3mo tratar las caries, \u00a1sigue leyendo!<\/span><\/p>\n<h2 dir=\"ltr\" style=\"line-height: 1.8; margin-top: 2pt; margin-bottom: 12pt;\"><span style=\"font-size: 18pt; font-family: Arial; color: #000000; background-color: transparent; font-weight: bold; font-style: normal; font-variant: normal; text-decoration: none; vertical-align: baseline; white-space: pre-wrap;\">\u00bfQu\u00e9 se conoce como caries?<\/span><\/h2>\n<p><span style=\"font-size: 12pt; font-family: Arial; color: #111111; background-color: transparent; font-weight: 400; font-style: normal; font-variant: normal; text-decoration: none; vertical-align: baseline; white-space: pre-wrap;\">Son unos agujeros que perjudican negativamente cualquier \u00e1rea dental. Aparecen especialmente en adultos mayores, ni\u00f1os y j\u00f3venes, pero tambi\u00e9n en beb\u00e9s. Si no se tratan a tiempo, pueden penetrar y atacar las capas m\u00e1s profundas de la dentadura.\u00a0<\/span><\/p>\n<h2><span style=\"font-size: 18pt; font-family: Arial; color: #000000; background-color: transparent; font-weight: bold; font-style: normal; font-variant: normal; text-decoration: none; vertical-align: baseline; white-space: pre-wrap;\">\u00bfCu\u00e1les son los s\u00edntomas de las caries?<\/span><\/h2>\n<p><span style=\"font-size: 12pt; font-family: Arial; color: #111111; background-color: transparent; font-weight: 400; font-style: normal; font-variant: normal; text-decoration: none; vertical-align: baseline; white-space: pre-wrap;\">La sintomatolog\u00eda suele variar seg\u00fan el tama\u00f1o y la localizaci\u00f3n. Cuando empieza a formarse una caries, es posible no presentar s\u00edntomas, pero con el paso del tiempo aparece:\u00a0<\/span><\/p>\n<ul>\n<li><span style=\"font-size: 12pt; font-family: Arial; color: #111111; background-color: transparent; font-weight: 400; font-style: normal; font-variant: normal; text-decoration: none; vertical-align: baseline; white-space: pre-wrap;\">Molestia espor\u00e1dica en la dentadura.\u00a0<\/span><\/li>\n<li><span style=\"font-size: 12pt; font-family: Arial; color: #111111; background-color: transparent; font-weight: 400; font-style: normal; font-variant: normal; text-decoration: none; vertical-align: baseline; white-space: pre-wrap;\">Sensibilidad.<\/span><\/li>\n<li><span style=\"font-size: 12pt; font-family: Arial; color: #111111; background-color: transparent; font-weight: 400; font-style: normal; font-variant: normal; text-decoration: none; vertical-align: baseline; white-space: pre-wrap;\">Incomodidad en el momento de ingerir, morder, tomar algo dulce, caliente o fr\u00edo.<\/span><\/li>\n<li><span style=\"font-size: 12pt; font-family: Arial; color: #111111; background-color: transparent; font-weight: 400; font-style: normal; font-variant: normal; text-decoration: none; vertical-align: baseline; white-space: pre-wrap;\">Agujeros de diversos tama\u00f1os, manchas marrones o negras distribuidas en cualquier zona del diente afectado.<\/span><\/li>\n<li><span style=\"font-size: 12pt; font-family: Arial; color: #111111; background-color: transparent; font-weight: 400; font-style: normal; font-variant: normal; text-decoration: none; vertical-align: baseline; white-space: pre-wrap;\">Abscesos dentales.<\/span><\/li>\n<li><span style=\"font-size: 12pt; font-family: Arial; color: #111111; background-color: transparent; font-weight: 400; font-style: normal; font-variant: normal; text-decoration: none; vertical-align: baseline; white-space: pre-wrap;\">Inflamaci\u00f3n o pus.<\/span><\/li>\n<li><span style=\"font-size: 12pt; font-family: Arial; color: #111111; background-color: transparent; font-weight: 400; font-style: normal; font-variant: normal; text-decoration: none; vertical-align: baseline; white-space: pre-wrap;\">Alteraciones en la posici\u00f3n y estructura de los dientes adyacentes.<\/span><\/li>\n<\/ul>\n<p><span style=\"font-size: 18pt; font-family: Arial; color: #000000; background-color: transparent; font-weight: bold; font-style: normal; font-variant: normal; text-decoration: none; vertical-align: baseline; white-space: pre-wrap;\">\u00bfA qu\u00e9 se debe la formaci\u00f3n de la caries?<\/span><\/p>\n<p><span style=\"font-size: 12pt; font-family: Arial; color: #111111; background-color: transparent; font-weight: 400; font-style: normal; font-variant: normal; text-decoration: none; vertical-align: baseline; white-space: pre-wrap;\">Este fen\u00f3meno tiene un proceso de desarrollo y evoluci\u00f3n con el tiempo, y las posibles causas de su origen son:\u00a0\u00a0<\/span><\/p>\n<ul>\n<li><span style=\"font-size: 13.999999999999998pt; font-family: Arial; color: #000000; background-color: transparent; font-weight: bold; font-style: normal; font-variant: normal; text-decoration: none; vertical-align: baseline; white-space: pre-wrap;\">Por aglomeraci\u00f3n de placa dental<\/span><\/li>\n<\/ul>\n<p><span style=\"font-size: 12pt; font-family: Arial; color: #111111; background-color: transparent; font-weight: 400; font-style: normal; font-variant: normal; text-decoration: none; vertical-align: baseline; white-space: pre-wrap;\">Cuando los dientes no tienen una buena higiene bucodental producen bacterias nocivas y crean una capa transparente y pegajosa. Con el tiempo, esta puede ocasionar no solo la aparici\u00f3n de sarro, sino su endurecimiento, permaneciendo as\u00ed bajo la enc\u00eda o sobre ella.\u00a0<\/span><\/p>\n<ul>\n<li><span style=\"font-size: 13.999999999999998pt; font-family: Arial; color: #000000; background-color: transparent; font-weight: bold; font-style: normal; font-variant: normal; text-decoration: none; vertical-align: baseline; white-space: pre-wrap;\">Por la supresi\u00f3n del esmalte<\/span><\/li>\n<\/ul>\n<p><span style=\"font-size: 12pt; font-family: Arial; color: #111111; background-color: transparent; font-weight: 400; font-style: normal; font-variant: normal; text-decoration: none; vertical-align: baseline; white-space: pre-wrap;\">Esto ocurre cuando los \u00e1cidos que produce la placa eliminan totalmente los minerales y el calcio de los dientes, dando acceso al proceso de erosi\u00f3n y ocasionando ciertas aberturas en el esmalte.\u00a0<\/span><\/p>\n<p><span style=\"font-size: 12pt; font-family: Arial; color: #111111; background-color: transparent; font-weight: 400; font-style: normal; font-variant: normal; text-decoration: none; vertical-align: baseline; white-space: pre-wrap;\">Cuando el inicio est\u00e1 en proceso y no se trata a tiempo, puede traspasarse a la siguiente capa llamada dentina. Generalmente, esta capa suele ser m\u00e1s blanda que la anterior y menos resistente a los \u00e1cidos.\u00a0<\/span><\/p>\n<ul>\n<li><span style=\"font-size: 13.999999999999998pt; font-family: Arial; color: #000000; background-color: transparent; font-weight: bold; font-style: normal; font-variant: normal; text-decoration: none; vertical-align: baseline; white-space: pre-wrap;\">Por no tratarse a tiempo<\/span><\/li>\n<\/ul>\n<p><span style=\"font-size: 12pt; font-family: Arial; color: #111111; background-color: transparent; font-weight: 400; font-style: normal; font-variant: normal; text-decoration: none; vertical-align: baseline; white-space: pre-wrap;\">A medida que se va formando este fen\u00f3meno y al no recibir la atenci\u00f3n necesaria, los agentes nocivos como el \u00e1cido contin\u00faan su marcha y se profundizan cada vez m\u00e1s en el interior del diente, pudiendo tocar los nervios y\/o vasos sangu\u00edneos. Al no existir el espacio suficiente para que la inflamaci\u00f3n se expanda, el nervio se oprime, lo que produce molestias que pueden extenderse fuera de la ra\u00edz y llegar hasta el hueso.<\/span><\/p>\n<ul>\n<li><span style=\"font-size: 13.999999999999998pt; font-family: Arial; color: #000000; background-color: transparent; font-weight: bold; font-style: normal; font-variant: normal; text-decoration: none; vertical-align: baseline; white-space: pre-wrap;\">Por componentes adyacentes<\/span>\n<ul>\n<li><span style=\"font-size: 12pt; font-family: Arial; color: #111111; background-color: transparent; font-weight: bold; font-style: normal; font-variant: normal; text-decoration: none; vertical-align: baseline; white-space: pre-wrap;\">Lugar:<\/span><span style=\"font-size: 12pt; font-family: Arial; color: #111111; background-color: transparent; font-weight: 400; font-style: normal; font-variant: normal; text-decoration: none; vertical-align: baseline; white-space: pre-wrap;\"> suelen aparecer en los dientes traseros debido a los surcos, hoyos, grietas y ra\u00edces que poseen los mismos.<\/span><\/li>\n<li><span style=\"font-size: 12pt; font-family: Arial; color: #111111; background-color: transparent; font-weight: bold; font-style: normal; font-variant: normal; text-decoration: none; vertical-align: baseline; white-space: pre-wrap;\">Consumir frecuentemente alimentos o bebidas<\/span><span style=\"font-size: 12pt; font-family: Arial; color: #111111; background-color: transparent; font-weight: 400; font-style: normal; font-variant: normal; text-decoration: none; vertical-align: baseline; white-space: pre-wrap;\"> como leche, miel, helado o az\u00facar, entre otros, puede aumentar la probabilidad de crear bacterias da\u00f1inas.<\/span><\/li>\n<li><span style=\"font-size: 12pt; font-family: Arial; color: #111111; background-color: transparent; font-weight: bold; font-style: normal; font-variant: normal; text-decoration: none; vertical-align: baseline; white-space: pre-wrap;\">Carencia de fl\u00faor: <\/span><span style=\"font-size: 12pt; font-family: Arial; color: #111111; background-color: transparent; font-weight: 400; font-style: normal; font-variant: normal; text-decoration: none; vertical-align: baseline; white-space: pre-wrap;\">este mineral se crea de manera natural y ayuda con la prevenci\u00f3n de patolog\u00edas bucodentales; adem\u00e1s es capaz de restituir las primeras etapas del da\u00f1o dental.\u00a0<\/span><\/li>\n<li><span style=\"font-size: 12pt; font-family: Arial; color: #111111; background-color: transparent; font-weight: bold; font-style: normal; font-variant: normal; text-decoration: none; vertical-align: baseline; white-space: pre-wrap;\">Edad: <\/span><span style=\"font-size: 12pt; font-family: Arial; color: #111111; background-color: transparent; font-weight: 400; font-style: normal; font-variant: normal; text-decoration: none; vertical-align: baseline; white-space: pre-wrap;\">en ciertas edades los dientes y enc\u00edas pueden desgastarse y terminan extray\u00e9ndose, lo que produce mayor vulnerabilidad al deterioro de las ra\u00edces dentales.\u00a0<\/span><\/li>\n<li><span style=\"font-size: 12pt; font-family: Arial; color: #111111; background-color: transparent; font-weight: bold; font-style: normal; font-variant: normal; text-decoration: none; vertical-align: baseline; white-space: pre-wrap;\">Boca seca: <\/span><span style=\"font-size: 12pt; font-family: Arial; color: #111111; background-color: transparent; font-weight: 400; font-style: normal; font-variant: normal; text-decoration: none; vertical-align: baseline; white-space: pre-wrap;\">al no producirse la salivaci\u00f3n, no se puede neutralizar la sustancia emitidas por los agentes nocivos, originando la aparici\u00f3n de este fen\u00f3meno dental.\u00a0<\/span><\/li>\n<li><span style=\"font-size: 12pt; font-family: Arial; color: #111111; background-color: transparent; font-weight: bold; font-style: normal; font-variant: normal; text-decoration: none; vertical-align: baseline; white-space: pre-wrap;\">Dispositivos dentales:<\/span><span style=\"font-size: 12pt; font-family: Arial; color: #111111; background-color: transparent; font-weight: 400; font-style: normal; font-variant: normal; text-decoration: none; vertical-align: baseline; white-space: pre-wrap;\"> estas herramientas pueden debilitarse, desajustarse, romperse o formar bordes rugosos con el paso del tiempo. Esto provoca la acumulaci\u00f3n excesiva de placa, dificultando su remoci\u00f3n y dando paso a la formaci\u00f3n de caries debajo de ellos.<\/span><\/li>\n<li><span style=\"font-size: 12pt; font-family: Arial; color: #111111; background-color: transparent; font-weight: bold; font-style: normal; font-variant: normal; text-decoration: none; vertical-align: baseline; white-space: pre-wrap;\">Trastornos por la ingesta de alimentos:<\/span><span style=\"font-size: 12pt; font-family: Arial; color: #111111; background-color: transparent; font-weight: 400; font-style: normal; font-variant: normal; text-decoration: none; vertical-align: baseline; white-space: pre-wrap;\"> puede producir no solo erosi\u00f3n dental, sino profundizar las caries.<\/span><\/li>\n<\/ul>\n<\/li>\n<\/ul>\n<h2><span style=\"font-size: 18pt; font-family: Arial; color: #000000; background-color: transparent; font-weight: bold; font-style: normal; font-variant: normal; text-decoration: none; vertical-align: baseline; white-space: pre-wrap;\">\u00bfQu\u00e9 tipolog\u00edas de caries existen?<\/span><\/h2>\n<p><span style=\"font-size: 12pt; font-family: Arial; color: #000000; background-color: transparent; font-weight: 400; font-style: normal; font-variant: normal; text-decoration: none; vertical-align: baseline; white-space: pre-wrap;\">Existen diferentes tipos de caries:<\/span><\/p>\n<ul>\n<li><span style=\"font-size: 13.999999999999998pt; font-family: Arial; color: #000000; background-color: transparent; font-weight: bold; font-style: normal; font-variant: normal; text-decoration: none; vertical-align: baseline; white-space: pre-wrap;\">Seg\u00fan el \u00e1rea de la dentadura donde aparecen<\/span><\/li>\n<\/ul>\n<p><span style=\"font-size: 12pt; font-family: Arial; color: #000000; background-color: transparent; font-weight: 400; font-style: normal; font-variant: normal; text-decoration: none; vertical-align: baseline; white-space: pre-wrap;\">Esta primera categor\u00eda engloba:\u00a0\u00a0<\/span><\/p>\n<ul>\n<li dir=\"ltr\" style=\"list-style-type: disc; font-size: 10pt; font-family: 'Noto Sans Symbols',sans-serif; color: #111111; background-color: transparent; font-weight: 400; font-style: normal; font-variant: normal; text-decoration: none; vertical-align: baseline; white-space: pre;\" aria-level=\"1\"><span style=\"font-size: 12pt; font-family: Arial; color: #111111; background-color: transparent; font-weight: 400; font-style: normal; font-variant: normal; text-decoration: none; vertical-align: baseline; white-space: pre-wrap;\">Caries en la corona: la m\u00e1s frecuente, ya que esta es la zona donde los alimentos se quedan atrapados, damnificado esa parte visible del diente o con la que habitualmente se ejecuta la funci\u00f3n masticatoria.\u00a0<\/span><\/li>\n<li dir=\"ltr\" style=\"list-style-type: disc; font-size: 10pt; font-family: 'Noto Sans Symbols',sans-serif; color: #111111; background-color: transparent; font-weight: 400; font-style: normal; font-variant: normal; text-decoration: none; vertical-align: baseline; white-space: pre;\" aria-level=\"1\"><span style=\"font-size: 12pt; font-family: Arial; color: #111111; background-color: transparent; font-weight: 400; font-style: normal; font-variant: normal; text-decoration: none; vertical-align: baseline; white-space: pre-wrap;\">Caries radicular: aquella que afecta de forma directa a la ra\u00edz del diente. Suele ser la m\u00e1s agresiva y una de las principales razones de p\u00e9rdida dental.<\/span><\/li>\n<li dir=\"ltr\" style=\"list-style-type: disc; font-size: 10pt; font-family: 'Noto Sans Symbols',sans-serif; color: #111111; background-color: transparent; font-weight: 400; font-style: normal; font-variant: normal; text-decoration: none; vertical-align: baseline; white-space: pre;\" aria-level=\"1\"><span style=\"font-size: 12pt; font-family: Arial; color: #111111; background-color: transparent; font-weight: 400; font-style: normal; font-variant: normal; text-decoration: none; vertical-align: baseline; white-space: pre-wrap;\">Caries interproximal:\u00a0una de las m\u00e1s dif\u00edciles de identificar y se forma en la zona interdental.\u00a0<\/span><\/li>\n<li dir=\"ltr\" style=\"list-style-type: disc; font-size: 10pt; font-family: 'Noto Sans Symbols',sans-serif; color: #111111; background-color: transparent; font-weight: 400; font-style: normal; font-variant: normal; text-decoration: none; vertical-align: baseline; white-space: pre;\" aria-level=\"1\"><span style=\"font-size: 12pt; font-family: Arial; color: #111111; background-color: transparent; font-weight: 400; font-style: normal; font-variant: normal; text-decoration: none; vertical-align: baseline; white-space: pre-wrap;\">Caries recurrente: es la que reaparece cerca o en medio de un empaste dental.\u00a0<\/span><\/li>\n<\/ul>\n<p>&nbsp;<\/p>\n<ul>\n<li><span style=\"font-size: 13.999999999999998pt; font-family: Arial; color: #000000; background-color: transparent; font-weight: bold; font-style: normal; font-variant: normal; text-decoration: none; vertical-align: baseline; white-space: pre-wrap;\">Seg\u00fan el fragmento del diente que se ve afectado<\/span><\/li>\n<\/ul>\n<p><span style=\"font-size: 12pt; font-family: Arial; color: #000000; background-color: transparent; font-weight: 400; font-style: normal; font-variant: normal; text-decoration: none; vertical-align: baseline; white-space: pre-wrap;\">Esta segunda categor\u00eda se puede distinguir por:\u00a0<\/span><\/p>\n<ul style=\"margin-top: 0; margin-bottom: 0; padding-inline-start: 48px;\">\n<li dir=\"ltr\" style=\"list-style-type: disc; font-size: 10pt; font-family: 'Noto Sans Symbols',sans-serif; color: #111111; background-color: transparent; font-weight: 400; font-style: normal; font-variant: normal; text-decoration: none; vertical-align: baseline; white-space: pre; margin-left: 27pt;\" aria-level=\"1\"><span style=\"font-size: 12pt; font-family: Arial; color: #111111; background-color: transparent; font-weight: 400; font-style: normal; font-variant: normal; text-decoration: none; vertical-align: baseline; white-space: pre-wrap;\">Caries de esmalte: la lesi\u00f3n m\u00e1s frecuente; se genera cuando el \u00e1rea del esmalte se ve afectada. Se identifica por la aparici\u00f3n de manchas blancas o negras en el \u00e1rea dental.<\/span><\/li>\n<li dir=\"ltr\" style=\"list-style-type: disc; font-size: 10pt; font-family: 'Noto Sans Symbols',sans-serif; color: #111111; background-color: transparent; font-weight: 400; font-style: normal; font-variant: normal; text-decoration: none; vertical-align: baseline; white-space: pre; margin-left: 27pt;\" aria-level=\"1\"><span style=\"font-size: 12pt; font-family: Arial; color: #111111; background-color: transparent; font-weight: 400; font-style: normal; font-variant: normal; text-decoration: none; vertical-align: baseline; white-space: pre-wrap;\">Caries de dentina: esta tipolog\u00eda\u00a0perjudica a la capa que se halla tras el esmalte. Se representa por un color amarillento y se debe a fuertes desgastes, erosi\u00f3n dental o caries en estado m\u00e1s avanzado.\u00a0<\/span><\/li>\n<li dir=\"ltr\" style=\"list-style-type: disc; font-size: 10pt; font-family: 'Noto Sans Symbols',sans-serif; color: #000000; background-color: transparent; font-weight: 400; font-style: normal; font-variant: normal; text-decoration: none; vertical-align: baseline; white-space: pre; margin-left: 27pt;\" aria-level=\"1\"><span style=\"font-size: 12pt; font-family: Arial; color: #111111; background-color: transparent; font-weight: 400; font-style: normal; font-variant: normal; text-decoration: none; vertical-align: baseline; white-space: pre-wrap;\">Caries rampante: una lesi\u00f3n fulminante que evoluciona con gran velocidad. Causa muchos estragos en el equilibrio del diente afectado y a trav\u00e9s de su r\u00e1pido progreso la infecci\u00f3n puede llegar hasta la pulpa y los tejidos internos de la corona, provocando necrosar el nervio y la p\u00e9rdida del diente.\u00a0<\/span><\/li>\n<\/ul>\n<h2><span style=\"font-size: 18pt; font-family: Arial; color: #000000; background-color: transparent; font-weight: bold; font-style: normal; font-variant: normal; text-decoration: none; vertical-align: baseline; white-space: pre-wrap;\">Tratamientos para las caries <\/span><\/h2>\n<p><span style=\"font-size: 12pt; font-family: Arial; color: #000000; background-color: transparent; font-weight: 400; font-style: normal; font-variant: normal; text-decoration: none; vertical-align: baseline; white-space: pre-wrap;\">Para eliminar una caries, el odont\u00f3logo debe considerar la profundidad de la lesi\u00f3n y el lugar preciso de su localizaci\u00f3n. No obstante, en nuestro centro solemos ejecutar:\u00a0<\/span><\/p>\n<ul>\n<li><span style=\"font-size: 13.999999999999998pt; font-family: Arial; color: #000000; background-color: transparent; font-weight: bold; font-style: normal; font-variant: normal; text-decoration: none; vertical-align: baseline; white-space: pre-wrap;\">Empaste dental<\/span><\/li>\n<\/ul>\n<p><span style=\"font-size: 12pt; font-family: Arial; color: #000000; background-color: transparent; font-weight: 400; font-style: normal; font-variant: normal; text-decoration: none; vertical-align: baseline; white-space: pre-wrap;\">Normalmente es el m\u00e9todo m\u00e1s adecuado y sencillo de atacar las caries que est\u00e1n afectando al esmalte e incluso a la dentina; tambi\u00e9n las\u00a0caries de corona o interproximales.<\/span><\/p>\n<p><span style=\"font-size: 12pt; font-family: Arial; color: #000000; background-color: transparent; font-weight: 400; font-style: normal; font-variant: normal; text-decoration: none; vertical-align: baseline; white-space: pre-wrap;\">Consiste en suprimir el tejido da\u00f1ado por medio de una herramienta de cabeza rotatoria que permite la extracci\u00f3n. Posteriormente, se sella la cavidad con una resina de composite, devolviendo la est\u00e9tica y la funcionalidad a la pieza.\u00a0\u00a0<\/span><\/p>\n<ul>\n<li><span style=\"font-size: 13.999999999999998pt; font-family: Arial; color: #000000; background-color: transparent; font-weight: bold; font-style: normal; font-variant: normal; text-decoration: none; vertical-align: baseline; white-space: pre-wrap;\">Endodoncia<\/span><\/li>\n<\/ul>\n<p><span style=\"font-size: 12pt; font-family: Arial; color: #000000; background-color: transparent; font-weight: 400; font-style: normal; font-variant: normal; text-decoration: none; vertical-align: baseline; white-space: pre-wrap;\">Para aquellos casos en los que\u00a0la caries amenaza con lesionar el tejido pulpar o nervio. El tratamiento se basa en la supresi\u00f3n del nervio necrosado y en el sellado posterior del \u00e1rea afectada.\u00a0<\/span><\/p>\n<p><span style=\"font-size: 12pt; font-family: Arial; color: #000000; background-color: transparent; font-weight: 400; font-style: normal; font-variant: normal; text-decoration: none; vertical-align: baseline; white-space: pre-wrap;\">En algunos casos, tras este procedimiento se debe restablecer la pieza dental afectada a trav\u00e9s de la\u00a0colocaci\u00f3n de una incrustaci\u00f3n dental\u00a0o, en su defecto, de una\u00a0corona dentaria.\u00a0 Despu\u00e9s de su aplicaci\u00f3n, el diente afectado recupera su funcionalidad\u00a0y vitalidad.<\/span><\/p>\n<ul>\n<li><span style=\"font-size: 13.999999999999998pt; font-family: Arial; color: #000000; background-color: transparent; font-weight: bold; font-style: normal; font-variant: normal; text-decoration: none; vertical-align: baseline; white-space: pre-wrap;\">Pulpotom\u00eda o pulpectom\u00eda<\/span><\/li>\n<\/ul>\n<p><span style=\"font-size: 12pt; font-family: Arial; color: #000000; background-color: transparent; font-weight: 400; font-style: normal; font-variant: normal; text-decoration: none; vertical-align: baseline; white-space: pre-wrap;\">Este tratamiento se utiliza cuando la\u00a0caries ha logrado da\u00f1ar un diente de leche y es muy similar a la realizaci\u00f3n de una endodoncia. Su objetivo es\u00a0impedir la p\u00e9rdida prematura de una pieza temporal\u00a0y evitar la aparici\u00f3n de ciertos problemas de oclusi\u00f3n cuando suceda el crecimiento o desarrollo de los dientes definitivos.\u00a0<\/span><\/p>\n<ul>\n<li><span style=\"font-size: 13.999999999999998pt; font-family: Arial; color: #000000; background-color: transparent; font-weight: bold; font-style: normal; font-variant: normal; text-decoration: none; vertical-align: baseline; white-space: pre-wrap;\">Sustracci\u00f3n dental\u00a0\u00a0<\/span><\/li>\n<\/ul>\n<p><span style=\"font-size: 12pt; font-family: Arial; color: #000000; background-color: transparent; font-weight: 400; font-style: normal; font-variant: normal; text-decoration: none; vertical-align: baseline; white-space: pre-wrap;\">En los casos m\u00e1s severos, y cuando ya no se puede hacer nada m\u00e1s, el odont\u00f3logo\u00a0opta por la sustracci\u00f3n y la colocaci\u00f3n de un implante dental\u00a0que restituya el diente perdido. Esta situaci\u00f3n es frecuente en aquellos pacientes que no asisten a sus consultas programadas o que sufren caries interproximales.<\/span><\/p>\n<h2><span style=\"font-size: 18pt; font-family: Arial; color: #000000; background-color: transparent; font-weight: bold; font-style: normal; font-variant: normal; text-decoration: none; vertical-align: baseline; white-space: pre-wrap;\">\u00bfExiste alguna manera de prevenir la caries?<\/span><\/h2>\n<p><span style=\"font-size: 12pt; font-family: Arial; color: #111111; background-color: transparent; font-weight: 400; font-style: normal; font-variant: normal; text-decoration: none; vertical-align: baseline; white-space: pre-wrap;\">La buena higiene bucal, as\u00ed como las consultas programadas, resultan ser el mayor factor para contrarrestarlas. Existen ciertos tips que pueden mejorar la prevenci\u00f3n de este fen\u00f3meno:<\/span><\/p>\n<ul>\n<li><span style=\"font-size: 12pt; font-family: Arial; color: #111111; background-color: transparent; font-weight: 400; font-style: normal; font-variant: normal; text-decoration: none; vertical-align: baseline; white-space: pre-wrap;\">Cep\u00edllate tres veces al d\u00eda o despu\u00e9s de cada comida; puedes hacerlo con una pasta dent\u00edfrica que contenga fl\u00faor.<\/span><\/li>\n<li><span style=\"font-size: 12pt; font-family: Arial; color: #111111; background-color: transparent; font-weight: 400; font-style: normal; font-variant: normal; text-decoration: none; vertical-align: baseline; white-space: pre-wrap;\">Perfecciona el cepillado diario con el uso del hilo dental y los enjuagues bucales.<\/span><\/li>\n<li><span style=\"font-size: 12pt; font-family: Arial; color: #111111; background-color: transparent; font-weight: 400; font-style: normal; font-variant: normal; text-decoration: none; vertical-align: baseline; white-space: pre-wrap;\">Cambia tu cepillo cada tres meses.<\/span><\/li>\n<li><span style=\"font-size: 12pt; font-family: Arial; color: #111111; background-color: transparent; font-weight: 400; font-style: normal; font-variant: normal; text-decoration: none; vertical-align: baseline; white-space: pre-wrap;\">Hazte limpiezas dentales y ex\u00e1menes bucales regulares; puede ayudar a prevenir y\/o detectar cualquier afecci\u00f3n a tiempo.\u00a0<\/span><\/li>\n<li><span style=\"font-size: 12pt; font-family: Arial; color: #111111; background-color: transparent; font-weight: 400; font-style: normal; font-variant: normal; text-decoration: none; vertical-align: baseline; white-space: pre-wrap;\">Opta por la utilizaci\u00f3n de selladores bucodentales.\u00a0<\/span><\/li>\n<li><span style=\"font-size: 12pt; font-family: Arial; color: #111111; background-color: transparent; font-weight: 400; font-style: normal; font-variant: normal; text-decoration: none; vertical-align: baseline; white-space: pre-wrap;\">Ingiere alimentos saludables y nutritivos para tu dentadura.\u00a0<\/span><\/li>\n<li><span style=\"font-size: 12pt; font-family: Arial; color: #111111; background-color: transparent; font-weight: 400; font-style: normal; font-variant: normal; text-decoration: none; vertical-align: baseline; white-space: pre-wrap;\">No comas alimentos duros, peque\u00f1os o que puedan quedarse atascados en medio de los surcos dentales.\u00a0<\/span><\/li>\n<\/ul>\n<h2><span style=\"font-size: 18pt; font-family: Arial; color: #000000; background-color: transparent; font-weight: bold; font-style: normal; font-variant: normal; text-decoration: none; vertical-align: baseline; white-space: pre-wrap;\">Desp\u00eddete de las caries en el Centro M\u00e9dico y Quir\u00fargico CEMEQ<\/span><\/h2>\n<p><span style=\"font-size: 12pt; font-family: Arial; color: #000000; background-color: transparent; font-weight: 400; font-style: normal; font-variant: normal; text-decoration: none; vertical-align: baseline; white-space: pre-wrap;\">En nuestro centro m\u00e9dico y quir\u00fargico encontrar\u00e1s tecnolog\u00eda de vanguardia y de \u00faltima generaci\u00f3n. Tendr\u00e1s a tu disposici\u00f3n tratamientos especializados, m\u00e1s r\u00e1pidos y efectivos para cubrir tus necesidades.<\/span><\/p>\n<p><span style=\"font-size: 12pt; font-family: Arial; color: #000000; background-color: transparent; font-weight: 400; font-style: normal; font-variant: normal; text-decoration: none; vertical-align: baseline; white-space: pre-wrap;\">Contamos con un equipo de profesionales altamente cualificado y en constante formaci\u00f3n para resolver las anomal\u00edas que ponen en peligro tu salud bucodental a corto y\/o largo plazo.\u00a0<\/span><\/p>\n<p><span style=\"font-size: 12pt; font-family: Arial; color: #000000; background-color: transparent; font-weight: 400; font-style: normal; font-variant: normal; text-decoration: none; vertical-align: baseline; white-space: pre-wrap;\">Si quieres ponerle fin a las caries&#8230; \u00a1No dudes en contactarnos! Recuerda que la primera consulta es gratis.<\/span><\/p>\n<p><span style=\"font-size: 12pt; font-family: Arial; color: #000000; background-color: transparent; font-weight: 400; font-style: normal; font-variant: normal; text-decoration: none; vertical-align: baseline; white-space: pre-wrap;\">\u00bfA qu\u00e9 esperas para solicitar una cita con nosotros? Te esperamos en la cl\u00ednica dental en Valencia.<\/span><\/p>\n<p><span id=\"docs-internal-guid-930b0b57-7fff-be1e-2776-f32ac1f78430\">\u00a0<\/span><\/p>\n","protected":false},"excerpt":{"rendered":"<p>\u00bfTienes caries y no sabes qu\u00e9 hacer? No te preocupes, \u00a1has llegado al lugar correcto! Este fen\u00f3meno constituye una de las afecciones dentales m\u00e1s habituales. En el centro quir\u00fargico CEMEQ hallar\u00e1s la soluci\u00f3n a cualquier tipolog\u00eda y el tratamiento m\u00e1s adecuado para ti.\u00a0 Si quieres conocer con mayor profundidad qu\u00e9 puede desencadenarlas o c\u00f3mo tratar [&#8230;]\n","protected":false},"author":6,"featured_media":2215,"comment_status":"open","ping_status":"open","sticky":false,"template":"","format":"standard","meta":{"footnotes":""},"categories":[1],"tags":[],"yoast_head":"<!-- This site is optimized with the Yoast SEO Premium plugin v18.3 (Yoast SEO v22.7) - https:\/\/yoast.com\/wordpress\/plugins\/seo\/ -->\n<title>Caries: qu\u00e9 son y c\u00f3mo tratarlas &#8902; Cl\u00ednica Dental CEMEQ<\/title>\n<meta name=\"description\" content=\"En el siguiente post te contamos todo sobre las caries, tipos y como evitarlas con nuestros tratamientos. No te lo pierdas.\" \/>\n<meta name=\"robots\" content=\"index, follow, max-snippet:-1, max-image-preview:large, max-video-preview:-1\" \/>\n<link rel=\"canonical\" href=\"https:\/\/clinicacemeq.es\/dental\/2021\/11\/30\/caries-que-son-y-como-tratarlas\/\" \/>\n<meta property=\"og:locale\" content=\"es_ES\" \/>\n<meta property=\"og:type\" content=\"article\" \/>\n<meta property=\"og:title\" content=\"Caries: qu\u00e9 son y c\u00f3mo tratarlas\" \/>\n<meta property=\"og:description\" content=\"En el siguiente post te contamos todo sobre las caries, tipos y como evitarlas con nuestros tratamientos. No te lo pierdas.\" \/>\n<meta property=\"og:url\" content=\"https:\/\/clinicacemeq.es\/dental\/2021\/11\/30\/caries-que-son-y-como-tratarlas\/\" \/>\n<meta property=\"og:site_name\" content=\"Cl\u00ednica Dental CEMEQ\" \/>\n<meta property=\"article:published_time\" content=\"2021-11-30T12:05:46+00:00\" \/>\n<meta property=\"article:modified_time\" content=\"2024-06-05T11:56:48+00:00\" \/>\n<meta property=\"og:image\" content=\"https:\/\/clinicacemeq.es\/dental\/wp-content\/uploads\/2021\/11\/Disen\u0303o-sin-ti\u0301tulo-7.jpg\" \/>\n\t<meta property=\"og:image:width\" content=\"1200\" \/>\n\t<meta property=\"og:image:height\" content=\"700\" \/>\n\t<meta property=\"og:image:type\" content=\"image\/jpeg\" \/>\n<meta name=\"author\" content=\"Federico Mahiques\" \/>\n<meta name=\"twitter:card\" content=\"summary_large_image\" \/>\n<meta name=\"twitter:label1\" content=\"Escrito por\" \/>\n\t<meta name=\"twitter:data1\" content=\"Federico Mahiques\" \/>\n\t<meta name=\"twitter:label2\" content=\"Tiempo de lectura\" \/>\n\t<meta name=\"twitter:data2\" content=\"7 minutos\" \/>\n<script type=\"application\/ld+json\" class=\"yoast-schema-graph\">{\"@context\":\"https:\/\/schema.org\",\"@graph\":[{\"@type\":\"Article\",\"@id\":\"https:\/\/clinicacemeq.es\/dental\/2021\/11\/30\/caries-que-son-y-como-tratarlas\/#article\",\"isPartOf\":{\"@id\":\"https:\/\/clinicacemeq.es\/dental\/2021\/11\/30\/caries-que-son-y-como-tratarlas\/\"},\"author\":{\"name\":\"Federico Mahiques\",\"@id\":\"https:\/\/clinicacemeq.es\/dental\/#\/schema\/person\/c59ca45e0d40697222e3795fa6384c4d\"},\"headline\":\"Caries: qu\u00e9 son y c\u00f3mo tratarlas\",\"datePublished\":\"2021-11-30T12:05:46+00:00\",\"dateModified\":\"2024-06-05T11:56:48+00:00\",\"mainEntityOfPage\":{\"@id\":\"https:\/\/clinicacemeq.es\/dental\/2021\/11\/30\/caries-que-son-y-como-tratarlas\/\"},\"wordCount\":1492,\"commentCount\":0,\"publisher\":{\"@id\":\"https:\/\/clinicacemeq.es\/dental\/#organization\"},\"image\":{\"@id\":\"https:\/\/clinicacemeq.es\/dental\/2021\/11\/30\/caries-que-son-y-como-tratarlas\/#primaryimage\"},\"thumbnailUrl\":\"https:\/\/clinicacemeq.es\/dental\/wp-content\/uploads\/2021\/11\/Disen\u0303o-sin-ti\u0301tulo-7.jpg\",\"articleSection\":[\"Patolog\u00edas dentales\"],\"inLanguage\":\"es\",\"potentialAction\":[{\"@type\":\"CommentAction\",\"name\":\"Comment\",\"target\":[\"https:\/\/clinicacemeq.es\/dental\/2021\/11\/30\/caries-que-son-y-como-tratarlas\/#respond\"]}]},{\"@type\":\"WebPage\",\"@id\":\"https:\/\/clinicacemeq.es\/dental\/2021\/11\/30\/caries-que-son-y-como-tratarlas\/\",\"url\":\"https:\/\/clinicacemeq.es\/dental\/2021\/11\/30\/caries-que-son-y-como-tratarlas\/\",\"name\":\"Caries: qu\u00e9 son y c\u00f3mo tratarlas &#8902; Cl\u00ednica Dental CEMEQ\",\"isPartOf\":{\"@id\":\"https:\/\/clinicacemeq.es\/dental\/#website\"},\"primaryImageOfPage\":{\"@id\":\"https:\/\/clinicacemeq.es\/dental\/2021\/11\/30\/caries-que-son-y-como-tratarlas\/#primaryimage\"},\"image\":{\"@id\":\"https:\/\/clinicacemeq.es\/dental\/2021\/11\/30\/caries-que-son-y-como-tratarlas\/#primaryimage\"},\"thumbnailUrl\":\"https:\/\/clinicacemeq.es\/dental\/wp-content\/uploads\/2021\/11\/Disen\u0303o-sin-ti\u0301tulo-7.jpg\",\"datePublished\":\"2021-11-30T12:05:46+00:00\",\"dateModified\":\"2024-06-05T11:56:48+00:00\",\"description\":\"En el siguiente post te contamos todo sobre las caries, tipos y como evitarlas con nuestros tratamientos. No te lo pierdas.\",\"breadcrumb\":{\"@id\":\"https:\/\/clinicacemeq.es\/dental\/2021\/11\/30\/caries-que-son-y-como-tratarlas\/#breadcrumb\"},\"inLanguage\":\"es\",\"potentialAction\":[{\"@type\":\"ReadAction\",\"target\":[\"https:\/\/clinicacemeq.es\/dental\/2021\/11\/30\/caries-que-son-y-como-tratarlas\/\"]}]},{\"@type\":\"ImageObject\",\"inLanguage\":\"es\",\"@id\":\"https:\/\/clinicacemeq.es\/dental\/2021\/11\/30\/caries-que-son-y-como-tratarlas\/#primaryimage\",\"url\":\"https:\/\/clinicacemeq.es\/dental\/wp-content\/uploads\/2021\/11\/Disen\u0303o-sin-ti\u0301tulo-7.jpg\",\"contentUrl\":\"https:\/\/clinicacemeq.es\/dental\/wp-content\/uploads\/2021\/11\/Disen\u0303o-sin-ti\u0301tulo-7.jpg\",\"width\":1200,\"height\":700,\"caption\":\"caries-tratamiento\"},{\"@type\":\"BreadcrumbList\",\"@id\":\"https:\/\/clinicacemeq.es\/dental\/2021\/11\/30\/caries-que-son-y-como-tratarlas\/#breadcrumb\",\"itemListElement\":[{\"@type\":\"ListItem\",\"position\":1,\"name\":\"Portada\",\"item\":\"https:\/\/clinicacemeq.es\/dental\/\"},{\"@type\":\"ListItem\",\"position\":2,\"name\":\"Caries: qu\u00e9 son y c\u00f3mo tratarlas\"}]},{\"@type\":\"WebSite\",\"@id\":\"https:\/\/clinicacemeq.es\/dental\/#website\",\"url\":\"https:\/\/clinicacemeq.es\/dental\/\",\"name\":\"Cl\u00ednica Dental CEMEQ\",\"description\":\"Cl\u00ednica Dental Valencia | Dentista Valencia\",\"publisher\":{\"@id\":\"https:\/\/clinicacemeq.es\/dental\/#organization\"},\"potentialAction\":[{\"@type\":\"SearchAction\",\"target\":{\"@type\":\"EntryPoint\",\"urlTemplate\":\"https:\/\/clinicacemeq.es\/dental\/?s={search_term_string}\"},\"query-input\":\"required name=search_term_string\"}],\"inLanguage\":\"es\"},{\"@type\":\"Organization\",\"@id\":\"https:\/\/clinicacemeq.es\/dental\/#organization\",\"name\":\"CEMEQ\",\"url\":\"https:\/\/clinicacemeq.es\/dental\/\",\"logo\":{\"@type\":\"ImageObject\",\"inLanguage\":\"es\",\"@id\":\"https:\/\/clinicacemeq.es\/dental\/#\/schema\/logo\/image\/\",\"url\":\"https:\/\/clinicacemeq.es\/dental\/wp-content\/uploads\/2021\/07\/LOGO-WEB-1024x631-1.jpeg\",\"contentUrl\":\"https:\/\/clinicacemeq.es\/dental\/wp-content\/uploads\/2021\/07\/LOGO-WEB-1024x631-1.jpeg\",\"width\":1024,\"height\":631,\"caption\":\"CEMEQ\"},\"image\":{\"@id\":\"https:\/\/clinicacemeq.es\/dental\/#\/schema\/logo\/image\/\"}},{\"@type\":\"Person\",\"@id\":\"https:\/\/clinicacemeq.es\/dental\/#\/schema\/person\/c59ca45e0d40697222e3795fa6384c4d\",\"name\":\"Federico Mahiques\",\"image\":{\"@type\":\"ImageObject\",\"inLanguage\":\"es\",\"@id\":\"https:\/\/clinicacemeq.es\/dental\/#\/schema\/person\/image\/\",\"url\":\"https:\/\/secure.gravatar.com\/avatar\/a16f1bf5b7e085c0937f91eaf260e1fc?s=96&d=mm&r=g\",\"contentUrl\":\"https:\/\/secure.gravatar.com\/avatar\/a16f1bf5b7e085c0937f91eaf260e1fc?s=96&d=mm&r=g\",\"caption\":\"Federico Mahiques\"},\"url\":\"https:\/\/clinicacemeq.es\/dental\/author\/marketing\/\"}]}<\/script>\n<!-- \/ Yoast SEO Premium plugin. -->","yoast_head_json":{"title":"Caries: qu\u00e9 son y c\u00f3mo tratarlas &#8902; Cl\u00ednica Dental CEMEQ","description":"En el siguiente post te contamos todo sobre las caries, tipos y como evitarlas con nuestros tratamientos. No te lo pierdas.","robots":{"index":"index","follow":"follow","max-snippet":"max-snippet:-1","max-image-preview":"max-image-preview:large","max-video-preview":"max-video-preview:-1"},"canonical":"https:\/\/clinicacemeq.es\/dental\/2021\/11\/30\/caries-que-son-y-como-tratarlas\/","og_locale":"es_ES","og_type":"article","og_title":"Caries: qu\u00e9 son y c\u00f3mo tratarlas","og_description":"En el siguiente post te contamos todo sobre las caries, tipos y como evitarlas con nuestros tratamientos. No te lo pierdas.","og_url":"https:\/\/clinicacemeq.es\/dental\/2021\/11\/30\/caries-que-son-y-como-tratarlas\/","og_site_name":"Cl\u00ednica Dental CEMEQ","article_published_time":"2021-11-30T12:05:46+00:00","article_modified_time":"2024-06-05T11:56:48+00:00","og_image":[{"width":1200,"height":700,"url":"https:\/\/clinicacemeq.es\/dental\/wp-content\/uploads\/2021\/11\/Disen\u0303o-sin-ti\u0301tulo-7.jpg","type":"image\/jpeg"}],"author":"Federico Mahiques","twitter_card":"summary_large_image","twitter_misc":{"Escrito por":"Federico Mahiques","Tiempo de lectura":"7 minutos"},"schema":{"@context":"https:\/\/schema.org","@graph":[{"@type":"Article","@id":"https:\/\/clinicacemeq.es\/dental\/2021\/11\/30\/caries-que-son-y-como-tratarlas\/#article","isPartOf":{"@id":"https:\/\/clinicacemeq.es\/dental\/2021\/11\/30\/caries-que-son-y-como-tratarlas\/"},"author":{"name":"Federico Mahiques","@id":"https:\/\/clinicacemeq.es\/dental\/#\/schema\/person\/c59ca45e0d40697222e3795fa6384c4d"},"headline":"Caries: qu\u00e9 son y c\u00f3mo tratarlas","datePublished":"2021-11-30T12:05:46+00:00","dateModified":"2024-06-05T11:56:48+00:00","mainEntityOfPage":{"@id":"https:\/\/clinicacemeq.es\/dental\/2021\/11\/30\/caries-que-son-y-como-tratarlas\/"},"wordCount":1492,"commentCount":0,"publisher":{"@id":"https:\/\/clinicacemeq.es\/dental\/#organization"},"image":{"@id":"https:\/\/clinicacemeq.es\/dental\/2021\/11\/30\/caries-que-son-y-como-tratarlas\/#primaryimage"},"thumbnailUrl":"https:\/\/clinicacemeq.es\/dental\/wp-content\/uploads\/2021\/11\/Disen\u0303o-sin-ti\u0301tulo-7.jpg","articleSection":["Patolog\u00edas dentales"],"inLanguage":"es","potentialAction":[{"@type":"CommentAction","name":"Comment","target":["https:\/\/clinicacemeq.es\/dental\/2021\/11\/30\/caries-que-son-y-como-tratarlas\/#respond"]}]},{"@type":"WebPage","@id":"https:\/\/clinicacemeq.es\/dental\/2021\/11\/30\/caries-que-son-y-como-tratarlas\/","url":"https:\/\/clinicacemeq.es\/dental\/2021\/11\/30\/caries-que-son-y-como-tratarlas\/","name":"Caries: qu\u00e9 son y c\u00f3mo tratarlas &#8902; Cl\u00ednica Dental CEMEQ","isPartOf":{"@id":"https:\/\/clinicacemeq.es\/dental\/#website"},"primaryImageOfPage":{"@id":"https:\/\/clinicacemeq.es\/dental\/2021\/11\/30\/caries-que-son-y-como-tratarlas\/#primaryimage"},"image":{"@id":"https:\/\/clinicacemeq.es\/dental\/2021\/11\/30\/caries-que-son-y-como-tratarlas\/#primaryimage"},"thumbnailUrl":"https:\/\/clinicacemeq.es\/dental\/wp-content\/uploads\/2021\/11\/Disen\u0303o-sin-ti\u0301tulo-7.jpg","datePublished":"2021-11-30T12:05:46+00:00","dateModified":"2024-06-05T11:56:48+00:00","description":"En el siguiente post te contamos todo sobre las caries, tipos y como evitarlas con nuestros tratamientos. No te lo pierdas.","breadcrumb":{"@id":"https:\/\/clinicacemeq.es\/dental\/2021\/11\/30\/caries-que-son-y-como-tratarlas\/#breadcrumb"},"inLanguage":"es","potentialAction":[{"@type":"ReadAction","target":["https:\/\/clinicacemeq.es\/dental\/2021\/11\/30\/caries-que-son-y-como-tratarlas\/"]}]},{"@type":"ImageObject","inLanguage":"es","@id":"https:\/\/clinicacemeq.es\/dental\/2021\/11\/30\/caries-que-son-y-como-tratarlas\/#primaryimage","url":"https:\/\/clinicacemeq.es\/dental\/wp-content\/uploads\/2021\/11\/Disen\u0303o-sin-ti\u0301tulo-7.jpg","contentUrl":"https:\/\/clinicacemeq.es\/dental\/wp-content\/uploads\/2021\/11\/Disen\u0303o-sin-ti\u0301tulo-7.jpg","width":1200,"height":700,"caption":"caries-tratamiento"},{"@type":"BreadcrumbList","@id":"https:\/\/clinicacemeq.es\/dental\/2021\/11\/30\/caries-que-son-y-como-tratarlas\/#breadcrumb","itemListElement":[{"@type":"ListItem","position":1,"name":"Portada","item":"https:\/\/clinicacemeq.es\/dental\/"},{"@type":"ListItem","position":2,"name":"Caries: qu\u00e9 son y c\u00f3mo tratarlas"}]},{"@type":"WebSite","@id":"https:\/\/clinicacemeq.es\/dental\/#website","url":"https:\/\/clinicacemeq.es\/dental\/","name":"Cl\u00ednica Dental CEMEQ","description":"Cl\u00ednica Dental Valencia | Dentista Valencia","publisher":{"@id":"https:\/\/clinicacemeq.es\/dental\/#organization"},"potentialAction":[{"@type":"SearchAction","target":{"@type":"EntryPoint","urlTemplate":"https:\/\/clinicacemeq.es\/dental\/?s={search_term_string}"},"query-input":"required name=search_term_string"}],"inLanguage":"es"},{"@type":"Organization","@id":"https:\/\/clinicacemeq.es\/dental\/#organization","name":"CEMEQ","url":"https:\/\/clinicacemeq.es\/dental\/","logo":{"@type":"ImageObject","inLanguage":"es","@id":"https:\/\/clinicacemeq.es\/dental\/#\/schema\/logo\/image\/","url":"https:\/\/clinicacemeq.es\/dental\/wp-content\/uploads\/2021\/07\/LOGO-WEB-1024x631-1.jpeg","contentUrl":"https:\/\/clinicacemeq.es\/dental\/wp-content\/uploads\/2021\/07\/LOGO-WEB-1024x631-1.jpeg","width":1024,"height":631,"caption":"CEMEQ"},"image":{"@id":"https:\/\/clinicacemeq.es\/dental\/#\/schema\/logo\/image\/"}},{"@type":"Person","@id":"https:\/\/clinicacemeq.es\/dental\/#\/schema\/person\/c59ca45e0d40697222e3795fa6384c4d","name":"Federico Mahiques","image":{"@type":"ImageObject","inLanguage":"es","@id":"https:\/\/clinicacemeq.es\/dental\/#\/schema\/person\/image\/","url":"https:\/\/secure.gravatar.com\/avatar\/a16f1bf5b7e085c0937f91eaf260e1fc?s=96&d=mm&r=g","contentUrl":"https:\/\/secure.gravatar.com\/avatar\/a16f1bf5b7e085c0937f91eaf260e1fc?s=96&d=mm&r=g","caption":"Federico Mahiques"},"url":"https:\/\/clinicacemeq.es\/dental\/author\/marketing\/"}]}},"_links":{"self":[{"href":"https:\/\/clinicacemeq.es\/dental\/wp-json\/wp\/v2\/posts\/2214"}],"collection":[{"href":"https:\/\/clinicacemeq.es\/dental\/wp-json\/wp\/v2\/posts"}],"about":[{"href":"https:\/\/clinicacemeq.es\/dental\/wp-json\/wp\/v2\/types\/post"}],"author":[{"embeddable":true,"href":"https:\/\/clinicacemeq.es\/dental\/wp-json\/wp\/v2\/users\/6"}],"replies":[{"embeddable":true,"href":"https:\/\/clinicacemeq.es\/dental\/wp-json\/wp\/v2\/comments?post=2214"}],"version-history":[{"count":1,"href":"https:\/\/clinicacemeq.es\/dental\/wp-json\/wp\/v2\/posts\/2214\/revisions"}],"predecessor-version":[{"id":10626,"href":"https:\/\/clinicacemeq.es\/dental\/wp-json\/wp\/v2\/posts\/2214\/revisions\/10626"}],"wp:featuredmedia":[{"embeddable":true,"href":"https:\/\/clinicacemeq.es\/dental\/wp-json\/wp\/v2\/media\/2215"}],"wp:attachment":[{"href":"https:\/\/clinicacemeq.es\/dental\/wp-json\/wp\/v2\/media?parent=2214"}],"wp:term":[{"taxonomy":"category","embeddable":true,"href":"https:\/\/clinicacemeq.es\/dental\/wp-json\/wp\/v2\/categories?post=2214"},{"taxonomy":"post_tag","embeddable":true,"href":"https:\/\/clinicacemeq.es\/dental\/wp-json\/wp\/v2\/tags?post=2214"}],"curies":[{"name":"wp","href":"https:\/\/api.w.org\/{rel}","templated":true}]}}