{"id":2067,"date":"2021-11-02T11:01:33","date_gmt":"2021-11-02T11:01:33","guid":{"rendered":"https:\/\/clinicacemeq.es\/dental\/?p=2067"},"modified":"2024-06-05T11:56:48","modified_gmt":"2024-06-05T11:56:48","slug":"parestesia-facial","status":"publish","type":"post","link":"https:\/\/clinicacemeq.es\/dental\/2021\/11\/02\/parestesia-facial\/","title":{"rendered":"Parestesia facial: qu\u00e9 es y c\u00f3mo tratarla"},"content":{"rendered":"\n\n<div class=\"kk-star-ratings kksr-auto kksr-align-left kksr-valign-top\"\n    data-payload='{&quot;align&quot;:&quot;left&quot;,&quot;id&quot;:&quot;2067&quot;,&quot;slug&quot;:&quot;default&quot;,&quot;valign&quot;:&quot;top&quot;,&quot;ignore&quot;:&quot;&quot;,&quot;reference&quot;:&quot;auto&quot;,&quot;class&quot;:&quot;&quot;,&quot;count&quot;:&quot;1&quot;,&quot;legendonly&quot;:&quot;&quot;,&quot;readonly&quot;:&quot;&quot;,&quot;score&quot;:&quot;5&quot;,&quot;starsonly&quot;:&quot;&quot;,&quot;best&quot;:&quot;5&quot;,&quot;gap&quot;:&quot;5&quot;,&quot;greet&quot;:&quot;Valora esta publicaci\u00f3n \ud83d\ude09&quot;,&quot;legend&quot;:&quot;5\\\/5 - (1 voto)&quot;,&quot;size&quot;:&quot;24&quot;,&quot;title&quot;:&quot;Parestesia facial: qu\u00e9 es y c\u00f3mo tratarla&quot;,&quot;width&quot;:&quot;142.5&quot;,&quot;_legend&quot;:&quot;{score}\\\/{best} - ({count} {votes})&quot;,&quot;font_factor&quot;:&quot;1.25&quot;}'>\n            \n<div class=\"kksr-stars\">\n    \n<div class=\"kksr-stars-inactive\">\n            <div class=\"kksr-star\" data-star=\"1\" style=\"padding-right: 5px\">\n            \n\n<div class=\"kksr-icon\" style=\"width: 24px; height: 24px;\"><\/div>\n        <\/div>\n            <div class=\"kksr-star\" data-star=\"2\" style=\"padding-right: 5px\">\n            \n\n<div class=\"kksr-icon\" style=\"width: 24px; height: 24px;\"><\/div>\n        <\/div>\n            <div class=\"kksr-star\" data-star=\"3\" style=\"padding-right: 5px\">\n            \n\n<div class=\"kksr-icon\" style=\"width: 24px; height: 24px;\"><\/div>\n        <\/div>\n            <div class=\"kksr-star\" data-star=\"4\" style=\"padding-right: 5px\">\n            \n\n<div class=\"kksr-icon\" style=\"width: 24px; height: 24px;\"><\/div>\n        <\/div>\n            <div class=\"kksr-star\" data-star=\"5\" style=\"padding-right: 5px\">\n            \n\n<div class=\"kksr-icon\" style=\"width: 24px; height: 24px;\"><\/div>\n        <\/div>\n    <\/div>\n    \n<div class=\"kksr-stars-active\" style=\"width: 142.5px;\">\n            <div class=\"kksr-star\" style=\"padding-right: 5px\">\n            \n\n<div class=\"kksr-icon\" style=\"width: 24px; height: 24px;\"><\/div>\n        <\/div>\n            <div class=\"kksr-star\" style=\"padding-right: 5px\">\n            \n\n<div class=\"kksr-icon\" style=\"width: 24px; height: 24px;\"><\/div>\n        <\/div>\n            <div class=\"kksr-star\" style=\"padding-right: 5px\">\n            \n\n<div class=\"kksr-icon\" style=\"width: 24px; height: 24px;\"><\/div>\n        <\/div>\n            <div class=\"kksr-star\" style=\"padding-right: 5px\">\n            \n\n<div class=\"kksr-icon\" style=\"width: 24px; height: 24px;\"><\/div>\n        <\/div>\n            <div class=\"kksr-star\" style=\"padding-right: 5px\">\n            \n\n<div class=\"kksr-icon\" style=\"width: 24px; height: 24px;\"><\/div>\n        <\/div>\n    <\/div>\n<\/div>\n                \n\n<div class=\"kksr-legend\" style=\"font-size: 19.2px;\">\n            5\/5 - (1 voto)    <\/div>\n    <\/div>\n<p>La\u00a0<em>parestesia facial<\/em> puede deberse a distintos trastornos, como ciertos tratamientos dentales, como implantes o extracci\u00f3n de las muelas del juicio.<\/p>\n<p class=\"p2\" style=\"text-align: justify;\">Nuestros sentidos representan por excelencia el mecanismo para recibir informaci\u00f3n del mundo que nos rodea, saber la posici\u00f3n que ocupamos e interactuar con \u00e9l. La ciencia ha identificado que poseemos m\u00e1s que los 5 sentidos que tradicionalmente se conocen, puntualizando que podr\u00edan existir <b>4 adicionales<\/b>, tales como el sentido del equilibrio, la percepci\u00f3n del propio cuerpo, la capacidad de sentir fr\u00edo o calor y la asimilaci\u00f3n del dolor.<\/p>\n<p class=\"p2\" style=\"text-align: justify;\">Sin embargo, los sentidos no son los \u00fanicos encargados de este proceso. De hecho, los \u00f3rganos relacionados con este tipo de percepci\u00f3n solo son receptores, por lo que, si no existieran <b>medios para trasladar la informaci\u00f3n al cerebro<\/b>, no podr\u00edamos enterarnos de lo que ocurre a nuestro alrededor o en nuestro cuerpo. Aqu\u00ed es precisamente donde intervienen los nervios.<\/p>\n<p class=\"p4\" style=\"text-align: justify;\">Nuestros nervios est\u00e1n conformados por un conjunto de fibras que se ramifican desde el <b>sistema nervioso central<\/b> (SNC) y se extienden por la mayor parte de nuestro cuerpo. Dichas estructuras anat\u00f3micas se encargan de transmitir impulsos el\u00e9ctricos provenientes de nuestros \u00f3rganos hasta nuestros cerebros, tanto en un senti<span class=\"s1\">do como en el otro<\/span>.<\/p>\n<p class=\"p4\" style=\"text-align: justify;\">Las principales funciones de los nervios <span class=\"s1\">radica<\/span> en <span class=\"s1\">transferir <\/span>las experiencias sensoriales hasta el cerebro, d\u00f3nde son interpretadas y generan sensaciones gratificantes o desagradables, dependiendo del caso; as\u00ed como transmitir los impulsos el\u00e9ctricos requeridos para producir la <b>tensi\u00f3n muscular<\/b> que nos permita mover nuestras extremidades y otros componentes anat\u00f3micos.<\/p>\n<p class=\"p4\" style=\"text-align: justify;\">En ocasiones, esas estructuras nerviosas pueden verse afectadas como consecuencia de <b>traumatismos u otros factores<\/b>, impidiendo que se establezca la comunicaci\u00f3n entre el cerebro y otros \u00f3rganos o tejidos. Al ocurrir esto, suelen <span class=\"s1\">derivar efectos<\/span> no deseados, como disminuci\u00f3n de la sensibilidad en la zona en la que se produjo el da\u00f1o, as\u00ed como una mayor debilidad.<\/p>\n<h2 class=\"p5\" style=\"text-align: justify;\">\u00bfQu\u00e9 es la parestesia facial?<\/h2>\n<p class=\"p2\" style=\"text-align: justify;\">La parestesia facial es una condici\u00f3n muy com\u00fan que consiste en la p\u00e9rdida de la sensibilidad y la <b>presencia de hormigueos<\/b> en una o m\u00e1s porciones de nuestro rostro, causada por el deterioro de los nervios que se encuentran en \u00e9l. A veces, esta alteraci\u00f3n puede producir una sensaci\u00f3n molesta de picor e incluso dolor. En algunos casos, puede llegar a surgir una limitaci\u00f3n de la capacidad de movimiento en algunos m\u00fasculos.<\/p>\n<p class=\"p4\" style=\"text-align: justify;\">El t\u00e9rmino parestesia se conforma por los vocablos latinos <i>para<\/i>, que significa \u201ccontrario\u201d o \u201canormal\u201d, y <i>aisthesis<\/i>, que se refiere a \u201csensaci\u00f3n\u201d. Al unir ambas palabras y aplicarlas al \u00e1mbito m\u00e9dico, <span class=\"s1\">observamos <\/span>que se refiere a una <b>\u201csensaci\u00f3n anormal\u201d<\/b>, existiendo concordancia con los efectos generados por dicha afectaci\u00f3n.<\/p>\n<p class=\"p4\" style=\"text-align: justify;\">Existe una variante de esta condici\u00f3n que se conoce como parestesia dental, la cual causa el adormecimiento y la sensaci\u00f3n de hormigueo, similares a las referidas anteriormente, <b>en el n\u00facleo de una o m\u00e1s piezas dentales<\/b>. Como sabemos, la pulpa dental es un tejido blando en el que existen ramificaciones nerviosas, las cuales pueden da\u00f1arse o presionarse por est\u00edmulos externos o situaciones anat\u00f3micas espec\u00edficas.<\/p>\n<p class=\"p4\" style=\"text-align: justify;\">Por lo general, la parestesia facial suele desaparecer al cabo de unas semanas o meses sin tener que seguir ning\u00fan tratamiento espec\u00edfico. Sin embargo, <span class=\"s1\">a veces <\/span>puede requerir de peque\u00f1as intervenciones, m\u00ednimamente invasivas, que tendr\u00e1n por objeto <span class=\"s1\"><b>eliminar <\/b><\/span><b>la obstrucci\u00f3n que puede estar aprisionando al nervio<\/b>. Cuando el da\u00f1o en las terminaciones nerviosas e<span class=\"s1\">s<\/span> muy significativo, esta afecci\u00f3n puede adquirir un car\u00e1cter cr\u00f3nico.<\/p>\n<h2 class=\"p5\" style=\"text-align: justify;\">Causas de la parestesia facial<\/h2>\n<p class=\"p2\" style=\"text-align: justify;\">Como hemos visto, la parestesia facial tiene como causas gen\u00e9ricas el deterioro o la presi\u00f3n constante sobre una o m\u00e1s hebras nerviosas que se encuentran en nuestra cara. Sin embargo, estas causas pueden llegar a ocurrir por la acci\u00f3n de traumatismos, enfermedades neurol\u00f3gicas, cambios hormonales, uso de f\u00e1rmacos o <b>procedimientos quir\u00fargicos mal practicados<\/b>. A continuaci\u00f3n, te damos m\u00e1s detalles sobre los posibles or\u00edgenes de esta condici\u00f3n:<\/p>\n<h3 class=\"p6\" style=\"text-align: justify;\">Traumatismos maxilofaciales<\/h3>\n<p class=\"p2\" style=\"text-align: justify;\">Al recibir golpes o fracturas en el \u00e1rea facial o maxilar es com\u00fan que exista un <b>da\u00f1o importante sobre los nervios cercanos<\/b> o que los mismos resulten presionados por la inflamaci\u00f3n de los tejidos. Dependiendo de la extensi\u00f3n del \u00e1rea afectada, es probable bien que los nervios se recuperen con el paso del tiempo sin necesidad de tratamiento, o que se requiera de alg\u00fan tipo de intervenci\u00f3n terap\u00e9utica.<\/p>\n<h3 class=\"p6\" style=\"text-align: justify;\">Enfermedades neurol\u00f3gicas<\/h3>\n<p class=\"p2\" style=\"text-align: justify;\">La principal enfermedad que afecta al sistema nervioso y genera la aparici\u00f3n de parestesias es, sin lugar a dudas, la <b>esclerosis m\u00faltiple<\/b>. Esta afecci\u00f3n cr\u00f3nica y degenerativa causa la interrupci\u00f3n de los canales de comunicaci\u00f3n entre el cerebro y el cuerpo al destruir la cubierta que protege los nervios y propiciar que los mismos se deterioren.<\/p>\n<h3 class=\"p6\" style=\"text-align: justify;\">Alteraciones hormonales<\/h3>\n<p class=\"p2\" style=\"text-align: justify;\">El cambio en los niveles de hormonas de nuestro cuerpo <b>genera consecuencias importantes<\/b> en el funcionamiento del sistema nervioso central y sus ramificaciones. Se ha identificado que algunas parestesias pueden producirse en este contexto, siendo m\u00e1s comunes en mujeres que en hombres, debido a la presencia de los ciclos menstruales y la menopausia.<\/p>\n<h3 class=\"p6\" style=\"text-align: justify;\">Ingesta de medicamentos<\/h3>\n<p class=\"p2\" style=\"text-align: justify;\">Por otra parte, se ha demostrado que algunos medicamentos y sustancias anest\u00e9sicas pueden provocar <b>intolerancias en algunos individuos<\/b>, los cuales pasar\u00e1n por los mismos s\u00edntomas relacionados con la parestesia facial. Sin embargo, se tratar\u00e1 de una condici\u00f3n transitoria que desaparecer\u00e1 una vez se suspenda la exposici\u00f3n a los componentes activos que generaron la reacci\u00f3n.<\/p>\n<h2 class=\"p5\" style=\"text-align: justify;\">S\u00edntomas de la parestesia facial<\/h2>\n<p class=\"p2\" style=\"text-align: justify;\">Entre los s\u00edntomas m\u00e1s comunes de esta molesta condici\u00f3n, tenemos los siguientes:<\/p>\n<ul class=\"ul1\" style=\"text-align: justify;\">\n<li class=\"li8\"><b><i><\/i><\/b><span class=\"s2\">Dolores de cabeza frecuentes.<\/span><\/li>\n<li class=\"li8\"><span class=\"s2\">Disminuci\u00f3n o p\u00e9rdida total de la sensibilidad en el \u00e1rea afectada.<\/span><\/li>\n<li class=\"li8\"><span class=\"s2\">Presencia de hormigueo o sensaci\u00f3n de peque\u00f1os pinchazos en la cara.<\/span><\/li>\n<li class=\"li8\"><span class=\"s2\">Dificultad para realizar algunos movimientos.<\/span><\/li>\n<li class=\"li8\"><span class=\"s2\">Sequedad bucal <i><\/i>(<\/span><span class=\"s3\">si <\/span><span class=\"s2\">la parestesia se ha producido en la mucosa bucal).<\/span><\/li>\n<\/ul>\n<h2 class=\"p5\" style=\"text-align: justify;\">Tratamientos para la parestesia facial<\/h2>\n<p class=\"p2\" style=\"text-align: justify;\">Tal como ocurre con cualquier otro tipo de afecci\u00f3n que pueda motivar la aparici\u00f3n de efectos no deseados sobre nuestra salud y bienestar, lo mejor que podemos hacer siempre es recurrir a la prevenci\u00f3n.<\/p>\n<h3 class=\"p6\" style=\"text-align: justify;\">Prevenci\u00f3n<\/h3>\n<p class=\"p2\" style=\"text-align: justify;\">Si bien los traumatismos no pueden anticiparse y la esclerosis m\u00faltiple no puede evitarse, s\u00ed podemos disminuir la posibilidad de las malas praxis m\u00e9dicas al acudir a cl\u00ednicas que cuenten con <b>personal m\u00e9dico y cirujanos del m\u00e1s alto nivel<\/b>, conocidos ampliamente por sus habilidades para llevar los tratamientos requeridos al mejor t\u00e9rmino.<\/p>\n<p class=\"p4\" style=\"text-align: justify;\">As\u00ed mismo, tambi<span class=\"s1\">\u00e9n <\/span>podemos llevar estilos de vida m\u00e1s saludables, <span class=\"s1\">consumiendo <\/span>alimentos balanceados y <span class=\"s1\">realizando <\/span>una cantidad razonable de <b>ejercicio f\u00edsico<\/b>.<\/p>\n<h3 class=\"p6\" style=\"text-align: justify;\">Medidas correctivas<\/h3>\n<p class=\"p2\" style=\"text-align: justify;\">Cuando la parestesia haya ocurrido por la inserci\u00f3n de implantes en el maxilar y\/o mand\u00edbula, <b>deber\u00e1n recolocarse o cambiarse por dispositivos m\u00e1s peque\u00f1os<\/b> para disminuir as\u00ed la presi\u00f3n ejercida sobre los nervios. Con esto se solventar\u00e1 dicho problema y desaparecer\u00edan sus consecuencias inmediatamente.<\/p>\n<p class=\"p4\" style=\"text-align: justify;\">Si la causa tras la parestesia obedece a la presencia de da\u00f1os nerviosos, los afectados podr\u00e1n tomar <b>vitaminas del complejo B<\/b>, pues est<span class=\"s1\">as<\/span> ayudar\u00e1n a acelerar el proceso de regeneraci\u00f3n.<\/p>\n<p class=\"p4\" style=\"text-align: justify;\">Desde aqu\u00ed, <b>te recomendamos seguir las recomendaciones de<\/b><span class=\"s1\"><b> tu <\/b><\/span><b>especialista<\/b>, como medio para restablecer la sensaci\u00f3n deseada <span class=\"s1\">en <\/span>la mayor brevedad posible y evitar <span class=\"s1\">otras <\/span>consecuencias.<\/p>\n<h2 class=\"p5\" style=\"text-align: justify;\">Consulta con nosotros tu caso<\/h2>\n<p class=\"p4\" style=\"text-align: justify;\">En la <span class=\"s4\">Cl<a href=\"\/\">\u00ednica dental en Valencia<\/a> CEMEQ <\/span>contamos con un grupo de cirujanos, personal m\u00e9dico y esteticistas de gran prestigio profesional y experiencia en la aplicaci\u00f3n de tratamientos vanguardistas y efectivos. Con ellos no deber\u00e1s preocuparte de efectos secundarios no deseados ni las malas pr\u00e1cticas<span class=\"s1\">, puesto que t<\/span>odos nuestros procedimientos son llevados a cabo empleando implementos tecnol\u00f3gicos que te garantizan intervenciones precisas y de r\u00e1pida recuperaci\u00f3n. Te esperamos.<\/p>\n","protected":false},"excerpt":{"rendered":"<p>La\u00a0parestesia facial puede deberse a distintos trastornos, como ciertos tratamientos dentales, como implantes o extracci\u00f3n de las muelas del juicio. Nuestros sentidos representan por excelencia el mecanismo para recibir informaci\u00f3n del mundo que nos rodea, saber la posici\u00f3n que ocupamos e interactuar con \u00e9l. La ciencia ha identificado que poseemos m\u00e1s que los 5 sentidos [&#8230;]\n","protected":false},"author":6,"featured_media":2070,"comment_status":"open","ping_status":"open","sticky":false,"template":"","format":"standard","meta":{"footnotes":""},"categories":[1],"tags":[],"yoast_head":"<!-- This site is optimized with the Yoast SEO Premium plugin v18.3 (Yoast SEO v22.7) - https:\/\/yoast.com\/wordpress\/plugins\/seo\/ -->\n<title>Parestesia facial: qu\u00e9 es y c\u00f3mo tratarla &#8902; Cl\u00ednica Dental CEMEQ<\/title>\n<meta name=\"description\" content=\"Cl\u00ednica dental en Valencia CEMEQ contamos con un grupo de cirujanos, personal m\u00e9dico y esteticistas de gran prestigio profesional.\" \/>\n<meta name=\"robots\" content=\"index, follow, max-snippet:-1, max-image-preview:large, max-video-preview:-1\" \/>\n<link rel=\"canonical\" href=\"https:\/\/clinicacemeq.es\/dental\/2021\/11\/02\/parestesia-facial\/\" \/>\n<meta property=\"og:locale\" content=\"es_ES\" \/>\n<meta property=\"og:type\" content=\"article\" \/>\n<meta property=\"og:title\" content=\"Parestesia facial: qu\u00e9 es y c\u00f3mo tratarla\" \/>\n<meta property=\"og:description\" content=\"Cl\u00ednica dental en Valencia CEMEQ contamos con un grupo de cirujanos, personal m\u00e9dico y esteticistas de gran prestigio profesional.\" \/>\n<meta property=\"og:url\" content=\"https:\/\/clinicacemeq.es\/dental\/2021\/11\/02\/parestesia-facial\/\" \/>\n<meta property=\"og:site_name\" content=\"Cl\u00ednica Dental CEMEQ\" \/>\n<meta property=\"article:published_time\" content=\"2021-11-02T11:01:33+00:00\" \/>\n<meta property=\"article:modified_time\" content=\"2024-06-05T11:56:48+00:00\" \/>\n<meta property=\"og:image\" content=\"https:\/\/clinicacemeq.es\/dental\/wp-content\/uploads\/2021\/11\/Cli\u0301nica-Dental-CEMEQ-Blog-3-e1678302077166.jpg\" \/>\n\t<meta property=\"og:image:width\" content=\"600\" \/>\n\t<meta property=\"og:image:height\" content=\"338\" \/>\n\t<meta property=\"og:image:type\" content=\"image\/jpeg\" \/>\n<meta name=\"author\" content=\"Federico Mahiques\" \/>\n<meta name=\"twitter:card\" content=\"summary_large_image\" \/>\n<meta name=\"twitter:label1\" content=\"Escrito por\" \/>\n\t<meta name=\"twitter:data1\" content=\"Federico Mahiques\" \/>\n\t<meta name=\"twitter:label2\" content=\"Tiempo de lectura\" \/>\n\t<meta name=\"twitter:data2\" content=\"6 minutos\" \/>\n<script type=\"application\/ld+json\" class=\"yoast-schema-graph\">{\"@context\":\"https:\/\/schema.org\",\"@graph\":[{\"@type\":\"Article\",\"@id\":\"https:\/\/clinicacemeq.es\/dental\/2021\/11\/02\/parestesia-facial\/#article\",\"isPartOf\":{\"@id\":\"https:\/\/clinicacemeq.es\/dental\/2021\/11\/02\/parestesia-facial\/\"},\"author\":{\"name\":\"Federico Mahiques\",\"@id\":\"https:\/\/clinicacemeq.es\/dental\/#\/schema\/person\/c59ca45e0d40697222e3795fa6384c4d\"},\"headline\":\"Parestesia facial: qu\u00e9 es y c\u00f3mo tratarla\",\"datePublished\":\"2021-11-02T11:01:33+00:00\",\"dateModified\":\"2024-06-05T11:56:48+00:00\",\"mainEntityOfPage\":{\"@id\":\"https:\/\/clinicacemeq.es\/dental\/2021\/11\/02\/parestesia-facial\/\"},\"wordCount\":1348,\"commentCount\":2,\"publisher\":{\"@id\":\"https:\/\/clinicacemeq.es\/dental\/#organization\"},\"image\":{\"@id\":\"https:\/\/clinicacemeq.es\/dental\/2021\/11\/02\/parestesia-facial\/#primaryimage\"},\"thumbnailUrl\":\"https:\/\/clinicacemeq.es\/dental\/wp-content\/uploads\/2021\/11\/Cli\u0301nica-Dental-CEMEQ-Blog-3-e1678302077166.jpg\",\"articleSection\":[\"Patolog\u00edas dentales\"],\"inLanguage\":\"es\",\"potentialAction\":[{\"@type\":\"CommentAction\",\"name\":\"Comment\",\"target\":[\"https:\/\/clinicacemeq.es\/dental\/2021\/11\/02\/parestesia-facial\/#respond\"]}]},{\"@type\":\"WebPage\",\"@id\":\"https:\/\/clinicacemeq.es\/dental\/2021\/11\/02\/parestesia-facial\/\",\"url\":\"https:\/\/clinicacemeq.es\/dental\/2021\/11\/02\/parestesia-facial\/\",\"name\":\"Parestesia facial: qu\u00e9 es y c\u00f3mo tratarla &#8902; Cl\u00ednica Dental CEMEQ\",\"isPartOf\":{\"@id\":\"https:\/\/clinicacemeq.es\/dental\/#website\"},\"primaryImageOfPage\":{\"@id\":\"https:\/\/clinicacemeq.es\/dental\/2021\/11\/02\/parestesia-facial\/#primaryimage\"},\"image\":{\"@id\":\"https:\/\/clinicacemeq.es\/dental\/2021\/11\/02\/parestesia-facial\/#primaryimage\"},\"thumbnailUrl\":\"https:\/\/clinicacemeq.es\/dental\/wp-content\/uploads\/2021\/11\/Cli\u0301nica-Dental-CEMEQ-Blog-3-e1678302077166.jpg\",\"datePublished\":\"2021-11-02T11:01:33+00:00\",\"dateModified\":\"2024-06-05T11:56:48+00:00\",\"description\":\"Cl\u00ednica dental en Valencia CEMEQ contamos con un grupo de cirujanos, personal m\u00e9dico y esteticistas de gran prestigio profesional.\",\"breadcrumb\":{\"@id\":\"https:\/\/clinicacemeq.es\/dental\/2021\/11\/02\/parestesia-facial\/#breadcrumb\"},\"inLanguage\":\"es\",\"potentialAction\":[{\"@type\":\"ReadAction\",\"target\":[\"https:\/\/clinicacemeq.es\/dental\/2021\/11\/02\/parestesia-facial\/\"]}]},{\"@type\":\"ImageObject\",\"inLanguage\":\"es\",\"@id\":\"https:\/\/clinicacemeq.es\/dental\/2021\/11\/02\/parestesia-facial\/#primaryimage\",\"url\":\"https:\/\/clinicacemeq.es\/dental\/wp-content\/uploads\/2021\/11\/Cli\u0301nica-Dental-CEMEQ-Blog-3-e1678302077166.jpg\",\"contentUrl\":\"https:\/\/clinicacemeq.es\/dental\/wp-content\/uploads\/2021\/11\/Cli\u0301nica-Dental-CEMEQ-Blog-3-e1678302077166.jpg\",\"width\":600,\"height\":338,\"caption\":\"Parestesia-facial\"},{\"@type\":\"BreadcrumbList\",\"@id\":\"https:\/\/clinicacemeq.es\/dental\/2021\/11\/02\/parestesia-facial\/#breadcrumb\",\"itemListElement\":[{\"@type\":\"ListItem\",\"position\":1,\"name\":\"Portada\",\"item\":\"https:\/\/clinicacemeq.es\/dental\/\"},{\"@type\":\"ListItem\",\"position\":2,\"name\":\"Parestesia facial: qu\u00e9 es y c\u00f3mo tratarla\"}]},{\"@type\":\"WebSite\",\"@id\":\"https:\/\/clinicacemeq.es\/dental\/#website\",\"url\":\"https:\/\/clinicacemeq.es\/dental\/\",\"name\":\"Cl\u00ednica Dental CEMEQ\",\"description\":\"Cl\u00ednica Dental Valencia | Dentista Valencia\",\"publisher\":{\"@id\":\"https:\/\/clinicacemeq.es\/dental\/#organization\"},\"potentialAction\":[{\"@type\":\"SearchAction\",\"target\":{\"@type\":\"EntryPoint\",\"urlTemplate\":\"https:\/\/clinicacemeq.es\/dental\/?s={search_term_string}\"},\"query-input\":\"required name=search_term_string\"}],\"inLanguage\":\"es\"},{\"@type\":\"Organization\",\"@id\":\"https:\/\/clinicacemeq.es\/dental\/#organization\",\"name\":\"CEMEQ\",\"url\":\"https:\/\/clinicacemeq.es\/dental\/\",\"logo\":{\"@type\":\"ImageObject\",\"inLanguage\":\"es\",\"@id\":\"https:\/\/clinicacemeq.es\/dental\/#\/schema\/logo\/image\/\",\"url\":\"https:\/\/clinicacemeq.es\/dental\/wp-content\/uploads\/2021\/07\/LOGO-WEB-1024x631-1.jpeg\",\"contentUrl\":\"https:\/\/clinicacemeq.es\/dental\/wp-content\/uploads\/2021\/07\/LOGO-WEB-1024x631-1.jpeg\",\"width\":1024,\"height\":631,\"caption\":\"CEMEQ\"},\"image\":{\"@id\":\"https:\/\/clinicacemeq.es\/dental\/#\/schema\/logo\/image\/\"}},{\"@type\":\"Person\",\"@id\":\"https:\/\/clinicacemeq.es\/dental\/#\/schema\/person\/c59ca45e0d40697222e3795fa6384c4d\",\"name\":\"Federico Mahiques\",\"image\":{\"@type\":\"ImageObject\",\"inLanguage\":\"es\",\"@id\":\"https:\/\/clinicacemeq.es\/dental\/#\/schema\/person\/image\/\",\"url\":\"https:\/\/secure.gravatar.com\/avatar\/a16f1bf5b7e085c0937f91eaf260e1fc?s=96&d=mm&r=g\",\"contentUrl\":\"https:\/\/secure.gravatar.com\/avatar\/a16f1bf5b7e085c0937f91eaf260e1fc?s=96&d=mm&r=g\",\"caption\":\"Federico Mahiques\"},\"url\":\"https:\/\/clinicacemeq.es\/dental\/author\/marketing\/\"}]}<\/script>\n<!-- \/ Yoast SEO Premium plugin. -->","yoast_head_json":{"title":"Parestesia facial: qu\u00e9 es y c\u00f3mo tratarla &#8902; Cl\u00ednica Dental CEMEQ","description":"Cl\u00ednica dental en Valencia CEMEQ contamos con un grupo de cirujanos, personal m\u00e9dico y esteticistas de gran prestigio profesional.","robots":{"index":"index","follow":"follow","max-snippet":"max-snippet:-1","max-image-preview":"max-image-preview:large","max-video-preview":"max-video-preview:-1"},"canonical":"https:\/\/clinicacemeq.es\/dental\/2021\/11\/02\/parestesia-facial\/","og_locale":"es_ES","og_type":"article","og_title":"Parestesia facial: qu\u00e9 es y c\u00f3mo tratarla","og_description":"Cl\u00ednica dental en Valencia CEMEQ contamos con un grupo de cirujanos, personal m\u00e9dico y esteticistas de gran prestigio profesional.","og_url":"https:\/\/clinicacemeq.es\/dental\/2021\/11\/02\/parestesia-facial\/","og_site_name":"Cl\u00ednica Dental CEMEQ","article_published_time":"2021-11-02T11:01:33+00:00","article_modified_time":"2024-06-05T11:56:48+00:00","og_image":[{"width":600,"height":338,"url":"https:\/\/clinicacemeq.es\/dental\/wp-content\/uploads\/2021\/11\/Cli\u0301nica-Dental-CEMEQ-Blog-3-e1678302077166.jpg","type":"image\/jpeg"}],"author":"Federico Mahiques","twitter_card":"summary_large_image","twitter_misc":{"Escrito por":"Federico Mahiques","Tiempo de lectura":"6 minutos"},"schema":{"@context":"https:\/\/schema.org","@graph":[{"@type":"Article","@id":"https:\/\/clinicacemeq.es\/dental\/2021\/11\/02\/parestesia-facial\/#article","isPartOf":{"@id":"https:\/\/clinicacemeq.es\/dental\/2021\/11\/02\/parestesia-facial\/"},"author":{"name":"Federico Mahiques","@id":"https:\/\/clinicacemeq.es\/dental\/#\/schema\/person\/c59ca45e0d40697222e3795fa6384c4d"},"headline":"Parestesia facial: qu\u00e9 es y c\u00f3mo tratarla","datePublished":"2021-11-02T11:01:33+00:00","dateModified":"2024-06-05T11:56:48+00:00","mainEntityOfPage":{"@id":"https:\/\/clinicacemeq.es\/dental\/2021\/11\/02\/parestesia-facial\/"},"wordCount":1348,"commentCount":2,"publisher":{"@id":"https:\/\/clinicacemeq.es\/dental\/#organization"},"image":{"@id":"https:\/\/clinicacemeq.es\/dental\/2021\/11\/02\/parestesia-facial\/#primaryimage"},"thumbnailUrl":"https:\/\/clinicacemeq.es\/dental\/wp-content\/uploads\/2021\/11\/Cli\u0301nica-Dental-CEMEQ-Blog-3-e1678302077166.jpg","articleSection":["Patolog\u00edas dentales"],"inLanguage":"es","potentialAction":[{"@type":"CommentAction","name":"Comment","target":["https:\/\/clinicacemeq.es\/dental\/2021\/11\/02\/parestesia-facial\/#respond"]}]},{"@type":"WebPage","@id":"https:\/\/clinicacemeq.es\/dental\/2021\/11\/02\/parestesia-facial\/","url":"https:\/\/clinicacemeq.es\/dental\/2021\/11\/02\/parestesia-facial\/","name":"Parestesia facial: qu\u00e9 es y c\u00f3mo tratarla &#8902; Cl\u00ednica Dental CEMEQ","isPartOf":{"@id":"https:\/\/clinicacemeq.es\/dental\/#website"},"primaryImageOfPage":{"@id":"https:\/\/clinicacemeq.es\/dental\/2021\/11\/02\/parestesia-facial\/#primaryimage"},"image":{"@id":"https:\/\/clinicacemeq.es\/dental\/2021\/11\/02\/parestesia-facial\/#primaryimage"},"thumbnailUrl":"https:\/\/clinicacemeq.es\/dental\/wp-content\/uploads\/2021\/11\/Cli\u0301nica-Dental-CEMEQ-Blog-3-e1678302077166.jpg","datePublished":"2021-11-02T11:01:33+00:00","dateModified":"2024-06-05T11:56:48+00:00","description":"Cl\u00ednica dental en Valencia CEMEQ contamos con un grupo de cirujanos, personal m\u00e9dico y esteticistas de gran prestigio profesional.","breadcrumb":{"@id":"https:\/\/clinicacemeq.es\/dental\/2021\/11\/02\/parestesia-facial\/#breadcrumb"},"inLanguage":"es","potentialAction":[{"@type":"ReadAction","target":["https:\/\/clinicacemeq.es\/dental\/2021\/11\/02\/parestesia-facial\/"]}]},{"@type":"ImageObject","inLanguage":"es","@id":"https:\/\/clinicacemeq.es\/dental\/2021\/11\/02\/parestesia-facial\/#primaryimage","url":"https:\/\/clinicacemeq.es\/dental\/wp-content\/uploads\/2021\/11\/Cli\u0301nica-Dental-CEMEQ-Blog-3-e1678302077166.jpg","contentUrl":"https:\/\/clinicacemeq.es\/dental\/wp-content\/uploads\/2021\/11\/Cli\u0301nica-Dental-CEMEQ-Blog-3-e1678302077166.jpg","width":600,"height":338,"caption":"Parestesia-facial"},{"@type":"BreadcrumbList","@id":"https:\/\/clinicacemeq.es\/dental\/2021\/11\/02\/parestesia-facial\/#breadcrumb","itemListElement":[{"@type":"ListItem","position":1,"name":"Portada","item":"https:\/\/clinicacemeq.es\/dental\/"},{"@type":"ListItem","position":2,"name":"Parestesia facial: qu\u00e9 es y c\u00f3mo tratarla"}]},{"@type":"WebSite","@id":"https:\/\/clinicacemeq.es\/dental\/#website","url":"https:\/\/clinicacemeq.es\/dental\/","name":"Cl\u00ednica Dental CEMEQ","description":"Cl\u00ednica Dental Valencia | Dentista Valencia","publisher":{"@id":"https:\/\/clinicacemeq.es\/dental\/#organization"},"potentialAction":[{"@type":"SearchAction","target":{"@type":"EntryPoint","urlTemplate":"https:\/\/clinicacemeq.es\/dental\/?s={search_term_string}"},"query-input":"required name=search_term_string"}],"inLanguage":"es"},{"@type":"Organization","@id":"https:\/\/clinicacemeq.es\/dental\/#organization","name":"CEMEQ","url":"https:\/\/clinicacemeq.es\/dental\/","logo":{"@type":"ImageObject","inLanguage":"es","@id":"https:\/\/clinicacemeq.es\/dental\/#\/schema\/logo\/image\/","url":"https:\/\/clinicacemeq.es\/dental\/wp-content\/uploads\/2021\/07\/LOGO-WEB-1024x631-1.jpeg","contentUrl":"https:\/\/clinicacemeq.es\/dental\/wp-content\/uploads\/2021\/07\/LOGO-WEB-1024x631-1.jpeg","width":1024,"height":631,"caption":"CEMEQ"},"image":{"@id":"https:\/\/clinicacemeq.es\/dental\/#\/schema\/logo\/image\/"}},{"@type":"Person","@id":"https:\/\/clinicacemeq.es\/dental\/#\/schema\/person\/c59ca45e0d40697222e3795fa6384c4d","name":"Federico Mahiques","image":{"@type":"ImageObject","inLanguage":"es","@id":"https:\/\/clinicacemeq.es\/dental\/#\/schema\/person\/image\/","url":"https:\/\/secure.gravatar.com\/avatar\/a16f1bf5b7e085c0937f91eaf260e1fc?s=96&d=mm&r=g","contentUrl":"https:\/\/secure.gravatar.com\/avatar\/a16f1bf5b7e085c0937f91eaf260e1fc?s=96&d=mm&r=g","caption":"Federico Mahiques"},"url":"https:\/\/clinicacemeq.es\/dental\/author\/marketing\/"}]}},"_links":{"self":[{"href":"https:\/\/clinicacemeq.es\/dental\/wp-json\/wp\/v2\/posts\/2067"}],"collection":[{"href":"https:\/\/clinicacemeq.es\/dental\/wp-json\/wp\/v2\/posts"}],"about":[{"href":"https:\/\/clinicacemeq.es\/dental\/wp-json\/wp\/v2\/types\/post"}],"author":[{"embeddable":true,"href":"https:\/\/clinicacemeq.es\/dental\/wp-json\/wp\/v2\/users\/6"}],"replies":[{"embeddable":true,"href":"https:\/\/clinicacemeq.es\/dental\/wp-json\/wp\/v2\/comments?post=2067"}],"version-history":[{"count":1,"href":"https:\/\/clinicacemeq.es\/dental\/wp-json\/wp\/v2\/posts\/2067\/revisions"}],"predecessor-version":[{"id":10776,"href":"https:\/\/clinicacemeq.es\/dental\/wp-json\/wp\/v2\/posts\/2067\/revisions\/10776"}],"wp:featuredmedia":[{"embeddable":true,"href":"https:\/\/clinicacemeq.es\/dental\/wp-json\/wp\/v2\/media\/2070"}],"wp:attachment":[{"href":"https:\/\/clinicacemeq.es\/dental\/wp-json\/wp\/v2\/media?parent=2067"}],"wp:term":[{"taxonomy":"category","embeddable":true,"href":"https:\/\/clinicacemeq.es\/dental\/wp-json\/wp\/v2\/categories?post=2067"},{"taxonomy":"post_tag","embeddable":true,"href":"https:\/\/clinicacemeq.es\/dental\/wp-json\/wp\/v2\/tags?post=2067"}],"curies":[{"name":"wp","href":"https:\/\/api.w.org\/{rel}","templated":true}]}}