{"id":2051,"date":"2021-11-02T10:22:32","date_gmt":"2021-11-02T10:22:32","guid":{"rendered":"https:\/\/clinicacemeq.es\/dental\/?p=2051"},"modified":"2024-06-05T11:56:49","modified_gmt":"2024-06-05T11:56:49","slug":"herpes-labial","status":"publish","type":"post","link":"https:\/\/clinicacemeq.es\/dental\/2021\/11\/02\/herpes-labial\/","title":{"rendered":"Herpes Labial &#8211; Causas y tratamiento"},"content":{"rendered":"\n\n<div class=\"kk-star-ratings kksr-auto kksr-align-left kksr-valign-top\"\n    data-payload='{&quot;align&quot;:&quot;left&quot;,&quot;id&quot;:&quot;2051&quot;,&quot;slug&quot;:&quot;default&quot;,&quot;valign&quot;:&quot;top&quot;,&quot;ignore&quot;:&quot;&quot;,&quot;reference&quot;:&quot;auto&quot;,&quot;class&quot;:&quot;&quot;,&quot;count&quot;:&quot;1&quot;,&quot;legendonly&quot;:&quot;&quot;,&quot;readonly&quot;:&quot;&quot;,&quot;score&quot;:&quot;5&quot;,&quot;starsonly&quot;:&quot;&quot;,&quot;best&quot;:&quot;5&quot;,&quot;gap&quot;:&quot;5&quot;,&quot;greet&quot;:&quot;Valora esta publicaci\u00f3n \ud83d\ude09&quot;,&quot;legend&quot;:&quot;5\\\/5 - (1 voto)&quot;,&quot;size&quot;:&quot;24&quot;,&quot;title&quot;:&quot;Herpes Labial - Causas y tratamiento&quot;,&quot;width&quot;:&quot;142.5&quot;,&quot;_legend&quot;:&quot;{score}\\\/{best} - ({count} {votes})&quot;,&quot;font_factor&quot;:&quot;1.25&quot;}'>\n            \n<div class=\"kksr-stars\">\n    \n<div class=\"kksr-stars-inactive\">\n            <div class=\"kksr-star\" data-star=\"1\" style=\"padding-right: 5px\">\n            \n\n<div class=\"kksr-icon\" style=\"width: 24px; height: 24px;\"><\/div>\n        <\/div>\n            <div class=\"kksr-star\" data-star=\"2\" style=\"padding-right: 5px\">\n            \n\n<div class=\"kksr-icon\" style=\"width: 24px; height: 24px;\"><\/div>\n        <\/div>\n            <div class=\"kksr-star\" data-star=\"3\" style=\"padding-right: 5px\">\n            \n\n<div class=\"kksr-icon\" style=\"width: 24px; height: 24px;\"><\/div>\n        <\/div>\n            <div class=\"kksr-star\" data-star=\"4\" style=\"padding-right: 5px\">\n            \n\n<div class=\"kksr-icon\" style=\"width: 24px; height: 24px;\"><\/div>\n        <\/div>\n            <div class=\"kksr-star\" data-star=\"5\" style=\"padding-right: 5px\">\n            \n\n<div class=\"kksr-icon\" style=\"width: 24px; height: 24px;\"><\/div>\n        <\/div>\n    <\/div>\n    \n<div class=\"kksr-stars-active\" style=\"width: 142.5px;\">\n            <div class=\"kksr-star\" style=\"padding-right: 5px\">\n            \n\n<div class=\"kksr-icon\" style=\"width: 24px; height: 24px;\"><\/div>\n        <\/div>\n            <div class=\"kksr-star\" style=\"padding-right: 5px\">\n            \n\n<div class=\"kksr-icon\" style=\"width: 24px; height: 24px;\"><\/div>\n        <\/div>\n            <div class=\"kksr-star\" style=\"padding-right: 5px\">\n            \n\n<div class=\"kksr-icon\" style=\"width: 24px; height: 24px;\"><\/div>\n        <\/div>\n            <div class=\"kksr-star\" style=\"padding-right: 5px\">\n            \n\n<div class=\"kksr-icon\" style=\"width: 24px; height: 24px;\"><\/div>\n        <\/div>\n            <div class=\"kksr-star\" style=\"padding-right: 5px\">\n            \n\n<div class=\"kksr-icon\" style=\"width: 24px; height: 24px;\"><\/div>\n        <\/div>\n    <\/div>\n<\/div>\n                \n\n<div class=\"kksr-legend\" style=\"font-size: 19.2px;\">\n            5\/5 - (1 voto)    <\/div>\n    <\/div>\n<p style=\"text-align: justify;\">Existe una gran cantidad de patolog\u00edas que pueden empezar por infecciones bacterianas o de otros microorganismos y llegar a afectar a cualquier zona de nuestro cuerpo. B\u00e1sicamente, una infecci\u00f3n es la invasi\u00f3n que ejerce un agente pat\u00f3geno sobre un tejido sano, obteniendo gracias a este los medios necesarios para reproducirse y afectar cada vez m\u00e1s la salud de su hu\u00e9sped.<\/p>\n<p style=\"text-align: justify;\">En las fases iniciales de este proceso, es probable que no lleguemos a notar ning\u00fan tipo de s\u00edntoma, pero, con el paso del tiempo, podr\u00edan llegar a presentarse enrojecimientos e inflamaci\u00f3n de la piel y otros tejidos blandos; presencia de secreciones inusuales; fiebres y, por \u00faltimo, dolores de distinta intensidad. Sumado a ello, podr\u00e1n presentarse otros signos, los cuales pueden variar en funci\u00f3n del tipo de pat\u00f3geno involucrado, as\u00ed como su nivel de afectaci\u00f3n.<\/p>\n<p style=\"text-align: justify;\">Como es de esperar, las infecciones no son ajenas al \u00e1mbito de la salud oral. En este contexto, la caries es uno de sus tipos m\u00e1s conocidos y la enfermedad m\u00e1s frecuente que se presenta en la boca como consecuencia de factores externos. Esta suele producirse en pacientes que siguen rutinas inadecuadas o poco frecuentes de higiene bucodental. No obstante, el universo de las enfermedades que afectan nuestra boca y zonas contiguas es muy extenso.<\/p>\n<p style=\"text-align: justify;\">Una de las alteraciones de salud que m\u00e1s a menudo afecta la piel de nuestro labio y pueden obstaculizar actividades comunes como hablar o comer, es la que conocemos como herpes labial o ampolla febril. A continuaci\u00f3n, te explicamos en qu\u00e9 consiste esta molesta condici\u00f3n, detallamos sus posibles repercusiones y te planteamos el mejor medio para tratarla.<\/p>\n<h2 style=\"text-align: justify;\">\u00bfQu\u00e9 es el herpes labial?<\/h2>\n<p style=\"text-align: justify;\">Esta enfermedad es producida por el virus de herpes simple, el cual se encuentra en alrededor del 60 % de la poblaci\u00f3n mundial y se transmite de un hu\u00e9sped a otro a trav\u00e9s del contacto de boca a boca o mediante el sexo oral; aun cuando no existen signos visibles de haber resultado contagiado.<\/p>\n<p style=\"text-align: justify;\">Cuando esta infecci\u00f3n se hace presente, es com\u00fan que muchas personas no lleguen a presentar s\u00edntomas a lo largo de su vida; sin embargo, en la mayor\u00eda de los casos, ocasionar\u00e1 molestas ampollas llenas de l\u00edquido que generar\u00e1n dolor e inflamaci\u00f3n en los labios, as\u00ed como el desarrollo de cuadros febriles y la presencia de hormigueos y picaz\u00f3n, entre otros.<\/p>\n<p style=\"text-align: justify;\">El virus responsable de esta afecci\u00f3n puede permanecer durante una gran cantidad de tiempo en un estado latente o de reposo, tendiendo a generar brotes aislados al reactivarse, los cuales pueden durar de dos a tres semanas si no se toman medidas para tratarlos. En la actualidad no existen medicamentos que puedan curar la infecci\u00f3n y eliminar al pat\u00f3geno causante de modo definitivo, pero contamos con varias acciones terap\u00e9uticas que ayudan disminuir sus efectos negativos y acelerar el proceso de recuperaci\u00f3n.<\/p>\n<p style=\"text-align: justify;\">El primer brote suele ocurrir a los veinte d\u00edas de haber sido contagiado y ser\u00e1 m\u00e1s doloroso y extenso que los futuros rebrotes. Cuando la enfermedad reaparezca es probable que traiga menos molestias y que las lesiones sean m\u00e1s peque\u00f1as, pero que surjan en la misma ubicaci\u00f3n.<\/p>\n<h2 style=\"text-align: justify;\">Diagn\u00f3stico del herpes labial<\/h2>\n<p style=\"text-align: justify;\">El herpes labial normalmente puede autodiagnosticarse o, lo que es lo mismo, el propio paciente puede llegar a la conclusi\u00f3n de que est\u00e1 padeciendo la enfermedad al observar los s\u00edntomas que est\u00e1 presentando, ya que resultan muy caracter\u00edsticos y son dif\u00edciles de confundir con los relacionados con otras enfermedades.<\/p>\n<p style=\"text-align: justify;\">No obstante, siempre ser\u00e1 recomendable asistir a un especialista en el \u00e1rea de salud oral o general ante la sospecha de padecer esta condici\u00f3n, pues ellos cuentan con los conocimientos necesarios para determinar los or\u00edgenes de tus s\u00edntomas. Estos profesionales podr\u00e1n valerse de la observaci\u00f3n cl\u00ednica, as\u00ed como la toma de muestras del tejido afectado y su posterior an\u00e1lisis en laboratorio, para llegar al diagn\u00f3stico acertado.<\/p>\n<p style=\"text-align: justify;\">Cuando el herpes se presenta en ni\u00f1os menores de seis meses, es probable que las lesiones se extiendan m\u00e1s all\u00e1 de los labios, pudiendo llegar a ocupar parte de la mucosa bucal e incluso las enc\u00edas. Si la afecci\u00f3n no se trata oportunamente en ese tipo de pacientes, sus consecuencias pueden ser muy da\u00f1inas para la salud. Sin embargo, algunos padres piensan err\u00f3neamente que se trata de aftas, de ah\u00ed que sea necesario que cuenten con la asesor\u00eda de personal del \u00e1mbito m\u00e9dico-sanitario.<\/p>\n<h2 style=\"text-align: justify;\">\u00bfPor qu\u00e9 aparecen los herpes labiales?<\/h2>\n<p style=\"text-align: justify;\">La probabilidad de que existan brotes de herpes labial aumenta cuando se dan ciertos factores internos y\/o externos que modifican la respuesta inmunol\u00f3gica o al existir contacto con sustancias que irritan la piel de individuos infectados. Algunas de estas causas son:<\/p>\n<h3 style=\"text-align: justify;\">Desencadenantes ambientales<\/h3>\n<p style=\"text-align: justify;\">Entre los desencadenantes ambientales resalta la influencia de la radiaci\u00f3n solar, pues esta hace que la piel se reseque y produce quemaduras cut\u00e1neas, as\u00ed como que fomenta la creaci\u00f3n de citoquinas, las cuales son prote\u00ednas reconocidas como causantes de la activaci\u00f3n del virus. Por otra parte, se ha identificado que los climas muy secos y extremos tambi\u00e9n propician este tipo de reacci\u00f3n.<\/p>\n<h3 style=\"text-align: justify;\">Causas psicol\u00f3gicas<\/h3>\n<p style=\"text-align: justify;\">El estr\u00e9s y la fatiga mental son alteraciones psicol\u00f3gicas que cualquiera puede sufrir en alg\u00fan momento de la vida y ambas derivan en efectos perjudiciales sobre el funcionamiento de nuestro cuerpo. Una forma en la que lo hacen es mediante la modificaci\u00f3n de las capacidades de nuestros sistemas naturales de defensas, fomentando de este modo la activaci\u00f3n del VHS.<\/p>\n<h3 style=\"text-align: justify;\">Enfermedades comunes<\/h3>\n<p style=\"text-align: justify;\">Por otra parte, se estima que algunas enfermedades tales como fiebre, gripes o resfriados, pueden incidir en la aparici\u00f3n de brotes.<\/p>\n<h2 style=\"text-align: justify;\">Tratamiento para el herpes labial<\/h2>\n<p style=\"text-align: justify;\">Como hemos comentado m\u00e1s arriba, los s\u00edntomas del herpes labial podr\u00e1n desaparecer completamente, sin necesidad de llevar a cabo acciones espec\u00edficas, al cabo de unos pocos d\u00edas o semanas. No obstante, hay personas que pueden padecer de brotes de herpes muy recurrentes, as\u00ed como muy dolorosos e incapacitantes, por lo que deber\u00e1n tomar f\u00e1rmacos y\/o preparaciones caseras que les aportar\u00e1n grandes beneficios:<\/p>\n<p style=\"text-align: justify;\">Utilizaci\u00f3n de f\u00e1rmacos<br \/>\nDesde el punto de vista m\u00e9dico, existen suficientes evidencias para se\u00f1alar que los medicamentos antivirales logran disminuir la frecuencia de la reactivaci\u00f3n del pat\u00f3geno; as\u00ed como que los analg\u00e9sicos de venta libre ayudan a disminuir el dolor y los antiinflamatorios no esteroideos disminuyen la hinchaz\u00f3n y controlan la fiebre.<\/p>\n<p style=\"text-align: justify;\">Medidas en casa<br \/>\nLa medida dom\u00e9stica m\u00e1s efectiva para lidiar con este tipo de infecci\u00f3n consiste en la utilizaci\u00f3n t\u00f3pica de sal com\u00fan, cera de abejas o ajo directamente sobre las ampollas, como medio para secarlas y evitar la propagaci\u00f3n del pat\u00f3geno. En paralelo, las compresas fr\u00edas pueden ayudar a mitigar la inflamaci\u00f3n y el dolor, a la vez que eliminan las costras y asisten en la r\u00e1pida cicatrizaci\u00f3n.<\/p>\n<p style=\"text-align: justify;\">Cambios de estilo de vida<br \/>\nLa mejor forma de actuar frente a esta afecci\u00f3n es prevenirla al seguir un estilo de vida sano en el que abunde el ejercicio f\u00edsico y la dieta equilibrada. Esto ayudar\u00e1 a que tu sistema inmunol\u00f3gico se encuentre en las condiciones \u00f3ptimas para repeler el herpes y disminuir su reaparici\u00f3n. Por otra parte, es recomendable utilizar protectores solares que bloqueen los rayos ultravioleta, pues con esto se evitar\u00e1 el da\u00f1o que puede producirse sobre la piel de tus labios.<\/p>\n<h2 style=\"text-align: justify;\">Consulta con nosotros tu caso<\/h2>\n<p style=\"text-align: justify;\">En la <a href=\"\/\">Cl\u00ednica dental en Valencia CEMEQ<\/a> sabemos cu\u00e1nto valoras tu salud oral y compartimos tu inter\u00e9s en mantenerla en su estado \u00f3ptimo. Por ello, te ofrecemos los mejores tratamientos contra el herpes labial y otras alteraciones que te impidan disfrutar de esa sonrisa genuina y aut\u00e9ntica que te caracteriza. Adem\u00e1s, cada una de nuestras intervenciones son llevadas a cabo por profesionales cualificados y de extensa trayectoria, para garantizar los mejores resultados. \u00a1Cont\u00e1ctanos y descubre el mundo de posibilidades pensadas para mejorar tu salud y est\u00e9tica oral! Te esperamos.<\/p>\n","protected":false},"excerpt":{"rendered":"<p>Existe una gran cantidad de patolog\u00edas que pueden empezar por infecciones bacterianas o de otros microorganismos y llegar a afectar a cualquier zona de nuestro cuerpo. B\u00e1sicamente, una infecci\u00f3n es la invasi\u00f3n que ejerce un agente pat\u00f3geno sobre un tejido sano, obteniendo gracias a este los medios necesarios para reproducirse y afectar cada vez m\u00e1s [&#8230;]\n","protected":false},"author":6,"featured_media":2052,"comment_status":"open","ping_status":"open","sticky":false,"template":"","format":"standard","meta":{"footnotes":""},"categories":[1],"tags":[],"yoast_head":"<!-- This site is optimized with the Yoast SEO Premium plugin v18.3 (Yoast SEO v22.7) - https:\/\/yoast.com\/wordpress\/plugins\/seo\/ -->\n<title>Herpes Labial - Causas y tratamiento &#8902; Cl\u00ednica Dental CEMEQ<\/title>\n<meta name=\"description\" content=\"En nuestra Cl\u00ednica dental en Valencia CEMEQ sabemos cu\u00e1nto valoras tu salud oral y compartimos tu inter\u00e9s en mantenerla en su estado.\" \/>\n<meta name=\"robots\" content=\"index, follow, max-snippet:-1, max-image-preview:large, max-video-preview:-1\" \/>\n<link rel=\"canonical\" href=\"https:\/\/clinicacemeq.es\/dental\/2021\/11\/02\/herpes-labial\/\" \/>\n<meta property=\"og:locale\" content=\"es_ES\" \/>\n<meta property=\"og:type\" content=\"article\" \/>\n<meta property=\"og:title\" content=\"Herpes Labial - Causas y tratamiento\" \/>\n<meta property=\"og:description\" content=\"En nuestra Cl\u00ednica dental en Valencia CEMEQ sabemos cu\u00e1nto valoras tu salud oral y compartimos tu inter\u00e9s en mantenerla en su estado.\" \/>\n<meta property=\"og:url\" content=\"https:\/\/clinicacemeq.es\/dental\/2021\/11\/02\/herpes-labial\/\" \/>\n<meta property=\"og:site_name\" content=\"Cl\u00ednica Dental CEMEQ\" \/>\n<meta property=\"article:published_time\" content=\"2021-11-02T10:22:32+00:00\" \/>\n<meta property=\"article:modified_time\" content=\"2024-06-05T11:56:49+00:00\" \/>\n<meta property=\"og:image\" content=\"https:\/\/clinicacemeq.es\/dental\/wp-content\/uploads\/2021\/11\/Cli\u0301nica-Dental-CEMEQ-Blog.jpg\" \/>\n\t<meta property=\"og:image:width\" content=\"2240\" \/>\n\t<meta property=\"og:image:height\" content=\"1260\" \/>\n\t<meta property=\"og:image:type\" content=\"image\/jpeg\" \/>\n<meta name=\"author\" content=\"Federico Mahiques\" \/>\n<meta name=\"twitter:card\" content=\"summary_large_image\" \/>\n<meta name=\"twitter:label1\" content=\"Escrito por\" \/>\n\t<meta name=\"twitter:data1\" content=\"Federico Mahiques\" \/>\n\t<meta name=\"twitter:label2\" content=\"Tiempo de lectura\" \/>\n\t<meta name=\"twitter:data2\" content=\"6 minutos\" \/>\n<script type=\"application\/ld+json\" class=\"yoast-schema-graph\">{\"@context\":\"https:\/\/schema.org\",\"@graph\":[{\"@type\":\"Article\",\"@id\":\"https:\/\/clinicacemeq.es\/dental\/2021\/11\/02\/herpes-labial\/#article\",\"isPartOf\":{\"@id\":\"https:\/\/clinicacemeq.es\/dental\/2021\/11\/02\/herpes-labial\/\"},\"author\":{\"name\":\"Federico Mahiques\",\"@id\":\"https:\/\/clinicacemeq.es\/dental\/#\/schema\/person\/c59ca45e0d40697222e3795fa6384c4d\"},\"headline\":\"Herpes Labial &#8211; Causas y tratamiento\",\"datePublished\":\"2021-11-02T10:22:32+00:00\",\"dateModified\":\"2024-06-05T11:56:49+00:00\",\"mainEntityOfPage\":{\"@id\":\"https:\/\/clinicacemeq.es\/dental\/2021\/11\/02\/herpes-labial\/\"},\"wordCount\":1399,\"commentCount\":0,\"publisher\":{\"@id\":\"https:\/\/clinicacemeq.es\/dental\/#organization\"},\"image\":{\"@id\":\"https:\/\/clinicacemeq.es\/dental\/2021\/11\/02\/herpes-labial\/#primaryimage\"},\"thumbnailUrl\":\"https:\/\/clinicacemeq.es\/dental\/wp-content\/uploads\/2021\/11\/Cli\u0301nica-Dental-CEMEQ-Blog.jpg\",\"articleSection\":[\"Patolog\u00edas dentales\"],\"inLanguage\":\"es\",\"potentialAction\":[{\"@type\":\"CommentAction\",\"name\":\"Comment\",\"target\":[\"https:\/\/clinicacemeq.es\/dental\/2021\/11\/02\/herpes-labial\/#respond\"]}]},{\"@type\":\"WebPage\",\"@id\":\"https:\/\/clinicacemeq.es\/dental\/2021\/11\/02\/herpes-labial\/\",\"url\":\"https:\/\/clinicacemeq.es\/dental\/2021\/11\/02\/herpes-labial\/\",\"name\":\"Herpes Labial - Causas y tratamiento &#8902; Cl\u00ednica Dental CEMEQ\",\"isPartOf\":{\"@id\":\"https:\/\/clinicacemeq.es\/dental\/#website\"},\"primaryImageOfPage\":{\"@id\":\"https:\/\/clinicacemeq.es\/dental\/2021\/11\/02\/herpes-labial\/#primaryimage\"},\"image\":{\"@id\":\"https:\/\/clinicacemeq.es\/dental\/2021\/11\/02\/herpes-labial\/#primaryimage\"},\"thumbnailUrl\":\"https:\/\/clinicacemeq.es\/dental\/wp-content\/uploads\/2021\/11\/Cli\u0301nica-Dental-CEMEQ-Blog.jpg\",\"datePublished\":\"2021-11-02T10:22:32+00:00\",\"dateModified\":\"2024-06-05T11:56:49+00:00\",\"description\":\"En nuestra Cl\u00ednica dental en Valencia CEMEQ sabemos cu\u00e1nto valoras tu salud oral y compartimos tu inter\u00e9s en mantenerla en su estado.\",\"breadcrumb\":{\"@id\":\"https:\/\/clinicacemeq.es\/dental\/2021\/11\/02\/herpes-labial\/#breadcrumb\"},\"inLanguage\":\"es\",\"potentialAction\":[{\"@type\":\"ReadAction\",\"target\":[\"https:\/\/clinicacemeq.es\/dental\/2021\/11\/02\/herpes-labial\/\"]}]},{\"@type\":\"ImageObject\",\"inLanguage\":\"es\",\"@id\":\"https:\/\/clinicacemeq.es\/dental\/2021\/11\/02\/herpes-labial\/#primaryimage\",\"url\":\"https:\/\/clinicacemeq.es\/dental\/wp-content\/uploads\/2021\/11\/Cli\u0301nica-Dental-CEMEQ-Blog.jpg\",\"contentUrl\":\"https:\/\/clinicacemeq.es\/dental\/wp-content\/uploads\/2021\/11\/Cli\u0301nica-Dental-CEMEQ-Blog.jpg\",\"width\":2240,\"height\":1260,\"caption\":\"herpes-labial\"},{\"@type\":\"BreadcrumbList\",\"@id\":\"https:\/\/clinicacemeq.es\/dental\/2021\/11\/02\/herpes-labial\/#breadcrumb\",\"itemListElement\":[{\"@type\":\"ListItem\",\"position\":1,\"name\":\"Portada\",\"item\":\"https:\/\/clinicacemeq.es\/dental\/\"},{\"@type\":\"ListItem\",\"position\":2,\"name\":\"Herpes Labial &#8211; Causas y tratamiento\"}]},{\"@type\":\"WebSite\",\"@id\":\"https:\/\/clinicacemeq.es\/dental\/#website\",\"url\":\"https:\/\/clinicacemeq.es\/dental\/\",\"name\":\"Cl\u00ednica Dental CEMEQ\",\"description\":\"Cl\u00ednica Dental Valencia | Dentista Valencia\",\"publisher\":{\"@id\":\"https:\/\/clinicacemeq.es\/dental\/#organization\"},\"potentialAction\":[{\"@type\":\"SearchAction\",\"target\":{\"@type\":\"EntryPoint\",\"urlTemplate\":\"https:\/\/clinicacemeq.es\/dental\/?s={search_term_string}\"},\"query-input\":\"required name=search_term_string\"}],\"inLanguage\":\"es\"},{\"@type\":\"Organization\",\"@id\":\"https:\/\/clinicacemeq.es\/dental\/#organization\",\"name\":\"CEMEQ\",\"url\":\"https:\/\/clinicacemeq.es\/dental\/\",\"logo\":{\"@type\":\"ImageObject\",\"inLanguage\":\"es\",\"@id\":\"https:\/\/clinicacemeq.es\/dental\/#\/schema\/logo\/image\/\",\"url\":\"https:\/\/clinicacemeq.es\/dental\/wp-content\/uploads\/2021\/07\/LOGO-WEB-1024x631-1.jpeg\",\"contentUrl\":\"https:\/\/clinicacemeq.es\/dental\/wp-content\/uploads\/2021\/07\/LOGO-WEB-1024x631-1.jpeg\",\"width\":1024,\"height\":631,\"caption\":\"CEMEQ\"},\"image\":{\"@id\":\"https:\/\/clinicacemeq.es\/dental\/#\/schema\/logo\/image\/\"}},{\"@type\":\"Person\",\"@id\":\"https:\/\/clinicacemeq.es\/dental\/#\/schema\/person\/c59ca45e0d40697222e3795fa6384c4d\",\"name\":\"Federico Mahiques\",\"image\":{\"@type\":\"ImageObject\",\"inLanguage\":\"es\",\"@id\":\"https:\/\/clinicacemeq.es\/dental\/#\/schema\/person\/image\/\",\"url\":\"https:\/\/secure.gravatar.com\/avatar\/a16f1bf5b7e085c0937f91eaf260e1fc?s=96&d=mm&r=g\",\"contentUrl\":\"https:\/\/secure.gravatar.com\/avatar\/a16f1bf5b7e085c0937f91eaf260e1fc?s=96&d=mm&r=g\",\"caption\":\"Federico Mahiques\"},\"url\":\"https:\/\/clinicacemeq.es\/dental\/author\/marketing\/\"}]}<\/script>\n<!-- \/ Yoast SEO Premium plugin. -->","yoast_head_json":{"title":"Herpes Labial - Causas y tratamiento &#8902; Cl\u00ednica Dental CEMEQ","description":"En nuestra Cl\u00ednica dental en Valencia CEMEQ sabemos cu\u00e1nto valoras tu salud oral y compartimos tu inter\u00e9s en mantenerla en su estado.","robots":{"index":"index","follow":"follow","max-snippet":"max-snippet:-1","max-image-preview":"max-image-preview:large","max-video-preview":"max-video-preview:-1"},"canonical":"https:\/\/clinicacemeq.es\/dental\/2021\/11\/02\/herpes-labial\/","og_locale":"es_ES","og_type":"article","og_title":"Herpes Labial - Causas y tratamiento","og_description":"En nuestra Cl\u00ednica dental en Valencia CEMEQ sabemos cu\u00e1nto valoras tu salud oral y compartimos tu inter\u00e9s en mantenerla en su estado.","og_url":"https:\/\/clinicacemeq.es\/dental\/2021\/11\/02\/herpes-labial\/","og_site_name":"Cl\u00ednica Dental CEMEQ","article_published_time":"2021-11-02T10:22:32+00:00","article_modified_time":"2024-06-05T11:56:49+00:00","og_image":[{"width":2240,"height":1260,"url":"https:\/\/clinicacemeq.es\/dental\/wp-content\/uploads\/2021\/11\/Cli\u0301nica-Dental-CEMEQ-Blog.jpg","type":"image\/jpeg"}],"author":"Federico Mahiques","twitter_card":"summary_large_image","twitter_misc":{"Escrito por":"Federico Mahiques","Tiempo de lectura":"6 minutos"},"schema":{"@context":"https:\/\/schema.org","@graph":[{"@type":"Article","@id":"https:\/\/clinicacemeq.es\/dental\/2021\/11\/02\/herpes-labial\/#article","isPartOf":{"@id":"https:\/\/clinicacemeq.es\/dental\/2021\/11\/02\/herpes-labial\/"},"author":{"name":"Federico Mahiques","@id":"https:\/\/clinicacemeq.es\/dental\/#\/schema\/person\/c59ca45e0d40697222e3795fa6384c4d"},"headline":"Herpes Labial &#8211; Causas y tratamiento","datePublished":"2021-11-02T10:22:32+00:00","dateModified":"2024-06-05T11:56:49+00:00","mainEntityOfPage":{"@id":"https:\/\/clinicacemeq.es\/dental\/2021\/11\/02\/herpes-labial\/"},"wordCount":1399,"commentCount":0,"publisher":{"@id":"https:\/\/clinicacemeq.es\/dental\/#organization"},"image":{"@id":"https:\/\/clinicacemeq.es\/dental\/2021\/11\/02\/herpes-labial\/#primaryimage"},"thumbnailUrl":"https:\/\/clinicacemeq.es\/dental\/wp-content\/uploads\/2021\/11\/Cli\u0301nica-Dental-CEMEQ-Blog.jpg","articleSection":["Patolog\u00edas dentales"],"inLanguage":"es","potentialAction":[{"@type":"CommentAction","name":"Comment","target":["https:\/\/clinicacemeq.es\/dental\/2021\/11\/02\/herpes-labial\/#respond"]}]},{"@type":"WebPage","@id":"https:\/\/clinicacemeq.es\/dental\/2021\/11\/02\/herpes-labial\/","url":"https:\/\/clinicacemeq.es\/dental\/2021\/11\/02\/herpes-labial\/","name":"Herpes Labial - Causas y tratamiento &#8902; Cl\u00ednica Dental CEMEQ","isPartOf":{"@id":"https:\/\/clinicacemeq.es\/dental\/#website"},"primaryImageOfPage":{"@id":"https:\/\/clinicacemeq.es\/dental\/2021\/11\/02\/herpes-labial\/#primaryimage"},"image":{"@id":"https:\/\/clinicacemeq.es\/dental\/2021\/11\/02\/herpes-labial\/#primaryimage"},"thumbnailUrl":"https:\/\/clinicacemeq.es\/dental\/wp-content\/uploads\/2021\/11\/Cli\u0301nica-Dental-CEMEQ-Blog.jpg","datePublished":"2021-11-02T10:22:32+00:00","dateModified":"2024-06-05T11:56:49+00:00","description":"En nuestra Cl\u00ednica dental en Valencia CEMEQ sabemos cu\u00e1nto valoras tu salud oral y compartimos tu inter\u00e9s en mantenerla en su estado.","breadcrumb":{"@id":"https:\/\/clinicacemeq.es\/dental\/2021\/11\/02\/herpes-labial\/#breadcrumb"},"inLanguage":"es","potentialAction":[{"@type":"ReadAction","target":["https:\/\/clinicacemeq.es\/dental\/2021\/11\/02\/herpes-labial\/"]}]},{"@type":"ImageObject","inLanguage":"es","@id":"https:\/\/clinicacemeq.es\/dental\/2021\/11\/02\/herpes-labial\/#primaryimage","url":"https:\/\/clinicacemeq.es\/dental\/wp-content\/uploads\/2021\/11\/Cli\u0301nica-Dental-CEMEQ-Blog.jpg","contentUrl":"https:\/\/clinicacemeq.es\/dental\/wp-content\/uploads\/2021\/11\/Cli\u0301nica-Dental-CEMEQ-Blog.jpg","width":2240,"height":1260,"caption":"herpes-labial"},{"@type":"BreadcrumbList","@id":"https:\/\/clinicacemeq.es\/dental\/2021\/11\/02\/herpes-labial\/#breadcrumb","itemListElement":[{"@type":"ListItem","position":1,"name":"Portada","item":"https:\/\/clinicacemeq.es\/dental\/"},{"@type":"ListItem","position":2,"name":"Herpes Labial &#8211; Causas y tratamiento"}]},{"@type":"WebSite","@id":"https:\/\/clinicacemeq.es\/dental\/#website","url":"https:\/\/clinicacemeq.es\/dental\/","name":"Cl\u00ednica Dental CEMEQ","description":"Cl\u00ednica Dental Valencia | Dentista Valencia","publisher":{"@id":"https:\/\/clinicacemeq.es\/dental\/#organization"},"potentialAction":[{"@type":"SearchAction","target":{"@type":"EntryPoint","urlTemplate":"https:\/\/clinicacemeq.es\/dental\/?s={search_term_string}"},"query-input":"required name=search_term_string"}],"inLanguage":"es"},{"@type":"Organization","@id":"https:\/\/clinicacemeq.es\/dental\/#organization","name":"CEMEQ","url":"https:\/\/clinicacemeq.es\/dental\/","logo":{"@type":"ImageObject","inLanguage":"es","@id":"https:\/\/clinicacemeq.es\/dental\/#\/schema\/logo\/image\/","url":"https:\/\/clinicacemeq.es\/dental\/wp-content\/uploads\/2021\/07\/LOGO-WEB-1024x631-1.jpeg","contentUrl":"https:\/\/clinicacemeq.es\/dental\/wp-content\/uploads\/2021\/07\/LOGO-WEB-1024x631-1.jpeg","width":1024,"height":631,"caption":"CEMEQ"},"image":{"@id":"https:\/\/clinicacemeq.es\/dental\/#\/schema\/logo\/image\/"}},{"@type":"Person","@id":"https:\/\/clinicacemeq.es\/dental\/#\/schema\/person\/c59ca45e0d40697222e3795fa6384c4d","name":"Federico Mahiques","image":{"@type":"ImageObject","inLanguage":"es","@id":"https:\/\/clinicacemeq.es\/dental\/#\/schema\/person\/image\/","url":"https:\/\/secure.gravatar.com\/avatar\/a16f1bf5b7e085c0937f91eaf260e1fc?s=96&d=mm&r=g","contentUrl":"https:\/\/secure.gravatar.com\/avatar\/a16f1bf5b7e085c0937f91eaf260e1fc?s=96&d=mm&r=g","caption":"Federico Mahiques"},"url":"https:\/\/clinicacemeq.es\/dental\/author\/marketing\/"}]}},"_links":{"self":[{"href":"https:\/\/clinicacemeq.es\/dental\/wp-json\/wp\/v2\/posts\/2051"}],"collection":[{"href":"https:\/\/clinicacemeq.es\/dental\/wp-json\/wp\/v2\/posts"}],"about":[{"href":"https:\/\/clinicacemeq.es\/dental\/wp-json\/wp\/v2\/types\/post"}],"author":[{"embeddable":true,"href":"https:\/\/clinicacemeq.es\/dental\/wp-json\/wp\/v2\/users\/6"}],"replies":[{"embeddable":true,"href":"https:\/\/clinicacemeq.es\/dental\/wp-json\/wp\/v2\/comments?post=2051"}],"version-history":[{"count":1,"href":"https:\/\/clinicacemeq.es\/dental\/wp-json\/wp\/v2\/posts\/2051\/revisions"}],"predecessor-version":[{"id":10914,"href":"https:\/\/clinicacemeq.es\/dental\/wp-json\/wp\/v2\/posts\/2051\/revisions\/10914"}],"wp:featuredmedia":[{"embeddable":true,"href":"https:\/\/clinicacemeq.es\/dental\/wp-json\/wp\/v2\/media\/2052"}],"wp:attachment":[{"href":"https:\/\/clinicacemeq.es\/dental\/wp-json\/wp\/v2\/media?parent=2051"}],"wp:term":[{"taxonomy":"category","embeddable":true,"href":"https:\/\/clinicacemeq.es\/dental\/wp-json\/wp\/v2\/categories?post=2051"},{"taxonomy":"post_tag","embeddable":true,"href":"https:\/\/clinicacemeq.es\/dental\/wp-json\/wp\/v2\/tags?post=2051"}],"curies":[{"name":"wp","href":"https:\/\/api.w.org\/{rel}","templated":true}]}}