{"id":2046,"date":"2021-11-02T10:15:33","date_gmt":"2021-11-02T10:15:33","guid":{"rendered":"https:\/\/clinicacemeq.es\/dental\/?p=2046"},"modified":"2024-07-23T20:02:26","modified_gmt":"2024-07-23T20:02:26","slug":"piercing-en-la-lengua","status":"publish","type":"post","link":"https:\/\/clinicacemeq.es\/dental\/2021\/11\/02\/piercing-en-la-lengua\/","title":{"rendered":"Piercing en la lengua: indicaciones del dentista"},"content":{"rendered":"\n\n<div class=\"kk-star-ratings kksr-auto kksr-align-left kksr-valign-top\"\n    data-payload='{&quot;align&quot;:&quot;left&quot;,&quot;id&quot;:&quot;2046&quot;,&quot;slug&quot;:&quot;default&quot;,&quot;valign&quot;:&quot;top&quot;,&quot;ignore&quot;:&quot;&quot;,&quot;reference&quot;:&quot;auto&quot;,&quot;class&quot;:&quot;&quot;,&quot;count&quot;:&quot;2&quot;,&quot;legendonly&quot;:&quot;&quot;,&quot;readonly&quot;:&quot;&quot;,&quot;score&quot;:&quot;5&quot;,&quot;starsonly&quot;:&quot;&quot;,&quot;best&quot;:&quot;5&quot;,&quot;gap&quot;:&quot;5&quot;,&quot;greet&quot;:&quot;Valora esta publicaci\u00f3n \ud83d\ude09&quot;,&quot;legend&quot;:&quot;5\\\/5 - (2 votos)&quot;,&quot;size&quot;:&quot;24&quot;,&quot;title&quot;:&quot;Piercing en la lengua: indicaciones del dentista&quot;,&quot;width&quot;:&quot;142.5&quot;,&quot;_legend&quot;:&quot;{score}\\\/{best} - ({count} {votes})&quot;,&quot;font_factor&quot;:&quot;1.25&quot;}'>\n            \n<div class=\"kksr-stars\">\n    \n<div class=\"kksr-stars-inactive\">\n            <div class=\"kksr-star\" data-star=\"1\" style=\"padding-right: 5px\">\n            \n\n<div class=\"kksr-icon\" style=\"width: 24px; height: 24px;\"><\/div>\n        <\/div>\n            <div class=\"kksr-star\" data-star=\"2\" style=\"padding-right: 5px\">\n            \n\n<div class=\"kksr-icon\" style=\"width: 24px; height: 24px;\"><\/div>\n        <\/div>\n            <div class=\"kksr-star\" data-star=\"3\" style=\"padding-right: 5px\">\n            \n\n<div class=\"kksr-icon\" style=\"width: 24px; height: 24px;\"><\/div>\n        <\/div>\n            <div class=\"kksr-star\" data-star=\"4\" style=\"padding-right: 5px\">\n            \n\n<div class=\"kksr-icon\" style=\"width: 24px; height: 24px;\"><\/div>\n        <\/div>\n            <div class=\"kksr-star\" data-star=\"5\" style=\"padding-right: 5px\">\n            \n\n<div class=\"kksr-icon\" style=\"width: 24px; height: 24px;\"><\/div>\n        <\/div>\n    <\/div>\n    \n<div class=\"kksr-stars-active\" style=\"width: 142.5px;\">\n            <div class=\"kksr-star\" style=\"padding-right: 5px\">\n            \n\n<div class=\"kksr-icon\" style=\"width: 24px; height: 24px;\"><\/div>\n        <\/div>\n            <div class=\"kksr-star\" style=\"padding-right: 5px\">\n            \n\n<div class=\"kksr-icon\" style=\"width: 24px; height: 24px;\"><\/div>\n        <\/div>\n            <div class=\"kksr-star\" style=\"padding-right: 5px\">\n            \n\n<div class=\"kksr-icon\" style=\"width: 24px; height: 24px;\"><\/div>\n        <\/div>\n            <div class=\"kksr-star\" style=\"padding-right: 5px\">\n            \n\n<div class=\"kksr-icon\" style=\"width: 24px; height: 24px;\"><\/div>\n        <\/div>\n            <div class=\"kksr-star\" style=\"padding-right: 5px\">\n            \n\n<div class=\"kksr-icon\" style=\"width: 24px; height: 24px;\"><\/div>\n        <\/div>\n    <\/div>\n<\/div>\n                \n\n<div class=\"kksr-legend\" style=\"font-size: 19.2px;\">\n            5\/5 - (2 votos)    <\/div>\n    <\/div>\n<p class=\"p2\" style=\"text-align: justify;\">La utilizaci\u00f3n de piercing en la lengua es una tendencia con bastante auge en los \u00faltimos tiempos, pero sus referentes m\u00e1s antiguos se encuentran en sociedades esquimales, en las cuales se perforaba el tejido que separa ambas fosas nasales y se insertaban adornos llamativos. Esta tradici\u00f3n ten\u00eda varios fines, entre los que se encontraban aspectos est\u00e9ticos, pero sobre todo se usaban para indicar que se hab\u00eda superado la adolescencia y se hab\u00eda entrado en la edad adulta.<\/p>\n<p class=\"p4\" style=\"text-align: justify;\"><span class=\"s1\">En las sociedades americanas precolombinas se extendi\u00f3 el uso de ornamentos faciales, principalmente en la<\/span><span class=\"s2\"> zona <\/span><span class=\"s1\">de la nariz, labios y orejas. El tipo de material utilizado y las caracter\u00edsticas del dise\u00f1o denotaban la posici\u00f3n que cada individuo ocupaba dentro de la comunidad. En consecuencia, quienes utilizaban los piercings m\u00e1s costosos y <\/span><span class=\"s2\">elaborados<\/span><span class=\"s1\"> sol\u00edan ser los que contaban con m\u00e1s poder.<\/span><\/p>\n<p class=\"p4\" style=\"text-align: justify;\"><span class=\"s1\">En la actualidad, el uso de adornos insertados bajo la piel tiene, principalmente, <\/span><span class=\"s3\">cuatro tipos de usos<\/span><span class=\"s1\">: para <\/span><span class=\"s3\">resaltar la est\u00e9tica facial o corporal<\/span><span class=\"s1\"> de su usuario; para <\/span><span class=\"s3\">indicar pertenencia<\/span><span class=\"s1\"> a una determinada religi\u00f3n o subcultura<\/span><span class=\"s2\">; con<\/span> <span class=\"s3\">fines er\u00f3ticos<\/span><span class=\"s1\"> o sexuales<\/span><span class=\"s2\">;<\/span> <span class=\"s2\">como <\/span><span class=\"s3\">tendencia de la moda<\/span><span class=\"s1\"> en un momento determinado.<\/span><\/p>\n<p class=\"p4\" style=\"text-align: justify;\"><span class=\"s1\">Entre las distintas clases de piercings, encontramos que los que se introducen en la lengua son unos de los m\u00e1s populares. Los mismos tuvieron un auge importante durante la d\u00e9cada de los<\/span><span class=\"s2\"> noventa<\/span><span class=\"s1\"> del siglo XX, en parte por la <\/span><span class=\"s2\">influencia<\/span><span class=\"s1\"> de la famosa cantante Mel B, del grupo de m\u00fasica Spice Girls. Sin embargo, durante los inicios del siglo XXI sigue habiendo muchas personas que lo utilizan.<\/span><\/p>\n<p class=\"p2\" style=\"text-align: justify;\">Un piercing en la lengua hace referencia al procedimiento de perforaci\u00f3n lingual, empleando una o m\u00e1s agujas higi\u00e9nicamente aptas, as\u00ed como al propio adorno que se introduce en el espacio abierto. Si bien esta es la modalidad m\u00e1s com\u00fan de piercing en la lengua, y tambi\u00e9n la m\u00e1s segura, que supone la apertura de un orificio vertical en el centro de la lengua, existen otras variantes, tales como la orbital y la superficial.<\/p>\n<p class=\"p5\" style=\"text-align: justify;\">\u00bfC\u00f3mo se aplica un piercing en la lengua?<\/p>\n<p class=\"p4\" style=\"text-align: justify;\"><span class=\"s1\">El procedimiento para perforar la lengua es muy sencillo y r\u00e1pido, pudiendo ejecutarse adecuadamente en unos pocos minutos. En este <\/span><span class=\"s2\">caso<\/span><span class=\"s1\">, se requiere desinfectar el \u00e1rea a tratar<\/span><span class=\"s2\"> con<\/span><span class=\"s1\"> sustancias t\u00f3picas, tales como enjuagues bucales de acci\u00f3n antibacteriana. Luego, se deber\u00e1n <\/span><span class=\"s2\">se\u00f1alar<\/span><span class=\"s3\"> los puntos<\/span><span class=\"s1\"> por los que deber\u00e1 pasar la aguja o las agujas, empleando marcadores quir\u00fargicos que deber\u00e1n <\/span><span class=\"s2\">eliminarse<\/span><span class=\"s1\"> posteriormente.<\/span><\/p>\n<p class=\"p4\" style=\"text-align: justify;\"><span class=\"s1\">Antes de insertar la aguja en la lengua, la misma deber\u00e1 sujetarse firmemente, empleando f\u00f3rceps u otros dispositivos sanitarios, para evitar que se produzcan da\u00f1os innecesarios sobre ella u otros tejidos bucales como <\/span><span class=\"s2\">resultado<\/span><span class=\"s1\"> de la realizaci\u00f3n de movimientos involuntarios. <\/span><span class=\"s2\">A continuaci\u00f3n, <\/span><span class=\"s3\">se traspasar\u00e1 la lengua<\/span><span class=\"s1\"> con un movimiento r\u00e1pido y <\/span><span class=\"s2\">a su<\/span><span class=\"s1\"> vez <\/span><span class=\"s3\">se colocar\u00e1 la joya<\/span><span class=\"s1\"> que adornar\u00e1 la zona.<\/span><\/p>\n<h2 class=\"p5\" style=\"text-align: justify;\">\u00bfC\u00f3mo es la recuperaci\u00f3n del piercing en la lengua?<\/h2>\n<p class=\"p4\" style=\"text-align: justify;\"><span class=\"s1\">La fase de recuperaci\u00f3n de este tipo de procedimiento suele ser bastante corta, pues la mucosa y los otros tejidos blandos de la boca se caracterizan por cicatrizar muy r\u00e1pido. No obstante, es com\u00fan que se presenten molestias e inflamaciones no deseadas. Por otra parte, ha ocurrido que la presencia de bacterias en la boca puede producir infecciones, complicando la salud del paciente.<\/span><\/p>\n<p class=\"p4\" style=\"text-align: justify;\"><span class=\"s1\">El procedimiento antes indicado se considera poco invasivo, <\/span><span class=\"s2\">puesto <\/span><span class=\"s1\">que no genera da\u00f1os significativos <\/span><span class=\"s2\">con una buena aplicaci\u00f3n<\/span><span class=\"s1\">. Esto no<\/span><span class=\"s2\"> significa<\/span><span class=\"s1\"> que sea completamente seguro, por lo que deber\u00e1n seguirse los cuidados que establezca la persona que haya aplicado el piercing, as\u00ed como las previsiones y medidas de recuperaci\u00f3n que te <\/span><span class=\"s2\">sugieren<\/span><span class=\"s1\"> los especialistas en el \u00e1rea de la salud oral.<\/span><\/p>\n<p class=\"p7\" style=\"text-align: justify;\">Recomendaciones de los especialistas<\/p>\n<p class=\"p4\" style=\"text-align: justify;\"><span class=\"s1\">La decisi\u00f3n de utilizar o no un piercing en la lengu<\/span><span class=\"s2\">a solo <\/span><span class=\"s1\">depender\u00e1 de su potencial usuario, por lo que normalmente no existir\u00e1 ning\u00fan tipo de objeci\u00f3n por parte de estos profesionales, salvo en los casos en que los peligros de aplicar esta opci\u00f3n est\u00e9tica superen los beneficios esperados, en especial por presentar enfermedades sist\u00e9micas o locales muy importantes.<\/span><\/p>\n<p class=\"p4\" style=\"text-align: justify;\"><span class=\"s1\">Por lo general, los odont\u00f3logos alertamos sobre los perjuicios que pueden causar los piercings linguales sobre tu salud y funcionalidad oral. Ad<\/span><span class=\"s2\">em\u00e1s<\/span><span class=\"s1\">, te p<\/span><span class=\"s2\">resentar\u00e1n<\/span><span class=\"s1\"> una serie de medidas a seguir para evitar que se produzcan da\u00f1os importantes que afecten a tu bienestar antes, durante y despu\u00e9s de la intervenci\u00f3n.<\/span><\/p>\n<h2 class=\"p5\" style=\"text-align: justify;\">\u00bfCu\u00e1les son las posibles consecuencias adversas de los piercings en la lengua sobre tu salud oral?<\/h2>\n<p class=\"p2\" style=\"text-align: justify;\">Los odont\u00f3logos y otros especialistas sanitarios de disciplinas relacionadas solemos recomendar no utilizar piercings linguales o labiales, puesto que se ha comprobado que los mismos afectan de manera importante a tus condiciones orales. De hecho, se estima que cerca del 40 % de los usuarios de dichos piercings contar\u00e1n con una o m\u00e1s de las alteraciones que a continuaci\u00f3n te indicamos:<\/p>\n<h3 class=\"p7\" style=\"text-align: justify;\">Retracci\u00f3n de la l\u00ednea de enc\u00eda<\/h3>\n<p class=\"p4\" style=\"text-align: justify;\"><span class=\"s1\">Esta es probablemente la principal consecuencia no deseada de utilizar piercings en la lengua. Cerca de un 20 % de los pacientes que <\/span><span class=\"s2\">los <\/span><span class=\"s1\">utilizan han notado c<\/span><span class=\"s2\">\u00f3<\/span><span class=\"s1\">mo la l\u00ednea de la enc\u00eda ha retrocedido como producto de la fricci\u00f3n que puede generarse entre ese tejido y el cuerpo extra\u00f1o que se ha dispuesto en la boca. <\/span><\/p>\n<p class=\"p4\" style=\"text-align: justify;\"><span class=\"s1\">Cuando esto pasa, puede llegar a aumentar la sensibilidad dental ante alimentos y bebidas muy fr\u00edas o calientes, as\u00ed como p<\/span><span class=\"s2\">ueden<\/span><span class=\"s1\"> exponerse las ra\u00edces de los dientes a infecciones bacterianas que afectar\u00e1n al hueso maxilar o mandibular y lleva<\/span><span class=\"s2\">r\u00e1n<\/span><span class=\"s1\"> a que las piezas dentales se aflojen e incluso caigan con facilidad.<\/span><\/p>\n<h3 class=\"p7\" style=\"text-align: justify;\">P\u00e9rdida del sentido del gusto y sensibilidad lingual<\/h3>\n<p class=\"p2\" style=\"text-align: justify;\">La aplicaci\u00f3n de piercings entra\u00f1a un peligro importante para tu capacidad de sentir texturas de alimentos y bebidas, as\u00ed como percibir adecuadamente sus sabores. Al perforar la lengua es com\u00fan que se da\u00f1en las papilas gustativas, las cuales se encargan de percibir los sabores. Tambi\u00e9n afecta a las terminaciones nerviosas, siendo estas las responsables de transmitir al cerebro tanto la informaci\u00f3n proveniente de las papilas, como la sensaci\u00f3n t\u00e1ctil del \u00e1rea.<\/p>\n<p class=\"p4\" style=\"text-align: justify;\"><span class=\"s1\">Estas <\/span><span class=\"s2\">afecciones<\/span><span class=\"s1\"> suelen ser de car\u00e1cter permanente, por lo que, al <\/span><span class=\"s2\">retirar<\/span><span class=\"s1\"> el piercing y dejar que la perforaci\u00f3n cierre, continuar\u00e1n afect\u00e1ndote.<\/span><\/p>\n<h3 class=\"p7\" style=\"text-align: justify;\">Ruptura de dientes<\/h3>\n<p class=\"p2\" style=\"text-align: justify;\">Otra consecuencia muy com\u00fan se encuentra en la ruptura de dientes como resultado de la presi\u00f3n constante del piercing contra las caras interiores de esas estructuras, as\u00ed como cuando el mismo obstaculiza los esfuerzos masticatorios al ubicarse entre arcadas superior e inferior.<\/p>\n<p class=\"p4\" style=\"text-align: justify;\"><span class=\"s1\">En algunos casos, los da\u00f1os producidos en los dientes pueden ser superficiales, haciendo que se resuelvan <\/span><span class=\"s2\">empleando<\/span><span class=\"s1\"> resinas u otras sustancias. En otras ocasiones, el da\u00f1o dental puede ser muy significativo, haciendo que se fracture<\/span><span class=\"s2\"> alguna pieza<\/span><span class=\"s1\"> y que se<\/span><span class=\"s2\"> vea<\/span><span class=\"s1\"> afectad<\/span><span class=\"s2\">a<\/span><span class=\"s1\"> por bacterias, <\/span><span class=\"s2\">provocando que<\/span><span class=\"s1\">, en el peor de los casos, el diente deba <\/span><span class=\"s2\">extraerse<\/span><span class=\"s1\">.<\/span><\/p>\n<h3 class=\"p7\" style=\"text-align: justify;\">Maloclusiones<\/h3>\n<p class=\"p4\" style=\"text-align: justify;\"><span class=\"s1\">La presencia de un piercing en la boca puede hacer que se modifique sustancialmente la posici\u00f3n y la orientaci\u00f3n de los dientes, complicando la adecuada oclusi\u00f3n de la mand\u00edbula y el maxilar. Esto traer\u00e1 como consecuencia que la mordida se altere, que aumente la tensi\u00f3n sobre la articulaci\u00f3n temporomandibular<\/span><span class=\"s2\"> y <\/span><span class=\"s1\">que se presenten dolores de cabeza y cuello, as\u00ed como que exista una <\/span><span class=\"s2\">pe<\/span><span class=\"s1\">or higiene dental como consecuencia de la acumulaci\u00f3n de placa en nuevos resquicios o solapamientos de piezas.<\/span><\/p>\n<p class=\"p4\" style=\"text-align: justify;\"><span class=\"s1\">Si lo anterior ha ocurrido, tendr\u00e1s que emplear <\/span><span class=\"s4\">brackets<\/span> <span class=\"s1\">para corregir el posicionamiento dentario, as\u00ed como otras acciones que te recomiende el especialista.<\/span><\/p>\n<h2 class=\"p5\" style=\"text-align: justify;\">Cuida tu salud bucodental en la Cl\u00ednica dental CEMEQ<\/h2>\n<p class=\"p2\" style=\"text-align: justify;\"><span class=\"s5\">En la <\/span><span class=\"s6\"><a href=\"\/\">Cl\u00ednica dental<\/a> CEMEQ<\/span><span class=\"s5\"> contamos con un equipo <\/span>f<span class=\"s5\">ormado <\/span>por los <span class=\"s5\">odont\u00f3logos y otros profesionales relacionados con el cuidado y preservaci\u00f3n de la salud oral m\u00e1s experimentados y cualificados para ofrecerte los tratamientos que requieres<\/span>. Cada una de las acciones que llevamos a t\u00e9rmino tiene como prop\u00f3sito conservar las mejores condiciones de los elementos bucodentales de cada paciente, as\u00ed como aplicar las medidas correctivas m\u00e1s convenientes en caso de que se requieran.<\/p>\n<p class=\"p4\" style=\"text-align: justify;\"><span class=\"s1\">La utilizaci\u00f3n de los equipos m\u00e1s modernos de detecci\u00f3n y el instrumental sanitario m\u00e1s efectivo te <\/span><span class=\"s2\">ofrece<\/span><span class=\"s1\"> la tranquilidad y confianza que <\/span><span class=\"s2\">necesitas<\/span><span class=\"s1\"> en cada una de tus visitas. Asimismo, disponemos de amplias y <\/span><span class=\"s2\">agradables <\/span><span class=\"s1\">instalaciones en pleno coraz\u00f3n de Valencia, con <\/span><span class=\"s2\">un <\/span><span class=\"s1\">mobiliario c\u00f3<\/span><span class=\"s2\">modo<\/span><span class=\"s1\"> y <\/span><span class=\"s2\">un<\/span><span class=\"s1\">as condiciones higi\u00e9nicas \u00f3ptimas.<\/span><\/p>\n<p class=\"p4\" style=\"text-align: justify;\"><span class=\"s1\">Te invitamos a conocer todo lo que podemos ofrecerte a ti y a tu familia. \u00a1No esperes m\u00e1s y cont\u00e1ctanos! Nuestro <\/span><span class=\"s2\">equipo <\/span><span class=\"s1\">te espera siempre con la mejor disposici\u00f3n.<\/span><\/p>\n","protected":false},"excerpt":{"rendered":"<p>La utilizaci\u00f3n de piercing en la lengua es una tendencia con bastante auge en los \u00faltimos tiempos, pero sus referentes m\u00e1s antiguos se encuentran en sociedades esquimales, en las cuales se perforaba el tejido que separa ambas fosas nasales y se insertaban adornos llamativos. Esta tradici\u00f3n ten\u00eda varios fines, entre los que se encontraban aspectos [&#8230;]\n","protected":false},"author":6,"featured_media":2049,"comment_status":"open","ping_status":"open","sticky":false,"template":"","format":"standard","meta":{"footnotes":""},"categories":[1],"tags":[],"yoast_head":"<!-- This site is optimized with the Yoast SEO Premium plugin v18.3 (Yoast SEO v22.7) - https:\/\/yoast.com\/wordpress\/plugins\/seo\/ -->\n<title>Piercing en la lengua: indicaciones del dentista \u22c6 CEMEQ<\/title>\n<meta name=\"description\" content=\"En el siguiente post te contamos las principales indicaciones del dentista sobre el piercing en la lengua. Inf\u00f3rmate.\" \/>\n<meta name=\"robots\" content=\"index, follow, max-snippet:-1, max-image-preview:large, max-video-preview:-1\" \/>\n<link rel=\"canonical\" href=\"https:\/\/clinicacemeq.es\/dental\/2021\/11\/02\/piercing-en-la-lengua\/\" \/>\n<meta property=\"og:locale\" content=\"es_ES\" \/>\n<meta property=\"og:type\" content=\"article\" \/>\n<meta property=\"og:title\" content=\"Piercing en la lengua: indicaciones del dentista\" \/>\n<meta property=\"og:description\" content=\"En el siguiente post te contamos las principales indicaciones del dentista sobre el piercing en la lengua. Inf\u00f3rmate.\" \/>\n<meta property=\"og:url\" content=\"https:\/\/clinicacemeq.es\/dental\/2021\/11\/02\/piercing-en-la-lengua\/\" \/>\n<meta property=\"og:site_name\" content=\"Cl\u00ednica Dental CEMEQ\" \/>\n<meta property=\"article:published_time\" content=\"2021-11-02T10:15:33+00:00\" \/>\n<meta property=\"article:modified_time\" content=\"2024-07-23T20:02:26+00:00\" \/>\n<meta property=\"og:image\" content=\"https:\/\/clinicacemeq.es\/dental\/wp-content\/uploads\/2021\/11\/Disen\u0303o-sin-ti\u0301tulo-6.jpg\" \/>\n\t<meta property=\"og:image:width\" content=\"2240\" \/>\n\t<meta property=\"og:image:height\" content=\"1260\" \/>\n\t<meta property=\"og:image:type\" content=\"image\/jpeg\" \/>\n<meta name=\"author\" content=\"Federico Mahiques\" \/>\n<meta name=\"twitter:card\" content=\"summary_large_image\" \/>\n<meta name=\"twitter:label1\" content=\"Escrito por\" \/>\n\t<meta name=\"twitter:data1\" content=\"Federico Mahiques\" \/>\n\t<meta name=\"twitter:label2\" content=\"Tiempo de lectura\" \/>\n\t<meta name=\"twitter:data2\" content=\"7 minutos\" \/>\n<script type=\"application\/ld+json\" class=\"yoast-schema-graph\">{\"@context\":\"https:\/\/schema.org\",\"@graph\":[{\"@type\":\"Article\",\"@id\":\"https:\/\/clinicacemeq.es\/dental\/2021\/11\/02\/piercing-en-la-lengua\/#article\",\"isPartOf\":{\"@id\":\"https:\/\/clinicacemeq.es\/dental\/2021\/11\/02\/piercing-en-la-lengua\/\"},\"author\":{\"name\":\"Federico Mahiques\",\"@id\":\"https:\/\/clinicacemeq.es\/dental\/#\/schema\/person\/c59ca45e0d40697222e3795fa6384c4d\"},\"headline\":\"Piercing en la lengua: indicaciones del dentista\",\"datePublished\":\"2021-11-02T10:15:33+00:00\",\"dateModified\":\"2024-07-23T20:02:26+00:00\",\"mainEntityOfPage\":{\"@id\":\"https:\/\/clinicacemeq.es\/dental\/2021\/11\/02\/piercing-en-la-lengua\/\"},\"wordCount\":1494,\"commentCount\":0,\"publisher\":{\"@id\":\"https:\/\/clinicacemeq.es\/dental\/#organization\"},\"image\":{\"@id\":\"https:\/\/clinicacemeq.es\/dental\/2021\/11\/02\/piercing-en-la-lengua\/#primaryimage\"},\"thumbnailUrl\":\"https:\/\/clinicacemeq.es\/dental\/wp-content\/uploads\/2021\/11\/Disen\u0303o-sin-ti\u0301tulo-6.jpg\",\"articleSection\":[\"Patolog\u00edas dentales\"],\"inLanguage\":\"es\",\"potentialAction\":[{\"@type\":\"CommentAction\",\"name\":\"Comment\",\"target\":[\"https:\/\/clinicacemeq.es\/dental\/2021\/11\/02\/piercing-en-la-lengua\/#respond\"]}]},{\"@type\":\"WebPage\",\"@id\":\"https:\/\/clinicacemeq.es\/dental\/2021\/11\/02\/piercing-en-la-lengua\/\",\"url\":\"https:\/\/clinicacemeq.es\/dental\/2021\/11\/02\/piercing-en-la-lengua\/\",\"name\":\"Piercing en la lengua: indicaciones del dentista \u22c6 CEMEQ\",\"isPartOf\":{\"@id\":\"https:\/\/clinicacemeq.es\/dental\/#website\"},\"primaryImageOfPage\":{\"@id\":\"https:\/\/clinicacemeq.es\/dental\/2021\/11\/02\/piercing-en-la-lengua\/#primaryimage\"},\"image\":{\"@id\":\"https:\/\/clinicacemeq.es\/dental\/2021\/11\/02\/piercing-en-la-lengua\/#primaryimage\"},\"thumbnailUrl\":\"https:\/\/clinicacemeq.es\/dental\/wp-content\/uploads\/2021\/11\/Disen\u0303o-sin-ti\u0301tulo-6.jpg\",\"datePublished\":\"2021-11-02T10:15:33+00:00\",\"dateModified\":\"2024-07-23T20:02:26+00:00\",\"description\":\"En el siguiente post te contamos las principales indicaciones del dentista sobre el piercing en la lengua. Inf\u00f3rmate.\",\"breadcrumb\":{\"@id\":\"https:\/\/clinicacemeq.es\/dental\/2021\/11\/02\/piercing-en-la-lengua\/#breadcrumb\"},\"inLanguage\":\"es\",\"potentialAction\":[{\"@type\":\"ReadAction\",\"target\":[\"https:\/\/clinicacemeq.es\/dental\/2021\/11\/02\/piercing-en-la-lengua\/\"]}]},{\"@type\":\"ImageObject\",\"inLanguage\":\"es\",\"@id\":\"https:\/\/clinicacemeq.es\/dental\/2021\/11\/02\/piercing-en-la-lengua\/#primaryimage\",\"url\":\"https:\/\/clinicacemeq.es\/dental\/wp-content\/uploads\/2021\/11\/Disen\u0303o-sin-ti\u0301tulo-6.jpg\",\"contentUrl\":\"https:\/\/clinicacemeq.es\/dental\/wp-content\/uploads\/2021\/11\/Disen\u0303o-sin-ti\u0301tulo-6.jpg\",\"width\":2240,\"height\":1260,\"caption\":\"Piercing en la lengua\"},{\"@type\":\"BreadcrumbList\",\"@id\":\"https:\/\/clinicacemeq.es\/dental\/2021\/11\/02\/piercing-en-la-lengua\/#breadcrumb\",\"itemListElement\":[{\"@type\":\"ListItem\",\"position\":1,\"name\":\"Portada\",\"item\":\"https:\/\/clinicacemeq.es\/dental\/\"},{\"@type\":\"ListItem\",\"position\":2,\"name\":\"Piercing en la lengua: indicaciones del dentista\"}]},{\"@type\":\"WebSite\",\"@id\":\"https:\/\/clinicacemeq.es\/dental\/#website\",\"url\":\"https:\/\/clinicacemeq.es\/dental\/\",\"name\":\"Cl\u00ednica Dental CEMEQ\",\"description\":\"Cl\u00ednica Dental Valencia | Dentista Valencia\",\"publisher\":{\"@id\":\"https:\/\/clinicacemeq.es\/dental\/#organization\"},\"potentialAction\":[{\"@type\":\"SearchAction\",\"target\":{\"@type\":\"EntryPoint\",\"urlTemplate\":\"https:\/\/clinicacemeq.es\/dental\/?s={search_term_string}\"},\"query-input\":\"required name=search_term_string\"}],\"inLanguage\":\"es\"},{\"@type\":\"Organization\",\"@id\":\"https:\/\/clinicacemeq.es\/dental\/#organization\",\"name\":\"CEMEQ\",\"url\":\"https:\/\/clinicacemeq.es\/dental\/\",\"logo\":{\"@type\":\"ImageObject\",\"inLanguage\":\"es\",\"@id\":\"https:\/\/clinicacemeq.es\/dental\/#\/schema\/logo\/image\/\",\"url\":\"https:\/\/clinicacemeq.es\/dental\/wp-content\/uploads\/2021\/07\/LOGO-WEB-1024x631-1.jpeg\",\"contentUrl\":\"https:\/\/clinicacemeq.es\/dental\/wp-content\/uploads\/2021\/07\/LOGO-WEB-1024x631-1.jpeg\",\"width\":1024,\"height\":631,\"caption\":\"CEMEQ\"},\"image\":{\"@id\":\"https:\/\/clinicacemeq.es\/dental\/#\/schema\/logo\/image\/\"}},{\"@type\":\"Person\",\"@id\":\"https:\/\/clinicacemeq.es\/dental\/#\/schema\/person\/c59ca45e0d40697222e3795fa6384c4d\",\"name\":\"Federico Mahiques\",\"image\":{\"@type\":\"ImageObject\",\"inLanguage\":\"es\",\"@id\":\"https:\/\/clinicacemeq.es\/dental\/#\/schema\/person\/image\/\",\"url\":\"https:\/\/secure.gravatar.com\/avatar\/a16f1bf5b7e085c0937f91eaf260e1fc?s=96&d=mm&r=g\",\"contentUrl\":\"https:\/\/secure.gravatar.com\/avatar\/a16f1bf5b7e085c0937f91eaf260e1fc?s=96&d=mm&r=g\",\"caption\":\"Federico Mahiques\"},\"url\":\"https:\/\/clinicacemeq.es\/dental\/author\/marketing\/\"}]}<\/script>\n<!-- \/ Yoast SEO Premium plugin. -->","yoast_head_json":{"title":"Piercing en la lengua: indicaciones del dentista \u22c6 CEMEQ","description":"En el siguiente post te contamos las principales indicaciones del dentista sobre el piercing en la lengua. Inf\u00f3rmate.","robots":{"index":"index","follow":"follow","max-snippet":"max-snippet:-1","max-image-preview":"max-image-preview:large","max-video-preview":"max-video-preview:-1"},"canonical":"https:\/\/clinicacemeq.es\/dental\/2021\/11\/02\/piercing-en-la-lengua\/","og_locale":"es_ES","og_type":"article","og_title":"Piercing en la lengua: indicaciones del dentista","og_description":"En el siguiente post te contamos las principales indicaciones del dentista sobre el piercing en la lengua. Inf\u00f3rmate.","og_url":"https:\/\/clinicacemeq.es\/dental\/2021\/11\/02\/piercing-en-la-lengua\/","og_site_name":"Cl\u00ednica Dental CEMEQ","article_published_time":"2021-11-02T10:15:33+00:00","article_modified_time":"2024-07-23T20:02:26+00:00","og_image":[{"width":2240,"height":1260,"url":"https:\/\/clinicacemeq.es\/dental\/wp-content\/uploads\/2021\/11\/Disen\u0303o-sin-ti\u0301tulo-6.jpg","type":"image\/jpeg"}],"author":"Federico Mahiques","twitter_card":"summary_large_image","twitter_misc":{"Escrito por":"Federico Mahiques","Tiempo de lectura":"7 minutos"},"schema":{"@context":"https:\/\/schema.org","@graph":[{"@type":"Article","@id":"https:\/\/clinicacemeq.es\/dental\/2021\/11\/02\/piercing-en-la-lengua\/#article","isPartOf":{"@id":"https:\/\/clinicacemeq.es\/dental\/2021\/11\/02\/piercing-en-la-lengua\/"},"author":{"name":"Federico Mahiques","@id":"https:\/\/clinicacemeq.es\/dental\/#\/schema\/person\/c59ca45e0d40697222e3795fa6384c4d"},"headline":"Piercing en la lengua: indicaciones del dentista","datePublished":"2021-11-02T10:15:33+00:00","dateModified":"2024-07-23T20:02:26+00:00","mainEntityOfPage":{"@id":"https:\/\/clinicacemeq.es\/dental\/2021\/11\/02\/piercing-en-la-lengua\/"},"wordCount":1494,"commentCount":0,"publisher":{"@id":"https:\/\/clinicacemeq.es\/dental\/#organization"},"image":{"@id":"https:\/\/clinicacemeq.es\/dental\/2021\/11\/02\/piercing-en-la-lengua\/#primaryimage"},"thumbnailUrl":"https:\/\/clinicacemeq.es\/dental\/wp-content\/uploads\/2021\/11\/Disen\u0303o-sin-ti\u0301tulo-6.jpg","articleSection":["Patolog\u00edas dentales"],"inLanguage":"es","potentialAction":[{"@type":"CommentAction","name":"Comment","target":["https:\/\/clinicacemeq.es\/dental\/2021\/11\/02\/piercing-en-la-lengua\/#respond"]}]},{"@type":"WebPage","@id":"https:\/\/clinicacemeq.es\/dental\/2021\/11\/02\/piercing-en-la-lengua\/","url":"https:\/\/clinicacemeq.es\/dental\/2021\/11\/02\/piercing-en-la-lengua\/","name":"Piercing en la lengua: indicaciones del dentista \u22c6 CEMEQ","isPartOf":{"@id":"https:\/\/clinicacemeq.es\/dental\/#website"},"primaryImageOfPage":{"@id":"https:\/\/clinicacemeq.es\/dental\/2021\/11\/02\/piercing-en-la-lengua\/#primaryimage"},"image":{"@id":"https:\/\/clinicacemeq.es\/dental\/2021\/11\/02\/piercing-en-la-lengua\/#primaryimage"},"thumbnailUrl":"https:\/\/clinicacemeq.es\/dental\/wp-content\/uploads\/2021\/11\/Disen\u0303o-sin-ti\u0301tulo-6.jpg","datePublished":"2021-11-02T10:15:33+00:00","dateModified":"2024-07-23T20:02:26+00:00","description":"En el siguiente post te contamos las principales indicaciones del dentista sobre el piercing en la lengua. Inf\u00f3rmate.","breadcrumb":{"@id":"https:\/\/clinicacemeq.es\/dental\/2021\/11\/02\/piercing-en-la-lengua\/#breadcrumb"},"inLanguage":"es","potentialAction":[{"@type":"ReadAction","target":["https:\/\/clinicacemeq.es\/dental\/2021\/11\/02\/piercing-en-la-lengua\/"]}]},{"@type":"ImageObject","inLanguage":"es","@id":"https:\/\/clinicacemeq.es\/dental\/2021\/11\/02\/piercing-en-la-lengua\/#primaryimage","url":"https:\/\/clinicacemeq.es\/dental\/wp-content\/uploads\/2021\/11\/Disen\u0303o-sin-ti\u0301tulo-6.jpg","contentUrl":"https:\/\/clinicacemeq.es\/dental\/wp-content\/uploads\/2021\/11\/Disen\u0303o-sin-ti\u0301tulo-6.jpg","width":2240,"height":1260,"caption":"Piercing en la lengua"},{"@type":"BreadcrumbList","@id":"https:\/\/clinicacemeq.es\/dental\/2021\/11\/02\/piercing-en-la-lengua\/#breadcrumb","itemListElement":[{"@type":"ListItem","position":1,"name":"Portada","item":"https:\/\/clinicacemeq.es\/dental\/"},{"@type":"ListItem","position":2,"name":"Piercing en la lengua: indicaciones del dentista"}]},{"@type":"WebSite","@id":"https:\/\/clinicacemeq.es\/dental\/#website","url":"https:\/\/clinicacemeq.es\/dental\/","name":"Cl\u00ednica Dental CEMEQ","description":"Cl\u00ednica Dental Valencia | Dentista Valencia","publisher":{"@id":"https:\/\/clinicacemeq.es\/dental\/#organization"},"potentialAction":[{"@type":"SearchAction","target":{"@type":"EntryPoint","urlTemplate":"https:\/\/clinicacemeq.es\/dental\/?s={search_term_string}"},"query-input":"required name=search_term_string"}],"inLanguage":"es"},{"@type":"Organization","@id":"https:\/\/clinicacemeq.es\/dental\/#organization","name":"CEMEQ","url":"https:\/\/clinicacemeq.es\/dental\/","logo":{"@type":"ImageObject","inLanguage":"es","@id":"https:\/\/clinicacemeq.es\/dental\/#\/schema\/logo\/image\/","url":"https:\/\/clinicacemeq.es\/dental\/wp-content\/uploads\/2021\/07\/LOGO-WEB-1024x631-1.jpeg","contentUrl":"https:\/\/clinicacemeq.es\/dental\/wp-content\/uploads\/2021\/07\/LOGO-WEB-1024x631-1.jpeg","width":1024,"height":631,"caption":"CEMEQ"},"image":{"@id":"https:\/\/clinicacemeq.es\/dental\/#\/schema\/logo\/image\/"}},{"@type":"Person","@id":"https:\/\/clinicacemeq.es\/dental\/#\/schema\/person\/c59ca45e0d40697222e3795fa6384c4d","name":"Federico Mahiques","image":{"@type":"ImageObject","inLanguage":"es","@id":"https:\/\/clinicacemeq.es\/dental\/#\/schema\/person\/image\/","url":"https:\/\/secure.gravatar.com\/avatar\/a16f1bf5b7e085c0937f91eaf260e1fc?s=96&d=mm&r=g","contentUrl":"https:\/\/secure.gravatar.com\/avatar\/a16f1bf5b7e085c0937f91eaf260e1fc?s=96&d=mm&r=g","caption":"Federico Mahiques"},"url":"https:\/\/clinicacemeq.es\/dental\/author\/marketing\/"}]}},"_links":{"self":[{"href":"https:\/\/clinicacemeq.es\/dental\/wp-json\/wp\/v2\/posts\/2046"}],"collection":[{"href":"https:\/\/clinicacemeq.es\/dental\/wp-json\/wp\/v2\/posts"}],"about":[{"href":"https:\/\/clinicacemeq.es\/dental\/wp-json\/wp\/v2\/types\/post"}],"author":[{"embeddable":true,"href":"https:\/\/clinicacemeq.es\/dental\/wp-json\/wp\/v2\/users\/6"}],"replies":[{"embeddable":true,"href":"https:\/\/clinicacemeq.es\/dental\/wp-json\/wp\/v2\/comments?post=2046"}],"version-history":[{"count":1,"href":"https:\/\/clinicacemeq.es\/dental\/wp-json\/wp\/v2\/posts\/2046\/revisions"}],"predecessor-version":[{"id":10630,"href":"https:\/\/clinicacemeq.es\/dental\/wp-json\/wp\/v2\/posts\/2046\/revisions\/10630"}],"wp:featuredmedia":[{"embeddable":true,"href":"https:\/\/clinicacemeq.es\/dental\/wp-json\/wp\/v2\/media\/2049"}],"wp:attachment":[{"href":"https:\/\/clinicacemeq.es\/dental\/wp-json\/wp\/v2\/media?parent=2046"}],"wp:term":[{"taxonomy":"category","embeddable":true,"href":"https:\/\/clinicacemeq.es\/dental\/wp-json\/wp\/v2\/categories?post=2046"},{"taxonomy":"post_tag","embeddable":true,"href":"https:\/\/clinicacemeq.es\/dental\/wp-json\/wp\/v2\/tags?post=2046"}],"curies":[{"name":"wp","href":"https:\/\/api.w.org\/{rel}","templated":true}]}}