{"id":2032,"date":"2021-10-26T10:07:35","date_gmt":"2021-10-26T10:07:35","guid":{"rendered":"https:\/\/clinicacemeq.es\/dental\/?p=2032"},"modified":"2024-07-23T19:40:06","modified_gmt":"2024-07-23T19:40:06","slug":"periodontitis-sintomas-tratamientos","status":"publish","type":"post","link":"https:\/\/clinicacemeq.es\/dental\/2021\/10\/26\/periodontitis-sintomas-tratamientos\/","title":{"rendered":"Periodontitis: qu\u00e9 es y cu\u00e1les son sus s\u00edntomas"},"content":{"rendered":"\n\n<div class=\"kk-star-ratings kksr-auto kksr-align-left kksr-valign-top\"\n    data-payload='{&quot;align&quot;:&quot;left&quot;,&quot;id&quot;:&quot;2032&quot;,&quot;slug&quot;:&quot;default&quot;,&quot;valign&quot;:&quot;top&quot;,&quot;ignore&quot;:&quot;&quot;,&quot;reference&quot;:&quot;auto&quot;,&quot;class&quot;:&quot;&quot;,&quot;count&quot;:&quot;0&quot;,&quot;legendonly&quot;:&quot;&quot;,&quot;readonly&quot;:&quot;&quot;,&quot;score&quot;:&quot;0&quot;,&quot;starsonly&quot;:&quot;&quot;,&quot;best&quot;:&quot;5&quot;,&quot;gap&quot;:&quot;5&quot;,&quot;greet&quot;:&quot;Valora esta publicaci\u00f3n \ud83d\ude09&quot;,&quot;legend&quot;:&quot;0\\\/5 - (0 votos)&quot;,&quot;size&quot;:&quot;24&quot;,&quot;title&quot;:&quot;Periodontitis: qu\u00e9 es y cu\u00e1les son sus s\u00edntomas&quot;,&quot;width&quot;:&quot;0&quot;,&quot;_legend&quot;:&quot;{score}\\\/{best} - ({count} {votes})&quot;,&quot;font_factor&quot;:&quot;1.25&quot;}'>\n            \n<div class=\"kksr-stars\">\n    \n<div class=\"kksr-stars-inactive\">\n            <div class=\"kksr-star\" data-star=\"1\" style=\"padding-right: 5px\">\n            \n\n<div class=\"kksr-icon\" style=\"width: 24px; height: 24px;\"><\/div>\n        <\/div>\n            <div class=\"kksr-star\" data-star=\"2\" style=\"padding-right: 5px\">\n            \n\n<div class=\"kksr-icon\" style=\"width: 24px; height: 24px;\"><\/div>\n        <\/div>\n            <div class=\"kksr-star\" data-star=\"3\" style=\"padding-right: 5px\">\n            \n\n<div class=\"kksr-icon\" style=\"width: 24px; height: 24px;\"><\/div>\n        <\/div>\n            <div class=\"kksr-star\" data-star=\"4\" style=\"padding-right: 5px\">\n            \n\n<div class=\"kksr-icon\" style=\"width: 24px; height: 24px;\"><\/div>\n        <\/div>\n            <div class=\"kksr-star\" data-star=\"5\" style=\"padding-right: 5px\">\n            \n\n<div class=\"kksr-icon\" style=\"width: 24px; height: 24px;\"><\/div>\n        <\/div>\n    <\/div>\n    \n<div class=\"kksr-stars-active\" style=\"width: 0px;\">\n            <div class=\"kksr-star\" style=\"padding-right: 5px\">\n            \n\n<div class=\"kksr-icon\" style=\"width: 24px; height: 24px;\"><\/div>\n        <\/div>\n            <div class=\"kksr-star\" style=\"padding-right: 5px\">\n            \n\n<div class=\"kksr-icon\" style=\"width: 24px; height: 24px;\"><\/div>\n        <\/div>\n            <div class=\"kksr-star\" style=\"padding-right: 5px\">\n            \n\n<div class=\"kksr-icon\" style=\"width: 24px; height: 24px;\"><\/div>\n        <\/div>\n            <div class=\"kksr-star\" style=\"padding-right: 5px\">\n            \n\n<div class=\"kksr-icon\" style=\"width: 24px; height: 24px;\"><\/div>\n        <\/div>\n            <div class=\"kksr-star\" style=\"padding-right: 5px\">\n            \n\n<div class=\"kksr-icon\" style=\"width: 24px; height: 24px;\"><\/div>\n        <\/div>\n    <\/div>\n<\/div>\n                \n\n<div class=\"kksr-legend\" style=\"font-size: 19.2px;\">\n            <span class=\"kksr-muted\">Valora esta publicaci\u00f3n \ud83d\ude09<\/span>\n    <\/div>\n    <\/div>\n<p style=\"text-align: justify;\">La <strong>periodontitis<\/strong> es una de las afecciones bucales m\u00e1s comunes entre las personas en edad adulta. Seg\u00fan varios estudios realizados y publicados por la <strong>Sociedad Espa\u00f1ola de Periodoncia y Osteointegraci\u00f3n<\/strong> (SEPA), la frecuencia de su aparici\u00f3n va en aumento a medida que las personas van cumpliendo a\u00f1os.<\/p>\n<p style=\"text-align: justify;\">Los datos indicados por la SEPA afirman que el 34,5 % de las personas menores de 15 a\u00f1os poseen <strong>enc\u00edas sanas<\/strong>, mientras que al menos el 65,5 % manifiesta alg\u00fan signo de anomal\u00eda bucal.<\/p>\n<p style=\"text-align: justify;\">\u00bfConoces de qu\u00e9 se trata la periodontitis y c\u00f3mo podemos tratar esta peligrosa enfermedad que da\u00f1a la salud bucodental? \u00a1Te lo contamos en este post!<\/p>\n<h2 style=\"text-align: justify;\">\u00bfQu\u00e9 es la periodontitis?<\/h2>\n<p style=\"text-align: justify;\">Es una <strong>enfermedad de las enc\u00edas<\/strong>, una grave infecci\u00f3n que da\u00f1a el tejido blando. Sin el tratamiento oportuno, el hueso que sirve de sost\u00e9n a las piezas dentales puede da\u00f1arse. La periodontitis provoca, generalmente, que los dientes sufran aflojamiento y hasta lleguen a perderse.<\/p>\n<p style=\"text-align: justify;\">Las enfermedades periodontales son: la <strong>gingivitis<\/strong> y la periodontitis, siendo esta \u00faltima una fase m\u00e1s evolucionada y peligrosa que la primera. Ambas enfermedades comparten el mismo origen: la acumulaci\u00f3n de placa bacteriana en la cavidad bucal a causa de una mala higiene oral.<\/p>\n<p style=\"text-align: justify;\">Los problemas que hacen que una <strong>higiene bucal<\/strong> sea deficiente son:<\/p>\n<h3 style=\"text-align: justify;\">Falta de cepillado<\/h3>\n<p style=\"text-align: justify;\">Si la persona no se cepilla los dientes despu\u00e9s de cada comida, al levantarse y antes de acostarse, es muy probable que genere <strong>acumulaci\u00f3n de placa bacteriana<\/strong> que d\u00e9 origen a este tipo de enfermedades periodontales.<\/p>\n<h3 style=\"text-align: justify;\">Cepillado incorrecto<\/h3>\n<p style=\"text-align: justify;\">Bien sea por las t\u00e9cnicas aplicadas, por el uso de un cepillo de mala calidad o porque el tiempo de cepillado es demasiado breve para llegar a todas las partes necesarias para asegurar la limpieza completa.<\/p>\n<h2 style=\"text-align: justify;\">\u00bfPor qu\u00e9 la periodontitis es m\u00e1s peligrosa que la gingivitis?<\/h2>\n<p style=\"text-align: justify;\">Ambas enfermedades tienen su origen en la acumulaci\u00f3n de placa bacteriana en la boca, pero la periodontitis, tambi\u00e9n llamada<strong> piorrea<\/strong>, es mucho m\u00e1s grave que la <strong>gingivitis<\/strong>. Es necesario destacar que el nivel de gravedad de esta enfermedad se determina por el avance y evoluci\u00f3n de las bacterias que hemos mencionado.<\/p>\n<p style=\"text-align: justify;\">Ya que la gingivitis responde a una primera etapa, la placa bacteriana se ubica solamente en la superficie de las mucosas blandas, es decir, de las enc\u00edas. Significa que, con una rutina de cepillado m\u00e1s adecuada, adem\u00e1s de una asistencia profesional en una <strong>cl\u00ednica dental<\/strong> especializada, estas bacterias desaparecer\u00e1n.<\/p>\n<p style=\"text-align: justify;\">Por otra parte, podr\u00edamos decir que una periodontitis es una gingivitis que no ha sido tratada. Las bacterias han seguido almacen\u00e1ndose y no solo se ubican en las \u00e1reas superficiales, sino que han logrado llegar a la parte interna de las enc\u00edas.<\/p>\n<p style=\"text-align: justify;\">La periodontitis o piorrea progresar\u00e1 hasta llegar a la ra\u00edz y el hueso del diente, provocando riesgos sobre el soporte del diente y, en consecuencia, la supervivencia de la pieza dental.<\/p>\n<p style=\"text-align: justify;\">En este proceso, las bacterias se ubican en espacios m\u00e1s profundos, dificultando su eliminaci\u00f3n solamente con el cepillado diario o con una <strong>limpieza dental<\/strong> en la cl\u00ednica dental. Para que un paciente pueda sanar esta enfermedad, deber\u00e1 someterse a un <strong>tratamiento periodontal<\/strong>.<\/p>\n<h2 style=\"text-align: justify;\">\u00bfQu\u00e9 s\u00edntomas ocasiona la periodontitis?<\/h2>\n<p style=\"text-align: justify;\">Antes de explicar los s\u00edntomas provocados por la periodontitis, es necesario conocer los tres principales estados cl\u00ednicos que ocasionan la primera fase, que es la gingivitis. Son los siguientes:<\/p>\n<ul style=\"text-align: justify;\">\n<li><strong>Sangrado:<\/strong> Se manifiesta el sangrado de enc\u00edas espont\u00e1neamente al cepillarte los dientes o cuando est\u00e1s comiendo, entre otros. Por ejemplo, cuando comes una manzana y, tras cada mordida, quedan unas ligeras manchas de sangre, se\u00f1al de enfermedad periodontal.<\/li>\n<li><strong>Inflamaci\u00f3n:<\/strong> La inflamaci\u00f3n de enc\u00edas en pacientes con gingivitis es mucho m\u00e1s evidente y notoria de lo normal. La inflamaci\u00f3n puede no apreciarse a simple vista, pero te dar\u00e1s cuenta por la sensibilidad de las enc\u00edas al comer.<\/li>\n<li><strong>Enrojecimiento:<\/strong> Las enc\u00edas sanas poseen un color rosado. En cambio, unas enc\u00edas afectadas con gingivitis presentan un color rojo brillante.<\/li>\n<\/ul>\n<p style=\"text-align: justify;\">Estos tres s\u00edntomas descritos son los que se manifiestan principalmente en la primera fase de la enfermedad periodontal. Cuando avanza la enfermedad hasta llegar a piorrea o periodontitis, las se\u00f1ales mencionadas van acompa\u00f1adas de otras m\u00e1s fuertes:<\/p>\n<ul style=\"text-align: justify;\">\n<li><strong>Halitosis: <\/strong>Es com\u00fan presentar cierto nivel de mal aliento, especialmente al levantarse o despu\u00e9s de comer ciertos alimentos. Cuando esta situaci\u00f3n se hace permanente, estamos frente a un claro signo de periodontitis.<\/li>\n<li><strong>Retracci\u00f3n gingival: <\/strong>La retracci\u00f3n de las enc\u00edas se genera cuando las bacterias van da\u00f1ando la mucosa bucal. Esto produce que la ra\u00edz del diente sea visible y exista la percepci\u00f3n de que los dientes son m\u00e1s largos.<\/li>\n<li><strong>Sensibilidad dental: <\/strong>Este s\u00edntoma se relaciona con la retracci\u00f3n de las enc\u00edas. Al quedar el diente expuesto hasta su ra\u00edz, empezar\u00e1s a tener sensibilidad, bien en el momento del cepillado o cuando consumes determinadas bebidas o comidas. Esto ocurre porque la ra\u00edz es mucho m\u00e1s sensible que la corona dental, por eso la enc\u00eda es vital para protegerla.<\/li>\n<li><strong>Espacios entre los dientes:<\/strong> La misma retracci\u00f3n gingival provoca que, gracias a las bacterias, los espacios entre los dientes sean mayores. Estos espacios, que tambi\u00e9n son conocidos como troneras, visualmente tienen el aspecto de unos tri\u00e1ngulos negros peque\u00f1os.<\/li>\n<li><strong>Movilidad de las piezas dentales:<\/strong> La evoluci\u00f3n de la periodontitis tambi\u00e9n ayuda a que se muevan los dientes m\u00e1s da\u00f1ados por la acci\u00f3n de las bacterias. Quiere decir que si te tocas alg\u00fan diente, notar\u00e1s que no se mantiene fijo. Este s\u00edntoma es realmente grave, ya que confirma que la infecci\u00f3n ha da\u00f1ado considerablemente el hueso provocando que los dientes pierdan una parte del sistema que ayuda a la sujeci\u00f3n, corriendo el riesgo de perder la pieza dental.<\/li>\n<\/ul>\n<p style=\"text-align: justify;\">Como has podido observar, estos s\u00edntomas van evolucionando hasta provocar que la enfermedad se agrave dada la ausencia de un tratamiento m\u00e9dico.<\/p>\n<p style=\"text-align: justify;\">Nuestra principal recomendaci\u00f3n es que, ante la aparici\u00f3n de los primeros s\u00edntomas de esta patolog\u00eda, solicites una cita con el <strong>periodoncista<\/strong> para determinar la gravedad de la periodontitis para tratarlo correctamente.<\/p>\n<h2 style=\"text-align: justify;\"><strong>\u00bfQu\u00e9 tratamientos son utilizados contra la periodontitis?<\/strong><\/h2>\n<p style=\"text-align: justify;\">En el inicio de la piorrea puede tratarse con:<\/p>\n<h3 style=\"text-align: justify;\"><strong>Raspado y alisado radicular<\/strong><\/h3>\n<p style=\"text-align: justify;\">Este tratamiento, conocido como <strong>curetaje dental<\/strong>, consiste en eliminar el sarro y las bacterias que est\u00e1n en la superficie de los dientes y por debajo de las enc\u00edas. Se aplica con instrumentos m\u00e9dicos, con l\u00e1ser o con un dispositivo ultras\u00f3nico.<\/p>\n<h3 style=\"text-align: justify;\"><strong>Antibi\u00f3ticos<\/strong><\/h3>\n<p style=\"text-align: justify;\">Los <strong>antibi\u00f3ticos orales<\/strong> o t\u00f3picos ayudan a controlar la infecci\u00f3n bacteriana. Los t\u00f3picos suelen ser los enjuagues bucales o geles antibi\u00f3ticos, que se aplicar\u00e1n sobre el espacio entre los dientes y la enc\u00eda. Aunque los m\u00e1s comunes son los antibi\u00f3ticos de consumo oral.<\/p>\n<p style=\"text-align: justify;\">Cuando la periodontitis ha avanzado considerablemente, el tratamiento requerido se basa en la<strong> cirug\u00eda<\/strong>.<\/p>\n<h3 style=\"text-align: justify;\"><strong>Injertos de tejido blando<\/strong><\/h3>\n<p style=\"text-align: justify;\">Cuando pierdes <strong>tejido gingival<\/strong>, la l\u00ednea de las enc\u00edas va retrocediendo, siendo necesario reforzar el tejido gingival. El injerto de enc\u00edas se realiza extrayendo una cantidad peque\u00f1a de tejido del paladar (o tejido de alguna otra fuente donante) y se procede a adherir a la zona afectada, reduciendo al m\u00ednimo la <strong>retracci\u00f3n gingival<\/strong>. Adem\u00e1s, con este tratamiento, se cubren las ra\u00edces que han sido expuestas y se les da a los dientes una apariencia mucho m\u00e1s armoniosa y est\u00e9tica.<\/p>\n<p style=\"text-align: justify;\"><strong>Supera la periodontitis con la ayuda del Centro M\u00e9dico y Quir\u00fargico CEMEQ<\/strong><\/p>\n<p style=\"text-align: justify;\">El <strong>Centro M\u00e9dico y Quir\u00fargico CEMEQ<\/strong> es un centro acreditado de medicina est\u00e9tica y odontolog\u00eda, con equipamiento homologado, tecnolog\u00eda de vanguardia, con un personal altamente cualificado y con gran experiencia en cada uno de los tratamientos que ofrecemos avalados por la sociedad cient\u00edfica.<\/p>\n<p style=\"text-align: justify;\">Si necesitas tratar una periodontitis, un implante dental, el dise\u00f1o de tu sonrisa, un microinjerto capilar, un aumento de pechos, perder peso\u2026 En el <strong>Centro M\u00e9dico y Quir\u00fargico en Valencia<\/strong> puedes hacerlo. Vis\u00edtanos y ases\u00f3rate en tu <a href=\"https:\/\/clinicacemeq.es\/dental\/contacto\/\"><strong>1\u00aa visita gratuita<\/strong><\/a>.<\/p>\n","protected":false},"excerpt":{"rendered":"<p>La periodontitis es una de las afecciones bucales m\u00e1s comunes entre las personas en edad adulta. Seg\u00fan varios estudios realizados y publicados por la Sociedad Espa\u00f1ola de Periodoncia y Osteointegraci\u00f3n (SEPA), la frecuencia de su aparici\u00f3n va en aumento a medida que las personas van cumpliendo a\u00f1os. Los datos indicados por la SEPA afirman que [&#8230;]\n","protected":false},"author":6,"featured_media":2002,"comment_status":"open","ping_status":"open","sticky":false,"template":"","format":"standard","meta":{"footnotes":""},"categories":[1],"tags":[121,116,119,120],"yoast_head":"<!-- This site is optimized with the Yoast SEO Premium plugin v18.3 (Yoast SEO v22.7) - https:\/\/yoast.com\/wordpress\/plugins\/seo\/ -->\n<title>Periodontitis: qu\u00e9 es y cu\u00e1les son sus s\u00edntomas \u22c6 CEMEQ<\/title>\n<meta name=\"description\" content=\"En el siguiente post te contamos todo sobre la periodontitis:Qu\u00e9 es y cu\u00e1les son sus principales s\u00edntomas. No te lo pierdas.\" \/>\n<meta name=\"robots\" content=\"index, follow, max-snippet:-1, max-image-preview:large, max-video-preview:-1\" \/>\n<link rel=\"canonical\" href=\"https:\/\/clinicacemeq.es\/dental\/2021\/10\/26\/periodontitis-sintomas-tratamientos\/\" \/>\n<meta property=\"og:locale\" content=\"es_ES\" \/>\n<meta property=\"og:type\" content=\"article\" \/>\n<meta property=\"og:title\" content=\"Periodontitis: qu\u00e9 es y cu\u00e1les son sus s\u00edntomas\" \/>\n<meta property=\"og:description\" content=\"En el siguiente post te contamos todo sobre la periodontitis:Qu\u00e9 es y cu\u00e1les son sus principales s\u00edntomas. No te lo pierdas.\" \/>\n<meta property=\"og:url\" content=\"https:\/\/clinicacemeq.es\/dental\/2021\/10\/26\/periodontitis-sintomas-tratamientos\/\" \/>\n<meta property=\"og:site_name\" content=\"Cl\u00ednica Dental CEMEQ\" \/>\n<meta property=\"article:published_time\" content=\"2021-10-26T10:07:35+00:00\" \/>\n<meta property=\"article:modified_time\" content=\"2024-07-23T19:40:06+00:00\" \/>\n<meta property=\"og:image\" content=\"https:\/\/clinicacemeq.es\/dental\/wp-content\/uploads\/2021\/10\/periodontitis-Clinica-Cemeq.jpg\" \/>\n\t<meta property=\"og:image:width\" content=\"1200\" \/>\n\t<meta property=\"og:image:height\" content=\"800\" \/>\n\t<meta property=\"og:image:type\" content=\"image\/jpeg\" \/>\n<meta name=\"author\" content=\"Federico Mahiques\" \/>\n<meta name=\"twitter:card\" content=\"summary_large_image\" \/>\n<meta name=\"twitter:label1\" content=\"Escrito por\" \/>\n\t<meta name=\"twitter:data1\" content=\"Federico Mahiques\" \/>\n\t<meta name=\"twitter:label2\" content=\"Tiempo de lectura\" \/>\n\t<meta name=\"twitter:data2\" content=\"7 minutos\" \/>\n<script type=\"application\/ld+json\" class=\"yoast-schema-graph\">{\"@context\":\"https:\/\/schema.org\",\"@graph\":[{\"@type\":\"Article\",\"@id\":\"https:\/\/clinicacemeq.es\/dental\/2021\/10\/26\/periodontitis-sintomas-tratamientos\/#article\",\"isPartOf\":{\"@id\":\"https:\/\/clinicacemeq.es\/dental\/2021\/10\/26\/periodontitis-sintomas-tratamientos\/\"},\"author\":{\"name\":\"Federico Mahiques\",\"@id\":\"https:\/\/clinicacemeq.es\/dental\/#\/schema\/person\/c59ca45e0d40697222e3795fa6384c4d\"},\"headline\":\"Periodontitis: qu\u00e9 es y cu\u00e1les son sus s\u00edntomas\",\"datePublished\":\"2021-10-26T10:07:35+00:00\",\"dateModified\":\"2024-07-23T19:40:06+00:00\",\"mainEntityOfPage\":{\"@id\":\"https:\/\/clinicacemeq.es\/dental\/2021\/10\/26\/periodontitis-sintomas-tratamientos\/\"},\"wordCount\":1410,\"commentCount\":0,\"publisher\":{\"@id\":\"https:\/\/clinicacemeq.es\/dental\/#organization\"},\"image\":{\"@id\":\"https:\/\/clinicacemeq.es\/dental\/2021\/10\/26\/periodontitis-sintomas-tratamientos\/#primaryimage\"},\"thumbnailUrl\":\"https:\/\/clinicacemeq.es\/dental\/wp-content\/uploads\/2021\/10\/periodontitis-Clinica-Cemeq.jpg\",\"keywords\":[\"gingivitis\",\"infecci\u00f3n oral\",\"periodoncia\",\"piorrea\"],\"articleSection\":[\"Patolog\u00edas dentales\"],\"inLanguage\":\"es\",\"potentialAction\":[{\"@type\":\"CommentAction\",\"name\":\"Comment\",\"target\":[\"https:\/\/clinicacemeq.es\/dental\/2021\/10\/26\/periodontitis-sintomas-tratamientos\/#respond\"]}]},{\"@type\":\"WebPage\",\"@id\":\"https:\/\/clinicacemeq.es\/dental\/2021\/10\/26\/periodontitis-sintomas-tratamientos\/\",\"url\":\"https:\/\/clinicacemeq.es\/dental\/2021\/10\/26\/periodontitis-sintomas-tratamientos\/\",\"name\":\"Periodontitis: qu\u00e9 es y cu\u00e1les son sus s\u00edntomas \u22c6 CEMEQ\",\"isPartOf\":{\"@id\":\"https:\/\/clinicacemeq.es\/dental\/#website\"},\"primaryImageOfPage\":{\"@id\":\"https:\/\/clinicacemeq.es\/dental\/2021\/10\/26\/periodontitis-sintomas-tratamientos\/#primaryimage\"},\"image\":{\"@id\":\"https:\/\/clinicacemeq.es\/dental\/2021\/10\/26\/periodontitis-sintomas-tratamientos\/#primaryimage\"},\"thumbnailUrl\":\"https:\/\/clinicacemeq.es\/dental\/wp-content\/uploads\/2021\/10\/periodontitis-Clinica-Cemeq.jpg\",\"datePublished\":\"2021-10-26T10:07:35+00:00\",\"dateModified\":\"2024-07-23T19:40:06+00:00\",\"description\":\"En el siguiente post te contamos todo sobre la periodontitis:Qu\u00e9 es y cu\u00e1les son sus principales s\u00edntomas. No te lo pierdas.\",\"breadcrumb\":{\"@id\":\"https:\/\/clinicacemeq.es\/dental\/2021\/10\/26\/periodontitis-sintomas-tratamientos\/#breadcrumb\"},\"inLanguage\":\"es\",\"potentialAction\":[{\"@type\":\"ReadAction\",\"target\":[\"https:\/\/clinicacemeq.es\/dental\/2021\/10\/26\/periodontitis-sintomas-tratamientos\/\"]}]},{\"@type\":\"ImageObject\",\"inLanguage\":\"es\",\"@id\":\"https:\/\/clinicacemeq.es\/dental\/2021\/10\/26\/periodontitis-sintomas-tratamientos\/#primaryimage\",\"url\":\"https:\/\/clinicacemeq.es\/dental\/wp-content\/uploads\/2021\/10\/periodontitis-Clinica-Cemeq.jpg\",\"contentUrl\":\"https:\/\/clinicacemeq.es\/dental\/wp-content\/uploads\/2021\/10\/periodontitis-Clinica-Cemeq.jpg\",\"width\":1200,\"height\":800,\"caption\":\"periodontitis - Cl\u00ednica Cemeq\"},{\"@type\":\"BreadcrumbList\",\"@id\":\"https:\/\/clinicacemeq.es\/dental\/2021\/10\/26\/periodontitis-sintomas-tratamientos\/#breadcrumb\",\"itemListElement\":[{\"@type\":\"ListItem\",\"position\":1,\"name\":\"Portada\",\"item\":\"https:\/\/clinicacemeq.es\/dental\/\"},{\"@type\":\"ListItem\",\"position\":2,\"name\":\"Periodontitis: qu\u00e9 es y cu\u00e1les son sus s\u00edntomas\"}]},{\"@type\":\"WebSite\",\"@id\":\"https:\/\/clinicacemeq.es\/dental\/#website\",\"url\":\"https:\/\/clinicacemeq.es\/dental\/\",\"name\":\"Cl\u00ednica Dental CEMEQ\",\"description\":\"Cl\u00ednica Dental Valencia | Dentista Valencia\",\"publisher\":{\"@id\":\"https:\/\/clinicacemeq.es\/dental\/#organization\"},\"potentialAction\":[{\"@type\":\"SearchAction\",\"target\":{\"@type\":\"EntryPoint\",\"urlTemplate\":\"https:\/\/clinicacemeq.es\/dental\/?s={search_term_string}\"},\"query-input\":\"required name=search_term_string\"}],\"inLanguage\":\"es\"},{\"@type\":\"Organization\",\"@id\":\"https:\/\/clinicacemeq.es\/dental\/#organization\",\"name\":\"CEMEQ\",\"url\":\"https:\/\/clinicacemeq.es\/dental\/\",\"logo\":{\"@type\":\"ImageObject\",\"inLanguage\":\"es\",\"@id\":\"https:\/\/clinicacemeq.es\/dental\/#\/schema\/logo\/image\/\",\"url\":\"https:\/\/clinicacemeq.es\/dental\/wp-content\/uploads\/2021\/07\/LOGO-WEB-1024x631-1.jpeg\",\"contentUrl\":\"https:\/\/clinicacemeq.es\/dental\/wp-content\/uploads\/2021\/07\/LOGO-WEB-1024x631-1.jpeg\",\"width\":1024,\"height\":631,\"caption\":\"CEMEQ\"},\"image\":{\"@id\":\"https:\/\/clinicacemeq.es\/dental\/#\/schema\/logo\/image\/\"}},{\"@type\":\"Person\",\"@id\":\"https:\/\/clinicacemeq.es\/dental\/#\/schema\/person\/c59ca45e0d40697222e3795fa6384c4d\",\"name\":\"Federico Mahiques\",\"image\":{\"@type\":\"ImageObject\",\"inLanguage\":\"es\",\"@id\":\"https:\/\/clinicacemeq.es\/dental\/#\/schema\/person\/image\/\",\"url\":\"https:\/\/secure.gravatar.com\/avatar\/a16f1bf5b7e085c0937f91eaf260e1fc?s=96&d=mm&r=g\",\"contentUrl\":\"https:\/\/secure.gravatar.com\/avatar\/a16f1bf5b7e085c0937f91eaf260e1fc?s=96&d=mm&r=g\",\"caption\":\"Federico Mahiques\"},\"url\":\"https:\/\/clinicacemeq.es\/dental\/author\/marketing\/\"}]}<\/script>\n<!-- \/ Yoast SEO Premium plugin. -->","yoast_head_json":{"title":"Periodontitis: qu\u00e9 es y cu\u00e1les son sus s\u00edntomas \u22c6 CEMEQ","description":"En el siguiente post te contamos todo sobre la periodontitis:Qu\u00e9 es y cu\u00e1les son sus principales s\u00edntomas. No te lo pierdas.","robots":{"index":"index","follow":"follow","max-snippet":"max-snippet:-1","max-image-preview":"max-image-preview:large","max-video-preview":"max-video-preview:-1"},"canonical":"https:\/\/clinicacemeq.es\/dental\/2021\/10\/26\/periodontitis-sintomas-tratamientos\/","og_locale":"es_ES","og_type":"article","og_title":"Periodontitis: qu\u00e9 es y cu\u00e1les son sus s\u00edntomas","og_description":"En el siguiente post te contamos todo sobre la periodontitis:Qu\u00e9 es y cu\u00e1les son sus principales s\u00edntomas. No te lo pierdas.","og_url":"https:\/\/clinicacemeq.es\/dental\/2021\/10\/26\/periodontitis-sintomas-tratamientos\/","og_site_name":"Cl\u00ednica Dental CEMEQ","article_published_time":"2021-10-26T10:07:35+00:00","article_modified_time":"2024-07-23T19:40:06+00:00","og_image":[{"width":1200,"height":800,"url":"https:\/\/clinicacemeq.es\/dental\/wp-content\/uploads\/2021\/10\/periodontitis-Clinica-Cemeq.jpg","type":"image\/jpeg"}],"author":"Federico Mahiques","twitter_card":"summary_large_image","twitter_misc":{"Escrito por":"Federico Mahiques","Tiempo de lectura":"7 minutos"},"schema":{"@context":"https:\/\/schema.org","@graph":[{"@type":"Article","@id":"https:\/\/clinicacemeq.es\/dental\/2021\/10\/26\/periodontitis-sintomas-tratamientos\/#article","isPartOf":{"@id":"https:\/\/clinicacemeq.es\/dental\/2021\/10\/26\/periodontitis-sintomas-tratamientos\/"},"author":{"name":"Federico Mahiques","@id":"https:\/\/clinicacemeq.es\/dental\/#\/schema\/person\/c59ca45e0d40697222e3795fa6384c4d"},"headline":"Periodontitis: qu\u00e9 es y cu\u00e1les son sus s\u00edntomas","datePublished":"2021-10-26T10:07:35+00:00","dateModified":"2024-07-23T19:40:06+00:00","mainEntityOfPage":{"@id":"https:\/\/clinicacemeq.es\/dental\/2021\/10\/26\/periodontitis-sintomas-tratamientos\/"},"wordCount":1410,"commentCount":0,"publisher":{"@id":"https:\/\/clinicacemeq.es\/dental\/#organization"},"image":{"@id":"https:\/\/clinicacemeq.es\/dental\/2021\/10\/26\/periodontitis-sintomas-tratamientos\/#primaryimage"},"thumbnailUrl":"https:\/\/clinicacemeq.es\/dental\/wp-content\/uploads\/2021\/10\/periodontitis-Clinica-Cemeq.jpg","keywords":["gingivitis","infecci\u00f3n oral","periodoncia","piorrea"],"articleSection":["Patolog\u00edas dentales"],"inLanguage":"es","potentialAction":[{"@type":"CommentAction","name":"Comment","target":["https:\/\/clinicacemeq.es\/dental\/2021\/10\/26\/periodontitis-sintomas-tratamientos\/#respond"]}]},{"@type":"WebPage","@id":"https:\/\/clinicacemeq.es\/dental\/2021\/10\/26\/periodontitis-sintomas-tratamientos\/","url":"https:\/\/clinicacemeq.es\/dental\/2021\/10\/26\/periodontitis-sintomas-tratamientos\/","name":"Periodontitis: qu\u00e9 es y cu\u00e1les son sus s\u00edntomas \u22c6 CEMEQ","isPartOf":{"@id":"https:\/\/clinicacemeq.es\/dental\/#website"},"primaryImageOfPage":{"@id":"https:\/\/clinicacemeq.es\/dental\/2021\/10\/26\/periodontitis-sintomas-tratamientos\/#primaryimage"},"image":{"@id":"https:\/\/clinicacemeq.es\/dental\/2021\/10\/26\/periodontitis-sintomas-tratamientos\/#primaryimage"},"thumbnailUrl":"https:\/\/clinicacemeq.es\/dental\/wp-content\/uploads\/2021\/10\/periodontitis-Clinica-Cemeq.jpg","datePublished":"2021-10-26T10:07:35+00:00","dateModified":"2024-07-23T19:40:06+00:00","description":"En el siguiente post te contamos todo sobre la periodontitis:Qu\u00e9 es y cu\u00e1les son sus principales s\u00edntomas. No te lo pierdas.","breadcrumb":{"@id":"https:\/\/clinicacemeq.es\/dental\/2021\/10\/26\/periodontitis-sintomas-tratamientos\/#breadcrumb"},"inLanguage":"es","potentialAction":[{"@type":"ReadAction","target":["https:\/\/clinicacemeq.es\/dental\/2021\/10\/26\/periodontitis-sintomas-tratamientos\/"]}]},{"@type":"ImageObject","inLanguage":"es","@id":"https:\/\/clinicacemeq.es\/dental\/2021\/10\/26\/periodontitis-sintomas-tratamientos\/#primaryimage","url":"https:\/\/clinicacemeq.es\/dental\/wp-content\/uploads\/2021\/10\/periodontitis-Clinica-Cemeq.jpg","contentUrl":"https:\/\/clinicacemeq.es\/dental\/wp-content\/uploads\/2021\/10\/periodontitis-Clinica-Cemeq.jpg","width":1200,"height":800,"caption":"periodontitis - Cl\u00ednica Cemeq"},{"@type":"BreadcrumbList","@id":"https:\/\/clinicacemeq.es\/dental\/2021\/10\/26\/periodontitis-sintomas-tratamientos\/#breadcrumb","itemListElement":[{"@type":"ListItem","position":1,"name":"Portada","item":"https:\/\/clinicacemeq.es\/dental\/"},{"@type":"ListItem","position":2,"name":"Periodontitis: qu\u00e9 es y cu\u00e1les son sus s\u00edntomas"}]},{"@type":"WebSite","@id":"https:\/\/clinicacemeq.es\/dental\/#website","url":"https:\/\/clinicacemeq.es\/dental\/","name":"Cl\u00ednica Dental CEMEQ","description":"Cl\u00ednica Dental Valencia | Dentista Valencia","publisher":{"@id":"https:\/\/clinicacemeq.es\/dental\/#organization"},"potentialAction":[{"@type":"SearchAction","target":{"@type":"EntryPoint","urlTemplate":"https:\/\/clinicacemeq.es\/dental\/?s={search_term_string}"},"query-input":"required name=search_term_string"}],"inLanguage":"es"},{"@type":"Organization","@id":"https:\/\/clinicacemeq.es\/dental\/#organization","name":"CEMEQ","url":"https:\/\/clinicacemeq.es\/dental\/","logo":{"@type":"ImageObject","inLanguage":"es","@id":"https:\/\/clinicacemeq.es\/dental\/#\/schema\/logo\/image\/","url":"https:\/\/clinicacemeq.es\/dental\/wp-content\/uploads\/2021\/07\/LOGO-WEB-1024x631-1.jpeg","contentUrl":"https:\/\/clinicacemeq.es\/dental\/wp-content\/uploads\/2021\/07\/LOGO-WEB-1024x631-1.jpeg","width":1024,"height":631,"caption":"CEMEQ"},"image":{"@id":"https:\/\/clinicacemeq.es\/dental\/#\/schema\/logo\/image\/"}},{"@type":"Person","@id":"https:\/\/clinicacemeq.es\/dental\/#\/schema\/person\/c59ca45e0d40697222e3795fa6384c4d","name":"Federico Mahiques","image":{"@type":"ImageObject","inLanguage":"es","@id":"https:\/\/clinicacemeq.es\/dental\/#\/schema\/person\/image\/","url":"https:\/\/secure.gravatar.com\/avatar\/a16f1bf5b7e085c0937f91eaf260e1fc?s=96&d=mm&r=g","contentUrl":"https:\/\/secure.gravatar.com\/avatar\/a16f1bf5b7e085c0937f91eaf260e1fc?s=96&d=mm&r=g","caption":"Federico Mahiques"},"url":"https:\/\/clinicacemeq.es\/dental\/author\/marketing\/"}]}},"_links":{"self":[{"href":"https:\/\/clinicacemeq.es\/dental\/wp-json\/wp\/v2\/posts\/2032"}],"collection":[{"href":"https:\/\/clinicacemeq.es\/dental\/wp-json\/wp\/v2\/posts"}],"about":[{"href":"https:\/\/clinicacemeq.es\/dental\/wp-json\/wp\/v2\/types\/post"}],"author":[{"embeddable":true,"href":"https:\/\/clinicacemeq.es\/dental\/wp-json\/wp\/v2\/users\/6"}],"replies":[{"embeddable":true,"href":"https:\/\/clinicacemeq.es\/dental\/wp-json\/wp\/v2\/comments?post=2032"}],"version-history":[{"count":2,"href":"https:\/\/clinicacemeq.es\/dental\/wp-json\/wp\/v2\/posts\/2032\/revisions"}],"predecessor-version":[{"id":10908,"href":"https:\/\/clinicacemeq.es\/dental\/wp-json\/wp\/v2\/posts\/2032\/revisions\/10908"}],"wp:featuredmedia":[{"embeddable":true,"href":"https:\/\/clinicacemeq.es\/dental\/wp-json\/wp\/v2\/media\/2002"}],"wp:attachment":[{"href":"https:\/\/clinicacemeq.es\/dental\/wp-json\/wp\/v2\/media?parent=2032"}],"wp:term":[{"taxonomy":"category","embeddable":true,"href":"https:\/\/clinicacemeq.es\/dental\/wp-json\/wp\/v2\/categories?post=2032"},{"taxonomy":"post_tag","embeddable":true,"href":"https:\/\/clinicacemeq.es\/dental\/wp-json\/wp\/v2\/tags?post=2032"}],"curies":[{"name":"wp","href":"https:\/\/api.w.org\/{rel}","templated":true}]}}