{"id":11033,"date":"2023-02-28T21:15:01","date_gmt":"2023-02-28T21:15:01","guid":{"rendered":"https:\/\/clinicacemeq.es\/dental\/?p=11033"},"modified":"2024-06-05T11:51:35","modified_gmt":"2024-06-05T11:51:35","slug":"que-pasa-si-me-faltan-piezas-dentales","status":"publish","type":"post","link":"https:\/\/clinicacemeq.es\/dental\/2023\/02\/28\/que-pasa-si-me-faltan-piezas-dentales\/","title":{"rendered":"\u00bfQu\u00e9 pasa si me faltan dientes?"},"content":{"rendered":"\n\n<div class=\"kk-star-ratings kksr-auto kksr-align-left kksr-valign-top\"\n    data-payload='{&quot;align&quot;:&quot;left&quot;,&quot;id&quot;:&quot;11033&quot;,&quot;slug&quot;:&quot;default&quot;,&quot;valign&quot;:&quot;top&quot;,&quot;ignore&quot;:&quot;&quot;,&quot;reference&quot;:&quot;auto&quot;,&quot;class&quot;:&quot;&quot;,&quot;count&quot;:&quot;0&quot;,&quot;legendonly&quot;:&quot;&quot;,&quot;readonly&quot;:&quot;&quot;,&quot;score&quot;:&quot;0&quot;,&quot;starsonly&quot;:&quot;&quot;,&quot;best&quot;:&quot;5&quot;,&quot;gap&quot;:&quot;5&quot;,&quot;greet&quot;:&quot;Valora esta publicaci\u00f3n \ud83d\ude09&quot;,&quot;legend&quot;:&quot;0\\\/5 - (0 votos)&quot;,&quot;size&quot;:&quot;24&quot;,&quot;title&quot;:&quot;\u00bfQu\u00e9 pasa si me faltan dientes?&quot;,&quot;width&quot;:&quot;0&quot;,&quot;_legend&quot;:&quot;{score}\\\/{best} - ({count} {votes})&quot;,&quot;font_factor&quot;:&quot;1.25&quot;}'>\n            \n<div class=\"kksr-stars\">\n    \n<div class=\"kksr-stars-inactive\">\n            <div class=\"kksr-star\" data-star=\"1\" style=\"padding-right: 5px\">\n            \n\n<div class=\"kksr-icon\" style=\"width: 24px; height: 24px;\"><\/div>\n        <\/div>\n            <div class=\"kksr-star\" data-star=\"2\" style=\"padding-right: 5px\">\n            \n\n<div class=\"kksr-icon\" style=\"width: 24px; height: 24px;\"><\/div>\n        <\/div>\n            <div class=\"kksr-star\" data-star=\"3\" style=\"padding-right: 5px\">\n            \n\n<div class=\"kksr-icon\" style=\"width: 24px; height: 24px;\"><\/div>\n        <\/div>\n            <div class=\"kksr-star\" data-star=\"4\" style=\"padding-right: 5px\">\n            \n\n<div class=\"kksr-icon\" style=\"width: 24px; height: 24px;\"><\/div>\n        <\/div>\n            <div class=\"kksr-star\" data-star=\"5\" style=\"padding-right: 5px\">\n            \n\n<div class=\"kksr-icon\" style=\"width: 24px; height: 24px;\"><\/div>\n        <\/div>\n    <\/div>\n    \n<div class=\"kksr-stars-active\" style=\"width: 0px;\">\n            <div class=\"kksr-star\" style=\"padding-right: 5px\">\n            \n\n<div class=\"kksr-icon\" style=\"width: 24px; height: 24px;\"><\/div>\n        <\/div>\n            <div class=\"kksr-star\" style=\"padding-right: 5px\">\n            \n\n<div class=\"kksr-icon\" style=\"width: 24px; height: 24px;\"><\/div>\n        <\/div>\n            <div class=\"kksr-star\" style=\"padding-right: 5px\">\n            \n\n<div class=\"kksr-icon\" style=\"width: 24px; height: 24px;\"><\/div>\n        <\/div>\n            <div class=\"kksr-star\" style=\"padding-right: 5px\">\n            \n\n<div class=\"kksr-icon\" style=\"width: 24px; height: 24px;\"><\/div>\n        <\/div>\n            <div class=\"kksr-star\" style=\"padding-right: 5px\">\n            \n\n<div class=\"kksr-icon\" style=\"width: 24px; height: 24px;\"><\/div>\n        <\/div>\n    <\/div>\n<\/div>\n                \n\n<div class=\"kksr-legend\" style=\"font-size: 19.2px;\">\n            <span class=\"kksr-muted\">Valora esta publicaci\u00f3n \ud83d\ude09<\/span>\n    <\/div>\n    <\/div>\n<p><span style=\"font-weight: 400;\">\u00bf<\/span>Est\u00e1s sufriendo las consecuencias de la falta de dientes? Sin duda, la ausencia de piezas dentales es uno de los problemas m\u00e1s graves que pueden ocurrir en nuestra boca. La falta de dientes provoca problemas <strong>no solo est\u00e9ticos y funcionales, sino que tambi\u00e9n puede afectar a nuestra salud mental.<\/strong>\u00a0 Las personas que lo sufren no pueden sonre\u00edr con naturalidad, lo que les lleva a situaciones de estr\u00e9s, ansiedad y falta de autoestima. En el siguiente art\u00edculo, os contamos las principales causas de la falta de dientes y cu\u00e1les son sus posibles soluciones. \u00a1No te lo pierdas!<\/p>\n<h2>\u00bfCu\u00e1les son las razones de la falta de dientes?<\/h2>\n<p>Aunque son las personas de avanzada edad quienes mayoritariamente sufren la falta de dientes, este problema puede llegar afectar a personas de cualquier edad, siempre. A continuaci\u00f3n, os detallamos las principales razones por las una persona suele sufrir la ausencia de alguna pieza dental.<\/p>\n<ul>\n<li><strong>Periodontitis:<\/strong> La enfermedad periodontal, gingivitis avanzadas u otras causas pueden causar una infecci\u00f3n bacteriana en el tejido gingival profundo.<\/li>\n<li><strong>Caries profundas:<\/strong> La infecci\u00f3n bacteriana que provocan las caries pueden llegar a las estructuras inferiores del diente y afectar a la ra\u00edz, afectando su estabilidad. As\u00ed que, si el diente est\u00e1 muy da\u00f1ado, no podr\u00e1 empastarse ni reconstruirse, y deber\u00e1 ser retirado.<\/li>\n<li><strong>Golpes y traumatismos:<\/strong> un golpe fuerte puede provocar que se pierden piezas dentales<\/li>\n<li><strong>Desgastes severos:<\/strong> Las personas con bruxismo que tienden a rechinar los dientes y apretar con fuerza la mand\u00edbula o que padecen problemas funcionales (oclusi\u00f3n) suelen provocar un desgaste severo en los dientes, los cuales si no son tratados, puede resultar imposible salvar las piezas dentales y haya que hacer extracciones.<\/li>\n<\/ul>\n<p>Sea cual sea la causa de la p\u00e9rdida de dientes, es importante que acudas a tu cl\u00ednica de confianza para que valoren tu caso de manera personalizada y se decida que tratamiento es el id\u00f3neo.<\/p>\n<h2>\u00bfQu\u00e9 consecuencias supone la falta de piezas dentales?<\/h2>\n<p>Tal y como hemos adelantado, la falta de piezas dentales supone una serie de problemas al paciente, tanto funcionales y de salud como est\u00e9ticos y psicol\u00f3gicos:<\/p>\n<h3>Consecuencias funcionales<\/h3>\n<ul>\n<li><strong>Problemas de fonaci\u00f3n:<\/strong> Dificultad a la hora de hablar y pronunciar correctamente algunos fonemas o sonidos.<\/li>\n<li><strong>Dificultades en la masticaci\u00f3n:<\/strong> La falta de una o varias piezas dentales dificulta la masticaci\u00f3n, siendo inc\u00f3modo comer alimentos s\u00f3lidos. Tambi\u00e9n, al no triturar bien los alimentos, se producen problemas digestivos. Adem\u00e1s, se suele producir un mayor desgaste en la zona donde no faltan dientes.<\/li>\n<li><strong>Movilidad dental<\/strong>: Cuando se pierde una pieza dental y no se sustituye a tiempo con un implante dental, se produce la p\u00e9rdida de hueso en el maxilar. Con el tiempo, los dientes de alrededor s\u00e9 inclinar\u00e1n para ocupar su espacio. Esto provocar\u00e1 que se tuerzan, afectando directamente la est\u00e9tica de la sonrisa. Tambi\u00e9n podr\u00eda provocar molestias al estar mal colocados, provocando tambi\u00e9n un mayor desgaste al masticar. Con el tiempo, unos dientes torcidos suelen tener tambi\u00e9n problemas de anclaje. Al estar torcidos, la ra\u00edz tambi\u00e9n se mover\u00e1 y podr\u00edan estar demasiado sueltos, por lo que pueden acabar cayendo tambi\u00e9n.<\/li>\n<\/ul>\n<h3>Consecuencias relacionadas con la est\u00e9tica<\/h3>\n<p>La falta de dientes afecta directamente a nuestra sonrisa y a nuestra autoestima, ya que, nos impide sonre\u00edr con naturalidad.\u00a0 Adem\u00e1s, una dentadura a la que le faltan piezas puede modificar nuestros rasgos faciales.\u00a0 A mayor n\u00famero de dientes perdidos sin sustituir, m\u00e1s arrugas y l\u00edneas de expresi\u00f3n se formar\u00e1n provocando un<strong> envejecimiento prematuro del rostro<\/strong>.<\/p>\n<h3>Consecuencias psicol\u00f3gicas<\/h3>\n<p>Cuando la persona que sufre la falta de dientes no puede sonre\u00edr con total normalidad, pueden surgir miedos e inseguridades que dificulten su d\u00eda a d\u00eda y relaci\u00f3n con otras personas.<\/p>\n<h2>\u00bfQu\u00e9 soluciones existen a la falta de dientes?<\/h2>\n<p>En nuestra<strong> cl\u00ednica dental en Valencia<\/strong> damos especial importancia a la prevenci\u00f3n, la cual se puede hacer con un correcto cepillado dental, una buena alimentaci\u00f3n y visitas rutinarias al dentista.<\/p>\n<p>Si en tu caso ya sufres de falta de dientes o padeces de alguna enfermedad periodontal que pueda derivar en eso, te recomendamos acudir a nuestra <strong>cl\u00ednica dental en Valencia.<\/strong> Nuestros odont\u00f3logos ser\u00e1n los encargados de valorar tu caso de forma personalizada y recomendarte el mejor tratamiento.<\/p>\n<p>\u00bfQu\u00e9 soluci\u00f3n es la que recomendamos en la mayor\u00eda de los casos y siempre que se pueda? Los implantes dentales suelen ser nuestra primera opci\u00f3n en la mayor\u00eda de los casos.\u00a0 Este tratamiento permite devolver de manera inmediata la funcionalidad y est\u00e9tica de la boca. En ese sentido, si buscas una cl\u00ednica especializada en<strong> implantes dentales en Valencia<\/strong>. Contamos con tecnolog\u00eda de vanguardia que consigue que el proceso sea m\u00e1s r\u00e1pido y menos invasivo para el paciente, lo que se traduce en mayor confort y bienestar.<\/p>\n<p>Pese a que los implantes son nuestra primera sugerencia para tratar el problema de falta de dientes, estos no siempre es la m\u00e1s adecuada y variar\u00e1 seg\u00fan la persona. En CEMEQ estaremos encantados de asesorarte personalmente y encontrarte el mejor tratamiento para tu caso. Pincha en <a href=\"https:\/\/clinicacemeq.es\/dental\/contacto\/\"><strong>Pedir cita<\/strong><\/a>, para nosotros ser\u00e1 un placer devolverte la sonrisa.<\/p>\n","protected":false},"excerpt":{"rendered":"<p>\u00bfEst\u00e1s sufriendo las consecuencias de la falta de dientes? Sin duda, la ausencia de piezas dentales es uno de los problemas m\u00e1s graves que pueden ocurrir en nuestra boca. La falta de dientes provoca problemas no solo est\u00e9ticos y funcionales, sino que tambi\u00e9n puede afectar a nuestra salud mental.\u00a0 Las personas que lo sufren no [&#8230;]\n","protected":false},"author":6,"featured_media":11048,"comment_status":"closed","ping_status":"closed","sticky":false,"template":"","format":"standard","meta":{"footnotes":""},"categories":[1],"tags":[],"yoast_head":"<!-- This site is optimized with the Yoast SEO Premium plugin v18.3 (Yoast SEO v22.7) - https:\/\/yoast.com\/wordpress\/plugins\/seo\/ -->\n<title>\u00bfQu\u00e9 pasa si me faltan dientes? &#8902; Cl\u00ednica Dental CEMEQ<\/title>\n<meta name=\"description\" content=\"La falta de dientes provoca graves problemas no solo est\u00e9ticos y funcionales, sino tambi\u00e9n puede afectar nuestra salud mental.\" \/>\n<meta name=\"robots\" content=\"index, follow, max-snippet:-1, max-image-preview:large, max-video-preview:-1\" \/>\n<link rel=\"canonical\" href=\"https:\/\/clinicacemeq.es\/dental\/2023\/02\/28\/que-pasa-si-me-faltan-piezas-dentales\/\" \/>\n<meta property=\"og:locale\" content=\"es_ES\" \/>\n<meta property=\"og:type\" content=\"article\" \/>\n<meta property=\"og:title\" content=\"\u00bfQu\u00e9 pasa si me faltan dientes?\" \/>\n<meta property=\"og:description\" content=\"La falta de dientes provoca graves problemas no solo est\u00e9ticos y funcionales, sino tambi\u00e9n puede afectar nuestra salud mental.\" \/>\n<meta property=\"og:url\" content=\"https:\/\/clinicacemeq.es\/dental\/2023\/02\/28\/que-pasa-si-me-faltan-piezas-dentales\/\" \/>\n<meta property=\"og:site_name\" content=\"Cl\u00ednica Dental CEMEQ\" \/>\n<meta property=\"article:published_time\" content=\"2023-02-28T21:15:01+00:00\" \/>\n<meta property=\"article:modified_time\" content=\"2024-06-05T11:51:35+00:00\" \/>\n<meta property=\"og:image\" content=\"https:\/\/clinicacemeq.es\/dental\/wp-content\/uploads\/2023\/02\/falta-dientes.jpg\" \/>\n\t<meta property=\"og:image:width\" content=\"600\" \/>\n\t<meta property=\"og:image:height\" content=\"400\" \/>\n\t<meta property=\"og:image:type\" content=\"image\/jpeg\" \/>\n<meta name=\"author\" content=\"Federico Mahiques\" \/>\n<meta name=\"twitter:card\" content=\"summary_large_image\" \/>\n<meta name=\"twitter:label1\" content=\"Escrito por\" \/>\n\t<meta name=\"twitter:data1\" content=\"Federico Mahiques\" \/>\n\t<meta name=\"twitter:label2\" content=\"Tiempo de lectura\" \/>\n\t<meta name=\"twitter:data2\" content=\"4 minutos\" \/>\n<script type=\"application\/ld+json\" class=\"yoast-schema-graph\">{\"@context\":\"https:\/\/schema.org\",\"@graph\":[{\"@type\":\"Article\",\"@id\":\"https:\/\/clinicacemeq.es\/dental\/2023\/02\/28\/que-pasa-si-me-faltan-piezas-dentales\/#article\",\"isPartOf\":{\"@id\":\"https:\/\/clinicacemeq.es\/dental\/2023\/02\/28\/que-pasa-si-me-faltan-piezas-dentales\/\"},\"author\":{\"name\":\"Federico Mahiques\",\"@id\":\"https:\/\/clinicacemeq.es\/dental\/#\/schema\/person\/c59ca45e0d40697222e3795fa6384c4d\"},\"headline\":\"\u00bfQu\u00e9 pasa si me faltan dientes?\",\"datePublished\":\"2023-02-28T21:15:01+00:00\",\"dateModified\":\"2024-06-05T11:51:35+00:00\",\"mainEntityOfPage\":{\"@id\":\"https:\/\/clinicacemeq.es\/dental\/2023\/02\/28\/que-pasa-si-me-faltan-piezas-dentales\/\"},\"wordCount\":900,\"publisher\":{\"@id\":\"https:\/\/clinicacemeq.es\/dental\/#organization\"},\"image\":{\"@id\":\"https:\/\/clinicacemeq.es\/dental\/2023\/02\/28\/que-pasa-si-me-faltan-piezas-dentales\/#primaryimage\"},\"thumbnailUrl\":\"https:\/\/clinicacemeq.es\/dental\/wp-content\/uploads\/2023\/02\/falta-dientes.jpg\",\"articleSection\":[\"Patolog\u00edas dentales\"],\"inLanguage\":\"es\"},{\"@type\":\"WebPage\",\"@id\":\"https:\/\/clinicacemeq.es\/dental\/2023\/02\/28\/que-pasa-si-me-faltan-piezas-dentales\/\",\"url\":\"https:\/\/clinicacemeq.es\/dental\/2023\/02\/28\/que-pasa-si-me-faltan-piezas-dentales\/\",\"name\":\"\u00bfQu\u00e9 pasa si me faltan dientes? &#8902; Cl\u00ednica Dental CEMEQ\",\"isPartOf\":{\"@id\":\"https:\/\/clinicacemeq.es\/dental\/#website\"},\"primaryImageOfPage\":{\"@id\":\"https:\/\/clinicacemeq.es\/dental\/2023\/02\/28\/que-pasa-si-me-faltan-piezas-dentales\/#primaryimage\"},\"image\":{\"@id\":\"https:\/\/clinicacemeq.es\/dental\/2023\/02\/28\/que-pasa-si-me-faltan-piezas-dentales\/#primaryimage\"},\"thumbnailUrl\":\"https:\/\/clinicacemeq.es\/dental\/wp-content\/uploads\/2023\/02\/falta-dientes.jpg\",\"datePublished\":\"2023-02-28T21:15:01+00:00\",\"dateModified\":\"2024-06-05T11:51:35+00:00\",\"description\":\"La falta de dientes provoca graves problemas no solo est\u00e9ticos y funcionales, sino tambi\u00e9n puede afectar nuestra salud mental.\",\"breadcrumb\":{\"@id\":\"https:\/\/clinicacemeq.es\/dental\/2023\/02\/28\/que-pasa-si-me-faltan-piezas-dentales\/#breadcrumb\"},\"inLanguage\":\"es\",\"potentialAction\":[{\"@type\":\"ReadAction\",\"target\":[\"https:\/\/clinicacemeq.es\/dental\/2023\/02\/28\/que-pasa-si-me-faltan-piezas-dentales\/\"]}]},{\"@type\":\"ImageObject\",\"inLanguage\":\"es\",\"@id\":\"https:\/\/clinicacemeq.es\/dental\/2023\/02\/28\/que-pasa-si-me-faltan-piezas-dentales\/#primaryimage\",\"url\":\"https:\/\/clinicacemeq.es\/dental\/wp-content\/uploads\/2023\/02\/falta-dientes.jpg\",\"contentUrl\":\"https:\/\/clinicacemeq.es\/dental\/wp-content\/uploads\/2023\/02\/falta-dientes.jpg\",\"width\":600,\"height\":400,\"caption\":\"Studio portrait of handsome charming guy with cute smile, raising hands and looking up with excitement, standing against gray background. Successful man thanks god for his fortune.\"},{\"@type\":\"BreadcrumbList\",\"@id\":\"https:\/\/clinicacemeq.es\/dental\/2023\/02\/28\/que-pasa-si-me-faltan-piezas-dentales\/#breadcrumb\",\"itemListElement\":[{\"@type\":\"ListItem\",\"position\":1,\"name\":\"Portada\",\"item\":\"https:\/\/clinicacemeq.es\/dental\/\"},{\"@type\":\"ListItem\",\"position\":2,\"name\":\"\u00bfQu\u00e9 pasa si me faltan dientes?\"}]},{\"@type\":\"WebSite\",\"@id\":\"https:\/\/clinicacemeq.es\/dental\/#website\",\"url\":\"https:\/\/clinicacemeq.es\/dental\/\",\"name\":\"Cl\u00ednica Dental CEMEQ\",\"description\":\"Cl\u00ednica Dental Valencia | Dentista Valencia\",\"publisher\":{\"@id\":\"https:\/\/clinicacemeq.es\/dental\/#organization\"},\"potentialAction\":[{\"@type\":\"SearchAction\",\"target\":{\"@type\":\"EntryPoint\",\"urlTemplate\":\"https:\/\/clinicacemeq.es\/dental\/?s={search_term_string}\"},\"query-input\":\"required name=search_term_string\"}],\"inLanguage\":\"es\"},{\"@type\":\"Organization\",\"@id\":\"https:\/\/clinicacemeq.es\/dental\/#organization\",\"name\":\"CEMEQ\",\"url\":\"https:\/\/clinicacemeq.es\/dental\/\",\"logo\":{\"@type\":\"ImageObject\",\"inLanguage\":\"es\",\"@id\":\"https:\/\/clinicacemeq.es\/dental\/#\/schema\/logo\/image\/\",\"url\":\"https:\/\/clinicacemeq.es\/dental\/wp-content\/uploads\/2021\/07\/LOGO-WEB-1024x631-1.jpeg\",\"contentUrl\":\"https:\/\/clinicacemeq.es\/dental\/wp-content\/uploads\/2021\/07\/LOGO-WEB-1024x631-1.jpeg\",\"width\":1024,\"height\":631,\"caption\":\"CEMEQ\"},\"image\":{\"@id\":\"https:\/\/clinicacemeq.es\/dental\/#\/schema\/logo\/image\/\"}},{\"@type\":\"Person\",\"@id\":\"https:\/\/clinicacemeq.es\/dental\/#\/schema\/person\/c59ca45e0d40697222e3795fa6384c4d\",\"name\":\"Federico Mahiques\",\"image\":{\"@type\":\"ImageObject\",\"inLanguage\":\"es\",\"@id\":\"https:\/\/clinicacemeq.es\/dental\/#\/schema\/person\/image\/\",\"url\":\"https:\/\/secure.gravatar.com\/avatar\/a16f1bf5b7e085c0937f91eaf260e1fc?s=96&d=mm&r=g\",\"contentUrl\":\"https:\/\/secure.gravatar.com\/avatar\/a16f1bf5b7e085c0937f91eaf260e1fc?s=96&d=mm&r=g\",\"caption\":\"Federico Mahiques\"},\"url\":\"https:\/\/clinicacemeq.es\/dental\/author\/marketing\/\"}]}<\/script>\n<!-- \/ Yoast SEO Premium plugin. -->","yoast_head_json":{"title":"\u00bfQu\u00e9 pasa si me faltan dientes? &#8902; Cl\u00ednica Dental CEMEQ","description":"La falta de dientes provoca graves problemas no solo est\u00e9ticos y funcionales, sino tambi\u00e9n puede afectar nuestra salud mental.","robots":{"index":"index","follow":"follow","max-snippet":"max-snippet:-1","max-image-preview":"max-image-preview:large","max-video-preview":"max-video-preview:-1"},"canonical":"https:\/\/clinicacemeq.es\/dental\/2023\/02\/28\/que-pasa-si-me-faltan-piezas-dentales\/","og_locale":"es_ES","og_type":"article","og_title":"\u00bfQu\u00e9 pasa si me faltan dientes?","og_description":"La falta de dientes provoca graves problemas no solo est\u00e9ticos y funcionales, sino tambi\u00e9n puede afectar nuestra salud mental.","og_url":"https:\/\/clinicacemeq.es\/dental\/2023\/02\/28\/que-pasa-si-me-faltan-piezas-dentales\/","og_site_name":"Cl\u00ednica Dental CEMEQ","article_published_time":"2023-02-28T21:15:01+00:00","article_modified_time":"2024-06-05T11:51:35+00:00","og_image":[{"width":600,"height":400,"url":"https:\/\/clinicacemeq.es\/dental\/wp-content\/uploads\/2023\/02\/falta-dientes.jpg","type":"image\/jpeg"}],"author":"Federico Mahiques","twitter_card":"summary_large_image","twitter_misc":{"Escrito por":"Federico Mahiques","Tiempo de lectura":"4 minutos"},"schema":{"@context":"https:\/\/schema.org","@graph":[{"@type":"Article","@id":"https:\/\/clinicacemeq.es\/dental\/2023\/02\/28\/que-pasa-si-me-faltan-piezas-dentales\/#article","isPartOf":{"@id":"https:\/\/clinicacemeq.es\/dental\/2023\/02\/28\/que-pasa-si-me-faltan-piezas-dentales\/"},"author":{"name":"Federico Mahiques","@id":"https:\/\/clinicacemeq.es\/dental\/#\/schema\/person\/c59ca45e0d40697222e3795fa6384c4d"},"headline":"\u00bfQu\u00e9 pasa si me faltan dientes?","datePublished":"2023-02-28T21:15:01+00:00","dateModified":"2024-06-05T11:51:35+00:00","mainEntityOfPage":{"@id":"https:\/\/clinicacemeq.es\/dental\/2023\/02\/28\/que-pasa-si-me-faltan-piezas-dentales\/"},"wordCount":900,"publisher":{"@id":"https:\/\/clinicacemeq.es\/dental\/#organization"},"image":{"@id":"https:\/\/clinicacemeq.es\/dental\/2023\/02\/28\/que-pasa-si-me-faltan-piezas-dentales\/#primaryimage"},"thumbnailUrl":"https:\/\/clinicacemeq.es\/dental\/wp-content\/uploads\/2023\/02\/falta-dientes.jpg","articleSection":["Patolog\u00edas dentales"],"inLanguage":"es"},{"@type":"WebPage","@id":"https:\/\/clinicacemeq.es\/dental\/2023\/02\/28\/que-pasa-si-me-faltan-piezas-dentales\/","url":"https:\/\/clinicacemeq.es\/dental\/2023\/02\/28\/que-pasa-si-me-faltan-piezas-dentales\/","name":"\u00bfQu\u00e9 pasa si me faltan dientes? &#8902; Cl\u00ednica Dental CEMEQ","isPartOf":{"@id":"https:\/\/clinicacemeq.es\/dental\/#website"},"primaryImageOfPage":{"@id":"https:\/\/clinicacemeq.es\/dental\/2023\/02\/28\/que-pasa-si-me-faltan-piezas-dentales\/#primaryimage"},"image":{"@id":"https:\/\/clinicacemeq.es\/dental\/2023\/02\/28\/que-pasa-si-me-faltan-piezas-dentales\/#primaryimage"},"thumbnailUrl":"https:\/\/clinicacemeq.es\/dental\/wp-content\/uploads\/2023\/02\/falta-dientes.jpg","datePublished":"2023-02-28T21:15:01+00:00","dateModified":"2024-06-05T11:51:35+00:00","description":"La falta de dientes provoca graves problemas no solo est\u00e9ticos y funcionales, sino tambi\u00e9n puede afectar nuestra salud mental.","breadcrumb":{"@id":"https:\/\/clinicacemeq.es\/dental\/2023\/02\/28\/que-pasa-si-me-faltan-piezas-dentales\/#breadcrumb"},"inLanguage":"es","potentialAction":[{"@type":"ReadAction","target":["https:\/\/clinicacemeq.es\/dental\/2023\/02\/28\/que-pasa-si-me-faltan-piezas-dentales\/"]}]},{"@type":"ImageObject","inLanguage":"es","@id":"https:\/\/clinicacemeq.es\/dental\/2023\/02\/28\/que-pasa-si-me-faltan-piezas-dentales\/#primaryimage","url":"https:\/\/clinicacemeq.es\/dental\/wp-content\/uploads\/2023\/02\/falta-dientes.jpg","contentUrl":"https:\/\/clinicacemeq.es\/dental\/wp-content\/uploads\/2023\/02\/falta-dientes.jpg","width":600,"height":400,"caption":"Studio portrait of handsome charming guy with cute smile, raising hands and looking up with excitement, standing against gray background. Successful man thanks god for his fortune."},{"@type":"BreadcrumbList","@id":"https:\/\/clinicacemeq.es\/dental\/2023\/02\/28\/que-pasa-si-me-faltan-piezas-dentales\/#breadcrumb","itemListElement":[{"@type":"ListItem","position":1,"name":"Portada","item":"https:\/\/clinicacemeq.es\/dental\/"},{"@type":"ListItem","position":2,"name":"\u00bfQu\u00e9 pasa si me faltan dientes?"}]},{"@type":"WebSite","@id":"https:\/\/clinicacemeq.es\/dental\/#website","url":"https:\/\/clinicacemeq.es\/dental\/","name":"Cl\u00ednica Dental CEMEQ","description":"Cl\u00ednica Dental Valencia | Dentista Valencia","publisher":{"@id":"https:\/\/clinicacemeq.es\/dental\/#organization"},"potentialAction":[{"@type":"SearchAction","target":{"@type":"EntryPoint","urlTemplate":"https:\/\/clinicacemeq.es\/dental\/?s={search_term_string}"},"query-input":"required name=search_term_string"}],"inLanguage":"es"},{"@type":"Organization","@id":"https:\/\/clinicacemeq.es\/dental\/#organization","name":"CEMEQ","url":"https:\/\/clinicacemeq.es\/dental\/","logo":{"@type":"ImageObject","inLanguage":"es","@id":"https:\/\/clinicacemeq.es\/dental\/#\/schema\/logo\/image\/","url":"https:\/\/clinicacemeq.es\/dental\/wp-content\/uploads\/2021\/07\/LOGO-WEB-1024x631-1.jpeg","contentUrl":"https:\/\/clinicacemeq.es\/dental\/wp-content\/uploads\/2021\/07\/LOGO-WEB-1024x631-1.jpeg","width":1024,"height":631,"caption":"CEMEQ"},"image":{"@id":"https:\/\/clinicacemeq.es\/dental\/#\/schema\/logo\/image\/"}},{"@type":"Person","@id":"https:\/\/clinicacemeq.es\/dental\/#\/schema\/person\/c59ca45e0d40697222e3795fa6384c4d","name":"Federico Mahiques","image":{"@type":"ImageObject","inLanguage":"es","@id":"https:\/\/clinicacemeq.es\/dental\/#\/schema\/person\/image\/","url":"https:\/\/secure.gravatar.com\/avatar\/a16f1bf5b7e085c0937f91eaf260e1fc?s=96&d=mm&r=g","contentUrl":"https:\/\/secure.gravatar.com\/avatar\/a16f1bf5b7e085c0937f91eaf260e1fc?s=96&d=mm&r=g","caption":"Federico Mahiques"},"url":"https:\/\/clinicacemeq.es\/dental\/author\/marketing\/"}]}},"_links":{"self":[{"href":"https:\/\/clinicacemeq.es\/dental\/wp-json\/wp\/v2\/posts\/11033"}],"collection":[{"href":"https:\/\/clinicacemeq.es\/dental\/wp-json\/wp\/v2\/posts"}],"about":[{"href":"https:\/\/clinicacemeq.es\/dental\/wp-json\/wp\/v2\/types\/post"}],"author":[{"embeddable":true,"href":"https:\/\/clinicacemeq.es\/dental\/wp-json\/wp\/v2\/users\/6"}],"replies":[{"embeddable":true,"href":"https:\/\/clinicacemeq.es\/dental\/wp-json\/wp\/v2\/comments?post=11033"}],"version-history":[{"count":7,"href":"https:\/\/clinicacemeq.es\/dental\/wp-json\/wp\/v2\/posts\/11033\/revisions"}],"predecessor-version":[{"id":11227,"href":"https:\/\/clinicacemeq.es\/dental\/wp-json\/wp\/v2\/posts\/11033\/revisions\/11227"}],"wp:featuredmedia":[{"embeddable":true,"href":"https:\/\/clinicacemeq.es\/dental\/wp-json\/wp\/v2\/media\/11048"}],"wp:attachment":[{"href":"https:\/\/clinicacemeq.es\/dental\/wp-json\/wp\/v2\/media?parent=11033"}],"wp:term":[{"taxonomy":"category","embeddable":true,"href":"https:\/\/clinicacemeq.es\/dental\/wp-json\/wp\/v2\/categories?post=11033"},{"taxonomy":"post_tag","embeddable":true,"href":"https:\/\/clinicacemeq.es\/dental\/wp-json\/wp\/v2\/tags?post=11033"}],"curies":[{"name":"wp","href":"https:\/\/api.w.org\/{rel}","templated":true}]}}