{"id":10266,"date":"2023-01-26T10:18:58","date_gmt":"2023-01-26T10:18:58","guid":{"rendered":"https:\/\/clinicacemeq.es\/dental\/?p=10266"},"modified":"2024-09-09T11:12:41","modified_gmt":"2024-09-09T11:12:41","slug":"brackets-invisibles-o-tradicionales","status":"publish","type":"post","link":"https:\/\/clinicacemeq.es\/dental\/2023\/01\/26\/brackets-invisibles-o-tradicionales\/","title":{"rendered":"\u00bfBrackets invisibles o tradicionales?"},"content":{"rendered":"\n\n<div class=\"kk-star-ratings kksr-auto kksr-align-left kksr-valign-top\"\n    data-payload='{&quot;align&quot;:&quot;left&quot;,&quot;id&quot;:&quot;10266&quot;,&quot;slug&quot;:&quot;default&quot;,&quot;valign&quot;:&quot;top&quot;,&quot;ignore&quot;:&quot;&quot;,&quot;reference&quot;:&quot;auto&quot;,&quot;class&quot;:&quot;&quot;,&quot;count&quot;:&quot;0&quot;,&quot;legendonly&quot;:&quot;&quot;,&quot;readonly&quot;:&quot;&quot;,&quot;score&quot;:&quot;0&quot;,&quot;starsonly&quot;:&quot;&quot;,&quot;best&quot;:&quot;5&quot;,&quot;gap&quot;:&quot;5&quot;,&quot;greet&quot;:&quot;Valora esta publicaci\u00f3n \ud83d\ude09&quot;,&quot;legend&quot;:&quot;0\\\/5 - (0 votos)&quot;,&quot;size&quot;:&quot;24&quot;,&quot;title&quot;:&quot;\u00bfBrackets invisibles o tradicionales?&quot;,&quot;width&quot;:&quot;0&quot;,&quot;_legend&quot;:&quot;{score}\\\/{best} - ({count} {votes})&quot;,&quot;font_factor&quot;:&quot;1.25&quot;}'>\n            \n<div class=\"kksr-stars\">\n    \n<div class=\"kksr-stars-inactive\">\n            <div class=\"kksr-star\" data-star=\"1\" style=\"padding-right: 5px\">\n            \n\n<div class=\"kksr-icon\" style=\"width: 24px; height: 24px;\"><\/div>\n        <\/div>\n            <div class=\"kksr-star\" data-star=\"2\" style=\"padding-right: 5px\">\n            \n\n<div class=\"kksr-icon\" style=\"width: 24px; height: 24px;\"><\/div>\n        <\/div>\n            <div class=\"kksr-star\" data-star=\"3\" style=\"padding-right: 5px\">\n            \n\n<div class=\"kksr-icon\" style=\"width: 24px; height: 24px;\"><\/div>\n        <\/div>\n            <div class=\"kksr-star\" data-star=\"4\" style=\"padding-right: 5px\">\n            \n\n<div class=\"kksr-icon\" style=\"width: 24px; height: 24px;\"><\/div>\n        <\/div>\n            <div class=\"kksr-star\" data-star=\"5\" style=\"padding-right: 5px\">\n            \n\n<div class=\"kksr-icon\" style=\"width: 24px; height: 24px;\"><\/div>\n        <\/div>\n    <\/div>\n    \n<div class=\"kksr-stars-active\" style=\"width: 0px;\">\n            <div class=\"kksr-star\" style=\"padding-right: 5px\">\n            \n\n<div class=\"kksr-icon\" style=\"width: 24px; height: 24px;\"><\/div>\n        <\/div>\n            <div class=\"kksr-star\" style=\"padding-right: 5px\">\n            \n\n<div class=\"kksr-icon\" style=\"width: 24px; height: 24px;\"><\/div>\n        <\/div>\n            <div class=\"kksr-star\" style=\"padding-right: 5px\">\n            \n\n<div class=\"kksr-icon\" style=\"width: 24px; height: 24px;\"><\/div>\n        <\/div>\n            <div class=\"kksr-star\" style=\"padding-right: 5px\">\n            \n\n<div class=\"kksr-icon\" style=\"width: 24px; height: 24px;\"><\/div>\n        <\/div>\n            <div class=\"kksr-star\" style=\"padding-right: 5px\">\n            \n\n<div class=\"kksr-icon\" style=\"width: 24px; height: 24px;\"><\/div>\n        <\/div>\n    <\/div>\n<\/div>\n                \n\n<div class=\"kksr-legend\" style=\"font-size: 19.2px;\">\n            <span class=\"kksr-muted\">Valora esta publicaci\u00f3n \ud83d\ude09<\/span>\n    <\/div>\n    <\/div>\n<p>\u00bfQuieres volver a sonre\u00edr sin ning\u00fan tipo de complejo? Con los<strong> brackets invisibles<\/strong> podr\u00e1s conseguirlo. En el siguiente post, te contamos las principales diferencias entre los alineadores invisibles y la ortodoncia tradicional y el porqu\u00e9 debes acudir a nuestro <strong>ortodoncista en Valencia.<\/strong> Sigue leyendo.<\/p>\n<h2>Brackets invisibles u ortodoncia tradicional: \u00bfCu\u00e1l es mejor?<\/h2>\n<p>Son muchos los pacientes que acuden a nuestra cl\u00ednica buscando una soluci\u00f3n a sus problemas dentales. En CEMEQ contamos con los brackets tradicionales y los <a href=\"https:\/\/clinicacemeq.es\/dental\/2022\/10\/07\/brakets-invisibles-que-son-y-como-funcionan\/\"><strong>brackets invisibles<\/strong><\/a> ambos tratamientos son efectivos, dependiendo de las necesidades del paciente. Los <strong>alineadores invisibles<\/strong> est\u00e1n enfocados en pacientes con altas expectativas est\u00e9ticas y casos de api\u00f1amiento o separaci\u00f3n m\u00e1s leves o moderados. Los brackets tradicionales est\u00e1n destinados a solucionar cualquier tipo de alineaci\u00f3n incorrecta en los dientes y en casos m\u00e1s complejos. Gracias a nuestra \u00faltima tecnolog\u00eda, el tratamiento de <strong><a href=\"\/dental\/ortodoncia-invisible\/\">brackets invisibles<\/a><\/strong> est\u00e1 avanzado muy r\u00e1pido y pronto podr\u00e1 solucionar cualquier tipo de problemas; desde los <strong>m\u00e1s leves hasta los m\u00e1s complicados.<\/strong><\/p>\n<h2>Brackets invisibles vs tradicionales<\/h2>\n<p>En nuestra<a href=\"https:\/\/clinicacemeq.es\/dental\/\"><strong> cl\u00ednica dental Valencia<\/strong> <\/a>contamos con nuestra <a href=\"https:\/\/clinicacemeq.es\/dental\/2022\/10\/07\/brakets-invisibles-que-son-y-como-funcionan\/\"><strong>ortodoncista en Valencia<\/strong><\/a> con gran experiencia en aparatos de ortodoncia. Los aparatos de ortodoncia pueden ser fijos o removibles.<br \/>\nLos aparatos fijos son los dispositivos m\u00e1s comunes en ortodoncia. Se emplean cuando la presi\u00f3n es importante. Con los aparatos fijos se deben evitar ciertos alimentos y bebidas, mientras que los alineadores invisibles se pueden quitan para comer, beber y dormir.<\/p>\n<p>Los brackets tradicionales al ser m\u00e1s voluminosos suelen notarse al hablar, en cambio, los <strong>brackets invisibles<\/strong> no se ven ni notan y puedes sonre\u00edr sin complejos.<br \/>\nOtra de las grandes diferencias entre ambos es que con los <strong>brackets invisibles<\/strong> ahorrar\u00e1s visitas a tu ortodoncista en Valencia. Llevas el tratamiento completo desde el principio, lo ir\u00e1s cambiando t\u00fa mismo cada dos semanas. Con los brackets tradicionales tendr\u00e1s que ir al menos una vez todos los meses.<\/p>\n<p>El <a href=\"https:\/\/clinicacemeq.es\/dental\/2022\/10\/07\/brakets-invisibles-que-son-y-como-funcionan\/\"><strong>precio de los alineadores invisibles<\/strong><\/a> es m\u00e1s econ\u00f3mico que la ortodoncia tradicional. Las visitas mensuales desaparecen, el material es m\u00e1s econ\u00f3mico y la duraci\u00f3n es menor.<br \/>\nLos tratamientos de ortodoncia invisible como los alineadores invisibles son m\u00e1s rotos porque tratan casos m\u00e1s leves y sin ning\u00fan tipo de complicaci\u00f3n. Por su parte, los brackets tradicionales, normalmente con mala oclusi\u00f3n, por lo que requieren m\u00e1s tiempo.<\/p>\n<p>En CEMEQ recomendamos acudir a una<a href=\"https:\/\/clinicacemeq.es\/dental\/contacto\/\"><strong> primera valoraci\u00f3n gratuita<\/strong> <\/a>con nuestro <strong>ortodoncista en Valencia<\/strong> para que sea \u00e9l quien decida qu\u00e9 tipo de tratamiento es el que mejor se adapta a tus necesidades.<\/p>\n<h2>\u00bfPor qu\u00e9 optar por los brackets invisibles?<\/h2>\n<p>A continuaci\u00f3n recopilamos las principales ventajas y beneficios de los aliados invisibles frente a la ortodoncia tradicional:<\/p>\n<ul>\n<li><strong>Comodidad:<\/strong> con los brackets invisibles podr\u00e1s decir adi\u00f3s a la incomodidad que generan la ortodoncia tradicional y podr\u00e1s retirarlos a la hora de comer, beber y dormir.<\/li>\n<li><strong>Est\u00e9tico:<\/strong> los alineadores invisibles son imperceptibles, nadie notar\u00e1 que los llevas puestos.<\/li>\n<li><strong>Removible:<\/strong> te los puedes quitar cuando lo desees.<\/li>\n<li><strong>Eficaz:<\/strong> gracias a su avanzada tecnolog\u00eda, los brackets invisibles te proporcionar\u00e1n resultados desde el primer momento.<\/li>\n<li><strong>R\u00e1pido<\/strong>: conseguir\u00e1s resultados r\u00e1pidos y visibles<\/li>\n<li><strong>A medida:<\/strong> nuestro ortodoncista en Valencia emplea tecnolog\u00eda virtual 3D que asegura que los alineadores invisibles est\u00e1n a tu medida.<\/li>\n<li><strong>Precio:<\/strong> los alineadores invisibles precio es una de sus grandes ventajas, pues es un tratamiento m\u00e1s econ\u00f3mico que la ortodoncia tradicional.<\/li>\n<li><strong>Limpieza:<\/strong> al ser removible, permite limpiarlos mucho mejor si<\/li>\n<li><strong>Mayor calidad de vida y autoestima:<\/strong> el paciente ver\u00e1 que con los brackets invisibles su calidad de vida mejora y aumenta su autoestima<\/li>\n<\/ul>\n<p>\u00bfQuieres una primera valoraci\u00f3n con nuestra ortodoncista en Valencia? <strong><a href=\"https:\/\/clinicacemeq.es\/dental\/contacto\/\">Cont\u00e1ctanos.<\/a><\/strong><\/p>\n<h3>\u00bfQu\u00e9 problemas soluciona los alineadores invisibles?<\/h3>\n<p>Entre los problemas que solucionan los<strong> brackets invisibles<\/strong> destacamos:<\/p>\n<ul>\n<li>Api\u00f1amiento dental<\/li>\n<li>Diastemas( dientes separados)<\/li>\n<li>Diferentes tipos de mordida(mordida cruzada, abierta y sobremordida)<\/li>\n<\/ul>\n<h3>\u00bfC\u00f3mo limpio mis alineadores invisibles?<\/h3>\n<p>Nuestro <strong>ortodoncista en Valencia<\/strong> da especialmente importancia al cuidado de los <strong><a href=\"https:\/\/clinicacemeq.es\/dental\/2022\/10\/07\/brakets-invisibles-que-son-y-como-funcionan\/\">brackets invisibles<\/a> <\/strong>no solo es importante tratar de mantener las fundas en buen estado, sino que debemos cuidar su higiene.<br \/>\nUn error com\u00fan de los pacientes es limpiar los dientes tras una comida y colocarse de nuevo los brackets invisibles sin haberlos limpiado previamente. La suciedad que se acumula en las fundas pasar\u00eda a nuestra boca, favoreciendo la aparici\u00f3n de enfermedades periodontales.<br \/>\nCuando los <strong>alineadores invisibles <\/strong>son retirados, es conveniente lavarlos con agua fr\u00eda y jab\u00f3n y nunca emplear pasta de dientes, pues puede afectar a su transparencia. En nuestra<strong><a href=\"https:\/\/clinicacemeq.es\/dental\/\"> cl\u00ednica dental Valencia<\/a><\/strong> recomendamos lavarlos con jab\u00f3n neutro y un cepillo de dientes para poder acceder a los peque\u00f1os rincones.<\/p>\n<p>Tampoco recomendamos el uso de enjuagues bucales para los alineadores invisibles, ya que no est\u00e1n dise\u00f1ados para su limpieza pudiendo da\u00f1arlos.<br \/>\nEstos consejos son importantes para evitar el mal sabor de boca, mal aliento y mantener una correcta higiene bucal.<\/p>\n<h3>Consejos para mantener tus brackets invisibles o alineadores invisibles<\/h3>\n<p>En nuestra cl\u00ednica dental Valencia aconsejamos que cuando vayas a comer, dormir o beber quitarte tus <a href=\"https:\/\/clinicacemeq.es\/dental\/2022\/10\/07\/brakets-invisibles-que-son-y-como-funcionan\/\"><strong>alineadores invisibles <\/strong><\/a>\u00bfPor qu\u00e9? Refrescos, otras bebidas azucaradas que llevan colorantes u otros componentes que pueden afectar a tus <strong>brackets invisibles.<\/strong> Adem\u00e1s, el caf\u00e9, vino o el t\u00e9 pueden te\u00f1ir los alineadores invisibles.<\/p>\n<p><img loading=\"lazy\" decoding=\"async\" class=\"aligncenter wp-image-10272\" src=\"https:\/\/clinicacemeq.es\/dental\/wp-content\/uploads\/2023\/01\/alineadores-invisibles-brackets-invisibles-1-280x280.jpg\" alt=\"\" width=\"290\" height=\"193\" srcset=\"https:\/\/clinicacemeq.es\/dental\/wp-content\/uploads\/2023\/01\/alineadores-invisibles-brackets-invisibles-1-600x400.jpg 600w, https:\/\/clinicacemeq.es\/dental\/wp-content\/uploads\/2023\/01\/alineadores-invisibles-brackets-invisibles-1-1200x800.jpg 1200w, https:\/\/clinicacemeq.es\/dental\/wp-content\/uploads\/2023\/01\/alineadores-invisibles-brackets-invisibles-1-768x512.jpg 768w, https:\/\/clinicacemeq.es\/dental\/wp-content\/uploads\/2023\/01\/alineadores-invisibles-brackets-invisibles-1-1536x1024.jpg 1536w, https:\/\/clinicacemeq.es\/dental\/wp-content\/uploads\/2023\/01\/alineadores-invisibles-brackets-invisibles-1-2048x1365.jpg 2048w\" sizes=\"(max-width: 290px) 100vw, 290px\" \/><\/p>\n<h2>Alineadores invisibles precio<\/h2>\n<p>Una de las preguntas m\u00e1s comunes de nuestros pacientes cuando acuden a la consulta con nuestro <strong><a href=\"\/dental\/ortodoncia-invisible\/\">ortodoncista en Valencia <\/a><\/strong>es sobre los alineadores invisibles. En la actualidad existen cl\u00ednicas de \u201cdudosa reputaci\u00f3n\u201d que ofrecen el tratamiento de <strong><a href=\"\/dental\/ortodoncia-invisible\/\">brackets invisibles<\/a><\/strong> a precios muy econ\u00f3micos e inalcanzables. Sin embargo, por experiencia podemos decir que el resultado de estas ofertas exclusivas suele ser nefasto y en muchas ocasiones termina con el enfado del paciente.\u00a0 Adem\u00e1s, el precio final acaba siendo muy superior al inicial. En CEMEQ recomendamos no dejarse guiar solo por los<strong> alineadores invisibles precio<\/strong> y tener en cuenta factores como la experiencia del equipo m\u00e9dico y de la cl\u00ednica. Otros factores que determinan los<a href=\"https:\/\/clinicacemeq.es\/dental\/ortodoncia-invisible\/\"> <strong>alineadores invisibles precio<\/strong><\/a> son:<\/p>\n<ul>\n<li>Ciudad<\/li>\n<li>Laboratorio<\/li>\n<li>Materiales empleados<\/li>\n<li>Estado bucal del paciente<\/li>\n<\/ul>\n<h3>\u00bfQu\u00e9 incluye nuestro precio de alineadores invisibles?<\/h3>\n<p>Nuestro<strong> precio de alineadores invisibles i<\/strong>ncluye:<\/p>\n<ul>\n<li>Estudio de ortodoncia completo con simulaci\u00f3n 3D<\/li>\n<li>Alineadores invisibles a medida<\/li>\n<li>Retenedores invisalign incluidos<\/li>\n<li>Citas y revisiones con nuestro ortodoncista en Valencia<\/li>\n<li>Diagn\u00f3stico completo<\/li>\n<li>Equipo m\u00e9dico especializado<\/li>\n<li>Calidad de materiales y \u00faltima tecnolog\u00eda<\/li>\n<li>Instalaciones que cumplen todos los est\u00e1ndares de calidad e higiene<\/li>\n<li>Facilidades de pago<\/li>\n<\/ul>\n<p>Para que el <strong>precio de alineadores invisibles <\/strong>no sea un problema a la hora de empezar con el tratamiento, en nuestra<strong> cl\u00ednica<\/strong> ofrecemos planes de financiaci\u00f3n adaptados.<br \/>\n<span id=\"hs-cta-wrapper-660305af-0778-4729-be6b-a94b1d2c72c6\" class=\"hs-cta-wrapper\"><span id=\"hs-cta-660305af-0778-4729-be6b-a94b1d2c72c6\" class=\"hs-cta-node hs-cta-660305af-0778-4729-be6b-a94b1d2c72c6\"><a href=\"https:\/\/clinicacemeq.es\/dental\/ortodoncia-lp\/\" target=\"_blank\" rel=\"noopener\"><img loading=\"lazy\" decoding=\"async\" id=\"hs-cta-img-660305af-0778-4729-be6b-a94b1d2c72c6\" class=\"hs-cta-img aligncenter\" style=\"border-width: 0px;\" src=\"https:\/\/hubspot-no-cache-eu1-prod.s3.amazonaws.com\/cta\/default\/25939375\/660305af-0778-4729-be6b-a94b1d2c72c6.png\" alt=\"Consigue la mejor versi\u00f3n de tu sonrisa\" width=\"663\" height=\"199\" \/><\/a><\/span><\/span><\/p>\n<h2>CEMEQ: Tu ortodoncista en Valencia<\/h2>\n<p>Ahora que ya conoces las ventajas de los<strong> brackets invisibles<\/strong>, acude a nuestra <a href=\"https:\/\/clinicacemeq.es\/dental\/\"><strong>cl\u00ednica dental Valencia,<\/strong><\/a> en ella, nuestro <strong>ortodoncista en Valencia<\/strong> te realizar\u00e1 un tratamiento 100% personalizado acorde a tus necesidades. Pide tu cita. No te arrepentir\u00e1s.<\/p>\n","protected":false},"excerpt":{"rendered":"<p>\u00bfQuieres volver a sonre\u00edr sin ning\u00fan tipo de complejo? Con los brackets invisibles podr\u00e1s conseguirlo. En el siguiente post, te contamos las principales diferencias entre los alineadores invisibles y la ortodoncia tradicional y el porqu\u00e9 debes acudir a nuestro ortodoncista en Valencia. Sigue leyendo. Brackets invisibles u ortodoncia tradicional: \u00bfCu\u00e1l es mejor? Son muchos los [&#8230;]\n","protected":false},"author":6,"featured_media":10269,"comment_status":"open","ping_status":"open","sticky":false,"template":"","format":"standard","meta":{"footnotes":""},"categories":[147],"tags":[],"yoast_head":"<!-- This site is optimized with the Yoast SEO Premium plugin v18.3 (Yoast SEO v22.7) - https:\/\/yoast.com\/wordpress\/plugins\/seo\/ -->\n<title>\u00bfBrackets invisibles o tradicionales? &#8902; Cl\u00ednica Dental CEMEQ<\/title>\n<meta name=\"description\" content=\"\u00bfBuscas m\u00e1s informaci\u00f3n sobre los brackets invisibles? Acude a nuestra cl\u00ednica dental Valencia. Recupera tu sonrisa.\" \/>\n<meta name=\"robots\" content=\"index, follow, max-snippet:-1, max-image-preview:large, max-video-preview:-1\" \/>\n<link rel=\"canonical\" href=\"https:\/\/clinicacemeq.es\/dental\/2023\/01\/26\/brackets-invisibles-o-tradicionales\/\" \/>\n<meta property=\"og:locale\" content=\"es_ES\" \/>\n<meta property=\"og:type\" content=\"article\" \/>\n<meta property=\"og:title\" content=\"\u00bfBrackets invisibles o tradicionales?\" \/>\n<meta property=\"og:description\" content=\"\u00bfBuscas m\u00e1s informaci\u00f3n sobre los brackets invisibles? Acude a nuestra cl\u00ednica dental Valencia. Recupera tu sonrisa.\" \/>\n<meta property=\"og:url\" content=\"https:\/\/clinicacemeq.es\/dental\/2023\/01\/26\/brackets-invisibles-o-tradicionales\/\" \/>\n<meta property=\"og:site_name\" content=\"Cl\u00ednica Dental CEMEQ\" \/>\n<meta property=\"article:published_time\" content=\"2023-01-26T10:18:58+00:00\" \/>\n<meta property=\"article:modified_time\" content=\"2024-09-09T11:12:41+00:00\" \/>\n<meta property=\"og:image\" content=\"https:\/\/clinicacemeq.es\/dental\/wp-content\/uploads\/2023\/01\/brackets-invisibles-vs-tradicionales-scaled-e1677237241973.jpg\" \/>\n\t<meta property=\"og:image:width\" content=\"1766\" \/>\n\t<meta property=\"og:image:height\" content=\"1049\" \/>\n\t<meta property=\"og:image:type\" content=\"image\/jpeg\" \/>\n<meta name=\"author\" content=\"Federico Mahiques\" \/>\n<meta name=\"twitter:card\" content=\"summary_large_image\" \/>\n<meta name=\"twitter:label1\" content=\"Escrito por\" \/>\n\t<meta name=\"twitter:data1\" content=\"Federico Mahiques\" \/>\n\t<meta name=\"twitter:label2\" content=\"Tiempo de lectura\" \/>\n\t<meta name=\"twitter:data2\" content=\"6 minutos\" \/>\n<script type=\"application\/ld+json\" class=\"yoast-schema-graph\">{\"@context\":\"https:\/\/schema.org\",\"@graph\":[{\"@type\":\"Article\",\"@id\":\"https:\/\/clinicacemeq.es\/dental\/2023\/01\/26\/brackets-invisibles-o-tradicionales\/#article\",\"isPartOf\":{\"@id\":\"https:\/\/clinicacemeq.es\/dental\/2023\/01\/26\/brackets-invisibles-o-tradicionales\/\"},\"author\":{\"name\":\"Federico Mahiques\",\"@id\":\"https:\/\/clinicacemeq.es\/dental\/#\/schema\/person\/c59ca45e0d40697222e3795fa6384c4d\"},\"headline\":\"\u00bfBrackets invisibles o tradicionales?\",\"datePublished\":\"2023-01-26T10:18:58+00:00\",\"dateModified\":\"2024-09-09T11:12:41+00:00\",\"mainEntityOfPage\":{\"@id\":\"https:\/\/clinicacemeq.es\/dental\/2023\/01\/26\/brackets-invisibles-o-tradicionales\/\"},\"wordCount\":1181,\"commentCount\":0,\"publisher\":{\"@id\":\"https:\/\/clinicacemeq.es\/dental\/#organization\"},\"image\":{\"@id\":\"https:\/\/clinicacemeq.es\/dental\/2023\/01\/26\/brackets-invisibles-o-tradicionales\/#primaryimage\"},\"thumbnailUrl\":\"https:\/\/clinicacemeq.es\/dental\/wp-content\/uploads\/2023\/01\/brackets-invisibles-vs-tradicionales-scaled-e1677237241973.jpg\",\"articleSection\":[\"Ortodoncia\"],\"inLanguage\":\"es\",\"potentialAction\":[{\"@type\":\"CommentAction\",\"name\":\"Comment\",\"target\":[\"https:\/\/clinicacemeq.es\/dental\/2023\/01\/26\/brackets-invisibles-o-tradicionales\/#respond\"]}]},{\"@type\":\"WebPage\",\"@id\":\"https:\/\/clinicacemeq.es\/dental\/2023\/01\/26\/brackets-invisibles-o-tradicionales\/\",\"url\":\"https:\/\/clinicacemeq.es\/dental\/2023\/01\/26\/brackets-invisibles-o-tradicionales\/\",\"name\":\"\u00bfBrackets invisibles o tradicionales? &#8902; Cl\u00ednica Dental CEMEQ\",\"isPartOf\":{\"@id\":\"https:\/\/clinicacemeq.es\/dental\/#website\"},\"primaryImageOfPage\":{\"@id\":\"https:\/\/clinicacemeq.es\/dental\/2023\/01\/26\/brackets-invisibles-o-tradicionales\/#primaryimage\"},\"image\":{\"@id\":\"https:\/\/clinicacemeq.es\/dental\/2023\/01\/26\/brackets-invisibles-o-tradicionales\/#primaryimage\"},\"thumbnailUrl\":\"https:\/\/clinicacemeq.es\/dental\/wp-content\/uploads\/2023\/01\/brackets-invisibles-vs-tradicionales-scaled-e1677237241973.jpg\",\"datePublished\":\"2023-01-26T10:18:58+00:00\",\"dateModified\":\"2024-09-09T11:12:41+00:00\",\"description\":\"\u00bfBuscas m\u00e1s informaci\u00f3n sobre los brackets invisibles? Acude a nuestra cl\u00ednica dental Valencia. Recupera tu sonrisa.\",\"breadcrumb\":{\"@id\":\"https:\/\/clinicacemeq.es\/dental\/2023\/01\/26\/brackets-invisibles-o-tradicionales\/#breadcrumb\"},\"inLanguage\":\"es\",\"potentialAction\":[{\"@type\":\"ReadAction\",\"target\":[\"https:\/\/clinicacemeq.es\/dental\/2023\/01\/26\/brackets-invisibles-o-tradicionales\/\"]}]},{\"@type\":\"ImageObject\",\"inLanguage\":\"es\",\"@id\":\"https:\/\/clinicacemeq.es\/dental\/2023\/01\/26\/brackets-invisibles-o-tradicionales\/#primaryimage\",\"url\":\"https:\/\/clinicacemeq.es\/dental\/wp-content\/uploads\/2023\/01\/brackets-invisibles-vs-tradicionales-scaled-e1677237241973.jpg\",\"contentUrl\":\"https:\/\/clinicacemeq.es\/dental\/wp-content\/uploads\/2023\/01\/brackets-invisibles-vs-tradicionales-scaled-e1677237241973.jpg\",\"width\":1766,\"height\":1049,\"caption\":\"brackets invisibles vs tradicionales\"},{\"@type\":\"BreadcrumbList\",\"@id\":\"https:\/\/clinicacemeq.es\/dental\/2023\/01\/26\/brackets-invisibles-o-tradicionales\/#breadcrumb\",\"itemListElement\":[{\"@type\":\"ListItem\",\"position\":1,\"name\":\"Portada\",\"item\":\"https:\/\/clinicacemeq.es\/dental\/\"},{\"@type\":\"ListItem\",\"position\":2,\"name\":\"\u00bfBrackets invisibles o tradicionales?\"}]},{\"@type\":\"WebSite\",\"@id\":\"https:\/\/clinicacemeq.es\/dental\/#website\",\"url\":\"https:\/\/clinicacemeq.es\/dental\/\",\"name\":\"Cl\u00ednica Dental CEMEQ\",\"description\":\"Cl\u00ednica Dental Valencia | Dentista Valencia\",\"publisher\":{\"@id\":\"https:\/\/clinicacemeq.es\/dental\/#organization\"},\"potentialAction\":[{\"@type\":\"SearchAction\",\"target\":{\"@type\":\"EntryPoint\",\"urlTemplate\":\"https:\/\/clinicacemeq.es\/dental\/?s={search_term_string}\"},\"query-input\":\"required name=search_term_string\"}],\"inLanguage\":\"es\"},{\"@type\":\"Organization\",\"@id\":\"https:\/\/clinicacemeq.es\/dental\/#organization\",\"name\":\"CEMEQ\",\"url\":\"https:\/\/clinicacemeq.es\/dental\/\",\"logo\":{\"@type\":\"ImageObject\",\"inLanguage\":\"es\",\"@id\":\"https:\/\/clinicacemeq.es\/dental\/#\/schema\/logo\/image\/\",\"url\":\"https:\/\/clinicacemeq.es\/dental\/wp-content\/uploads\/2021\/07\/LOGO-WEB-1024x631-1.jpeg\",\"contentUrl\":\"https:\/\/clinicacemeq.es\/dental\/wp-content\/uploads\/2021\/07\/LOGO-WEB-1024x631-1.jpeg\",\"width\":1024,\"height\":631,\"caption\":\"CEMEQ\"},\"image\":{\"@id\":\"https:\/\/clinicacemeq.es\/dental\/#\/schema\/logo\/image\/\"}},{\"@type\":\"Person\",\"@id\":\"https:\/\/clinicacemeq.es\/dental\/#\/schema\/person\/c59ca45e0d40697222e3795fa6384c4d\",\"name\":\"Federico Mahiques\",\"image\":{\"@type\":\"ImageObject\",\"inLanguage\":\"es\",\"@id\":\"https:\/\/clinicacemeq.es\/dental\/#\/schema\/person\/image\/\",\"url\":\"https:\/\/secure.gravatar.com\/avatar\/a16f1bf5b7e085c0937f91eaf260e1fc?s=96&d=mm&r=g\",\"contentUrl\":\"https:\/\/secure.gravatar.com\/avatar\/a16f1bf5b7e085c0937f91eaf260e1fc?s=96&d=mm&r=g\",\"caption\":\"Federico Mahiques\"},\"url\":\"https:\/\/clinicacemeq.es\/dental\/author\/marketing\/\"}]}<\/script>\n<!-- \/ Yoast SEO Premium plugin. -->","yoast_head_json":{"title":"\u00bfBrackets invisibles o tradicionales? &#8902; Cl\u00ednica Dental CEMEQ","description":"\u00bfBuscas m\u00e1s informaci\u00f3n sobre los brackets invisibles? Acude a nuestra cl\u00ednica dental Valencia. Recupera tu sonrisa.","robots":{"index":"index","follow":"follow","max-snippet":"max-snippet:-1","max-image-preview":"max-image-preview:large","max-video-preview":"max-video-preview:-1"},"canonical":"https:\/\/clinicacemeq.es\/dental\/2023\/01\/26\/brackets-invisibles-o-tradicionales\/","og_locale":"es_ES","og_type":"article","og_title":"\u00bfBrackets invisibles o tradicionales?","og_description":"\u00bfBuscas m\u00e1s informaci\u00f3n sobre los brackets invisibles? Acude a nuestra cl\u00ednica dental Valencia. Recupera tu sonrisa.","og_url":"https:\/\/clinicacemeq.es\/dental\/2023\/01\/26\/brackets-invisibles-o-tradicionales\/","og_site_name":"Cl\u00ednica Dental CEMEQ","article_published_time":"2023-01-26T10:18:58+00:00","article_modified_time":"2024-09-09T11:12:41+00:00","og_image":[{"width":1766,"height":1049,"url":"https:\/\/clinicacemeq.es\/dental\/wp-content\/uploads\/2023\/01\/brackets-invisibles-vs-tradicionales-scaled-e1677237241973.jpg","type":"image\/jpeg"}],"author":"Federico Mahiques","twitter_card":"summary_large_image","twitter_misc":{"Escrito por":"Federico Mahiques","Tiempo de lectura":"6 minutos"},"schema":{"@context":"https:\/\/schema.org","@graph":[{"@type":"Article","@id":"https:\/\/clinicacemeq.es\/dental\/2023\/01\/26\/brackets-invisibles-o-tradicionales\/#article","isPartOf":{"@id":"https:\/\/clinicacemeq.es\/dental\/2023\/01\/26\/brackets-invisibles-o-tradicionales\/"},"author":{"name":"Federico Mahiques","@id":"https:\/\/clinicacemeq.es\/dental\/#\/schema\/person\/c59ca45e0d40697222e3795fa6384c4d"},"headline":"\u00bfBrackets invisibles o tradicionales?","datePublished":"2023-01-26T10:18:58+00:00","dateModified":"2024-09-09T11:12:41+00:00","mainEntityOfPage":{"@id":"https:\/\/clinicacemeq.es\/dental\/2023\/01\/26\/brackets-invisibles-o-tradicionales\/"},"wordCount":1181,"commentCount":0,"publisher":{"@id":"https:\/\/clinicacemeq.es\/dental\/#organization"},"image":{"@id":"https:\/\/clinicacemeq.es\/dental\/2023\/01\/26\/brackets-invisibles-o-tradicionales\/#primaryimage"},"thumbnailUrl":"https:\/\/clinicacemeq.es\/dental\/wp-content\/uploads\/2023\/01\/brackets-invisibles-vs-tradicionales-scaled-e1677237241973.jpg","articleSection":["Ortodoncia"],"inLanguage":"es","potentialAction":[{"@type":"CommentAction","name":"Comment","target":["https:\/\/clinicacemeq.es\/dental\/2023\/01\/26\/brackets-invisibles-o-tradicionales\/#respond"]}]},{"@type":"WebPage","@id":"https:\/\/clinicacemeq.es\/dental\/2023\/01\/26\/brackets-invisibles-o-tradicionales\/","url":"https:\/\/clinicacemeq.es\/dental\/2023\/01\/26\/brackets-invisibles-o-tradicionales\/","name":"\u00bfBrackets invisibles o tradicionales? &#8902; Cl\u00ednica Dental CEMEQ","isPartOf":{"@id":"https:\/\/clinicacemeq.es\/dental\/#website"},"primaryImageOfPage":{"@id":"https:\/\/clinicacemeq.es\/dental\/2023\/01\/26\/brackets-invisibles-o-tradicionales\/#primaryimage"},"image":{"@id":"https:\/\/clinicacemeq.es\/dental\/2023\/01\/26\/brackets-invisibles-o-tradicionales\/#primaryimage"},"thumbnailUrl":"https:\/\/clinicacemeq.es\/dental\/wp-content\/uploads\/2023\/01\/brackets-invisibles-vs-tradicionales-scaled-e1677237241973.jpg","datePublished":"2023-01-26T10:18:58+00:00","dateModified":"2024-09-09T11:12:41+00:00","description":"\u00bfBuscas m\u00e1s informaci\u00f3n sobre los brackets invisibles? Acude a nuestra cl\u00ednica dental Valencia. Recupera tu sonrisa.","breadcrumb":{"@id":"https:\/\/clinicacemeq.es\/dental\/2023\/01\/26\/brackets-invisibles-o-tradicionales\/#breadcrumb"},"inLanguage":"es","potentialAction":[{"@type":"ReadAction","target":["https:\/\/clinicacemeq.es\/dental\/2023\/01\/26\/brackets-invisibles-o-tradicionales\/"]}]},{"@type":"ImageObject","inLanguage":"es","@id":"https:\/\/clinicacemeq.es\/dental\/2023\/01\/26\/brackets-invisibles-o-tradicionales\/#primaryimage","url":"https:\/\/clinicacemeq.es\/dental\/wp-content\/uploads\/2023\/01\/brackets-invisibles-vs-tradicionales-scaled-e1677237241973.jpg","contentUrl":"https:\/\/clinicacemeq.es\/dental\/wp-content\/uploads\/2023\/01\/brackets-invisibles-vs-tradicionales-scaled-e1677237241973.jpg","width":1766,"height":1049,"caption":"brackets invisibles vs tradicionales"},{"@type":"BreadcrumbList","@id":"https:\/\/clinicacemeq.es\/dental\/2023\/01\/26\/brackets-invisibles-o-tradicionales\/#breadcrumb","itemListElement":[{"@type":"ListItem","position":1,"name":"Portada","item":"https:\/\/clinicacemeq.es\/dental\/"},{"@type":"ListItem","position":2,"name":"\u00bfBrackets invisibles o tradicionales?"}]},{"@type":"WebSite","@id":"https:\/\/clinicacemeq.es\/dental\/#website","url":"https:\/\/clinicacemeq.es\/dental\/","name":"Cl\u00ednica Dental CEMEQ","description":"Cl\u00ednica Dental Valencia | Dentista Valencia","publisher":{"@id":"https:\/\/clinicacemeq.es\/dental\/#organization"},"potentialAction":[{"@type":"SearchAction","target":{"@type":"EntryPoint","urlTemplate":"https:\/\/clinicacemeq.es\/dental\/?s={search_term_string}"},"query-input":"required name=search_term_string"}],"inLanguage":"es"},{"@type":"Organization","@id":"https:\/\/clinicacemeq.es\/dental\/#organization","name":"CEMEQ","url":"https:\/\/clinicacemeq.es\/dental\/","logo":{"@type":"ImageObject","inLanguage":"es","@id":"https:\/\/clinicacemeq.es\/dental\/#\/schema\/logo\/image\/","url":"https:\/\/clinicacemeq.es\/dental\/wp-content\/uploads\/2021\/07\/LOGO-WEB-1024x631-1.jpeg","contentUrl":"https:\/\/clinicacemeq.es\/dental\/wp-content\/uploads\/2021\/07\/LOGO-WEB-1024x631-1.jpeg","width":1024,"height":631,"caption":"CEMEQ"},"image":{"@id":"https:\/\/clinicacemeq.es\/dental\/#\/schema\/logo\/image\/"}},{"@type":"Person","@id":"https:\/\/clinicacemeq.es\/dental\/#\/schema\/person\/c59ca45e0d40697222e3795fa6384c4d","name":"Federico Mahiques","image":{"@type":"ImageObject","inLanguage":"es","@id":"https:\/\/clinicacemeq.es\/dental\/#\/schema\/person\/image\/","url":"https:\/\/secure.gravatar.com\/avatar\/a16f1bf5b7e085c0937f91eaf260e1fc?s=96&d=mm&r=g","contentUrl":"https:\/\/secure.gravatar.com\/avatar\/a16f1bf5b7e085c0937f91eaf260e1fc?s=96&d=mm&r=g","caption":"Federico Mahiques"},"url":"https:\/\/clinicacemeq.es\/dental\/author\/marketing\/"}]}},"_links":{"self":[{"href":"https:\/\/clinicacemeq.es\/dental\/wp-json\/wp\/v2\/posts\/10266"}],"collection":[{"href":"https:\/\/clinicacemeq.es\/dental\/wp-json\/wp\/v2\/posts"}],"about":[{"href":"https:\/\/clinicacemeq.es\/dental\/wp-json\/wp\/v2\/types\/post"}],"author":[{"embeddable":true,"href":"https:\/\/clinicacemeq.es\/dental\/wp-json\/wp\/v2\/users\/6"}],"replies":[{"embeddable":true,"href":"https:\/\/clinicacemeq.es\/dental\/wp-json\/wp\/v2\/comments?post=10266"}],"version-history":[{"count":12,"href":"https:\/\/clinicacemeq.es\/dental\/wp-json\/wp\/v2\/posts\/10266\/revisions"}],"predecessor-version":[{"id":11910,"href":"https:\/\/clinicacemeq.es\/dental\/wp-json\/wp\/v2\/posts\/10266\/revisions\/11910"}],"wp:featuredmedia":[{"embeddable":true,"href":"https:\/\/clinicacemeq.es\/dental\/wp-json\/wp\/v2\/media\/10269"}],"wp:attachment":[{"href":"https:\/\/clinicacemeq.es\/dental\/wp-json\/wp\/v2\/media?parent=10266"}],"wp:term":[{"taxonomy":"category","embeddable":true,"href":"https:\/\/clinicacemeq.es\/dental\/wp-json\/wp\/v2\/categories?post=10266"},{"taxonomy":"post_tag","embeddable":true,"href":"https:\/\/clinicacemeq.es\/dental\/wp-json\/wp\/v2\/tags?post=10266"}],"curies":[{"name":"wp","href":"https:\/\/api.w.org\/{rel}","templated":true}]}}